{"id":31590,"date":"2017-11-29T13:44:17","date_gmt":"2017-11-29T13:44:17","guid":{"rendered":"https:\/\/dev.explora.cl\/atacama\/blog\/2017\/11\/29\/campamento-paleontologico-permitio-a-estudiantes-conocer-aspectos-cientificos-del-borde-costero-de-caldera\/"},"modified":"2019-05-16T03:35:44","modified_gmt":"2019-05-16T03:35:44","slug":"campamento-paleontologico-permitio-a-estudiantes-conocer-aspectos-cientificos-del-borde-costero-de-caldera","status":"publish","type":"post","link":"https:\/\/dev.explora.cl\/atacama\/campamento-paleontologico-permitio-a-estudiantes-conocer-aspectos-cientificos-del-borde-costero-de-caldera\/","title":{"rendered":"Campamento Paleontol\u00f3gico permiti\u00f3 a estudiantes conocer aspectos cient\u00edficos del borde costero de Caldera"},"content":{"rendered":"<p><strong>Un total de sesenta beneficiados entre estudiantes y profesores, participaron del Campamento Paleontol\u00f3gico Atacama; el cual se desarroll\u00f3 en la comuna de Caldera. Recorridos por la Falla Geol\u00f3gica Chorrillos, el Parque Paleontol\u00f3gico Los Dedos y una visita al mirador de El Morro, fueron parte de las excursiones que hicieron junto a destacados ge\u00f3logos de la Universidad de Atacama y expertos de la Seremi de Medio Ambiente.<\/strong><\/p>\n<p>La actividad en que participaron estudiantes y profesores de Atacama, destac\u00f3 las caracter\u00edsticas geol\u00f3gicas de la Formaci\u00f3n Bah\u00eda Inglesa y el gran patrimonio paleontol\u00f3gico de la comuna de Caldera, uno de los sitios m\u00e1s importantes en relaci\u00f3n con hallazgos f\u00f3siles a nivel nacional. Todo esto en el marco del programa de difusi\u00f3n de la \u00c1rea Marina Costera Protegida Isla Grande Atacama de la Seremi de Medio Ambiente.<\/p>\n<p>El recorrido estuvo a cargo de expertos de la Seremi de Medio Ambiente y de los ge\u00f3logos Tatiana Izquierdo y Manuel Abad, ambos acad\u00e9micos del Departamento de Geolog\u00eda de la Universidad de Atacama. Adem\u00e1s, el Museo Paleontol\u00f3gico de la comuna puerto recibi\u00f3 a los estudiantes en el Parque Paleontol\u00f3gico &#8220;Los Dedos&#8221; con una charla y recorrido a cargo de Maurice Guicharrouse y Marcela Cort\u00e9s. Tambi\u00e9n compartieron con los estudiantes los destacados expertos en \u00e1reas marinas costeras de Per\u00fa, Mariano Valverde y Jos\u00e9 Nieto.<\/p>\n<p>Sobre esta actividad el director del Proyecto Asociativo Regional PAR EXPLORA Atacama de la UDA indic\u00f3 que: &#8220;Fue todo un \u00e9xito. Estamos felices de la convocatoria, la forma en que participaron los estudiantes y todo el apoyo de las instituciones que nos colaboraron. Es de vital importancia poner en valor no solo las caracter\u00edsticas geol\u00f3gicas del \u00c1rea Isla Grande de Atacama, como asimismo, en el A\u00f1o de los Oc\u00e9anos de Explora CONICYT, los ecosistemas marinos que se desarrollaron aqu\u00ed hace millones de a\u00f1os y que nos ayudan a entender el valor de los actuales ecosistemas marinos y costeros de esta comuna&#8221;.<\/p>\n<p>Al respecto el Seremi de Medio Ambiente de Atacama, C\u00e9sar Araya, se refiri\u00f3 a la importancia de divulgar las caracter\u00edsticas de la Isla Grande Atacama: &#8220;Esta actividad logr\u00f3 el objetivo de realizar un campamento, con una intervenci\u00f3n en terreno para as\u00ed involucrar a la ciudadan\u00eda y comunidad educativa la protecci\u00f3n de nuestro patrimonio natural, el que se emplaza en el per\u00edmetro del \u00e1rea marina costera protegida Isla Grande de Atacama. Estamos muy contentos con el resultado de esta actividad&#8221;.<\/p>\n<p>La organizaci\u00f3n estuvo a cargo de PAR EXPLORA Atacama del Programa Explora de CONICYT y la UDA, la SEREMI de Medio Ambiente de Atacama y cont\u00f3 con el importante apoyo de la Ilustre Municipalidad de Caldera. En el evento adem\u00e1s se exhibi\u00f3 el documental &#8220;Caudal, escombros de memoria&#8221; que trata sobre los aluviones del 2015; y hubo una charla de la cient\u00edfica Tatiana Izquierdo, acad\u00e9mica e investigadora de la Universidad de Atacama en la asignatura de Hidrogeolog\u00eda, esto en el nuevo anfiteatro de playa Las Machas, una actividad abierta a la comunidad que recibi\u00f3 gran cantidad de asistentes.<\/p>\n<p>A la actividad asistieron ocho colegios de distintos puntos de la regi\u00f3n, los cuales pudieron conocer en terreno y con experiencias cercanas a la exploraci\u00f3n geol\u00f3gica, algunos de los aspectos m\u00e1s fascinantes de la naturaleza de la Regi\u00f3n de Atacama, poniendo en valor el \u00c1rea Marina Costera &#8220;Isla Grande de Atacama&#8221;; uno de los sitios m\u00e1s importantes en biodiversidad de la costa atacame\u00f1a.<\/p>\n<p><img loading=\"lazy\" decoding=\"async\" class=\" size-full wp-image-29190\" src=\"https:\/\/dev.explora.cl\/wp-content\/uploads\/2017\/11\/WhatsApp_Image_2017-11-25_at_7.10.07_PM_1.jpeg\" alt=\"WhatsApp Image 2017 11 25 at 7.10.07 PM 1\" width=\"1024\" height=\"768\" \/><\/p>\n<p><strong><img loading=\"lazy\" decoding=\"async\" class=\" size-full wp-image-29191\" src=\"https:\/\/dev.explora.cl\/wp-content\/uploads\/2017\/11\/Visita_Parque_Paleontol%C3%B3gico_Los_Dedos.jpeg\" alt=\"Visita Parque Paleontol\u00f3gico Los Dedos\" width=\"1024\" height=\"768\" \/>Un<\/strong><\/p>\n","protected":false},"excerpt":{"rendered":"<p>Un total de sesenta beneficiados entre estudiantes y profesores, participaron del Campamento Paleontol\u00f3gico Atacama; el cual se desarroll\u00f3 en la comuna de Caldera. Recorridos por la Falla Geol\u00f3gica Chorrillos, el Parque Paleontol\u00f3gico Los Dedos y una visita al mirador de El Morro, fueron parte de las excursiones que hicieron junto a destacados ge\u00f3logos de la [&hellip;]<\/p>\n","protected":false},"author":2,"featured_media":29189,"comment_status":"closed","ping_status":"open","sticky":false,"template":"","format":"standard","meta":{"_acf_changed":false,"_exactmetrics_skip_tracking":false,"_exactmetrics_sitenote_active":false,"_exactmetrics_sitenote_note":"","_exactmetrics_sitenote_category":0,"footnotes":"","_links_to":"","_links_to_target":""},"categories":[4],"tags":[],"class_list":["post-31590","post","type-post","status-publish","format-standard","has-post-thumbnail","hentry","category-noticias"],"acf":[],"yoast_head":"<!-- This site is optimized with the Yoast SEO plugin v26.7 - https:\/\/yoast.com\/wordpress\/plugins\/seo\/ -->\n<title>Campamento Paleontol\u00f3gico permiti\u00f3 a estudiantes conocer aspectos cient\u00edficos del borde costero de Caldera - Atacama<\/title>\n<meta name=\"robots\" content=\"index, follow, max-snippet:-1, max-image-preview:large, max-video-preview:-1\" \/>\n<link rel=\"canonical\" href=\"https:\/\/dev.explora.cl\/atacama\/campamento-paleontologico-permitio-a-estudiantes-conocer-aspectos-cientificos-del-borde-costero-de-caldera\/\" class=\"yoast-seo-meta-tag\" \/>\n<meta property=\"og:locale\" content=\"es_ES\" class=\"yoast-seo-meta-tag\" \/>\n<meta property=\"og:type\" content=\"article\" class=\"yoast-seo-meta-tag\" \/>\n<meta property=\"og:title\" content=\"Campamento Paleontol\u00f3gico permiti\u00f3 a estudiantes conocer aspectos cient\u00edficos del borde costero de Caldera - Atacama\" class=\"yoast-seo-meta-tag\" \/>\n<meta property=\"og:description\" content=\"Un total de sesenta beneficiados entre estudiantes y profesores, participaron del Campamento Paleontol\u00f3gico Atacama; el cual se desarroll\u00f3 en la comuna de Caldera. Recorridos por la Falla Geol\u00f3gica Chorrillos, el Parque Paleontol\u00f3gico Los Dedos y una visita al mirador de El Morro, fueron parte de las excursiones que hicieron junto a destacados ge\u00f3logos de la [&hellip;]\" class=\"yoast-seo-meta-tag\" \/>\n<meta property=\"og:url\" content=\"https:\/\/dev.explora.cl\/atacama\/campamento-paleontologico-permitio-a-estudiantes-conocer-aspectos-cientificos-del-borde-costero-de-caldera\/\" class=\"yoast-seo-meta-tag\" \/>\n<meta property=\"og:site_name\" content=\"Atacama\" class=\"yoast-seo-meta-tag\" \/>\n<meta property=\"article:published_time\" content=\"2017-11-29T13:44:17+00:00\" class=\"yoast-seo-meta-tag\" \/>\n<meta property=\"article:modified_time\" content=\"2019-05-16T03:35:44+00:00\" class=\"yoast-seo-meta-tag\" \/>\n<meta name=\"author\" content=\"webman\" class=\"yoast-seo-meta-tag\" \/>\n<meta name=\"twitter:card\" content=\"summary_large_image\" class=\"yoast-seo-meta-tag\" \/>\n<meta name=\"twitter:label1\" content=\"Escrito por\" class=\"yoast-seo-meta-tag\" \/>\n\t<meta name=\"twitter:data1\" content=\"webman\" class=\"yoast-seo-meta-tag\" \/>\n\t<meta name=\"twitter:label2\" content=\"Tiempo estimado de lectura\" class=\"yoast-seo-meta-tag\" \/>\n\t<meta name=\"twitter:data2\" content=\"3 minutos\" class=\"yoast-seo-meta-tag\" \/>\n<script type=\"application\/ld+json\" class=\"yoast-schema-graph\">{\"@context\":\"https:\/\/schema.org\",\"@graph\":[{\"@type\":\"Article\",\"@id\":\"https:\/\/dev.explora.cl\/atacama\/campamento-paleontologico-permitio-a-estudiantes-conocer-aspectos-cientificos-del-borde-costero-de-caldera\/#article\",\"isPartOf\":{\"@id\":\"https:\/\/dev.explora.cl\/atacama\/campamento-paleontologico-permitio-a-estudiantes-conocer-aspectos-cientificos-del-borde-costero-de-caldera\/\"},\"author\":{\"name\":\"webman\",\"@id\":\"https:\/\/dev.explora.cl\/atacama\/#\/schema\/person\/cb8349c13ea2d324080adf8480d7ba5d\"},\"headline\":\"Campamento Paleontol\u00f3gico permiti\u00f3 a estudiantes conocer aspectos cient\u00edficos del borde costero de Caldera\",\"datePublished\":\"2017-11-29T13:44:17+00:00\",\"dateModified\":\"2019-05-16T03:35:44+00:00\",\"mainEntityOfPage\":{\"@id\":\"https:\/\/dev.explora.cl\/atacama\/campamento-paleontologico-permitio-a-estudiantes-conocer-aspectos-cientificos-del-borde-costero-de-caldera\/\"},\"wordCount\":616,\"image\":{\"@id\":\"https:\/\/dev.explora.cl\/atacama\/campamento-paleontologico-permitio-a-estudiantes-conocer-aspectos-cientificos-del-borde-costero-de-caldera\/#primaryimage\"},\"thumbnailUrl\":\"\",\"articleSection\":[\"Noticias\"],\"inLanguage\":\"es-CL\"},{\"@type\":\"WebPage\",\"@id\":\"https:\/\/dev.explora.cl\/atacama\/campamento-paleontologico-permitio-a-estudiantes-conocer-aspectos-cientificos-del-borde-costero-de-caldera\/\",\"url\":\"https:\/\/dev.explora.cl\/atacama\/campamento-paleontologico-permitio-a-estudiantes-conocer-aspectos-cientificos-del-borde-costero-de-caldera\/\",\"name\":\"Campamento Paleontol\u00f3gico permiti\u00f3 a estudiantes conocer aspectos cient\u00edficos del borde costero de Caldera - Atacama\",\"isPartOf\":{\"@id\":\"https:\/\/dev.explora.cl\/atacama\/#website\"},\"primaryImageOfPage\":{\"@id\":\"https:\/\/dev.explora.cl\/atacama\/campamento-paleontologico-permitio-a-estudiantes-conocer-aspectos-cientificos-del-borde-costero-de-caldera\/#primaryimage\"},\"image\":{\"@id\":\"https:\/\/dev.explora.cl\/atacama\/campamento-paleontologico-permitio-a-estudiantes-conocer-aspectos-cientificos-del-borde-costero-de-caldera\/#primaryimage\"},\"thumbnailUrl\":\"\",\"datePublished\":\"2017-11-29T13:44:17+00:00\",\"dateModified\":\"2019-05-16T03:35:44+00:00\",\"author\":{\"@id\":\"https:\/\/dev.explora.cl\/atacama\/#\/schema\/person\/cb8349c13ea2d324080adf8480d7ba5d\"},\"breadcrumb\":{\"@id\":\"https:\/\/dev.explora.cl\/atacama\/campamento-paleontologico-permitio-a-estudiantes-conocer-aspectos-cientificos-del-borde-costero-de-caldera\/#breadcrumb\"},\"inLanguage\":\"es-CL\",\"potentialAction\":[{\"@type\":\"ReadAction\",\"target\":[\"https:\/\/dev.explora.cl\/atacama\/campamento-paleontologico-permitio-a-estudiantes-conocer-aspectos-cientificos-del-borde-costero-de-caldera\/\"]}]},{\"@type\":\"ImageObject\",\"inLanguage\":\"es-CL\",\"@id\":\"https:\/\/dev.explora.cl\/atacama\/campamento-paleontologico-permitio-a-estudiantes-conocer-aspectos-cientificos-del-borde-costero-de-caldera\/#primaryimage\",\"url\":\"\",\"contentUrl\":\"\"},{\"@type\":\"BreadcrumbList\",\"@id\":\"https:\/\/dev.explora.cl\/atacama\/campamento-paleontologico-permitio-a-estudiantes-conocer-aspectos-cientificos-del-borde-costero-de-caldera\/#breadcrumb\",\"itemListElement\":[{\"@type\":\"ListItem\",\"position\":1,\"name\":\"Portada\",\"item\":\"https:\/\/dev.explora.cl\/atacama\/\"},{\"@type\":\"ListItem\",\"position\":2,\"name\":\"Campamento Paleontol\u00f3gico permiti\u00f3 a estudiantes conocer aspectos cient\u00edficos del borde costero de Caldera\"}]},{\"@type\":\"WebSite\",\"@id\":\"https:\/\/dev.explora.cl\/atacama\/#website\",\"url\":\"https:\/\/dev.explora.cl\/atacama\/\",\"name\":\"Atacama\",\"description\":\"Otro sitio m\u00e1s de dev.explora.cl\",\"potentialAction\":[{\"@type\":\"SearchAction\",\"target\":{\"@type\":\"EntryPoint\",\"urlTemplate\":\"https:\/\/dev.explora.cl\/atacama\/?s={search_term_string}\"},\"query-input\":{\"@type\":\"PropertyValueSpecification\",\"valueRequired\":true,\"valueName\":\"search_term_string\"}}],\"inLanguage\":\"es-CL\"},{\"@type\":\"Person\",\"@id\":\"https:\/\/dev.explora.cl\/atacama\/#\/schema\/person\/cb8349c13ea2d324080adf8480d7ba5d\",\"name\":\"webman\",\"image\":{\"@type\":\"ImageObject\",\"inLanguage\":\"es-CL\",\"@id\":\"https:\/\/dev.explora.cl\/atacama\/#\/schema\/person\/image\/\",\"url\":\"https:\/\/secure.gravatar.com\/avatar\/eeff3c82f2c02f7177d13663b7e6f890e9a6a0647ce9bb29cae02dcb094c7312?s=96&d=mm&r=g\",\"contentUrl\":\"https:\/\/secure.gravatar.com\/avatar\/eeff3c82f2c02f7177d13663b7e6f890e9a6a0647ce9bb29cae02dcb094c7312?s=96&d=mm&r=g\",\"caption\":\"webman\"},\"url\":\"https:\/\/dev.explora.cl\/atacama\/author\/webman\/\"}]}<\/script>\n<!-- \/ Yoast SEO plugin. -->","yoast_head_json":{"title":"Campamento Paleontol\u00f3gico permiti\u00f3 a estudiantes conocer aspectos cient\u00edficos del borde costero de Caldera - Atacama","robots":{"index":"index","follow":"follow","max-snippet":"max-snippet:-1","max-image-preview":"max-image-preview:large","max-video-preview":"max-video-preview:-1"},"canonical":"https:\/\/dev.explora.cl\/atacama\/campamento-paleontologico-permitio-a-estudiantes-conocer-aspectos-cientificos-del-borde-costero-de-caldera\/","og_locale":"es_ES","og_type":"article","og_title":"Campamento Paleontol\u00f3gico permiti\u00f3 a estudiantes conocer aspectos cient\u00edficos del borde costero de Caldera - Atacama","og_description":"Un total de sesenta beneficiados entre estudiantes y profesores, participaron del Campamento Paleontol\u00f3gico Atacama; el cual se desarroll\u00f3 en la comuna de Caldera. Recorridos por la Falla Geol\u00f3gica Chorrillos, el Parque Paleontol\u00f3gico Los Dedos y una visita al mirador de El Morro, fueron parte de las excursiones que hicieron junto a destacados ge\u00f3logos de la [&hellip;]","og_url":"https:\/\/dev.explora.cl\/atacama\/campamento-paleontologico-permitio-a-estudiantes-conocer-aspectos-cientificos-del-borde-costero-de-caldera\/","og_site_name":"Atacama","article_published_time":"2017-11-29T13:44:17+00:00","article_modified_time":"2019-05-16T03:35:44+00:00","author":"webman","twitter_card":"summary_large_image","twitter_misc":{"Escrito por":"webman","Tiempo estimado de lectura":"3 minutos"},"schema":{"@context":"https:\/\/schema.org","@graph":[{"@type":"Article","@id":"https:\/\/dev.explora.cl\/atacama\/campamento-paleontologico-permitio-a-estudiantes-conocer-aspectos-cientificos-del-borde-costero-de-caldera\/#article","isPartOf":{"@id":"https:\/\/dev.explora.cl\/atacama\/campamento-paleontologico-permitio-a-estudiantes-conocer-aspectos-cientificos-del-borde-costero-de-caldera\/"},"author":{"name":"webman","@id":"https:\/\/dev.explora.cl\/atacama\/#\/schema\/person\/cb8349c13ea2d324080adf8480d7ba5d"},"headline":"Campamento Paleontol\u00f3gico permiti\u00f3 a estudiantes conocer aspectos cient\u00edficos del borde costero de Caldera","datePublished":"2017-11-29T13:44:17+00:00","dateModified":"2019-05-16T03:35:44+00:00","mainEntityOfPage":{"@id":"https:\/\/dev.explora.cl\/atacama\/campamento-paleontologico-permitio-a-estudiantes-conocer-aspectos-cientificos-del-borde-costero-de-caldera\/"},"wordCount":616,"image":{"@id":"https:\/\/dev.explora.cl\/atacama\/campamento-paleontologico-permitio-a-estudiantes-conocer-aspectos-cientificos-del-borde-costero-de-caldera\/#primaryimage"},"thumbnailUrl":"","articleSection":["Noticias"],"inLanguage":"es-CL"},{"@type":"WebPage","@id":"https:\/\/dev.explora.cl\/atacama\/campamento-paleontologico-permitio-a-estudiantes-conocer-aspectos-cientificos-del-borde-costero-de-caldera\/","url":"https:\/\/dev.explora.cl\/atacama\/campamento-paleontologico-permitio-a-estudiantes-conocer-aspectos-cientificos-del-borde-costero-de-caldera\/","name":"Campamento Paleontol\u00f3gico permiti\u00f3 a estudiantes conocer aspectos cient\u00edficos del borde costero de Caldera - Atacama","isPartOf":{"@id":"https:\/\/dev.explora.cl\/atacama\/#website"},"primaryImageOfPage":{"@id":"https:\/\/dev.explora.cl\/atacama\/campamento-paleontologico-permitio-a-estudiantes-conocer-aspectos-cientificos-del-borde-costero-de-caldera\/#primaryimage"},"image":{"@id":"https:\/\/dev.explora.cl\/atacama\/campamento-paleontologico-permitio-a-estudiantes-conocer-aspectos-cientificos-del-borde-costero-de-caldera\/#primaryimage"},"thumbnailUrl":"","datePublished":"2017-11-29T13:44:17+00:00","dateModified":"2019-05-16T03:35:44+00:00","author":{"@id":"https:\/\/dev.explora.cl\/atacama\/#\/schema\/person\/cb8349c13ea2d324080adf8480d7ba5d"},"breadcrumb":{"@id":"https:\/\/dev.explora.cl\/atacama\/campamento-paleontologico-permitio-a-estudiantes-conocer-aspectos-cientificos-del-borde-costero-de-caldera\/#breadcrumb"},"inLanguage":"es-CL","potentialAction":[{"@type":"ReadAction","target":["https:\/\/dev.explora.cl\/atacama\/campamento-paleontologico-permitio-a-estudiantes-conocer-aspectos-cientificos-del-borde-costero-de-caldera\/"]}]},{"@type":"ImageObject","inLanguage":"es-CL","@id":"https:\/\/dev.explora.cl\/atacama\/campamento-paleontologico-permitio-a-estudiantes-conocer-aspectos-cientificos-del-borde-costero-de-caldera\/#primaryimage","url":"","contentUrl":""},{"@type":"BreadcrumbList","@id":"https:\/\/dev.explora.cl\/atacama\/campamento-paleontologico-permitio-a-estudiantes-conocer-aspectos-cientificos-del-borde-costero-de-caldera\/#breadcrumb","itemListElement":[{"@type":"ListItem","position":1,"name":"Portada","item":"https:\/\/dev.explora.cl\/atacama\/"},{"@type":"ListItem","position":2,"name":"Campamento Paleontol\u00f3gico permiti\u00f3 a estudiantes conocer aspectos cient\u00edficos del borde costero de Caldera"}]},{"@type":"WebSite","@id":"https:\/\/dev.explora.cl\/atacama\/#website","url":"https:\/\/dev.explora.cl\/atacama\/","name":"Atacama","description":"Otro sitio m\u00e1s de dev.explora.cl","potentialAction":[{"@type":"SearchAction","target":{"@type":"EntryPoint","urlTemplate":"https:\/\/dev.explora.cl\/atacama\/?s={search_term_string}"},"query-input":{"@type":"PropertyValueSpecification","valueRequired":true,"valueName":"search_term_string"}}],"inLanguage":"es-CL"},{"@type":"Person","@id":"https:\/\/dev.explora.cl\/atacama\/#\/schema\/person\/cb8349c13ea2d324080adf8480d7ba5d","name":"webman","image":{"@type":"ImageObject","inLanguage":"es-CL","@id":"https:\/\/dev.explora.cl\/atacama\/#\/schema\/person\/image\/","url":"https:\/\/secure.gravatar.com\/avatar\/eeff3c82f2c02f7177d13663b7e6f890e9a6a0647ce9bb29cae02dcb094c7312?s=96&d=mm&r=g","contentUrl":"https:\/\/secure.gravatar.com\/avatar\/eeff3c82f2c02f7177d13663b7e6f890e9a6a0647ce9bb29cae02dcb094c7312?s=96&d=mm&r=g","caption":"webman"},"url":"https:\/\/dev.explora.cl\/atacama\/author\/webman\/"}]}},"_links":{"self":[{"href":"https:\/\/dev.explora.cl\/atacama\/wp-json\/wp\/v2\/posts\/31590","targetHints":{"allow":["GET"]}}],"collection":[{"href":"https:\/\/dev.explora.cl\/atacama\/wp-json\/wp\/v2\/posts"}],"about":[{"href":"https:\/\/dev.explora.cl\/atacama\/wp-json\/wp\/v2\/types\/post"}],"author":[{"embeddable":true,"href":"https:\/\/dev.explora.cl\/atacama\/wp-json\/wp\/v2\/users\/2"}],"replies":[{"embeddable":true,"href":"https:\/\/dev.explora.cl\/atacama\/wp-json\/wp\/v2\/comments?post=31590"}],"version-history":[{"count":1,"href":"https:\/\/dev.explora.cl\/atacama\/wp-json\/wp\/v2\/posts\/31590\/revisions"}],"predecessor-version":[{"id":37928,"href":"https:\/\/dev.explora.cl\/atacama\/wp-json\/wp\/v2\/posts\/31590\/revisions\/37928"}],"wp:featuredmedia":[{"embeddable":true,"href":"https:\/\/dev.explora.cl\/atacama\/wp-json\/"}],"wp:attachment":[{"href":"https:\/\/dev.explora.cl\/atacama\/wp-json\/wp\/v2\/media?parent=31590"}],"wp:term":[{"taxonomy":"category","embeddable":true,"href":"https:\/\/dev.explora.cl\/atacama\/wp-json\/wp\/v2\/categories?post=31590"},{"taxonomy":"post_tag","embeddable":true,"href":"https:\/\/dev.explora.cl\/atacama\/wp-json\/wp\/v2\/tags?post=31590"}],"curies":[{"name":"wp","href":"https:\/\/api.w.org\/{rel}","templated":true}]}}