{"id":31498,"date":"2018-05-18T18:22:55","date_gmt":"2018-05-18T18:22:55","guid":{"rendered":"http:\/\/ec2-54-245-22-188.us-west-2.compute.amazonaws.com\/2018\/05\/18\/1000-cientificos-1000-aulas-se-inauguro-en-atacama-con-charla-sobre-eficiencia-energetica\/"},"modified":"2019-05-16T03:35:00","modified_gmt":"2019-05-16T03:35:00","slug":"1000-cientificos-1000-aulas-se-inauguro-en-atacama-con-charla-sobre-eficiencia-energetica","status":"publish","type":"post","link":"https:\/\/dev.explora.cl\/atacama\/1000-cientificos-1000-aulas-se-inauguro-en-atacama-con-charla-sobre-eficiencia-energetica\/","title":{"rendered":"1000 cient\u00edficos 1000 aulas se inaugur\u00f3 en Atacama con charla sobre eficiencia energ\u00e9tica"},"content":{"rendered":"<p><strong>Fuente: Seremi de Energ\u00eda Atacama.&nbsp;<\/strong><\/p>\n<p><strong>Una charla de eficiencia energ\u00e9tica y energ\u00edas renovables se desarroll\u00f3 en la Escuela Diferencial Mar\u00eda Luz Lanza Pizarro de Copiap\u00f3, instancia con la que se dio inicio a las actividades de \u201c1000 cient\u00edficos 1000 aulas\u201d, una de las distintas acciones de divulgaci\u00f3n de la ciencia del Programa Explora de CONICYT y que desarrolla el PAR EXPLORA Atacama de la UDA, jornadas con las que adem\u00e1s, est\u00e1 colaborando la Seremi de Energ\u00eda.&nbsp;<\/strong><\/p>\n<p>La actividad cont\u00f3 con la presencia del seremi de Energ\u00eda, Marcelo Sep\u00falveda G\u00e1rate, quien dio el puntapi\u00e9 inicial al ciclo de charlas y talleres. \u201cTuvimos la grata experiencia de asistir a la Escuela Diferencial Mar\u00eda Luz Lanza Pizarro donde, en conjunto con Par Explora, dimos inicio el ciclo de charlas que persiguen incentivar y motivar a los ni\u00f1os en la eficiencia energ\u00e9tica y que conozcan sobre las energ\u00edas renovables, con un lineamiento que va orientado a cuidar el medio ambiente y a lograr que ellos puedan llevar a sus casas estas iniciativas y, por supuesto, a ser eficientes en el uso de la energ\u00eda porque son los lineamientos que maneja nuestro presidente Sebasti\u00e1n Pi\u00f1era\u201d, destac\u00f3 la autoridad.<\/p>\n<p>Asimismo, Cristi\u00e1n Galaz Esquivel, director de PAR EXPLORA Atacama, explic\u00f3 que el objetivo de estas charlas \u201ces poder acercar conocimientos cient\u00edficos y en otras tem\u00e1ticas relacionadas con la ciencia y la tecnolog\u00eda a establecimientos educacionales de distintos tipos, tanto en condiciones de escolaridad normal, como aquellos con necesidades educativas especiales. Lo importante, es que se despierte el inter\u00e9s de los ni\u00f1os de participar en estas iniciativas y dejamos la invitaci\u00f3n hecha para que los establecimientos educacionales de Atacama puedan recibir estas charlas \u201c1000 cient\u00edficos 1000 aulas\u201d que son investigadores, acad\u00e9micos que realizan estas sesiones, donde entregan factores motivacionales y tambi\u00e9n, conocimientos cient\u00edficos\u201d.<\/p>\n<p>Por su parte, la directora de la Escuela Mar\u00eda Luz Lanza Pizarro, Mar\u00eda Magdalena \u00c1valos Rojas, coment\u00f3 que la actividad fue \u201cbastante buena, con esto damos inicio a una serie de programas que estamos trabajando con el PAR Explora, y nos insta a darles otros campos que los ni\u00f1os pueden explorar, y que les gusta bastante, como es la ciencia\u201d.<\/p>\n<p>Cabe se\u00f1alar que, durante la misma jornada se replic\u00f3 la actividad en la Escuela Las Canteras, labor que se continuar\u00e1 realizando durante todo el 2018 en distintos establecimientos de la regi\u00f3n. Ya durante los a\u00f1os anteriores se realizaron jornadas de este tipo, llegando a diversos establecimientos llevando tem\u00e1ticas relacionadas con las energ\u00edas, geolog\u00eda, mineralog\u00eda, rob\u00f3tica, astronom\u00eda y otras disciplinas, con sus propios expertos hasta las salas de clases de los estudiantes.<\/p>\n<p><img loading=\"lazy\" decoding=\"async\" class=\" size-full wp-image-31497\" src=\"https:\/\/dev.explora.cl\/wp-content\/uploads\/2018\/05\/1000_cient%C3%ACfico_1000_aulas.jpg\" alt=\"1000 cient\u00ecfico 1000 aulas\" width=\"960\" height=\"640\" \/><\/p>\n","protected":false},"excerpt":{"rendered":"<p>Fuente: Seremi de Energ\u00eda Atacama.&nbsp; Una charla de eficiencia energ\u00e9tica y energ\u00edas renovables se desarroll\u00f3 en la Escuela Diferencial Mar\u00eda Luz Lanza Pizarro de Copiap\u00f3, instancia con la que se dio inicio a las actividades de \u201c1000 cient\u00edficos 1000 aulas\u201d, una de las distintas acciones de divulgaci\u00f3n de la ciencia del Programa Explora de CONICYT [&hellip;]<\/p>\n","protected":false},"author":2,"featured_media":31496,"comment_status":"closed","ping_status":"open","sticky":false,"template":"","format":"standard","meta":{"_acf_changed":false,"_exactmetrics_skip_tracking":false,"_exactmetrics_sitenote_active":false,"_exactmetrics_sitenote_note":"","_exactmetrics_sitenote_category":0,"footnotes":"","_links_to":"","_links_to_target":""},"categories":[4],"tags":[],"class_list":["post-31498","post","type-post","status-publish","format-standard","has-post-thumbnail","hentry","category-noticias"],"acf":[],"yoast_head":"<!-- This site is optimized with the Yoast SEO plugin v26.7 - https:\/\/yoast.com\/wordpress\/plugins\/seo\/ -->\n<title>1000 cient\u00edficos 1000 aulas se inaugur\u00f3 en Atacama con charla sobre eficiencia energ\u00e9tica - Atacama<\/title>\n<meta name=\"robots\" content=\"index, follow, max-snippet:-1, max-image-preview:large, max-video-preview:-1\" \/>\n<link rel=\"canonical\" href=\"https:\/\/dev.explora.cl\/atacama\/1000-cientificos-1000-aulas-se-inauguro-en-atacama-con-charla-sobre-eficiencia-energetica\/\" class=\"yoast-seo-meta-tag\" \/>\n<meta property=\"og:locale\" content=\"es_ES\" class=\"yoast-seo-meta-tag\" \/>\n<meta property=\"og:type\" content=\"article\" class=\"yoast-seo-meta-tag\" \/>\n<meta property=\"og:title\" content=\"1000 cient\u00edficos 1000 aulas se inaugur\u00f3 en Atacama con charla sobre eficiencia energ\u00e9tica - Atacama\" class=\"yoast-seo-meta-tag\" \/>\n<meta property=\"og:description\" content=\"Fuente: Seremi de Energ\u00eda Atacama.&nbsp; Una charla de eficiencia energ\u00e9tica y energ\u00edas renovables se desarroll\u00f3 en la Escuela Diferencial Mar\u00eda Luz Lanza Pizarro de Copiap\u00f3, instancia con la que se dio inicio a las actividades de \u201c1000 cient\u00edficos 1000 aulas\u201d, una de las distintas acciones de divulgaci\u00f3n de la ciencia del Programa Explora de CONICYT [&hellip;]\" class=\"yoast-seo-meta-tag\" \/>\n<meta property=\"og:url\" content=\"https:\/\/dev.explora.cl\/atacama\/1000-cientificos-1000-aulas-se-inauguro-en-atacama-con-charla-sobre-eficiencia-energetica\/\" class=\"yoast-seo-meta-tag\" \/>\n<meta property=\"og:site_name\" content=\"Atacama\" class=\"yoast-seo-meta-tag\" \/>\n<meta property=\"article:published_time\" content=\"2018-05-18T18:22:55+00:00\" class=\"yoast-seo-meta-tag\" \/>\n<meta property=\"article:modified_time\" content=\"2019-05-16T03:35:00+00:00\" class=\"yoast-seo-meta-tag\" \/>\n<meta property=\"og:image\" content=\"https:\/\/dev.explora.cl\/atacama\/wp-content\/uploads\/sites\/5\/2018\/05\/Seremi_energia_2018.jpg\" class=\"yoast-seo-meta-tag\" \/>\n\t<meta property=\"og:image:width\" content=\"960\" class=\"yoast-seo-meta-tag\" \/>\n\t<meta property=\"og:image:height\" content=\"720\" class=\"yoast-seo-meta-tag\" \/>\n\t<meta property=\"og:image:type\" content=\"image\/jpeg\" class=\"yoast-seo-meta-tag\" \/>\n<meta name=\"author\" content=\"webman\" class=\"yoast-seo-meta-tag\" \/>\n<meta name=\"twitter:card\" content=\"summary_large_image\" class=\"yoast-seo-meta-tag\" \/>\n<meta name=\"twitter:label1\" content=\"Escrito por\" class=\"yoast-seo-meta-tag\" \/>\n\t<meta name=\"twitter:data1\" content=\"webman\" class=\"yoast-seo-meta-tag\" \/>\n\t<meta name=\"twitter:label2\" content=\"Tiempo estimado de lectura\" class=\"yoast-seo-meta-tag\" \/>\n\t<meta name=\"twitter:data2\" content=\"2 minutos\" class=\"yoast-seo-meta-tag\" \/>\n<script type=\"application\/ld+json\" class=\"yoast-schema-graph\">{\"@context\":\"https:\/\/schema.org\",\"@graph\":[{\"@type\":\"Article\",\"@id\":\"https:\/\/dev.explora.cl\/atacama\/1000-cientificos-1000-aulas-se-inauguro-en-atacama-con-charla-sobre-eficiencia-energetica\/#article\",\"isPartOf\":{\"@id\":\"https:\/\/dev.explora.cl\/atacama\/1000-cientificos-1000-aulas-se-inauguro-en-atacama-con-charla-sobre-eficiencia-energetica\/\"},\"author\":{\"name\":\"webman\",\"@id\":\"https:\/\/dev.explora.cl\/atacama\/#\/schema\/person\/cb8349c13ea2d324080adf8480d7ba5d\"},\"headline\":\"1000 cient\u00edficos 1000 aulas se inaugur\u00f3 en Atacama con charla sobre eficiencia energ\u00e9tica\",\"datePublished\":\"2018-05-18T18:22:55+00:00\",\"dateModified\":\"2019-05-16T03:35:00+00:00\",\"mainEntityOfPage\":{\"@id\":\"https:\/\/dev.explora.cl\/atacama\/1000-cientificos-1000-aulas-se-inauguro-en-atacama-con-charla-sobre-eficiencia-energetica\/\"},\"wordCount\":477,\"image\":{\"@id\":\"https:\/\/dev.explora.cl\/atacama\/1000-cientificos-1000-aulas-se-inauguro-en-atacama-con-charla-sobre-eficiencia-energetica\/#primaryimage\"},\"thumbnailUrl\":\"https:\/\/dev.explora.cl\/atacama\/wp-content\/uploads\/sites\/5\/2018\/05\/Seremi_energia_2018.jpg\",\"articleSection\":[\"Noticias\"],\"inLanguage\":\"es-CL\"},{\"@type\":\"WebPage\",\"@id\":\"https:\/\/dev.explora.cl\/atacama\/1000-cientificos-1000-aulas-se-inauguro-en-atacama-con-charla-sobre-eficiencia-energetica\/\",\"url\":\"https:\/\/dev.explora.cl\/atacama\/1000-cientificos-1000-aulas-se-inauguro-en-atacama-con-charla-sobre-eficiencia-energetica\/\",\"name\":\"1000 cient\u00edficos 1000 aulas se inaugur\u00f3 en Atacama con charla sobre eficiencia energ\u00e9tica - Atacama\",\"isPartOf\":{\"@id\":\"https:\/\/dev.explora.cl\/atacama\/#website\"},\"primaryImageOfPage\":{\"@id\":\"https:\/\/dev.explora.cl\/atacama\/1000-cientificos-1000-aulas-se-inauguro-en-atacama-con-charla-sobre-eficiencia-energetica\/#primaryimage\"},\"image\":{\"@id\":\"https:\/\/dev.explora.cl\/atacama\/1000-cientificos-1000-aulas-se-inauguro-en-atacama-con-charla-sobre-eficiencia-energetica\/#primaryimage\"},\"thumbnailUrl\":\"https:\/\/dev.explora.cl\/atacama\/wp-content\/uploads\/sites\/5\/2018\/05\/Seremi_energia_2018.jpg\",\"datePublished\":\"2018-05-18T18:22:55+00:00\",\"dateModified\":\"2019-05-16T03:35:00+00:00\",\"author\":{\"@id\":\"https:\/\/dev.explora.cl\/atacama\/#\/schema\/person\/cb8349c13ea2d324080adf8480d7ba5d\"},\"breadcrumb\":{\"@id\":\"https:\/\/dev.explora.cl\/atacama\/1000-cientificos-1000-aulas-se-inauguro-en-atacama-con-charla-sobre-eficiencia-energetica\/#breadcrumb\"},\"inLanguage\":\"es-CL\",\"potentialAction\":[{\"@type\":\"ReadAction\",\"target\":[\"https:\/\/dev.explora.cl\/atacama\/1000-cientificos-1000-aulas-se-inauguro-en-atacama-con-charla-sobre-eficiencia-energetica\/\"]}]},{\"@type\":\"ImageObject\",\"inLanguage\":\"es-CL\",\"@id\":\"https:\/\/dev.explora.cl\/atacama\/1000-cientificos-1000-aulas-se-inauguro-en-atacama-con-charla-sobre-eficiencia-energetica\/#primaryimage\",\"url\":\"https:\/\/dev.explora.cl\/atacama\/wp-content\/uploads\/sites\/5\/2018\/05\/Seremi_energia_2018.jpg\",\"contentUrl\":\"https:\/\/dev.explora.cl\/atacama\/wp-content\/uploads\/sites\/5\/2018\/05\/Seremi_energia_2018.jpg\",\"width\":960,\"height\":720},{\"@type\":\"BreadcrumbList\",\"@id\":\"https:\/\/dev.explora.cl\/atacama\/1000-cientificos-1000-aulas-se-inauguro-en-atacama-con-charla-sobre-eficiencia-energetica\/#breadcrumb\",\"itemListElement\":[{\"@type\":\"ListItem\",\"position\":1,\"name\":\"Portada\",\"item\":\"https:\/\/dev.explora.cl\/atacama\/\"},{\"@type\":\"ListItem\",\"position\":2,\"name\":\"1000 cient\u00edficos 1000 aulas se inaugur\u00f3 en Atacama con charla sobre eficiencia energ\u00e9tica\"}]},{\"@type\":\"WebSite\",\"@id\":\"https:\/\/dev.explora.cl\/atacama\/#website\",\"url\":\"https:\/\/dev.explora.cl\/atacama\/\",\"name\":\"Atacama\",\"description\":\"Otro sitio m\u00e1s de dev.explora.cl\",\"potentialAction\":[{\"@type\":\"SearchAction\",\"target\":{\"@type\":\"EntryPoint\",\"urlTemplate\":\"https:\/\/dev.explora.cl\/atacama\/?s={search_term_string}\"},\"query-input\":{\"@type\":\"PropertyValueSpecification\",\"valueRequired\":true,\"valueName\":\"search_term_string\"}}],\"inLanguage\":\"es-CL\"},{\"@type\":\"Person\",\"@id\":\"https:\/\/dev.explora.cl\/atacama\/#\/schema\/person\/cb8349c13ea2d324080adf8480d7ba5d\",\"name\":\"webman\",\"image\":{\"@type\":\"ImageObject\",\"inLanguage\":\"es-CL\",\"@id\":\"https:\/\/dev.explora.cl\/atacama\/#\/schema\/person\/image\/\",\"url\":\"https:\/\/secure.gravatar.com\/avatar\/eeff3c82f2c02f7177d13663b7e6f890e9a6a0647ce9bb29cae02dcb094c7312?s=96&d=mm&r=g\",\"contentUrl\":\"https:\/\/secure.gravatar.com\/avatar\/eeff3c82f2c02f7177d13663b7e6f890e9a6a0647ce9bb29cae02dcb094c7312?s=96&d=mm&r=g\",\"caption\":\"webman\"},\"url\":\"https:\/\/dev.explora.cl\/atacama\/author\/webman\/\"}]}<\/script>\n<!-- \/ Yoast SEO plugin. -->","yoast_head_json":{"title":"1000 cient\u00edficos 1000 aulas se inaugur\u00f3 en Atacama con charla sobre eficiencia energ\u00e9tica - Atacama","robots":{"index":"index","follow":"follow","max-snippet":"max-snippet:-1","max-image-preview":"max-image-preview:large","max-video-preview":"max-video-preview:-1"},"canonical":"https:\/\/dev.explora.cl\/atacama\/1000-cientificos-1000-aulas-se-inauguro-en-atacama-con-charla-sobre-eficiencia-energetica\/","og_locale":"es_ES","og_type":"article","og_title":"1000 cient\u00edficos 1000 aulas se inaugur\u00f3 en Atacama con charla sobre eficiencia energ\u00e9tica - Atacama","og_description":"Fuente: Seremi de Energ\u00eda Atacama.&nbsp; Una charla de eficiencia energ\u00e9tica y energ\u00edas renovables se desarroll\u00f3 en la Escuela Diferencial Mar\u00eda Luz Lanza Pizarro de Copiap\u00f3, instancia con la que se dio inicio a las actividades de \u201c1000 cient\u00edficos 1000 aulas\u201d, una de las distintas acciones de divulgaci\u00f3n de la ciencia del Programa Explora de CONICYT [&hellip;]","og_url":"https:\/\/dev.explora.cl\/atacama\/1000-cientificos-1000-aulas-se-inauguro-en-atacama-con-charla-sobre-eficiencia-energetica\/","og_site_name":"Atacama","article_published_time":"2018-05-18T18:22:55+00:00","article_modified_time":"2019-05-16T03:35:00+00:00","og_image":[{"width":960,"height":720,"url":"https:\/\/dev.explora.cl\/atacama\/wp-content\/uploads\/sites\/5\/2018\/05\/Seremi_energia_2018.jpg","type":"image\/jpeg"}],"author":"webman","twitter_card":"summary_large_image","twitter_misc":{"Escrito por":"webman","Tiempo estimado de lectura":"2 minutos"},"schema":{"@context":"https:\/\/schema.org","@graph":[{"@type":"Article","@id":"https:\/\/dev.explora.cl\/atacama\/1000-cientificos-1000-aulas-se-inauguro-en-atacama-con-charla-sobre-eficiencia-energetica\/#article","isPartOf":{"@id":"https:\/\/dev.explora.cl\/atacama\/1000-cientificos-1000-aulas-se-inauguro-en-atacama-con-charla-sobre-eficiencia-energetica\/"},"author":{"name":"webman","@id":"https:\/\/dev.explora.cl\/atacama\/#\/schema\/person\/cb8349c13ea2d324080adf8480d7ba5d"},"headline":"1000 cient\u00edficos 1000 aulas se inaugur\u00f3 en Atacama con charla sobre eficiencia energ\u00e9tica","datePublished":"2018-05-18T18:22:55+00:00","dateModified":"2019-05-16T03:35:00+00:00","mainEntityOfPage":{"@id":"https:\/\/dev.explora.cl\/atacama\/1000-cientificos-1000-aulas-se-inauguro-en-atacama-con-charla-sobre-eficiencia-energetica\/"},"wordCount":477,"image":{"@id":"https:\/\/dev.explora.cl\/atacama\/1000-cientificos-1000-aulas-se-inauguro-en-atacama-con-charla-sobre-eficiencia-energetica\/#primaryimage"},"thumbnailUrl":"https:\/\/dev.explora.cl\/atacama\/wp-content\/uploads\/sites\/5\/2018\/05\/Seremi_energia_2018.jpg","articleSection":["Noticias"],"inLanguage":"es-CL"},{"@type":"WebPage","@id":"https:\/\/dev.explora.cl\/atacama\/1000-cientificos-1000-aulas-se-inauguro-en-atacama-con-charla-sobre-eficiencia-energetica\/","url":"https:\/\/dev.explora.cl\/atacama\/1000-cientificos-1000-aulas-se-inauguro-en-atacama-con-charla-sobre-eficiencia-energetica\/","name":"1000 cient\u00edficos 1000 aulas se inaugur\u00f3 en Atacama con charla sobre eficiencia energ\u00e9tica - Atacama","isPartOf":{"@id":"https:\/\/dev.explora.cl\/atacama\/#website"},"primaryImageOfPage":{"@id":"https:\/\/dev.explora.cl\/atacama\/1000-cientificos-1000-aulas-se-inauguro-en-atacama-con-charla-sobre-eficiencia-energetica\/#primaryimage"},"image":{"@id":"https:\/\/dev.explora.cl\/atacama\/1000-cientificos-1000-aulas-se-inauguro-en-atacama-con-charla-sobre-eficiencia-energetica\/#primaryimage"},"thumbnailUrl":"https:\/\/dev.explora.cl\/atacama\/wp-content\/uploads\/sites\/5\/2018\/05\/Seremi_energia_2018.jpg","datePublished":"2018-05-18T18:22:55+00:00","dateModified":"2019-05-16T03:35:00+00:00","author":{"@id":"https:\/\/dev.explora.cl\/atacama\/#\/schema\/person\/cb8349c13ea2d324080adf8480d7ba5d"},"breadcrumb":{"@id":"https:\/\/dev.explora.cl\/atacama\/1000-cientificos-1000-aulas-se-inauguro-en-atacama-con-charla-sobre-eficiencia-energetica\/#breadcrumb"},"inLanguage":"es-CL","potentialAction":[{"@type":"ReadAction","target":["https:\/\/dev.explora.cl\/atacama\/1000-cientificos-1000-aulas-se-inauguro-en-atacama-con-charla-sobre-eficiencia-energetica\/"]}]},{"@type":"ImageObject","inLanguage":"es-CL","@id":"https:\/\/dev.explora.cl\/atacama\/1000-cientificos-1000-aulas-se-inauguro-en-atacama-con-charla-sobre-eficiencia-energetica\/#primaryimage","url":"https:\/\/dev.explora.cl\/atacama\/wp-content\/uploads\/sites\/5\/2018\/05\/Seremi_energia_2018.jpg","contentUrl":"https:\/\/dev.explora.cl\/atacama\/wp-content\/uploads\/sites\/5\/2018\/05\/Seremi_energia_2018.jpg","width":960,"height":720},{"@type":"BreadcrumbList","@id":"https:\/\/dev.explora.cl\/atacama\/1000-cientificos-1000-aulas-se-inauguro-en-atacama-con-charla-sobre-eficiencia-energetica\/#breadcrumb","itemListElement":[{"@type":"ListItem","position":1,"name":"Portada","item":"https:\/\/dev.explora.cl\/atacama\/"},{"@type":"ListItem","position":2,"name":"1000 cient\u00edficos 1000 aulas se inaugur\u00f3 en Atacama con charla sobre eficiencia energ\u00e9tica"}]},{"@type":"WebSite","@id":"https:\/\/dev.explora.cl\/atacama\/#website","url":"https:\/\/dev.explora.cl\/atacama\/","name":"Atacama","description":"Otro sitio m\u00e1s de dev.explora.cl","potentialAction":[{"@type":"SearchAction","target":{"@type":"EntryPoint","urlTemplate":"https:\/\/dev.explora.cl\/atacama\/?s={search_term_string}"},"query-input":{"@type":"PropertyValueSpecification","valueRequired":true,"valueName":"search_term_string"}}],"inLanguage":"es-CL"},{"@type":"Person","@id":"https:\/\/dev.explora.cl\/atacama\/#\/schema\/person\/cb8349c13ea2d324080adf8480d7ba5d","name":"webman","image":{"@type":"ImageObject","inLanguage":"es-CL","@id":"https:\/\/dev.explora.cl\/atacama\/#\/schema\/person\/image\/","url":"https:\/\/secure.gravatar.com\/avatar\/eeff3c82f2c02f7177d13663b7e6f890e9a6a0647ce9bb29cae02dcb094c7312?s=96&d=mm&r=g","contentUrl":"https:\/\/secure.gravatar.com\/avatar\/eeff3c82f2c02f7177d13663b7e6f890e9a6a0647ce9bb29cae02dcb094c7312?s=96&d=mm&r=g","caption":"webman"},"url":"https:\/\/dev.explora.cl\/atacama\/author\/webman\/"}]}},"_links":{"self":[{"href":"https:\/\/dev.explora.cl\/atacama\/wp-json\/wp\/v2\/posts\/31498","targetHints":{"allow":["GET"]}}],"collection":[{"href":"https:\/\/dev.explora.cl\/atacama\/wp-json\/wp\/v2\/posts"}],"about":[{"href":"https:\/\/dev.explora.cl\/atacama\/wp-json\/wp\/v2\/types\/post"}],"author":[{"embeddable":true,"href":"https:\/\/dev.explora.cl\/atacama\/wp-json\/wp\/v2\/users\/2"}],"replies":[{"embeddable":true,"href":"https:\/\/dev.explora.cl\/atacama\/wp-json\/wp\/v2\/comments?post=31498"}],"version-history":[{"count":1,"href":"https:\/\/dev.explora.cl\/atacama\/wp-json\/wp\/v2\/posts\/31498\/revisions"}],"predecessor-version":[{"id":37915,"href":"https:\/\/dev.explora.cl\/atacama\/wp-json\/wp\/v2\/posts\/31498\/revisions\/37915"}],"wp:featuredmedia":[{"embeddable":true,"href":"https:\/\/dev.explora.cl\/atacama\/wp-json\/wp\/v2\/media\/31496"}],"wp:attachment":[{"href":"https:\/\/dev.explora.cl\/atacama\/wp-json\/wp\/v2\/media?parent=31498"}],"wp:term":[{"taxonomy":"category","embeddable":true,"href":"https:\/\/dev.explora.cl\/atacama\/wp-json\/wp\/v2\/categories?post=31498"},{"taxonomy":"post_tag","embeddable":true,"href":"https:\/\/dev.explora.cl\/atacama\/wp-json\/wp\/v2\/tags?post=31498"}],"curies":[{"name":"wp","href":"https:\/\/api.w.org\/{rel}","templated":true}]}}