{"id":29716,"date":"2018-01-12T19:01:15","date_gmt":"2018-01-12T19:01:15","guid":{"rendered":"http:\/\/ec2-54-245-22-188.us-west-2.compute.amazonaws.com\/2018\/01\/12\/municipio-de-caldera-y-par-explora-de-la-uda-realizaran-inedita-intervencion-que-combinara-ciencia-y-bohemia\/"},"modified":"2019-05-16T03:35:43","modified_gmt":"2019-05-16T03:35:43","slug":"municipio-de-caldera-y-par-explora-de-la-uda-realizaran-inedita-intervencion-que-combinara-ciencia-y-bohemia","status":"publish","type":"post","link":"https:\/\/dev.explora.cl\/atacama\/municipio-de-caldera-y-par-explora-de-la-uda-realizaran-inedita-intervencion-que-combinara-ciencia-y-bohemia\/","title":{"rendered":"Municipio de Caldera y PAR EXPLORA de la UDA realizar\u00e1n in\u00e9dita intervenci\u00f3n que combinar\u00e1 Ciencia y Bohemia"},"content":{"rendered":"<p><strong>Este 17 de enero a las 19:30 horas se realizar\u00e1 en la explanada de Avenida Wheelwright de Caldera, el boulevard &#8220;El Verano tiene su Ciencia&#8221;, un evento que contar\u00e1 con m\u00fasica, stands de emprendedores locales y entrevistas televisadas a cient\u00edficos de la UDA que revelar\u00e1n los misterios de la capital geopaleontol\u00f3gica de Chile; sumando a ello astronom\u00eda, observaciones del cielo nocturno y muestras de minerales poco conocidos.<\/strong><\/p>\n<p>Este mi\u00e9rcoles 17 de enero, la ciencia se pone traje de ba\u00f1o y se va a la playa. Es as\u00ed como desde las 19:00 horas se realizar\u00e1 en la costanera de la comuna puerto, una intervenci\u00f3n urbana que consistir\u00e1 en una serie de conversatorios con cient\u00edficos de la UDA que revelar\u00e1n los secretos del Parque Paleontol\u00f3gico Los Dedos, hablar\u00e1n sobre las particulares formaciones geol\u00f3gicas de Caldera, explicar\u00e1n sobre minerales y realizar\u00e1n un acercamiento a la astronom\u00eda para la comunidad calderina y los turistas.<\/p>\n<p>La alcaldesa de Caldera, Brunilda Gonz\u00e1lez Anjel destac\u00f3 esta actividad manifestando que: &#8220;como Municipio queremos que Caldera, no solo se convierta en la capital tur\u00edstica de la Regi\u00f3n de Atacama, queremos que nuestra comuna avance en educaci\u00f3n, innovaci\u00f3n, tecnolog\u00eda y muchas otras aristas que permitir\u00e1n que los y las habitantes de nuestra ciudad logren un desarrollo a\u00fan mayor. La invitaci\u00f3n es a todos y todas los y las vecinos, vecina y turistas a conocer nuestra geopaleontolog\u00eda en esta oportunidad \u00fanica&#8221;.<\/p>\n<p>El evento contar\u00e1 con mesas de locatarios ubicados en la explanada calderina, junto con muestras de emprendedores locales. Para ello, la I. Municipalidad de Caldera con su Corporaci\u00f3n de Turismo y Gepaleontolog\u00eda m\u00e1s el PAR Explora Atacama de la UDA tienen preparada una velada de ciencia con una pantalla gigante, donde se podr\u00e1n seguir las conversaciones de los destacados panelistas y n\u00fameros art\u00edsticos&nbsp;que se desplegar\u00e1n por m\u00e1s de cuatro horas.<\/p>\n<p>El Director del Proyecto Asociativo Regional PAR EXPLORA Atacama del Programa Explora CONICYT, Cristi\u00e1n Galaz Esquivel, se\u00f1al\u00f3 sobre esta actividad que: &#8220;Queremos que la gente se de cuenta que la ciencia esta en todas partes, aprovechando el inter\u00e9s que tiene el municipio de resaltar los principales atractivos cient\u00edficos de la comuna, como lo es el parque paleontol\u00f3gico Los Dedos y su patrimono geol\u00f3gico costero. Es por ello que estamos replicando este modelo de intervenci\u00f3n que convoc\u00f3 a m\u00e1s de 300 personas en Copiap\u00f3 en la Semana de la Ciencia y estamos seguro que la gente se va a dar cuenta de muchas aspectos tur\u00edsticos cient\u00edficos que como regi\u00f3n y comuna tenemos&#8221;.<\/p>\n<p>&#8220;Como Corporaci\u00f3n Municipal para el Desarrollo de la Cultura, Turismo y Geo Paleontolog\u00eda (CTG), es de vital importancia que se desarrollen este tipo de actividades. Somos la capital nacional de paleontolog\u00eda y es necesario que la gente sea consciente de lo que esto significa, no s\u00f3lo en materia cientifica, sino que adem\u00e1s, este es un aporte valioso para la promoci\u00f3n del turismo, el patrimonio y por sobre todo, la identidad de la comuna&#8221;, afirm\u00f3 Ren\u00e9 Huerta, Gerente de la Corporaci\u00f3n Municipal.<\/p>\n<p>La actividad adem\u00e1s contar\u00e1 con observaciones al cielo nocturno, esto a cargo de la Sociedad Astron\u00f3mica Ori\u00f3n, dando la posibilidad a los asistentes de tener un acercamiento a la astronom\u00eda. Junto con ello, el Museo Mineral\u00f3gico de la UDA inaugurar\u00e1 la exposici\u00f3n de muestras ubicadas en la sede Caldera de la casa de Estudios, ubicada tambi\u00e9n en Avenida Wheelgriht. Junto con ello anunciar\u00e1n la reinauguraci\u00f3n de la sede central en Copiap\u00f3.&nbsp;<\/p>\n<p>En esta ocasi\u00f3n, el boulevard &#8220;El Verano tiene su Ciencia&#8221;, contar\u00e1 con cient\u00edficos dedicados a la geolog\u00eda y paleontolog\u00eda; la mineralog\u00eda y la astronom\u00eda.<\/p>\n<p>Considerando el patrimonio f\u00f3sil y la variedad de formas geol\u00f3gicas de Caldera es que se ha invitado a los cient\u00edficos:<\/p>\n<p>Dra. Tatiana Izquierdo quien es especialista en hidroge\u00f3loga para que nos hable de las particularidades de lugares como la Aguada Chorrillos.<\/p>\n<p>Adem\u00e1s estar\u00e1 el Dr. Manuel Abad, ge\u00f3logo especialista en formaciones geol\u00f3gicas costeras, quien nos hablar\u00e1 de El Morro y tambi\u00e9n de la desembocadura del R\u00edo Copiap\u00f3, en Bah\u00eda Salada.<\/p>\n<p>Por parte de Caldera, se destaca la presencia como panelista del paleont\u00f3logo Maurice Guicharrause, quien explicar\u00e1 sobre las especies m\u00e1s representativas y atractivas del Parque Paleontol\u00f3gico Los Dedos.<\/p>\n<p>Otra experta que estar\u00e1 presente en el panel es la acad\u00e9mica de la UDA Ximena Robles, destacada ge\u00f3loga especialista en paleontolog\u00eda que hablar\u00e1 sobre el marco regulatorio que protege al patrimonio f\u00f3sil de nuestro pa\u00eds.<\/p>\n<p>Adem\u00e1s, estar\u00e1 presente el ge\u00f3logo Gustavo Miranda, quien es Director del Museo Mineral\u00f3gico de la UDA, cont\u00e1ndonos sobre la historia del museo, invitando a la reapertura del mismo en Atacama y exhibiendo la muestra de minerales que se encuentran en la sede Caldera de la UDA, ubicada tambi\u00e9n en la costanera.<\/p>\n<p>Desde la disciplina astron\u00f3mica, Sergio Flores, astr\u00f3nomo argentino de la Universidad de Atacama, nos hablar\u00e1 de algunas de las preguntas fundamentales que se hace esta ciencia, la cual cuenta con un enorme potencial de desarrollo en nuestra regi\u00f3n, sobre todo por la pronta instalaci\u00f3n del Observatorio Magallanes.<\/p>\n<p><strong>Invitados especiales:<\/strong><\/p>\n<p>Nos acompa\u00f1ar\u00e1n para la ocasi\u00f3n, los integrantes de la Sociedad Astron\u00f3mica Ori\u00f3n. Esta agrupaci\u00f3n de aficionados a la astronom\u00eda, ha desarrollado por m\u00e1s de 20 a\u00f1os actividades de divulgaci\u00f3n de esta ciencia, contando con una serie de telescopios astron\u00f3micos que permiten realizar observaciones astron\u00f3micas para todo p\u00fablico, contando con expertos entre sus integrantes, gran parte de ellos astrofot\u00f3grafos que permiten vivir la experiencia de observar el cosmos a la comunidad.<\/p>\n<p>&nbsp;<\/p>\n<p><img loading=\"lazy\" decoding=\"async\" class=\" size-full wp-image-29714\" src=\"https:\/\/dev.explora.cl\/atacama\/wp-content\/uploads\/sites\/7\/2018\/01\/post-rrss.png\" alt=\"post rrss\" width=\"1200\" height=\"1200\" srcset=\"https:\/\/dev.explora.cl\/atacama\/wp-content\/uploads\/sites\/5\/2018\/01\/post-rrss.png 1200w, https:\/\/dev.explora.cl\/atacama\/wp-content\/uploads\/sites\/5\/2018\/01\/post-rrss-150x150.png 150w, https:\/\/dev.explora.cl\/atacama\/wp-content\/uploads\/sites\/5\/2018\/01\/post-rrss-300x300.png 300w, https:\/\/dev.explora.cl\/atacama\/wp-content\/uploads\/sites\/5\/2018\/01\/post-rrss-768x768.png 768w, https:\/\/dev.explora.cl\/atacama\/wp-content\/uploads\/sites\/5\/2018\/01\/post-rrss-1024x1024.png 1024w, https:\/\/dev.explora.cl\/atacama\/wp-content\/uploads\/sites\/5\/2018\/01\/post-rrss-60x60.png 60w\" sizes=\"auto, (max-width: 1200px) 100vw, 1200px\" \/><\/p>\n<p><img loading=\"lazy\" decoding=\"async\" class=\" size-full wp-image-29715\" src=\"https:\/\/dev.explora.cl\/wp-content\/uploads\/2018\/01\/El_Verano_tiene_su_ciencia_es_una_colaboraci%C3%B3n_entre_la_Municipalidad_de_Caldera_y_la_Corporacion_de_Turismo_y_geopaleontologia_con_el_PAR_EXPLORA_Atacama_de_la_UDA.jpg\" alt=\"El Verano tiene su ciencia es una colaboraci\u00f3n entre la Municipalidad de Caldera y la Corporacion de Turismo y geopaleontologia con el PAR EXPLORA Atacama de la UDA\" width=\"6000\" height=\"4000\" \/><\/p>\n<p>&nbsp;<\/p>\n","protected":false},"excerpt":{"rendered":"<p>Este 17 de enero a las 19:30 horas se realizar\u00e1 en la explanada de Avenida Wheelwright de Caldera, el boulevard &#8220;El Verano tiene su Ciencia&#8221;, un evento que contar\u00e1 con m\u00fasica, stands de emprendedores locales y entrevistas televisadas a cient\u00edficos de la UDA que revelar\u00e1n los misterios de la capital geopaleontol\u00f3gica de Chile; sumando a [&hellip;]<\/p>\n","protected":false},"author":2,"featured_media":29714,"comment_status":"closed","ping_status":"open","sticky":false,"template":"","format":"standard","meta":{"_acf_changed":false,"_exactmetrics_skip_tracking":false,"_exactmetrics_sitenote_active":false,"_exactmetrics_sitenote_note":"","_exactmetrics_sitenote_category":0,"footnotes":"","_links_to":"","_links_to_target":""},"categories":[4],"tags":[],"class_list":["post-29716","post","type-post","status-publish","format-standard","has-post-thumbnail","hentry","category-noticias"],"acf":[],"yoast_head":"<!-- This site is optimized with the Yoast SEO plugin v26.7 - https:\/\/yoast.com\/wordpress\/plugins\/seo\/ -->\n<title>Municipio de Caldera y PAR EXPLORA de la UDA realizar\u00e1n in\u00e9dita intervenci\u00f3n que combinar\u00e1 Ciencia y Bohemia - Atacama<\/title>\n<meta name=\"robots\" content=\"index, follow, max-snippet:-1, max-image-preview:large, max-video-preview:-1\" \/>\n<link rel=\"canonical\" href=\"https:\/\/dev.explora.cl\/atacama\/municipio-de-caldera-y-par-explora-de-la-uda-realizaran-inedita-intervencion-que-combinara-ciencia-y-bohemia\/\" class=\"yoast-seo-meta-tag\" \/>\n<meta property=\"og:locale\" content=\"es_ES\" class=\"yoast-seo-meta-tag\" \/>\n<meta property=\"og:type\" content=\"article\" class=\"yoast-seo-meta-tag\" \/>\n<meta property=\"og:title\" content=\"Municipio de Caldera y PAR EXPLORA de la UDA realizar\u00e1n in\u00e9dita intervenci\u00f3n que combinar\u00e1 Ciencia y Bohemia - Atacama\" class=\"yoast-seo-meta-tag\" \/>\n<meta property=\"og:description\" content=\"Este 17 de enero a las 19:30 horas se realizar\u00e1 en la explanada de Avenida Wheelwright de Caldera, el boulevard &#8220;El Verano tiene su Ciencia&#8221;, un evento que contar\u00e1 con m\u00fasica, stands de emprendedores locales y entrevistas televisadas a cient\u00edficos de la UDA que revelar\u00e1n los misterios de la capital geopaleontol\u00f3gica de Chile; sumando a [&hellip;]\" class=\"yoast-seo-meta-tag\" \/>\n<meta property=\"og:url\" content=\"https:\/\/dev.explora.cl\/atacama\/municipio-de-caldera-y-par-explora-de-la-uda-realizaran-inedita-intervencion-que-combinara-ciencia-y-bohemia\/\" class=\"yoast-seo-meta-tag\" \/>\n<meta property=\"og:site_name\" content=\"Atacama\" class=\"yoast-seo-meta-tag\" \/>\n<meta property=\"article:published_time\" content=\"2018-01-12T19:01:15+00:00\" class=\"yoast-seo-meta-tag\" \/>\n<meta property=\"article:modified_time\" content=\"2019-05-16T03:35:43+00:00\" class=\"yoast-seo-meta-tag\" \/>\n<meta property=\"og:image\" content=\"https:\/\/dev.explora.cl\/atacama\/wp-content\/uploads\/sites\/5\/2018\/01\/post-rrss.png\" class=\"yoast-seo-meta-tag\" \/>\n\t<meta property=\"og:image:width\" content=\"1200\" class=\"yoast-seo-meta-tag\" \/>\n\t<meta property=\"og:image:height\" content=\"1200\" class=\"yoast-seo-meta-tag\" \/>\n\t<meta property=\"og:image:type\" content=\"image\/png\" class=\"yoast-seo-meta-tag\" \/>\n<meta name=\"author\" content=\"webman\" class=\"yoast-seo-meta-tag\" \/>\n<meta name=\"twitter:card\" content=\"summary_large_image\" class=\"yoast-seo-meta-tag\" \/>\n<meta name=\"twitter:label1\" content=\"Escrito por\" class=\"yoast-seo-meta-tag\" \/>\n\t<meta name=\"twitter:data1\" content=\"webman\" class=\"yoast-seo-meta-tag\" \/>\n\t<meta name=\"twitter:label2\" content=\"Tiempo estimado de lectura\" class=\"yoast-seo-meta-tag\" \/>\n\t<meta name=\"twitter:data2\" content=\"5 minutos\" class=\"yoast-seo-meta-tag\" \/>\n<script type=\"application\/ld+json\" class=\"yoast-schema-graph\">{\"@context\":\"https:\/\/schema.org\",\"@graph\":[{\"@type\":\"Article\",\"@id\":\"https:\/\/dev.explora.cl\/atacama\/municipio-de-caldera-y-par-explora-de-la-uda-realizaran-inedita-intervencion-que-combinara-ciencia-y-bohemia\/#article\",\"isPartOf\":{\"@id\":\"https:\/\/dev.explora.cl\/atacama\/municipio-de-caldera-y-par-explora-de-la-uda-realizaran-inedita-intervencion-que-combinara-ciencia-y-bohemia\/\"},\"author\":{\"name\":\"webman\",\"@id\":\"https:\/\/dev.explora.cl\/atacama\/#\/schema\/person\/cb8349c13ea2d324080adf8480d7ba5d\"},\"headline\":\"Municipio de Caldera y PAR EXPLORA de la UDA realizar\u00e1n in\u00e9dita intervenci\u00f3n que combinar\u00e1 Ciencia y Bohemia\",\"datePublished\":\"2018-01-12T19:01:15+00:00\",\"dateModified\":\"2019-05-16T03:35:43+00:00\",\"mainEntityOfPage\":{\"@id\":\"https:\/\/dev.explora.cl\/atacama\/municipio-de-caldera-y-par-explora-de-la-uda-realizaran-inedita-intervencion-que-combinara-ciencia-y-bohemia\/\"},\"wordCount\":1017,\"image\":{\"@id\":\"https:\/\/dev.explora.cl\/atacama\/municipio-de-caldera-y-par-explora-de-la-uda-realizaran-inedita-intervencion-que-combinara-ciencia-y-bohemia\/#primaryimage\"},\"thumbnailUrl\":\"https:\/\/dev.explora.cl\/atacama\/wp-content\/uploads\/sites\/5\/2018\/01\/post-rrss.png\",\"articleSection\":[\"Noticias\"],\"inLanguage\":\"es-CL\"},{\"@type\":\"WebPage\",\"@id\":\"https:\/\/dev.explora.cl\/atacama\/municipio-de-caldera-y-par-explora-de-la-uda-realizaran-inedita-intervencion-que-combinara-ciencia-y-bohemia\/\",\"url\":\"https:\/\/dev.explora.cl\/atacama\/municipio-de-caldera-y-par-explora-de-la-uda-realizaran-inedita-intervencion-que-combinara-ciencia-y-bohemia\/\",\"name\":\"Municipio de Caldera y PAR EXPLORA de la UDA realizar\u00e1n in\u00e9dita intervenci\u00f3n que combinar\u00e1 Ciencia y Bohemia - Atacama\",\"isPartOf\":{\"@id\":\"https:\/\/dev.explora.cl\/atacama\/#website\"},\"primaryImageOfPage\":{\"@id\":\"https:\/\/dev.explora.cl\/atacama\/municipio-de-caldera-y-par-explora-de-la-uda-realizaran-inedita-intervencion-que-combinara-ciencia-y-bohemia\/#primaryimage\"},\"image\":{\"@id\":\"https:\/\/dev.explora.cl\/atacama\/municipio-de-caldera-y-par-explora-de-la-uda-realizaran-inedita-intervencion-que-combinara-ciencia-y-bohemia\/#primaryimage\"},\"thumbnailUrl\":\"https:\/\/dev.explora.cl\/atacama\/wp-content\/uploads\/sites\/5\/2018\/01\/post-rrss.png\",\"datePublished\":\"2018-01-12T19:01:15+00:00\",\"dateModified\":\"2019-05-16T03:35:43+00:00\",\"author\":{\"@id\":\"https:\/\/dev.explora.cl\/atacama\/#\/schema\/person\/cb8349c13ea2d324080adf8480d7ba5d\"},\"breadcrumb\":{\"@id\":\"https:\/\/dev.explora.cl\/atacama\/municipio-de-caldera-y-par-explora-de-la-uda-realizaran-inedita-intervencion-que-combinara-ciencia-y-bohemia\/#breadcrumb\"},\"inLanguage\":\"es-CL\",\"potentialAction\":[{\"@type\":\"ReadAction\",\"target\":[\"https:\/\/dev.explora.cl\/atacama\/municipio-de-caldera-y-par-explora-de-la-uda-realizaran-inedita-intervencion-que-combinara-ciencia-y-bohemia\/\"]}]},{\"@type\":\"ImageObject\",\"inLanguage\":\"es-CL\",\"@id\":\"https:\/\/dev.explora.cl\/atacama\/municipio-de-caldera-y-par-explora-de-la-uda-realizaran-inedita-intervencion-que-combinara-ciencia-y-bohemia\/#primaryimage\",\"url\":\"https:\/\/dev.explora.cl\/atacama\/wp-content\/uploads\/sites\/5\/2018\/01\/post-rrss.png\",\"contentUrl\":\"https:\/\/dev.explora.cl\/atacama\/wp-content\/uploads\/sites\/5\/2018\/01\/post-rrss.png\",\"width\":1200,\"height\":1200,\"caption\":\"post rrss\"},{\"@type\":\"BreadcrumbList\",\"@id\":\"https:\/\/dev.explora.cl\/atacama\/municipio-de-caldera-y-par-explora-de-la-uda-realizaran-inedita-intervencion-que-combinara-ciencia-y-bohemia\/#breadcrumb\",\"itemListElement\":[{\"@type\":\"ListItem\",\"position\":1,\"name\":\"Portada\",\"item\":\"https:\/\/dev.explora.cl\/atacama\/\"},{\"@type\":\"ListItem\",\"position\":2,\"name\":\"Municipio de Caldera y PAR EXPLORA de la UDA realizar\u00e1n in\u00e9dita intervenci\u00f3n que combinar\u00e1 Ciencia y Bohemia\"}]},{\"@type\":\"WebSite\",\"@id\":\"https:\/\/dev.explora.cl\/atacama\/#website\",\"url\":\"https:\/\/dev.explora.cl\/atacama\/\",\"name\":\"Atacama\",\"description\":\"Otro sitio m\u00e1s de dev.explora.cl\",\"potentialAction\":[{\"@type\":\"SearchAction\",\"target\":{\"@type\":\"EntryPoint\",\"urlTemplate\":\"https:\/\/dev.explora.cl\/atacama\/?s={search_term_string}\"},\"query-input\":{\"@type\":\"PropertyValueSpecification\",\"valueRequired\":true,\"valueName\":\"search_term_string\"}}],\"inLanguage\":\"es-CL\"},{\"@type\":\"Person\",\"@id\":\"https:\/\/dev.explora.cl\/atacama\/#\/schema\/person\/cb8349c13ea2d324080adf8480d7ba5d\",\"name\":\"webman\",\"image\":{\"@type\":\"ImageObject\",\"inLanguage\":\"es-CL\",\"@id\":\"https:\/\/dev.explora.cl\/atacama\/#\/schema\/person\/image\/\",\"url\":\"https:\/\/secure.gravatar.com\/avatar\/eeff3c82f2c02f7177d13663b7e6f890e9a6a0647ce9bb29cae02dcb094c7312?s=96&d=mm&r=g\",\"contentUrl\":\"https:\/\/secure.gravatar.com\/avatar\/eeff3c82f2c02f7177d13663b7e6f890e9a6a0647ce9bb29cae02dcb094c7312?s=96&d=mm&r=g\",\"caption\":\"webman\"},\"url\":\"https:\/\/dev.explora.cl\/atacama\/author\/webman\/\"}]}<\/script>\n<!-- \/ Yoast SEO plugin. -->","yoast_head_json":{"title":"Municipio de Caldera y PAR EXPLORA de la UDA realizar\u00e1n in\u00e9dita intervenci\u00f3n que combinar\u00e1 Ciencia y Bohemia - Atacama","robots":{"index":"index","follow":"follow","max-snippet":"max-snippet:-1","max-image-preview":"max-image-preview:large","max-video-preview":"max-video-preview:-1"},"canonical":"https:\/\/dev.explora.cl\/atacama\/municipio-de-caldera-y-par-explora-de-la-uda-realizaran-inedita-intervencion-que-combinara-ciencia-y-bohemia\/","og_locale":"es_ES","og_type":"article","og_title":"Municipio de Caldera y PAR EXPLORA de la UDA realizar\u00e1n in\u00e9dita intervenci\u00f3n que combinar\u00e1 Ciencia y Bohemia - Atacama","og_description":"Este 17 de enero a las 19:30 horas se realizar\u00e1 en la explanada de Avenida Wheelwright de Caldera, el boulevard &#8220;El Verano tiene su Ciencia&#8221;, un evento que contar\u00e1 con m\u00fasica, stands de emprendedores locales y entrevistas televisadas a cient\u00edficos de la UDA que revelar\u00e1n los misterios de la capital geopaleontol\u00f3gica de Chile; sumando a [&hellip;]","og_url":"https:\/\/dev.explora.cl\/atacama\/municipio-de-caldera-y-par-explora-de-la-uda-realizaran-inedita-intervencion-que-combinara-ciencia-y-bohemia\/","og_site_name":"Atacama","article_published_time":"2018-01-12T19:01:15+00:00","article_modified_time":"2019-05-16T03:35:43+00:00","og_image":[{"width":1200,"height":1200,"url":"https:\/\/dev.explora.cl\/atacama\/wp-content\/uploads\/sites\/5\/2018\/01\/post-rrss.png","type":"image\/png"}],"author":"webman","twitter_card":"summary_large_image","twitter_misc":{"Escrito por":"webman","Tiempo estimado de lectura":"5 minutos"},"schema":{"@context":"https:\/\/schema.org","@graph":[{"@type":"Article","@id":"https:\/\/dev.explora.cl\/atacama\/municipio-de-caldera-y-par-explora-de-la-uda-realizaran-inedita-intervencion-que-combinara-ciencia-y-bohemia\/#article","isPartOf":{"@id":"https:\/\/dev.explora.cl\/atacama\/municipio-de-caldera-y-par-explora-de-la-uda-realizaran-inedita-intervencion-que-combinara-ciencia-y-bohemia\/"},"author":{"name":"webman","@id":"https:\/\/dev.explora.cl\/atacama\/#\/schema\/person\/cb8349c13ea2d324080adf8480d7ba5d"},"headline":"Municipio de Caldera y PAR EXPLORA de la UDA realizar\u00e1n in\u00e9dita intervenci\u00f3n que combinar\u00e1 Ciencia y Bohemia","datePublished":"2018-01-12T19:01:15+00:00","dateModified":"2019-05-16T03:35:43+00:00","mainEntityOfPage":{"@id":"https:\/\/dev.explora.cl\/atacama\/municipio-de-caldera-y-par-explora-de-la-uda-realizaran-inedita-intervencion-que-combinara-ciencia-y-bohemia\/"},"wordCount":1017,"image":{"@id":"https:\/\/dev.explora.cl\/atacama\/municipio-de-caldera-y-par-explora-de-la-uda-realizaran-inedita-intervencion-que-combinara-ciencia-y-bohemia\/#primaryimage"},"thumbnailUrl":"https:\/\/dev.explora.cl\/atacama\/wp-content\/uploads\/sites\/5\/2018\/01\/post-rrss.png","articleSection":["Noticias"],"inLanguage":"es-CL"},{"@type":"WebPage","@id":"https:\/\/dev.explora.cl\/atacama\/municipio-de-caldera-y-par-explora-de-la-uda-realizaran-inedita-intervencion-que-combinara-ciencia-y-bohemia\/","url":"https:\/\/dev.explora.cl\/atacama\/municipio-de-caldera-y-par-explora-de-la-uda-realizaran-inedita-intervencion-que-combinara-ciencia-y-bohemia\/","name":"Municipio de Caldera y PAR EXPLORA de la UDA realizar\u00e1n in\u00e9dita intervenci\u00f3n que combinar\u00e1 Ciencia y Bohemia - Atacama","isPartOf":{"@id":"https:\/\/dev.explora.cl\/atacama\/#website"},"primaryImageOfPage":{"@id":"https:\/\/dev.explora.cl\/atacama\/municipio-de-caldera-y-par-explora-de-la-uda-realizaran-inedita-intervencion-que-combinara-ciencia-y-bohemia\/#primaryimage"},"image":{"@id":"https:\/\/dev.explora.cl\/atacama\/municipio-de-caldera-y-par-explora-de-la-uda-realizaran-inedita-intervencion-que-combinara-ciencia-y-bohemia\/#primaryimage"},"thumbnailUrl":"https:\/\/dev.explora.cl\/atacama\/wp-content\/uploads\/sites\/5\/2018\/01\/post-rrss.png","datePublished":"2018-01-12T19:01:15+00:00","dateModified":"2019-05-16T03:35:43+00:00","author":{"@id":"https:\/\/dev.explora.cl\/atacama\/#\/schema\/person\/cb8349c13ea2d324080adf8480d7ba5d"},"breadcrumb":{"@id":"https:\/\/dev.explora.cl\/atacama\/municipio-de-caldera-y-par-explora-de-la-uda-realizaran-inedita-intervencion-que-combinara-ciencia-y-bohemia\/#breadcrumb"},"inLanguage":"es-CL","potentialAction":[{"@type":"ReadAction","target":["https:\/\/dev.explora.cl\/atacama\/municipio-de-caldera-y-par-explora-de-la-uda-realizaran-inedita-intervencion-que-combinara-ciencia-y-bohemia\/"]}]},{"@type":"ImageObject","inLanguage":"es-CL","@id":"https:\/\/dev.explora.cl\/atacama\/municipio-de-caldera-y-par-explora-de-la-uda-realizaran-inedita-intervencion-que-combinara-ciencia-y-bohemia\/#primaryimage","url":"https:\/\/dev.explora.cl\/atacama\/wp-content\/uploads\/sites\/5\/2018\/01\/post-rrss.png","contentUrl":"https:\/\/dev.explora.cl\/atacama\/wp-content\/uploads\/sites\/5\/2018\/01\/post-rrss.png","width":1200,"height":1200,"caption":"post rrss"},{"@type":"BreadcrumbList","@id":"https:\/\/dev.explora.cl\/atacama\/municipio-de-caldera-y-par-explora-de-la-uda-realizaran-inedita-intervencion-que-combinara-ciencia-y-bohemia\/#breadcrumb","itemListElement":[{"@type":"ListItem","position":1,"name":"Portada","item":"https:\/\/dev.explora.cl\/atacama\/"},{"@type":"ListItem","position":2,"name":"Municipio de Caldera y PAR EXPLORA de la UDA realizar\u00e1n in\u00e9dita intervenci\u00f3n que combinar\u00e1 Ciencia y Bohemia"}]},{"@type":"WebSite","@id":"https:\/\/dev.explora.cl\/atacama\/#website","url":"https:\/\/dev.explora.cl\/atacama\/","name":"Atacama","description":"Otro sitio m\u00e1s de dev.explora.cl","potentialAction":[{"@type":"SearchAction","target":{"@type":"EntryPoint","urlTemplate":"https:\/\/dev.explora.cl\/atacama\/?s={search_term_string}"},"query-input":{"@type":"PropertyValueSpecification","valueRequired":true,"valueName":"search_term_string"}}],"inLanguage":"es-CL"},{"@type":"Person","@id":"https:\/\/dev.explora.cl\/atacama\/#\/schema\/person\/cb8349c13ea2d324080adf8480d7ba5d","name":"webman","image":{"@type":"ImageObject","inLanguage":"es-CL","@id":"https:\/\/dev.explora.cl\/atacama\/#\/schema\/person\/image\/","url":"https:\/\/secure.gravatar.com\/avatar\/eeff3c82f2c02f7177d13663b7e6f890e9a6a0647ce9bb29cae02dcb094c7312?s=96&d=mm&r=g","contentUrl":"https:\/\/secure.gravatar.com\/avatar\/eeff3c82f2c02f7177d13663b7e6f890e9a6a0647ce9bb29cae02dcb094c7312?s=96&d=mm&r=g","caption":"webman"},"url":"https:\/\/dev.explora.cl\/atacama\/author\/webman\/"}]}},"_links":{"self":[{"href":"https:\/\/dev.explora.cl\/atacama\/wp-json\/wp\/v2\/posts\/29716","targetHints":{"allow":["GET"]}}],"collection":[{"href":"https:\/\/dev.explora.cl\/atacama\/wp-json\/wp\/v2\/posts"}],"about":[{"href":"https:\/\/dev.explora.cl\/atacama\/wp-json\/wp\/v2\/types\/post"}],"author":[{"embeddable":true,"href":"https:\/\/dev.explora.cl\/atacama\/wp-json\/wp\/v2\/users\/2"}],"replies":[{"embeddable":true,"href":"https:\/\/dev.explora.cl\/atacama\/wp-json\/wp\/v2\/comments?post=29716"}],"version-history":[{"count":1,"href":"https:\/\/dev.explora.cl\/atacama\/wp-json\/wp\/v2\/posts\/29716\/revisions"}],"predecessor-version":[{"id":37924,"href":"https:\/\/dev.explora.cl\/atacama\/wp-json\/wp\/v2\/posts\/29716\/revisions\/37924"}],"wp:featuredmedia":[{"embeddable":true,"href":"https:\/\/dev.explora.cl\/atacama\/wp-json\/wp\/v2\/media\/29714"}],"wp:attachment":[{"href":"https:\/\/dev.explora.cl\/atacama\/wp-json\/wp\/v2\/media?parent=29716"}],"wp:term":[{"taxonomy":"category","embeddable":true,"href":"https:\/\/dev.explora.cl\/atacama\/wp-json\/wp\/v2\/categories?post=29716"},{"taxonomy":"post_tag","embeddable":true,"href":"https:\/\/dev.explora.cl\/atacama\/wp-json\/wp\/v2\/tags?post=29716"}],"curies":[{"name":"wp","href":"https:\/\/api.w.org\/{rel}","templated":true}]}}