{"id":928,"date":"2018-06-17T19:46:25","date_gmt":"2018-06-17T19:46:25","guid":{"rendered":"https:\/\/dev.explora.cl\/aricayparinacota\/?p=928"},"modified":"2019-05-09T21:37:22","modified_gmt":"2019-05-09T21:37:22","slug":"equipo-arica-y-parinacota","status":"publish","type":"post","link":"https:\/\/dev.explora.cl\/aricayparinacota\/equipo-arica-y-parinacota\/","title":{"rendered":"Equipo Arica y Parinacota"},"content":{"rendered":"<div style=\"margin-left: auto;margin-right: auto;font-family: inherit\">[our-team]<\/div>\n<div style=\"width: 230px;vertical-align: top;text-align: center\">\n<img decoding=\"async\" src=\"\/wp-content\/uploads\/2018\/06\/IMG_0082.jpg\" width=\"150px\" \/><\/p>\n<p style=\"font-weight: bold\">Iv\u00e1n Aguirre Varas<\/p>\n<p class=\"position\">PROFESIONAL DE APOYO \u00c1REA DE DISE\u00d1O PAR EXPLORA DE CONICYT REGI\u00d3N DE ARICA Y PARINACOTA<\/p>\n<p class=\"email\"><a href=\"mailto:\">E-mail<\/a><\/p>\n<p class=\"telephone\">\n<\/div>\n<div style=\"width: 230px;vertical-align: top;text-align: center\">\n<img decoding=\"async\" src=\"\/wp-content\/uploads\/2018\/06\/IMG_0095.jpg\" width=\"150px\" \/><\/p>\n<p style=\"font-weight: bold\">Farah Lopez Marca<\/p>\n<p class=\"position\">ENCARGADO DE VALORACI\u00d3N PAR EXPLORA DE CONICYT REGI\u00d3N DE ARICA Y PARINACOTA<\/p>\n<p class=\"email\"><a href=\"mailto:\">E-mail<\/a><\/p>\n<p class=\"telephone\">\n<\/div>\n<div style=\"width: 230px;vertical-align: top;text-align: center\">\n<img decoding=\"async\" src=\"\/wp-content\/uploads\/2018\/06\/IMG_0036.jpg\" width=\"150px\" \/><\/p>\n<p style=\"font-weight: bold\">Alan Quispe Jofre<\/p>\n<p class=\"position\">Encargado &#8220;Tus Competencias en Ciencias&#8221; de PAR Explora Arica y Parinacota<\/p>\n<p class=\"email\"><a href=\"mailto:\">E-mail<\/a><\/p>\n<p class=\"telephone\">\n<\/div>\n<div style=\"width: 230px;vertical-align: top;text-align: center\">\n<img decoding=\"async\" src=\"https:\/\/dev.explora.cl\/wp-content\/uploads\/2018\/06\/IMG_0038.jpg\" width=\"150px\" \/><\/p>\n<p style=\"font-weight: bold\">M\u00f3nica Navarrete Alvarez<\/p>\n<p class=\"position\">Directora PAR Explora de CONICYT Regi\u00f3n de Arica y Parinacota<\/p>\n<p class=\"email\"><a href=\"mailto:\">E-mail<\/a><\/p>\n<p class=\"telephone\">582-205279<\/p>\n<\/div>\n<div style=\"width: 230px;vertical-align: top;text-align: center\">\n<img decoding=\"async\" src=\"https:\/\/dev.explora.cl\/wp-content\/uploads\/2018\/06\/IMG_0041.jpg\" width=\"150px\" \/><\/p>\n<p style=\"font-weight: bold\">Claudio Fuentes Lufitt<\/p>\n<p class=\"position\">COORDINADOR EJECUTIVO PAR Explora de CONICYT Regi\u00f3n de Arica y Parinacota<\/p>\n<p class=\"email\"><a href=\"mailto:\">E-mail<\/a><\/p>\n<p class=\"telephone\">\n<\/div>\n<div style=\"width: 230px;vertical-align: top;text-align: center\">\n<img decoding=\"async\" src=\"https:\/\/dev.explora.cl\/wp-content\/uploads\/2018\/06\/IMG_0042.jpg\" width=\"150px\" \/><\/p>\n<p style=\"font-weight: bold\">Pablo Siau Gonz\u00e1lez<\/p>\n<p class=\"position\">Encargado \u00c1rea Dise\u00f1o Gr\u00e1fico y Multimedia PAR Explora de CONICYT Regi\u00f3n de Arica y Parinacota<\/p>\n<p class=\"email\"><a href=\"mailto:\">E-mail<\/a><\/p>\n<p class=\"telephone\">\n<\/div>\n<div style=\"width: 230px;vertical-align: top;text-align: center\">\n<img decoding=\"async\" src=\"https:\/\/dev.explora.cl\/wp-content\/uploads\/2018\/06\/IMG_0097.jpg\" width=\"150px\" \/><\/p>\n<p style=\"font-weight: bold\">Daniela Bahamondes Salas<\/p>\n<p class=\"position\">Encargada de Vinculaci\u00f3n Escolar PAR Explora de CONICYT Regi\u00f3n de Arica y Parinacota<\/p>\n<p class=\"email\"><a href=\"mailto:\">E-mail<\/a><\/p>\n<p class=\"telephone\">\n<\/div>\n<div style=\"width: 230px;vertical-align: top;text-align: center\">\n<img decoding=\"async\" src=\"https:\/\/dev.explora.cl\/wp-content\/uploads\/2018\/06\/IMG_0047.jpg\" width=\"150px\" \/><\/p>\n<p style=\"font-weight: bold\">Robert Cornejo Y\u00e1\u00f1ez<\/p>\n<p class=\"position\">ENCARGADO DE DIVULGACI\u00d3N PAR EXPLORA DE CONICYT REGI\u00d3N DE ARICA Y PARINACOTA<\/p>\n<p class=\"email\"><a href=\"mailto:\">E-mail<\/a><\/p>\n<p class=\"telephone\">\n<\/div>\n<div style=\"width: 230px;vertical-align: top;text-align: center\">\n<img decoding=\"async\" src=\"https:\/\/dev.explora.cl\/wp-content\/uploads\/2018\/06\/IMG_0074.jpg\" width=\"150px\" \/><\/p>\n<p style=\"font-weight: bold\">Sebastian Aracena Aguirre<\/p>\n<p class=\"position\">ENCARGADO DE CUANTIFICACIONES Y MEDIOS DE VERIFICACI\u00d3N PAR EXPLORA DE CONICYT REGI\u00d3N DE ARICA Y PARINACOTA<\/p>\n<p class=\"email\"><a href=\"mailto:\">E-mail<\/a><\/p>\n<p class=\"telephone\">\n<\/div>\n<div style=\"width: 230px;vertical-align: top;text-align: center\">\n<img decoding=\"async\" src=\"https:\/\/dev.explora.cl\/wp-content\/uploads\/2018\/06\/ada_720.jpg\" width=\"150px\" \/><\/p>\n<p style=\"font-weight: bold\">Ada Rivas Valdebenito<\/p>\n<p class=\"position\">Encargada de Comunicaciones PAR Explora de CONICYT Regi\u00f3n de Arica y Parinacota<\/p>\n<p class=\"email\"><a href=\"mailto:\">E-mail<\/a><\/p>\n<p class=\"telephone\">\n<\/div>\n<div style=\"width: 230px;vertical-align: top;text-align: center\">\n<img decoding=\"async\" src=\"https:\/\/dev.explora.cl\/wp-content\/uploads\/2018\/06\/IMG_0076.jpg\" width=\"150px\" \/><\/p>\n<p style=\"font-weight: bold\">Rodrigo Cornejo Mejias<\/p>\n<p class=\"position\">Encargado de Producci\u00f3n y Log\u00edstica PAR Explora de CONICYT Regi\u00f3n de Arica y Parinacota<\/p>\n<p class=\"email\"><a href=\"mailto:\">E-mail<\/a><\/p>\n<p class=\"telephone\">\n<\/div>\n<div style=\"width: 230px;vertical-align: top;text-align: center\">\n<img decoding=\"async\" src=\"https:\/\/dev.explora.cl\/wp-content\/uploads\/2018\/06\/IMG_0072.jpg\" width=\"150px\" \/><\/p>\n<p style=\"font-weight: bold\">Hernan Betancourt<\/p>\n<p class=\"position\">Encargado de Finanzas<\/p>\n<p class=\"email\"><a href=\"mailto:\">E-mail<\/a><\/p>\n<\/div>\n","protected":false},"excerpt":{"rendered":"<p>[our-team] Iv\u00e1n Aguirre Varas PROFESIONAL DE APOYO \u00c1REA DE DISE\u00d1O PAR EXPLORA DE CONICYT REGI\u00d3N DE ARICA Y PARINACOTA E-mail Farah Lopez Marca ENCARGADO DE VALORACI\u00d3N PAR EXPLORA DE CONICYT REGI\u00d3N DE ARICA Y PARINACOTA E-mail Alan Quispe Jofre Encargado &#8220;Tus Competencias en Ciencias&#8221; de PAR Explora Arica y Parinacota E-mail M\u00f3nica Navarrete Alvarez Directora [&hellip;]<\/p>\n","protected":false},"author":2,"featured_media":0,"comment_status":"closed","ping_status":"open","sticky":false,"template":"","format":"standard","meta":{"_acf_changed":false,"_exactmetrics_skip_tracking":false,"_exactmetrics_sitenote_active":false,"_exactmetrics_sitenote_note":"","_exactmetrics_sitenote_category":0,"footnotes":"","_links_to":"","_links_to_target":""},"categories":[4],"tags":[],"class_list":["post-928","post","type-post","status-publish","format-standard","hentry","category-noticias"],"acf":[],"yoast_head":"<!-- This site is optimized with the Yoast SEO plugin v26.7 - https:\/\/yoast.com\/wordpress\/plugins\/seo\/ -->\n<title>Equipo Arica y Parinacota - Arica y Parinacota<\/title>\n<meta name=\"robots\" content=\"index, follow, max-snippet:-1, max-image-preview:large, max-video-preview:-1\" \/>\n<link rel=\"canonical\" href=\"https:\/\/dev.explora.cl\/aricayparinacota\/equipo-arica-y-parinacota\/\" class=\"yoast-seo-meta-tag\" \/>\n<meta property=\"og:locale\" content=\"es_ES\" class=\"yoast-seo-meta-tag\" \/>\n<meta property=\"og:type\" content=\"article\" class=\"yoast-seo-meta-tag\" \/>\n<meta property=\"og:title\" content=\"Equipo Arica y Parinacota - Arica y Parinacota\" class=\"yoast-seo-meta-tag\" \/>\n<meta property=\"og:description\" content=\"[our-team] Iv\u00e1n Aguirre Varas PROFESIONAL DE APOYO \u00c1REA DE DISE\u00d1O PAR EXPLORA DE CONICYT REGI\u00d3N DE ARICA Y PARINACOTA E-mail Farah Lopez Marca ENCARGADO DE VALORACI\u00d3N PAR EXPLORA DE CONICYT REGI\u00d3N DE ARICA Y PARINACOTA E-mail Alan Quispe Jofre Encargado &#8220;Tus Competencias en Ciencias&#8221; de PAR Explora Arica y Parinacota E-mail M\u00f3nica Navarrete Alvarez Directora [&hellip;]\" class=\"yoast-seo-meta-tag\" \/>\n<meta property=\"og:url\" content=\"https:\/\/dev.explora.cl\/aricayparinacota\/equipo-arica-y-parinacota\/\" class=\"yoast-seo-meta-tag\" \/>\n<meta property=\"og:site_name\" content=\"Arica y Parinacota\" class=\"yoast-seo-meta-tag\" \/>\n<meta property=\"article:published_time\" content=\"2018-06-17T19:46:25+00:00\" class=\"yoast-seo-meta-tag\" \/>\n<meta property=\"article:modified_time\" content=\"2019-05-09T21:37:22+00:00\" class=\"yoast-seo-meta-tag\" \/>\n<meta property=\"og:image\" content=\"https:\/\/dev.explora.cl\/wp-content\/uploads\/2018\/06\/IMG_0038.jpg\" class=\"yoast-seo-meta-tag\" \/>\n<meta name=\"author\" content=\"webman\" class=\"yoast-seo-meta-tag\" \/>\n<meta name=\"twitter:card\" content=\"summary_large_image\" class=\"yoast-seo-meta-tag\" \/>\n<meta name=\"twitter:label1\" content=\"Escrito por\" class=\"yoast-seo-meta-tag\" \/>\n\t<meta name=\"twitter:data1\" content=\"webman\" class=\"yoast-seo-meta-tag\" \/>\n\t<meta name=\"twitter:label2\" content=\"Tiempo estimado de lectura\" class=\"yoast-seo-meta-tag\" \/>\n\t<meta name=\"twitter:data2\" content=\"1 minuto\" class=\"yoast-seo-meta-tag\" \/>\n<script type=\"application\/ld+json\" class=\"yoast-schema-graph\">{\"@context\":\"https:\/\/schema.org\",\"@graph\":[{\"@type\":\"Article\",\"@id\":\"https:\/\/dev.explora.cl\/aricayparinacota\/equipo-arica-y-parinacota\/#article\",\"isPartOf\":{\"@id\":\"https:\/\/dev.explora.cl\/aricayparinacota\/equipo-arica-y-parinacota\/\"},\"author\":{\"name\":\"webman\",\"@id\":\"https:\/\/dev.explora.cl\/aricayparinacota\/#\/schema\/person\/cb8349c13ea2d324080adf8480d7ba5d\"},\"headline\":\"Equipo Arica y Parinacota\",\"datePublished\":\"2018-06-17T19:46:25+00:00\",\"dateModified\":\"2019-05-09T21:37:22+00:00\",\"mainEntityOfPage\":{\"@id\":\"https:\/\/dev.explora.cl\/aricayparinacota\/equipo-arica-y-parinacota\/\"},\"wordCount\":220,\"publisher\":{\"@id\":\"https:\/\/dev.explora.cl\/aricayparinacota\/#organization\"},\"image\":{\"@id\":\"https:\/\/dev.explora.cl\/aricayparinacota\/equipo-arica-y-parinacota\/#primaryimage\"},\"thumbnailUrl\":\"https:\/\/dev.explora.cl\/wp-content\/uploads\/2018\/06\/IMG_0038.jpg\",\"articleSection\":[\"Noticias\"],\"inLanguage\":\"es-CL\"},{\"@type\":\"WebPage\",\"@id\":\"https:\/\/dev.explora.cl\/aricayparinacota\/equipo-arica-y-parinacota\/\",\"url\":\"https:\/\/dev.explora.cl\/aricayparinacota\/equipo-arica-y-parinacota\/\",\"name\":\"Equipo Arica y Parinacota - Arica y Parinacota\",\"isPartOf\":{\"@id\":\"https:\/\/dev.explora.cl\/aricayparinacota\/#website\"},\"primaryImageOfPage\":{\"@id\":\"https:\/\/dev.explora.cl\/aricayparinacota\/equipo-arica-y-parinacota\/#primaryimage\"},\"image\":{\"@id\":\"https:\/\/dev.explora.cl\/aricayparinacota\/equipo-arica-y-parinacota\/#primaryimage\"},\"thumbnailUrl\":\"https:\/\/dev.explora.cl\/wp-content\/uploads\/2018\/06\/IMG_0038.jpg\",\"datePublished\":\"2018-06-17T19:46:25+00:00\",\"dateModified\":\"2019-05-09T21:37:22+00:00\",\"breadcrumb\":{\"@id\":\"https:\/\/dev.explora.cl\/aricayparinacota\/equipo-arica-y-parinacota\/#breadcrumb\"},\"inLanguage\":\"es-CL\",\"potentialAction\":[{\"@type\":\"ReadAction\",\"target\":[\"https:\/\/dev.explora.cl\/aricayparinacota\/equipo-arica-y-parinacota\/\"]}]},{\"@type\":\"ImageObject\",\"inLanguage\":\"es-CL\",\"@id\":\"https:\/\/dev.explora.cl\/aricayparinacota\/equipo-arica-y-parinacota\/#primaryimage\",\"url\":\"https:\/\/dev.explora.cl\/wp-content\/uploads\/2018\/06\/IMG_0038.jpg\",\"contentUrl\":\"https:\/\/dev.explora.cl\/wp-content\/uploads\/2018\/06\/IMG_0038.jpg\"},{\"@type\":\"BreadcrumbList\",\"@id\":\"https:\/\/dev.explora.cl\/aricayparinacota\/equipo-arica-y-parinacota\/#breadcrumb\",\"itemListElement\":[{\"@type\":\"ListItem\",\"position\":1,\"name\":\"Portada\",\"item\":\"https:\/\/dev.explora.cl\/aricayparinacota\/\"},{\"@type\":\"ListItem\",\"position\":2,\"name\":\"Equipo Arica y Parinacota\"}]},{\"@type\":\"WebSite\",\"@id\":\"https:\/\/dev.explora.cl\/aricayparinacota\/#website\",\"url\":\"https:\/\/dev.explora.cl\/aricayparinacota\/\",\"name\":\"Arica y Parinacota\",\"description\":\"Otro sitio m\u00e1s de dev.explora.cl\",\"publisher\":{\"@id\":\"https:\/\/dev.explora.cl\/aricayparinacota\/#organization\"},\"potentialAction\":[{\"@type\":\"SearchAction\",\"target\":{\"@type\":\"EntryPoint\",\"urlTemplate\":\"https:\/\/dev.explora.cl\/aricayparinacota\/?s={search_term_string}\"},\"query-input\":{\"@type\":\"PropertyValueSpecification\",\"valueRequired\":true,\"valueName\":\"search_term_string\"}}],\"inLanguage\":\"es-CL\"},{\"@type\":\"Organization\",\"@id\":\"https:\/\/dev.explora.cl\/aricayparinacota\/#organization\",\"name\":\"Arica y Parinacota\",\"url\":\"https:\/\/dev.explora.cl\/aricayparinacota\/\",\"logo\":{\"@type\":\"ImageObject\",\"inLanguage\":\"es-CL\",\"@id\":\"https:\/\/dev.explora.cl\/aricayparinacota\/#\/schema\/logo\/image\/\",\"url\":\"https:\/\/dev.explora.cl\/aricayparinacota\/wp-content\/uploads\/sites\/2\/2020\/08\/cropped-nuevosa-logos-11.png\",\"contentUrl\":\"https:\/\/dev.explora.cl\/aricayparinacota\/wp-content\/uploads\/sites\/2\/2020\/08\/cropped-nuevosa-logos-11.png\",\"width\":812,\"height\":937,\"caption\":\"Arica y Parinacota\"},\"image\":{\"@id\":\"https:\/\/dev.explora.cl\/aricayparinacota\/#\/schema\/logo\/image\/\"}},{\"@type\":\"Person\",\"@id\":\"https:\/\/dev.explora.cl\/aricayparinacota\/#\/schema\/person\/cb8349c13ea2d324080adf8480d7ba5d\",\"name\":\"webman\",\"image\":{\"@type\":\"ImageObject\",\"inLanguage\":\"es-CL\",\"@id\":\"https:\/\/dev.explora.cl\/aricayparinacota\/#\/schema\/person\/image\/\",\"url\":\"https:\/\/secure.gravatar.com\/avatar\/eeff3c82f2c02f7177d13663b7e6f890e9a6a0647ce9bb29cae02dcb094c7312?s=96&d=mm&r=g\",\"contentUrl\":\"https:\/\/secure.gravatar.com\/avatar\/eeff3c82f2c02f7177d13663b7e6f890e9a6a0647ce9bb29cae02dcb094c7312?s=96&d=mm&r=g\",\"caption\":\"webman\"},\"url\":\"https:\/\/dev.explora.cl\/aricayparinacota\/author\/webman\/\"}]}<\/script>\n<!-- \/ Yoast SEO plugin. -->","yoast_head_json":{"title":"Equipo Arica y Parinacota - Arica y Parinacota","robots":{"index":"index","follow":"follow","max-snippet":"max-snippet:-1","max-image-preview":"max-image-preview:large","max-video-preview":"max-video-preview:-1"},"canonical":"https:\/\/dev.explora.cl\/aricayparinacota\/equipo-arica-y-parinacota\/","og_locale":"es_ES","og_type":"article","og_title":"Equipo Arica y Parinacota - Arica y Parinacota","og_description":"[our-team] Iv\u00e1n Aguirre Varas PROFESIONAL DE APOYO \u00c1REA DE DISE\u00d1O PAR EXPLORA DE CONICYT REGI\u00d3N DE ARICA Y PARINACOTA E-mail Farah Lopez Marca ENCARGADO DE VALORACI\u00d3N PAR EXPLORA DE CONICYT REGI\u00d3N DE ARICA Y PARINACOTA E-mail Alan Quispe Jofre Encargado &#8220;Tus Competencias en Ciencias&#8221; de PAR Explora Arica y Parinacota E-mail M\u00f3nica Navarrete Alvarez Directora [&hellip;]","og_url":"https:\/\/dev.explora.cl\/aricayparinacota\/equipo-arica-y-parinacota\/","og_site_name":"Arica y Parinacota","article_published_time":"2018-06-17T19:46:25+00:00","article_modified_time":"2019-05-09T21:37:22+00:00","og_image":[{"url":"https:\/\/dev.explora.cl\/wp-content\/uploads\/2018\/06\/IMG_0038.jpg","type":"","width":"","height":""}],"author":"webman","twitter_card":"summary_large_image","twitter_misc":{"Escrito por":"webman","Tiempo estimado de lectura":"1 minuto"},"schema":{"@context":"https:\/\/schema.org","@graph":[{"@type":"Article","@id":"https:\/\/dev.explora.cl\/aricayparinacota\/equipo-arica-y-parinacota\/#article","isPartOf":{"@id":"https:\/\/dev.explora.cl\/aricayparinacota\/equipo-arica-y-parinacota\/"},"author":{"name":"webman","@id":"https:\/\/dev.explora.cl\/aricayparinacota\/#\/schema\/person\/cb8349c13ea2d324080adf8480d7ba5d"},"headline":"Equipo Arica y Parinacota","datePublished":"2018-06-17T19:46:25+00:00","dateModified":"2019-05-09T21:37:22+00:00","mainEntityOfPage":{"@id":"https:\/\/dev.explora.cl\/aricayparinacota\/equipo-arica-y-parinacota\/"},"wordCount":220,"publisher":{"@id":"https:\/\/dev.explora.cl\/aricayparinacota\/#organization"},"image":{"@id":"https:\/\/dev.explora.cl\/aricayparinacota\/equipo-arica-y-parinacota\/#primaryimage"},"thumbnailUrl":"https:\/\/dev.explora.cl\/wp-content\/uploads\/2018\/06\/IMG_0038.jpg","articleSection":["Noticias"],"inLanguage":"es-CL"},{"@type":"WebPage","@id":"https:\/\/dev.explora.cl\/aricayparinacota\/equipo-arica-y-parinacota\/","url":"https:\/\/dev.explora.cl\/aricayparinacota\/equipo-arica-y-parinacota\/","name":"Equipo Arica y Parinacota - Arica y Parinacota","isPartOf":{"@id":"https:\/\/dev.explora.cl\/aricayparinacota\/#website"},"primaryImageOfPage":{"@id":"https:\/\/dev.explora.cl\/aricayparinacota\/equipo-arica-y-parinacota\/#primaryimage"},"image":{"@id":"https:\/\/dev.explora.cl\/aricayparinacota\/equipo-arica-y-parinacota\/#primaryimage"},"thumbnailUrl":"https:\/\/dev.explora.cl\/wp-content\/uploads\/2018\/06\/IMG_0038.jpg","datePublished":"2018-06-17T19:46:25+00:00","dateModified":"2019-05-09T21:37:22+00:00","breadcrumb":{"@id":"https:\/\/dev.explora.cl\/aricayparinacota\/equipo-arica-y-parinacota\/#breadcrumb"},"inLanguage":"es-CL","potentialAction":[{"@type":"ReadAction","target":["https:\/\/dev.explora.cl\/aricayparinacota\/equipo-arica-y-parinacota\/"]}]},{"@type":"ImageObject","inLanguage":"es-CL","@id":"https:\/\/dev.explora.cl\/aricayparinacota\/equipo-arica-y-parinacota\/#primaryimage","url":"https:\/\/dev.explora.cl\/wp-content\/uploads\/2018\/06\/IMG_0038.jpg","contentUrl":"https:\/\/dev.explora.cl\/wp-content\/uploads\/2018\/06\/IMG_0038.jpg"},{"@type":"BreadcrumbList","@id":"https:\/\/dev.explora.cl\/aricayparinacota\/equipo-arica-y-parinacota\/#breadcrumb","itemListElement":[{"@type":"ListItem","position":1,"name":"Portada","item":"https:\/\/dev.explora.cl\/aricayparinacota\/"},{"@type":"ListItem","position":2,"name":"Equipo Arica y Parinacota"}]},{"@type":"WebSite","@id":"https:\/\/dev.explora.cl\/aricayparinacota\/#website","url":"https:\/\/dev.explora.cl\/aricayparinacota\/","name":"Arica y Parinacota","description":"Otro sitio m\u00e1s de dev.explora.cl","publisher":{"@id":"https:\/\/dev.explora.cl\/aricayparinacota\/#organization"},"potentialAction":[{"@type":"SearchAction","target":{"@type":"EntryPoint","urlTemplate":"https:\/\/dev.explora.cl\/aricayparinacota\/?s={search_term_string}"},"query-input":{"@type":"PropertyValueSpecification","valueRequired":true,"valueName":"search_term_string"}}],"inLanguage":"es-CL"},{"@type":"Organization","@id":"https:\/\/dev.explora.cl\/aricayparinacota\/#organization","name":"Arica y Parinacota","url":"https:\/\/dev.explora.cl\/aricayparinacota\/","logo":{"@type":"ImageObject","inLanguage":"es-CL","@id":"https:\/\/dev.explora.cl\/aricayparinacota\/#\/schema\/logo\/image\/","url":"https:\/\/dev.explora.cl\/aricayparinacota\/wp-content\/uploads\/sites\/2\/2020\/08\/cropped-nuevosa-logos-11.png","contentUrl":"https:\/\/dev.explora.cl\/aricayparinacota\/wp-content\/uploads\/sites\/2\/2020\/08\/cropped-nuevosa-logos-11.png","width":812,"height":937,"caption":"Arica y Parinacota"},"image":{"@id":"https:\/\/dev.explora.cl\/aricayparinacota\/#\/schema\/logo\/image\/"}},{"@type":"Person","@id":"https:\/\/dev.explora.cl\/aricayparinacota\/#\/schema\/person\/cb8349c13ea2d324080adf8480d7ba5d","name":"webman","image":{"@type":"ImageObject","inLanguage":"es-CL","@id":"https:\/\/dev.explora.cl\/aricayparinacota\/#\/schema\/person\/image\/","url":"https:\/\/secure.gravatar.com\/avatar\/eeff3c82f2c02f7177d13663b7e6f890e9a6a0647ce9bb29cae02dcb094c7312?s=96&d=mm&r=g","contentUrl":"https:\/\/secure.gravatar.com\/avatar\/eeff3c82f2c02f7177d13663b7e6f890e9a6a0647ce9bb29cae02dcb094c7312?s=96&d=mm&r=g","caption":"webman"},"url":"https:\/\/dev.explora.cl\/aricayparinacota\/author\/webman\/"}]}},"_links":{"self":[{"href":"https:\/\/dev.explora.cl\/aricayparinacota\/wp-json\/wp\/v2\/posts\/928","targetHints":{"allow":["GET"]}}],"collection":[{"href":"https:\/\/dev.explora.cl\/aricayparinacota\/wp-json\/wp\/v2\/posts"}],"about":[{"href":"https:\/\/dev.explora.cl\/aricayparinacota\/wp-json\/wp\/v2\/types\/post"}],"author":[{"embeddable":true,"href":"https:\/\/dev.explora.cl\/aricayparinacota\/wp-json\/wp\/v2\/users\/2"}],"replies":[{"embeddable":true,"href":"https:\/\/dev.explora.cl\/aricayparinacota\/wp-json\/wp\/v2\/comments?post=928"}],"version-history":[{"count":1,"href":"https:\/\/dev.explora.cl\/aricayparinacota\/wp-json\/wp\/v2\/posts\/928\/revisions"}],"predecessor-version":[{"id":33561,"href":"https:\/\/dev.explora.cl\/aricayparinacota\/wp-json\/wp\/v2\/posts\/928\/revisions\/33561"}],"wp:attachment":[{"href":"https:\/\/dev.explora.cl\/aricayparinacota\/wp-json\/wp\/v2\/media?parent=928"}],"wp:term":[{"taxonomy":"category","embeddable":true,"href":"https:\/\/dev.explora.cl\/aricayparinacota\/wp-json\/wp\/v2\/categories?post=928"},{"taxonomy":"post_tag","embeddable":true,"href":"https:\/\/dev.explora.cl\/aricayparinacota\/wp-json\/wp\/v2\/tags?post=928"}],"curies":[{"name":"wp","href":"https:\/\/api.w.org\/{rel}","templated":true}]}}