{"id":35851,"date":"2023-06-05T15:50:41","date_gmt":"2023-06-05T19:50:41","guid":{"rendered":"https:\/\/dev.explora.cl\/aricayparinacota\/?p=35851"},"modified":"2023-06-05T15:51:01","modified_gmt":"2023-06-05T19:51:01","slug":"proyecto-explora-inicia-nueva-etapa-con-desafios-en-la-provincia-de-parinacota","status":"publish","type":"post","link":"https:\/\/dev.explora.cl\/aricayparinacota\/proyecto-explora-inicia-nueva-etapa-con-desafios-en-la-provincia-de-parinacota\/","title":{"rendered":"Proyecto Explora inicia nueva etapa con desaf\u00edos en la provincia de Parinacota"},"content":{"rendered":"<p>La Universidad de Tarapac\u00e1 se adjudic\u00f3 por s\u00e9ptimo a\u00f1o consecutivo el Proyecto Asociativo Regional (PAR) Explora Arica y Parinacota, perteneciente al Ministerio de Ciencia, Tecnolog\u00eda, Conocimiento e Innovaci\u00f3n (CTCI). La iniciativa tiene como prop\u00f3sito fortalecer las competencias en CTCI de las comunidades educativas, a trav\u00e9s de la planificaci\u00f3n, realizaci\u00f3n y socializaci\u00f3n de actividades con estudiantes de la regi\u00f3n.<\/p>\n<p>Entre las brechas que busca solucionar Explora, se encuentran los bajos rendimientos en ciencias detectados en la prueba Simce y TIMSS a nivel nacional, y la falta de acceso al conocimiento cient\u00edfico, que se observa en la Encuesta Nacional de Percepci\u00f3n Social de la Ciencia y la Tecnolog\u00eda Explora del Ministerio de Ciencia.<\/p>\n<p>Este nuevo proceso llega con buenas noticias, esta vez para la comuna de Putre, donde se abrir\u00e1 una oficina de enlace, que va a permitir poder llegar de manera concreta, en el territorio, a los sectores aislados de la regi\u00f3n. \u201cDentro de los grandes desaf\u00edos est\u00e1 el poder llegar al 10% de los establecimiento educacional y jardines infantiles, de todas las comunas de la regi\u00f3n, pero en realidad nosotros como programa, estamos desde el a\u00f1o 2016 trabajando en el territorio, entonces esperamos superar con creces esta meta\u201d coment\u00f3 el coordinar regional de Explora, Claudio Fuentes Lufitt.<\/p>\n<p>El proyecto busca potenciar la trayectoria cient\u00edfica de estudiantes, desde educaci\u00f3n parvularia hasta cuarto medio, trabajando con el primer segmento atreves del <strong>Programa de Indagaci\u00f3n para Primeras Edades (PIPE)<\/strong> orientados a educadoras de p\u00e1rvulos, quienes reciben capacitaci\u00f3n y un kit de materiales con actividades. Por otro lado, el PAR promueve la <strong>iniciativa Investigaci\u00f3n e Innovaci\u00f3n Escolar<\/strong>, dirigido a estudiantes de 1\u00ba b\u00e1sico a 4\u00ba medio, a quienes se les impulsa a desarrollar investigaci\u00f3n escolar, con el acompa\u00f1amiento de un asesor cient\u00edfico de nuestra universidad o de nuestras redes de colaboraci\u00f3n.<\/p>\n<p>Pensando especialmente en docentes como agentes de cambio, el PAR promueve la iniciativa <strong>\u201cCampamento CTCI para docentes y educadoras de p\u00e1rvulo Explora Va!\u201d<\/strong> dirigido a profesionales de todas las especialidades de la regi\u00f3n. Finalmente, a trav\u00e9s de Explora, el Ministerio de Ciencia persigue incentivar la trayectoria cient\u00edfica de los estudiantes, desembocando en el <strong>Cupo Explora- Unesco<\/strong> el que permite el acceso de las y los estudiantes por v\u00eda de admisi\u00f3n especial a la Universidad.<\/p>\n<p>La directora de Explora Arica y Parinacota, la Dra. M\u00f3nica Navarrete \u00c1lvarez, hizo un llamado a docentes, educadoras, t\u00e9cnicas\/os, encargados\/as de UTP y directivos\/as de todos los establecimientos educaciones a sumarse a las iniciativas del PAR. \u201cLas y los invitamos a ser parte de Explora, a trav\u00e9s de nuestra encargada de vinculaci\u00f3n escolar nos coordinamos para visitarlos en sus establecimientos y guiarlos en el proceso\u201d.<\/p>\n","protected":false},"excerpt":{"rendered":"<p>La Universidad de Tarapac\u00e1 se adjudic\u00f3 por s\u00e9ptimo a\u00f1o consecutivo el Proyecto Asociativo Regional (PAR) Explora Arica y Parinacota, perteneciente al Ministerio de Ciencia, Tecnolog\u00eda, Conocimiento e Innovaci\u00f3n (CTCI). La iniciativa tiene como prop\u00f3sito fortalecer las competencias en CTCI de las comunidades educativas, a trav\u00e9s de la planificaci\u00f3n, realizaci\u00f3n y socializaci\u00f3n de actividades con estudiantes [&hellip;]<\/p>\n","protected":false},"author":17,"featured_media":35852,"comment_status":"open","ping_status":"open","sticky":false,"template":"","format":"standard","meta":{"_acf_changed":false,"_exactmetrics_skip_tracking":false,"_exactmetrics_sitenote_active":false,"_exactmetrics_sitenote_note":"","_exactmetrics_sitenote_category":0,"footnotes":"","_links_to":"","_links_to_target":""},"categories":[4],"tags":[],"class_list":["post-35851","post","type-post","status-publish","format-standard","has-post-thumbnail","hentry","category-noticias"],"acf":[],"yoast_head":"<!-- This site is optimized with the Yoast SEO plugin v26.7 - https:\/\/yoast.com\/wordpress\/plugins\/seo\/ -->\n<title>Proyecto Explora inicia nueva etapa con desaf\u00edos en la provincia de Parinacota - Arica y Parinacota<\/title>\n<meta name=\"robots\" content=\"index, follow, max-snippet:-1, max-image-preview:large, max-video-preview:-1\" \/>\n<link rel=\"canonical\" href=\"https:\/\/dev.explora.cl\/aricayparinacota\/proyecto-explora-inicia-nueva-etapa-con-desafios-en-la-provincia-de-parinacota\/\" class=\"yoast-seo-meta-tag\" \/>\n<meta property=\"og:locale\" content=\"es_ES\" class=\"yoast-seo-meta-tag\" \/>\n<meta property=\"og:type\" content=\"article\" class=\"yoast-seo-meta-tag\" \/>\n<meta property=\"og:title\" content=\"Proyecto Explora inicia nueva etapa con desaf\u00edos en la provincia de Parinacota - Arica y Parinacota\" class=\"yoast-seo-meta-tag\" \/>\n<meta property=\"og:description\" content=\"La Universidad de Tarapac\u00e1 se adjudic\u00f3 por s\u00e9ptimo a\u00f1o consecutivo el Proyecto Asociativo Regional (PAR) Explora Arica y Parinacota, perteneciente al Ministerio de Ciencia, Tecnolog\u00eda, Conocimiento e Innovaci\u00f3n (CTCI). La iniciativa tiene como prop\u00f3sito fortalecer las competencias en CTCI de las comunidades educativas, a trav\u00e9s de la planificaci\u00f3n, realizaci\u00f3n y socializaci\u00f3n de actividades con estudiantes [&hellip;]\" class=\"yoast-seo-meta-tag\" \/>\n<meta property=\"og:url\" content=\"https:\/\/dev.explora.cl\/aricayparinacota\/proyecto-explora-inicia-nueva-etapa-con-desafios-en-la-provincia-de-parinacota\/\" class=\"yoast-seo-meta-tag\" \/>\n<meta property=\"og:site_name\" content=\"Arica y Parinacota\" class=\"yoast-seo-meta-tag\" \/>\n<meta property=\"article:published_time\" content=\"2023-06-05T19:50:41+00:00\" class=\"yoast-seo-meta-tag\" \/>\n<meta property=\"article:modified_time\" content=\"2023-06-05T19:51:01+00:00\" class=\"yoast-seo-meta-tag\" \/>\n<meta property=\"og:image\" content=\"https:\/\/dev.explora.cl\/aricayparinacota\/wp-content\/uploads\/sites\/2\/2023\/06\/EXPLORA-4.png\" class=\"yoast-seo-meta-tag\" \/>\n\t<meta property=\"og:image:width\" content=\"832\" class=\"yoast-seo-meta-tag\" \/>\n\t<meta property=\"og:image:height\" content=\"687\" class=\"yoast-seo-meta-tag\" \/>\n\t<meta property=\"og:image:type\" content=\"image\/png\" class=\"yoast-seo-meta-tag\" \/>\n<meta name=\"author\" content=\"saracena\" class=\"yoast-seo-meta-tag\" \/>\n<meta name=\"twitter:card\" content=\"summary_large_image\" class=\"yoast-seo-meta-tag\" \/>\n<meta name=\"twitter:label1\" content=\"Escrito por\" class=\"yoast-seo-meta-tag\" \/>\n\t<meta name=\"twitter:data1\" content=\"saracena\" class=\"yoast-seo-meta-tag\" \/>\n\t<meta name=\"twitter:label2\" content=\"Tiempo estimado de lectura\" class=\"yoast-seo-meta-tag\" \/>\n\t<meta name=\"twitter:data2\" content=\"2 minutos\" class=\"yoast-seo-meta-tag\" \/>\n<script type=\"application\/ld+json\" class=\"yoast-schema-graph\">{\"@context\":\"https:\/\/schema.org\",\"@graph\":[{\"@type\":\"Article\",\"@id\":\"https:\/\/dev.explora.cl\/aricayparinacota\/proyecto-explora-inicia-nueva-etapa-con-desafios-en-la-provincia-de-parinacota\/#article\",\"isPartOf\":{\"@id\":\"https:\/\/dev.explora.cl\/aricayparinacota\/proyecto-explora-inicia-nueva-etapa-con-desafios-en-la-provincia-de-parinacota\/\"},\"author\":{\"name\":\"saracena\",\"@id\":\"https:\/\/dev.explora.cl\/aricayparinacota\/#\/schema\/person\/0372c8c9d6b6d58d9dc5036ff9d41a7e\"},\"headline\":\"Proyecto Explora inicia nueva etapa con desaf\u00edos en la provincia de Parinacota\",\"datePublished\":\"2023-06-05T19:50:41+00:00\",\"dateModified\":\"2023-06-05T19:51:01+00:00\",\"mainEntityOfPage\":{\"@id\":\"https:\/\/dev.explora.cl\/aricayparinacota\/proyecto-explora-inicia-nueva-etapa-con-desafios-en-la-provincia-de-parinacota\/\"},\"wordCount\":487,\"commentCount\":0,\"publisher\":{\"@id\":\"https:\/\/dev.explora.cl\/aricayparinacota\/#organization\"},\"image\":{\"@id\":\"https:\/\/dev.explora.cl\/aricayparinacota\/proyecto-explora-inicia-nueva-etapa-con-desafios-en-la-provincia-de-parinacota\/#primaryimage\"},\"thumbnailUrl\":\"https:\/\/dev.explora.cl\/aricayparinacota\/wp-content\/uploads\/sites\/2\/2023\/06\/EXPLORA-4.png\",\"articleSection\":[\"Noticias\"],\"inLanguage\":\"es-CL\",\"potentialAction\":[{\"@type\":\"CommentAction\",\"name\":\"Comment\",\"target\":[\"https:\/\/dev.explora.cl\/aricayparinacota\/proyecto-explora-inicia-nueva-etapa-con-desafios-en-la-provincia-de-parinacota\/#respond\"]}]},{\"@type\":\"WebPage\",\"@id\":\"https:\/\/dev.explora.cl\/aricayparinacota\/proyecto-explora-inicia-nueva-etapa-con-desafios-en-la-provincia-de-parinacota\/\",\"url\":\"https:\/\/dev.explora.cl\/aricayparinacota\/proyecto-explora-inicia-nueva-etapa-con-desafios-en-la-provincia-de-parinacota\/\",\"name\":\"Proyecto Explora inicia nueva etapa con desaf\u00edos en la provincia de Parinacota - Arica y Parinacota\",\"isPartOf\":{\"@id\":\"https:\/\/dev.explora.cl\/aricayparinacota\/#website\"},\"primaryImageOfPage\":{\"@id\":\"https:\/\/dev.explora.cl\/aricayparinacota\/proyecto-explora-inicia-nueva-etapa-con-desafios-en-la-provincia-de-parinacota\/#primaryimage\"},\"image\":{\"@id\":\"https:\/\/dev.explora.cl\/aricayparinacota\/proyecto-explora-inicia-nueva-etapa-con-desafios-en-la-provincia-de-parinacota\/#primaryimage\"},\"thumbnailUrl\":\"https:\/\/dev.explora.cl\/aricayparinacota\/wp-content\/uploads\/sites\/2\/2023\/06\/EXPLORA-4.png\",\"datePublished\":\"2023-06-05T19:50:41+00:00\",\"dateModified\":\"2023-06-05T19:51:01+00:00\",\"breadcrumb\":{\"@id\":\"https:\/\/dev.explora.cl\/aricayparinacota\/proyecto-explora-inicia-nueva-etapa-con-desafios-en-la-provincia-de-parinacota\/#breadcrumb\"},\"inLanguage\":\"es-CL\",\"potentialAction\":[{\"@type\":\"ReadAction\",\"target\":[\"https:\/\/dev.explora.cl\/aricayparinacota\/proyecto-explora-inicia-nueva-etapa-con-desafios-en-la-provincia-de-parinacota\/\"]}]},{\"@type\":\"ImageObject\",\"inLanguage\":\"es-CL\",\"@id\":\"https:\/\/dev.explora.cl\/aricayparinacota\/proyecto-explora-inicia-nueva-etapa-con-desafios-en-la-provincia-de-parinacota\/#primaryimage\",\"url\":\"https:\/\/dev.explora.cl\/aricayparinacota\/wp-content\/uploads\/sites\/2\/2023\/06\/EXPLORA-4.png\",\"contentUrl\":\"https:\/\/dev.explora.cl\/aricayparinacota\/wp-content\/uploads\/sites\/2\/2023\/06\/EXPLORA-4.png\",\"width\":832,\"height\":687},{\"@type\":\"BreadcrumbList\",\"@id\":\"https:\/\/dev.explora.cl\/aricayparinacota\/proyecto-explora-inicia-nueva-etapa-con-desafios-en-la-provincia-de-parinacota\/#breadcrumb\",\"itemListElement\":[{\"@type\":\"ListItem\",\"position\":1,\"name\":\"Portada\",\"item\":\"https:\/\/dev.explora.cl\/aricayparinacota\/\"},{\"@type\":\"ListItem\",\"position\":2,\"name\":\"Proyecto Explora inicia nueva etapa con desaf\u00edos en la provincia de Parinacota\"}]},{\"@type\":\"WebSite\",\"@id\":\"https:\/\/dev.explora.cl\/aricayparinacota\/#website\",\"url\":\"https:\/\/dev.explora.cl\/aricayparinacota\/\",\"name\":\"Arica y Parinacota\",\"description\":\"Otro sitio m\u00e1s de dev.explora.cl\",\"publisher\":{\"@id\":\"https:\/\/dev.explora.cl\/aricayparinacota\/#organization\"},\"potentialAction\":[{\"@type\":\"SearchAction\",\"target\":{\"@type\":\"EntryPoint\",\"urlTemplate\":\"https:\/\/dev.explora.cl\/aricayparinacota\/?s={search_term_string}\"},\"query-input\":{\"@type\":\"PropertyValueSpecification\",\"valueRequired\":true,\"valueName\":\"search_term_string\"}}],\"inLanguage\":\"es-CL\"},{\"@type\":\"Organization\",\"@id\":\"https:\/\/dev.explora.cl\/aricayparinacota\/#organization\",\"name\":\"Arica y Parinacota\",\"url\":\"https:\/\/dev.explora.cl\/aricayparinacota\/\",\"logo\":{\"@type\":\"ImageObject\",\"inLanguage\":\"es-CL\",\"@id\":\"https:\/\/dev.explora.cl\/aricayparinacota\/#\/schema\/logo\/image\/\",\"url\":\"https:\/\/dev.explora.cl\/aricayparinacota\/wp-content\/uploads\/sites\/2\/2020\/08\/cropped-nuevosa-logos-11.png\",\"contentUrl\":\"https:\/\/dev.explora.cl\/aricayparinacota\/wp-content\/uploads\/sites\/2\/2020\/08\/cropped-nuevosa-logos-11.png\",\"width\":812,\"height\":937,\"caption\":\"Arica y Parinacota\"},\"image\":{\"@id\":\"https:\/\/dev.explora.cl\/aricayparinacota\/#\/schema\/logo\/image\/\"}},{\"@type\":\"Person\",\"@id\":\"https:\/\/dev.explora.cl\/aricayparinacota\/#\/schema\/person\/0372c8c9d6b6d58d9dc5036ff9d41a7e\",\"name\":\"saracena\",\"image\":{\"@type\":\"ImageObject\",\"inLanguage\":\"es-CL\",\"@id\":\"https:\/\/dev.explora.cl\/aricayparinacota\/#\/schema\/person\/image\/\",\"url\":\"https:\/\/secure.gravatar.com\/avatar\/b5a50ce5104811995c55568a5df56789f4f7c071d5ab9a4c8345d33225022e41?s=96&d=mm&r=g\",\"contentUrl\":\"https:\/\/secure.gravatar.com\/avatar\/b5a50ce5104811995c55568a5df56789f4f7c071d5ab9a4c8345d33225022e41?s=96&d=mm&r=g\",\"caption\":\"saracena\"},\"url\":\"https:\/\/dev.explora.cl\/aricayparinacota\/author\/saracena\/\"}]}<\/script>\n<!-- \/ Yoast SEO plugin. -->","yoast_head_json":{"title":"Proyecto Explora inicia nueva etapa con desaf\u00edos en la provincia de Parinacota - Arica y Parinacota","robots":{"index":"index","follow":"follow","max-snippet":"max-snippet:-1","max-image-preview":"max-image-preview:large","max-video-preview":"max-video-preview:-1"},"canonical":"https:\/\/dev.explora.cl\/aricayparinacota\/proyecto-explora-inicia-nueva-etapa-con-desafios-en-la-provincia-de-parinacota\/","og_locale":"es_ES","og_type":"article","og_title":"Proyecto Explora inicia nueva etapa con desaf\u00edos en la provincia de Parinacota - Arica y Parinacota","og_description":"La Universidad de Tarapac\u00e1 se adjudic\u00f3 por s\u00e9ptimo a\u00f1o consecutivo el Proyecto Asociativo Regional (PAR) Explora Arica y Parinacota, perteneciente al Ministerio de Ciencia, Tecnolog\u00eda, Conocimiento e Innovaci\u00f3n (CTCI). La iniciativa tiene como prop\u00f3sito fortalecer las competencias en CTCI de las comunidades educativas, a trav\u00e9s de la planificaci\u00f3n, realizaci\u00f3n y socializaci\u00f3n de actividades con estudiantes [&hellip;]","og_url":"https:\/\/dev.explora.cl\/aricayparinacota\/proyecto-explora-inicia-nueva-etapa-con-desafios-en-la-provincia-de-parinacota\/","og_site_name":"Arica y Parinacota","article_published_time":"2023-06-05T19:50:41+00:00","article_modified_time":"2023-06-05T19:51:01+00:00","og_image":[{"width":832,"height":687,"url":"https:\/\/dev.explora.cl\/aricayparinacota\/wp-content\/uploads\/sites\/2\/2023\/06\/EXPLORA-4.png","type":"image\/png"}],"author":"saracena","twitter_card":"summary_large_image","twitter_misc":{"Escrito por":"saracena","Tiempo estimado de lectura":"2 minutos"},"schema":{"@context":"https:\/\/schema.org","@graph":[{"@type":"Article","@id":"https:\/\/dev.explora.cl\/aricayparinacota\/proyecto-explora-inicia-nueva-etapa-con-desafios-en-la-provincia-de-parinacota\/#article","isPartOf":{"@id":"https:\/\/dev.explora.cl\/aricayparinacota\/proyecto-explora-inicia-nueva-etapa-con-desafios-en-la-provincia-de-parinacota\/"},"author":{"name":"saracena","@id":"https:\/\/dev.explora.cl\/aricayparinacota\/#\/schema\/person\/0372c8c9d6b6d58d9dc5036ff9d41a7e"},"headline":"Proyecto Explora inicia nueva etapa con desaf\u00edos en la provincia de Parinacota","datePublished":"2023-06-05T19:50:41+00:00","dateModified":"2023-06-05T19:51:01+00:00","mainEntityOfPage":{"@id":"https:\/\/dev.explora.cl\/aricayparinacota\/proyecto-explora-inicia-nueva-etapa-con-desafios-en-la-provincia-de-parinacota\/"},"wordCount":487,"commentCount":0,"publisher":{"@id":"https:\/\/dev.explora.cl\/aricayparinacota\/#organization"},"image":{"@id":"https:\/\/dev.explora.cl\/aricayparinacota\/proyecto-explora-inicia-nueva-etapa-con-desafios-en-la-provincia-de-parinacota\/#primaryimage"},"thumbnailUrl":"https:\/\/dev.explora.cl\/aricayparinacota\/wp-content\/uploads\/sites\/2\/2023\/06\/EXPLORA-4.png","articleSection":["Noticias"],"inLanguage":"es-CL","potentialAction":[{"@type":"CommentAction","name":"Comment","target":["https:\/\/dev.explora.cl\/aricayparinacota\/proyecto-explora-inicia-nueva-etapa-con-desafios-en-la-provincia-de-parinacota\/#respond"]}]},{"@type":"WebPage","@id":"https:\/\/dev.explora.cl\/aricayparinacota\/proyecto-explora-inicia-nueva-etapa-con-desafios-en-la-provincia-de-parinacota\/","url":"https:\/\/dev.explora.cl\/aricayparinacota\/proyecto-explora-inicia-nueva-etapa-con-desafios-en-la-provincia-de-parinacota\/","name":"Proyecto Explora inicia nueva etapa con desaf\u00edos en la provincia de Parinacota - Arica y Parinacota","isPartOf":{"@id":"https:\/\/dev.explora.cl\/aricayparinacota\/#website"},"primaryImageOfPage":{"@id":"https:\/\/dev.explora.cl\/aricayparinacota\/proyecto-explora-inicia-nueva-etapa-con-desafios-en-la-provincia-de-parinacota\/#primaryimage"},"image":{"@id":"https:\/\/dev.explora.cl\/aricayparinacota\/proyecto-explora-inicia-nueva-etapa-con-desafios-en-la-provincia-de-parinacota\/#primaryimage"},"thumbnailUrl":"https:\/\/dev.explora.cl\/aricayparinacota\/wp-content\/uploads\/sites\/2\/2023\/06\/EXPLORA-4.png","datePublished":"2023-06-05T19:50:41+00:00","dateModified":"2023-06-05T19:51:01+00:00","breadcrumb":{"@id":"https:\/\/dev.explora.cl\/aricayparinacota\/proyecto-explora-inicia-nueva-etapa-con-desafios-en-la-provincia-de-parinacota\/#breadcrumb"},"inLanguage":"es-CL","potentialAction":[{"@type":"ReadAction","target":["https:\/\/dev.explora.cl\/aricayparinacota\/proyecto-explora-inicia-nueva-etapa-con-desafios-en-la-provincia-de-parinacota\/"]}]},{"@type":"ImageObject","inLanguage":"es-CL","@id":"https:\/\/dev.explora.cl\/aricayparinacota\/proyecto-explora-inicia-nueva-etapa-con-desafios-en-la-provincia-de-parinacota\/#primaryimage","url":"https:\/\/dev.explora.cl\/aricayparinacota\/wp-content\/uploads\/sites\/2\/2023\/06\/EXPLORA-4.png","contentUrl":"https:\/\/dev.explora.cl\/aricayparinacota\/wp-content\/uploads\/sites\/2\/2023\/06\/EXPLORA-4.png","width":832,"height":687},{"@type":"BreadcrumbList","@id":"https:\/\/dev.explora.cl\/aricayparinacota\/proyecto-explora-inicia-nueva-etapa-con-desafios-en-la-provincia-de-parinacota\/#breadcrumb","itemListElement":[{"@type":"ListItem","position":1,"name":"Portada","item":"https:\/\/dev.explora.cl\/aricayparinacota\/"},{"@type":"ListItem","position":2,"name":"Proyecto Explora inicia nueva etapa con desaf\u00edos en la provincia de Parinacota"}]},{"@type":"WebSite","@id":"https:\/\/dev.explora.cl\/aricayparinacota\/#website","url":"https:\/\/dev.explora.cl\/aricayparinacota\/","name":"Arica y Parinacota","description":"Otro sitio m\u00e1s de dev.explora.cl","publisher":{"@id":"https:\/\/dev.explora.cl\/aricayparinacota\/#organization"},"potentialAction":[{"@type":"SearchAction","target":{"@type":"EntryPoint","urlTemplate":"https:\/\/dev.explora.cl\/aricayparinacota\/?s={search_term_string}"},"query-input":{"@type":"PropertyValueSpecification","valueRequired":true,"valueName":"search_term_string"}}],"inLanguage":"es-CL"},{"@type":"Organization","@id":"https:\/\/dev.explora.cl\/aricayparinacota\/#organization","name":"Arica y Parinacota","url":"https:\/\/dev.explora.cl\/aricayparinacota\/","logo":{"@type":"ImageObject","inLanguage":"es-CL","@id":"https:\/\/dev.explora.cl\/aricayparinacota\/#\/schema\/logo\/image\/","url":"https:\/\/dev.explora.cl\/aricayparinacota\/wp-content\/uploads\/sites\/2\/2020\/08\/cropped-nuevosa-logos-11.png","contentUrl":"https:\/\/dev.explora.cl\/aricayparinacota\/wp-content\/uploads\/sites\/2\/2020\/08\/cropped-nuevosa-logos-11.png","width":812,"height":937,"caption":"Arica y Parinacota"},"image":{"@id":"https:\/\/dev.explora.cl\/aricayparinacota\/#\/schema\/logo\/image\/"}},{"@type":"Person","@id":"https:\/\/dev.explora.cl\/aricayparinacota\/#\/schema\/person\/0372c8c9d6b6d58d9dc5036ff9d41a7e","name":"saracena","image":{"@type":"ImageObject","inLanguage":"es-CL","@id":"https:\/\/dev.explora.cl\/aricayparinacota\/#\/schema\/person\/image\/","url":"https:\/\/secure.gravatar.com\/avatar\/b5a50ce5104811995c55568a5df56789f4f7c071d5ab9a4c8345d33225022e41?s=96&d=mm&r=g","contentUrl":"https:\/\/secure.gravatar.com\/avatar\/b5a50ce5104811995c55568a5df56789f4f7c071d5ab9a4c8345d33225022e41?s=96&d=mm&r=g","caption":"saracena"},"url":"https:\/\/dev.explora.cl\/aricayparinacota\/author\/saracena\/"}]}},"_links":{"self":[{"href":"https:\/\/dev.explora.cl\/aricayparinacota\/wp-json\/wp\/v2\/posts\/35851","targetHints":{"allow":["GET"]}}],"collection":[{"href":"https:\/\/dev.explora.cl\/aricayparinacota\/wp-json\/wp\/v2\/posts"}],"about":[{"href":"https:\/\/dev.explora.cl\/aricayparinacota\/wp-json\/wp\/v2\/types\/post"}],"author":[{"embeddable":true,"href":"https:\/\/dev.explora.cl\/aricayparinacota\/wp-json\/wp\/v2\/users\/17"}],"replies":[{"embeddable":true,"href":"https:\/\/dev.explora.cl\/aricayparinacota\/wp-json\/wp\/v2\/comments?post=35851"}],"version-history":[{"count":1,"href":"https:\/\/dev.explora.cl\/aricayparinacota\/wp-json\/wp\/v2\/posts\/35851\/revisions"}],"predecessor-version":[{"id":35853,"href":"https:\/\/dev.explora.cl\/aricayparinacota\/wp-json\/wp\/v2\/posts\/35851\/revisions\/35853"}],"wp:featuredmedia":[{"embeddable":true,"href":"https:\/\/dev.explora.cl\/aricayparinacota\/wp-json\/wp\/v2\/media\/35852"}],"wp:attachment":[{"href":"https:\/\/dev.explora.cl\/aricayparinacota\/wp-json\/wp\/v2\/media?parent=35851"}],"wp:term":[{"taxonomy":"category","embeddable":true,"href":"https:\/\/dev.explora.cl\/aricayparinacota\/wp-json\/wp\/v2\/categories?post=35851"},{"taxonomy":"post_tag","embeddable":true,"href":"https:\/\/dev.explora.cl\/aricayparinacota\/wp-json\/wp\/v2\/tags?post=35851"}],"curies":[{"name":"wp","href":"https:\/\/api.w.org\/{rel}","templated":true}]}}