{"id":35819,"date":"2023-03-28T10:53:30","date_gmt":"2023-03-28T13:53:30","guid":{"rendered":"https:\/\/dev.explora.cl\/aricayparinacota\/?p=35819"},"modified":"2023-03-28T10:54:20","modified_gmt":"2023-03-28T13:54:20","slug":"con-experiencia-creativa-celebraron-el-dia-de-la-astronomia-en-la-escuela-valle-de-chaca","status":"publish","type":"post","link":"https:\/\/dev.explora.cl\/aricayparinacota\/con-experiencia-creativa-celebraron-el-dia-de-la-astronomia-en-la-escuela-valle-de-chaca\/","title":{"rendered":"Con experiencia creativa celebraron el d\u00eda de la astronom\u00eda en la escuela valle de chaca"},"content":{"rendered":"<p>Con el juego de \u201cLa Gincana Universal\u201d, donde los ni\u00f1os y ni\u00f1as debieron responder divertidas preguntas sobre la tierra, el espacio y sus curiosidades, el martes 21 de marzo, parti\u00f3 la celebraci\u00f3n del D\u00eda de la Astronom\u00eda.<\/p>\n<p>La actividad fue organizada por el Ministerio de las Culturas el Arte y el Patrimonio, a trav\u00e9s de su Centro de Creaci\u00f3n (Cecrea), y el Programa Explora Arica y Parinacota perteneciente al Ministerio de Ciencia, Tecnolog\u00eda, Conocimiento e Innovaci\u00f3n y ejecutado por la Universidad de Tarapac\u00e1 (UTA), el cual tuvo como objetivo desarrollar la creatividad y la indagaci\u00f3n cient\u00edfica de los estudiantes de primero a sexto b\u00e1sico de la escuela rural Valle de Chaca.<\/p>\n<p>Cada una de las actividades fueron mediadas y organizadas por el equipo de facilitadores de Cecrea Arica a trav\u00e9s del desarrollo de experiencias creativas.<\/p>\n<p>\u201cLa celebraci\u00f3n del d\u00eda de la Astronom\u00eda es una oportunidad de conocer el trabajo de astr\u00f3nomos y astr\u00f3nomas de la Universidad de Tarapac\u00e1, adem\u00e1s de ver el desarrollo de los centros astron\u00f3micos de nuestro pa\u00eds, que tiene un cielo privilegiado para hacer observaci\u00f3n. Como programa estamos sumamente contentos de llegar hasta escuelas rurales con este tema y de poder realizar actividades en las que nos vinculemos con distintas instituciones p\u00fablicas\u201d manifest\u00f3 el Coordinador de Explora en la regi\u00f3n, Claudio Fuentes Lufitt, quien destac\u00f3 que esta es una de las varias actividades realizadas por Explora en el marco de esta celebraci\u00f3n nacional.<\/p>\n<p>\u201cEste a\u00f1o queremos que el Centro de Creaci\u00f3n Arica, que tiene una hermosa infraestructura ubicada en el pasaje Sangra, en pleno centro de la ciudad, tambi\u00e9n salga a la calle y visite distintos territorios, espacios e iniciativas dedicados a la creatividad, la ciencia y la protecci\u00f3n del medio ambiente. La actividad realizada con ni\u00f1os y ni\u00f1as de la escuela rural del valle de Chaca es un claro ejemplo del camino que recorreremos este a\u00f1o por distintos lugares de nuestra regi\u00f3n\u201d, indic\u00f3 Kateryn Garz\u00f3n, Seremi de las Culturas, las Artes y el Patrimonio.<\/p>\n<p>Como parte de la experiencia, los ni\u00f1os y ni\u00f1as fabricaron un espectr\u00f3grafo casero de la mano del connotado astr\u00f3nomo e investigador independiente en el Instituto de Alta Investigaci\u00f3n de la UTA, Bruno Dias, quien los acerc\u00f3 al espacio de una manera l\u00fadica y cautivante.<\/p>\n<p><strong>El D\u00eda de la Astronom\u00eda<\/strong><\/p>\n<p>Chile tiene un lugar especial, a nivel mundial, en lo que se refiere a la investigaci\u00f3n astron\u00f3mica. Un clima excepcional, 350 d\u00edas al a\u00f1o despejados de nubes, estabilidad atmosf\u00e9rica, m\u00ednima contaminaci\u00f3n ambiental y lum\u00ednica que proporcionan cielos limpios, \u00f3ptimos para la observaci\u00f3n astron\u00f3mica, han posicionado a nuestro pa\u00eds como un territorio ideal para instalar grandes observatorios astron\u00f3micos.<\/p>\n<p>El 21 de marzo del a\u00f1o 2014, el programa Explora firm\u00f3 un acuerdo con la Fundaci\u00f3n Planetario de la Universidad de Santiago de Chile y la Sociedad Chilena de Astronom\u00eda (SOCHIAS), instaurando el \u201cD\u00eda de la Astronom\u00eda\u201d, cuya celebraci\u00f3n se realiza cada a\u00f1o en el d\u00eda del equinoccio de oto\u00f1o.<\/p>\n<p>&nbsp;<\/p>\n<p><img loading=\"lazy\" decoding=\"async\" class=\"alignnone size-large wp-image-35821\" src=\"https:\/\/dev.explora.cl\/aricayparinacota\/wp-content\/uploads\/sites\/2\/2023\/03\/IMG_0680-1024x683.jpg\" alt=\"\" width=\"1024\" height=\"683\" srcset=\"https:\/\/dev.explora.cl\/aricayparinacota\/wp-content\/uploads\/sites\/2\/2023\/03\/IMG_0680-1024x683.jpg 1024w, https:\/\/dev.explora.cl\/aricayparinacota\/wp-content\/uploads\/sites\/2\/2023\/03\/IMG_0680-300x200.jpg 300w, https:\/\/dev.explora.cl\/aricayparinacota\/wp-content\/uploads\/sites\/2\/2023\/03\/IMG_0680-768x512.jpg 768w\" sizes=\"auto, (max-width: 1024px) 100vw, 1024px\" \/><\/p>\n","protected":false},"excerpt":{"rendered":"<p>Con el juego de \u201cLa Gincana Universal\u201d, donde los ni\u00f1os y ni\u00f1as debieron responder divertidas preguntas sobre la tierra, el espacio y sus curiosidades, el martes 21 de marzo, parti\u00f3 la celebraci\u00f3n del D\u00eda de la Astronom\u00eda. La actividad fue organizada por el Ministerio de las Culturas el Arte y el Patrimonio, a trav\u00e9s de [&hellip;]<\/p>\n","protected":false},"author":17,"featured_media":35820,"comment_status":"open","ping_status":"open","sticky":false,"template":"","format":"standard","meta":{"_acf_changed":false,"_exactmetrics_skip_tracking":false,"_exactmetrics_sitenote_active":false,"_exactmetrics_sitenote_note":"","_exactmetrics_sitenote_category":0,"footnotes":"","_links_to":"","_links_to_target":""},"categories":[4],"tags":[],"class_list":["post-35819","post","type-post","status-publish","format-standard","has-post-thumbnail","hentry","category-noticias"],"acf":[],"yoast_head":"<!-- This site is optimized with the Yoast SEO plugin v26.7 - https:\/\/yoast.com\/wordpress\/plugins\/seo\/ -->\n<title>Con experiencia creativa celebraron el d\u00eda de la astronom\u00eda en la escuela valle de chaca - Arica y Parinacota<\/title>\n<meta name=\"robots\" content=\"index, follow, max-snippet:-1, max-image-preview:large, max-video-preview:-1\" \/>\n<link rel=\"canonical\" href=\"https:\/\/dev.explora.cl\/aricayparinacota\/con-experiencia-creativa-celebraron-el-dia-de-la-astronomia-en-la-escuela-valle-de-chaca\/\" class=\"yoast-seo-meta-tag\" \/>\n<meta property=\"og:locale\" content=\"es_ES\" class=\"yoast-seo-meta-tag\" \/>\n<meta property=\"og:type\" content=\"article\" class=\"yoast-seo-meta-tag\" \/>\n<meta property=\"og:title\" content=\"Con experiencia creativa celebraron el d\u00eda de la astronom\u00eda en la escuela valle de chaca - Arica y Parinacota\" class=\"yoast-seo-meta-tag\" \/>\n<meta property=\"og:description\" content=\"Con el juego de \u201cLa Gincana Universal\u201d, donde los ni\u00f1os y ni\u00f1as debieron responder divertidas preguntas sobre la tierra, el espacio y sus curiosidades, el martes 21 de marzo, parti\u00f3 la celebraci\u00f3n del D\u00eda de la Astronom\u00eda. La actividad fue organizada por el Ministerio de las Culturas el Arte y el Patrimonio, a trav\u00e9s de [&hellip;]\" class=\"yoast-seo-meta-tag\" \/>\n<meta property=\"og:url\" content=\"https:\/\/dev.explora.cl\/aricayparinacota\/con-experiencia-creativa-celebraron-el-dia-de-la-astronomia-en-la-escuela-valle-de-chaca\/\" class=\"yoast-seo-meta-tag\" \/>\n<meta property=\"og:site_name\" content=\"Arica y Parinacota\" class=\"yoast-seo-meta-tag\" \/>\n<meta property=\"article:published_time\" content=\"2023-03-28T13:53:30+00:00\" class=\"yoast-seo-meta-tag\" \/>\n<meta property=\"article:modified_time\" content=\"2023-03-28T13:54:20+00:00\" class=\"yoast-seo-meta-tag\" \/>\n<meta property=\"og:image\" content=\"https:\/\/dev.explora.cl\/aricayparinacota\/wp-content\/uploads\/sites\/2\/2023\/03\/IMG_0731-1024x683.jpg\" class=\"yoast-seo-meta-tag\" \/>\n\t<meta property=\"og:image:width\" content=\"1024\" class=\"yoast-seo-meta-tag\" \/>\n\t<meta property=\"og:image:height\" content=\"683\" class=\"yoast-seo-meta-tag\" \/>\n\t<meta property=\"og:image:type\" content=\"image\/jpeg\" class=\"yoast-seo-meta-tag\" \/>\n<meta name=\"author\" content=\"saracena\" class=\"yoast-seo-meta-tag\" \/>\n<meta name=\"twitter:card\" content=\"summary_large_image\" class=\"yoast-seo-meta-tag\" \/>\n<meta name=\"twitter:label1\" content=\"Escrito por\" class=\"yoast-seo-meta-tag\" \/>\n\t<meta name=\"twitter:data1\" content=\"saracena\" class=\"yoast-seo-meta-tag\" \/>\n\t<meta name=\"twitter:label2\" content=\"Tiempo estimado de lectura\" class=\"yoast-seo-meta-tag\" \/>\n\t<meta name=\"twitter:data2\" content=\"3 minutos\" class=\"yoast-seo-meta-tag\" \/>\n<script type=\"application\/ld+json\" class=\"yoast-schema-graph\">{\"@context\":\"https:\/\/schema.org\",\"@graph\":[{\"@type\":\"Article\",\"@id\":\"https:\/\/dev.explora.cl\/aricayparinacota\/con-experiencia-creativa-celebraron-el-dia-de-la-astronomia-en-la-escuela-valle-de-chaca\/#article\",\"isPartOf\":{\"@id\":\"https:\/\/dev.explora.cl\/aricayparinacota\/con-experiencia-creativa-celebraron-el-dia-de-la-astronomia-en-la-escuela-valle-de-chaca\/\"},\"author\":{\"name\":\"saracena\",\"@id\":\"https:\/\/dev.explora.cl\/aricayparinacota\/#\/schema\/person\/0372c8c9d6b6d58d9dc5036ff9d41a7e\"},\"headline\":\"Con experiencia creativa celebraron el d\u00eda de la astronom\u00eda en la escuela valle de chaca\",\"datePublished\":\"2023-03-28T13:53:30+00:00\",\"dateModified\":\"2023-03-28T13:54:20+00:00\",\"mainEntityOfPage\":{\"@id\":\"https:\/\/dev.explora.cl\/aricayparinacota\/con-experiencia-creativa-celebraron-el-dia-de-la-astronomia-en-la-escuela-valle-de-chaca\/\"},\"wordCount\":561,\"commentCount\":0,\"publisher\":{\"@id\":\"https:\/\/dev.explora.cl\/aricayparinacota\/#organization\"},\"image\":{\"@id\":\"https:\/\/dev.explora.cl\/aricayparinacota\/con-experiencia-creativa-celebraron-el-dia-de-la-astronomia-en-la-escuela-valle-de-chaca\/#primaryimage\"},\"thumbnailUrl\":\"https:\/\/dev.explora.cl\/aricayparinacota\/wp-content\/uploads\/sites\/2\/2023\/03\/IMG_0731.jpg\",\"articleSection\":[\"Noticias\"],\"inLanguage\":\"es-CL\",\"potentialAction\":[{\"@type\":\"CommentAction\",\"name\":\"Comment\",\"target\":[\"https:\/\/dev.explora.cl\/aricayparinacota\/con-experiencia-creativa-celebraron-el-dia-de-la-astronomia-en-la-escuela-valle-de-chaca\/#respond\"]}]},{\"@type\":\"WebPage\",\"@id\":\"https:\/\/dev.explora.cl\/aricayparinacota\/con-experiencia-creativa-celebraron-el-dia-de-la-astronomia-en-la-escuela-valle-de-chaca\/\",\"url\":\"https:\/\/dev.explora.cl\/aricayparinacota\/con-experiencia-creativa-celebraron-el-dia-de-la-astronomia-en-la-escuela-valle-de-chaca\/\",\"name\":\"Con experiencia creativa celebraron el d\u00eda de la astronom\u00eda en la escuela valle de chaca - Arica y Parinacota\",\"isPartOf\":{\"@id\":\"https:\/\/dev.explora.cl\/aricayparinacota\/#website\"},\"primaryImageOfPage\":{\"@id\":\"https:\/\/dev.explora.cl\/aricayparinacota\/con-experiencia-creativa-celebraron-el-dia-de-la-astronomia-en-la-escuela-valle-de-chaca\/#primaryimage\"},\"image\":{\"@id\":\"https:\/\/dev.explora.cl\/aricayparinacota\/con-experiencia-creativa-celebraron-el-dia-de-la-astronomia-en-la-escuela-valle-de-chaca\/#primaryimage\"},\"thumbnailUrl\":\"https:\/\/dev.explora.cl\/aricayparinacota\/wp-content\/uploads\/sites\/2\/2023\/03\/IMG_0731.jpg\",\"datePublished\":\"2023-03-28T13:53:30+00:00\",\"dateModified\":\"2023-03-28T13:54:20+00:00\",\"breadcrumb\":{\"@id\":\"https:\/\/dev.explora.cl\/aricayparinacota\/con-experiencia-creativa-celebraron-el-dia-de-la-astronomia-en-la-escuela-valle-de-chaca\/#breadcrumb\"},\"inLanguage\":\"es-CL\",\"potentialAction\":[{\"@type\":\"ReadAction\",\"target\":[\"https:\/\/dev.explora.cl\/aricayparinacota\/con-experiencia-creativa-celebraron-el-dia-de-la-astronomia-en-la-escuela-valle-de-chaca\/\"]}]},{\"@type\":\"ImageObject\",\"inLanguage\":\"es-CL\",\"@id\":\"https:\/\/dev.explora.cl\/aricayparinacota\/con-experiencia-creativa-celebraron-el-dia-de-la-astronomia-en-la-escuela-valle-de-chaca\/#primaryimage\",\"url\":\"https:\/\/dev.explora.cl\/aricayparinacota\/wp-content\/uploads\/sites\/2\/2023\/03\/IMG_0731.jpg\",\"contentUrl\":\"https:\/\/dev.explora.cl\/aricayparinacota\/wp-content\/uploads\/sites\/2\/2023\/03\/IMG_0731.jpg\",\"width\":6000,\"height\":4000},{\"@type\":\"BreadcrumbList\",\"@id\":\"https:\/\/dev.explora.cl\/aricayparinacota\/con-experiencia-creativa-celebraron-el-dia-de-la-astronomia-en-la-escuela-valle-de-chaca\/#breadcrumb\",\"itemListElement\":[{\"@type\":\"ListItem\",\"position\":1,\"name\":\"Portada\",\"item\":\"https:\/\/dev.explora.cl\/aricayparinacota\/\"},{\"@type\":\"ListItem\",\"position\":2,\"name\":\"Con experiencia creativa celebraron el d\u00eda de la astronom\u00eda en la escuela valle de chaca\"}]},{\"@type\":\"WebSite\",\"@id\":\"https:\/\/dev.explora.cl\/aricayparinacota\/#website\",\"url\":\"https:\/\/dev.explora.cl\/aricayparinacota\/\",\"name\":\"Arica y Parinacota\",\"description\":\"Otro sitio m\u00e1s de dev.explora.cl\",\"publisher\":{\"@id\":\"https:\/\/dev.explora.cl\/aricayparinacota\/#organization\"},\"potentialAction\":[{\"@type\":\"SearchAction\",\"target\":{\"@type\":\"EntryPoint\",\"urlTemplate\":\"https:\/\/dev.explora.cl\/aricayparinacota\/?s={search_term_string}\"},\"query-input\":{\"@type\":\"PropertyValueSpecification\",\"valueRequired\":true,\"valueName\":\"search_term_string\"}}],\"inLanguage\":\"es-CL\"},{\"@type\":\"Organization\",\"@id\":\"https:\/\/dev.explora.cl\/aricayparinacota\/#organization\",\"name\":\"Arica y Parinacota\",\"url\":\"https:\/\/dev.explora.cl\/aricayparinacota\/\",\"logo\":{\"@type\":\"ImageObject\",\"inLanguage\":\"es-CL\",\"@id\":\"https:\/\/dev.explora.cl\/aricayparinacota\/#\/schema\/logo\/image\/\",\"url\":\"https:\/\/dev.explora.cl\/aricayparinacota\/wp-content\/uploads\/sites\/2\/2020\/08\/cropped-nuevosa-logos-11.png\",\"contentUrl\":\"https:\/\/dev.explora.cl\/aricayparinacota\/wp-content\/uploads\/sites\/2\/2020\/08\/cropped-nuevosa-logos-11.png\",\"width\":812,\"height\":937,\"caption\":\"Arica y Parinacota\"},\"image\":{\"@id\":\"https:\/\/dev.explora.cl\/aricayparinacota\/#\/schema\/logo\/image\/\"}},{\"@type\":\"Person\",\"@id\":\"https:\/\/dev.explora.cl\/aricayparinacota\/#\/schema\/person\/0372c8c9d6b6d58d9dc5036ff9d41a7e\",\"name\":\"saracena\",\"image\":{\"@type\":\"ImageObject\",\"inLanguage\":\"es-CL\",\"@id\":\"https:\/\/dev.explora.cl\/aricayparinacota\/#\/schema\/person\/image\/\",\"url\":\"https:\/\/secure.gravatar.com\/avatar\/b5a50ce5104811995c55568a5df56789f4f7c071d5ab9a4c8345d33225022e41?s=96&d=mm&r=g\",\"contentUrl\":\"https:\/\/secure.gravatar.com\/avatar\/b5a50ce5104811995c55568a5df56789f4f7c071d5ab9a4c8345d33225022e41?s=96&d=mm&r=g\",\"caption\":\"saracena\"},\"url\":\"https:\/\/dev.explora.cl\/aricayparinacota\/author\/saracena\/\"}]}<\/script>\n<!-- \/ Yoast SEO plugin. -->","yoast_head_json":{"title":"Con experiencia creativa celebraron el d\u00eda de la astronom\u00eda en la escuela valle de chaca - Arica y Parinacota","robots":{"index":"index","follow":"follow","max-snippet":"max-snippet:-1","max-image-preview":"max-image-preview:large","max-video-preview":"max-video-preview:-1"},"canonical":"https:\/\/dev.explora.cl\/aricayparinacota\/con-experiencia-creativa-celebraron-el-dia-de-la-astronomia-en-la-escuela-valle-de-chaca\/","og_locale":"es_ES","og_type":"article","og_title":"Con experiencia creativa celebraron el d\u00eda de la astronom\u00eda en la escuela valle de chaca - Arica y Parinacota","og_description":"Con el juego de \u201cLa Gincana Universal\u201d, donde los ni\u00f1os y ni\u00f1as debieron responder divertidas preguntas sobre la tierra, el espacio y sus curiosidades, el martes 21 de marzo, parti\u00f3 la celebraci\u00f3n del D\u00eda de la Astronom\u00eda. La actividad fue organizada por el Ministerio de las Culturas el Arte y el Patrimonio, a trav\u00e9s de [&hellip;]","og_url":"https:\/\/dev.explora.cl\/aricayparinacota\/con-experiencia-creativa-celebraron-el-dia-de-la-astronomia-en-la-escuela-valle-de-chaca\/","og_site_name":"Arica y Parinacota","article_published_time":"2023-03-28T13:53:30+00:00","article_modified_time":"2023-03-28T13:54:20+00:00","og_image":[{"width":1024,"height":683,"url":"https:\/\/dev.explora.cl\/aricayparinacota\/wp-content\/uploads\/sites\/2\/2023\/03\/IMG_0731-1024x683.jpg","type":"image\/jpeg"}],"author":"saracena","twitter_card":"summary_large_image","twitter_misc":{"Escrito por":"saracena","Tiempo estimado de lectura":"3 minutos"},"schema":{"@context":"https:\/\/schema.org","@graph":[{"@type":"Article","@id":"https:\/\/dev.explora.cl\/aricayparinacota\/con-experiencia-creativa-celebraron-el-dia-de-la-astronomia-en-la-escuela-valle-de-chaca\/#article","isPartOf":{"@id":"https:\/\/dev.explora.cl\/aricayparinacota\/con-experiencia-creativa-celebraron-el-dia-de-la-astronomia-en-la-escuela-valle-de-chaca\/"},"author":{"name":"saracena","@id":"https:\/\/dev.explora.cl\/aricayparinacota\/#\/schema\/person\/0372c8c9d6b6d58d9dc5036ff9d41a7e"},"headline":"Con experiencia creativa celebraron el d\u00eda de la astronom\u00eda en la escuela valle de chaca","datePublished":"2023-03-28T13:53:30+00:00","dateModified":"2023-03-28T13:54:20+00:00","mainEntityOfPage":{"@id":"https:\/\/dev.explora.cl\/aricayparinacota\/con-experiencia-creativa-celebraron-el-dia-de-la-astronomia-en-la-escuela-valle-de-chaca\/"},"wordCount":561,"commentCount":0,"publisher":{"@id":"https:\/\/dev.explora.cl\/aricayparinacota\/#organization"},"image":{"@id":"https:\/\/dev.explora.cl\/aricayparinacota\/con-experiencia-creativa-celebraron-el-dia-de-la-astronomia-en-la-escuela-valle-de-chaca\/#primaryimage"},"thumbnailUrl":"https:\/\/dev.explora.cl\/aricayparinacota\/wp-content\/uploads\/sites\/2\/2023\/03\/IMG_0731.jpg","articleSection":["Noticias"],"inLanguage":"es-CL","potentialAction":[{"@type":"CommentAction","name":"Comment","target":["https:\/\/dev.explora.cl\/aricayparinacota\/con-experiencia-creativa-celebraron-el-dia-de-la-astronomia-en-la-escuela-valle-de-chaca\/#respond"]}]},{"@type":"WebPage","@id":"https:\/\/dev.explora.cl\/aricayparinacota\/con-experiencia-creativa-celebraron-el-dia-de-la-astronomia-en-la-escuela-valle-de-chaca\/","url":"https:\/\/dev.explora.cl\/aricayparinacota\/con-experiencia-creativa-celebraron-el-dia-de-la-astronomia-en-la-escuela-valle-de-chaca\/","name":"Con experiencia creativa celebraron el d\u00eda de la astronom\u00eda en la escuela valle de chaca - Arica y Parinacota","isPartOf":{"@id":"https:\/\/dev.explora.cl\/aricayparinacota\/#website"},"primaryImageOfPage":{"@id":"https:\/\/dev.explora.cl\/aricayparinacota\/con-experiencia-creativa-celebraron-el-dia-de-la-astronomia-en-la-escuela-valle-de-chaca\/#primaryimage"},"image":{"@id":"https:\/\/dev.explora.cl\/aricayparinacota\/con-experiencia-creativa-celebraron-el-dia-de-la-astronomia-en-la-escuela-valle-de-chaca\/#primaryimage"},"thumbnailUrl":"https:\/\/dev.explora.cl\/aricayparinacota\/wp-content\/uploads\/sites\/2\/2023\/03\/IMG_0731.jpg","datePublished":"2023-03-28T13:53:30+00:00","dateModified":"2023-03-28T13:54:20+00:00","breadcrumb":{"@id":"https:\/\/dev.explora.cl\/aricayparinacota\/con-experiencia-creativa-celebraron-el-dia-de-la-astronomia-en-la-escuela-valle-de-chaca\/#breadcrumb"},"inLanguage":"es-CL","potentialAction":[{"@type":"ReadAction","target":["https:\/\/dev.explora.cl\/aricayparinacota\/con-experiencia-creativa-celebraron-el-dia-de-la-astronomia-en-la-escuela-valle-de-chaca\/"]}]},{"@type":"ImageObject","inLanguage":"es-CL","@id":"https:\/\/dev.explora.cl\/aricayparinacota\/con-experiencia-creativa-celebraron-el-dia-de-la-astronomia-en-la-escuela-valle-de-chaca\/#primaryimage","url":"https:\/\/dev.explora.cl\/aricayparinacota\/wp-content\/uploads\/sites\/2\/2023\/03\/IMG_0731.jpg","contentUrl":"https:\/\/dev.explora.cl\/aricayparinacota\/wp-content\/uploads\/sites\/2\/2023\/03\/IMG_0731.jpg","width":6000,"height":4000},{"@type":"BreadcrumbList","@id":"https:\/\/dev.explora.cl\/aricayparinacota\/con-experiencia-creativa-celebraron-el-dia-de-la-astronomia-en-la-escuela-valle-de-chaca\/#breadcrumb","itemListElement":[{"@type":"ListItem","position":1,"name":"Portada","item":"https:\/\/dev.explora.cl\/aricayparinacota\/"},{"@type":"ListItem","position":2,"name":"Con experiencia creativa celebraron el d\u00eda de la astronom\u00eda en la escuela valle de chaca"}]},{"@type":"WebSite","@id":"https:\/\/dev.explora.cl\/aricayparinacota\/#website","url":"https:\/\/dev.explora.cl\/aricayparinacota\/","name":"Arica y Parinacota","description":"Otro sitio m\u00e1s de dev.explora.cl","publisher":{"@id":"https:\/\/dev.explora.cl\/aricayparinacota\/#organization"},"potentialAction":[{"@type":"SearchAction","target":{"@type":"EntryPoint","urlTemplate":"https:\/\/dev.explora.cl\/aricayparinacota\/?s={search_term_string}"},"query-input":{"@type":"PropertyValueSpecification","valueRequired":true,"valueName":"search_term_string"}}],"inLanguage":"es-CL"},{"@type":"Organization","@id":"https:\/\/dev.explora.cl\/aricayparinacota\/#organization","name":"Arica y Parinacota","url":"https:\/\/dev.explora.cl\/aricayparinacota\/","logo":{"@type":"ImageObject","inLanguage":"es-CL","@id":"https:\/\/dev.explora.cl\/aricayparinacota\/#\/schema\/logo\/image\/","url":"https:\/\/dev.explora.cl\/aricayparinacota\/wp-content\/uploads\/sites\/2\/2020\/08\/cropped-nuevosa-logos-11.png","contentUrl":"https:\/\/dev.explora.cl\/aricayparinacota\/wp-content\/uploads\/sites\/2\/2020\/08\/cropped-nuevosa-logos-11.png","width":812,"height":937,"caption":"Arica y Parinacota"},"image":{"@id":"https:\/\/dev.explora.cl\/aricayparinacota\/#\/schema\/logo\/image\/"}},{"@type":"Person","@id":"https:\/\/dev.explora.cl\/aricayparinacota\/#\/schema\/person\/0372c8c9d6b6d58d9dc5036ff9d41a7e","name":"saracena","image":{"@type":"ImageObject","inLanguage":"es-CL","@id":"https:\/\/dev.explora.cl\/aricayparinacota\/#\/schema\/person\/image\/","url":"https:\/\/secure.gravatar.com\/avatar\/b5a50ce5104811995c55568a5df56789f4f7c071d5ab9a4c8345d33225022e41?s=96&d=mm&r=g","contentUrl":"https:\/\/secure.gravatar.com\/avatar\/b5a50ce5104811995c55568a5df56789f4f7c071d5ab9a4c8345d33225022e41?s=96&d=mm&r=g","caption":"saracena"},"url":"https:\/\/dev.explora.cl\/aricayparinacota\/author\/saracena\/"}]}},"_links":{"self":[{"href":"https:\/\/dev.explora.cl\/aricayparinacota\/wp-json\/wp\/v2\/posts\/35819","targetHints":{"allow":["GET"]}}],"collection":[{"href":"https:\/\/dev.explora.cl\/aricayparinacota\/wp-json\/wp\/v2\/posts"}],"about":[{"href":"https:\/\/dev.explora.cl\/aricayparinacota\/wp-json\/wp\/v2\/types\/post"}],"author":[{"embeddable":true,"href":"https:\/\/dev.explora.cl\/aricayparinacota\/wp-json\/wp\/v2\/users\/17"}],"replies":[{"embeddable":true,"href":"https:\/\/dev.explora.cl\/aricayparinacota\/wp-json\/wp\/v2\/comments?post=35819"}],"version-history":[{"count":1,"href":"https:\/\/dev.explora.cl\/aricayparinacota\/wp-json\/wp\/v2\/posts\/35819\/revisions"}],"predecessor-version":[{"id":35822,"href":"https:\/\/dev.explora.cl\/aricayparinacota\/wp-json\/wp\/v2\/posts\/35819\/revisions\/35822"}],"wp:featuredmedia":[{"embeddable":true,"href":"https:\/\/dev.explora.cl\/aricayparinacota\/wp-json\/wp\/v2\/media\/35820"}],"wp:attachment":[{"href":"https:\/\/dev.explora.cl\/aricayparinacota\/wp-json\/wp\/v2\/media?parent=35819"}],"wp:term":[{"taxonomy":"category","embeddable":true,"href":"https:\/\/dev.explora.cl\/aricayparinacota\/wp-json\/wp\/v2\/categories?post=35819"},{"taxonomy":"post_tag","embeddable":true,"href":"https:\/\/dev.explora.cl\/aricayparinacota\/wp-json\/wp\/v2\/tags?post=35819"}],"curies":[{"name":"wp","href":"https:\/\/api.w.org\/{rel}","templated":true}]}}