{"id":35812,"date":"2023-03-21T10:24:27","date_gmt":"2023-03-21T13:24:27","guid":{"rendered":"https:\/\/dev.explora.cl\/aricayparinacota\/?p=35812"},"modified":"2023-03-21T10:24:27","modified_gmt":"2023-03-21T13:24:27","slug":"estudiantes-ariquenos-presentaron-sus-proyectos-de-investigacion-e-innovacion-escolar-en-congreso-nacional-explora","status":"publish","type":"post","link":"https:\/\/dev.explora.cl\/aricayparinacota\/estudiantes-ariquenos-presentaron-sus-proyectos-de-investigacion-e-innovacion-escolar-en-congreso-nacional-explora\/","title":{"rendered":"Estudiantes arique\u00f1os presentaron sus proyectos de investigaci\u00f3n e innovaci\u00f3n escolar en Congreso Nacional Explora"},"content":{"rendered":"<p>Un \u00e9xito fue el XXI Congreso Nacional Explora, en el que 138 estudiantes de las regiones de Arica a Magallanes presentaron sus proyectos de investigaci\u00f3n e innovaci\u00f3n escolar en una exposici\u00f3n cient\u00edfica a las afuera del Palacio de la Moneda. Esta fue una instancia para socializar los resultados de los proyectos presentados en Congreso Regional, a trav\u00e9s de la exposici\u00f3n en un espacio estimulante, donde las y los estudiantes pudieron compartir sus experiencias con los transe\u00fantes, adem\u00e1s sociabilizaron de los proyectos frente a sus pares en el Espacio Cultural la Moneda.<\/p>\n<p>En total son 4 equipos de estudiantes arique\u00f1os los que presentan los resultados de sus proyectos de investigaci\u00f3n o innovaci\u00f3n escolar.\u00a0 Felicitamos a las y los estudiantes y a sus profesoras por participar de esta enriquecedora experiencia, donde tuvieron la oportunidad de conversar con cient\u00edficos y cient\u00edficas, adem\u00e1s de compartir con otros ni\u00f1os, ni\u00f1as y adolescentes de diferentes contextos y localidades de todo el pa\u00eds.<\/p>\n<p>Los presentantes regionales de Arica y Parinacota son estudiantes de entre 5to b\u00e1sico y 4to medio de los establecimientos:<\/p>\n<ul>\n<li>Escuela Republica de Israel<\/li>\n<li>Liceo Bicentenario Domingo Santa Mar\u00eda<\/li>\n<li>Liceo Bicentenario Jovina Naranjo Fern\u00e1ndez<\/li>\n<li>Home School Arica<\/li>\n<\/ul>\n<p>Las y los participantes, junto a sus profesoras, tuvieron la posibilidad de conocer a la Ministra de Ciencia, Tecnolog\u00eda, Conocimiento e Innovaci\u00f3n, Ais\u00e9n Etcheverry Escudero, quien los inst\u00f3 a seguir interes\u00e1ndose por las ciencias.<\/p>\n<p>Finalmente se anunciaron los representantes del Consejo Asesor de Ni\u00f1os, Ni\u00f1as y Adolescentes del Ministerio de Ciencia, proceso que se realiz\u00f3 a trav\u00e9s de una elecci\u00f3n que fue realizada durante la jornada del jueves por los y las participantes, y dentro de los pr\u00f3ximos meses se incluir\u00e1 el aporte de NNA provenientes de programas como Cecrea, del Ministerio de las Culturas, las Artes y el Patrimonio; o de aquellos impulsados por el Ministerio de Educaci\u00f3n.<\/p>\n<p><img loading=\"lazy\" decoding=\"async\" class=\"alignnone wp-image-35815 size-large\" src=\"https:\/\/dev.explora.cl\/aricayparinacota\/wp-content\/uploads\/sites\/2\/2023\/03\/WhatsApp-Image-2023-03-17-at-9.03.34-AM-1-1024x768.jpeg\" alt=\"Espacio Cultural la Moneda\" width=\"1024\" height=\"768\" srcset=\"https:\/\/dev.explora.cl\/aricayparinacota\/wp-content\/uploads\/sites\/2\/2023\/03\/WhatsApp-Image-2023-03-17-at-9.03.34-AM-1-1024x768.jpeg 1024w, https:\/\/dev.explora.cl\/aricayparinacota\/wp-content\/uploads\/sites\/2\/2023\/03\/WhatsApp-Image-2023-03-17-at-9.03.34-AM-1-300x225.jpeg 300w, https:\/\/dev.explora.cl\/aricayparinacota\/wp-content\/uploads\/sites\/2\/2023\/03\/WhatsApp-Image-2023-03-17-at-9.03.34-AM-1-768x576.jpeg 768w, https:\/\/dev.explora.cl\/aricayparinacota\/wp-content\/uploads\/sites\/2\/2023\/03\/WhatsApp-Image-2023-03-17-at-9.03.34-AM-1.jpeg 1600w\" sizes=\"auto, (max-width: 1024px) 100vw, 1024px\" \/><img loading=\"lazy\" decoding=\"async\" class=\"alignnone wp-image-35814 size-large\" src=\"https:\/\/dev.explora.cl\/aricayparinacota\/wp-content\/uploads\/sites\/2\/2023\/03\/WhatsApp-Image-2023-03-17-at-9.22.22-AM-1024x768.jpeg\" alt=\"Profesores Explora \" width=\"1024\" height=\"768\" srcset=\"https:\/\/dev.explora.cl\/aricayparinacota\/wp-content\/uploads\/sites\/2\/2023\/03\/WhatsApp-Image-2023-03-17-at-9.22.22-AM-1024x768.jpeg 1024w, https:\/\/dev.explora.cl\/aricayparinacota\/wp-content\/uploads\/sites\/2\/2023\/03\/WhatsApp-Image-2023-03-17-at-9.22.22-AM-300x225.jpeg 300w, https:\/\/dev.explora.cl\/aricayparinacota\/wp-content\/uploads\/sites\/2\/2023\/03\/WhatsApp-Image-2023-03-17-at-9.22.22-AM-768x576.jpeg 768w, https:\/\/dev.explora.cl\/aricayparinacota\/wp-content\/uploads\/sites\/2\/2023\/03\/WhatsApp-Image-2023-03-17-at-9.22.22-AM.jpeg 1600w\" sizes=\"auto, (max-width: 1024px) 100vw, 1024px\" \/><\/p>\n","protected":false},"excerpt":{"rendered":"<p>Un \u00e9xito fue el XXI Congreso Nacional Explora, en el que 138 estudiantes de las regiones de Arica a Magallanes presentaron sus proyectos de investigaci\u00f3n e innovaci\u00f3n escolar en una exposici\u00f3n cient\u00edfica a las afuera del Palacio de la Moneda. Esta fue una instancia para socializar los resultados de los proyectos presentados en Congreso Regional, [&hellip;]<\/p>\n","protected":false},"author":17,"featured_media":35813,"comment_status":"open","ping_status":"open","sticky":false,"template":"","format":"standard","meta":{"_acf_changed":false,"_exactmetrics_skip_tracking":false,"_exactmetrics_sitenote_active":false,"_exactmetrics_sitenote_note":"","_exactmetrics_sitenote_category":0,"footnotes":"","_links_to":"","_links_to_target":""},"categories":[4],"tags":[],"class_list":["post-35812","post","type-post","status-publish","format-standard","has-post-thumbnail","hentry","category-noticias"],"acf":[],"yoast_head":"<!-- This site is optimized with the Yoast SEO plugin v26.7 - https:\/\/yoast.com\/wordpress\/plugins\/seo\/ -->\n<title>Estudiantes arique\u00f1os presentaron sus proyectos de investigaci\u00f3n e innovaci\u00f3n escolar en Congreso Nacional Explora - Arica y Parinacota<\/title>\n<meta name=\"robots\" content=\"index, follow, max-snippet:-1, max-image-preview:large, max-video-preview:-1\" \/>\n<link rel=\"canonical\" href=\"https:\/\/dev.explora.cl\/aricayparinacota\/estudiantes-ariquenos-presentaron-sus-proyectos-de-investigacion-e-innovacion-escolar-en-congreso-nacional-explora\/\" class=\"yoast-seo-meta-tag\" \/>\n<meta property=\"og:locale\" content=\"es_ES\" class=\"yoast-seo-meta-tag\" \/>\n<meta property=\"og:type\" content=\"article\" class=\"yoast-seo-meta-tag\" \/>\n<meta property=\"og:title\" content=\"Estudiantes arique\u00f1os presentaron sus proyectos de investigaci\u00f3n e innovaci\u00f3n escolar en Congreso Nacional Explora - Arica y Parinacota\" class=\"yoast-seo-meta-tag\" \/>\n<meta property=\"og:description\" content=\"Un \u00e9xito fue el XXI Congreso Nacional Explora, en el que 138 estudiantes de las regiones de Arica a Magallanes presentaron sus proyectos de investigaci\u00f3n e innovaci\u00f3n escolar en una exposici\u00f3n cient\u00edfica a las afuera del Palacio de la Moneda. Esta fue una instancia para socializar los resultados de los proyectos presentados en Congreso Regional, [&hellip;]\" class=\"yoast-seo-meta-tag\" \/>\n<meta property=\"og:url\" content=\"https:\/\/dev.explora.cl\/aricayparinacota\/estudiantes-ariquenos-presentaron-sus-proyectos-de-investigacion-e-innovacion-escolar-en-congreso-nacional-explora\/\" class=\"yoast-seo-meta-tag\" \/>\n<meta property=\"og:site_name\" content=\"Arica y Parinacota\" class=\"yoast-seo-meta-tag\" \/>\n<meta property=\"article:published_time\" content=\"2023-03-21T13:24:27+00:00\" class=\"yoast-seo-meta-tag\" \/>\n<meta property=\"og:image\" content=\"https:\/\/dev.explora.cl\/aricayparinacota\/wp-content\/uploads\/sites\/2\/2023\/03\/WhatsApp-Image-2023-03-17-at-9.02.51-AM.jpeg\" class=\"yoast-seo-meta-tag\" \/>\n\t<meta property=\"og:image:width\" content=\"1600\" class=\"yoast-seo-meta-tag\" \/>\n\t<meta property=\"og:image:height\" content=\"1200\" class=\"yoast-seo-meta-tag\" \/>\n\t<meta property=\"og:image:type\" content=\"image\/jpeg\" class=\"yoast-seo-meta-tag\" \/>\n<meta name=\"author\" content=\"saracena\" class=\"yoast-seo-meta-tag\" \/>\n<meta name=\"twitter:card\" content=\"summary_large_image\" class=\"yoast-seo-meta-tag\" \/>\n<meta name=\"twitter:label1\" content=\"Escrito por\" class=\"yoast-seo-meta-tag\" \/>\n\t<meta name=\"twitter:data1\" content=\"saracena\" class=\"yoast-seo-meta-tag\" \/>\n\t<meta name=\"twitter:label2\" content=\"Tiempo estimado de lectura\" class=\"yoast-seo-meta-tag\" \/>\n\t<meta name=\"twitter:data2\" content=\"2 minutos\" class=\"yoast-seo-meta-tag\" \/>\n<script type=\"application\/ld+json\" class=\"yoast-schema-graph\">{\"@context\":\"https:\/\/schema.org\",\"@graph\":[{\"@type\":\"Article\",\"@id\":\"https:\/\/dev.explora.cl\/aricayparinacota\/estudiantes-ariquenos-presentaron-sus-proyectos-de-investigacion-e-innovacion-escolar-en-congreso-nacional-explora\/#article\",\"isPartOf\":{\"@id\":\"https:\/\/dev.explora.cl\/aricayparinacota\/estudiantes-ariquenos-presentaron-sus-proyectos-de-investigacion-e-innovacion-escolar-en-congreso-nacional-explora\/\"},\"author\":{\"name\":\"saracena\",\"@id\":\"https:\/\/dev.explora.cl\/aricayparinacota\/#\/schema\/person\/0372c8c9d6b6d58d9dc5036ff9d41a7e\"},\"headline\":\"Estudiantes arique\u00f1os presentaron sus proyectos de investigaci\u00f3n e innovaci\u00f3n escolar en Congreso Nacional Explora\",\"datePublished\":\"2023-03-21T13:24:27+00:00\",\"mainEntityOfPage\":{\"@id\":\"https:\/\/dev.explora.cl\/aricayparinacota\/estudiantes-ariquenos-presentaron-sus-proyectos-de-investigacion-e-innovacion-escolar-en-congreso-nacional-explora\/\"},\"wordCount\":346,\"commentCount\":0,\"publisher\":{\"@id\":\"https:\/\/dev.explora.cl\/aricayparinacota\/#organization\"},\"image\":{\"@id\":\"https:\/\/dev.explora.cl\/aricayparinacota\/estudiantes-ariquenos-presentaron-sus-proyectos-de-investigacion-e-innovacion-escolar-en-congreso-nacional-explora\/#primaryimage\"},\"thumbnailUrl\":\"https:\/\/dev.explora.cl\/aricayparinacota\/wp-content\/uploads\/sites\/2\/2023\/03\/WhatsApp-Image-2023-03-17-at-9.02.51-AM.jpeg\",\"articleSection\":[\"Noticias\"],\"inLanguage\":\"es-CL\",\"potentialAction\":[{\"@type\":\"CommentAction\",\"name\":\"Comment\",\"target\":[\"https:\/\/dev.explora.cl\/aricayparinacota\/estudiantes-ariquenos-presentaron-sus-proyectos-de-investigacion-e-innovacion-escolar-en-congreso-nacional-explora\/#respond\"]}]},{\"@type\":\"WebPage\",\"@id\":\"https:\/\/dev.explora.cl\/aricayparinacota\/estudiantes-ariquenos-presentaron-sus-proyectos-de-investigacion-e-innovacion-escolar-en-congreso-nacional-explora\/\",\"url\":\"https:\/\/dev.explora.cl\/aricayparinacota\/estudiantes-ariquenos-presentaron-sus-proyectos-de-investigacion-e-innovacion-escolar-en-congreso-nacional-explora\/\",\"name\":\"Estudiantes arique\u00f1os presentaron sus proyectos de investigaci\u00f3n e innovaci\u00f3n escolar en Congreso Nacional Explora - Arica y Parinacota\",\"isPartOf\":{\"@id\":\"https:\/\/dev.explora.cl\/aricayparinacota\/#website\"},\"primaryImageOfPage\":{\"@id\":\"https:\/\/dev.explora.cl\/aricayparinacota\/estudiantes-ariquenos-presentaron-sus-proyectos-de-investigacion-e-innovacion-escolar-en-congreso-nacional-explora\/#primaryimage\"},\"image\":{\"@id\":\"https:\/\/dev.explora.cl\/aricayparinacota\/estudiantes-ariquenos-presentaron-sus-proyectos-de-investigacion-e-innovacion-escolar-en-congreso-nacional-explora\/#primaryimage\"},\"thumbnailUrl\":\"https:\/\/dev.explora.cl\/aricayparinacota\/wp-content\/uploads\/sites\/2\/2023\/03\/WhatsApp-Image-2023-03-17-at-9.02.51-AM.jpeg\",\"datePublished\":\"2023-03-21T13:24:27+00:00\",\"breadcrumb\":{\"@id\":\"https:\/\/dev.explora.cl\/aricayparinacota\/estudiantes-ariquenos-presentaron-sus-proyectos-de-investigacion-e-innovacion-escolar-en-congreso-nacional-explora\/#breadcrumb\"},\"inLanguage\":\"es-CL\",\"potentialAction\":[{\"@type\":\"ReadAction\",\"target\":[\"https:\/\/dev.explora.cl\/aricayparinacota\/estudiantes-ariquenos-presentaron-sus-proyectos-de-investigacion-e-innovacion-escolar-en-congreso-nacional-explora\/\"]}]},{\"@type\":\"ImageObject\",\"inLanguage\":\"es-CL\",\"@id\":\"https:\/\/dev.explora.cl\/aricayparinacota\/estudiantes-ariquenos-presentaron-sus-proyectos-de-investigacion-e-innovacion-escolar-en-congreso-nacional-explora\/#primaryimage\",\"url\":\"https:\/\/dev.explora.cl\/aricayparinacota\/wp-content\/uploads\/sites\/2\/2023\/03\/WhatsApp-Image-2023-03-17-at-9.02.51-AM.jpeg\",\"contentUrl\":\"https:\/\/dev.explora.cl\/aricayparinacota\/wp-content\/uploads\/sites\/2\/2023\/03\/WhatsApp-Image-2023-03-17-at-9.02.51-AM.jpeg\",\"width\":1600,\"height\":1200},{\"@type\":\"BreadcrumbList\",\"@id\":\"https:\/\/dev.explora.cl\/aricayparinacota\/estudiantes-ariquenos-presentaron-sus-proyectos-de-investigacion-e-innovacion-escolar-en-congreso-nacional-explora\/#breadcrumb\",\"itemListElement\":[{\"@type\":\"ListItem\",\"position\":1,\"name\":\"Portada\",\"item\":\"https:\/\/dev.explora.cl\/aricayparinacota\/\"},{\"@type\":\"ListItem\",\"position\":2,\"name\":\"Estudiantes arique\u00f1os presentaron sus proyectos de investigaci\u00f3n e innovaci\u00f3n escolar en Congreso Nacional Explora\"}]},{\"@type\":\"WebSite\",\"@id\":\"https:\/\/dev.explora.cl\/aricayparinacota\/#website\",\"url\":\"https:\/\/dev.explora.cl\/aricayparinacota\/\",\"name\":\"Arica y Parinacota\",\"description\":\"Otro sitio m\u00e1s de dev.explora.cl\",\"publisher\":{\"@id\":\"https:\/\/dev.explora.cl\/aricayparinacota\/#organization\"},\"potentialAction\":[{\"@type\":\"SearchAction\",\"target\":{\"@type\":\"EntryPoint\",\"urlTemplate\":\"https:\/\/dev.explora.cl\/aricayparinacota\/?s={search_term_string}\"},\"query-input\":{\"@type\":\"PropertyValueSpecification\",\"valueRequired\":true,\"valueName\":\"search_term_string\"}}],\"inLanguage\":\"es-CL\"},{\"@type\":\"Organization\",\"@id\":\"https:\/\/dev.explora.cl\/aricayparinacota\/#organization\",\"name\":\"Arica y Parinacota\",\"url\":\"https:\/\/dev.explora.cl\/aricayparinacota\/\",\"logo\":{\"@type\":\"ImageObject\",\"inLanguage\":\"es-CL\",\"@id\":\"https:\/\/dev.explora.cl\/aricayparinacota\/#\/schema\/logo\/image\/\",\"url\":\"https:\/\/dev.explora.cl\/aricayparinacota\/wp-content\/uploads\/sites\/2\/2020\/08\/cropped-nuevosa-logos-11.png\",\"contentUrl\":\"https:\/\/dev.explora.cl\/aricayparinacota\/wp-content\/uploads\/sites\/2\/2020\/08\/cropped-nuevosa-logos-11.png\",\"width\":812,\"height\":937,\"caption\":\"Arica y Parinacota\"},\"image\":{\"@id\":\"https:\/\/dev.explora.cl\/aricayparinacota\/#\/schema\/logo\/image\/\"}},{\"@type\":\"Person\",\"@id\":\"https:\/\/dev.explora.cl\/aricayparinacota\/#\/schema\/person\/0372c8c9d6b6d58d9dc5036ff9d41a7e\",\"name\":\"saracena\",\"image\":{\"@type\":\"ImageObject\",\"inLanguage\":\"es-CL\",\"@id\":\"https:\/\/dev.explora.cl\/aricayparinacota\/#\/schema\/person\/image\/\",\"url\":\"https:\/\/secure.gravatar.com\/avatar\/b5a50ce5104811995c55568a5df56789f4f7c071d5ab9a4c8345d33225022e41?s=96&d=mm&r=g\",\"contentUrl\":\"https:\/\/secure.gravatar.com\/avatar\/b5a50ce5104811995c55568a5df56789f4f7c071d5ab9a4c8345d33225022e41?s=96&d=mm&r=g\",\"caption\":\"saracena\"},\"url\":\"https:\/\/dev.explora.cl\/aricayparinacota\/author\/saracena\/\"}]}<\/script>\n<!-- \/ Yoast SEO plugin. -->","yoast_head_json":{"title":"Estudiantes arique\u00f1os presentaron sus proyectos de investigaci\u00f3n e innovaci\u00f3n escolar en Congreso Nacional Explora - Arica y Parinacota","robots":{"index":"index","follow":"follow","max-snippet":"max-snippet:-1","max-image-preview":"max-image-preview:large","max-video-preview":"max-video-preview:-1"},"canonical":"https:\/\/dev.explora.cl\/aricayparinacota\/estudiantes-ariquenos-presentaron-sus-proyectos-de-investigacion-e-innovacion-escolar-en-congreso-nacional-explora\/","og_locale":"es_ES","og_type":"article","og_title":"Estudiantes arique\u00f1os presentaron sus proyectos de investigaci\u00f3n e innovaci\u00f3n escolar en Congreso Nacional Explora - Arica y Parinacota","og_description":"Un \u00e9xito fue el XXI Congreso Nacional Explora, en el que 138 estudiantes de las regiones de Arica a Magallanes presentaron sus proyectos de investigaci\u00f3n e innovaci\u00f3n escolar en una exposici\u00f3n cient\u00edfica a las afuera del Palacio de la Moneda. Esta fue una instancia para socializar los resultados de los proyectos presentados en Congreso Regional, [&hellip;]","og_url":"https:\/\/dev.explora.cl\/aricayparinacota\/estudiantes-ariquenos-presentaron-sus-proyectos-de-investigacion-e-innovacion-escolar-en-congreso-nacional-explora\/","og_site_name":"Arica y Parinacota","article_published_time":"2023-03-21T13:24:27+00:00","og_image":[{"width":1600,"height":1200,"url":"https:\/\/dev.explora.cl\/aricayparinacota\/wp-content\/uploads\/sites\/2\/2023\/03\/WhatsApp-Image-2023-03-17-at-9.02.51-AM.jpeg","type":"image\/jpeg"}],"author":"saracena","twitter_card":"summary_large_image","twitter_misc":{"Escrito por":"saracena","Tiempo estimado de lectura":"2 minutos"},"schema":{"@context":"https:\/\/schema.org","@graph":[{"@type":"Article","@id":"https:\/\/dev.explora.cl\/aricayparinacota\/estudiantes-ariquenos-presentaron-sus-proyectos-de-investigacion-e-innovacion-escolar-en-congreso-nacional-explora\/#article","isPartOf":{"@id":"https:\/\/dev.explora.cl\/aricayparinacota\/estudiantes-ariquenos-presentaron-sus-proyectos-de-investigacion-e-innovacion-escolar-en-congreso-nacional-explora\/"},"author":{"name":"saracena","@id":"https:\/\/dev.explora.cl\/aricayparinacota\/#\/schema\/person\/0372c8c9d6b6d58d9dc5036ff9d41a7e"},"headline":"Estudiantes arique\u00f1os presentaron sus proyectos de investigaci\u00f3n e innovaci\u00f3n escolar en Congreso Nacional Explora","datePublished":"2023-03-21T13:24:27+00:00","mainEntityOfPage":{"@id":"https:\/\/dev.explora.cl\/aricayparinacota\/estudiantes-ariquenos-presentaron-sus-proyectos-de-investigacion-e-innovacion-escolar-en-congreso-nacional-explora\/"},"wordCount":346,"commentCount":0,"publisher":{"@id":"https:\/\/dev.explora.cl\/aricayparinacota\/#organization"},"image":{"@id":"https:\/\/dev.explora.cl\/aricayparinacota\/estudiantes-ariquenos-presentaron-sus-proyectos-de-investigacion-e-innovacion-escolar-en-congreso-nacional-explora\/#primaryimage"},"thumbnailUrl":"https:\/\/dev.explora.cl\/aricayparinacota\/wp-content\/uploads\/sites\/2\/2023\/03\/WhatsApp-Image-2023-03-17-at-9.02.51-AM.jpeg","articleSection":["Noticias"],"inLanguage":"es-CL","potentialAction":[{"@type":"CommentAction","name":"Comment","target":["https:\/\/dev.explora.cl\/aricayparinacota\/estudiantes-ariquenos-presentaron-sus-proyectos-de-investigacion-e-innovacion-escolar-en-congreso-nacional-explora\/#respond"]}]},{"@type":"WebPage","@id":"https:\/\/dev.explora.cl\/aricayparinacota\/estudiantes-ariquenos-presentaron-sus-proyectos-de-investigacion-e-innovacion-escolar-en-congreso-nacional-explora\/","url":"https:\/\/dev.explora.cl\/aricayparinacota\/estudiantes-ariquenos-presentaron-sus-proyectos-de-investigacion-e-innovacion-escolar-en-congreso-nacional-explora\/","name":"Estudiantes arique\u00f1os presentaron sus proyectos de investigaci\u00f3n e innovaci\u00f3n escolar en Congreso Nacional Explora - Arica y Parinacota","isPartOf":{"@id":"https:\/\/dev.explora.cl\/aricayparinacota\/#website"},"primaryImageOfPage":{"@id":"https:\/\/dev.explora.cl\/aricayparinacota\/estudiantes-ariquenos-presentaron-sus-proyectos-de-investigacion-e-innovacion-escolar-en-congreso-nacional-explora\/#primaryimage"},"image":{"@id":"https:\/\/dev.explora.cl\/aricayparinacota\/estudiantes-ariquenos-presentaron-sus-proyectos-de-investigacion-e-innovacion-escolar-en-congreso-nacional-explora\/#primaryimage"},"thumbnailUrl":"https:\/\/dev.explora.cl\/aricayparinacota\/wp-content\/uploads\/sites\/2\/2023\/03\/WhatsApp-Image-2023-03-17-at-9.02.51-AM.jpeg","datePublished":"2023-03-21T13:24:27+00:00","breadcrumb":{"@id":"https:\/\/dev.explora.cl\/aricayparinacota\/estudiantes-ariquenos-presentaron-sus-proyectos-de-investigacion-e-innovacion-escolar-en-congreso-nacional-explora\/#breadcrumb"},"inLanguage":"es-CL","potentialAction":[{"@type":"ReadAction","target":["https:\/\/dev.explora.cl\/aricayparinacota\/estudiantes-ariquenos-presentaron-sus-proyectos-de-investigacion-e-innovacion-escolar-en-congreso-nacional-explora\/"]}]},{"@type":"ImageObject","inLanguage":"es-CL","@id":"https:\/\/dev.explora.cl\/aricayparinacota\/estudiantes-ariquenos-presentaron-sus-proyectos-de-investigacion-e-innovacion-escolar-en-congreso-nacional-explora\/#primaryimage","url":"https:\/\/dev.explora.cl\/aricayparinacota\/wp-content\/uploads\/sites\/2\/2023\/03\/WhatsApp-Image-2023-03-17-at-9.02.51-AM.jpeg","contentUrl":"https:\/\/dev.explora.cl\/aricayparinacota\/wp-content\/uploads\/sites\/2\/2023\/03\/WhatsApp-Image-2023-03-17-at-9.02.51-AM.jpeg","width":1600,"height":1200},{"@type":"BreadcrumbList","@id":"https:\/\/dev.explora.cl\/aricayparinacota\/estudiantes-ariquenos-presentaron-sus-proyectos-de-investigacion-e-innovacion-escolar-en-congreso-nacional-explora\/#breadcrumb","itemListElement":[{"@type":"ListItem","position":1,"name":"Portada","item":"https:\/\/dev.explora.cl\/aricayparinacota\/"},{"@type":"ListItem","position":2,"name":"Estudiantes arique\u00f1os presentaron sus proyectos de investigaci\u00f3n e innovaci\u00f3n escolar en Congreso Nacional Explora"}]},{"@type":"WebSite","@id":"https:\/\/dev.explora.cl\/aricayparinacota\/#website","url":"https:\/\/dev.explora.cl\/aricayparinacota\/","name":"Arica y Parinacota","description":"Otro sitio m\u00e1s de dev.explora.cl","publisher":{"@id":"https:\/\/dev.explora.cl\/aricayparinacota\/#organization"},"potentialAction":[{"@type":"SearchAction","target":{"@type":"EntryPoint","urlTemplate":"https:\/\/dev.explora.cl\/aricayparinacota\/?s={search_term_string}"},"query-input":{"@type":"PropertyValueSpecification","valueRequired":true,"valueName":"search_term_string"}}],"inLanguage":"es-CL"},{"@type":"Organization","@id":"https:\/\/dev.explora.cl\/aricayparinacota\/#organization","name":"Arica y Parinacota","url":"https:\/\/dev.explora.cl\/aricayparinacota\/","logo":{"@type":"ImageObject","inLanguage":"es-CL","@id":"https:\/\/dev.explora.cl\/aricayparinacota\/#\/schema\/logo\/image\/","url":"https:\/\/dev.explora.cl\/aricayparinacota\/wp-content\/uploads\/sites\/2\/2020\/08\/cropped-nuevosa-logos-11.png","contentUrl":"https:\/\/dev.explora.cl\/aricayparinacota\/wp-content\/uploads\/sites\/2\/2020\/08\/cropped-nuevosa-logos-11.png","width":812,"height":937,"caption":"Arica y Parinacota"},"image":{"@id":"https:\/\/dev.explora.cl\/aricayparinacota\/#\/schema\/logo\/image\/"}},{"@type":"Person","@id":"https:\/\/dev.explora.cl\/aricayparinacota\/#\/schema\/person\/0372c8c9d6b6d58d9dc5036ff9d41a7e","name":"saracena","image":{"@type":"ImageObject","inLanguage":"es-CL","@id":"https:\/\/dev.explora.cl\/aricayparinacota\/#\/schema\/person\/image\/","url":"https:\/\/secure.gravatar.com\/avatar\/b5a50ce5104811995c55568a5df56789f4f7c071d5ab9a4c8345d33225022e41?s=96&d=mm&r=g","contentUrl":"https:\/\/secure.gravatar.com\/avatar\/b5a50ce5104811995c55568a5df56789f4f7c071d5ab9a4c8345d33225022e41?s=96&d=mm&r=g","caption":"saracena"},"url":"https:\/\/dev.explora.cl\/aricayparinacota\/author\/saracena\/"}]}},"_links":{"self":[{"href":"https:\/\/dev.explora.cl\/aricayparinacota\/wp-json\/wp\/v2\/posts\/35812","targetHints":{"allow":["GET"]}}],"collection":[{"href":"https:\/\/dev.explora.cl\/aricayparinacota\/wp-json\/wp\/v2\/posts"}],"about":[{"href":"https:\/\/dev.explora.cl\/aricayparinacota\/wp-json\/wp\/v2\/types\/post"}],"author":[{"embeddable":true,"href":"https:\/\/dev.explora.cl\/aricayparinacota\/wp-json\/wp\/v2\/users\/17"}],"replies":[{"embeddable":true,"href":"https:\/\/dev.explora.cl\/aricayparinacota\/wp-json\/wp\/v2\/comments?post=35812"}],"version-history":[{"count":1,"href":"https:\/\/dev.explora.cl\/aricayparinacota\/wp-json\/wp\/v2\/posts\/35812\/revisions"}],"predecessor-version":[{"id":35816,"href":"https:\/\/dev.explora.cl\/aricayparinacota\/wp-json\/wp\/v2\/posts\/35812\/revisions\/35816"}],"wp:featuredmedia":[{"embeddable":true,"href":"https:\/\/dev.explora.cl\/aricayparinacota\/wp-json\/wp\/v2\/media\/35813"}],"wp:attachment":[{"href":"https:\/\/dev.explora.cl\/aricayparinacota\/wp-json\/wp\/v2\/media?parent=35812"}],"wp:term":[{"taxonomy":"category","embeddable":true,"href":"https:\/\/dev.explora.cl\/aricayparinacota\/wp-json\/wp\/v2\/categories?post=35812"},{"taxonomy":"post_tag","embeddable":true,"href":"https:\/\/dev.explora.cl\/aricayparinacota\/wp-json\/wp\/v2\/tags?post=35812"}],"curies":[{"name":"wp","href":"https:\/\/api.w.org\/{rel}","templated":true}]}}