{"id":35388,"date":"2022-04-25T12:46:44","date_gmt":"2022-04-25T16:46:44","guid":{"rendered":"https:\/\/dev.explora.cl\/aricayparinacota\/?p=35388"},"modified":"2022-05-02T10:27:27","modified_gmt":"2022-05-02T14:27:27","slug":"explora-invita-a-desarrollar-investigacion-escolar-con-asesoria-de-cientificos","status":"publish","type":"post","link":"https:\/\/dev.explora.cl\/aricayparinacota\/explora-invita-a-desarrollar-investigacion-escolar-con-asesoria-de-cientificos\/","title":{"rendered":"Explora invita a desarrollar investigaci\u00f3n escolar con asesor\u00eda de cient\u00edficos"},"content":{"rendered":"<p>El Proyecto Explora Arica y Parinacota, del Ministerio de Ciencia, Tecnolog\u00eda,<br \/>\nConocimiento e Innovaci\u00f3n, ejecutado por la Universidad de Tarapac\u00e1, invita a la<br \/>\ncomunidad escolar a inscribirse y participar de una nueva versi\u00f3n del programa de<br \/>\nInvestigaci\u00f3n e Innovaci\u00f3n Escolar (IIE), pensada especialmente para estudiantes de 1\u00b0<br \/>\na\u00f1o b\u00e1sico a 4\u00b0 a\u00f1o medio, pertenecientes a establecimientos de las cuatro comunas de la<br \/>\nregi\u00f3n.<\/p>\n<p>El <strong>programa de Investigaci\u00f3n e Innovaci\u00f3n Escolar (IIE), conocido como Clubes Explora<\/strong>,<br \/>\ninvita a las y los docentes y estudiantes interesados en desarrollar proyectos de<br \/>\ninvestigaci\u00f3n y\/o innovaci\u00f3n, a inscribirse en la versi\u00f3n 2022 del programa, a trav\u00e9s del<br \/>\ncual podr\u00e1n reflexionar sobre temas y problem\u00e1ticas presentes en su entorno, y a partir<br \/>\nde ello, desarrollar habilidades y actitudes cient\u00edficas en el ejercicio de la investigaci\u00f3n.<\/p>\n<p>Para ello, contar\u00e1n con el apoyo y colaboraci\u00f3n de cient\u00edficos e investigadores<br \/>\nespecialistas en las \u00e1reas de las ciencias naturales, ciencias sociales, artes y humanidades,<br \/>\ne innovaci\u00f3n y desarrollo tecnol\u00f3gico. As\u00ed como tambi\u00e9n el acompa\u00f1amiento pedag\u00f3gico<br \/>\nnecesario para desarrollar las investigaciones de acuerdo a la realidad de cada<br \/>\nestablecimiento educacional. El plazo de <strong>inscripci\u00f3n es hasta el 16 de mayo<\/strong>.<\/p>\n<p>La Dra. Monica Navarrete, directora de Explora Arica y Parinacota, destac\u00f3 la importancia<br \/>\nde fortalecer la investigaci\u00f3n e innovaci\u00f3n escolar dentro de las aulas de clases. \u201cA ra\u00edz de<br \/>\nesto, los y las invitamos a participar de los Clubes Explora, espacio donde se vinculan<br \/>\nestudiantes, docentes y cient\u00edficos en torno al desarrollo de investigaci\u00f3n. Participar con<br \/>\nnosotros tambi\u00e9n les puede ayudar a optar al Cupo Explora UNESCO que es una vacante<br \/>\npreferente a la universidad y postular a las carreras adscritas al convenio\u201d, acot\u00f3.<\/p>\n<p>Para ser parte del programa, les invitamos a revisar las Bases Convocatoria en la p\u00e1gina<br \/>\nweb del PAR Explora Arica y Parinacota, completar formulario y adjuntar la Carta de<br \/>\nCompromiso del director o directora del establecimiento educacional al que represente.<\/p>\n<p>&nbsp;<\/p>\n<p><strong>Plazos de postulaci\u00f3n: 16 de mayo 2022<\/strong><\/p>\n<p><strong>Revisa las\u00a0<a href=\"https:\/\/drive.google.com\/file\/d\/1UqQxF8BanSRcnNrLSV8Ld_47nDAh1IOI\/view?usp=sharing\" target=\"_blank\" rel=\"noopener noreferrer\">Bases de Postulaci\u00f3n AQU\u00cd<\/a><\/strong><\/p>\n<p><strong>Si ya le\u00edste las bases\u00a0<a href=\"https:\/\/docs.google.com\/document\/d\/1avnmxJqe77DvM_OEEafWh5l3z-nAhZwx\/edit?usp=sharing&amp;ouid=106384869322620956658&amp;rtpof=true&amp;sd=true\" target=\"_blank\" rel=\"noopener noreferrer\">DESCARGA Y COMPLETA FORMULARIO<\/a>\u00a0y\u00a0<a href=\"https:\/\/docs.google.com\/document\/d\/1tD9BNKtB5vOYszPn0_LMXaTvz1hb_fgn\/edit?usp=sharing&amp;ouid=106384869322620956658&amp;rtpof=true&amp;sd=true\" target=\"_blank\" rel=\"noopener noreferrer\">CARTA DE COMPROMISO<\/a>\u00a0y env\u00edalos a\u00a0<\/strong><a href=\"mailto:exploraricaparinacota@gmail.com\">exploraricaparinacota@gmail.com<\/a><\/p>\n<p>&nbsp;<\/p>\n<p>Contacto para dudas y\/o consultas:<\/p>\n<p>Farah L\u00f3pez Marca- Encargada de vinculaci\u00f3n escolar<\/p>\n<p>Correo:\u00a0<a href=\"mailto:exploraricaparinacota@gmail.com\">exploraricaparinacota@gmail.com<\/a><\/p>\n","protected":false},"excerpt":{"rendered":"<p>El Proyecto Explora Arica y Parinacota, del Ministerio de Ciencia, Tecnolog\u00eda, Conocimiento e Innovaci\u00f3n, ejecutado por la Universidad de Tarapac\u00e1, invita a la comunidad escolar a inscribirse y participar de una nueva versi\u00f3n del programa de Investigaci\u00f3n e Innovaci\u00f3n Escolar (IIE), pensada especialmente para estudiantes de 1\u00b0 a\u00f1o b\u00e1sico a 4\u00b0 a\u00f1o medio, pertenecientes a [&hellip;]<\/p>\n","protected":false},"author":17,"featured_media":35389,"comment_status":"open","ping_status":"open","sticky":false,"template":"","format":"standard","meta":{"_acf_changed":false,"_exactmetrics_skip_tracking":false,"_exactmetrics_sitenote_active":false,"_exactmetrics_sitenote_note":"","_exactmetrics_sitenote_category":0,"footnotes":"","_links_to":"","_links_to_target":""},"categories":[4,1],"tags":[],"class_list":["post-35388","post","type-post","status-publish","format-standard","has-post-thumbnail","hentry","category-noticias","category-sin-categoria"],"acf":[],"yoast_head":"<!-- This site is optimized with the Yoast SEO plugin v26.7 - https:\/\/yoast.com\/wordpress\/plugins\/seo\/ -->\n<title>Explora invita a desarrollar investigaci\u00f3n escolar con asesor\u00eda de cient\u00edficos - Arica y Parinacota<\/title>\n<meta name=\"robots\" content=\"index, follow, max-snippet:-1, max-image-preview:large, max-video-preview:-1\" \/>\n<link rel=\"canonical\" href=\"https:\/\/dev.explora.cl\/aricayparinacota\/explora-invita-a-desarrollar-investigacion-escolar-con-asesoria-de-cientificos\/\" class=\"yoast-seo-meta-tag\" \/>\n<meta property=\"og:locale\" content=\"es_ES\" class=\"yoast-seo-meta-tag\" \/>\n<meta property=\"og:type\" content=\"article\" class=\"yoast-seo-meta-tag\" \/>\n<meta property=\"og:title\" content=\"Explora invita a desarrollar investigaci\u00f3n escolar con asesor\u00eda de cient\u00edficos - Arica y Parinacota\" class=\"yoast-seo-meta-tag\" \/>\n<meta property=\"og:description\" content=\"El Proyecto Explora Arica y Parinacota, del Ministerio de Ciencia, Tecnolog\u00eda, Conocimiento e Innovaci\u00f3n, ejecutado por la Universidad de Tarapac\u00e1, invita a la comunidad escolar a inscribirse y participar de una nueva versi\u00f3n del programa de Investigaci\u00f3n e Innovaci\u00f3n Escolar (IIE), pensada especialmente para estudiantes de 1\u00b0 a\u00f1o b\u00e1sico a 4\u00b0 a\u00f1o medio, pertenecientes a [&hellip;]\" class=\"yoast-seo-meta-tag\" \/>\n<meta property=\"og:url\" content=\"https:\/\/dev.explora.cl\/aricayparinacota\/explora-invita-a-desarrollar-investigacion-escolar-con-asesoria-de-cientificos\/\" class=\"yoast-seo-meta-tag\" \/>\n<meta property=\"og:site_name\" content=\"Arica y Parinacota\" class=\"yoast-seo-meta-tag\" \/>\n<meta property=\"article:published_time\" content=\"2022-04-25T16:46:44+00:00\" class=\"yoast-seo-meta-tag\" \/>\n<meta property=\"article:modified_time\" content=\"2022-05-02T14:27:27+00:00\" class=\"yoast-seo-meta-tag\" \/>\n<meta property=\"og:image\" content=\"https:\/\/dev.explora.cl\/aricayparinacota\/wp-content\/uploads\/sites\/2\/2022\/04\/IMG_4603-1024x768.jpg\" class=\"yoast-seo-meta-tag\" \/>\n\t<meta property=\"og:image:width\" content=\"1024\" class=\"yoast-seo-meta-tag\" \/>\n\t<meta property=\"og:image:height\" content=\"768\" class=\"yoast-seo-meta-tag\" \/>\n\t<meta property=\"og:image:type\" content=\"image\/jpeg\" class=\"yoast-seo-meta-tag\" \/>\n<meta name=\"author\" content=\"saracena\" class=\"yoast-seo-meta-tag\" \/>\n<meta name=\"twitter:card\" content=\"summary_large_image\" class=\"yoast-seo-meta-tag\" \/>\n<meta name=\"twitter:label1\" content=\"Escrito por\" class=\"yoast-seo-meta-tag\" \/>\n\t<meta name=\"twitter:data1\" content=\"saracena\" class=\"yoast-seo-meta-tag\" \/>\n\t<meta name=\"twitter:label2\" content=\"Tiempo estimado de lectura\" class=\"yoast-seo-meta-tag\" \/>\n\t<meta name=\"twitter:data2\" content=\"2 minutos\" class=\"yoast-seo-meta-tag\" \/>\n<script type=\"application\/ld+json\" class=\"yoast-schema-graph\">{\"@context\":\"https:\/\/schema.org\",\"@graph\":[{\"@type\":\"Article\",\"@id\":\"https:\/\/dev.explora.cl\/aricayparinacota\/explora-invita-a-desarrollar-investigacion-escolar-con-asesoria-de-cientificos\/#article\",\"isPartOf\":{\"@id\":\"https:\/\/dev.explora.cl\/aricayparinacota\/explora-invita-a-desarrollar-investigacion-escolar-con-asesoria-de-cientificos\/\"},\"author\":{\"name\":\"saracena\",\"@id\":\"https:\/\/dev.explora.cl\/aricayparinacota\/#\/schema\/person\/0372c8c9d6b6d58d9dc5036ff9d41a7e\"},\"headline\":\"Explora invita a desarrollar investigaci\u00f3n escolar con asesor\u00eda de cient\u00edficos\",\"datePublished\":\"2022-04-25T16:46:44+00:00\",\"dateModified\":\"2022-05-02T14:27:27+00:00\",\"mainEntityOfPage\":{\"@id\":\"https:\/\/dev.explora.cl\/aricayparinacota\/explora-invita-a-desarrollar-investigacion-escolar-con-asesoria-de-cientificos\/\"},\"wordCount\":413,\"commentCount\":0,\"publisher\":{\"@id\":\"https:\/\/dev.explora.cl\/aricayparinacota\/#organization\"},\"image\":{\"@id\":\"https:\/\/dev.explora.cl\/aricayparinacota\/explora-invita-a-desarrollar-investigacion-escolar-con-asesoria-de-cientificos\/#primaryimage\"},\"thumbnailUrl\":\"https:\/\/dev.explora.cl\/aricayparinacota\/wp-content\/uploads\/sites\/2\/2022\/04\/IMG_4603.jpg\",\"articleSection\":[\"Noticias\"],\"inLanguage\":\"es-CL\",\"potentialAction\":[{\"@type\":\"CommentAction\",\"name\":\"Comment\",\"target\":[\"https:\/\/dev.explora.cl\/aricayparinacota\/explora-invita-a-desarrollar-investigacion-escolar-con-asesoria-de-cientificos\/#respond\"]}]},{\"@type\":\"WebPage\",\"@id\":\"https:\/\/dev.explora.cl\/aricayparinacota\/explora-invita-a-desarrollar-investigacion-escolar-con-asesoria-de-cientificos\/\",\"url\":\"https:\/\/dev.explora.cl\/aricayparinacota\/explora-invita-a-desarrollar-investigacion-escolar-con-asesoria-de-cientificos\/\",\"name\":\"Explora invita a desarrollar investigaci\u00f3n escolar con asesor\u00eda de cient\u00edficos - Arica y Parinacota\",\"isPartOf\":{\"@id\":\"https:\/\/dev.explora.cl\/aricayparinacota\/#website\"},\"primaryImageOfPage\":{\"@id\":\"https:\/\/dev.explora.cl\/aricayparinacota\/explora-invita-a-desarrollar-investigacion-escolar-con-asesoria-de-cientificos\/#primaryimage\"},\"image\":{\"@id\":\"https:\/\/dev.explora.cl\/aricayparinacota\/explora-invita-a-desarrollar-investigacion-escolar-con-asesoria-de-cientificos\/#primaryimage\"},\"thumbnailUrl\":\"https:\/\/dev.explora.cl\/aricayparinacota\/wp-content\/uploads\/sites\/2\/2022\/04\/IMG_4603.jpg\",\"datePublished\":\"2022-04-25T16:46:44+00:00\",\"dateModified\":\"2022-05-02T14:27:27+00:00\",\"breadcrumb\":{\"@id\":\"https:\/\/dev.explora.cl\/aricayparinacota\/explora-invita-a-desarrollar-investigacion-escolar-con-asesoria-de-cientificos\/#breadcrumb\"},\"inLanguage\":\"es-CL\",\"potentialAction\":[{\"@type\":\"ReadAction\",\"target\":[\"https:\/\/dev.explora.cl\/aricayparinacota\/explora-invita-a-desarrollar-investigacion-escolar-con-asesoria-de-cientificos\/\"]}]},{\"@type\":\"ImageObject\",\"inLanguage\":\"es-CL\",\"@id\":\"https:\/\/dev.explora.cl\/aricayparinacota\/explora-invita-a-desarrollar-investigacion-escolar-con-asesoria-de-cientificos\/#primaryimage\",\"url\":\"https:\/\/dev.explora.cl\/aricayparinacota\/wp-content\/uploads\/sites\/2\/2022\/04\/IMG_4603.jpg\",\"contentUrl\":\"https:\/\/dev.explora.cl\/aricayparinacota\/wp-content\/uploads\/sites\/2\/2022\/04\/IMG_4603.jpg\",\"width\":4032,\"height\":3024},{\"@type\":\"BreadcrumbList\",\"@id\":\"https:\/\/dev.explora.cl\/aricayparinacota\/explora-invita-a-desarrollar-investigacion-escolar-con-asesoria-de-cientificos\/#breadcrumb\",\"itemListElement\":[{\"@type\":\"ListItem\",\"position\":1,\"name\":\"Portada\",\"item\":\"https:\/\/dev.explora.cl\/aricayparinacota\/\"},{\"@type\":\"ListItem\",\"position\":2,\"name\":\"Explora invita a desarrollar investigaci\u00f3n escolar con asesor\u00eda de cient\u00edficos\"}]},{\"@type\":\"WebSite\",\"@id\":\"https:\/\/dev.explora.cl\/aricayparinacota\/#website\",\"url\":\"https:\/\/dev.explora.cl\/aricayparinacota\/\",\"name\":\"Arica y Parinacota\",\"description\":\"Otro sitio m\u00e1s de dev.explora.cl\",\"publisher\":{\"@id\":\"https:\/\/dev.explora.cl\/aricayparinacota\/#organization\"},\"potentialAction\":[{\"@type\":\"SearchAction\",\"target\":{\"@type\":\"EntryPoint\",\"urlTemplate\":\"https:\/\/dev.explora.cl\/aricayparinacota\/?s={search_term_string}\"},\"query-input\":{\"@type\":\"PropertyValueSpecification\",\"valueRequired\":true,\"valueName\":\"search_term_string\"}}],\"inLanguage\":\"es-CL\"},{\"@type\":\"Organization\",\"@id\":\"https:\/\/dev.explora.cl\/aricayparinacota\/#organization\",\"name\":\"Arica y Parinacota\",\"url\":\"https:\/\/dev.explora.cl\/aricayparinacota\/\",\"logo\":{\"@type\":\"ImageObject\",\"inLanguage\":\"es-CL\",\"@id\":\"https:\/\/dev.explora.cl\/aricayparinacota\/#\/schema\/logo\/image\/\",\"url\":\"https:\/\/dev.explora.cl\/aricayparinacota\/wp-content\/uploads\/sites\/2\/2020\/08\/cropped-nuevosa-logos-11.png\",\"contentUrl\":\"https:\/\/dev.explora.cl\/aricayparinacota\/wp-content\/uploads\/sites\/2\/2020\/08\/cropped-nuevosa-logos-11.png\",\"width\":812,\"height\":937,\"caption\":\"Arica y Parinacota\"},\"image\":{\"@id\":\"https:\/\/dev.explora.cl\/aricayparinacota\/#\/schema\/logo\/image\/\"}},{\"@type\":\"Person\",\"@id\":\"https:\/\/dev.explora.cl\/aricayparinacota\/#\/schema\/person\/0372c8c9d6b6d58d9dc5036ff9d41a7e\",\"name\":\"saracena\",\"image\":{\"@type\":\"ImageObject\",\"inLanguage\":\"es-CL\",\"@id\":\"https:\/\/dev.explora.cl\/aricayparinacota\/#\/schema\/person\/image\/\",\"url\":\"https:\/\/secure.gravatar.com\/avatar\/b5a50ce5104811995c55568a5df56789f4f7c071d5ab9a4c8345d33225022e41?s=96&d=mm&r=g\",\"contentUrl\":\"https:\/\/secure.gravatar.com\/avatar\/b5a50ce5104811995c55568a5df56789f4f7c071d5ab9a4c8345d33225022e41?s=96&d=mm&r=g\",\"caption\":\"saracena\"},\"url\":\"https:\/\/dev.explora.cl\/aricayparinacota\/author\/saracena\/\"}]}<\/script>\n<!-- \/ Yoast SEO plugin. -->","yoast_head_json":{"title":"Explora invita a desarrollar investigaci\u00f3n escolar con asesor\u00eda de cient\u00edficos - Arica y Parinacota","robots":{"index":"index","follow":"follow","max-snippet":"max-snippet:-1","max-image-preview":"max-image-preview:large","max-video-preview":"max-video-preview:-1"},"canonical":"https:\/\/dev.explora.cl\/aricayparinacota\/explora-invita-a-desarrollar-investigacion-escolar-con-asesoria-de-cientificos\/","og_locale":"es_ES","og_type":"article","og_title":"Explora invita a desarrollar investigaci\u00f3n escolar con asesor\u00eda de cient\u00edficos - Arica y Parinacota","og_description":"El Proyecto Explora Arica y Parinacota, del Ministerio de Ciencia, Tecnolog\u00eda, Conocimiento e Innovaci\u00f3n, ejecutado por la Universidad de Tarapac\u00e1, invita a la comunidad escolar a inscribirse y participar de una nueva versi\u00f3n del programa de Investigaci\u00f3n e Innovaci\u00f3n Escolar (IIE), pensada especialmente para estudiantes de 1\u00b0 a\u00f1o b\u00e1sico a 4\u00b0 a\u00f1o medio, pertenecientes a [&hellip;]","og_url":"https:\/\/dev.explora.cl\/aricayparinacota\/explora-invita-a-desarrollar-investigacion-escolar-con-asesoria-de-cientificos\/","og_site_name":"Arica y Parinacota","article_published_time":"2022-04-25T16:46:44+00:00","article_modified_time":"2022-05-02T14:27:27+00:00","og_image":[{"width":1024,"height":768,"url":"https:\/\/dev.explora.cl\/aricayparinacota\/wp-content\/uploads\/sites\/2\/2022\/04\/IMG_4603-1024x768.jpg","type":"image\/jpeg"}],"author":"saracena","twitter_card":"summary_large_image","twitter_misc":{"Escrito por":"saracena","Tiempo estimado de lectura":"2 minutos"},"schema":{"@context":"https:\/\/schema.org","@graph":[{"@type":"Article","@id":"https:\/\/dev.explora.cl\/aricayparinacota\/explora-invita-a-desarrollar-investigacion-escolar-con-asesoria-de-cientificos\/#article","isPartOf":{"@id":"https:\/\/dev.explora.cl\/aricayparinacota\/explora-invita-a-desarrollar-investigacion-escolar-con-asesoria-de-cientificos\/"},"author":{"name":"saracena","@id":"https:\/\/dev.explora.cl\/aricayparinacota\/#\/schema\/person\/0372c8c9d6b6d58d9dc5036ff9d41a7e"},"headline":"Explora invita a desarrollar investigaci\u00f3n escolar con asesor\u00eda de cient\u00edficos","datePublished":"2022-04-25T16:46:44+00:00","dateModified":"2022-05-02T14:27:27+00:00","mainEntityOfPage":{"@id":"https:\/\/dev.explora.cl\/aricayparinacota\/explora-invita-a-desarrollar-investigacion-escolar-con-asesoria-de-cientificos\/"},"wordCount":413,"commentCount":0,"publisher":{"@id":"https:\/\/dev.explora.cl\/aricayparinacota\/#organization"},"image":{"@id":"https:\/\/dev.explora.cl\/aricayparinacota\/explora-invita-a-desarrollar-investigacion-escolar-con-asesoria-de-cientificos\/#primaryimage"},"thumbnailUrl":"https:\/\/dev.explora.cl\/aricayparinacota\/wp-content\/uploads\/sites\/2\/2022\/04\/IMG_4603.jpg","articleSection":["Noticias"],"inLanguage":"es-CL","potentialAction":[{"@type":"CommentAction","name":"Comment","target":["https:\/\/dev.explora.cl\/aricayparinacota\/explora-invita-a-desarrollar-investigacion-escolar-con-asesoria-de-cientificos\/#respond"]}]},{"@type":"WebPage","@id":"https:\/\/dev.explora.cl\/aricayparinacota\/explora-invita-a-desarrollar-investigacion-escolar-con-asesoria-de-cientificos\/","url":"https:\/\/dev.explora.cl\/aricayparinacota\/explora-invita-a-desarrollar-investigacion-escolar-con-asesoria-de-cientificos\/","name":"Explora invita a desarrollar investigaci\u00f3n escolar con asesor\u00eda de cient\u00edficos - Arica y Parinacota","isPartOf":{"@id":"https:\/\/dev.explora.cl\/aricayparinacota\/#website"},"primaryImageOfPage":{"@id":"https:\/\/dev.explora.cl\/aricayparinacota\/explora-invita-a-desarrollar-investigacion-escolar-con-asesoria-de-cientificos\/#primaryimage"},"image":{"@id":"https:\/\/dev.explora.cl\/aricayparinacota\/explora-invita-a-desarrollar-investigacion-escolar-con-asesoria-de-cientificos\/#primaryimage"},"thumbnailUrl":"https:\/\/dev.explora.cl\/aricayparinacota\/wp-content\/uploads\/sites\/2\/2022\/04\/IMG_4603.jpg","datePublished":"2022-04-25T16:46:44+00:00","dateModified":"2022-05-02T14:27:27+00:00","breadcrumb":{"@id":"https:\/\/dev.explora.cl\/aricayparinacota\/explora-invita-a-desarrollar-investigacion-escolar-con-asesoria-de-cientificos\/#breadcrumb"},"inLanguage":"es-CL","potentialAction":[{"@type":"ReadAction","target":["https:\/\/dev.explora.cl\/aricayparinacota\/explora-invita-a-desarrollar-investigacion-escolar-con-asesoria-de-cientificos\/"]}]},{"@type":"ImageObject","inLanguage":"es-CL","@id":"https:\/\/dev.explora.cl\/aricayparinacota\/explora-invita-a-desarrollar-investigacion-escolar-con-asesoria-de-cientificos\/#primaryimage","url":"https:\/\/dev.explora.cl\/aricayparinacota\/wp-content\/uploads\/sites\/2\/2022\/04\/IMG_4603.jpg","contentUrl":"https:\/\/dev.explora.cl\/aricayparinacota\/wp-content\/uploads\/sites\/2\/2022\/04\/IMG_4603.jpg","width":4032,"height":3024},{"@type":"BreadcrumbList","@id":"https:\/\/dev.explora.cl\/aricayparinacota\/explora-invita-a-desarrollar-investigacion-escolar-con-asesoria-de-cientificos\/#breadcrumb","itemListElement":[{"@type":"ListItem","position":1,"name":"Portada","item":"https:\/\/dev.explora.cl\/aricayparinacota\/"},{"@type":"ListItem","position":2,"name":"Explora invita a desarrollar investigaci\u00f3n escolar con asesor\u00eda de cient\u00edficos"}]},{"@type":"WebSite","@id":"https:\/\/dev.explora.cl\/aricayparinacota\/#website","url":"https:\/\/dev.explora.cl\/aricayparinacota\/","name":"Arica y Parinacota","description":"Otro sitio m\u00e1s de dev.explora.cl","publisher":{"@id":"https:\/\/dev.explora.cl\/aricayparinacota\/#organization"},"potentialAction":[{"@type":"SearchAction","target":{"@type":"EntryPoint","urlTemplate":"https:\/\/dev.explora.cl\/aricayparinacota\/?s={search_term_string}"},"query-input":{"@type":"PropertyValueSpecification","valueRequired":true,"valueName":"search_term_string"}}],"inLanguage":"es-CL"},{"@type":"Organization","@id":"https:\/\/dev.explora.cl\/aricayparinacota\/#organization","name":"Arica y Parinacota","url":"https:\/\/dev.explora.cl\/aricayparinacota\/","logo":{"@type":"ImageObject","inLanguage":"es-CL","@id":"https:\/\/dev.explora.cl\/aricayparinacota\/#\/schema\/logo\/image\/","url":"https:\/\/dev.explora.cl\/aricayparinacota\/wp-content\/uploads\/sites\/2\/2020\/08\/cropped-nuevosa-logos-11.png","contentUrl":"https:\/\/dev.explora.cl\/aricayparinacota\/wp-content\/uploads\/sites\/2\/2020\/08\/cropped-nuevosa-logos-11.png","width":812,"height":937,"caption":"Arica y Parinacota"},"image":{"@id":"https:\/\/dev.explora.cl\/aricayparinacota\/#\/schema\/logo\/image\/"}},{"@type":"Person","@id":"https:\/\/dev.explora.cl\/aricayparinacota\/#\/schema\/person\/0372c8c9d6b6d58d9dc5036ff9d41a7e","name":"saracena","image":{"@type":"ImageObject","inLanguage":"es-CL","@id":"https:\/\/dev.explora.cl\/aricayparinacota\/#\/schema\/person\/image\/","url":"https:\/\/secure.gravatar.com\/avatar\/b5a50ce5104811995c55568a5df56789f4f7c071d5ab9a4c8345d33225022e41?s=96&d=mm&r=g","contentUrl":"https:\/\/secure.gravatar.com\/avatar\/b5a50ce5104811995c55568a5df56789f4f7c071d5ab9a4c8345d33225022e41?s=96&d=mm&r=g","caption":"saracena"},"url":"https:\/\/dev.explora.cl\/aricayparinacota\/author\/saracena\/"}]}},"_links":{"self":[{"href":"https:\/\/dev.explora.cl\/aricayparinacota\/wp-json\/wp\/v2\/posts\/35388","targetHints":{"allow":["GET"]}}],"collection":[{"href":"https:\/\/dev.explora.cl\/aricayparinacota\/wp-json\/wp\/v2\/posts"}],"about":[{"href":"https:\/\/dev.explora.cl\/aricayparinacota\/wp-json\/wp\/v2\/types\/post"}],"author":[{"embeddable":true,"href":"https:\/\/dev.explora.cl\/aricayparinacota\/wp-json\/wp\/v2\/users\/17"}],"replies":[{"embeddable":true,"href":"https:\/\/dev.explora.cl\/aricayparinacota\/wp-json\/wp\/v2\/comments?post=35388"}],"version-history":[{"count":2,"href":"https:\/\/dev.explora.cl\/aricayparinacota\/wp-json\/wp\/v2\/posts\/35388\/revisions"}],"predecessor-version":[{"id":35396,"href":"https:\/\/dev.explora.cl\/aricayparinacota\/wp-json\/wp\/v2\/posts\/35388\/revisions\/35396"}],"wp:featuredmedia":[{"embeddable":true,"href":"https:\/\/dev.explora.cl\/aricayparinacota\/wp-json\/wp\/v2\/media\/35389"}],"wp:attachment":[{"href":"https:\/\/dev.explora.cl\/aricayparinacota\/wp-json\/wp\/v2\/media?parent=35388"}],"wp:term":[{"taxonomy":"category","embeddable":true,"href":"https:\/\/dev.explora.cl\/aricayparinacota\/wp-json\/wp\/v2\/categories?post=35388"},{"taxonomy":"post_tag","embeddable":true,"href":"https:\/\/dev.explora.cl\/aricayparinacota\/wp-json\/wp\/v2\/tags?post=35388"}],"curies":[{"name":"wp","href":"https:\/\/api.w.org\/{rel}","templated":true}]}}