{"id":34319,"date":"2020-06-01T15:44:23","date_gmt":"2020-06-01T19:44:23","guid":{"rendered":"https:\/\/dev.explora.cl\/aricayparinacota\/?p=34319"},"modified":"2020-06-02T11:11:44","modified_gmt":"2020-06-02T15:11:44","slug":"junio-llega-cargado-de-charlas-cientificas-para-todos","status":"publish","type":"post","link":"https:\/\/dev.explora.cl\/aricayparinacota\/junio-llega-cargado-de-charlas-cientificas-para-todos\/","title":{"rendered":"Junio llega cargado de charlas cient\u00edficas para todos"},"content":{"rendered":"<p><strong><em>Temas que van desde hallazgos de nuevos vertebrados hasta Arqueolog\u00eda Gal\u00e1ctica son los que se abordar\u00e1n en un nuevo ciclo de 1000 cient\u00edfic@s 1000 aulas.<\/em><\/strong><\/p>\n<p>Charlas para todo p\u00fablico, de diversas tem\u00e1ticas y en formato online son las que ofrece el Proyecto Asociativo Regional (PAR) Explora Arica y Parinacota del Ministerio de Ciencia, Tecnolog\u00eda, Conocimiento e Innovaci\u00f3n, que ejecuta la Universidad de Tarapac\u00e1.<\/p>\n<p>Se trata de la iniciativa 1000 cientific@s 1000 aulas, cuyo objetivo es fortalecer el v\u00ednculo entre investigadores\/as, divulgadores\/as y la sociedad, a trav\u00e9s de encuentros en formatos l\u00fadicos y participativos, promoviendo la socializaci\u00f3n y apropiaci\u00f3n del conocimiento. El ciclo se inicia este mes de junio, el martes 2 a las 19 horas con la exposici\u00f3n de la profesora de F\u00edsica, Paula Urrutia, quien hablar\u00e1 sobre la importancia de la ense\u00f1anza de las Ciencias Naturales.<\/p>\n<p>El martes 9 de junio ser\u00e1 el turno del acad\u00e9mico e investigador de la UTA, Pablo Valladares, quien conversar\u00e1 sobre los nuevos hallazgos de vertebrados en el norte, charla que se dar\u00e1 a las 15:30 horas.<\/p>\n<p>El jueves 11, el doctor en F\u00edsica, Miguel Roth invita a participar de \u201cMagallanes, el gigante mirando al universo\u201d a las 17:30 horas. charla que busca mostrar los telescopios gigantes que est\u00e1n revolucionando la Astronom\u00eda actual.<\/p>\n<p>David Ariza, m\u00e1ster en Energ\u00edas Renovables y Eficiencia Energ\u00e9tica, expondr\u00e1 sobre el acercamiento a la educaci\u00f3n STEAM y algunas pr\u00e1cticas que se pueden realizar desde casa. Este conversatorio se desarrollar\u00e1 el martes 16 a las 19:30 horas.<\/p>\n<p>El 23 de junio, a las 11 de la ma\u00f1ana, la doctora en Astrof\u00edsica, Camila Navarrete hablar\u00e1 de f\u00f3siles en la V\u00eda L\u00e1ctea, conocido como Arqueolog\u00eda Gal\u00e1ctica.<\/p>\n<p>Finaliza el ciclo de junio la doctora en Ciencias Biol\u00f3gicas, Patricia Silva con la charla \u201cConociendo a los hongos y sus funciones ecol\u00f3gicas\u201d.<\/p>\n<p>&nbsp;<\/p>\n<p><strong>TRANSMISI\u00d3N<\/strong><\/p>\n<p>Las charlas se transmitir\u00e1n v\u00eda streaming en\u00a0<a href=\"http:\/\/exploraxv.uta.cl\/explora\/1000c1000likes\/\" data-saferedirecturl=\"https:\/\/www.google.com\/url?q=http:\/\/exploraxv.uta.cl\/explora\/1000c1000likes\/&amp;source=gmail&amp;ust=1591126727789000&amp;usg=AFQjCNEU1Ygmd8ZZuAW_ZOdPQaV6j4Ht0Q\">http:\/\/exploraxv.uta.cl\/explora\/1000c1000likes\/<\/a><\/p>\n<p>\u201cNuevamente este a\u00f1o, los cient\u00edficos se han sumado al llamado a compartir sus investigaciones, por tanto, les invitamos a todos y todas, a conectarse el d\u00eda y hora de las charlas de su inter\u00e9s. Estamos construyendo entre todos, una sociedad m\u00e1s y mejor informada de los que est\u00e1 pasando en nuestro entorno\u201d, se\u00f1al\u00f3 la directora del PAR Explora, M\u00f3nica Navarrete.<\/p>\n","protected":false},"excerpt":{"rendered":"<p>Temas que van desde hallazgos de nuevos vertebrados hasta Arqueolog\u00eda Gal\u00e1ctica son los que se abordar\u00e1n en un nuevo ciclo de 1000 cient\u00edfic@s 1000 aulas.<\/p>\n","protected":false},"author":17,"featured_media":34320,"comment_status":"open","ping_status":"open","sticky":false,"template":"","format":"standard","meta":{"_acf_changed":false,"_exactmetrics_skip_tracking":false,"_exactmetrics_sitenote_active":false,"_exactmetrics_sitenote_note":"","_exactmetrics_sitenote_category":0,"footnotes":"","_links_to":"","_links_to_target":""},"categories":[139,4],"tags":[],"class_list":["post-34319","post","type-post","status-publish","format-standard","has-post-thumbnail","hentry","category-lugar-4","category-noticias"],"acf":[],"yoast_head":"<!-- This site is optimized with the Yoast SEO plugin v26.7 - https:\/\/yoast.com\/wordpress\/plugins\/seo\/ -->\n<title>Junio llega cargado de charlas cient\u00edficas para todos - Arica y Parinacota<\/title>\n<meta name=\"robots\" content=\"index, follow, max-snippet:-1, max-image-preview:large, max-video-preview:-1\" \/>\n<link rel=\"canonical\" href=\"https:\/\/dev.explora.cl\/aricayparinacota\/junio-llega-cargado-de-charlas-cientificas-para-todos\/\" class=\"yoast-seo-meta-tag\" \/>\n<meta property=\"og:locale\" content=\"es_ES\" class=\"yoast-seo-meta-tag\" \/>\n<meta property=\"og:type\" content=\"article\" class=\"yoast-seo-meta-tag\" \/>\n<meta property=\"og:title\" content=\"Junio llega cargado de charlas cient\u00edficas para todos - Arica y Parinacota\" class=\"yoast-seo-meta-tag\" \/>\n<meta property=\"og:description\" content=\"Temas que van desde hallazgos de nuevos vertebrados hasta Arqueolog\u00eda Gal\u00e1ctica son los que se abordar\u00e1n en un nuevo ciclo de 1000 cient\u00edfic@s 1000 aulas.\" class=\"yoast-seo-meta-tag\" \/>\n<meta property=\"og:url\" content=\"https:\/\/dev.explora.cl\/aricayparinacota\/junio-llega-cargado-de-charlas-cientificas-para-todos\/\" class=\"yoast-seo-meta-tag\" \/>\n<meta property=\"og:site_name\" content=\"Arica y Parinacota\" class=\"yoast-seo-meta-tag\" \/>\n<meta property=\"article:published_time\" content=\"2020-06-01T19:44:23+00:00\" class=\"yoast-seo-meta-tag\" \/>\n<meta property=\"article:modified_time\" content=\"2020-06-02T15:11:44+00:00\" class=\"yoast-seo-meta-tag\" \/>\n<meta property=\"og:image\" content=\"https:\/\/dev.explora.cl\/aricayparinacota\/wp-content\/uploads\/sites\/2\/2020\/06\/IMG-20190704-WA0080.jpg\" class=\"yoast-seo-meta-tag\" \/>\n\t<meta property=\"og:image:width\" content=\"1280\" class=\"yoast-seo-meta-tag\" \/>\n\t<meta property=\"og:image:height\" content=\"960\" class=\"yoast-seo-meta-tag\" \/>\n\t<meta property=\"og:image:type\" content=\"image\/jpeg\" class=\"yoast-seo-meta-tag\" \/>\n<meta name=\"author\" content=\"saracena\" class=\"yoast-seo-meta-tag\" \/>\n<meta name=\"twitter:card\" content=\"summary_large_image\" class=\"yoast-seo-meta-tag\" \/>\n<meta name=\"twitter:label1\" content=\"Escrito por\" class=\"yoast-seo-meta-tag\" \/>\n\t<meta name=\"twitter:data1\" content=\"saracena\" class=\"yoast-seo-meta-tag\" \/>\n\t<meta name=\"twitter:label2\" content=\"Tiempo estimado de lectura\" class=\"yoast-seo-meta-tag\" \/>\n\t<meta name=\"twitter:data2\" content=\"2 minutos\" class=\"yoast-seo-meta-tag\" \/>\n<script type=\"application\/ld+json\" class=\"yoast-schema-graph\">{\"@context\":\"https:\/\/schema.org\",\"@graph\":[{\"@type\":\"Article\",\"@id\":\"https:\/\/dev.explora.cl\/aricayparinacota\/junio-llega-cargado-de-charlas-cientificas-para-todos\/#article\",\"isPartOf\":{\"@id\":\"https:\/\/dev.explora.cl\/aricayparinacota\/junio-llega-cargado-de-charlas-cientificas-para-todos\/\"},\"author\":{\"name\":\"saracena\",\"@id\":\"https:\/\/dev.explora.cl\/aricayparinacota\/#\/schema\/person\/0372c8c9d6b6d58d9dc5036ff9d41a7e\"},\"headline\":\"Junio llega cargado de charlas cient\u00edficas para todos\",\"datePublished\":\"2020-06-01T19:44:23+00:00\",\"dateModified\":\"2020-06-02T15:11:44+00:00\",\"mainEntityOfPage\":{\"@id\":\"https:\/\/dev.explora.cl\/aricayparinacota\/junio-llega-cargado-de-charlas-cientificas-para-todos\/\"},\"wordCount\":415,\"commentCount\":0,\"publisher\":{\"@id\":\"https:\/\/dev.explora.cl\/aricayparinacota\/#organization\"},\"image\":{\"@id\":\"https:\/\/dev.explora.cl\/aricayparinacota\/junio-llega-cargado-de-charlas-cientificas-para-todos\/#primaryimage\"},\"thumbnailUrl\":\"https:\/\/dev.explora.cl\/aricayparinacota\/wp-content\/uploads\/sites\/2\/2020\/06\/IMG-20190704-WA0080.jpg\",\"articleSection\":[\"Lugar 4\",\"Noticias\"],\"inLanguage\":\"es-CL\",\"potentialAction\":[{\"@type\":\"CommentAction\",\"name\":\"Comment\",\"target\":[\"https:\/\/dev.explora.cl\/aricayparinacota\/junio-llega-cargado-de-charlas-cientificas-para-todos\/#respond\"]}]},{\"@type\":\"WebPage\",\"@id\":\"https:\/\/dev.explora.cl\/aricayparinacota\/junio-llega-cargado-de-charlas-cientificas-para-todos\/\",\"url\":\"https:\/\/dev.explora.cl\/aricayparinacota\/junio-llega-cargado-de-charlas-cientificas-para-todos\/\",\"name\":\"Junio llega cargado de charlas cient\u00edficas para todos - Arica y Parinacota\",\"isPartOf\":{\"@id\":\"https:\/\/dev.explora.cl\/aricayparinacota\/#website\"},\"primaryImageOfPage\":{\"@id\":\"https:\/\/dev.explora.cl\/aricayparinacota\/junio-llega-cargado-de-charlas-cientificas-para-todos\/#primaryimage\"},\"image\":{\"@id\":\"https:\/\/dev.explora.cl\/aricayparinacota\/junio-llega-cargado-de-charlas-cientificas-para-todos\/#primaryimage\"},\"thumbnailUrl\":\"https:\/\/dev.explora.cl\/aricayparinacota\/wp-content\/uploads\/sites\/2\/2020\/06\/IMG-20190704-WA0080.jpg\",\"datePublished\":\"2020-06-01T19:44:23+00:00\",\"dateModified\":\"2020-06-02T15:11:44+00:00\",\"breadcrumb\":{\"@id\":\"https:\/\/dev.explora.cl\/aricayparinacota\/junio-llega-cargado-de-charlas-cientificas-para-todos\/#breadcrumb\"},\"inLanguage\":\"es-CL\",\"potentialAction\":[{\"@type\":\"ReadAction\",\"target\":[\"https:\/\/dev.explora.cl\/aricayparinacota\/junio-llega-cargado-de-charlas-cientificas-para-todos\/\"]}]},{\"@type\":\"ImageObject\",\"inLanguage\":\"es-CL\",\"@id\":\"https:\/\/dev.explora.cl\/aricayparinacota\/junio-llega-cargado-de-charlas-cientificas-para-todos\/#primaryimage\",\"url\":\"https:\/\/dev.explora.cl\/aricayparinacota\/wp-content\/uploads\/sites\/2\/2020\/06\/IMG-20190704-WA0080.jpg\",\"contentUrl\":\"https:\/\/dev.explora.cl\/aricayparinacota\/wp-content\/uploads\/sites\/2\/2020\/06\/IMG-20190704-WA0080.jpg\",\"width\":1280,\"height\":960},{\"@type\":\"BreadcrumbList\",\"@id\":\"https:\/\/dev.explora.cl\/aricayparinacota\/junio-llega-cargado-de-charlas-cientificas-para-todos\/#breadcrumb\",\"itemListElement\":[{\"@type\":\"ListItem\",\"position\":1,\"name\":\"Portada\",\"item\":\"https:\/\/dev.explora.cl\/aricayparinacota\/\"},{\"@type\":\"ListItem\",\"position\":2,\"name\":\"Junio llega cargado de charlas cient\u00edficas para todos\"}]},{\"@type\":\"WebSite\",\"@id\":\"https:\/\/dev.explora.cl\/aricayparinacota\/#website\",\"url\":\"https:\/\/dev.explora.cl\/aricayparinacota\/\",\"name\":\"Arica y Parinacota\",\"description\":\"Otro sitio m\u00e1s de dev.explora.cl\",\"publisher\":{\"@id\":\"https:\/\/dev.explora.cl\/aricayparinacota\/#organization\"},\"potentialAction\":[{\"@type\":\"SearchAction\",\"target\":{\"@type\":\"EntryPoint\",\"urlTemplate\":\"https:\/\/dev.explora.cl\/aricayparinacota\/?s={search_term_string}\"},\"query-input\":{\"@type\":\"PropertyValueSpecification\",\"valueRequired\":true,\"valueName\":\"search_term_string\"}}],\"inLanguage\":\"es-CL\"},{\"@type\":\"Organization\",\"@id\":\"https:\/\/dev.explora.cl\/aricayparinacota\/#organization\",\"name\":\"Arica y Parinacota\",\"url\":\"https:\/\/dev.explora.cl\/aricayparinacota\/\",\"logo\":{\"@type\":\"ImageObject\",\"inLanguage\":\"es-CL\",\"@id\":\"https:\/\/dev.explora.cl\/aricayparinacota\/#\/schema\/logo\/image\/\",\"url\":\"https:\/\/dev.explora.cl\/aricayparinacota\/wp-content\/uploads\/sites\/2\/2020\/08\/cropped-nuevosa-logos-11.png\",\"contentUrl\":\"https:\/\/dev.explora.cl\/aricayparinacota\/wp-content\/uploads\/sites\/2\/2020\/08\/cropped-nuevosa-logos-11.png\",\"width\":812,\"height\":937,\"caption\":\"Arica y Parinacota\"},\"image\":{\"@id\":\"https:\/\/dev.explora.cl\/aricayparinacota\/#\/schema\/logo\/image\/\"}},{\"@type\":\"Person\",\"@id\":\"https:\/\/dev.explora.cl\/aricayparinacota\/#\/schema\/person\/0372c8c9d6b6d58d9dc5036ff9d41a7e\",\"name\":\"saracena\",\"image\":{\"@type\":\"ImageObject\",\"inLanguage\":\"es-CL\",\"@id\":\"https:\/\/dev.explora.cl\/aricayparinacota\/#\/schema\/person\/image\/\",\"url\":\"https:\/\/secure.gravatar.com\/avatar\/b5a50ce5104811995c55568a5df56789f4f7c071d5ab9a4c8345d33225022e41?s=96&d=mm&r=g\",\"contentUrl\":\"https:\/\/secure.gravatar.com\/avatar\/b5a50ce5104811995c55568a5df56789f4f7c071d5ab9a4c8345d33225022e41?s=96&d=mm&r=g\",\"caption\":\"saracena\"},\"url\":\"https:\/\/dev.explora.cl\/aricayparinacota\/author\/saracena\/\"}]}<\/script>\n<!-- \/ Yoast SEO plugin. -->","yoast_head_json":{"title":"Junio llega cargado de charlas cient\u00edficas para todos - Arica y Parinacota","robots":{"index":"index","follow":"follow","max-snippet":"max-snippet:-1","max-image-preview":"max-image-preview:large","max-video-preview":"max-video-preview:-1"},"canonical":"https:\/\/dev.explora.cl\/aricayparinacota\/junio-llega-cargado-de-charlas-cientificas-para-todos\/","og_locale":"es_ES","og_type":"article","og_title":"Junio llega cargado de charlas cient\u00edficas para todos - Arica y Parinacota","og_description":"Temas que van desde hallazgos de nuevos vertebrados hasta Arqueolog\u00eda Gal\u00e1ctica son los que se abordar\u00e1n en un nuevo ciclo de 1000 cient\u00edfic@s 1000 aulas.","og_url":"https:\/\/dev.explora.cl\/aricayparinacota\/junio-llega-cargado-de-charlas-cientificas-para-todos\/","og_site_name":"Arica y Parinacota","article_published_time":"2020-06-01T19:44:23+00:00","article_modified_time":"2020-06-02T15:11:44+00:00","og_image":[{"width":1280,"height":960,"url":"https:\/\/dev.explora.cl\/aricayparinacota\/wp-content\/uploads\/sites\/2\/2020\/06\/IMG-20190704-WA0080.jpg","type":"image\/jpeg"}],"author":"saracena","twitter_card":"summary_large_image","twitter_misc":{"Escrito por":"saracena","Tiempo estimado de lectura":"2 minutos"},"schema":{"@context":"https:\/\/schema.org","@graph":[{"@type":"Article","@id":"https:\/\/dev.explora.cl\/aricayparinacota\/junio-llega-cargado-de-charlas-cientificas-para-todos\/#article","isPartOf":{"@id":"https:\/\/dev.explora.cl\/aricayparinacota\/junio-llega-cargado-de-charlas-cientificas-para-todos\/"},"author":{"name":"saracena","@id":"https:\/\/dev.explora.cl\/aricayparinacota\/#\/schema\/person\/0372c8c9d6b6d58d9dc5036ff9d41a7e"},"headline":"Junio llega cargado de charlas cient\u00edficas para todos","datePublished":"2020-06-01T19:44:23+00:00","dateModified":"2020-06-02T15:11:44+00:00","mainEntityOfPage":{"@id":"https:\/\/dev.explora.cl\/aricayparinacota\/junio-llega-cargado-de-charlas-cientificas-para-todos\/"},"wordCount":415,"commentCount":0,"publisher":{"@id":"https:\/\/dev.explora.cl\/aricayparinacota\/#organization"},"image":{"@id":"https:\/\/dev.explora.cl\/aricayparinacota\/junio-llega-cargado-de-charlas-cientificas-para-todos\/#primaryimage"},"thumbnailUrl":"https:\/\/dev.explora.cl\/aricayparinacota\/wp-content\/uploads\/sites\/2\/2020\/06\/IMG-20190704-WA0080.jpg","articleSection":["Lugar 4","Noticias"],"inLanguage":"es-CL","potentialAction":[{"@type":"CommentAction","name":"Comment","target":["https:\/\/dev.explora.cl\/aricayparinacota\/junio-llega-cargado-de-charlas-cientificas-para-todos\/#respond"]}]},{"@type":"WebPage","@id":"https:\/\/dev.explora.cl\/aricayparinacota\/junio-llega-cargado-de-charlas-cientificas-para-todos\/","url":"https:\/\/dev.explora.cl\/aricayparinacota\/junio-llega-cargado-de-charlas-cientificas-para-todos\/","name":"Junio llega cargado de charlas cient\u00edficas para todos - Arica y Parinacota","isPartOf":{"@id":"https:\/\/dev.explora.cl\/aricayparinacota\/#website"},"primaryImageOfPage":{"@id":"https:\/\/dev.explora.cl\/aricayparinacota\/junio-llega-cargado-de-charlas-cientificas-para-todos\/#primaryimage"},"image":{"@id":"https:\/\/dev.explora.cl\/aricayparinacota\/junio-llega-cargado-de-charlas-cientificas-para-todos\/#primaryimage"},"thumbnailUrl":"https:\/\/dev.explora.cl\/aricayparinacota\/wp-content\/uploads\/sites\/2\/2020\/06\/IMG-20190704-WA0080.jpg","datePublished":"2020-06-01T19:44:23+00:00","dateModified":"2020-06-02T15:11:44+00:00","breadcrumb":{"@id":"https:\/\/dev.explora.cl\/aricayparinacota\/junio-llega-cargado-de-charlas-cientificas-para-todos\/#breadcrumb"},"inLanguage":"es-CL","potentialAction":[{"@type":"ReadAction","target":["https:\/\/dev.explora.cl\/aricayparinacota\/junio-llega-cargado-de-charlas-cientificas-para-todos\/"]}]},{"@type":"ImageObject","inLanguage":"es-CL","@id":"https:\/\/dev.explora.cl\/aricayparinacota\/junio-llega-cargado-de-charlas-cientificas-para-todos\/#primaryimage","url":"https:\/\/dev.explora.cl\/aricayparinacota\/wp-content\/uploads\/sites\/2\/2020\/06\/IMG-20190704-WA0080.jpg","contentUrl":"https:\/\/dev.explora.cl\/aricayparinacota\/wp-content\/uploads\/sites\/2\/2020\/06\/IMG-20190704-WA0080.jpg","width":1280,"height":960},{"@type":"BreadcrumbList","@id":"https:\/\/dev.explora.cl\/aricayparinacota\/junio-llega-cargado-de-charlas-cientificas-para-todos\/#breadcrumb","itemListElement":[{"@type":"ListItem","position":1,"name":"Portada","item":"https:\/\/dev.explora.cl\/aricayparinacota\/"},{"@type":"ListItem","position":2,"name":"Junio llega cargado de charlas cient\u00edficas para todos"}]},{"@type":"WebSite","@id":"https:\/\/dev.explora.cl\/aricayparinacota\/#website","url":"https:\/\/dev.explora.cl\/aricayparinacota\/","name":"Arica y Parinacota","description":"Otro sitio m\u00e1s de dev.explora.cl","publisher":{"@id":"https:\/\/dev.explora.cl\/aricayparinacota\/#organization"},"potentialAction":[{"@type":"SearchAction","target":{"@type":"EntryPoint","urlTemplate":"https:\/\/dev.explora.cl\/aricayparinacota\/?s={search_term_string}"},"query-input":{"@type":"PropertyValueSpecification","valueRequired":true,"valueName":"search_term_string"}}],"inLanguage":"es-CL"},{"@type":"Organization","@id":"https:\/\/dev.explora.cl\/aricayparinacota\/#organization","name":"Arica y Parinacota","url":"https:\/\/dev.explora.cl\/aricayparinacota\/","logo":{"@type":"ImageObject","inLanguage":"es-CL","@id":"https:\/\/dev.explora.cl\/aricayparinacota\/#\/schema\/logo\/image\/","url":"https:\/\/dev.explora.cl\/aricayparinacota\/wp-content\/uploads\/sites\/2\/2020\/08\/cropped-nuevosa-logos-11.png","contentUrl":"https:\/\/dev.explora.cl\/aricayparinacota\/wp-content\/uploads\/sites\/2\/2020\/08\/cropped-nuevosa-logos-11.png","width":812,"height":937,"caption":"Arica y Parinacota"},"image":{"@id":"https:\/\/dev.explora.cl\/aricayparinacota\/#\/schema\/logo\/image\/"}},{"@type":"Person","@id":"https:\/\/dev.explora.cl\/aricayparinacota\/#\/schema\/person\/0372c8c9d6b6d58d9dc5036ff9d41a7e","name":"saracena","image":{"@type":"ImageObject","inLanguage":"es-CL","@id":"https:\/\/dev.explora.cl\/aricayparinacota\/#\/schema\/person\/image\/","url":"https:\/\/secure.gravatar.com\/avatar\/b5a50ce5104811995c55568a5df56789f4f7c071d5ab9a4c8345d33225022e41?s=96&d=mm&r=g","contentUrl":"https:\/\/secure.gravatar.com\/avatar\/b5a50ce5104811995c55568a5df56789f4f7c071d5ab9a4c8345d33225022e41?s=96&d=mm&r=g","caption":"saracena"},"url":"https:\/\/dev.explora.cl\/aricayparinacota\/author\/saracena\/"}]}},"_links":{"self":[{"href":"https:\/\/dev.explora.cl\/aricayparinacota\/wp-json\/wp\/v2\/posts\/34319","targetHints":{"allow":["GET"]}}],"collection":[{"href":"https:\/\/dev.explora.cl\/aricayparinacota\/wp-json\/wp\/v2\/posts"}],"about":[{"href":"https:\/\/dev.explora.cl\/aricayparinacota\/wp-json\/wp\/v2\/types\/post"}],"author":[{"embeddable":true,"href":"https:\/\/dev.explora.cl\/aricayparinacota\/wp-json\/wp\/v2\/users\/17"}],"replies":[{"embeddable":true,"href":"https:\/\/dev.explora.cl\/aricayparinacota\/wp-json\/wp\/v2\/comments?post=34319"}],"version-history":[{"count":2,"href":"https:\/\/dev.explora.cl\/aricayparinacota\/wp-json\/wp\/v2\/posts\/34319\/revisions"}],"predecessor-version":[{"id":34322,"href":"https:\/\/dev.explora.cl\/aricayparinacota\/wp-json\/wp\/v2\/posts\/34319\/revisions\/34322"}],"wp:featuredmedia":[{"embeddable":true,"href":"https:\/\/dev.explora.cl\/aricayparinacota\/wp-json\/wp\/v2\/media\/34320"}],"wp:attachment":[{"href":"https:\/\/dev.explora.cl\/aricayparinacota\/wp-json\/wp\/v2\/media?parent=34319"}],"wp:term":[{"taxonomy":"category","embeddable":true,"href":"https:\/\/dev.explora.cl\/aricayparinacota\/wp-json\/wp\/v2\/categories?post=34319"},{"taxonomy":"post_tag","embeddable":true,"href":"https:\/\/dev.explora.cl\/aricayparinacota\/wp-json\/wp\/v2\/tags?post=34319"}],"curies":[{"name":"wp","href":"https:\/\/api.w.org\/{rel}","templated":true}]}}