{"id":34156,"date":"2019-09-26T16:45:12","date_gmt":"2019-09-26T19:45:12","guid":{"rendered":"https:\/\/dev.explora.cl\/aricayparinacota\/?p=34156"},"modified":"2019-11-12T19:22:18","modified_gmt":"2019-11-12T22:22:18","slug":"hasta-siempre-querido-profesor-omar-iriarte-osses","status":"publish","type":"post","link":"https:\/\/dev.explora.cl\/aricayparinacota\/hasta-siempre-querido-profesor-omar-iriarte-osses\/","title":{"rendered":"Hasta siempre, querido profesor Omar Iriarte Osses"},"content":{"rendered":"<p>Alegre y comprometido. Con su escuela, con sus estudiantes, con la matem\u00e1tica. Siempre con una sonrisa en los labios, el profesor Omar Iriarte fue de aquellos que dejan huella en quienes lo conocieron, por eso su abrupta partida en pleno septiembre, a d\u00edas de la primavera, duele en lo m\u00e1s profundo.<\/p>\n<p>Era el t\u00e9rmino del 2017 y el docente, entusiasta como un ni\u00f1o, se puso el poler\u00f3n que lo hac\u00eda part\u00edcipe del Proyecto Asociativo Regional (PAR) Explora Arica y Parinacota. Ese mero simbolismo, sellaba dos a\u00f1os de trabajo arduo con el Programa Explora junto a sus ni\u00f1os de la escuela Dar\u00edo Salas <strong>\u00bfC\u00f3mo le qued\u00f3 el poler\u00f3n? <\/strong>le preguntamos en esa oportunidad. \u201cHubo un cambio, me dieron uno un poquito m\u00e1s grande, porque el primero no me entraba por ning\u00fan lado. Este me queda bueno, pero conteniendo la respiraci\u00f3n. Lo voy a usar en invierno y en verano tambi\u00e9n, en la tardecita\u201d, dijo mientras posaba para la foto.<\/p>\n<p>El profe Omar dej\u00f3 este plano para pasar a otro trascendental, dejando aqu\u00ed su legado. En las redes sociales las muestras de pesar fueron incontables y se trasladaron hacia los lugares en los que se les dio el \u00faltimo adi\u00f3s.\u00a0 Es que el docente no dudaba en participar junto a sus alumnos en la Gymkhana Matem\u00e1tica, congresos de ciencia y tecnolog\u00eda, ense\u00f1\u00e1ndoles Etnomatem\u00e1tica o animando eventos en la escuela.<\/p>\n<p>C\u00f3mo olvidar aquel d\u00eda en el que teji\u00f3 un gran quipu junto a sus estudiantes. La herramienta, hecha de nudos de lana, usada por los incas para contar, se instalaba en una de las salas de clases en el establecimiento del valle de Azapa, en la Academia de Etnomatem\u00e1tica organizada por el PAR Explora Conicyt Arica y Parinacota, en conjunto con los departamentos de Matem\u00e1tica y Antropolog\u00eda de la Universidad de Tarapac\u00e1.<\/p>\n<p>\u201cA los alumnos les llam\u00f3 la atenci\u00f3n la actividad en general, porque vieron muchas cosas nuevas, pero una de las m\u00e1s llamativas fue la construcci\u00f3n del quipu, pues no imaginaban que con simples cordelitos pod\u00edan contar sus pertenencias. Para m\u00ed fue una retroalimentaci\u00f3n y un aporte\u201d, coment\u00f3 en esa oportunidad.<\/p>\n<p>&nbsp;<\/p>\n<p>CACHIP\u00daN TR\u00d3FICO<\/p>\n<p>Otro memorable del profesor Iriarte fue aquella vez en que se convirti\u00f3 en medusa y no quiso involucionar a un plancton en el \u201ccachip\u00fan tr\u00f3fico\u201d. En aquella ocasi\u00f3n confes\u00f3 que ser parte de Explora con un proyecto, era un sue\u00f1o hecho realidad. \u201cLlegar aqu\u00ed por primera vez para m\u00ed fue casi en el momento de irme del sistema, e implica dejar algo, porque esto no se va a quedar ac\u00e1, voy a seguir hinchando para que el asunto siga mucho m\u00e1s adelante\u201d.<\/p>\n<p>As\u00ed, con las ganas que lo caracterizaron siempre, particip\u00f3 del Congreso Regional de Ciencia y Tecnolog\u00eda. \u201cVer los frutos tan r\u00e1pido, y m\u00e1s a\u00fan, que se van a la etapa nacional como escuela rural es genial\u2026Como profesor de matem\u00e1ticas tengo la ecuaci\u00f3n perfecta, profesores igual alumnos, resultado: un gran trabajo \u00a1Estoy emocionado y se nota!\u201d.<\/p>\n<p>Para la directora de PAR Explora Arica Parinacota, M\u00f3nica Navarrete, la partida del profesor deja muchos mensajes. \u201cDesde ac\u00e1 le decimos que descanse en paz, tranquilo, con la sensaci\u00f3n de la tarea resuelta, de la huella que no se borra, del deber cumplido. Su recuerdo no se extinguir\u00e1 entre quienes lo conocimos. Gracias por mostrarnos al profesor comprometido, al profesor que busca dar m\u00e1s oportunidades a sus ni\u00f1os y ni\u00f1as a trav\u00e9s de la educaci\u00f3n. Gracias por mostrarnos el rostro invaluable de la educaci\u00f3n p\u00fablica en Chile, aquella a la que deber\u00edamos sumarnos m\u00e1s con el entusiasmo y pasi\u00f3n que usted nos mostr\u00f3\u201d.<\/p>\n<p>En Explora el profesor particip\u00f3 durante los \u00faltimos cuatro a\u00f1os en la Gymkhana Matem\u00e1tica. El a\u00f1o 2017 obtuvo el primer lugar en el nivel de s\u00e9ptimo y octavo b\u00e1sico. Tambi\u00e9n particip\u00f3 en el Congreso Regional 2017 con las estudiantes Mar\u00eda Jos\u00e9 Cifuentes y Karina Condori con quienes desarroll\u00f3 la investigaci\u00f3n \u201cLas colcas de San Lorenzo y su misterio\u201d, trabajo que busc\u00f3 a trav\u00e9s de la Etnomatem\u00e1tica, explicar los principios de orientaci\u00f3n, capacidad y volumen del sistema de almacenamiento de alimento utilizado hace mil a\u00f1os por los ancestros regionales. En el a\u00f1o 2018 present\u00f3 junto a los estudiantes Cristhian Yordi Vilca y David Calli Vilca, una investigaci\u00f3n que buscaba determinar el \u201cConocimiento sobre la Cultura Tiwanaku en Arica\u201d que ten\u00edan los estudiantes entre segundo y octavo b\u00e1sico en la escuela Dar\u00edo Salas.<\/p>\n<p><img decoding=\"async\" class=\"alignnone wp-image-34159 size-large\" src=\"https:\/\/dev.explora.cl\/aricayparinacota\/wp-content\/uploads\/sites\/2\/2019\/09\/banner-nota-01-1024x341.jpg\" alt=\"\" width=\"100%\" srcset=\"https:\/\/dev.explora.cl\/aricayparinacota\/wp-content\/uploads\/sites\/2\/2019\/09\/banner-nota-01-1024x341.jpg 1024w, https:\/\/dev.explora.cl\/aricayparinacota\/wp-content\/uploads\/sites\/2\/2019\/09\/banner-nota-01-300x100.jpg 300w, https:\/\/dev.explora.cl\/aricayparinacota\/wp-content\/uploads\/sites\/2\/2019\/09\/banner-nota-01-768x256.jpg 768w, https:\/\/dev.explora.cl\/aricayparinacota\/wp-content\/uploads\/sites\/2\/2019\/09\/banner-nota-01.jpg 1875w\" sizes=\"(max-width: 1024px) 100vw, 1024px\" \/><\/p>\n","protected":false},"excerpt":{"rendered":"<p>Alegre y comprometido. Con su escuela, con sus estudiantes, con la matem\u00e1tica. Siempre con una<br \/>\nsonrisa en los labios, el profesor Omar Iriarte fue de aquellos que dejan huella en quienes lo<br \/>\nconocieron, por eso su abrupta partida en pleno septiembre, a d\u00edas de la primavera, duele en lo<br \/>\nm\u00e1s profundo.<\/p>\n","protected":false},"author":17,"featured_media":34158,"comment_status":"open","ping_status":"open","sticky":false,"template":"","format":"standard","meta":{"_acf_changed":false,"_exactmetrics_skip_tracking":false,"_exactmetrics_sitenote_active":false,"_exactmetrics_sitenote_note":"","_exactmetrics_sitenote_category":0,"footnotes":"","_links_to":"","_links_to_target":""},"categories":[143,4],"tags":[],"class_list":["post-34156","post","type-post","status-publish","format-standard","has-post-thumbnail","hentry","category-lugar-8","category-noticias"],"acf":[],"yoast_head":"<!-- This site is optimized with the Yoast SEO plugin v26.7 - https:\/\/yoast.com\/wordpress\/plugins\/seo\/ -->\n<title>Hasta siempre, querido profesor Omar Iriarte Osses - Arica y Parinacota<\/title>\n<meta name=\"robots\" content=\"index, follow, max-snippet:-1, max-image-preview:large, max-video-preview:-1\" \/>\n<link rel=\"canonical\" href=\"https:\/\/dev.explora.cl\/aricayparinacota\/hasta-siempre-querido-profesor-omar-iriarte-osses\/\" class=\"yoast-seo-meta-tag\" \/>\n<meta property=\"og:locale\" content=\"es_ES\" class=\"yoast-seo-meta-tag\" \/>\n<meta property=\"og:type\" content=\"article\" class=\"yoast-seo-meta-tag\" \/>\n<meta property=\"og:title\" content=\"Hasta siempre, querido profesor Omar Iriarte Osses - Arica y Parinacota\" class=\"yoast-seo-meta-tag\" \/>\n<meta property=\"og:description\" content=\"Alegre y comprometido. Con su escuela, con sus estudiantes, con la matem\u00e1tica. Siempre con una sonrisa en los labios, el profesor Omar Iriarte fue de aquellos que dejan huella en quienes lo conocieron, por eso su abrupta partida en pleno septiembre, a d\u00edas de la primavera, duele en lo m\u00e1s profundo.\" class=\"yoast-seo-meta-tag\" \/>\n<meta property=\"og:url\" content=\"https:\/\/dev.explora.cl\/aricayparinacota\/hasta-siempre-querido-profesor-omar-iriarte-osses\/\" class=\"yoast-seo-meta-tag\" \/>\n<meta property=\"og:site_name\" content=\"Arica y Parinacota\" class=\"yoast-seo-meta-tag\" \/>\n<meta property=\"article:published_time\" content=\"2019-09-26T19:45:12+00:00\" class=\"yoast-seo-meta-tag\" \/>\n<meta property=\"article:modified_time\" content=\"2019-11-12T22:22:18+00:00\" class=\"yoast-seo-meta-tag\" \/>\n<meta property=\"og:image\" content=\"https:\/\/dev.explora.cl\/aricayparinacota\/wp-content\/uploads\/sites\/2\/2019\/09\/profesores_explora.jpg\" class=\"yoast-seo-meta-tag\" \/>\n\t<meta property=\"og:image:width\" content=\"660\" class=\"yoast-seo-meta-tag\" \/>\n\t<meta property=\"og:image:height\" content=\"495\" class=\"yoast-seo-meta-tag\" \/>\n\t<meta property=\"og:image:type\" content=\"image\/jpeg\" class=\"yoast-seo-meta-tag\" \/>\n<meta name=\"author\" content=\"saracena\" class=\"yoast-seo-meta-tag\" \/>\n<meta name=\"twitter:card\" content=\"summary_large_image\" class=\"yoast-seo-meta-tag\" \/>\n<meta name=\"twitter:label1\" content=\"Escrito por\" class=\"yoast-seo-meta-tag\" \/>\n\t<meta name=\"twitter:data1\" content=\"saracena\" class=\"yoast-seo-meta-tag\" \/>\n\t<meta name=\"twitter:label2\" content=\"Tiempo estimado de lectura\" class=\"yoast-seo-meta-tag\" \/>\n\t<meta name=\"twitter:data2\" content=\"4 minutos\" class=\"yoast-seo-meta-tag\" \/>\n<script type=\"application\/ld+json\" class=\"yoast-schema-graph\">{\"@context\":\"https:\/\/schema.org\",\"@graph\":[{\"@type\":\"Article\",\"@id\":\"https:\/\/dev.explora.cl\/aricayparinacota\/hasta-siempre-querido-profesor-omar-iriarte-osses\/#article\",\"isPartOf\":{\"@id\":\"https:\/\/dev.explora.cl\/aricayparinacota\/hasta-siempre-querido-profesor-omar-iriarte-osses\/\"},\"author\":{\"name\":\"saracena\",\"@id\":\"https:\/\/dev.explora.cl\/aricayparinacota\/#\/schema\/person\/0372c8c9d6b6d58d9dc5036ff9d41a7e\"},\"headline\":\"Hasta siempre, querido profesor Omar Iriarte Osses\",\"datePublished\":\"2019-09-26T19:45:12+00:00\",\"dateModified\":\"2019-11-12T22:22:18+00:00\",\"mainEntityOfPage\":{\"@id\":\"https:\/\/dev.explora.cl\/aricayparinacota\/hasta-siempre-querido-profesor-omar-iriarte-osses\/\"},\"wordCount\":801,\"commentCount\":0,\"publisher\":{\"@id\":\"https:\/\/dev.explora.cl\/aricayparinacota\/#organization\"},\"image\":{\"@id\":\"https:\/\/dev.explora.cl\/aricayparinacota\/hasta-siempre-querido-profesor-omar-iriarte-osses\/#primaryimage\"},\"thumbnailUrl\":\"https:\/\/dev.explora.cl\/aricayparinacota\/wp-content\/uploads\/sites\/2\/2019\/09\/profesores_explora.jpg\",\"articleSection\":[\"Lugar 8\",\"Noticias\"],\"inLanguage\":\"es-CL\",\"potentialAction\":[{\"@type\":\"CommentAction\",\"name\":\"Comment\",\"target\":[\"https:\/\/dev.explora.cl\/aricayparinacota\/hasta-siempre-querido-profesor-omar-iriarte-osses\/#respond\"]}]},{\"@type\":\"WebPage\",\"@id\":\"https:\/\/dev.explora.cl\/aricayparinacota\/hasta-siempre-querido-profesor-omar-iriarte-osses\/\",\"url\":\"https:\/\/dev.explora.cl\/aricayparinacota\/hasta-siempre-querido-profesor-omar-iriarte-osses\/\",\"name\":\"Hasta siempre, querido profesor Omar Iriarte Osses - Arica y Parinacota\",\"isPartOf\":{\"@id\":\"https:\/\/dev.explora.cl\/aricayparinacota\/#website\"},\"primaryImageOfPage\":{\"@id\":\"https:\/\/dev.explora.cl\/aricayparinacota\/hasta-siempre-querido-profesor-omar-iriarte-osses\/#primaryimage\"},\"image\":{\"@id\":\"https:\/\/dev.explora.cl\/aricayparinacota\/hasta-siempre-querido-profesor-omar-iriarte-osses\/#primaryimage\"},\"thumbnailUrl\":\"https:\/\/dev.explora.cl\/aricayparinacota\/wp-content\/uploads\/sites\/2\/2019\/09\/profesores_explora.jpg\",\"datePublished\":\"2019-09-26T19:45:12+00:00\",\"dateModified\":\"2019-11-12T22:22:18+00:00\",\"breadcrumb\":{\"@id\":\"https:\/\/dev.explora.cl\/aricayparinacota\/hasta-siempre-querido-profesor-omar-iriarte-osses\/#breadcrumb\"},\"inLanguage\":\"es-CL\",\"potentialAction\":[{\"@type\":\"ReadAction\",\"target\":[\"https:\/\/dev.explora.cl\/aricayparinacota\/hasta-siempre-querido-profesor-omar-iriarte-osses\/\"]}]},{\"@type\":\"ImageObject\",\"inLanguage\":\"es-CL\",\"@id\":\"https:\/\/dev.explora.cl\/aricayparinacota\/hasta-siempre-querido-profesor-omar-iriarte-osses\/#primaryimage\",\"url\":\"https:\/\/dev.explora.cl\/aricayparinacota\/wp-content\/uploads\/sites\/2\/2019\/09\/profesores_explora.jpg\",\"contentUrl\":\"https:\/\/dev.explora.cl\/aricayparinacota\/wp-content\/uploads\/sites\/2\/2019\/09\/profesores_explora.jpg\",\"width\":660,\"height\":495},{\"@type\":\"BreadcrumbList\",\"@id\":\"https:\/\/dev.explora.cl\/aricayparinacota\/hasta-siempre-querido-profesor-omar-iriarte-osses\/#breadcrumb\",\"itemListElement\":[{\"@type\":\"ListItem\",\"position\":1,\"name\":\"Portada\",\"item\":\"https:\/\/dev.explora.cl\/aricayparinacota\/\"},{\"@type\":\"ListItem\",\"position\":2,\"name\":\"Hasta siempre, querido profesor Omar Iriarte Osses\"}]},{\"@type\":\"WebSite\",\"@id\":\"https:\/\/dev.explora.cl\/aricayparinacota\/#website\",\"url\":\"https:\/\/dev.explora.cl\/aricayparinacota\/\",\"name\":\"Arica y Parinacota\",\"description\":\"Otro sitio m\u00e1s de dev.explora.cl\",\"publisher\":{\"@id\":\"https:\/\/dev.explora.cl\/aricayparinacota\/#organization\"},\"potentialAction\":[{\"@type\":\"SearchAction\",\"target\":{\"@type\":\"EntryPoint\",\"urlTemplate\":\"https:\/\/dev.explora.cl\/aricayparinacota\/?s={search_term_string}\"},\"query-input\":{\"@type\":\"PropertyValueSpecification\",\"valueRequired\":true,\"valueName\":\"search_term_string\"}}],\"inLanguage\":\"es-CL\"},{\"@type\":\"Organization\",\"@id\":\"https:\/\/dev.explora.cl\/aricayparinacota\/#organization\",\"name\":\"Arica y Parinacota\",\"url\":\"https:\/\/dev.explora.cl\/aricayparinacota\/\",\"logo\":{\"@type\":\"ImageObject\",\"inLanguage\":\"es-CL\",\"@id\":\"https:\/\/dev.explora.cl\/aricayparinacota\/#\/schema\/logo\/image\/\",\"url\":\"https:\/\/dev.explora.cl\/aricayparinacota\/wp-content\/uploads\/sites\/2\/2020\/08\/cropped-nuevosa-logos-11.png\",\"contentUrl\":\"https:\/\/dev.explora.cl\/aricayparinacota\/wp-content\/uploads\/sites\/2\/2020\/08\/cropped-nuevosa-logos-11.png\",\"width\":812,\"height\":937,\"caption\":\"Arica y Parinacota\"},\"image\":{\"@id\":\"https:\/\/dev.explora.cl\/aricayparinacota\/#\/schema\/logo\/image\/\"}},{\"@type\":\"Person\",\"@id\":\"https:\/\/dev.explora.cl\/aricayparinacota\/#\/schema\/person\/0372c8c9d6b6d58d9dc5036ff9d41a7e\",\"name\":\"saracena\",\"image\":{\"@type\":\"ImageObject\",\"inLanguage\":\"es-CL\",\"@id\":\"https:\/\/dev.explora.cl\/aricayparinacota\/#\/schema\/person\/image\/\",\"url\":\"https:\/\/secure.gravatar.com\/avatar\/b5a50ce5104811995c55568a5df56789f4f7c071d5ab9a4c8345d33225022e41?s=96&d=mm&r=g\",\"contentUrl\":\"https:\/\/secure.gravatar.com\/avatar\/b5a50ce5104811995c55568a5df56789f4f7c071d5ab9a4c8345d33225022e41?s=96&d=mm&r=g\",\"caption\":\"saracena\"},\"url\":\"https:\/\/dev.explora.cl\/aricayparinacota\/author\/saracena\/\"}]}<\/script>\n<!-- \/ Yoast SEO plugin. -->","yoast_head_json":{"title":"Hasta siempre, querido profesor Omar Iriarte Osses - Arica y Parinacota","robots":{"index":"index","follow":"follow","max-snippet":"max-snippet:-1","max-image-preview":"max-image-preview:large","max-video-preview":"max-video-preview:-1"},"canonical":"https:\/\/dev.explora.cl\/aricayparinacota\/hasta-siempre-querido-profesor-omar-iriarte-osses\/","og_locale":"es_ES","og_type":"article","og_title":"Hasta siempre, querido profesor Omar Iriarte Osses - Arica y Parinacota","og_description":"Alegre y comprometido. Con su escuela, con sus estudiantes, con la matem\u00e1tica. Siempre con una sonrisa en los labios, el profesor Omar Iriarte fue de aquellos que dejan huella en quienes lo conocieron, por eso su abrupta partida en pleno septiembre, a d\u00edas de la primavera, duele en lo m\u00e1s profundo.","og_url":"https:\/\/dev.explora.cl\/aricayparinacota\/hasta-siempre-querido-profesor-omar-iriarte-osses\/","og_site_name":"Arica y Parinacota","article_published_time":"2019-09-26T19:45:12+00:00","article_modified_time":"2019-11-12T22:22:18+00:00","og_image":[{"width":660,"height":495,"url":"https:\/\/dev.explora.cl\/aricayparinacota\/wp-content\/uploads\/sites\/2\/2019\/09\/profesores_explora.jpg","type":"image\/jpeg"}],"author":"saracena","twitter_card":"summary_large_image","twitter_misc":{"Escrito por":"saracena","Tiempo estimado de lectura":"4 minutos"},"schema":{"@context":"https:\/\/schema.org","@graph":[{"@type":"Article","@id":"https:\/\/dev.explora.cl\/aricayparinacota\/hasta-siempre-querido-profesor-omar-iriarte-osses\/#article","isPartOf":{"@id":"https:\/\/dev.explora.cl\/aricayparinacota\/hasta-siempre-querido-profesor-omar-iriarte-osses\/"},"author":{"name":"saracena","@id":"https:\/\/dev.explora.cl\/aricayparinacota\/#\/schema\/person\/0372c8c9d6b6d58d9dc5036ff9d41a7e"},"headline":"Hasta siempre, querido profesor Omar Iriarte Osses","datePublished":"2019-09-26T19:45:12+00:00","dateModified":"2019-11-12T22:22:18+00:00","mainEntityOfPage":{"@id":"https:\/\/dev.explora.cl\/aricayparinacota\/hasta-siempre-querido-profesor-omar-iriarte-osses\/"},"wordCount":801,"commentCount":0,"publisher":{"@id":"https:\/\/dev.explora.cl\/aricayparinacota\/#organization"},"image":{"@id":"https:\/\/dev.explora.cl\/aricayparinacota\/hasta-siempre-querido-profesor-omar-iriarte-osses\/#primaryimage"},"thumbnailUrl":"https:\/\/dev.explora.cl\/aricayparinacota\/wp-content\/uploads\/sites\/2\/2019\/09\/profesores_explora.jpg","articleSection":["Lugar 8","Noticias"],"inLanguage":"es-CL","potentialAction":[{"@type":"CommentAction","name":"Comment","target":["https:\/\/dev.explora.cl\/aricayparinacota\/hasta-siempre-querido-profesor-omar-iriarte-osses\/#respond"]}]},{"@type":"WebPage","@id":"https:\/\/dev.explora.cl\/aricayparinacota\/hasta-siempre-querido-profesor-omar-iriarte-osses\/","url":"https:\/\/dev.explora.cl\/aricayparinacota\/hasta-siempre-querido-profesor-omar-iriarte-osses\/","name":"Hasta siempre, querido profesor Omar Iriarte Osses - Arica y Parinacota","isPartOf":{"@id":"https:\/\/dev.explora.cl\/aricayparinacota\/#website"},"primaryImageOfPage":{"@id":"https:\/\/dev.explora.cl\/aricayparinacota\/hasta-siempre-querido-profesor-omar-iriarte-osses\/#primaryimage"},"image":{"@id":"https:\/\/dev.explora.cl\/aricayparinacota\/hasta-siempre-querido-profesor-omar-iriarte-osses\/#primaryimage"},"thumbnailUrl":"https:\/\/dev.explora.cl\/aricayparinacota\/wp-content\/uploads\/sites\/2\/2019\/09\/profesores_explora.jpg","datePublished":"2019-09-26T19:45:12+00:00","dateModified":"2019-11-12T22:22:18+00:00","breadcrumb":{"@id":"https:\/\/dev.explora.cl\/aricayparinacota\/hasta-siempre-querido-profesor-omar-iriarte-osses\/#breadcrumb"},"inLanguage":"es-CL","potentialAction":[{"@type":"ReadAction","target":["https:\/\/dev.explora.cl\/aricayparinacota\/hasta-siempre-querido-profesor-omar-iriarte-osses\/"]}]},{"@type":"ImageObject","inLanguage":"es-CL","@id":"https:\/\/dev.explora.cl\/aricayparinacota\/hasta-siempre-querido-profesor-omar-iriarte-osses\/#primaryimage","url":"https:\/\/dev.explora.cl\/aricayparinacota\/wp-content\/uploads\/sites\/2\/2019\/09\/profesores_explora.jpg","contentUrl":"https:\/\/dev.explora.cl\/aricayparinacota\/wp-content\/uploads\/sites\/2\/2019\/09\/profesores_explora.jpg","width":660,"height":495},{"@type":"BreadcrumbList","@id":"https:\/\/dev.explora.cl\/aricayparinacota\/hasta-siempre-querido-profesor-omar-iriarte-osses\/#breadcrumb","itemListElement":[{"@type":"ListItem","position":1,"name":"Portada","item":"https:\/\/dev.explora.cl\/aricayparinacota\/"},{"@type":"ListItem","position":2,"name":"Hasta siempre, querido profesor Omar Iriarte Osses"}]},{"@type":"WebSite","@id":"https:\/\/dev.explora.cl\/aricayparinacota\/#website","url":"https:\/\/dev.explora.cl\/aricayparinacota\/","name":"Arica y Parinacota","description":"Otro sitio m\u00e1s de dev.explora.cl","publisher":{"@id":"https:\/\/dev.explora.cl\/aricayparinacota\/#organization"},"potentialAction":[{"@type":"SearchAction","target":{"@type":"EntryPoint","urlTemplate":"https:\/\/dev.explora.cl\/aricayparinacota\/?s={search_term_string}"},"query-input":{"@type":"PropertyValueSpecification","valueRequired":true,"valueName":"search_term_string"}}],"inLanguage":"es-CL"},{"@type":"Organization","@id":"https:\/\/dev.explora.cl\/aricayparinacota\/#organization","name":"Arica y Parinacota","url":"https:\/\/dev.explora.cl\/aricayparinacota\/","logo":{"@type":"ImageObject","inLanguage":"es-CL","@id":"https:\/\/dev.explora.cl\/aricayparinacota\/#\/schema\/logo\/image\/","url":"https:\/\/dev.explora.cl\/aricayparinacota\/wp-content\/uploads\/sites\/2\/2020\/08\/cropped-nuevosa-logos-11.png","contentUrl":"https:\/\/dev.explora.cl\/aricayparinacota\/wp-content\/uploads\/sites\/2\/2020\/08\/cropped-nuevosa-logos-11.png","width":812,"height":937,"caption":"Arica y Parinacota"},"image":{"@id":"https:\/\/dev.explora.cl\/aricayparinacota\/#\/schema\/logo\/image\/"}},{"@type":"Person","@id":"https:\/\/dev.explora.cl\/aricayparinacota\/#\/schema\/person\/0372c8c9d6b6d58d9dc5036ff9d41a7e","name":"saracena","image":{"@type":"ImageObject","inLanguage":"es-CL","@id":"https:\/\/dev.explora.cl\/aricayparinacota\/#\/schema\/person\/image\/","url":"https:\/\/secure.gravatar.com\/avatar\/b5a50ce5104811995c55568a5df56789f4f7c071d5ab9a4c8345d33225022e41?s=96&d=mm&r=g","contentUrl":"https:\/\/secure.gravatar.com\/avatar\/b5a50ce5104811995c55568a5df56789f4f7c071d5ab9a4c8345d33225022e41?s=96&d=mm&r=g","caption":"saracena"},"url":"https:\/\/dev.explora.cl\/aricayparinacota\/author\/saracena\/"}]}},"_links":{"self":[{"href":"https:\/\/dev.explora.cl\/aricayparinacota\/wp-json\/wp\/v2\/posts\/34156","targetHints":{"allow":["GET"]}}],"collection":[{"href":"https:\/\/dev.explora.cl\/aricayparinacota\/wp-json\/wp\/v2\/posts"}],"about":[{"href":"https:\/\/dev.explora.cl\/aricayparinacota\/wp-json\/wp\/v2\/types\/post"}],"author":[{"embeddable":true,"href":"https:\/\/dev.explora.cl\/aricayparinacota\/wp-json\/wp\/v2\/users\/17"}],"replies":[{"embeddable":true,"href":"https:\/\/dev.explora.cl\/aricayparinacota\/wp-json\/wp\/v2\/comments?post=34156"}],"version-history":[{"count":3,"href":"https:\/\/dev.explora.cl\/aricayparinacota\/wp-json\/wp\/v2\/posts\/34156\/revisions"}],"predecessor-version":[{"id":34161,"href":"https:\/\/dev.explora.cl\/aricayparinacota\/wp-json\/wp\/v2\/posts\/34156\/revisions\/34161"}],"wp:featuredmedia":[{"embeddable":true,"href":"https:\/\/dev.explora.cl\/aricayparinacota\/wp-json\/wp\/v2\/media\/34158"}],"wp:attachment":[{"href":"https:\/\/dev.explora.cl\/aricayparinacota\/wp-json\/wp\/v2\/media?parent=34156"}],"wp:term":[{"taxonomy":"category","embeddable":true,"href":"https:\/\/dev.explora.cl\/aricayparinacota\/wp-json\/wp\/v2\/categories?post=34156"},{"taxonomy":"post_tag","embeddable":true,"href":"https:\/\/dev.explora.cl\/aricayparinacota\/wp-json\/wp\/v2\/tags?post=34156"}],"curies":[{"name":"wp","href":"https:\/\/api.w.org\/{rel}","templated":true}]}}