{"id":34083,"date":"2019-08-09T09:54:02","date_gmt":"2019-08-09T13:54:02","guid":{"rendered":"https:\/\/dev.explora.cl\/aricayparinacota\/?p=34083"},"modified":"2019-08-16T09:54:36","modified_gmt":"2019-08-16T13:54:36","slug":"estudiantes-destacados-en-congreso-nacional-son-premiados-con-pasantia-en-arica","status":"publish","type":"post","link":"https:\/\/dev.explora.cl\/aricayparinacota\/estudiantes-destacados-en-congreso-nacional-son-premiados-con-pasantia-en-arica\/","title":{"rendered":"Estudiantes destacados en Congreso Nacional son premiados con pasant\u00eda en Arica"},"content":{"rendered":"<p>Con una serie de actividades relacionadas con ciencias sociales, ciencia,<br \/>\nbiodiversidad, patrimonio y agricultura del desierto; visitas a lugares emblem\u00e1ticos<br \/>\nde la ciudad de Arica, y laboratorios de la Universidad de Tarapac\u00e1, ser\u00e1n<br \/>\nrecibidos 16 estudiantes y ocho profesores de la Regi\u00f3n del Biob\u00edo, destacados en<br \/>\nel Congreso Nacional Escolar de Ciencia y Tecnolog\u00eda.<br \/>\nEl Programa Explora ha buscado complementar y fortalecer el aprendizaje en<br \/>\nciencias a trav\u00e9s de iniciativas como las Pasant\u00edas Nacionales, a las que llegar\u00e1n<br \/>\nlos estudiantes y j\u00f3venes investigadores, a quienes el Proyecto Explora de Arica y<br \/>\nParinacota les ha preparado una agenda de actividades para conocer el trabajo<br \/>\ncient\u00edfico relacionado con diversas disciplinas del conocimiento, adem\u00e1s de<br \/>\nadentrarse en los lugares patrimoniales de la cultura regional.<br \/>\nDesde el 18 al 22 del presente mes, los estudiantes de educaci\u00f3n b\u00e1sica y media,<br \/>\nde establecimientos de las comunas de San Carlos, Los \u00c1ngeles, Hualp\u00e9n,<br \/>\nChiguayante, San Carlos y Quill\u00f3n, de colegios particulares subvencionados y<br \/>\nmunicipales, acompa\u00f1ados de sus profesores, visitar\u00e1n el Museo Morro de Arica,<br \/>\nMuseo San Miguel de Azapa, Cuevas de Anzota, laboratorios de la facultades de<br \/>\nCiencias de la Salud, Ciencias y Ciencias Agron\u00f3micas de la Universidad de<br \/>\nTarapac\u00e1.<br \/>\nPara la directora del Proyecto Explora, M\u00f3nica Navarrete, que los estudiantes de<br \/>\notras regiones lleguen al extremo norte en una pasant\u00eda, \u201ces una tremenda<br \/>\noportunidad para quienes jugamos de local, ya que adem\u00e1s de mostrar la riqueza<br \/>\nde nuestro patrimonio hist\u00f3rico, geogr\u00e1fico, cultural y cient\u00edfico, que nos entrega<br \/>\nesta regi\u00f3n de frontera, tenemos la oportunidad de invitar a los j\u00f3venes a conocer<br \/>\nen profundidad el trabajo que realizan los cient\u00edficos de la Universidad de<br \/>\nTarapac\u00e1 en diversos \u00e1mbitos del conocimiento\u201d.<br \/>\nLos estudiantes ganadores de esta Pasant\u00eda Nacional ya preparan sus maletas<br \/>\npara viajar a la ciudad de Arica, mientras en el Proyecto Explora, el equipo de<br \/>\nprofesionales tiene la ruta lista para que se maravillen con este contexto<br \/>\nintercultural, donde existe un desierto que se manifiesta en todo.<\/p>\n","protected":false},"excerpt":{"rendered":"<p>Con una serie de actividades relacionadas con ciencias sociales, ciencia,<br \/>\nbiodiversidad, patrimonio y agricultura del desierto; visitas a lugares emblem\u00e1ticos<br \/>\nde la ciudad de Arica, y laboratorios de la Universidad de Tarapac\u00e1, ser\u00e1n<br \/>\nrecibidos 16 estudiantes y ocho profesores de la Regi\u00f3n del Biob\u00edo, destacados en<br \/>\nel Congreso Nacional Escolar de Ciencia y Tecnolog\u00eda.<\/p>\n","protected":false},"author":17,"featured_media":34084,"comment_status":"open","ping_status":"open","sticky":false,"template":"","format":"standard","meta":{"_acf_changed":false,"_exactmetrics_skip_tracking":false,"_exactmetrics_sitenote_active":false,"_exactmetrics_sitenote_note":"","_exactmetrics_sitenote_category":0,"footnotes":"","_links_to":"","_links_to_target":""},"categories":[141,4],"tags":[],"class_list":["post-34083","post","type-post","status-publish","format-standard","has-post-thumbnail","hentry","category-lugar-6","category-noticias"],"acf":[],"yoast_head":"<!-- This site is optimized with the Yoast SEO plugin v26.7 - https:\/\/yoast.com\/wordpress\/plugins\/seo\/ -->\n<title>Estudiantes destacados en Congreso Nacional son premiados con pasant\u00eda en Arica - Arica y Parinacota<\/title>\n<meta name=\"robots\" content=\"index, follow, max-snippet:-1, max-image-preview:large, max-video-preview:-1\" \/>\n<link rel=\"canonical\" href=\"https:\/\/dev.explora.cl\/aricayparinacota\/estudiantes-destacados-en-congreso-nacional-son-premiados-con-pasantia-en-arica\/\" class=\"yoast-seo-meta-tag\" \/>\n<meta property=\"og:locale\" content=\"es_ES\" class=\"yoast-seo-meta-tag\" \/>\n<meta property=\"og:type\" content=\"article\" class=\"yoast-seo-meta-tag\" \/>\n<meta property=\"og:title\" content=\"Estudiantes destacados en Congreso Nacional son premiados con pasant\u00eda en Arica - Arica y Parinacota\" class=\"yoast-seo-meta-tag\" \/>\n<meta property=\"og:description\" content=\"Con una serie de actividades relacionadas con ciencias sociales, ciencia, biodiversidad, patrimonio y agricultura del desierto; visitas a lugares emblem\u00e1ticos de la ciudad de Arica, y laboratorios de la Universidad de Tarapac\u00e1, ser\u00e1n recibidos 16 estudiantes y ocho profesores de la Regi\u00f3n del Biob\u00edo, destacados en el Congreso Nacional Escolar de Ciencia y Tecnolog\u00eda.\" class=\"yoast-seo-meta-tag\" \/>\n<meta property=\"og:url\" content=\"https:\/\/dev.explora.cl\/aricayparinacota\/estudiantes-destacados-en-congreso-nacional-son-premiados-con-pasantia-en-arica\/\" class=\"yoast-seo-meta-tag\" \/>\n<meta property=\"og:site_name\" content=\"Arica y Parinacota\" class=\"yoast-seo-meta-tag\" \/>\n<meta property=\"article:published_time\" content=\"2019-08-09T13:54:02+00:00\" class=\"yoast-seo-meta-tag\" \/>\n<meta property=\"article:modified_time\" content=\"2019-08-16T13:54:36+00:00\" class=\"yoast-seo-meta-tag\" \/>\n<meta property=\"og:image\" content=\"https:\/\/dev.explora.cl\/aricayparinacota\/wp-content\/uploads\/sites\/2\/2019\/08\/Cuevas-de-Anzota.jpg\" class=\"yoast-seo-meta-tag\" \/>\n\t<meta property=\"og:image:width\" content=\"896\" class=\"yoast-seo-meta-tag\" \/>\n\t<meta property=\"og:image:height\" content=\"644\" class=\"yoast-seo-meta-tag\" \/>\n\t<meta property=\"og:image:type\" content=\"image\/jpeg\" class=\"yoast-seo-meta-tag\" \/>\n<meta name=\"author\" content=\"saracena\" class=\"yoast-seo-meta-tag\" \/>\n<meta name=\"twitter:card\" content=\"summary_large_image\" class=\"yoast-seo-meta-tag\" \/>\n<meta name=\"twitter:label1\" content=\"Escrito por\" class=\"yoast-seo-meta-tag\" \/>\n\t<meta name=\"twitter:data1\" content=\"saracena\" class=\"yoast-seo-meta-tag\" \/>\n\t<meta name=\"twitter:label2\" content=\"Tiempo estimado de lectura\" class=\"yoast-seo-meta-tag\" \/>\n\t<meta name=\"twitter:data2\" content=\"2 minutos\" class=\"yoast-seo-meta-tag\" \/>\n<script type=\"application\/ld+json\" class=\"yoast-schema-graph\">{\"@context\":\"https:\/\/schema.org\",\"@graph\":[{\"@type\":\"Article\",\"@id\":\"https:\/\/dev.explora.cl\/aricayparinacota\/estudiantes-destacados-en-congreso-nacional-son-premiados-con-pasantia-en-arica\/#article\",\"isPartOf\":{\"@id\":\"https:\/\/dev.explora.cl\/aricayparinacota\/estudiantes-destacados-en-congreso-nacional-son-premiados-con-pasantia-en-arica\/\"},\"author\":{\"name\":\"saracena\",\"@id\":\"https:\/\/dev.explora.cl\/aricayparinacota\/#\/schema\/person\/0372c8c9d6b6d58d9dc5036ff9d41a7e\"},\"headline\":\"Estudiantes destacados en Congreso Nacional son premiados con pasant\u00eda en Arica\",\"datePublished\":\"2019-08-09T13:54:02+00:00\",\"dateModified\":\"2019-08-16T13:54:36+00:00\",\"mainEntityOfPage\":{\"@id\":\"https:\/\/dev.explora.cl\/aricayparinacota\/estudiantes-destacados-en-congreso-nacional-son-premiados-con-pasantia-en-arica\/\"},\"wordCount\":359,\"commentCount\":0,\"publisher\":{\"@id\":\"https:\/\/dev.explora.cl\/aricayparinacota\/#organization\"},\"image\":{\"@id\":\"https:\/\/dev.explora.cl\/aricayparinacota\/estudiantes-destacados-en-congreso-nacional-son-premiados-con-pasantia-en-arica\/#primaryimage\"},\"thumbnailUrl\":\"https:\/\/dev.explora.cl\/aricayparinacota\/wp-content\/uploads\/sites\/2\/2019\/08\/Cuevas-de-Anzota.jpg\",\"articleSection\":[\"Lugar 6\",\"Noticias\"],\"inLanguage\":\"es-CL\",\"potentialAction\":[{\"@type\":\"CommentAction\",\"name\":\"Comment\",\"target\":[\"https:\/\/dev.explora.cl\/aricayparinacota\/estudiantes-destacados-en-congreso-nacional-son-premiados-con-pasantia-en-arica\/#respond\"]}]},{\"@type\":\"WebPage\",\"@id\":\"https:\/\/dev.explora.cl\/aricayparinacota\/estudiantes-destacados-en-congreso-nacional-son-premiados-con-pasantia-en-arica\/\",\"url\":\"https:\/\/dev.explora.cl\/aricayparinacota\/estudiantes-destacados-en-congreso-nacional-son-premiados-con-pasantia-en-arica\/\",\"name\":\"Estudiantes destacados en Congreso Nacional son premiados con pasant\u00eda en Arica - Arica y Parinacota\",\"isPartOf\":{\"@id\":\"https:\/\/dev.explora.cl\/aricayparinacota\/#website\"},\"primaryImageOfPage\":{\"@id\":\"https:\/\/dev.explora.cl\/aricayparinacota\/estudiantes-destacados-en-congreso-nacional-son-premiados-con-pasantia-en-arica\/#primaryimage\"},\"image\":{\"@id\":\"https:\/\/dev.explora.cl\/aricayparinacota\/estudiantes-destacados-en-congreso-nacional-son-premiados-con-pasantia-en-arica\/#primaryimage\"},\"thumbnailUrl\":\"https:\/\/dev.explora.cl\/aricayparinacota\/wp-content\/uploads\/sites\/2\/2019\/08\/Cuevas-de-Anzota.jpg\",\"datePublished\":\"2019-08-09T13:54:02+00:00\",\"dateModified\":\"2019-08-16T13:54:36+00:00\",\"breadcrumb\":{\"@id\":\"https:\/\/dev.explora.cl\/aricayparinacota\/estudiantes-destacados-en-congreso-nacional-son-premiados-con-pasantia-en-arica\/#breadcrumb\"},\"inLanguage\":\"es-CL\",\"potentialAction\":[{\"@type\":\"ReadAction\",\"target\":[\"https:\/\/dev.explora.cl\/aricayparinacota\/estudiantes-destacados-en-congreso-nacional-son-premiados-con-pasantia-en-arica\/\"]}]},{\"@type\":\"ImageObject\",\"inLanguage\":\"es-CL\",\"@id\":\"https:\/\/dev.explora.cl\/aricayparinacota\/estudiantes-destacados-en-congreso-nacional-son-premiados-con-pasantia-en-arica\/#primaryimage\",\"url\":\"https:\/\/dev.explora.cl\/aricayparinacota\/wp-content\/uploads\/sites\/2\/2019\/08\/Cuevas-de-Anzota.jpg\",\"contentUrl\":\"https:\/\/dev.explora.cl\/aricayparinacota\/wp-content\/uploads\/sites\/2\/2019\/08\/Cuevas-de-Anzota.jpg\",\"width\":896,\"height\":644},{\"@type\":\"BreadcrumbList\",\"@id\":\"https:\/\/dev.explora.cl\/aricayparinacota\/estudiantes-destacados-en-congreso-nacional-son-premiados-con-pasantia-en-arica\/#breadcrumb\",\"itemListElement\":[{\"@type\":\"ListItem\",\"position\":1,\"name\":\"Portada\",\"item\":\"https:\/\/dev.explora.cl\/aricayparinacota\/\"},{\"@type\":\"ListItem\",\"position\":2,\"name\":\"Estudiantes destacados en Congreso Nacional son premiados con pasant\u00eda en Arica\"}]},{\"@type\":\"WebSite\",\"@id\":\"https:\/\/dev.explora.cl\/aricayparinacota\/#website\",\"url\":\"https:\/\/dev.explora.cl\/aricayparinacota\/\",\"name\":\"Arica y Parinacota\",\"description\":\"Otro sitio m\u00e1s de dev.explora.cl\",\"publisher\":{\"@id\":\"https:\/\/dev.explora.cl\/aricayparinacota\/#organization\"},\"potentialAction\":[{\"@type\":\"SearchAction\",\"target\":{\"@type\":\"EntryPoint\",\"urlTemplate\":\"https:\/\/dev.explora.cl\/aricayparinacota\/?s={search_term_string}\"},\"query-input\":{\"@type\":\"PropertyValueSpecification\",\"valueRequired\":true,\"valueName\":\"search_term_string\"}}],\"inLanguage\":\"es-CL\"},{\"@type\":\"Organization\",\"@id\":\"https:\/\/dev.explora.cl\/aricayparinacota\/#organization\",\"name\":\"Arica y Parinacota\",\"url\":\"https:\/\/dev.explora.cl\/aricayparinacota\/\",\"logo\":{\"@type\":\"ImageObject\",\"inLanguage\":\"es-CL\",\"@id\":\"https:\/\/dev.explora.cl\/aricayparinacota\/#\/schema\/logo\/image\/\",\"url\":\"https:\/\/dev.explora.cl\/aricayparinacota\/wp-content\/uploads\/sites\/2\/2020\/08\/cropped-nuevosa-logos-11.png\",\"contentUrl\":\"https:\/\/dev.explora.cl\/aricayparinacota\/wp-content\/uploads\/sites\/2\/2020\/08\/cropped-nuevosa-logos-11.png\",\"width\":812,\"height\":937,\"caption\":\"Arica y Parinacota\"},\"image\":{\"@id\":\"https:\/\/dev.explora.cl\/aricayparinacota\/#\/schema\/logo\/image\/\"}},{\"@type\":\"Person\",\"@id\":\"https:\/\/dev.explora.cl\/aricayparinacota\/#\/schema\/person\/0372c8c9d6b6d58d9dc5036ff9d41a7e\",\"name\":\"saracena\",\"image\":{\"@type\":\"ImageObject\",\"inLanguage\":\"es-CL\",\"@id\":\"https:\/\/dev.explora.cl\/aricayparinacota\/#\/schema\/person\/image\/\",\"url\":\"https:\/\/secure.gravatar.com\/avatar\/b5a50ce5104811995c55568a5df56789f4f7c071d5ab9a4c8345d33225022e41?s=96&d=mm&r=g\",\"contentUrl\":\"https:\/\/secure.gravatar.com\/avatar\/b5a50ce5104811995c55568a5df56789f4f7c071d5ab9a4c8345d33225022e41?s=96&d=mm&r=g\",\"caption\":\"saracena\"},\"url\":\"https:\/\/dev.explora.cl\/aricayparinacota\/author\/saracena\/\"}]}<\/script>\n<!-- \/ Yoast SEO plugin. -->","yoast_head_json":{"title":"Estudiantes destacados en Congreso Nacional son premiados con pasant\u00eda en Arica - Arica y Parinacota","robots":{"index":"index","follow":"follow","max-snippet":"max-snippet:-1","max-image-preview":"max-image-preview:large","max-video-preview":"max-video-preview:-1"},"canonical":"https:\/\/dev.explora.cl\/aricayparinacota\/estudiantes-destacados-en-congreso-nacional-son-premiados-con-pasantia-en-arica\/","og_locale":"es_ES","og_type":"article","og_title":"Estudiantes destacados en Congreso Nacional son premiados con pasant\u00eda en Arica - Arica y Parinacota","og_description":"Con una serie de actividades relacionadas con ciencias sociales, ciencia, biodiversidad, patrimonio y agricultura del desierto; visitas a lugares emblem\u00e1ticos de la ciudad de Arica, y laboratorios de la Universidad de Tarapac\u00e1, ser\u00e1n recibidos 16 estudiantes y ocho profesores de la Regi\u00f3n del Biob\u00edo, destacados en el Congreso Nacional Escolar de Ciencia y Tecnolog\u00eda.","og_url":"https:\/\/dev.explora.cl\/aricayparinacota\/estudiantes-destacados-en-congreso-nacional-son-premiados-con-pasantia-en-arica\/","og_site_name":"Arica y Parinacota","article_published_time":"2019-08-09T13:54:02+00:00","article_modified_time":"2019-08-16T13:54:36+00:00","og_image":[{"width":896,"height":644,"url":"https:\/\/dev.explora.cl\/aricayparinacota\/wp-content\/uploads\/sites\/2\/2019\/08\/Cuevas-de-Anzota.jpg","type":"image\/jpeg"}],"author":"saracena","twitter_card":"summary_large_image","twitter_misc":{"Escrito por":"saracena","Tiempo estimado de lectura":"2 minutos"},"schema":{"@context":"https:\/\/schema.org","@graph":[{"@type":"Article","@id":"https:\/\/dev.explora.cl\/aricayparinacota\/estudiantes-destacados-en-congreso-nacional-son-premiados-con-pasantia-en-arica\/#article","isPartOf":{"@id":"https:\/\/dev.explora.cl\/aricayparinacota\/estudiantes-destacados-en-congreso-nacional-son-premiados-con-pasantia-en-arica\/"},"author":{"name":"saracena","@id":"https:\/\/dev.explora.cl\/aricayparinacota\/#\/schema\/person\/0372c8c9d6b6d58d9dc5036ff9d41a7e"},"headline":"Estudiantes destacados en Congreso Nacional son premiados con pasant\u00eda en Arica","datePublished":"2019-08-09T13:54:02+00:00","dateModified":"2019-08-16T13:54:36+00:00","mainEntityOfPage":{"@id":"https:\/\/dev.explora.cl\/aricayparinacota\/estudiantes-destacados-en-congreso-nacional-son-premiados-con-pasantia-en-arica\/"},"wordCount":359,"commentCount":0,"publisher":{"@id":"https:\/\/dev.explora.cl\/aricayparinacota\/#organization"},"image":{"@id":"https:\/\/dev.explora.cl\/aricayparinacota\/estudiantes-destacados-en-congreso-nacional-son-premiados-con-pasantia-en-arica\/#primaryimage"},"thumbnailUrl":"https:\/\/dev.explora.cl\/aricayparinacota\/wp-content\/uploads\/sites\/2\/2019\/08\/Cuevas-de-Anzota.jpg","articleSection":["Lugar 6","Noticias"],"inLanguage":"es-CL","potentialAction":[{"@type":"CommentAction","name":"Comment","target":["https:\/\/dev.explora.cl\/aricayparinacota\/estudiantes-destacados-en-congreso-nacional-son-premiados-con-pasantia-en-arica\/#respond"]}]},{"@type":"WebPage","@id":"https:\/\/dev.explora.cl\/aricayparinacota\/estudiantes-destacados-en-congreso-nacional-son-premiados-con-pasantia-en-arica\/","url":"https:\/\/dev.explora.cl\/aricayparinacota\/estudiantes-destacados-en-congreso-nacional-son-premiados-con-pasantia-en-arica\/","name":"Estudiantes destacados en Congreso Nacional son premiados con pasant\u00eda en Arica - Arica y Parinacota","isPartOf":{"@id":"https:\/\/dev.explora.cl\/aricayparinacota\/#website"},"primaryImageOfPage":{"@id":"https:\/\/dev.explora.cl\/aricayparinacota\/estudiantes-destacados-en-congreso-nacional-son-premiados-con-pasantia-en-arica\/#primaryimage"},"image":{"@id":"https:\/\/dev.explora.cl\/aricayparinacota\/estudiantes-destacados-en-congreso-nacional-son-premiados-con-pasantia-en-arica\/#primaryimage"},"thumbnailUrl":"https:\/\/dev.explora.cl\/aricayparinacota\/wp-content\/uploads\/sites\/2\/2019\/08\/Cuevas-de-Anzota.jpg","datePublished":"2019-08-09T13:54:02+00:00","dateModified":"2019-08-16T13:54:36+00:00","breadcrumb":{"@id":"https:\/\/dev.explora.cl\/aricayparinacota\/estudiantes-destacados-en-congreso-nacional-son-premiados-con-pasantia-en-arica\/#breadcrumb"},"inLanguage":"es-CL","potentialAction":[{"@type":"ReadAction","target":["https:\/\/dev.explora.cl\/aricayparinacota\/estudiantes-destacados-en-congreso-nacional-son-premiados-con-pasantia-en-arica\/"]}]},{"@type":"ImageObject","inLanguage":"es-CL","@id":"https:\/\/dev.explora.cl\/aricayparinacota\/estudiantes-destacados-en-congreso-nacional-son-premiados-con-pasantia-en-arica\/#primaryimage","url":"https:\/\/dev.explora.cl\/aricayparinacota\/wp-content\/uploads\/sites\/2\/2019\/08\/Cuevas-de-Anzota.jpg","contentUrl":"https:\/\/dev.explora.cl\/aricayparinacota\/wp-content\/uploads\/sites\/2\/2019\/08\/Cuevas-de-Anzota.jpg","width":896,"height":644},{"@type":"BreadcrumbList","@id":"https:\/\/dev.explora.cl\/aricayparinacota\/estudiantes-destacados-en-congreso-nacional-son-premiados-con-pasantia-en-arica\/#breadcrumb","itemListElement":[{"@type":"ListItem","position":1,"name":"Portada","item":"https:\/\/dev.explora.cl\/aricayparinacota\/"},{"@type":"ListItem","position":2,"name":"Estudiantes destacados en Congreso Nacional son premiados con pasant\u00eda en Arica"}]},{"@type":"WebSite","@id":"https:\/\/dev.explora.cl\/aricayparinacota\/#website","url":"https:\/\/dev.explora.cl\/aricayparinacota\/","name":"Arica y Parinacota","description":"Otro sitio m\u00e1s de dev.explora.cl","publisher":{"@id":"https:\/\/dev.explora.cl\/aricayparinacota\/#organization"},"potentialAction":[{"@type":"SearchAction","target":{"@type":"EntryPoint","urlTemplate":"https:\/\/dev.explora.cl\/aricayparinacota\/?s={search_term_string}"},"query-input":{"@type":"PropertyValueSpecification","valueRequired":true,"valueName":"search_term_string"}}],"inLanguage":"es-CL"},{"@type":"Organization","@id":"https:\/\/dev.explora.cl\/aricayparinacota\/#organization","name":"Arica y Parinacota","url":"https:\/\/dev.explora.cl\/aricayparinacota\/","logo":{"@type":"ImageObject","inLanguage":"es-CL","@id":"https:\/\/dev.explora.cl\/aricayparinacota\/#\/schema\/logo\/image\/","url":"https:\/\/dev.explora.cl\/aricayparinacota\/wp-content\/uploads\/sites\/2\/2020\/08\/cropped-nuevosa-logos-11.png","contentUrl":"https:\/\/dev.explora.cl\/aricayparinacota\/wp-content\/uploads\/sites\/2\/2020\/08\/cropped-nuevosa-logos-11.png","width":812,"height":937,"caption":"Arica y Parinacota"},"image":{"@id":"https:\/\/dev.explora.cl\/aricayparinacota\/#\/schema\/logo\/image\/"}},{"@type":"Person","@id":"https:\/\/dev.explora.cl\/aricayparinacota\/#\/schema\/person\/0372c8c9d6b6d58d9dc5036ff9d41a7e","name":"saracena","image":{"@type":"ImageObject","inLanguage":"es-CL","@id":"https:\/\/dev.explora.cl\/aricayparinacota\/#\/schema\/person\/image\/","url":"https:\/\/secure.gravatar.com\/avatar\/b5a50ce5104811995c55568a5df56789f4f7c071d5ab9a4c8345d33225022e41?s=96&d=mm&r=g","contentUrl":"https:\/\/secure.gravatar.com\/avatar\/b5a50ce5104811995c55568a5df56789f4f7c071d5ab9a4c8345d33225022e41?s=96&d=mm&r=g","caption":"saracena"},"url":"https:\/\/dev.explora.cl\/aricayparinacota\/author\/saracena\/"}]}},"_links":{"self":[{"href":"https:\/\/dev.explora.cl\/aricayparinacota\/wp-json\/wp\/v2\/posts\/34083","targetHints":{"allow":["GET"]}}],"collection":[{"href":"https:\/\/dev.explora.cl\/aricayparinacota\/wp-json\/wp\/v2\/posts"}],"about":[{"href":"https:\/\/dev.explora.cl\/aricayparinacota\/wp-json\/wp\/v2\/types\/post"}],"author":[{"embeddable":true,"href":"https:\/\/dev.explora.cl\/aricayparinacota\/wp-json\/wp\/v2\/users\/17"}],"replies":[{"embeddable":true,"href":"https:\/\/dev.explora.cl\/aricayparinacota\/wp-json\/wp\/v2\/comments?post=34083"}],"version-history":[{"count":1,"href":"https:\/\/dev.explora.cl\/aricayparinacota\/wp-json\/wp\/v2\/posts\/34083\/revisions"}],"predecessor-version":[{"id":34085,"href":"https:\/\/dev.explora.cl\/aricayparinacota\/wp-json\/wp\/v2\/posts\/34083\/revisions\/34085"}],"wp:featuredmedia":[{"embeddable":true,"href":"https:\/\/dev.explora.cl\/aricayparinacota\/wp-json\/wp\/v2\/media\/34084"}],"wp:attachment":[{"href":"https:\/\/dev.explora.cl\/aricayparinacota\/wp-json\/wp\/v2\/media?parent=34083"}],"wp:term":[{"taxonomy":"category","embeddable":true,"href":"https:\/\/dev.explora.cl\/aricayparinacota\/wp-json\/wp\/v2\/categories?post=34083"},{"taxonomy":"post_tag","embeddable":true,"href":"https:\/\/dev.explora.cl\/aricayparinacota\/wp-json\/wp\/v2\/tags?post=34083"}],"curies":[{"name":"wp","href":"https:\/\/api.w.org\/{rel}","templated":true}]}}