{"id":34079,"date":"2019-08-16T09:41:54","date_gmt":"2019-08-16T13:41:54","guid":{"rendered":"https:\/\/dev.explora.cl\/aricayparinacota\/?p=34079"},"modified":"2019-08-16T11:22:48","modified_gmt":"2019-08-16T15:22:48","slug":"teatro-y-conversaciones-junto-a-un-cafe-esperan-a-la-comunidad-ariquena","status":"publish","type":"post","link":"https:\/\/dev.explora.cl\/aricayparinacota\/teatro-y-conversaciones-junto-a-un-cafe-esperan-a-la-comunidad-ariquena\/","title":{"rendered":"Teatro y conversaciones junto a un caf\u00e9 esperan a la comunidad arique\u00f1a"},"content":{"rendered":"<h3>Durante todo el d\u00eda 29 de agosto, la Facultad de Ciencias de la Universidad de Tarapac\u00e1, en conjunto con el Proyecto Explora, ofrecer\u00e1 una serie de actividades para estudiantes y p\u00fablico general.<\/h3>\n<p>&nbsp;<\/p>\n<p>Laboratorios y diversas iniciativas de investigaci\u00f3n, adem\u00e1s de obras de teatro y espacios para conversar un caf\u00e9, son parte de la oferta que tendr\u00e1 el d\u00eda 29 de agosto la Facultad de Ciencias de la Universidad de Tarapac\u00e1, en conjunto con el Proyecto Explora. La invitaci\u00f3n es para estudiantes y p\u00fablico general.<\/p>\n<p>Esta actividad denominada Casa Abierta, se viene desarrollando con diversos matices desde hace 30 a\u00f1os, pues el fin es que la comunidad de la regi\u00f3n de Arica y Parinacota conozca la infraestructura y los laboratorios de formaci\u00f3n en las cuatro \u00e1reas de ciencias b\u00e1sicas: biolog\u00eda, f\u00edsica, matem\u00e1tica y qu\u00edmica.<\/p>\n<p>Esta versi\u00f3n 2019 contar\u00e1 con obras de teatro cient\u00edfico, que van a representar aspectos de la ciencia. La qu\u00edmica en el amor es una de las obras y la qu\u00edmica en la cotidianidad como el ir a la peluquer\u00eda es el contenido de la otra.<\/p>\n<p>Habr\u00e1 ocho espacios para tomar un caf\u00e9 y conversar sobre las vivencias e inquietudes surgidas en esta visita a la Facultad u otros temas relacionados.<\/p>\n<p>Mayores informaciones comunicarse con Claudio Fuentes, al email:\u00a0 <a href=\"mailto:cfuentes.explora@gmail.com\">cfuentes.explora@gmail.com<\/a>, tel\u00e9fono: 58-2205427.<\/p>\n<p>&nbsp;<\/p>\n<p><img decoding=\"async\" class=\"alignnone size-medium wp-image-34086\" src=\"https:\/\/dev.explora.cl\/aricayparinacota\/wp-content\/uploads\/sites\/2\/2019\/08\/Collage-12-08-2019-Casa-Abierta-1-300x100.jpg\" alt=\"\" width=\"100%\" srcset=\"https:\/\/dev.explora.cl\/aricayparinacota\/wp-content\/uploads\/sites\/2\/2019\/08\/Collage-12-08-2019-Casa-Abierta-1-300x100.jpg 300w, https:\/\/dev.explora.cl\/aricayparinacota\/wp-content\/uploads\/sites\/2\/2019\/08\/Collage-12-08-2019-Casa-Abierta-1-768x256.jpg 768w, https:\/\/dev.explora.cl\/aricayparinacota\/wp-content\/uploads\/sites\/2\/2019\/08\/Collage-12-08-2019-Casa-Abierta-1.jpg 900w\" sizes=\"(max-width: 300px) 100vw, 300px\" \/><\/p>\n","protected":false},"excerpt":{"rendered":"<p>Durante todo el d\u00eda 29 de agosto, la Facultad de Ciencias de la Universidad de Tarapac\u00e1, en conjunto con el Proyecto Explora, ofrecer\u00e1 una serie de actividades para estudiantes y p\u00fablico general. &nbsp; Laboratorios y diversas iniciativas de investigaci\u00f3n, adem\u00e1s de obras de teatro y espacios para conversar un caf\u00e9, son parte de la oferta [&hellip;]<\/p>\n","protected":false},"author":17,"featured_media":34081,"comment_status":"open","ping_status":"open","sticky":false,"template":"","format":"standard","meta":{"_acf_changed":false,"_exactmetrics_skip_tracking":false,"_exactmetrics_sitenote_active":false,"_exactmetrics_sitenote_note":"","_exactmetrics_sitenote_category":0,"footnotes":"","_links_to":"","_links_to_target":""},"categories":[140,4],"tags":[],"class_list":["post-34079","post","type-post","status-publish","format-standard","has-post-thumbnail","hentry","category-lugar-5","category-noticias"],"acf":[],"yoast_head":"<!-- This site is optimized with the Yoast SEO plugin v26.7 - https:\/\/yoast.com\/wordpress\/plugins\/seo\/ -->\n<title>Teatro y conversaciones junto a un caf\u00e9 esperan a la comunidad arique\u00f1a - Arica y Parinacota<\/title>\n<meta name=\"robots\" content=\"index, follow, max-snippet:-1, max-image-preview:large, max-video-preview:-1\" \/>\n<link rel=\"canonical\" href=\"https:\/\/dev.explora.cl\/aricayparinacota\/teatro-y-conversaciones-junto-a-un-cafe-esperan-a-la-comunidad-ariquena\/\" class=\"yoast-seo-meta-tag\" \/>\n<meta property=\"og:locale\" content=\"es_ES\" class=\"yoast-seo-meta-tag\" \/>\n<meta property=\"og:type\" content=\"article\" class=\"yoast-seo-meta-tag\" \/>\n<meta property=\"og:title\" content=\"Teatro y conversaciones junto a un caf\u00e9 esperan a la comunidad arique\u00f1a - Arica y Parinacota\" class=\"yoast-seo-meta-tag\" \/>\n<meta property=\"og:description\" content=\"Durante todo el d\u00eda 29 de agosto, la Facultad de Ciencias de la Universidad de Tarapac\u00e1, en conjunto con el Proyecto Explora, ofrecer\u00e1 una serie de actividades para estudiantes y p\u00fablico general. &nbsp; Laboratorios y diversas iniciativas de investigaci\u00f3n, adem\u00e1s de obras de teatro y espacios para conversar un caf\u00e9, son parte de la oferta [&hellip;]\" class=\"yoast-seo-meta-tag\" \/>\n<meta property=\"og:url\" content=\"https:\/\/dev.explora.cl\/aricayparinacota\/teatro-y-conversaciones-junto-a-un-cafe-esperan-a-la-comunidad-ariquena\/\" class=\"yoast-seo-meta-tag\" \/>\n<meta property=\"og:site_name\" content=\"Arica y Parinacota\" class=\"yoast-seo-meta-tag\" \/>\n<meta property=\"article:published_time\" content=\"2019-08-16T13:41:54+00:00\" class=\"yoast-seo-meta-tag\" \/>\n<meta property=\"article:modified_time\" content=\"2019-08-16T15:22:48+00:00\" class=\"yoast-seo-meta-tag\" \/>\n<meta property=\"og:image\" content=\"https:\/\/dev.explora.cl\/aricayparinacota\/wp-content\/uploads\/sites\/2\/2019\/08\/DSC_0212.jpg\" class=\"yoast-seo-meta-tag\" \/>\n\t<meta property=\"og:image:width\" content=\"437\" class=\"yoast-seo-meta-tag\" \/>\n\t<meta property=\"og:image:height\" content=\"291\" class=\"yoast-seo-meta-tag\" \/>\n\t<meta property=\"og:image:type\" content=\"image\/jpeg\" class=\"yoast-seo-meta-tag\" \/>\n<meta name=\"author\" content=\"saracena\" class=\"yoast-seo-meta-tag\" \/>\n<meta name=\"twitter:card\" content=\"summary_large_image\" class=\"yoast-seo-meta-tag\" \/>\n<meta name=\"twitter:label1\" content=\"Escrito por\" class=\"yoast-seo-meta-tag\" \/>\n\t<meta name=\"twitter:data1\" content=\"saracena\" class=\"yoast-seo-meta-tag\" \/>\n\t<meta name=\"twitter:label2\" content=\"Tiempo estimado de lectura\" class=\"yoast-seo-meta-tag\" \/>\n\t<meta name=\"twitter:data2\" content=\"1 minuto\" class=\"yoast-seo-meta-tag\" \/>\n<script type=\"application\/ld+json\" class=\"yoast-schema-graph\">{\"@context\":\"https:\/\/schema.org\",\"@graph\":[{\"@type\":\"Article\",\"@id\":\"https:\/\/dev.explora.cl\/aricayparinacota\/teatro-y-conversaciones-junto-a-un-cafe-esperan-a-la-comunidad-ariquena\/#article\",\"isPartOf\":{\"@id\":\"https:\/\/dev.explora.cl\/aricayparinacota\/teatro-y-conversaciones-junto-a-un-cafe-esperan-a-la-comunidad-ariquena\/\"},\"author\":{\"name\":\"saracena\",\"@id\":\"https:\/\/dev.explora.cl\/aricayparinacota\/#\/schema\/person\/0372c8c9d6b6d58d9dc5036ff9d41a7e\"},\"headline\":\"Teatro y conversaciones junto a un caf\u00e9 esperan a la comunidad arique\u00f1a\",\"datePublished\":\"2019-08-16T13:41:54+00:00\",\"dateModified\":\"2019-08-16T15:22:48+00:00\",\"mainEntityOfPage\":{\"@id\":\"https:\/\/dev.explora.cl\/aricayparinacota\/teatro-y-conversaciones-junto-a-un-cafe-esperan-a-la-comunidad-ariquena\/\"},\"wordCount\":249,\"commentCount\":0,\"publisher\":{\"@id\":\"https:\/\/dev.explora.cl\/aricayparinacota\/#organization\"},\"image\":{\"@id\":\"https:\/\/dev.explora.cl\/aricayparinacota\/teatro-y-conversaciones-junto-a-un-cafe-esperan-a-la-comunidad-ariquena\/#primaryimage\"},\"thumbnailUrl\":\"https:\/\/dev.explora.cl\/aricayparinacota\/wp-content\/uploads\/sites\/2\/2019\/08\/DSC_0212.jpg\",\"articleSection\":[\"Lugar 5\",\"Noticias\"],\"inLanguage\":\"es-CL\",\"potentialAction\":[{\"@type\":\"CommentAction\",\"name\":\"Comment\",\"target\":[\"https:\/\/dev.explora.cl\/aricayparinacota\/teatro-y-conversaciones-junto-a-un-cafe-esperan-a-la-comunidad-ariquena\/#respond\"]}]},{\"@type\":\"WebPage\",\"@id\":\"https:\/\/dev.explora.cl\/aricayparinacota\/teatro-y-conversaciones-junto-a-un-cafe-esperan-a-la-comunidad-ariquena\/\",\"url\":\"https:\/\/dev.explora.cl\/aricayparinacota\/teatro-y-conversaciones-junto-a-un-cafe-esperan-a-la-comunidad-ariquena\/\",\"name\":\"Teatro y conversaciones junto a un caf\u00e9 esperan a la comunidad arique\u00f1a - Arica y Parinacota\",\"isPartOf\":{\"@id\":\"https:\/\/dev.explora.cl\/aricayparinacota\/#website\"},\"primaryImageOfPage\":{\"@id\":\"https:\/\/dev.explora.cl\/aricayparinacota\/teatro-y-conversaciones-junto-a-un-cafe-esperan-a-la-comunidad-ariquena\/#primaryimage\"},\"image\":{\"@id\":\"https:\/\/dev.explora.cl\/aricayparinacota\/teatro-y-conversaciones-junto-a-un-cafe-esperan-a-la-comunidad-ariquena\/#primaryimage\"},\"thumbnailUrl\":\"https:\/\/dev.explora.cl\/aricayparinacota\/wp-content\/uploads\/sites\/2\/2019\/08\/DSC_0212.jpg\",\"datePublished\":\"2019-08-16T13:41:54+00:00\",\"dateModified\":\"2019-08-16T15:22:48+00:00\",\"breadcrumb\":{\"@id\":\"https:\/\/dev.explora.cl\/aricayparinacota\/teatro-y-conversaciones-junto-a-un-cafe-esperan-a-la-comunidad-ariquena\/#breadcrumb\"},\"inLanguage\":\"es-CL\",\"potentialAction\":[{\"@type\":\"ReadAction\",\"target\":[\"https:\/\/dev.explora.cl\/aricayparinacota\/teatro-y-conversaciones-junto-a-un-cafe-esperan-a-la-comunidad-ariquena\/\"]}]},{\"@type\":\"ImageObject\",\"inLanguage\":\"es-CL\",\"@id\":\"https:\/\/dev.explora.cl\/aricayparinacota\/teatro-y-conversaciones-junto-a-un-cafe-esperan-a-la-comunidad-ariquena\/#primaryimage\",\"url\":\"https:\/\/dev.explora.cl\/aricayparinacota\/wp-content\/uploads\/sites\/2\/2019\/08\/DSC_0212.jpg\",\"contentUrl\":\"https:\/\/dev.explora.cl\/aricayparinacota\/wp-content\/uploads\/sites\/2\/2019\/08\/DSC_0212.jpg\",\"width\":437,\"height\":291},{\"@type\":\"BreadcrumbList\",\"@id\":\"https:\/\/dev.explora.cl\/aricayparinacota\/teatro-y-conversaciones-junto-a-un-cafe-esperan-a-la-comunidad-ariquena\/#breadcrumb\",\"itemListElement\":[{\"@type\":\"ListItem\",\"position\":1,\"name\":\"Portada\",\"item\":\"https:\/\/dev.explora.cl\/aricayparinacota\/\"},{\"@type\":\"ListItem\",\"position\":2,\"name\":\"Teatro y conversaciones junto a un caf\u00e9 esperan a la comunidad arique\u00f1a\"}]},{\"@type\":\"WebSite\",\"@id\":\"https:\/\/dev.explora.cl\/aricayparinacota\/#website\",\"url\":\"https:\/\/dev.explora.cl\/aricayparinacota\/\",\"name\":\"Arica y Parinacota\",\"description\":\"Otro sitio m\u00e1s de dev.explora.cl\",\"publisher\":{\"@id\":\"https:\/\/dev.explora.cl\/aricayparinacota\/#organization\"},\"potentialAction\":[{\"@type\":\"SearchAction\",\"target\":{\"@type\":\"EntryPoint\",\"urlTemplate\":\"https:\/\/dev.explora.cl\/aricayparinacota\/?s={search_term_string}\"},\"query-input\":{\"@type\":\"PropertyValueSpecification\",\"valueRequired\":true,\"valueName\":\"search_term_string\"}}],\"inLanguage\":\"es-CL\"},{\"@type\":\"Organization\",\"@id\":\"https:\/\/dev.explora.cl\/aricayparinacota\/#organization\",\"name\":\"Arica y Parinacota\",\"url\":\"https:\/\/dev.explora.cl\/aricayparinacota\/\",\"logo\":{\"@type\":\"ImageObject\",\"inLanguage\":\"es-CL\",\"@id\":\"https:\/\/dev.explora.cl\/aricayparinacota\/#\/schema\/logo\/image\/\",\"url\":\"https:\/\/dev.explora.cl\/aricayparinacota\/wp-content\/uploads\/sites\/2\/2020\/08\/cropped-nuevosa-logos-11.png\",\"contentUrl\":\"https:\/\/dev.explora.cl\/aricayparinacota\/wp-content\/uploads\/sites\/2\/2020\/08\/cropped-nuevosa-logos-11.png\",\"width\":812,\"height\":937,\"caption\":\"Arica y Parinacota\"},\"image\":{\"@id\":\"https:\/\/dev.explora.cl\/aricayparinacota\/#\/schema\/logo\/image\/\"}},{\"@type\":\"Person\",\"@id\":\"https:\/\/dev.explora.cl\/aricayparinacota\/#\/schema\/person\/0372c8c9d6b6d58d9dc5036ff9d41a7e\",\"name\":\"saracena\",\"image\":{\"@type\":\"ImageObject\",\"inLanguage\":\"es-CL\",\"@id\":\"https:\/\/dev.explora.cl\/aricayparinacota\/#\/schema\/person\/image\/\",\"url\":\"https:\/\/secure.gravatar.com\/avatar\/b5a50ce5104811995c55568a5df56789f4f7c071d5ab9a4c8345d33225022e41?s=96&d=mm&r=g\",\"contentUrl\":\"https:\/\/secure.gravatar.com\/avatar\/b5a50ce5104811995c55568a5df56789f4f7c071d5ab9a4c8345d33225022e41?s=96&d=mm&r=g\",\"caption\":\"saracena\"},\"url\":\"https:\/\/dev.explora.cl\/aricayparinacota\/author\/saracena\/\"}]}<\/script>\n<!-- \/ Yoast SEO plugin. -->","yoast_head_json":{"title":"Teatro y conversaciones junto a un caf\u00e9 esperan a la comunidad arique\u00f1a - Arica y Parinacota","robots":{"index":"index","follow":"follow","max-snippet":"max-snippet:-1","max-image-preview":"max-image-preview:large","max-video-preview":"max-video-preview:-1"},"canonical":"https:\/\/dev.explora.cl\/aricayparinacota\/teatro-y-conversaciones-junto-a-un-cafe-esperan-a-la-comunidad-ariquena\/","og_locale":"es_ES","og_type":"article","og_title":"Teatro y conversaciones junto a un caf\u00e9 esperan a la comunidad arique\u00f1a - Arica y Parinacota","og_description":"Durante todo el d\u00eda 29 de agosto, la Facultad de Ciencias de la Universidad de Tarapac\u00e1, en conjunto con el Proyecto Explora, ofrecer\u00e1 una serie de actividades para estudiantes y p\u00fablico general. &nbsp; Laboratorios y diversas iniciativas de investigaci\u00f3n, adem\u00e1s de obras de teatro y espacios para conversar un caf\u00e9, son parte de la oferta [&hellip;]","og_url":"https:\/\/dev.explora.cl\/aricayparinacota\/teatro-y-conversaciones-junto-a-un-cafe-esperan-a-la-comunidad-ariquena\/","og_site_name":"Arica y Parinacota","article_published_time":"2019-08-16T13:41:54+00:00","article_modified_time":"2019-08-16T15:22:48+00:00","og_image":[{"width":437,"height":291,"url":"https:\/\/dev.explora.cl\/aricayparinacota\/wp-content\/uploads\/sites\/2\/2019\/08\/DSC_0212.jpg","type":"image\/jpeg"}],"author":"saracena","twitter_card":"summary_large_image","twitter_misc":{"Escrito por":"saracena","Tiempo estimado de lectura":"1 minuto"},"schema":{"@context":"https:\/\/schema.org","@graph":[{"@type":"Article","@id":"https:\/\/dev.explora.cl\/aricayparinacota\/teatro-y-conversaciones-junto-a-un-cafe-esperan-a-la-comunidad-ariquena\/#article","isPartOf":{"@id":"https:\/\/dev.explora.cl\/aricayparinacota\/teatro-y-conversaciones-junto-a-un-cafe-esperan-a-la-comunidad-ariquena\/"},"author":{"name":"saracena","@id":"https:\/\/dev.explora.cl\/aricayparinacota\/#\/schema\/person\/0372c8c9d6b6d58d9dc5036ff9d41a7e"},"headline":"Teatro y conversaciones junto a un caf\u00e9 esperan a la comunidad arique\u00f1a","datePublished":"2019-08-16T13:41:54+00:00","dateModified":"2019-08-16T15:22:48+00:00","mainEntityOfPage":{"@id":"https:\/\/dev.explora.cl\/aricayparinacota\/teatro-y-conversaciones-junto-a-un-cafe-esperan-a-la-comunidad-ariquena\/"},"wordCount":249,"commentCount":0,"publisher":{"@id":"https:\/\/dev.explora.cl\/aricayparinacota\/#organization"},"image":{"@id":"https:\/\/dev.explora.cl\/aricayparinacota\/teatro-y-conversaciones-junto-a-un-cafe-esperan-a-la-comunidad-ariquena\/#primaryimage"},"thumbnailUrl":"https:\/\/dev.explora.cl\/aricayparinacota\/wp-content\/uploads\/sites\/2\/2019\/08\/DSC_0212.jpg","articleSection":["Lugar 5","Noticias"],"inLanguage":"es-CL","potentialAction":[{"@type":"CommentAction","name":"Comment","target":["https:\/\/dev.explora.cl\/aricayparinacota\/teatro-y-conversaciones-junto-a-un-cafe-esperan-a-la-comunidad-ariquena\/#respond"]}]},{"@type":"WebPage","@id":"https:\/\/dev.explora.cl\/aricayparinacota\/teatro-y-conversaciones-junto-a-un-cafe-esperan-a-la-comunidad-ariquena\/","url":"https:\/\/dev.explora.cl\/aricayparinacota\/teatro-y-conversaciones-junto-a-un-cafe-esperan-a-la-comunidad-ariquena\/","name":"Teatro y conversaciones junto a un caf\u00e9 esperan a la comunidad arique\u00f1a - Arica y Parinacota","isPartOf":{"@id":"https:\/\/dev.explora.cl\/aricayparinacota\/#website"},"primaryImageOfPage":{"@id":"https:\/\/dev.explora.cl\/aricayparinacota\/teatro-y-conversaciones-junto-a-un-cafe-esperan-a-la-comunidad-ariquena\/#primaryimage"},"image":{"@id":"https:\/\/dev.explora.cl\/aricayparinacota\/teatro-y-conversaciones-junto-a-un-cafe-esperan-a-la-comunidad-ariquena\/#primaryimage"},"thumbnailUrl":"https:\/\/dev.explora.cl\/aricayparinacota\/wp-content\/uploads\/sites\/2\/2019\/08\/DSC_0212.jpg","datePublished":"2019-08-16T13:41:54+00:00","dateModified":"2019-08-16T15:22:48+00:00","breadcrumb":{"@id":"https:\/\/dev.explora.cl\/aricayparinacota\/teatro-y-conversaciones-junto-a-un-cafe-esperan-a-la-comunidad-ariquena\/#breadcrumb"},"inLanguage":"es-CL","potentialAction":[{"@type":"ReadAction","target":["https:\/\/dev.explora.cl\/aricayparinacota\/teatro-y-conversaciones-junto-a-un-cafe-esperan-a-la-comunidad-ariquena\/"]}]},{"@type":"ImageObject","inLanguage":"es-CL","@id":"https:\/\/dev.explora.cl\/aricayparinacota\/teatro-y-conversaciones-junto-a-un-cafe-esperan-a-la-comunidad-ariquena\/#primaryimage","url":"https:\/\/dev.explora.cl\/aricayparinacota\/wp-content\/uploads\/sites\/2\/2019\/08\/DSC_0212.jpg","contentUrl":"https:\/\/dev.explora.cl\/aricayparinacota\/wp-content\/uploads\/sites\/2\/2019\/08\/DSC_0212.jpg","width":437,"height":291},{"@type":"BreadcrumbList","@id":"https:\/\/dev.explora.cl\/aricayparinacota\/teatro-y-conversaciones-junto-a-un-cafe-esperan-a-la-comunidad-ariquena\/#breadcrumb","itemListElement":[{"@type":"ListItem","position":1,"name":"Portada","item":"https:\/\/dev.explora.cl\/aricayparinacota\/"},{"@type":"ListItem","position":2,"name":"Teatro y conversaciones junto a un caf\u00e9 esperan a la comunidad arique\u00f1a"}]},{"@type":"WebSite","@id":"https:\/\/dev.explora.cl\/aricayparinacota\/#website","url":"https:\/\/dev.explora.cl\/aricayparinacota\/","name":"Arica y Parinacota","description":"Otro sitio m\u00e1s de dev.explora.cl","publisher":{"@id":"https:\/\/dev.explora.cl\/aricayparinacota\/#organization"},"potentialAction":[{"@type":"SearchAction","target":{"@type":"EntryPoint","urlTemplate":"https:\/\/dev.explora.cl\/aricayparinacota\/?s={search_term_string}"},"query-input":{"@type":"PropertyValueSpecification","valueRequired":true,"valueName":"search_term_string"}}],"inLanguage":"es-CL"},{"@type":"Organization","@id":"https:\/\/dev.explora.cl\/aricayparinacota\/#organization","name":"Arica y Parinacota","url":"https:\/\/dev.explora.cl\/aricayparinacota\/","logo":{"@type":"ImageObject","inLanguage":"es-CL","@id":"https:\/\/dev.explora.cl\/aricayparinacota\/#\/schema\/logo\/image\/","url":"https:\/\/dev.explora.cl\/aricayparinacota\/wp-content\/uploads\/sites\/2\/2020\/08\/cropped-nuevosa-logos-11.png","contentUrl":"https:\/\/dev.explora.cl\/aricayparinacota\/wp-content\/uploads\/sites\/2\/2020\/08\/cropped-nuevosa-logos-11.png","width":812,"height":937,"caption":"Arica y Parinacota"},"image":{"@id":"https:\/\/dev.explora.cl\/aricayparinacota\/#\/schema\/logo\/image\/"}},{"@type":"Person","@id":"https:\/\/dev.explora.cl\/aricayparinacota\/#\/schema\/person\/0372c8c9d6b6d58d9dc5036ff9d41a7e","name":"saracena","image":{"@type":"ImageObject","inLanguage":"es-CL","@id":"https:\/\/dev.explora.cl\/aricayparinacota\/#\/schema\/person\/image\/","url":"https:\/\/secure.gravatar.com\/avatar\/b5a50ce5104811995c55568a5df56789f4f7c071d5ab9a4c8345d33225022e41?s=96&d=mm&r=g","contentUrl":"https:\/\/secure.gravatar.com\/avatar\/b5a50ce5104811995c55568a5df56789f4f7c071d5ab9a4c8345d33225022e41?s=96&d=mm&r=g","caption":"saracena"},"url":"https:\/\/dev.explora.cl\/aricayparinacota\/author\/saracena\/"}]}},"_links":{"self":[{"href":"https:\/\/dev.explora.cl\/aricayparinacota\/wp-json\/wp\/v2\/posts\/34079","targetHints":{"allow":["GET"]}}],"collection":[{"href":"https:\/\/dev.explora.cl\/aricayparinacota\/wp-json\/wp\/v2\/posts"}],"about":[{"href":"https:\/\/dev.explora.cl\/aricayparinacota\/wp-json\/wp\/v2\/types\/post"}],"author":[{"embeddable":true,"href":"https:\/\/dev.explora.cl\/aricayparinacota\/wp-json\/wp\/v2\/users\/17"}],"replies":[{"embeddable":true,"href":"https:\/\/dev.explora.cl\/aricayparinacota\/wp-json\/wp\/v2\/comments?post=34079"}],"version-history":[{"count":2,"href":"https:\/\/dev.explora.cl\/aricayparinacota\/wp-json\/wp\/v2\/posts\/34079\/revisions"}],"predecessor-version":[{"id":34087,"href":"https:\/\/dev.explora.cl\/aricayparinacota\/wp-json\/wp\/v2\/posts\/34079\/revisions\/34087"}],"wp:featuredmedia":[{"embeddable":true,"href":"https:\/\/dev.explora.cl\/aricayparinacota\/wp-json\/wp\/v2\/media\/34081"}],"wp:attachment":[{"href":"https:\/\/dev.explora.cl\/aricayparinacota\/wp-json\/wp\/v2\/media?parent=34079"}],"wp:term":[{"taxonomy":"category","embeddable":true,"href":"https:\/\/dev.explora.cl\/aricayparinacota\/wp-json\/wp\/v2\/categories?post=34079"},{"taxonomy":"post_tag","embeddable":true,"href":"https:\/\/dev.explora.cl\/aricayparinacota\/wp-json\/wp\/v2\/tags?post=34079"}],"curies":[{"name":"wp","href":"https:\/\/api.w.org\/{rel}","templated":true}]}}