{"id":34070,"date":"2019-08-13T16:06:16","date_gmt":"2019-08-13T20:06:16","guid":{"rendered":"https:\/\/dev.explora.cl\/aricayparinacota\/?p=34070"},"modified":"2019-08-13T16:33:44","modified_gmt":"2019-08-13T20:33:44","slug":"expertos-en-matematica-participaran-en-la-4ta-version-de-la-gymkhana-uta","status":"publish","type":"post","link":"https:\/\/dev.explora.cl\/aricayparinacota\/expertos-en-matematica-participaran-en-la-4ta-version-de-la-gymkhana-uta\/","title":{"rendered":"Expertos en matem\u00e1tica participar\u00e1n en la 4ta versi\u00f3n de la Gymkhana UTA"},"content":{"rendered":"<h3>Competencia se efectuar\u00e1 el 23 de agosto<\/h3>\n<p>La cuarta versi\u00f3n de la Gymkhana Matem\u00e1tica, organizada por el Departamento de Matem\u00e1tica y el Proyecto Explora, se efectuar\u00e1 el 23 de agosto en las canchas de pasto del campus Saucache de la Universidad de Tarapac\u00e1.<\/p>\n<p>El concurso suma un total de 1.300 participantes en los tres a\u00f1os de materializaci\u00f3n, esper\u00e1ndose 610 estudiantes para la versi\u00f3n 2019. La actividad tiene como fin promover la ense\u00f1anza y el aprendizaje de las matem\u00e1ticas de forma divertida, colaborativa y creativa en estudiantes de la regi\u00f3n de Arica y Parinacota.<br \/>\nEste a\u00f1o se contar\u00e1 con dos invitados, que realizar\u00e1n charlas a colegios y talleres de perfeccionamiento de capital humano avanzado. La Dra. Ximena Colip\u00e1n, acad\u00e9mica de la Facultad de Ciencias B\u00e1sicas de la Universidad Cat\u00f3lica del Maule, premiada por la International Mathematica Union por participar en el International Congress of Mathematicians; y Cristi\u00e1n Reyes, doctor en ciencias menci\u00f3n matem\u00e1ticas, catedr\u00e1tico de la Universidad de Chile, con una l\u00ednea de investigaci\u00f3n en el desarrollo profesional docente en resoluci\u00f3n de problemas.<br \/>\nLa preparaci\u00f3n de las competencias implic\u00f3 este a\u00f1o un aumento sustancial de ejercicios, en los cuales ya se est\u00e1 trabajando hace un tiempo, indic\u00f3 el decano de la Facultad de Ciencias, Hugo Bravo Azl\u00e1n. \u201cA la gymkhana llega una gran cantidad de j\u00f3venes muy motivados. A m\u00ed me encant\u00f3 la idea desde el principio y sobre todo por la responsabilidad del Departamento de Matem\u00e1tica, que somos los ejecutores t\u00e9cnicos, y donde nos comprometimos todos, pues nos gust\u00f3 de inmediato y se form\u00f3 un comit\u00e9 para trabajar\u201d.<br \/>\nPor su parte la directora del Proyecto Explora, M\u00f3nica Navarrete, indic\u00f3 que: \u201cEsta idea materializada cada a\u00f1o, es un logro para los ejecutores, especialmente por el aumento sustancial del n\u00famero de participantes en esta competencia, que ha acercado la matem\u00e1tica a quienes a veces la ve\u00edan distante, compleja y poco amigable. Cambiar el paradigma es un proceso, del que poco a poco vamos viendo frutos\u201d.<br \/>\nEl 23 de agosto las canchas est\u00e1n preparadas y listas para dar el puntapi\u00e9 al bal\u00f3n, que en este caso tiene forma de hoja de papel bond. Mayores informaciones comunicarse con Farah L\u00f3pez, al email: farah.lopez.explora@gmail.com, tel\u00e9fono: 58-2205427.<\/p>\n<p><img decoding=\"async\" class=\"alignnone wp-image-34072 size-full\" src=\"https:\/\/dev.explora.cl\/aricayparinacota\/wp-content\/uploads\/sites\/2\/2019\/08\/Collage-Nota-13-08-2019.jpg\" alt=\"\" width=\"100%\" srcset=\"https:\/\/dev.explora.cl\/aricayparinacota\/wp-content\/uploads\/sites\/2\/2019\/08\/Collage-Nota-13-08-2019.jpg 900w, https:\/\/dev.explora.cl\/aricayparinacota\/wp-content\/uploads\/sites\/2\/2019\/08\/Collage-Nota-13-08-2019-300x100.jpg 300w, https:\/\/dev.explora.cl\/aricayparinacota\/wp-content\/uploads\/sites\/2\/2019\/08\/Collage-Nota-13-08-2019-768x256.jpg 768w\" sizes=\"(max-width: 900px) 100vw, 900px\" \/><\/p>\n","protected":false},"excerpt":{"rendered":"<p>La cuarta versi\u00f3n de la Gymkhana Matem\u00e1tica, organizada por el Departamento de Matem\u00e1tica y el Proyecto Explora, se efectuar\u00e1 el 23 de agosto en las canchas de pasto del campus Saucache de la Universidad de Tarapac\u00e1.<\/p>\n","protected":false},"author":17,"featured_media":34076,"comment_status":"open","ping_status":"open","sticky":false,"template":"","format":"standard","meta":{"_acf_changed":false,"_exactmetrics_skip_tracking":false,"_exactmetrics_sitenote_active":false,"_exactmetrics_sitenote_note":"","_exactmetrics_sitenote_category":0,"footnotes":"","_links_to":"","_links_to_target":""},"categories":[139,4],"tags":[],"class_list":["post-34070","post","type-post","status-publish","format-standard","has-post-thumbnail","hentry","category-lugar-4","category-noticias"],"acf":[],"yoast_head":"<!-- This site is optimized with the Yoast SEO plugin v26.7 - https:\/\/yoast.com\/wordpress\/plugins\/seo\/ -->\n<title>Expertos en matem\u00e1tica participar\u00e1n en la 4ta versi\u00f3n de la Gymkhana UTA - Arica y Parinacota<\/title>\n<meta name=\"robots\" content=\"index, follow, max-snippet:-1, max-image-preview:large, max-video-preview:-1\" \/>\n<link rel=\"canonical\" href=\"https:\/\/dev.explora.cl\/aricayparinacota\/expertos-en-matematica-participaran-en-la-4ta-version-de-la-gymkhana-uta\/\" class=\"yoast-seo-meta-tag\" \/>\n<meta property=\"og:locale\" content=\"es_ES\" class=\"yoast-seo-meta-tag\" \/>\n<meta property=\"og:type\" content=\"article\" class=\"yoast-seo-meta-tag\" \/>\n<meta property=\"og:title\" content=\"Expertos en matem\u00e1tica participar\u00e1n en la 4ta versi\u00f3n de la Gymkhana UTA - Arica y Parinacota\" class=\"yoast-seo-meta-tag\" \/>\n<meta property=\"og:description\" content=\"La cuarta versi\u00f3n de la Gymkhana Matem\u00e1tica, organizada por el Departamento de Matem\u00e1tica y el Proyecto Explora, se efectuar\u00e1 el 23 de agosto en las canchas de pasto del campus Saucache de la Universidad de Tarapac\u00e1.\" class=\"yoast-seo-meta-tag\" \/>\n<meta property=\"og:url\" content=\"https:\/\/dev.explora.cl\/aricayparinacota\/expertos-en-matematica-participaran-en-la-4ta-version-de-la-gymkhana-uta\/\" class=\"yoast-seo-meta-tag\" \/>\n<meta property=\"og:site_name\" content=\"Arica y Parinacota\" class=\"yoast-seo-meta-tag\" \/>\n<meta property=\"article:published_time\" content=\"2019-08-13T20:06:16+00:00\" class=\"yoast-seo-meta-tag\" \/>\n<meta property=\"article:modified_time\" content=\"2019-08-13T20:33:44+00:00\" class=\"yoast-seo-meta-tag\" \/>\n<meta property=\"og:image\" content=\"https:\/\/dev.explora.cl\/aricayparinacota\/wp-content\/uploads\/sites\/2\/2019\/08\/Gymkhana-1.jpg\" class=\"yoast-seo-meta-tag\" \/>\n\t<meta property=\"og:image:width\" content=\"918\" class=\"yoast-seo-meta-tag\" \/>\n\t<meta property=\"og:image:height\" content=\"608\" class=\"yoast-seo-meta-tag\" \/>\n\t<meta property=\"og:image:type\" content=\"image\/jpeg\" class=\"yoast-seo-meta-tag\" \/>\n<meta name=\"author\" content=\"saracena\" class=\"yoast-seo-meta-tag\" \/>\n<meta name=\"twitter:card\" content=\"summary_large_image\" class=\"yoast-seo-meta-tag\" \/>\n<meta name=\"twitter:label1\" content=\"Escrito por\" class=\"yoast-seo-meta-tag\" \/>\n\t<meta name=\"twitter:data1\" content=\"saracena\" class=\"yoast-seo-meta-tag\" \/>\n\t<meta name=\"twitter:label2\" content=\"Tiempo estimado de lectura\" class=\"yoast-seo-meta-tag\" \/>\n\t<meta name=\"twitter:data2\" content=\"2 minutos\" class=\"yoast-seo-meta-tag\" \/>\n<script type=\"application\/ld+json\" class=\"yoast-schema-graph\">{\"@context\":\"https:\/\/schema.org\",\"@graph\":[{\"@type\":\"Article\",\"@id\":\"https:\/\/dev.explora.cl\/aricayparinacota\/expertos-en-matematica-participaran-en-la-4ta-version-de-la-gymkhana-uta\/#article\",\"isPartOf\":{\"@id\":\"https:\/\/dev.explora.cl\/aricayparinacota\/expertos-en-matematica-participaran-en-la-4ta-version-de-la-gymkhana-uta\/\"},\"author\":{\"name\":\"saracena\",\"@id\":\"https:\/\/dev.explora.cl\/aricayparinacota\/#\/schema\/person\/0372c8c9d6b6d58d9dc5036ff9d41a7e\"},\"headline\":\"Expertos en matem\u00e1tica participar\u00e1n en la 4ta versi\u00f3n de la Gymkhana UTA\",\"datePublished\":\"2019-08-13T20:06:16+00:00\",\"dateModified\":\"2019-08-13T20:33:44+00:00\",\"mainEntityOfPage\":{\"@id\":\"https:\/\/dev.explora.cl\/aricayparinacota\/expertos-en-matematica-participaran-en-la-4ta-version-de-la-gymkhana-uta\/\"},\"wordCount\":412,\"commentCount\":0,\"publisher\":{\"@id\":\"https:\/\/dev.explora.cl\/aricayparinacota\/#organization\"},\"image\":{\"@id\":\"https:\/\/dev.explora.cl\/aricayparinacota\/expertos-en-matematica-participaran-en-la-4ta-version-de-la-gymkhana-uta\/#primaryimage\"},\"thumbnailUrl\":\"https:\/\/dev.explora.cl\/aricayparinacota\/wp-content\/uploads\/sites\/2\/2019\/08\/Gymkhana-1.jpg\",\"articleSection\":[\"Lugar 4\",\"Noticias\"],\"inLanguage\":\"es-CL\",\"potentialAction\":[{\"@type\":\"CommentAction\",\"name\":\"Comment\",\"target\":[\"https:\/\/dev.explora.cl\/aricayparinacota\/expertos-en-matematica-participaran-en-la-4ta-version-de-la-gymkhana-uta\/#respond\"]}]},{\"@type\":\"WebPage\",\"@id\":\"https:\/\/dev.explora.cl\/aricayparinacota\/expertos-en-matematica-participaran-en-la-4ta-version-de-la-gymkhana-uta\/\",\"url\":\"https:\/\/dev.explora.cl\/aricayparinacota\/expertos-en-matematica-participaran-en-la-4ta-version-de-la-gymkhana-uta\/\",\"name\":\"Expertos en matem\u00e1tica participar\u00e1n en la 4ta versi\u00f3n de la Gymkhana UTA - Arica y Parinacota\",\"isPartOf\":{\"@id\":\"https:\/\/dev.explora.cl\/aricayparinacota\/#website\"},\"primaryImageOfPage\":{\"@id\":\"https:\/\/dev.explora.cl\/aricayparinacota\/expertos-en-matematica-participaran-en-la-4ta-version-de-la-gymkhana-uta\/#primaryimage\"},\"image\":{\"@id\":\"https:\/\/dev.explora.cl\/aricayparinacota\/expertos-en-matematica-participaran-en-la-4ta-version-de-la-gymkhana-uta\/#primaryimage\"},\"thumbnailUrl\":\"https:\/\/dev.explora.cl\/aricayparinacota\/wp-content\/uploads\/sites\/2\/2019\/08\/Gymkhana-1.jpg\",\"datePublished\":\"2019-08-13T20:06:16+00:00\",\"dateModified\":\"2019-08-13T20:33:44+00:00\",\"breadcrumb\":{\"@id\":\"https:\/\/dev.explora.cl\/aricayparinacota\/expertos-en-matematica-participaran-en-la-4ta-version-de-la-gymkhana-uta\/#breadcrumb\"},\"inLanguage\":\"es-CL\",\"potentialAction\":[{\"@type\":\"ReadAction\",\"target\":[\"https:\/\/dev.explora.cl\/aricayparinacota\/expertos-en-matematica-participaran-en-la-4ta-version-de-la-gymkhana-uta\/\"]}]},{\"@type\":\"ImageObject\",\"inLanguage\":\"es-CL\",\"@id\":\"https:\/\/dev.explora.cl\/aricayparinacota\/expertos-en-matematica-participaran-en-la-4ta-version-de-la-gymkhana-uta\/#primaryimage\",\"url\":\"https:\/\/dev.explora.cl\/aricayparinacota\/wp-content\/uploads\/sites\/2\/2019\/08\/Gymkhana-1.jpg\",\"contentUrl\":\"https:\/\/dev.explora.cl\/aricayparinacota\/wp-content\/uploads\/sites\/2\/2019\/08\/Gymkhana-1.jpg\",\"width\":918,\"height\":608},{\"@type\":\"BreadcrumbList\",\"@id\":\"https:\/\/dev.explora.cl\/aricayparinacota\/expertos-en-matematica-participaran-en-la-4ta-version-de-la-gymkhana-uta\/#breadcrumb\",\"itemListElement\":[{\"@type\":\"ListItem\",\"position\":1,\"name\":\"Portada\",\"item\":\"https:\/\/dev.explora.cl\/aricayparinacota\/\"},{\"@type\":\"ListItem\",\"position\":2,\"name\":\"Expertos en matem\u00e1tica participar\u00e1n en la 4ta versi\u00f3n de la Gymkhana UTA\"}]},{\"@type\":\"WebSite\",\"@id\":\"https:\/\/dev.explora.cl\/aricayparinacota\/#website\",\"url\":\"https:\/\/dev.explora.cl\/aricayparinacota\/\",\"name\":\"Arica y Parinacota\",\"description\":\"Otro sitio m\u00e1s de dev.explora.cl\",\"publisher\":{\"@id\":\"https:\/\/dev.explora.cl\/aricayparinacota\/#organization\"},\"potentialAction\":[{\"@type\":\"SearchAction\",\"target\":{\"@type\":\"EntryPoint\",\"urlTemplate\":\"https:\/\/dev.explora.cl\/aricayparinacota\/?s={search_term_string}\"},\"query-input\":{\"@type\":\"PropertyValueSpecification\",\"valueRequired\":true,\"valueName\":\"search_term_string\"}}],\"inLanguage\":\"es-CL\"},{\"@type\":\"Organization\",\"@id\":\"https:\/\/dev.explora.cl\/aricayparinacota\/#organization\",\"name\":\"Arica y Parinacota\",\"url\":\"https:\/\/dev.explora.cl\/aricayparinacota\/\",\"logo\":{\"@type\":\"ImageObject\",\"inLanguage\":\"es-CL\",\"@id\":\"https:\/\/dev.explora.cl\/aricayparinacota\/#\/schema\/logo\/image\/\",\"url\":\"https:\/\/dev.explora.cl\/aricayparinacota\/wp-content\/uploads\/sites\/2\/2020\/08\/cropped-nuevosa-logos-11.png\",\"contentUrl\":\"https:\/\/dev.explora.cl\/aricayparinacota\/wp-content\/uploads\/sites\/2\/2020\/08\/cropped-nuevosa-logos-11.png\",\"width\":812,\"height\":937,\"caption\":\"Arica y Parinacota\"},\"image\":{\"@id\":\"https:\/\/dev.explora.cl\/aricayparinacota\/#\/schema\/logo\/image\/\"}},{\"@type\":\"Person\",\"@id\":\"https:\/\/dev.explora.cl\/aricayparinacota\/#\/schema\/person\/0372c8c9d6b6d58d9dc5036ff9d41a7e\",\"name\":\"saracena\",\"image\":{\"@type\":\"ImageObject\",\"inLanguage\":\"es-CL\",\"@id\":\"https:\/\/dev.explora.cl\/aricayparinacota\/#\/schema\/person\/image\/\",\"url\":\"https:\/\/secure.gravatar.com\/avatar\/b5a50ce5104811995c55568a5df56789f4f7c071d5ab9a4c8345d33225022e41?s=96&d=mm&r=g\",\"contentUrl\":\"https:\/\/secure.gravatar.com\/avatar\/b5a50ce5104811995c55568a5df56789f4f7c071d5ab9a4c8345d33225022e41?s=96&d=mm&r=g\",\"caption\":\"saracena\"},\"url\":\"https:\/\/dev.explora.cl\/aricayparinacota\/author\/saracena\/\"}]}<\/script>\n<!-- \/ Yoast SEO plugin. -->","yoast_head_json":{"title":"Expertos en matem\u00e1tica participar\u00e1n en la 4ta versi\u00f3n de la Gymkhana UTA - Arica y Parinacota","robots":{"index":"index","follow":"follow","max-snippet":"max-snippet:-1","max-image-preview":"max-image-preview:large","max-video-preview":"max-video-preview:-1"},"canonical":"https:\/\/dev.explora.cl\/aricayparinacota\/expertos-en-matematica-participaran-en-la-4ta-version-de-la-gymkhana-uta\/","og_locale":"es_ES","og_type":"article","og_title":"Expertos en matem\u00e1tica participar\u00e1n en la 4ta versi\u00f3n de la Gymkhana UTA - Arica y Parinacota","og_description":"La cuarta versi\u00f3n de la Gymkhana Matem\u00e1tica, organizada por el Departamento de Matem\u00e1tica y el Proyecto Explora, se efectuar\u00e1 el 23 de agosto en las canchas de pasto del campus Saucache de la Universidad de Tarapac\u00e1.","og_url":"https:\/\/dev.explora.cl\/aricayparinacota\/expertos-en-matematica-participaran-en-la-4ta-version-de-la-gymkhana-uta\/","og_site_name":"Arica y Parinacota","article_published_time":"2019-08-13T20:06:16+00:00","article_modified_time":"2019-08-13T20:33:44+00:00","og_image":[{"width":918,"height":608,"url":"https:\/\/dev.explora.cl\/aricayparinacota\/wp-content\/uploads\/sites\/2\/2019\/08\/Gymkhana-1.jpg","type":"image\/jpeg"}],"author":"saracena","twitter_card":"summary_large_image","twitter_misc":{"Escrito por":"saracena","Tiempo estimado de lectura":"2 minutos"},"schema":{"@context":"https:\/\/schema.org","@graph":[{"@type":"Article","@id":"https:\/\/dev.explora.cl\/aricayparinacota\/expertos-en-matematica-participaran-en-la-4ta-version-de-la-gymkhana-uta\/#article","isPartOf":{"@id":"https:\/\/dev.explora.cl\/aricayparinacota\/expertos-en-matematica-participaran-en-la-4ta-version-de-la-gymkhana-uta\/"},"author":{"name":"saracena","@id":"https:\/\/dev.explora.cl\/aricayparinacota\/#\/schema\/person\/0372c8c9d6b6d58d9dc5036ff9d41a7e"},"headline":"Expertos en matem\u00e1tica participar\u00e1n en la 4ta versi\u00f3n de la Gymkhana UTA","datePublished":"2019-08-13T20:06:16+00:00","dateModified":"2019-08-13T20:33:44+00:00","mainEntityOfPage":{"@id":"https:\/\/dev.explora.cl\/aricayparinacota\/expertos-en-matematica-participaran-en-la-4ta-version-de-la-gymkhana-uta\/"},"wordCount":412,"commentCount":0,"publisher":{"@id":"https:\/\/dev.explora.cl\/aricayparinacota\/#organization"},"image":{"@id":"https:\/\/dev.explora.cl\/aricayparinacota\/expertos-en-matematica-participaran-en-la-4ta-version-de-la-gymkhana-uta\/#primaryimage"},"thumbnailUrl":"https:\/\/dev.explora.cl\/aricayparinacota\/wp-content\/uploads\/sites\/2\/2019\/08\/Gymkhana-1.jpg","articleSection":["Lugar 4","Noticias"],"inLanguage":"es-CL","potentialAction":[{"@type":"CommentAction","name":"Comment","target":["https:\/\/dev.explora.cl\/aricayparinacota\/expertos-en-matematica-participaran-en-la-4ta-version-de-la-gymkhana-uta\/#respond"]}]},{"@type":"WebPage","@id":"https:\/\/dev.explora.cl\/aricayparinacota\/expertos-en-matematica-participaran-en-la-4ta-version-de-la-gymkhana-uta\/","url":"https:\/\/dev.explora.cl\/aricayparinacota\/expertos-en-matematica-participaran-en-la-4ta-version-de-la-gymkhana-uta\/","name":"Expertos en matem\u00e1tica participar\u00e1n en la 4ta versi\u00f3n de la Gymkhana UTA - Arica y Parinacota","isPartOf":{"@id":"https:\/\/dev.explora.cl\/aricayparinacota\/#website"},"primaryImageOfPage":{"@id":"https:\/\/dev.explora.cl\/aricayparinacota\/expertos-en-matematica-participaran-en-la-4ta-version-de-la-gymkhana-uta\/#primaryimage"},"image":{"@id":"https:\/\/dev.explora.cl\/aricayparinacota\/expertos-en-matematica-participaran-en-la-4ta-version-de-la-gymkhana-uta\/#primaryimage"},"thumbnailUrl":"https:\/\/dev.explora.cl\/aricayparinacota\/wp-content\/uploads\/sites\/2\/2019\/08\/Gymkhana-1.jpg","datePublished":"2019-08-13T20:06:16+00:00","dateModified":"2019-08-13T20:33:44+00:00","breadcrumb":{"@id":"https:\/\/dev.explora.cl\/aricayparinacota\/expertos-en-matematica-participaran-en-la-4ta-version-de-la-gymkhana-uta\/#breadcrumb"},"inLanguage":"es-CL","potentialAction":[{"@type":"ReadAction","target":["https:\/\/dev.explora.cl\/aricayparinacota\/expertos-en-matematica-participaran-en-la-4ta-version-de-la-gymkhana-uta\/"]}]},{"@type":"ImageObject","inLanguage":"es-CL","@id":"https:\/\/dev.explora.cl\/aricayparinacota\/expertos-en-matematica-participaran-en-la-4ta-version-de-la-gymkhana-uta\/#primaryimage","url":"https:\/\/dev.explora.cl\/aricayparinacota\/wp-content\/uploads\/sites\/2\/2019\/08\/Gymkhana-1.jpg","contentUrl":"https:\/\/dev.explora.cl\/aricayparinacota\/wp-content\/uploads\/sites\/2\/2019\/08\/Gymkhana-1.jpg","width":918,"height":608},{"@type":"BreadcrumbList","@id":"https:\/\/dev.explora.cl\/aricayparinacota\/expertos-en-matematica-participaran-en-la-4ta-version-de-la-gymkhana-uta\/#breadcrumb","itemListElement":[{"@type":"ListItem","position":1,"name":"Portada","item":"https:\/\/dev.explora.cl\/aricayparinacota\/"},{"@type":"ListItem","position":2,"name":"Expertos en matem\u00e1tica participar\u00e1n en la 4ta versi\u00f3n de la Gymkhana UTA"}]},{"@type":"WebSite","@id":"https:\/\/dev.explora.cl\/aricayparinacota\/#website","url":"https:\/\/dev.explora.cl\/aricayparinacota\/","name":"Arica y Parinacota","description":"Otro sitio m\u00e1s de dev.explora.cl","publisher":{"@id":"https:\/\/dev.explora.cl\/aricayparinacota\/#organization"},"potentialAction":[{"@type":"SearchAction","target":{"@type":"EntryPoint","urlTemplate":"https:\/\/dev.explora.cl\/aricayparinacota\/?s={search_term_string}"},"query-input":{"@type":"PropertyValueSpecification","valueRequired":true,"valueName":"search_term_string"}}],"inLanguage":"es-CL"},{"@type":"Organization","@id":"https:\/\/dev.explora.cl\/aricayparinacota\/#organization","name":"Arica y Parinacota","url":"https:\/\/dev.explora.cl\/aricayparinacota\/","logo":{"@type":"ImageObject","inLanguage":"es-CL","@id":"https:\/\/dev.explora.cl\/aricayparinacota\/#\/schema\/logo\/image\/","url":"https:\/\/dev.explora.cl\/aricayparinacota\/wp-content\/uploads\/sites\/2\/2020\/08\/cropped-nuevosa-logos-11.png","contentUrl":"https:\/\/dev.explora.cl\/aricayparinacota\/wp-content\/uploads\/sites\/2\/2020\/08\/cropped-nuevosa-logos-11.png","width":812,"height":937,"caption":"Arica y Parinacota"},"image":{"@id":"https:\/\/dev.explora.cl\/aricayparinacota\/#\/schema\/logo\/image\/"}},{"@type":"Person","@id":"https:\/\/dev.explora.cl\/aricayparinacota\/#\/schema\/person\/0372c8c9d6b6d58d9dc5036ff9d41a7e","name":"saracena","image":{"@type":"ImageObject","inLanguage":"es-CL","@id":"https:\/\/dev.explora.cl\/aricayparinacota\/#\/schema\/person\/image\/","url":"https:\/\/secure.gravatar.com\/avatar\/b5a50ce5104811995c55568a5df56789f4f7c071d5ab9a4c8345d33225022e41?s=96&d=mm&r=g","contentUrl":"https:\/\/secure.gravatar.com\/avatar\/b5a50ce5104811995c55568a5df56789f4f7c071d5ab9a4c8345d33225022e41?s=96&d=mm&r=g","caption":"saracena"},"url":"https:\/\/dev.explora.cl\/aricayparinacota\/author\/saracena\/"}]}},"_links":{"self":[{"href":"https:\/\/dev.explora.cl\/aricayparinacota\/wp-json\/wp\/v2\/posts\/34070","targetHints":{"allow":["GET"]}}],"collection":[{"href":"https:\/\/dev.explora.cl\/aricayparinacota\/wp-json\/wp\/v2\/posts"}],"about":[{"href":"https:\/\/dev.explora.cl\/aricayparinacota\/wp-json\/wp\/v2\/types\/post"}],"author":[{"embeddable":true,"href":"https:\/\/dev.explora.cl\/aricayparinacota\/wp-json\/wp\/v2\/users\/17"}],"replies":[{"embeddable":true,"href":"https:\/\/dev.explora.cl\/aricayparinacota\/wp-json\/wp\/v2\/comments?post=34070"}],"version-history":[{"count":3,"href":"https:\/\/dev.explora.cl\/aricayparinacota\/wp-json\/wp\/v2\/posts\/34070\/revisions"}],"predecessor-version":[{"id":34075,"href":"https:\/\/dev.explora.cl\/aricayparinacota\/wp-json\/wp\/v2\/posts\/34070\/revisions\/34075"}],"wp:featuredmedia":[{"embeddable":true,"href":"https:\/\/dev.explora.cl\/aricayparinacota\/wp-json\/wp\/v2\/media\/34076"}],"wp:attachment":[{"href":"https:\/\/dev.explora.cl\/aricayparinacota\/wp-json\/wp\/v2\/media?parent=34070"}],"wp:term":[{"taxonomy":"category","embeddable":true,"href":"https:\/\/dev.explora.cl\/aricayparinacota\/wp-json\/wp\/v2\/categories?post=34070"},{"taxonomy":"post_tag","embeddable":true,"href":"https:\/\/dev.explora.cl\/aricayparinacota\/wp-json\/wp\/v2\/tags?post=34070"}],"curies":[{"name":"wp","href":"https:\/\/api.w.org\/{rel}","templated":true}]}}