{"id":34063,"date":"2019-08-06T11:44:12","date_gmt":"2019-08-06T15:44:12","guid":{"rendered":"https:\/\/dev.explora.cl\/aricayparinacota\/?p=34063"},"modified":"2019-08-16T09:59:34","modified_gmt":"2019-08-16T13:59:34","slug":"facultad-de-ciencias-de-la-uta-abre-sus-puertas-conversemos-un-cafe-todos-invitados-que-la-casa-esta-abierta","status":"publish","type":"post","link":"https:\/\/dev.explora.cl\/aricayparinacota\/facultad-de-ciencias-de-la-uta-abre-sus-puertas-conversemos-un-cafe-todos-invitados-que-la-casa-esta-abierta\/","title":{"rendered":"Facultad de Ciencias de la UTA abre sus puertas \u00bfConversemos un caf\u00e9? Todos invitados, que la casa est\u00e1 abierta"},"content":{"rendered":"<h3><strong>El 29 de agosto, durante todo el d\u00eda se abrir\u00e1n las puertas de la Facultad de Ciencias de la Universidad de Tarapac\u00e1, para que estudiantes y p\u00fablico general asistan a conocer laboratorios, iniciativas de investigaci\u00f3n, ver obras de teatro y conversar un caf\u00e9.<\/strong><\/h3>\n<p>Hace m\u00e1s de 30 a\u00f1os que tradicionalmente la Facultad de Ciencias de la Universidad de Tarapac\u00e1, invita durante un d\u00eda a estudiantes y p\u00fablico general, a que conozcan sobre las carreras que imparten, sus laboratorios y el trabajo cient\u00edfico que desarrollan en esta unidad. \u00bfC\u00f3mo naci\u00f3 esta apertura? \u201cPor la necesidad de la Facultad de abrirse a la comunidad, vincularse con los habitantes de la regi\u00f3n de Arica y Parinacota, pero en especial con su grupo etario m\u00e1s joven que viene de los establecimientos educacionales\u201d, se\u00f1ala el decano Hugo Bravo Azl\u00e1n.<\/p>\n<p>En la Casa Abierta 2019, a la que llegan cada a\u00f1o miles de estudiantes, se podr\u00e1 conocer la infraestructura y los laboratorios de formaci\u00f3n en las cuatro \u00e1reas de ciencias b\u00e1sicas: biolog\u00eda, f\u00edsica, matem\u00e1tica y qu\u00edmica. Los investigadores y docentes abrir\u00e1n sus laboratorios para explicar la funci\u00f3n de cada equipo utilizado en su trabajo y resolver\u00e1n las inquietudes de quienes les visiten en el campus Vel\u00e1squez de la Universidad.<\/p>\n<p>El decano indic\u00f3 que este a\u00f1o, adem\u00e1s de la programaci\u00f3n tradicional, se agregaron dos actividades, que cuentan con el apoyo del proyecto Explora, una alianza que \u201choy d\u00eda es fundamental\u201d, dijo. Se trata del teatro cient\u00edfico, en que las obras van a representar aspectos de la ciencia, especialmente de la bioqu\u00edmica, lo que, para el p\u00fablico asistente es m\u00e1s atractivo y se entiende mejor. \u201cLa bioqu\u00edmica est\u00e1 en todo, cuando usted se enfrenta a alguien, su cuerpo reacciona con atracci\u00f3n o rechazo. Cuando hay amor, por ejemplo, se sabe que el coraz\u00f3n empieza a latir m\u00e1s fuerte, o sea, hay biolog\u00eda y qu\u00edmica en acci\u00f3n. Las personas tienen qu\u00edmica unas con otras, se dice com\u00fanmente as\u00ed; y es porque efectivamente es as\u00ed. Lo mismo pasa tambi\u00e9n con las personas en general, a veces desconocen que la ciencia est\u00e1 en su entorno, comparte su d\u00eda a d\u00eda, tel\u00e9fonos celulares, televisores, refrigeradores, computadores, pintura para u\u00f1as, tintura u otros productos para el cabello, alimentos de todo tipo, radiograf\u00edas, vacunas, etc, una lista infinita en que cada uno puede encontrar un ejemplo m\u00e1s\u201d.<\/p>\n<p>En el desarrollo de la Casa Abierta, se van a instalar espacios de caf\u00e9 para conversar sobre las vivencias e inquietudes surgidas en esta visita a la Facultad u otros temas relacionados. \u201cLa verdad que conversar junto a un caf\u00e9 siempre es bueno y provechoso\u201d, acota.<\/p>\n<p>La autoridad invit\u00f3 a que participe p\u00fablico general, empresarios y emprendedores de la regi\u00f3n, para que vean lo que la Facultad puede ofrecer y ver posibilidades de generar nexos. \u201cCreo que nuestra falencia como pa\u00eds en general es que nuestra investigaci\u00f3n no tiene la colaboraci\u00f3n de la empresa privada, en otras partes del mundo los privados gu\u00edan las investigaciones y tienen sus propios centros de investigaci\u00f3n. La idea es hacer mucho m\u00e1s simbiosis, podr\u00edamos realizar trabajos interesantes en conjunto\u201d.<\/p>\n<p>Respecto a la actividad, la directora del proyecto Explora, M\u00f3nica Navarrete, manifest\u00f3 que este trabajo conjunto con la Facultad, tiene como fin afianzar los nexos con la comunidad de Arica, y ofrecer la oportunidad de que conozcan lo que hay m\u00e1s all\u00e1 de los delantales blancos de los cient\u00edficos. \u201cEstamos apostando a que la comunidad de nuestra regi\u00f3n pueda participar el d\u00eda 29 de agosto en los conversatorios junto a un caf\u00e9, disfrute las obras de teatro y conozca el tremendo equipo humano y tecnol\u00f3gico que existe en la Facultad de Ciencias\u201d.<\/p>\n<p><img decoding=\"async\" class=\"alignnone wp-image-34064 size-full\" src=\"https:\/\/dev.explora.cl\/aricayparinacota\/wp-content\/uploads\/sites\/2\/2019\/08\/Collage-Nota-06-08-2019-Casa-Abierta.jpg\" alt=\"\" width=\"100%\" srcset=\"https:\/\/dev.explora.cl\/aricayparinacota\/wp-content\/uploads\/sites\/2\/2019\/08\/Collage-Nota-06-08-2019-Casa-Abierta.jpg 2045w, https:\/\/dev.explora.cl\/aricayparinacota\/wp-content\/uploads\/sites\/2\/2019\/08\/Collage-Nota-06-08-2019-Casa-Abierta-300x171.jpg 300w, https:\/\/dev.explora.cl\/aricayparinacota\/wp-content\/uploads\/sites\/2\/2019\/08\/Collage-Nota-06-08-2019-Casa-Abierta-768x438.jpg 768w, https:\/\/dev.explora.cl\/aricayparinacota\/wp-content\/uploads\/sites\/2\/2019\/08\/Collage-Nota-06-08-2019-Casa-Abierta-1024x584.jpg 1024w\" sizes=\"(max-width: 2045px) 100vw, 2045px\" \/><\/p>\n","protected":false},"excerpt":{"rendered":"<p>El 29 de agosto, durante todo el d\u00eda se abrir\u00e1n las puertas de la Facultad de Ciencias de la Universidad de Tarapac\u00e1, para que estudiantes y p\u00fablico general asistan a conocer laboratorios, iniciativas de investigaci\u00f3n, ver obras de teatro y conversar un caf\u00e9.<\/p>\n","protected":false},"author":17,"featured_media":34066,"comment_status":"open","ping_status":"open","sticky":false,"template":"","format":"standard","meta":{"_acf_changed":false,"_exactmetrics_skip_tracking":false,"_exactmetrics_sitenote_active":false,"_exactmetrics_sitenote_note":"","_exactmetrics_sitenote_category":0,"footnotes":"","_links_to":"","_links_to_target":""},"categories":[142,4],"tags":[],"class_list":["post-34063","post","type-post","status-publish","format-standard","has-post-thumbnail","hentry","category-lugar-7","category-noticias"],"acf":[],"yoast_head":"<!-- This site is optimized with the Yoast SEO plugin v26.7 - https:\/\/yoast.com\/wordpress\/plugins\/seo\/ -->\n<title>Facultad de Ciencias de la UTA abre sus puertas \u00bfConversemos un caf\u00e9? Todos invitados, que la casa est\u00e1 abierta - Arica y Parinacota<\/title>\n<meta name=\"robots\" content=\"index, follow, max-snippet:-1, max-image-preview:large, max-video-preview:-1\" \/>\n<link rel=\"canonical\" href=\"https:\/\/dev.explora.cl\/aricayparinacota\/facultad-de-ciencias-de-la-uta-abre-sus-puertas-conversemos-un-cafe-todos-invitados-que-la-casa-esta-abierta\/\" class=\"yoast-seo-meta-tag\" \/>\n<meta property=\"og:locale\" content=\"es_ES\" class=\"yoast-seo-meta-tag\" \/>\n<meta property=\"og:type\" content=\"article\" class=\"yoast-seo-meta-tag\" \/>\n<meta property=\"og:title\" content=\"Facultad de Ciencias de la UTA abre sus puertas \u00bfConversemos un caf\u00e9? Todos invitados, que la casa est\u00e1 abierta - Arica y Parinacota\" class=\"yoast-seo-meta-tag\" \/>\n<meta property=\"og:description\" content=\"El 29 de agosto, durante todo el d\u00eda se abrir\u00e1n las puertas de la Facultad de Ciencias de la Universidad de Tarapac\u00e1, para que estudiantes y p\u00fablico general asistan a conocer laboratorios, iniciativas de investigaci\u00f3n, ver obras de teatro y conversar un caf\u00e9.\" class=\"yoast-seo-meta-tag\" \/>\n<meta property=\"og:url\" content=\"https:\/\/dev.explora.cl\/aricayparinacota\/facultad-de-ciencias-de-la-uta-abre-sus-puertas-conversemos-un-cafe-todos-invitados-que-la-casa-esta-abierta\/\" class=\"yoast-seo-meta-tag\" \/>\n<meta property=\"og:site_name\" content=\"Arica y Parinacota\" class=\"yoast-seo-meta-tag\" \/>\n<meta property=\"article:published_time\" content=\"2019-08-06T15:44:12+00:00\" class=\"yoast-seo-meta-tag\" \/>\n<meta property=\"article:modified_time\" content=\"2019-08-16T13:59:34+00:00\" class=\"yoast-seo-meta-tag\" \/>\n<meta property=\"og:image\" content=\"https:\/\/dev.explora.cl\/aricayparinacota\/wp-content\/uploads\/sites\/2\/2019\/08\/DSC_0205.jpg\" class=\"yoast-seo-meta-tag\" \/>\n\t<meta property=\"og:image:width\" content=\"437\" class=\"yoast-seo-meta-tag\" \/>\n\t<meta property=\"og:image:height\" content=\"291\" class=\"yoast-seo-meta-tag\" \/>\n\t<meta property=\"og:image:type\" content=\"image\/jpeg\" class=\"yoast-seo-meta-tag\" \/>\n<meta name=\"author\" content=\"saracena\" class=\"yoast-seo-meta-tag\" \/>\n<meta name=\"twitter:card\" content=\"summary_large_image\" class=\"yoast-seo-meta-tag\" \/>\n<meta name=\"twitter:label1\" content=\"Escrito por\" class=\"yoast-seo-meta-tag\" \/>\n\t<meta name=\"twitter:data1\" content=\"saracena\" class=\"yoast-seo-meta-tag\" \/>\n\t<meta name=\"twitter:label2\" content=\"Tiempo estimado de lectura\" class=\"yoast-seo-meta-tag\" \/>\n\t<meta name=\"twitter:data2\" content=\"3 minutos\" class=\"yoast-seo-meta-tag\" \/>\n<script type=\"application\/ld+json\" class=\"yoast-schema-graph\">{\"@context\":\"https:\/\/schema.org\",\"@graph\":[{\"@type\":\"Article\",\"@id\":\"https:\/\/dev.explora.cl\/aricayparinacota\/facultad-de-ciencias-de-la-uta-abre-sus-puertas-conversemos-un-cafe-todos-invitados-que-la-casa-esta-abierta\/#article\",\"isPartOf\":{\"@id\":\"https:\/\/dev.explora.cl\/aricayparinacota\/facultad-de-ciencias-de-la-uta-abre-sus-puertas-conversemos-un-cafe-todos-invitados-que-la-casa-esta-abierta\/\"},\"author\":{\"name\":\"saracena\",\"@id\":\"https:\/\/dev.explora.cl\/aricayparinacota\/#\/schema\/person\/0372c8c9d6b6d58d9dc5036ff9d41a7e\"},\"headline\":\"Facultad de Ciencias de la UTA abre sus puertas \u00bfConversemos un caf\u00e9? Todos invitados, que la casa est\u00e1 abierta\",\"datePublished\":\"2019-08-06T15:44:12+00:00\",\"dateModified\":\"2019-08-16T13:59:34+00:00\",\"mainEntityOfPage\":{\"@id\":\"https:\/\/dev.explora.cl\/aricayparinacota\/facultad-de-ciencias-de-la-uta-abre-sus-puertas-conversemos-un-cafe-todos-invitados-que-la-casa-esta-abierta\/\"},\"wordCount\":679,\"commentCount\":0,\"publisher\":{\"@id\":\"https:\/\/dev.explora.cl\/aricayparinacota\/#organization\"},\"image\":{\"@id\":\"https:\/\/dev.explora.cl\/aricayparinacota\/facultad-de-ciencias-de-la-uta-abre-sus-puertas-conversemos-un-cafe-todos-invitados-que-la-casa-esta-abierta\/#primaryimage\"},\"thumbnailUrl\":\"https:\/\/dev.explora.cl\/aricayparinacota\/wp-content\/uploads\/sites\/2\/2019\/08\/DSC_0205.jpg\",\"articleSection\":[\"Lugar 7\",\"Noticias\"],\"inLanguage\":\"es-CL\",\"potentialAction\":[{\"@type\":\"CommentAction\",\"name\":\"Comment\",\"target\":[\"https:\/\/dev.explora.cl\/aricayparinacota\/facultad-de-ciencias-de-la-uta-abre-sus-puertas-conversemos-un-cafe-todos-invitados-que-la-casa-esta-abierta\/#respond\"]}]},{\"@type\":\"WebPage\",\"@id\":\"https:\/\/dev.explora.cl\/aricayparinacota\/facultad-de-ciencias-de-la-uta-abre-sus-puertas-conversemos-un-cafe-todos-invitados-que-la-casa-esta-abierta\/\",\"url\":\"https:\/\/dev.explora.cl\/aricayparinacota\/facultad-de-ciencias-de-la-uta-abre-sus-puertas-conversemos-un-cafe-todos-invitados-que-la-casa-esta-abierta\/\",\"name\":\"Facultad de Ciencias de la UTA abre sus puertas \u00bfConversemos un caf\u00e9? Todos invitados, que la casa est\u00e1 abierta - Arica y Parinacota\",\"isPartOf\":{\"@id\":\"https:\/\/dev.explora.cl\/aricayparinacota\/#website\"},\"primaryImageOfPage\":{\"@id\":\"https:\/\/dev.explora.cl\/aricayparinacota\/facultad-de-ciencias-de-la-uta-abre-sus-puertas-conversemos-un-cafe-todos-invitados-que-la-casa-esta-abierta\/#primaryimage\"},\"image\":{\"@id\":\"https:\/\/dev.explora.cl\/aricayparinacota\/facultad-de-ciencias-de-la-uta-abre-sus-puertas-conversemos-un-cafe-todos-invitados-que-la-casa-esta-abierta\/#primaryimage\"},\"thumbnailUrl\":\"https:\/\/dev.explora.cl\/aricayparinacota\/wp-content\/uploads\/sites\/2\/2019\/08\/DSC_0205.jpg\",\"datePublished\":\"2019-08-06T15:44:12+00:00\",\"dateModified\":\"2019-08-16T13:59:34+00:00\",\"breadcrumb\":{\"@id\":\"https:\/\/dev.explora.cl\/aricayparinacota\/facultad-de-ciencias-de-la-uta-abre-sus-puertas-conversemos-un-cafe-todos-invitados-que-la-casa-esta-abierta\/#breadcrumb\"},\"inLanguage\":\"es-CL\",\"potentialAction\":[{\"@type\":\"ReadAction\",\"target\":[\"https:\/\/dev.explora.cl\/aricayparinacota\/facultad-de-ciencias-de-la-uta-abre-sus-puertas-conversemos-un-cafe-todos-invitados-que-la-casa-esta-abierta\/\"]}]},{\"@type\":\"ImageObject\",\"inLanguage\":\"es-CL\",\"@id\":\"https:\/\/dev.explora.cl\/aricayparinacota\/facultad-de-ciencias-de-la-uta-abre-sus-puertas-conversemos-un-cafe-todos-invitados-que-la-casa-esta-abierta\/#primaryimage\",\"url\":\"https:\/\/dev.explora.cl\/aricayparinacota\/wp-content\/uploads\/sites\/2\/2019\/08\/DSC_0205.jpg\",\"contentUrl\":\"https:\/\/dev.explora.cl\/aricayparinacota\/wp-content\/uploads\/sites\/2\/2019\/08\/DSC_0205.jpg\",\"width\":437,\"height\":291},{\"@type\":\"BreadcrumbList\",\"@id\":\"https:\/\/dev.explora.cl\/aricayparinacota\/facultad-de-ciencias-de-la-uta-abre-sus-puertas-conversemos-un-cafe-todos-invitados-que-la-casa-esta-abierta\/#breadcrumb\",\"itemListElement\":[{\"@type\":\"ListItem\",\"position\":1,\"name\":\"Portada\",\"item\":\"https:\/\/dev.explora.cl\/aricayparinacota\/\"},{\"@type\":\"ListItem\",\"position\":2,\"name\":\"Facultad de Ciencias de la UTA abre sus puertas \u00bfConversemos un caf\u00e9? Todos invitados, que la casa est\u00e1 abierta\"}]},{\"@type\":\"WebSite\",\"@id\":\"https:\/\/dev.explora.cl\/aricayparinacota\/#website\",\"url\":\"https:\/\/dev.explora.cl\/aricayparinacota\/\",\"name\":\"Arica y Parinacota\",\"description\":\"Otro sitio m\u00e1s de dev.explora.cl\",\"publisher\":{\"@id\":\"https:\/\/dev.explora.cl\/aricayparinacota\/#organization\"},\"potentialAction\":[{\"@type\":\"SearchAction\",\"target\":{\"@type\":\"EntryPoint\",\"urlTemplate\":\"https:\/\/dev.explora.cl\/aricayparinacota\/?s={search_term_string}\"},\"query-input\":{\"@type\":\"PropertyValueSpecification\",\"valueRequired\":true,\"valueName\":\"search_term_string\"}}],\"inLanguage\":\"es-CL\"},{\"@type\":\"Organization\",\"@id\":\"https:\/\/dev.explora.cl\/aricayparinacota\/#organization\",\"name\":\"Arica y Parinacota\",\"url\":\"https:\/\/dev.explora.cl\/aricayparinacota\/\",\"logo\":{\"@type\":\"ImageObject\",\"inLanguage\":\"es-CL\",\"@id\":\"https:\/\/dev.explora.cl\/aricayparinacota\/#\/schema\/logo\/image\/\",\"url\":\"https:\/\/dev.explora.cl\/aricayparinacota\/wp-content\/uploads\/sites\/2\/2020\/08\/cropped-nuevosa-logos-11.png\",\"contentUrl\":\"https:\/\/dev.explora.cl\/aricayparinacota\/wp-content\/uploads\/sites\/2\/2020\/08\/cropped-nuevosa-logos-11.png\",\"width\":812,\"height\":937,\"caption\":\"Arica y Parinacota\"},\"image\":{\"@id\":\"https:\/\/dev.explora.cl\/aricayparinacota\/#\/schema\/logo\/image\/\"}},{\"@type\":\"Person\",\"@id\":\"https:\/\/dev.explora.cl\/aricayparinacota\/#\/schema\/person\/0372c8c9d6b6d58d9dc5036ff9d41a7e\",\"name\":\"saracena\",\"image\":{\"@type\":\"ImageObject\",\"inLanguage\":\"es-CL\",\"@id\":\"https:\/\/dev.explora.cl\/aricayparinacota\/#\/schema\/person\/image\/\",\"url\":\"https:\/\/secure.gravatar.com\/avatar\/b5a50ce5104811995c55568a5df56789f4f7c071d5ab9a4c8345d33225022e41?s=96&d=mm&r=g\",\"contentUrl\":\"https:\/\/secure.gravatar.com\/avatar\/b5a50ce5104811995c55568a5df56789f4f7c071d5ab9a4c8345d33225022e41?s=96&d=mm&r=g\",\"caption\":\"saracena\"},\"url\":\"https:\/\/dev.explora.cl\/aricayparinacota\/author\/saracena\/\"}]}<\/script>\n<!-- \/ Yoast SEO plugin. -->","yoast_head_json":{"title":"Facultad de Ciencias de la UTA abre sus puertas \u00bfConversemos un caf\u00e9? Todos invitados, que la casa est\u00e1 abierta - Arica y Parinacota","robots":{"index":"index","follow":"follow","max-snippet":"max-snippet:-1","max-image-preview":"max-image-preview:large","max-video-preview":"max-video-preview:-1"},"canonical":"https:\/\/dev.explora.cl\/aricayparinacota\/facultad-de-ciencias-de-la-uta-abre-sus-puertas-conversemos-un-cafe-todos-invitados-que-la-casa-esta-abierta\/","og_locale":"es_ES","og_type":"article","og_title":"Facultad de Ciencias de la UTA abre sus puertas \u00bfConversemos un caf\u00e9? Todos invitados, que la casa est\u00e1 abierta - Arica y Parinacota","og_description":"El 29 de agosto, durante todo el d\u00eda se abrir\u00e1n las puertas de la Facultad de Ciencias de la Universidad de Tarapac\u00e1, para que estudiantes y p\u00fablico general asistan a conocer laboratorios, iniciativas de investigaci\u00f3n, ver obras de teatro y conversar un caf\u00e9.","og_url":"https:\/\/dev.explora.cl\/aricayparinacota\/facultad-de-ciencias-de-la-uta-abre-sus-puertas-conversemos-un-cafe-todos-invitados-que-la-casa-esta-abierta\/","og_site_name":"Arica y Parinacota","article_published_time":"2019-08-06T15:44:12+00:00","article_modified_time":"2019-08-16T13:59:34+00:00","og_image":[{"width":437,"height":291,"url":"https:\/\/dev.explora.cl\/aricayparinacota\/wp-content\/uploads\/sites\/2\/2019\/08\/DSC_0205.jpg","type":"image\/jpeg"}],"author":"saracena","twitter_card":"summary_large_image","twitter_misc":{"Escrito por":"saracena","Tiempo estimado de lectura":"3 minutos"},"schema":{"@context":"https:\/\/schema.org","@graph":[{"@type":"Article","@id":"https:\/\/dev.explora.cl\/aricayparinacota\/facultad-de-ciencias-de-la-uta-abre-sus-puertas-conversemos-un-cafe-todos-invitados-que-la-casa-esta-abierta\/#article","isPartOf":{"@id":"https:\/\/dev.explora.cl\/aricayparinacota\/facultad-de-ciencias-de-la-uta-abre-sus-puertas-conversemos-un-cafe-todos-invitados-que-la-casa-esta-abierta\/"},"author":{"name":"saracena","@id":"https:\/\/dev.explora.cl\/aricayparinacota\/#\/schema\/person\/0372c8c9d6b6d58d9dc5036ff9d41a7e"},"headline":"Facultad de Ciencias de la UTA abre sus puertas \u00bfConversemos un caf\u00e9? Todos invitados, que la casa est\u00e1 abierta","datePublished":"2019-08-06T15:44:12+00:00","dateModified":"2019-08-16T13:59:34+00:00","mainEntityOfPage":{"@id":"https:\/\/dev.explora.cl\/aricayparinacota\/facultad-de-ciencias-de-la-uta-abre-sus-puertas-conversemos-un-cafe-todos-invitados-que-la-casa-esta-abierta\/"},"wordCount":679,"commentCount":0,"publisher":{"@id":"https:\/\/dev.explora.cl\/aricayparinacota\/#organization"},"image":{"@id":"https:\/\/dev.explora.cl\/aricayparinacota\/facultad-de-ciencias-de-la-uta-abre-sus-puertas-conversemos-un-cafe-todos-invitados-que-la-casa-esta-abierta\/#primaryimage"},"thumbnailUrl":"https:\/\/dev.explora.cl\/aricayparinacota\/wp-content\/uploads\/sites\/2\/2019\/08\/DSC_0205.jpg","articleSection":["Lugar 7","Noticias"],"inLanguage":"es-CL","potentialAction":[{"@type":"CommentAction","name":"Comment","target":["https:\/\/dev.explora.cl\/aricayparinacota\/facultad-de-ciencias-de-la-uta-abre-sus-puertas-conversemos-un-cafe-todos-invitados-que-la-casa-esta-abierta\/#respond"]}]},{"@type":"WebPage","@id":"https:\/\/dev.explora.cl\/aricayparinacota\/facultad-de-ciencias-de-la-uta-abre-sus-puertas-conversemos-un-cafe-todos-invitados-que-la-casa-esta-abierta\/","url":"https:\/\/dev.explora.cl\/aricayparinacota\/facultad-de-ciencias-de-la-uta-abre-sus-puertas-conversemos-un-cafe-todos-invitados-que-la-casa-esta-abierta\/","name":"Facultad de Ciencias de la UTA abre sus puertas \u00bfConversemos un caf\u00e9? Todos invitados, que la casa est\u00e1 abierta - Arica y Parinacota","isPartOf":{"@id":"https:\/\/dev.explora.cl\/aricayparinacota\/#website"},"primaryImageOfPage":{"@id":"https:\/\/dev.explora.cl\/aricayparinacota\/facultad-de-ciencias-de-la-uta-abre-sus-puertas-conversemos-un-cafe-todos-invitados-que-la-casa-esta-abierta\/#primaryimage"},"image":{"@id":"https:\/\/dev.explora.cl\/aricayparinacota\/facultad-de-ciencias-de-la-uta-abre-sus-puertas-conversemos-un-cafe-todos-invitados-que-la-casa-esta-abierta\/#primaryimage"},"thumbnailUrl":"https:\/\/dev.explora.cl\/aricayparinacota\/wp-content\/uploads\/sites\/2\/2019\/08\/DSC_0205.jpg","datePublished":"2019-08-06T15:44:12+00:00","dateModified":"2019-08-16T13:59:34+00:00","breadcrumb":{"@id":"https:\/\/dev.explora.cl\/aricayparinacota\/facultad-de-ciencias-de-la-uta-abre-sus-puertas-conversemos-un-cafe-todos-invitados-que-la-casa-esta-abierta\/#breadcrumb"},"inLanguage":"es-CL","potentialAction":[{"@type":"ReadAction","target":["https:\/\/dev.explora.cl\/aricayparinacota\/facultad-de-ciencias-de-la-uta-abre-sus-puertas-conversemos-un-cafe-todos-invitados-que-la-casa-esta-abierta\/"]}]},{"@type":"ImageObject","inLanguage":"es-CL","@id":"https:\/\/dev.explora.cl\/aricayparinacota\/facultad-de-ciencias-de-la-uta-abre-sus-puertas-conversemos-un-cafe-todos-invitados-que-la-casa-esta-abierta\/#primaryimage","url":"https:\/\/dev.explora.cl\/aricayparinacota\/wp-content\/uploads\/sites\/2\/2019\/08\/DSC_0205.jpg","contentUrl":"https:\/\/dev.explora.cl\/aricayparinacota\/wp-content\/uploads\/sites\/2\/2019\/08\/DSC_0205.jpg","width":437,"height":291},{"@type":"BreadcrumbList","@id":"https:\/\/dev.explora.cl\/aricayparinacota\/facultad-de-ciencias-de-la-uta-abre-sus-puertas-conversemos-un-cafe-todos-invitados-que-la-casa-esta-abierta\/#breadcrumb","itemListElement":[{"@type":"ListItem","position":1,"name":"Portada","item":"https:\/\/dev.explora.cl\/aricayparinacota\/"},{"@type":"ListItem","position":2,"name":"Facultad de Ciencias de la UTA abre sus puertas \u00bfConversemos un caf\u00e9? Todos invitados, que la casa est\u00e1 abierta"}]},{"@type":"WebSite","@id":"https:\/\/dev.explora.cl\/aricayparinacota\/#website","url":"https:\/\/dev.explora.cl\/aricayparinacota\/","name":"Arica y Parinacota","description":"Otro sitio m\u00e1s de dev.explora.cl","publisher":{"@id":"https:\/\/dev.explora.cl\/aricayparinacota\/#organization"},"potentialAction":[{"@type":"SearchAction","target":{"@type":"EntryPoint","urlTemplate":"https:\/\/dev.explora.cl\/aricayparinacota\/?s={search_term_string}"},"query-input":{"@type":"PropertyValueSpecification","valueRequired":true,"valueName":"search_term_string"}}],"inLanguage":"es-CL"},{"@type":"Organization","@id":"https:\/\/dev.explora.cl\/aricayparinacota\/#organization","name":"Arica y Parinacota","url":"https:\/\/dev.explora.cl\/aricayparinacota\/","logo":{"@type":"ImageObject","inLanguage":"es-CL","@id":"https:\/\/dev.explora.cl\/aricayparinacota\/#\/schema\/logo\/image\/","url":"https:\/\/dev.explora.cl\/aricayparinacota\/wp-content\/uploads\/sites\/2\/2020\/08\/cropped-nuevosa-logos-11.png","contentUrl":"https:\/\/dev.explora.cl\/aricayparinacota\/wp-content\/uploads\/sites\/2\/2020\/08\/cropped-nuevosa-logos-11.png","width":812,"height":937,"caption":"Arica y Parinacota"},"image":{"@id":"https:\/\/dev.explora.cl\/aricayparinacota\/#\/schema\/logo\/image\/"}},{"@type":"Person","@id":"https:\/\/dev.explora.cl\/aricayparinacota\/#\/schema\/person\/0372c8c9d6b6d58d9dc5036ff9d41a7e","name":"saracena","image":{"@type":"ImageObject","inLanguage":"es-CL","@id":"https:\/\/dev.explora.cl\/aricayparinacota\/#\/schema\/person\/image\/","url":"https:\/\/secure.gravatar.com\/avatar\/b5a50ce5104811995c55568a5df56789f4f7c071d5ab9a4c8345d33225022e41?s=96&d=mm&r=g","contentUrl":"https:\/\/secure.gravatar.com\/avatar\/b5a50ce5104811995c55568a5df56789f4f7c071d5ab9a4c8345d33225022e41?s=96&d=mm&r=g","caption":"saracena"},"url":"https:\/\/dev.explora.cl\/aricayparinacota\/author\/saracena\/"}]}},"_links":{"self":[{"href":"https:\/\/dev.explora.cl\/aricayparinacota\/wp-json\/wp\/v2\/posts\/34063","targetHints":{"allow":["GET"]}}],"collection":[{"href":"https:\/\/dev.explora.cl\/aricayparinacota\/wp-json\/wp\/v2\/posts"}],"about":[{"href":"https:\/\/dev.explora.cl\/aricayparinacota\/wp-json\/wp\/v2\/types\/post"}],"author":[{"embeddable":true,"href":"https:\/\/dev.explora.cl\/aricayparinacota\/wp-json\/wp\/v2\/users\/17"}],"replies":[{"embeddable":true,"href":"https:\/\/dev.explora.cl\/aricayparinacota\/wp-json\/wp\/v2\/comments?post=34063"}],"version-history":[{"count":1,"href":"https:\/\/dev.explora.cl\/aricayparinacota\/wp-json\/wp\/v2\/posts\/34063\/revisions"}],"predecessor-version":[{"id":34065,"href":"https:\/\/dev.explora.cl\/aricayparinacota\/wp-json\/wp\/v2\/posts\/34063\/revisions\/34065"}],"wp:featuredmedia":[{"embeddable":true,"href":"https:\/\/dev.explora.cl\/aricayparinacota\/wp-json\/wp\/v2\/media\/34066"}],"wp:attachment":[{"href":"https:\/\/dev.explora.cl\/aricayparinacota\/wp-json\/wp\/v2\/media?parent=34063"}],"wp:term":[{"taxonomy":"category","embeddable":true,"href":"https:\/\/dev.explora.cl\/aricayparinacota\/wp-json\/wp\/v2\/categories?post=34063"},{"taxonomy":"post_tag","embeddable":true,"href":"https:\/\/dev.explora.cl\/aricayparinacota\/wp-json\/wp\/v2\/tags?post=34063"}],"curies":[{"name":"wp","href":"https:\/\/api.w.org\/{rel}","templated":true}]}}