{"id":33984,"date":"2019-05-23T16:17:01","date_gmt":"2019-05-23T20:17:01","guid":{"rendered":"https:\/\/dev.explora.cl\/aricayparinacota\/?p=32859"},"modified":"2019-08-06T12:01:20","modified_gmt":"2019-08-06T16:01:20","slug":"compromiso-docente-con-la-ciencia-no-va-a-haber-divorcio-ni-separacion","status":"publish","type":"post","link":"https:\/\/dev.explora.cl\/aricayparinacota\/compromiso-docente-con-la-ciencia-no-va-a-haber-divorcio-ni-separacion\/","title":{"rendered":"Compromiso docente: \u201cCon la ciencia no va a haber divorcio ni separaci\u00f3n\u201d"},"content":{"rendered":"<div id=\"m_-4500690298391217837Signature\">\n<div id=\"m_-4500690298391217837divRplyFwdMsg\" dir=\"ltr\">\n<div>Humberto Aramayo, profesor Colegio Integrado Eduardo Frei Montalva<\/div>\n<\/div>\n<div>\n<p>&nbsp;<\/p>\n<p>Debi\u00f3 haber jubilado hace dos a\u00f1os, pero contin\u00faa con sus clases y el Taller de Rob\u00f3tica, que este a\u00f1o sobrepas\u00f3 las expectativas en inscripciones. A las 15 horas da inicio a estas actividades extracurriculares, y asegura que a las 17 horas cuando finaliza, tiene que sacarlos, porque no se quieren ir. Ese inter\u00e9s demostrado por los j\u00f3venes los hace feliz.<\/p>\n<p>El profesor Humberto Aramayo, en alguna oportunidad, al preguntarle por su estado civil dijo \u201cYo me cas\u00e9 con la ciencia\u201d, porque es su vida de ma\u00f1ana a tarde y de lunes a domingo. Hoy asegura que es un hombre fiel y es un amor eterno; que se siente realizado, vive tranquilo, se levanta pensando en lo que tiene que hacer y no tiene tiempo para detenerse en los problemas.<\/p>\n<p>Sin quejas de por medio, el profesor Aramayo, afirma que la vida lo ha tratado bien, con todos los inconvenientes que puede tener como profesor, dando m\u00e1s tiempo del que corresponde, pero est\u00e1 tranquilo y no puede pedir m\u00e1s.<\/p>\n<p>Durante su asistencia al inicio del a\u00f1o del PAR Explora, nos coment\u00f3 qu\u00e9 lo motiva a continuar haciendo clases y talleres, aun cuando ya podr\u00eda haber jubilado.<\/p>\n<p><b>\u00bfQu\u00e9 le pareci\u00f3 la oferta del PAR Explora y el recuento que se realiz\u00f3?<\/b><\/p>\n<p>-Encontr\u00e9 muy interesante la nueva modalidad presentada y, por supuesto, los cuatro a\u00f1os que como proyecto gan\u00f3 la Universidad de Tarapac\u00e1. Se ven buenas posibilidades para nuestros futuros cient\u00edficos y profesionales. Lo m\u00e1s importante es que va hacia motivar en ciencia a nuestros muchachos ahora que hay tanta problem\u00e1tica a nivel medioambiental, temas de agua y otros que afectan la calidad de vida de las personas. Es una realidad y tenemos a apoyar a nuestros j\u00f3venes para ello, pues son nuestros bastiones del futuro.<\/p>\n<p><b>\u00bfUsted, contin\u00faa casado con la ciencia?<\/b><\/p>\n<p>-Es un amor eterno hasta la muerte, no va a haber divorcio ni separaci\u00f3n. Como siempre en el \u00e1rea tecnol\u00f3gica, m\u00e1s dedicado a la parte de inform\u00e1tica, tengo mi \u201cTaller de Rob\u00f3tica\u201d, as\u00ed que siempre pendiente de todo el quehacer cient\u00edfico.<\/p>\n<p><b>\u00bfEn qu\u00e9 etapa se encuentra?<\/b><\/p>\n<p>-Ahora con m\u00e1s trabajo porque este a\u00f1o la convocatoria en nuestro establecimiento fue muy alta. Es tanta la cantidad de alumnos, especialmente a nivel de b\u00e1sica, que pr\u00e1cticamente tengo m\u00e1s de un curso interesado en el taller. Hay 28 ni\u00f1os inscritos y dos ni\u00f1as, el 95% de educaci\u00f3n b\u00e1sica.<\/p>\n<p><b>\u00bfTiene paciencia para atender a los m\u00e1s peque\u00f1os?<\/b><\/p>\n<p>-Como profesor de educaci\u00f3n media no se tiene experiencia para trabajar con ni\u00f1os menores. Desde que llegu\u00e9 al Colegio Integrado Eduardo Frei Montalva a trabajar en el Taller de Rob\u00f3tica, tuve que aprender y me di cuenta que me encanta trabajar con los m\u00e1s peque\u00f1os porque uno ve la esencia de la curiosidad y la motivaci\u00f3n. Lamentablemente, a medida que van creciendo se va perdiendo, y el asombro en nosotros mismos, los adultos, ya no est\u00e1. Estoy encantado con ellos, mi preocupaci\u00f3n es no dar abasto a tantos ni\u00f1os y eso es lo que me motiva.<\/p>\n<p>Tengo la suerte de contar con estudiantes en pr\u00e1ctica en inform\u00e1tica que me est\u00e1n ayudando, a veces me cooperan los alumnos de media que estuvieron el a\u00f1o pasado en el taller, van a visitarme y hacen el papel de tutores.<\/p>\n<p><b>\u00bfCu\u00e1l ha sido la m\u00e1xima gratificaci\u00f3n que ha tenido en sus a\u00f1os de docencia?<\/b><\/p>\n<p>-M\u00e1s de 40 a\u00f1os de docencia, yo deb\u00eda haber jubilado hace dos a\u00f1os. Para m\u00ed lo m\u00e1ximo es cuando en alg\u00fan lugar encuentro un cient\u00edfico, ingeniero o profesional del \u00e1rea de ciencias que fue parte de la Academia Cient\u00edfica, me siento reencantado porque se acuerdan y veo que hay astr\u00f3nomos, tecn\u00f3logos, m\u00e9dicos, entonces c\u00f3mo no voy a\u00a0\u00a0estar satisfecho. Eso me hace feliz, por supuesto.<\/p>\n<p><b>\u00bfLos estudiantes son un poco sus hijos?<\/b><\/p>\n<p>Creo que s\u00ed. Mi hijo ya se recibi\u00f3 y est\u00e1 trabajando lejos y entonces mi compa\u00f1\u00eda y mi tiempo est\u00e1 con los muchachos del taller, uno los siente m\u00e1s cercanos.<\/p>\n<p><img decoding=\"async\" class=\"alignnone wp-image-32861 size-full\" src=\"https:\/\/dev.explora.cl\/aricayparinacota\/wp-content\/uploads\/sites\/2\/2019\/05\/20-05-2019-Collage-Compromiso-Docente.jpg\" alt=\"\" width=\"100%\" \/><\/p>\n<\/div>\n<\/div>\n","protected":false},"excerpt":{"rendered":"<p>Humberto Aramayo, profesor Colegio Integrado Eduardo Frei Montalva &nbsp; Debi\u00f3 haber jubilado hace dos a\u00f1os, pero contin\u00faa con sus clases y el Taller de Rob\u00f3tica, que este a\u00f1o sobrepas\u00f3 las expectativas en inscripciones. A las 15 horas da inicio a estas actividades extracurriculares, y asegura que a las 17 horas cuando finaliza, tiene que sacarlos, [&hellip;]<\/p>\n","protected":false},"author":17,"featured_media":34058,"comment_status":"closed","ping_status":"open","sticky":false,"template":"","format":"standard","meta":{"_acf_changed":false,"_exactmetrics_skip_tracking":false,"_exactmetrics_sitenote_active":false,"_exactmetrics_sitenote_note":"","_exactmetrics_sitenote_category":0,"footnotes":"","_links_to":"","_links_to_target":""},"categories":[143,4],"tags":[],"class_list":["post-33984","post","type-post","status-publish","format-standard","has-post-thumbnail","hentry","category-lugar-8","category-noticias"],"acf":[],"yoast_head":"<!-- This site is optimized with the Yoast SEO plugin v26.7 - https:\/\/yoast.com\/wordpress\/plugins\/seo\/ -->\n<title>Compromiso docente: \u201cCon la ciencia no va a haber divorcio ni separaci\u00f3n\u201d - Arica y Parinacota<\/title>\n<meta name=\"robots\" content=\"index, follow, max-snippet:-1, max-image-preview:large, max-video-preview:-1\" \/>\n<link rel=\"canonical\" href=\"https:\/\/dev.explora.cl\/aricayparinacota\/compromiso-docente-con-la-ciencia-no-va-a-haber-divorcio-ni-separacion\/\" class=\"yoast-seo-meta-tag\" \/>\n<meta property=\"og:locale\" content=\"es_ES\" class=\"yoast-seo-meta-tag\" \/>\n<meta property=\"og:type\" content=\"article\" class=\"yoast-seo-meta-tag\" \/>\n<meta property=\"og:title\" content=\"Compromiso docente: \u201cCon la ciencia no va a haber divorcio ni separaci\u00f3n\u201d - Arica y Parinacota\" class=\"yoast-seo-meta-tag\" \/>\n<meta property=\"og:description\" content=\"Humberto Aramayo, profesor Colegio Integrado Eduardo Frei Montalva &nbsp; Debi\u00f3 haber jubilado hace dos a\u00f1os, pero contin\u00faa con sus clases y el Taller de Rob\u00f3tica, que este a\u00f1o sobrepas\u00f3 las expectativas en inscripciones. A las 15 horas da inicio a estas actividades extracurriculares, y asegura que a las 17 horas cuando finaliza, tiene que sacarlos, [&hellip;]\" class=\"yoast-seo-meta-tag\" \/>\n<meta property=\"og:url\" content=\"https:\/\/dev.explora.cl\/aricayparinacota\/compromiso-docente-con-la-ciencia-no-va-a-haber-divorcio-ni-separacion\/\" class=\"yoast-seo-meta-tag\" \/>\n<meta property=\"og:site_name\" content=\"Arica y Parinacota\" class=\"yoast-seo-meta-tag\" \/>\n<meta property=\"article:published_time\" content=\"2019-05-23T20:17:01+00:00\" class=\"yoast-seo-meta-tag\" \/>\n<meta property=\"article:modified_time\" content=\"2019-08-06T16:01:20+00:00\" class=\"yoast-seo-meta-tag\" \/>\n<meta property=\"og:image\" content=\"https:\/\/dev.explora.cl\/aricayparinacota\/wp-content\/uploads\/sites\/2\/2019\/05\/IMG_2272-1024x818.jpg\" class=\"yoast-seo-meta-tag\" \/>\n\t<meta property=\"og:image:width\" content=\"1024\" class=\"yoast-seo-meta-tag\" \/>\n\t<meta property=\"og:image:height\" content=\"818\" class=\"yoast-seo-meta-tag\" \/>\n\t<meta property=\"og:image:type\" content=\"image\/jpeg\" class=\"yoast-seo-meta-tag\" \/>\n<meta name=\"author\" content=\"saracena\" class=\"yoast-seo-meta-tag\" \/>\n<meta name=\"twitter:card\" content=\"summary_large_image\" class=\"yoast-seo-meta-tag\" \/>\n<meta name=\"twitter:label1\" content=\"Escrito por\" class=\"yoast-seo-meta-tag\" \/>\n\t<meta name=\"twitter:data1\" content=\"saracena\" class=\"yoast-seo-meta-tag\" \/>\n\t<meta name=\"twitter:label2\" content=\"Tiempo estimado de lectura\" class=\"yoast-seo-meta-tag\" \/>\n\t<meta name=\"twitter:data2\" content=\"4 minutos\" class=\"yoast-seo-meta-tag\" \/>\n<script type=\"application\/ld+json\" class=\"yoast-schema-graph\">{\"@context\":\"https:\/\/schema.org\",\"@graph\":[{\"@type\":\"Article\",\"@id\":\"https:\/\/dev.explora.cl\/aricayparinacota\/compromiso-docente-con-la-ciencia-no-va-a-haber-divorcio-ni-separacion\/#article\",\"isPartOf\":{\"@id\":\"https:\/\/dev.explora.cl\/aricayparinacota\/compromiso-docente-con-la-ciencia-no-va-a-haber-divorcio-ni-separacion\/\"},\"author\":{\"name\":\"saracena\",\"@id\":\"https:\/\/dev.explora.cl\/aricayparinacota\/#\/schema\/person\/0372c8c9d6b6d58d9dc5036ff9d41a7e\"},\"headline\":\"Compromiso docente: \u201cCon la ciencia no va a haber divorcio ni separaci\u00f3n\u201d\",\"datePublished\":\"2019-05-23T20:17:01+00:00\",\"dateModified\":\"2019-08-06T16:01:20+00:00\",\"mainEntityOfPage\":{\"@id\":\"https:\/\/dev.explora.cl\/aricayparinacota\/compromiso-docente-con-la-ciencia-no-va-a-haber-divorcio-ni-separacion\/\"},\"wordCount\":735,\"publisher\":{\"@id\":\"https:\/\/dev.explora.cl\/aricayparinacota\/#organization\"},\"image\":{\"@id\":\"https:\/\/dev.explora.cl\/aricayparinacota\/compromiso-docente-con-la-ciencia-no-va-a-haber-divorcio-ni-separacion\/#primaryimage\"},\"thumbnailUrl\":\"https:\/\/dev.explora.cl\/aricayparinacota\/wp-content\/uploads\/sites\/2\/2019\/05\/IMG_2272.jpg\",\"articleSection\":[\"Lugar 8\",\"Noticias\"],\"inLanguage\":\"es-CL\"},{\"@type\":\"WebPage\",\"@id\":\"https:\/\/dev.explora.cl\/aricayparinacota\/compromiso-docente-con-la-ciencia-no-va-a-haber-divorcio-ni-separacion\/\",\"url\":\"https:\/\/dev.explora.cl\/aricayparinacota\/compromiso-docente-con-la-ciencia-no-va-a-haber-divorcio-ni-separacion\/\",\"name\":\"Compromiso docente: \u201cCon la ciencia no va a haber divorcio ni separaci\u00f3n\u201d - Arica y Parinacota\",\"isPartOf\":{\"@id\":\"https:\/\/dev.explora.cl\/aricayparinacota\/#website\"},\"primaryImageOfPage\":{\"@id\":\"https:\/\/dev.explora.cl\/aricayparinacota\/compromiso-docente-con-la-ciencia-no-va-a-haber-divorcio-ni-separacion\/#primaryimage\"},\"image\":{\"@id\":\"https:\/\/dev.explora.cl\/aricayparinacota\/compromiso-docente-con-la-ciencia-no-va-a-haber-divorcio-ni-separacion\/#primaryimage\"},\"thumbnailUrl\":\"https:\/\/dev.explora.cl\/aricayparinacota\/wp-content\/uploads\/sites\/2\/2019\/05\/IMG_2272.jpg\",\"datePublished\":\"2019-05-23T20:17:01+00:00\",\"dateModified\":\"2019-08-06T16:01:20+00:00\",\"breadcrumb\":{\"@id\":\"https:\/\/dev.explora.cl\/aricayparinacota\/compromiso-docente-con-la-ciencia-no-va-a-haber-divorcio-ni-separacion\/#breadcrumb\"},\"inLanguage\":\"es-CL\",\"potentialAction\":[{\"@type\":\"ReadAction\",\"target\":[\"https:\/\/dev.explora.cl\/aricayparinacota\/compromiso-docente-con-la-ciencia-no-va-a-haber-divorcio-ni-separacion\/\"]}]},{\"@type\":\"ImageObject\",\"inLanguage\":\"es-CL\",\"@id\":\"https:\/\/dev.explora.cl\/aricayparinacota\/compromiso-docente-con-la-ciencia-no-va-a-haber-divorcio-ni-separacion\/#primaryimage\",\"url\":\"https:\/\/dev.explora.cl\/aricayparinacota\/wp-content\/uploads\/sites\/2\/2019\/05\/IMG_2272.jpg\",\"contentUrl\":\"https:\/\/dev.explora.cl\/aricayparinacota\/wp-content\/uploads\/sites\/2\/2019\/05\/IMG_2272.jpg\",\"width\":4466,\"height\":3568},{\"@type\":\"BreadcrumbList\",\"@id\":\"https:\/\/dev.explora.cl\/aricayparinacota\/compromiso-docente-con-la-ciencia-no-va-a-haber-divorcio-ni-separacion\/#breadcrumb\",\"itemListElement\":[{\"@type\":\"ListItem\",\"position\":1,\"name\":\"Portada\",\"item\":\"https:\/\/dev.explora.cl\/aricayparinacota\/\"},{\"@type\":\"ListItem\",\"position\":2,\"name\":\"Compromiso docente: \u201cCon la ciencia no va a haber divorcio ni separaci\u00f3n\u201d\"}]},{\"@type\":\"WebSite\",\"@id\":\"https:\/\/dev.explora.cl\/aricayparinacota\/#website\",\"url\":\"https:\/\/dev.explora.cl\/aricayparinacota\/\",\"name\":\"Arica y Parinacota\",\"description\":\"Otro sitio m\u00e1s de dev.explora.cl\",\"publisher\":{\"@id\":\"https:\/\/dev.explora.cl\/aricayparinacota\/#organization\"},\"potentialAction\":[{\"@type\":\"SearchAction\",\"target\":{\"@type\":\"EntryPoint\",\"urlTemplate\":\"https:\/\/dev.explora.cl\/aricayparinacota\/?s={search_term_string}\"},\"query-input\":{\"@type\":\"PropertyValueSpecification\",\"valueRequired\":true,\"valueName\":\"search_term_string\"}}],\"inLanguage\":\"es-CL\"},{\"@type\":\"Organization\",\"@id\":\"https:\/\/dev.explora.cl\/aricayparinacota\/#organization\",\"name\":\"Arica y Parinacota\",\"url\":\"https:\/\/dev.explora.cl\/aricayparinacota\/\",\"logo\":{\"@type\":\"ImageObject\",\"inLanguage\":\"es-CL\",\"@id\":\"https:\/\/dev.explora.cl\/aricayparinacota\/#\/schema\/logo\/image\/\",\"url\":\"https:\/\/dev.explora.cl\/aricayparinacota\/wp-content\/uploads\/sites\/2\/2020\/08\/cropped-nuevosa-logos-11.png\",\"contentUrl\":\"https:\/\/dev.explora.cl\/aricayparinacota\/wp-content\/uploads\/sites\/2\/2020\/08\/cropped-nuevosa-logos-11.png\",\"width\":812,\"height\":937,\"caption\":\"Arica y Parinacota\"},\"image\":{\"@id\":\"https:\/\/dev.explora.cl\/aricayparinacota\/#\/schema\/logo\/image\/\"}},{\"@type\":\"Person\",\"@id\":\"https:\/\/dev.explora.cl\/aricayparinacota\/#\/schema\/person\/0372c8c9d6b6d58d9dc5036ff9d41a7e\",\"name\":\"saracena\",\"image\":{\"@type\":\"ImageObject\",\"inLanguage\":\"es-CL\",\"@id\":\"https:\/\/dev.explora.cl\/aricayparinacota\/#\/schema\/person\/image\/\",\"url\":\"https:\/\/secure.gravatar.com\/avatar\/b5a50ce5104811995c55568a5df56789f4f7c071d5ab9a4c8345d33225022e41?s=96&d=mm&r=g\",\"contentUrl\":\"https:\/\/secure.gravatar.com\/avatar\/b5a50ce5104811995c55568a5df56789f4f7c071d5ab9a4c8345d33225022e41?s=96&d=mm&r=g\",\"caption\":\"saracena\"},\"url\":\"https:\/\/dev.explora.cl\/aricayparinacota\/author\/saracena\/\"}]}<\/script>\n<!-- \/ Yoast SEO plugin. -->","yoast_head_json":{"title":"Compromiso docente: \u201cCon la ciencia no va a haber divorcio ni separaci\u00f3n\u201d - Arica y Parinacota","robots":{"index":"index","follow":"follow","max-snippet":"max-snippet:-1","max-image-preview":"max-image-preview:large","max-video-preview":"max-video-preview:-1"},"canonical":"https:\/\/dev.explora.cl\/aricayparinacota\/compromiso-docente-con-la-ciencia-no-va-a-haber-divorcio-ni-separacion\/","og_locale":"es_ES","og_type":"article","og_title":"Compromiso docente: \u201cCon la ciencia no va a haber divorcio ni separaci\u00f3n\u201d - Arica y Parinacota","og_description":"Humberto Aramayo, profesor Colegio Integrado Eduardo Frei Montalva &nbsp; Debi\u00f3 haber jubilado hace dos a\u00f1os, pero contin\u00faa con sus clases y el Taller de Rob\u00f3tica, que este a\u00f1o sobrepas\u00f3 las expectativas en inscripciones. A las 15 horas da inicio a estas actividades extracurriculares, y asegura que a las 17 horas cuando finaliza, tiene que sacarlos, [&hellip;]","og_url":"https:\/\/dev.explora.cl\/aricayparinacota\/compromiso-docente-con-la-ciencia-no-va-a-haber-divorcio-ni-separacion\/","og_site_name":"Arica y Parinacota","article_published_time":"2019-05-23T20:17:01+00:00","article_modified_time":"2019-08-06T16:01:20+00:00","og_image":[{"width":1024,"height":818,"url":"https:\/\/dev.explora.cl\/aricayparinacota\/wp-content\/uploads\/sites\/2\/2019\/05\/IMG_2272-1024x818.jpg","type":"image\/jpeg"}],"author":"saracena","twitter_card":"summary_large_image","twitter_misc":{"Escrito por":"saracena","Tiempo estimado de lectura":"4 minutos"},"schema":{"@context":"https:\/\/schema.org","@graph":[{"@type":"Article","@id":"https:\/\/dev.explora.cl\/aricayparinacota\/compromiso-docente-con-la-ciencia-no-va-a-haber-divorcio-ni-separacion\/#article","isPartOf":{"@id":"https:\/\/dev.explora.cl\/aricayparinacota\/compromiso-docente-con-la-ciencia-no-va-a-haber-divorcio-ni-separacion\/"},"author":{"name":"saracena","@id":"https:\/\/dev.explora.cl\/aricayparinacota\/#\/schema\/person\/0372c8c9d6b6d58d9dc5036ff9d41a7e"},"headline":"Compromiso docente: \u201cCon la ciencia no va a haber divorcio ni separaci\u00f3n\u201d","datePublished":"2019-05-23T20:17:01+00:00","dateModified":"2019-08-06T16:01:20+00:00","mainEntityOfPage":{"@id":"https:\/\/dev.explora.cl\/aricayparinacota\/compromiso-docente-con-la-ciencia-no-va-a-haber-divorcio-ni-separacion\/"},"wordCount":735,"publisher":{"@id":"https:\/\/dev.explora.cl\/aricayparinacota\/#organization"},"image":{"@id":"https:\/\/dev.explora.cl\/aricayparinacota\/compromiso-docente-con-la-ciencia-no-va-a-haber-divorcio-ni-separacion\/#primaryimage"},"thumbnailUrl":"https:\/\/dev.explora.cl\/aricayparinacota\/wp-content\/uploads\/sites\/2\/2019\/05\/IMG_2272.jpg","articleSection":["Lugar 8","Noticias"],"inLanguage":"es-CL"},{"@type":"WebPage","@id":"https:\/\/dev.explora.cl\/aricayparinacota\/compromiso-docente-con-la-ciencia-no-va-a-haber-divorcio-ni-separacion\/","url":"https:\/\/dev.explora.cl\/aricayparinacota\/compromiso-docente-con-la-ciencia-no-va-a-haber-divorcio-ni-separacion\/","name":"Compromiso docente: \u201cCon la ciencia no va a haber divorcio ni separaci\u00f3n\u201d - Arica y Parinacota","isPartOf":{"@id":"https:\/\/dev.explora.cl\/aricayparinacota\/#website"},"primaryImageOfPage":{"@id":"https:\/\/dev.explora.cl\/aricayparinacota\/compromiso-docente-con-la-ciencia-no-va-a-haber-divorcio-ni-separacion\/#primaryimage"},"image":{"@id":"https:\/\/dev.explora.cl\/aricayparinacota\/compromiso-docente-con-la-ciencia-no-va-a-haber-divorcio-ni-separacion\/#primaryimage"},"thumbnailUrl":"https:\/\/dev.explora.cl\/aricayparinacota\/wp-content\/uploads\/sites\/2\/2019\/05\/IMG_2272.jpg","datePublished":"2019-05-23T20:17:01+00:00","dateModified":"2019-08-06T16:01:20+00:00","breadcrumb":{"@id":"https:\/\/dev.explora.cl\/aricayparinacota\/compromiso-docente-con-la-ciencia-no-va-a-haber-divorcio-ni-separacion\/#breadcrumb"},"inLanguage":"es-CL","potentialAction":[{"@type":"ReadAction","target":["https:\/\/dev.explora.cl\/aricayparinacota\/compromiso-docente-con-la-ciencia-no-va-a-haber-divorcio-ni-separacion\/"]}]},{"@type":"ImageObject","inLanguage":"es-CL","@id":"https:\/\/dev.explora.cl\/aricayparinacota\/compromiso-docente-con-la-ciencia-no-va-a-haber-divorcio-ni-separacion\/#primaryimage","url":"https:\/\/dev.explora.cl\/aricayparinacota\/wp-content\/uploads\/sites\/2\/2019\/05\/IMG_2272.jpg","contentUrl":"https:\/\/dev.explora.cl\/aricayparinacota\/wp-content\/uploads\/sites\/2\/2019\/05\/IMG_2272.jpg","width":4466,"height":3568},{"@type":"BreadcrumbList","@id":"https:\/\/dev.explora.cl\/aricayparinacota\/compromiso-docente-con-la-ciencia-no-va-a-haber-divorcio-ni-separacion\/#breadcrumb","itemListElement":[{"@type":"ListItem","position":1,"name":"Portada","item":"https:\/\/dev.explora.cl\/aricayparinacota\/"},{"@type":"ListItem","position":2,"name":"Compromiso docente: \u201cCon la ciencia no va a haber divorcio ni separaci\u00f3n\u201d"}]},{"@type":"WebSite","@id":"https:\/\/dev.explora.cl\/aricayparinacota\/#website","url":"https:\/\/dev.explora.cl\/aricayparinacota\/","name":"Arica y Parinacota","description":"Otro sitio m\u00e1s de dev.explora.cl","publisher":{"@id":"https:\/\/dev.explora.cl\/aricayparinacota\/#organization"},"potentialAction":[{"@type":"SearchAction","target":{"@type":"EntryPoint","urlTemplate":"https:\/\/dev.explora.cl\/aricayparinacota\/?s={search_term_string}"},"query-input":{"@type":"PropertyValueSpecification","valueRequired":true,"valueName":"search_term_string"}}],"inLanguage":"es-CL"},{"@type":"Organization","@id":"https:\/\/dev.explora.cl\/aricayparinacota\/#organization","name":"Arica y Parinacota","url":"https:\/\/dev.explora.cl\/aricayparinacota\/","logo":{"@type":"ImageObject","inLanguage":"es-CL","@id":"https:\/\/dev.explora.cl\/aricayparinacota\/#\/schema\/logo\/image\/","url":"https:\/\/dev.explora.cl\/aricayparinacota\/wp-content\/uploads\/sites\/2\/2020\/08\/cropped-nuevosa-logos-11.png","contentUrl":"https:\/\/dev.explora.cl\/aricayparinacota\/wp-content\/uploads\/sites\/2\/2020\/08\/cropped-nuevosa-logos-11.png","width":812,"height":937,"caption":"Arica y Parinacota"},"image":{"@id":"https:\/\/dev.explora.cl\/aricayparinacota\/#\/schema\/logo\/image\/"}},{"@type":"Person","@id":"https:\/\/dev.explora.cl\/aricayparinacota\/#\/schema\/person\/0372c8c9d6b6d58d9dc5036ff9d41a7e","name":"saracena","image":{"@type":"ImageObject","inLanguage":"es-CL","@id":"https:\/\/dev.explora.cl\/aricayparinacota\/#\/schema\/person\/image\/","url":"https:\/\/secure.gravatar.com\/avatar\/b5a50ce5104811995c55568a5df56789f4f7c071d5ab9a4c8345d33225022e41?s=96&d=mm&r=g","contentUrl":"https:\/\/secure.gravatar.com\/avatar\/b5a50ce5104811995c55568a5df56789f4f7c071d5ab9a4c8345d33225022e41?s=96&d=mm&r=g","caption":"saracena"},"url":"https:\/\/dev.explora.cl\/aricayparinacota\/author\/saracena\/"}]}},"_links":{"self":[{"href":"https:\/\/dev.explora.cl\/aricayparinacota\/wp-json\/wp\/v2\/posts\/33984","targetHints":{"allow":["GET"]}}],"collection":[{"href":"https:\/\/dev.explora.cl\/aricayparinacota\/wp-json\/wp\/v2\/posts"}],"about":[{"href":"https:\/\/dev.explora.cl\/aricayparinacota\/wp-json\/wp\/v2\/types\/post"}],"author":[{"embeddable":true,"href":"https:\/\/dev.explora.cl\/aricayparinacota\/wp-json\/wp\/v2\/users\/17"}],"replies":[{"embeddable":true,"href":"https:\/\/dev.explora.cl\/aricayparinacota\/wp-json\/wp\/v2\/comments?post=33984"}],"version-history":[{"count":2,"href":"https:\/\/dev.explora.cl\/aricayparinacota\/wp-json\/wp\/v2\/posts\/33984\/revisions"}],"predecessor-version":[{"id":34015,"href":"https:\/\/dev.explora.cl\/aricayparinacota\/wp-json\/wp\/v2\/posts\/33984\/revisions\/34015"}],"wp:featuredmedia":[{"embeddable":true,"href":"https:\/\/dev.explora.cl\/aricayparinacota\/wp-json\/wp\/v2\/media\/34058"}],"wp:attachment":[{"href":"https:\/\/dev.explora.cl\/aricayparinacota\/wp-json\/wp\/v2\/media?parent=33984"}],"wp:term":[{"taxonomy":"category","embeddable":true,"href":"https:\/\/dev.explora.cl\/aricayparinacota\/wp-json\/wp\/v2\/categories?post=33984"},{"taxonomy":"post_tag","embeddable":true,"href":"https:\/\/dev.explora.cl\/aricayparinacota\/wp-json\/wp\/v2\/tags?post=33984"}],"curies":[{"name":"wp","href":"https:\/\/api.w.org\/{rel}","templated":true}]}}