{"id":32681,"date":"2019-01-25T15:18:07","date_gmt":"2019-01-25T15:18:07","guid":{"rendered":"https:\/\/dev.explora.cl\/aricayparinacota\/?p=32681"},"modified":"2019-05-09T20:50:39","modified_gmt":"2019-05-09T20:50:39","slug":"ninos-se-comprometieron-a-cuidar-el-agua-en-taller-de-explora","status":"publish","type":"post","link":"https:\/\/dev.explora.cl\/aricayparinacota\/ninos-se-comprometieron-a-cuidar-el-agua-en-taller-de-explora\/","title":{"rendered":"Ni\u00f1os se comprometieron a cuidar el agua en taller de Explora"},"content":{"rendered":"\n<p>\u201cLo que m\u00e1s me gust\u00f3 del taller fue el compromiso que hicimos sobre cuidar el agua, porque cada vez hay menos en el planeta y yo no quiero que en los pr\u00f3ximos 10 a\u00f1os se acabe como ha ocurrido en Sud\u00e1frica\u201d, opina Daniel Brignardello, participante del Taller \u201cGuardianes y Guardianas del Agua\u201d del Proyecto Explora que ejecuta la Universidad de Tarapac\u00e1.<\/p>\n<p>Esta actividad fue realizada por Farah L\u00f3pez en dos sesiones, una en el campus Saucache de la Universidad de Tarapac\u00e1 y la otra en el Humedal de la Desembocadura del r\u00edo Lluta. En ambas actividades los ni\u00f1os participantes fueron acompa\u00f1ados por familiares, especialmente por sus abuelas, quienes se mostraron felices de integrarse a este grupo.<\/p>\n<p>Los contenidos te\u00f3ricos fueron realizados en forma entretenida, con actividades din\u00e1micas y experiencias dirigidas a tener un aprendizaje significativo respecto a la importancia y cuidado del agua como un elemento de vida. Conocieron las caracter\u00edsticas y las propiedades f\u00edsicas y qu\u00edmicas del agua.<\/p>\n<p>Una fase que todos destacaron fue el dibujo de unas gotitas de agua donde escribieron su compromiso firmado con su nombre, el cual tendr\u00e1 un seguimiento para ver el avance de sus propuestas, entre las cuales destacan: cuidar el agua, cerrar todas las llaves de los artefactos de la casa, no dejar que corra, cerrar las llaves cuando se lavan los dientes y tomar duchas cortas, etc.<\/p>\n<p>Otra etapa en la que trabajaron fue a sostener una relaci\u00f3n profunda con el agua, aprendieron a hablarle y darle las gracias por ser parte de la vida. En este contexto, Catalina Jim\u00e9nez, participante del taller dijo: \u201cEste taller era perfecto para m\u00ed, me gust\u00f3, porque a m\u00ed lo que m\u00e1s me gusta de la naturaleza es el agua\u201d.<\/p>\n<p>EN TERRENO<\/p>\n<p>En la segunda sesi\u00f3n del taller, los ni\u00f1os asistieron junto a sus padres y abuelas al humedal del r\u00edo Lluta, donde observaron la conjunci\u00f3n del agua dulce y salada, lo que crea un ambiente con caracter\u00edsticas especiales y que permite albergar una biodiversidad \u00fanica en la regi\u00f3n. En el lugar fueron recibidos por funcionarios de la Municipalidad de Arica, quienes les entregaron indicaciones de los senderos y material did\u00e1ctico.<\/p>\n<p>El grupo visit\u00f3 la laguna del sector sur donde pudieron experimentar lo aprendido a trav\u00e9s de la observaci\u00f3n del agua y las aves existentes. Luego recorrieron la desembocadura donde se reiter\u00f3 la importancia del agua y la vida de distintos seres.<\/p>\n<p>En esta salida conocieron al bi\u00f3logo marino, Rony Peredo, quien realiz\u00f3 una charla in situ sobre la biodiversidad en esta \u00e1rea donde la mayor\u00eda de las aves lo usan como sitio de paso del hemisferio norte al hemisferio sur.<\/p>\n<p>OPINIONES<\/p>\n<p><b>Antonella Gonz\u00e1lez<\/b>: \u201cPrimera vez que voy a un humedal, la pas\u00e9 bien, fue divertido como algo que no pens\u00e9 ver, y lo que m\u00e1s me gust\u00f3 fue una gaviota rosada\u201d.\u00a0<b>\u00c1ngela Leiva<\/b>, abuela de Antonella: \u201cMuy bonita la actividad, mucha creatividad, estoy muy agradecida con este grupo Explora porque han participado los ni\u00f1os y salen de jugar con el celular e internet y yo tambi\u00e9n me entretuve bastante, nunca hab\u00eda ido al humedal y eso que nac\u00ed en Arica, por eso fue una experiencia \u00fanica\u201d.<\/p>\n<p><b>Amaya Alvarado<\/b>: \u201cMe gust\u00f3 ver las aves, la pas\u00e9 bien\u201d.\u00a0<b>D\u00e1nica Mera<\/b>, mam\u00e1 de Amaya: \u201cMe parece excelente que la Universidad est\u00e9 generando estas instancias para que los ni\u00f1os puedan realizar actividades en el verano, porque para los que nos quedamos en la ciudad es dif\u00edcil encontrar actividades interesantes, es bien limitado, y este tipo de temas que no tienen que ver con una entretenci\u00f3n vac\u00eda sino con un conocimiento detr\u00e1s, me parece muy bueno\u201d.<\/p>\n<p><b>Vicente Neira<\/b>: \u201cMe gust\u00f3 ver las gaviotas rosadas que estaba volando y la pas\u00e9 bien. Me gustar\u00eda seguir participando en los talleres\u201d.<b>Pedro Neira<\/b>, padre de Vicente: \u201cBastante bueno, los ni\u00f1os aprenden de la zona en que estamos viviendo, nosotros somos de ac\u00e1 pero desconoc\u00edamos varias de las especies, es bueno que los ni\u00f1os conozcan su ecosistema\u201d.<\/p>\n<p><b>Gabriel corrales<\/b>: \u201cMe gust\u00f3 conocer el Huairavo\u201d.\u00a0<b>Rosa Vilca<\/b>, abuela de Gabriel: \u201cMe encant\u00f3, porque yo no conoc\u00eda ac\u00e1, el bi\u00f3logo dio una explicaci\u00f3n excelente, yo como abuela que no tengo tanto roce con esto, me enter\u00e9 de muchas cosas y para todas las personas que vivimos ac\u00e1 es importante\u201d.<\/p>\n\n\n<figure class=\"wp-block-image\"><img loading=\"lazy\" decoding=\"async\" width=\"900\" height=\"300\" class=\"wp-image-32683\" src=\"https:\/\/dev.explora.cl\/aricayparinacota\/wp-content\/uploads\/sites\/2\/2019\/01\/24-01-2019-Collage-Taller-Agua.jpg\" alt=\"\" srcset=\"https:\/\/dev.explora.cl\/aricayparinacota\/wp-content\/uploads\/sites\/2\/2019\/01\/24-01-2019-Collage-Taller-Agua.jpg 900w, https:\/\/dev.explora.cl\/aricayparinacota\/wp-content\/uploads\/sites\/2\/2019\/01\/24-01-2019-Collage-Taller-Agua-300x100.jpg 300w, https:\/\/dev.explora.cl\/aricayparinacota\/wp-content\/uploads\/sites\/2\/2019\/01\/24-01-2019-Collage-Taller-Agua-768x256.jpg 768w\" sizes=\"auto, (max-width: 900px) 100vw, 900px\" \/><\/figure>\n","protected":false},"excerpt":{"rendered":"","protected":false},"author":2,"featured_media":32682,"comment_status":"closed","ping_status":"open","sticky":false,"template":"","format":"standard","meta":{"_acf_changed":false,"_exactmetrics_skip_tracking":false,"_exactmetrics_sitenote_active":false,"_exactmetrics_sitenote_note":"","_exactmetrics_sitenote_category":0,"footnotes":"","_links_to":"","_links_to_target":""},"categories":[4],"tags":[],"class_list":["post-32681","post","type-post","status-publish","format-standard","has-post-thumbnail","hentry","category-noticias"],"acf":[],"yoast_head":"<!-- This site is optimized with the Yoast SEO plugin v26.7 - https:\/\/yoast.com\/wordpress\/plugins\/seo\/ -->\n<title>Ni\u00f1os se comprometieron a cuidar el agua en taller de Explora - Arica y Parinacota<\/title>\n<meta name=\"robots\" content=\"index, follow, max-snippet:-1, max-image-preview:large, max-video-preview:-1\" \/>\n<link rel=\"canonical\" href=\"https:\/\/dev.explora.cl\/aricayparinacota\/ninos-se-comprometieron-a-cuidar-el-agua-en-taller-de-explora\/\" class=\"yoast-seo-meta-tag\" \/>\n<meta property=\"og:locale\" content=\"es_ES\" class=\"yoast-seo-meta-tag\" \/>\n<meta property=\"og:type\" content=\"article\" class=\"yoast-seo-meta-tag\" \/>\n<meta property=\"og:title\" content=\"Ni\u00f1os se comprometieron a cuidar el agua en taller de Explora - Arica y Parinacota\" class=\"yoast-seo-meta-tag\" \/>\n<meta property=\"og:url\" content=\"https:\/\/dev.explora.cl\/aricayparinacota\/ninos-se-comprometieron-a-cuidar-el-agua-en-taller-de-explora\/\" class=\"yoast-seo-meta-tag\" \/>\n<meta property=\"og:site_name\" content=\"Arica y Parinacota\" class=\"yoast-seo-meta-tag\" \/>\n<meta property=\"article:published_time\" content=\"2019-01-25T15:18:07+00:00\" class=\"yoast-seo-meta-tag\" \/>\n<meta property=\"article:modified_time\" content=\"2019-05-09T20:50:39+00:00\" class=\"yoast-seo-meta-tag\" \/>\n<meta property=\"og:image\" content=\"https:\/\/dev.explora.cl\/aricayparinacota\/wp-content\/uploads\/sites\/2\/2019\/01\/24-01-2019-Miniatura-Taller-Agua.jpg\" class=\"yoast-seo-meta-tag\" \/>\n\t<meta property=\"og:image:width\" content=\"223\" class=\"yoast-seo-meta-tag\" \/>\n\t<meta property=\"og:image:height\" content=\"147\" class=\"yoast-seo-meta-tag\" \/>\n\t<meta property=\"og:image:type\" content=\"image\/jpeg\" class=\"yoast-seo-meta-tag\" \/>\n<meta name=\"author\" content=\"webman\" class=\"yoast-seo-meta-tag\" \/>\n<meta name=\"twitter:card\" content=\"summary_large_image\" class=\"yoast-seo-meta-tag\" \/>\n<meta name=\"twitter:label1\" content=\"Escrito por\" class=\"yoast-seo-meta-tag\" \/>\n\t<meta name=\"twitter:data1\" content=\"webman\" class=\"yoast-seo-meta-tag\" \/>\n\t<meta name=\"twitter:label2\" content=\"Tiempo estimado de lectura\" class=\"yoast-seo-meta-tag\" \/>\n\t<meta name=\"twitter:data2\" content=\"4 minutos\" class=\"yoast-seo-meta-tag\" \/>\n<script type=\"application\/ld+json\" class=\"yoast-schema-graph\">{\"@context\":\"https:\/\/schema.org\",\"@graph\":[{\"@type\":\"Article\",\"@id\":\"https:\/\/dev.explora.cl\/aricayparinacota\/ninos-se-comprometieron-a-cuidar-el-agua-en-taller-de-explora\/#article\",\"isPartOf\":{\"@id\":\"https:\/\/dev.explora.cl\/aricayparinacota\/ninos-se-comprometieron-a-cuidar-el-agua-en-taller-de-explora\/\"},\"author\":{\"name\":\"webman\",\"@id\":\"https:\/\/dev.explora.cl\/aricayparinacota\/#\/schema\/person\/cb8349c13ea2d324080adf8480d7ba5d\"},\"headline\":\"Ni\u00f1os se comprometieron a cuidar el agua en taller de Explora\",\"datePublished\":\"2019-01-25T15:18:07+00:00\",\"dateModified\":\"2019-05-09T20:50:39+00:00\",\"mainEntityOfPage\":{\"@id\":\"https:\/\/dev.explora.cl\/aricayparinacota\/ninos-se-comprometieron-a-cuidar-el-agua-en-taller-de-explora\/\"},\"wordCount\":760,\"publisher\":{\"@id\":\"https:\/\/dev.explora.cl\/aricayparinacota\/#organization\"},\"image\":{\"@id\":\"https:\/\/dev.explora.cl\/aricayparinacota\/ninos-se-comprometieron-a-cuidar-el-agua-en-taller-de-explora\/#primaryimage\"},\"thumbnailUrl\":\"https:\/\/dev.explora.cl\/aricayparinacota\/wp-content\/uploads\/sites\/2\/2019\/01\/24-01-2019-Miniatura-Taller-Agua.jpg\",\"articleSection\":[\"Noticias\"],\"inLanguage\":\"es-CL\"},{\"@type\":\"WebPage\",\"@id\":\"https:\/\/dev.explora.cl\/aricayparinacota\/ninos-se-comprometieron-a-cuidar-el-agua-en-taller-de-explora\/\",\"url\":\"https:\/\/dev.explora.cl\/aricayparinacota\/ninos-se-comprometieron-a-cuidar-el-agua-en-taller-de-explora\/\",\"name\":\"Ni\u00f1os se comprometieron a cuidar el agua en taller de Explora - Arica y Parinacota\",\"isPartOf\":{\"@id\":\"https:\/\/dev.explora.cl\/aricayparinacota\/#website\"},\"primaryImageOfPage\":{\"@id\":\"https:\/\/dev.explora.cl\/aricayparinacota\/ninos-se-comprometieron-a-cuidar-el-agua-en-taller-de-explora\/#primaryimage\"},\"image\":{\"@id\":\"https:\/\/dev.explora.cl\/aricayparinacota\/ninos-se-comprometieron-a-cuidar-el-agua-en-taller-de-explora\/#primaryimage\"},\"thumbnailUrl\":\"https:\/\/dev.explora.cl\/aricayparinacota\/wp-content\/uploads\/sites\/2\/2019\/01\/24-01-2019-Miniatura-Taller-Agua.jpg\",\"datePublished\":\"2019-01-25T15:18:07+00:00\",\"dateModified\":\"2019-05-09T20:50:39+00:00\",\"breadcrumb\":{\"@id\":\"https:\/\/dev.explora.cl\/aricayparinacota\/ninos-se-comprometieron-a-cuidar-el-agua-en-taller-de-explora\/#breadcrumb\"},\"inLanguage\":\"es-CL\",\"potentialAction\":[{\"@type\":\"ReadAction\",\"target\":[\"https:\/\/dev.explora.cl\/aricayparinacota\/ninos-se-comprometieron-a-cuidar-el-agua-en-taller-de-explora\/\"]}]},{\"@type\":\"ImageObject\",\"inLanguage\":\"es-CL\",\"@id\":\"https:\/\/dev.explora.cl\/aricayparinacota\/ninos-se-comprometieron-a-cuidar-el-agua-en-taller-de-explora\/#primaryimage\",\"url\":\"https:\/\/dev.explora.cl\/aricayparinacota\/wp-content\/uploads\/sites\/2\/2019\/01\/24-01-2019-Miniatura-Taller-Agua.jpg\",\"contentUrl\":\"https:\/\/dev.explora.cl\/aricayparinacota\/wp-content\/uploads\/sites\/2\/2019\/01\/24-01-2019-Miniatura-Taller-Agua.jpg\",\"width\":223,\"height\":147},{\"@type\":\"BreadcrumbList\",\"@id\":\"https:\/\/dev.explora.cl\/aricayparinacota\/ninos-se-comprometieron-a-cuidar-el-agua-en-taller-de-explora\/#breadcrumb\",\"itemListElement\":[{\"@type\":\"ListItem\",\"position\":1,\"name\":\"Portada\",\"item\":\"https:\/\/dev.explora.cl\/aricayparinacota\/\"},{\"@type\":\"ListItem\",\"position\":2,\"name\":\"Ni\u00f1os se comprometieron a cuidar el agua en taller de Explora\"}]},{\"@type\":\"WebSite\",\"@id\":\"https:\/\/dev.explora.cl\/aricayparinacota\/#website\",\"url\":\"https:\/\/dev.explora.cl\/aricayparinacota\/\",\"name\":\"Arica y Parinacota\",\"description\":\"Otro sitio m\u00e1s de dev.explora.cl\",\"publisher\":{\"@id\":\"https:\/\/dev.explora.cl\/aricayparinacota\/#organization\"},\"potentialAction\":[{\"@type\":\"SearchAction\",\"target\":{\"@type\":\"EntryPoint\",\"urlTemplate\":\"https:\/\/dev.explora.cl\/aricayparinacota\/?s={search_term_string}\"},\"query-input\":{\"@type\":\"PropertyValueSpecification\",\"valueRequired\":true,\"valueName\":\"search_term_string\"}}],\"inLanguage\":\"es-CL\"},{\"@type\":\"Organization\",\"@id\":\"https:\/\/dev.explora.cl\/aricayparinacota\/#organization\",\"name\":\"Arica y Parinacota\",\"url\":\"https:\/\/dev.explora.cl\/aricayparinacota\/\",\"logo\":{\"@type\":\"ImageObject\",\"inLanguage\":\"es-CL\",\"@id\":\"https:\/\/dev.explora.cl\/aricayparinacota\/#\/schema\/logo\/image\/\",\"url\":\"https:\/\/dev.explora.cl\/aricayparinacota\/wp-content\/uploads\/sites\/2\/2020\/08\/cropped-nuevosa-logos-11.png\",\"contentUrl\":\"https:\/\/dev.explora.cl\/aricayparinacota\/wp-content\/uploads\/sites\/2\/2020\/08\/cropped-nuevosa-logos-11.png\",\"width\":812,\"height\":937,\"caption\":\"Arica y Parinacota\"},\"image\":{\"@id\":\"https:\/\/dev.explora.cl\/aricayparinacota\/#\/schema\/logo\/image\/\"}},{\"@type\":\"Person\",\"@id\":\"https:\/\/dev.explora.cl\/aricayparinacota\/#\/schema\/person\/cb8349c13ea2d324080adf8480d7ba5d\",\"name\":\"webman\",\"image\":{\"@type\":\"ImageObject\",\"inLanguage\":\"es-CL\",\"@id\":\"https:\/\/dev.explora.cl\/aricayparinacota\/#\/schema\/person\/image\/\",\"url\":\"https:\/\/secure.gravatar.com\/avatar\/eeff3c82f2c02f7177d13663b7e6f890e9a6a0647ce9bb29cae02dcb094c7312?s=96&d=mm&r=g\",\"contentUrl\":\"https:\/\/secure.gravatar.com\/avatar\/eeff3c82f2c02f7177d13663b7e6f890e9a6a0647ce9bb29cae02dcb094c7312?s=96&d=mm&r=g\",\"caption\":\"webman\"},\"url\":\"https:\/\/dev.explora.cl\/aricayparinacota\/author\/webman\/\"}]}<\/script>\n<!-- \/ Yoast SEO plugin. -->","yoast_head_json":{"title":"Ni\u00f1os se comprometieron a cuidar el agua en taller de Explora - Arica y Parinacota","robots":{"index":"index","follow":"follow","max-snippet":"max-snippet:-1","max-image-preview":"max-image-preview:large","max-video-preview":"max-video-preview:-1"},"canonical":"https:\/\/dev.explora.cl\/aricayparinacota\/ninos-se-comprometieron-a-cuidar-el-agua-en-taller-de-explora\/","og_locale":"es_ES","og_type":"article","og_title":"Ni\u00f1os se comprometieron a cuidar el agua en taller de Explora - Arica y Parinacota","og_url":"https:\/\/dev.explora.cl\/aricayparinacota\/ninos-se-comprometieron-a-cuidar-el-agua-en-taller-de-explora\/","og_site_name":"Arica y Parinacota","article_published_time":"2019-01-25T15:18:07+00:00","article_modified_time":"2019-05-09T20:50:39+00:00","og_image":[{"width":223,"height":147,"url":"https:\/\/dev.explora.cl\/aricayparinacota\/wp-content\/uploads\/sites\/2\/2019\/01\/24-01-2019-Miniatura-Taller-Agua.jpg","type":"image\/jpeg"}],"author":"webman","twitter_card":"summary_large_image","twitter_misc":{"Escrito por":"webman","Tiempo estimado de lectura":"4 minutos"},"schema":{"@context":"https:\/\/schema.org","@graph":[{"@type":"Article","@id":"https:\/\/dev.explora.cl\/aricayparinacota\/ninos-se-comprometieron-a-cuidar-el-agua-en-taller-de-explora\/#article","isPartOf":{"@id":"https:\/\/dev.explora.cl\/aricayparinacota\/ninos-se-comprometieron-a-cuidar-el-agua-en-taller-de-explora\/"},"author":{"name":"webman","@id":"https:\/\/dev.explora.cl\/aricayparinacota\/#\/schema\/person\/cb8349c13ea2d324080adf8480d7ba5d"},"headline":"Ni\u00f1os se comprometieron a cuidar el agua en taller de Explora","datePublished":"2019-01-25T15:18:07+00:00","dateModified":"2019-05-09T20:50:39+00:00","mainEntityOfPage":{"@id":"https:\/\/dev.explora.cl\/aricayparinacota\/ninos-se-comprometieron-a-cuidar-el-agua-en-taller-de-explora\/"},"wordCount":760,"publisher":{"@id":"https:\/\/dev.explora.cl\/aricayparinacota\/#organization"},"image":{"@id":"https:\/\/dev.explora.cl\/aricayparinacota\/ninos-se-comprometieron-a-cuidar-el-agua-en-taller-de-explora\/#primaryimage"},"thumbnailUrl":"https:\/\/dev.explora.cl\/aricayparinacota\/wp-content\/uploads\/sites\/2\/2019\/01\/24-01-2019-Miniatura-Taller-Agua.jpg","articleSection":["Noticias"],"inLanguage":"es-CL"},{"@type":"WebPage","@id":"https:\/\/dev.explora.cl\/aricayparinacota\/ninos-se-comprometieron-a-cuidar-el-agua-en-taller-de-explora\/","url":"https:\/\/dev.explora.cl\/aricayparinacota\/ninos-se-comprometieron-a-cuidar-el-agua-en-taller-de-explora\/","name":"Ni\u00f1os se comprometieron a cuidar el agua en taller de Explora - Arica y Parinacota","isPartOf":{"@id":"https:\/\/dev.explora.cl\/aricayparinacota\/#website"},"primaryImageOfPage":{"@id":"https:\/\/dev.explora.cl\/aricayparinacota\/ninos-se-comprometieron-a-cuidar-el-agua-en-taller-de-explora\/#primaryimage"},"image":{"@id":"https:\/\/dev.explora.cl\/aricayparinacota\/ninos-se-comprometieron-a-cuidar-el-agua-en-taller-de-explora\/#primaryimage"},"thumbnailUrl":"https:\/\/dev.explora.cl\/aricayparinacota\/wp-content\/uploads\/sites\/2\/2019\/01\/24-01-2019-Miniatura-Taller-Agua.jpg","datePublished":"2019-01-25T15:18:07+00:00","dateModified":"2019-05-09T20:50:39+00:00","breadcrumb":{"@id":"https:\/\/dev.explora.cl\/aricayparinacota\/ninos-se-comprometieron-a-cuidar-el-agua-en-taller-de-explora\/#breadcrumb"},"inLanguage":"es-CL","potentialAction":[{"@type":"ReadAction","target":["https:\/\/dev.explora.cl\/aricayparinacota\/ninos-se-comprometieron-a-cuidar-el-agua-en-taller-de-explora\/"]}]},{"@type":"ImageObject","inLanguage":"es-CL","@id":"https:\/\/dev.explora.cl\/aricayparinacota\/ninos-se-comprometieron-a-cuidar-el-agua-en-taller-de-explora\/#primaryimage","url":"https:\/\/dev.explora.cl\/aricayparinacota\/wp-content\/uploads\/sites\/2\/2019\/01\/24-01-2019-Miniatura-Taller-Agua.jpg","contentUrl":"https:\/\/dev.explora.cl\/aricayparinacota\/wp-content\/uploads\/sites\/2\/2019\/01\/24-01-2019-Miniatura-Taller-Agua.jpg","width":223,"height":147},{"@type":"BreadcrumbList","@id":"https:\/\/dev.explora.cl\/aricayparinacota\/ninos-se-comprometieron-a-cuidar-el-agua-en-taller-de-explora\/#breadcrumb","itemListElement":[{"@type":"ListItem","position":1,"name":"Portada","item":"https:\/\/dev.explora.cl\/aricayparinacota\/"},{"@type":"ListItem","position":2,"name":"Ni\u00f1os se comprometieron a cuidar el agua en taller de Explora"}]},{"@type":"WebSite","@id":"https:\/\/dev.explora.cl\/aricayparinacota\/#website","url":"https:\/\/dev.explora.cl\/aricayparinacota\/","name":"Arica y Parinacota","description":"Otro sitio m\u00e1s de dev.explora.cl","publisher":{"@id":"https:\/\/dev.explora.cl\/aricayparinacota\/#organization"},"potentialAction":[{"@type":"SearchAction","target":{"@type":"EntryPoint","urlTemplate":"https:\/\/dev.explora.cl\/aricayparinacota\/?s={search_term_string}"},"query-input":{"@type":"PropertyValueSpecification","valueRequired":true,"valueName":"search_term_string"}}],"inLanguage":"es-CL"},{"@type":"Organization","@id":"https:\/\/dev.explora.cl\/aricayparinacota\/#organization","name":"Arica y Parinacota","url":"https:\/\/dev.explora.cl\/aricayparinacota\/","logo":{"@type":"ImageObject","inLanguage":"es-CL","@id":"https:\/\/dev.explora.cl\/aricayparinacota\/#\/schema\/logo\/image\/","url":"https:\/\/dev.explora.cl\/aricayparinacota\/wp-content\/uploads\/sites\/2\/2020\/08\/cropped-nuevosa-logos-11.png","contentUrl":"https:\/\/dev.explora.cl\/aricayparinacota\/wp-content\/uploads\/sites\/2\/2020\/08\/cropped-nuevosa-logos-11.png","width":812,"height":937,"caption":"Arica y Parinacota"},"image":{"@id":"https:\/\/dev.explora.cl\/aricayparinacota\/#\/schema\/logo\/image\/"}},{"@type":"Person","@id":"https:\/\/dev.explora.cl\/aricayparinacota\/#\/schema\/person\/cb8349c13ea2d324080adf8480d7ba5d","name":"webman","image":{"@type":"ImageObject","inLanguage":"es-CL","@id":"https:\/\/dev.explora.cl\/aricayparinacota\/#\/schema\/person\/image\/","url":"https:\/\/secure.gravatar.com\/avatar\/eeff3c82f2c02f7177d13663b7e6f890e9a6a0647ce9bb29cae02dcb094c7312?s=96&d=mm&r=g","contentUrl":"https:\/\/secure.gravatar.com\/avatar\/eeff3c82f2c02f7177d13663b7e6f890e9a6a0647ce9bb29cae02dcb094c7312?s=96&d=mm&r=g","caption":"webman"},"url":"https:\/\/dev.explora.cl\/aricayparinacota\/author\/webman\/"}]}},"_links":{"self":[{"href":"https:\/\/dev.explora.cl\/aricayparinacota\/wp-json\/wp\/v2\/posts\/32681","targetHints":{"allow":["GET"]}}],"collection":[{"href":"https:\/\/dev.explora.cl\/aricayparinacota\/wp-json\/wp\/v2\/posts"}],"about":[{"href":"https:\/\/dev.explora.cl\/aricayparinacota\/wp-json\/wp\/v2\/types\/post"}],"author":[{"embeddable":true,"href":"https:\/\/dev.explora.cl\/aricayparinacota\/wp-json\/wp\/v2\/users\/2"}],"replies":[{"embeddable":true,"href":"https:\/\/dev.explora.cl\/aricayparinacota\/wp-json\/wp\/v2\/comments?post=32681"}],"version-history":[{"count":1,"href":"https:\/\/dev.explora.cl\/aricayparinacota\/wp-json\/wp\/v2\/posts\/32681\/revisions"}],"predecessor-version":[{"id":32770,"href":"https:\/\/dev.explora.cl\/aricayparinacota\/wp-json\/wp\/v2\/posts\/32681\/revisions\/32770"}],"wp:featuredmedia":[{"embeddable":true,"href":"https:\/\/dev.explora.cl\/aricayparinacota\/wp-json\/wp\/v2\/media\/32682"}],"wp:attachment":[{"href":"https:\/\/dev.explora.cl\/aricayparinacota\/wp-json\/wp\/v2\/media?parent=32681"}],"wp:term":[{"taxonomy":"category","embeddable":true,"href":"https:\/\/dev.explora.cl\/aricayparinacota\/wp-json\/wp\/v2\/categories?post=32681"},{"taxonomy":"post_tag","embeddable":true,"href":"https:\/\/dev.explora.cl\/aricayparinacota\/wp-json\/wp\/v2\/tags?post=32681"}],"curies":[{"name":"wp","href":"https:\/\/api.w.org\/{rel}","templated":true}]}}