{"id":32658,"date":"2019-01-21T11:53:42","date_gmt":"2019-01-21T11:53:42","guid":{"rendered":"https:\/\/dev.explora.cl\/aricayparinacota\/?p=32658"},"modified":"2019-05-09T20:51:32","modified_gmt":"2019-05-09T20:51:32","slug":"humedal-y-cuevas-de-anzota-fueron-parte-de-visitas-guiadas-de-explora","status":"publish","type":"post","link":"https:\/\/dev.explora.cl\/aricayparinacota\/humedal-y-cuevas-de-anzota-fueron-parte-de-visitas-guiadas-de-explora\/","title":{"rendered":"Humedal y cuevas de Anzota fueron parte de visitas guiadas de Explora"},"content":{"rendered":"\n<p style=\"text-align: justify\">El lagarto \u201cCorredor de cuatro bandas\u201d, mide aproximadamente 20 cent\u00edmetros y se pasea como due\u00f1o de casa por las cuevas de Anzota. Su coloraci\u00f3n es variable, suelen observarse cuatro bandas de distintos colores en el cuerpo, de las cuales proviene su nombre. Corren r\u00e1pido y cada cierto trecho adquieren una posici\u00f3n erguida con la cola curvada. Es lo primero que aparece antes de entrar a la ruta de las cuevas, y simplemente cautiva y mantiene a los ni\u00f1os atentos a sus movimientos.<\/p>\n<p style=\"text-align: justify\">Durante una ma\u00f1ana se realizaron actividades en torno al patrimonio natural de Arica y biodiversidad, con el fin de mostrar su riqueza en forma directa en el borde costero; el humedal del r\u00edo Lluta y las cuevas de Anzota fueron los lugares a los que concurrieron 36 personas, integrado por ni\u00f1os desde los tres a\u00f1os, acompa\u00f1ados de los padres.<\/p>\n<p style=\"text-align: justify\">La actividad fue realizada por Farah L\u00f3pez y Daniela Bahamondes, gu\u00edas y profesionales expertas en esta \u00e1rea, del Proyecto Explora ejecutado por la Universidad de Tarapac\u00e1, y consisti\u00f3 en una ruta guiada por el humedal del r\u00edo Lluta, donde conocieron las especies existentes en esta zona. Despu\u00e9s de disfrutar este paisaje, en el que se junta el agua dulce del r\u00edo con el agua salada del oc\u00e9ano Pac\u00edfico, el grupo se traslad\u00f3 a las cuevas de Anzota, donde conocieron la fauna y las formaciones geol\u00f3gicas rocosas.<\/p>\n<p style=\"text-align: justify\">Gabriela \u00c1lvarez, una de las participantes, manifest\u00f3 que lo que m\u00e1s le gust\u00f3 de esta actividad en terreno fue \u201cconocer la gaviota Franklin y un ave rosada parecida a un flamenco\u201d.<\/p>\n<p style=\"text-align: justify\">Ingue Acu\u00f1a, profesora de educaci\u00f3n b\u00e1sica, indic\u00f3 que \u201ceval\u00fao muy bien la actividad, porque necesitamos instancias en que las familias se puedan educar, aprender de cultura, arte y ciencia y as\u00ed podemos seguir promoviendo esta forma de educaci\u00f3n\u201d.<\/p>\n<p style=\"text-align: justify\">La actividad efectuada por el Proyecto Explora fue muy bien evaluada, ya que los ni\u00f1os conocieron y exploraron in situ sobre la vida de los seres que habitan el norte de Chile, como los lagartos de cuatro bandas, que sorprendieron con sus colas amarillas o negras y su cercan\u00eda con quienes deseaban observarlas.<\/p>\n<p><img loading=\"lazy\" decoding=\"async\" class=\"alignnone wp-image-32660 size-full\" src=\"https:\/\/dev.explora.cl\/aricayparinacota\/wp-content\/uploads\/sites\/2\/2019\/01\/14-01-2019-Collage-Visitas-Guiadas.jpg\" alt=\"\" width=\"900\" height=\"300\" srcset=\"https:\/\/dev.explora.cl\/aricayparinacota\/wp-content\/uploads\/sites\/2\/2019\/01\/14-01-2019-Collage-Visitas-Guiadas.jpg 900w, https:\/\/dev.explora.cl\/aricayparinacota\/wp-content\/uploads\/sites\/2\/2019\/01\/14-01-2019-Collage-Visitas-Guiadas-300x100.jpg 300w, https:\/\/dev.explora.cl\/aricayparinacota\/wp-content\/uploads\/sites\/2\/2019\/01\/14-01-2019-Collage-Visitas-Guiadas-768x256.jpg 768w\" sizes=\"auto, (max-width: 900px) 100vw, 900px\" \/><\/p>\n","protected":false},"excerpt":{"rendered":"","protected":false},"author":2,"featured_media":32659,"comment_status":"closed","ping_status":"open","sticky":false,"template":"","format":"standard","meta":{"_acf_changed":false,"_exactmetrics_skip_tracking":false,"_exactmetrics_sitenote_active":false,"_exactmetrics_sitenote_note":"","_exactmetrics_sitenote_category":0,"footnotes":"","_links_to":"","_links_to_target":""},"categories":[4],"tags":[],"class_list":["post-32658","post","type-post","status-publish","format-standard","has-post-thumbnail","hentry","category-noticias"],"acf":[],"yoast_head":"<!-- This site is optimized with the Yoast SEO plugin v26.7 - https:\/\/yoast.com\/wordpress\/plugins\/seo\/ -->\n<title>Humedal y cuevas de Anzota fueron parte de visitas guiadas de Explora - Arica y Parinacota<\/title>\n<meta name=\"robots\" content=\"index, follow, max-snippet:-1, max-image-preview:large, max-video-preview:-1\" \/>\n<link rel=\"canonical\" href=\"https:\/\/dev.explora.cl\/aricayparinacota\/humedal-y-cuevas-de-anzota-fueron-parte-de-visitas-guiadas-de-explora\/\" class=\"yoast-seo-meta-tag\" \/>\n<meta property=\"og:locale\" content=\"es_ES\" class=\"yoast-seo-meta-tag\" \/>\n<meta property=\"og:type\" content=\"article\" class=\"yoast-seo-meta-tag\" \/>\n<meta property=\"og:title\" content=\"Humedal y cuevas de Anzota fueron parte de visitas guiadas de Explora - Arica y Parinacota\" class=\"yoast-seo-meta-tag\" \/>\n<meta property=\"og:url\" content=\"https:\/\/dev.explora.cl\/aricayparinacota\/humedal-y-cuevas-de-anzota-fueron-parte-de-visitas-guiadas-de-explora\/\" class=\"yoast-seo-meta-tag\" \/>\n<meta property=\"og:site_name\" content=\"Arica y Parinacota\" class=\"yoast-seo-meta-tag\" \/>\n<meta property=\"article:published_time\" content=\"2019-01-21T11:53:42+00:00\" class=\"yoast-seo-meta-tag\" \/>\n<meta property=\"article:modified_time\" content=\"2019-05-09T20:51:32+00:00\" class=\"yoast-seo-meta-tag\" \/>\n<meta property=\"og:image\" content=\"https:\/\/dev.explora.cl\/aricayparinacota\/wp-content\/uploads\/sites\/2\/2019\/01\/14-01-2019-Miniatura-Visitas-Guiadas.jpg\" class=\"yoast-seo-meta-tag\" \/>\n\t<meta property=\"og:image:width\" content=\"223\" class=\"yoast-seo-meta-tag\" \/>\n\t<meta property=\"og:image:height\" content=\"147\" class=\"yoast-seo-meta-tag\" \/>\n\t<meta property=\"og:image:type\" content=\"image\/jpeg\" class=\"yoast-seo-meta-tag\" \/>\n<meta name=\"author\" content=\"webman\" class=\"yoast-seo-meta-tag\" \/>\n<meta name=\"twitter:card\" content=\"summary_large_image\" class=\"yoast-seo-meta-tag\" \/>\n<meta name=\"twitter:label1\" content=\"Escrito por\" class=\"yoast-seo-meta-tag\" \/>\n\t<meta name=\"twitter:data1\" content=\"webman\" class=\"yoast-seo-meta-tag\" \/>\n\t<meta name=\"twitter:label2\" content=\"Tiempo estimado de lectura\" class=\"yoast-seo-meta-tag\" \/>\n\t<meta name=\"twitter:data2\" content=\"2 minutos\" class=\"yoast-seo-meta-tag\" \/>\n<script type=\"application\/ld+json\" class=\"yoast-schema-graph\">{\"@context\":\"https:\/\/schema.org\",\"@graph\":[{\"@type\":\"Article\",\"@id\":\"https:\/\/dev.explora.cl\/aricayparinacota\/humedal-y-cuevas-de-anzota-fueron-parte-de-visitas-guiadas-de-explora\/#article\",\"isPartOf\":{\"@id\":\"https:\/\/dev.explora.cl\/aricayparinacota\/humedal-y-cuevas-de-anzota-fueron-parte-de-visitas-guiadas-de-explora\/\"},\"author\":{\"name\":\"webman\",\"@id\":\"https:\/\/dev.explora.cl\/aricayparinacota\/#\/schema\/person\/cb8349c13ea2d324080adf8480d7ba5d\"},\"headline\":\"Humedal y cuevas de Anzota fueron parte de visitas guiadas de Explora\",\"datePublished\":\"2019-01-21T11:53:42+00:00\",\"dateModified\":\"2019-05-09T20:51:32+00:00\",\"mainEntityOfPage\":{\"@id\":\"https:\/\/dev.explora.cl\/aricayparinacota\/humedal-y-cuevas-de-anzota-fueron-parte-de-visitas-guiadas-de-explora\/\"},\"wordCount\":386,\"publisher\":{\"@id\":\"https:\/\/dev.explora.cl\/aricayparinacota\/#organization\"},\"image\":{\"@id\":\"https:\/\/dev.explora.cl\/aricayparinacota\/humedal-y-cuevas-de-anzota-fueron-parte-de-visitas-guiadas-de-explora\/#primaryimage\"},\"thumbnailUrl\":\"https:\/\/dev.explora.cl\/aricayparinacota\/wp-content\/uploads\/sites\/2\/2019\/01\/14-01-2019-Miniatura-Visitas-Guiadas.jpg\",\"articleSection\":[\"Noticias\"],\"inLanguage\":\"es-CL\"},{\"@type\":\"WebPage\",\"@id\":\"https:\/\/dev.explora.cl\/aricayparinacota\/humedal-y-cuevas-de-anzota-fueron-parte-de-visitas-guiadas-de-explora\/\",\"url\":\"https:\/\/dev.explora.cl\/aricayparinacota\/humedal-y-cuevas-de-anzota-fueron-parte-de-visitas-guiadas-de-explora\/\",\"name\":\"Humedal y cuevas de Anzota fueron parte de visitas guiadas de Explora - Arica y Parinacota\",\"isPartOf\":{\"@id\":\"https:\/\/dev.explora.cl\/aricayparinacota\/#website\"},\"primaryImageOfPage\":{\"@id\":\"https:\/\/dev.explora.cl\/aricayparinacota\/humedal-y-cuevas-de-anzota-fueron-parte-de-visitas-guiadas-de-explora\/#primaryimage\"},\"image\":{\"@id\":\"https:\/\/dev.explora.cl\/aricayparinacota\/humedal-y-cuevas-de-anzota-fueron-parte-de-visitas-guiadas-de-explora\/#primaryimage\"},\"thumbnailUrl\":\"https:\/\/dev.explora.cl\/aricayparinacota\/wp-content\/uploads\/sites\/2\/2019\/01\/14-01-2019-Miniatura-Visitas-Guiadas.jpg\",\"datePublished\":\"2019-01-21T11:53:42+00:00\",\"dateModified\":\"2019-05-09T20:51:32+00:00\",\"breadcrumb\":{\"@id\":\"https:\/\/dev.explora.cl\/aricayparinacota\/humedal-y-cuevas-de-anzota-fueron-parte-de-visitas-guiadas-de-explora\/#breadcrumb\"},\"inLanguage\":\"es-CL\",\"potentialAction\":[{\"@type\":\"ReadAction\",\"target\":[\"https:\/\/dev.explora.cl\/aricayparinacota\/humedal-y-cuevas-de-anzota-fueron-parte-de-visitas-guiadas-de-explora\/\"]}]},{\"@type\":\"ImageObject\",\"inLanguage\":\"es-CL\",\"@id\":\"https:\/\/dev.explora.cl\/aricayparinacota\/humedal-y-cuevas-de-anzota-fueron-parte-de-visitas-guiadas-de-explora\/#primaryimage\",\"url\":\"https:\/\/dev.explora.cl\/aricayparinacota\/wp-content\/uploads\/sites\/2\/2019\/01\/14-01-2019-Miniatura-Visitas-Guiadas.jpg\",\"contentUrl\":\"https:\/\/dev.explora.cl\/aricayparinacota\/wp-content\/uploads\/sites\/2\/2019\/01\/14-01-2019-Miniatura-Visitas-Guiadas.jpg\",\"width\":223,\"height\":147},{\"@type\":\"BreadcrumbList\",\"@id\":\"https:\/\/dev.explora.cl\/aricayparinacota\/humedal-y-cuevas-de-anzota-fueron-parte-de-visitas-guiadas-de-explora\/#breadcrumb\",\"itemListElement\":[{\"@type\":\"ListItem\",\"position\":1,\"name\":\"Portada\",\"item\":\"https:\/\/dev.explora.cl\/aricayparinacota\/\"},{\"@type\":\"ListItem\",\"position\":2,\"name\":\"Humedal y cuevas de Anzota fueron parte de visitas guiadas de Explora\"}]},{\"@type\":\"WebSite\",\"@id\":\"https:\/\/dev.explora.cl\/aricayparinacota\/#website\",\"url\":\"https:\/\/dev.explora.cl\/aricayparinacota\/\",\"name\":\"Arica y Parinacota\",\"description\":\"Otro sitio m\u00e1s de dev.explora.cl\",\"publisher\":{\"@id\":\"https:\/\/dev.explora.cl\/aricayparinacota\/#organization\"},\"potentialAction\":[{\"@type\":\"SearchAction\",\"target\":{\"@type\":\"EntryPoint\",\"urlTemplate\":\"https:\/\/dev.explora.cl\/aricayparinacota\/?s={search_term_string}\"},\"query-input\":{\"@type\":\"PropertyValueSpecification\",\"valueRequired\":true,\"valueName\":\"search_term_string\"}}],\"inLanguage\":\"es-CL\"},{\"@type\":\"Organization\",\"@id\":\"https:\/\/dev.explora.cl\/aricayparinacota\/#organization\",\"name\":\"Arica y Parinacota\",\"url\":\"https:\/\/dev.explora.cl\/aricayparinacota\/\",\"logo\":{\"@type\":\"ImageObject\",\"inLanguage\":\"es-CL\",\"@id\":\"https:\/\/dev.explora.cl\/aricayparinacota\/#\/schema\/logo\/image\/\",\"url\":\"https:\/\/dev.explora.cl\/aricayparinacota\/wp-content\/uploads\/sites\/2\/2020\/08\/cropped-nuevosa-logos-11.png\",\"contentUrl\":\"https:\/\/dev.explora.cl\/aricayparinacota\/wp-content\/uploads\/sites\/2\/2020\/08\/cropped-nuevosa-logos-11.png\",\"width\":812,\"height\":937,\"caption\":\"Arica y Parinacota\"},\"image\":{\"@id\":\"https:\/\/dev.explora.cl\/aricayparinacota\/#\/schema\/logo\/image\/\"}},{\"@type\":\"Person\",\"@id\":\"https:\/\/dev.explora.cl\/aricayparinacota\/#\/schema\/person\/cb8349c13ea2d324080adf8480d7ba5d\",\"name\":\"webman\",\"image\":{\"@type\":\"ImageObject\",\"inLanguage\":\"es-CL\",\"@id\":\"https:\/\/dev.explora.cl\/aricayparinacota\/#\/schema\/person\/image\/\",\"url\":\"https:\/\/secure.gravatar.com\/avatar\/eeff3c82f2c02f7177d13663b7e6f890e9a6a0647ce9bb29cae02dcb094c7312?s=96&d=mm&r=g\",\"contentUrl\":\"https:\/\/secure.gravatar.com\/avatar\/eeff3c82f2c02f7177d13663b7e6f890e9a6a0647ce9bb29cae02dcb094c7312?s=96&d=mm&r=g\",\"caption\":\"webman\"},\"url\":\"https:\/\/dev.explora.cl\/aricayparinacota\/author\/webman\/\"}]}<\/script>\n<!-- \/ Yoast SEO plugin. -->","yoast_head_json":{"title":"Humedal y cuevas de Anzota fueron parte de visitas guiadas de Explora - Arica y Parinacota","robots":{"index":"index","follow":"follow","max-snippet":"max-snippet:-1","max-image-preview":"max-image-preview:large","max-video-preview":"max-video-preview:-1"},"canonical":"https:\/\/dev.explora.cl\/aricayparinacota\/humedal-y-cuevas-de-anzota-fueron-parte-de-visitas-guiadas-de-explora\/","og_locale":"es_ES","og_type":"article","og_title":"Humedal y cuevas de Anzota fueron parte de visitas guiadas de Explora - Arica y Parinacota","og_url":"https:\/\/dev.explora.cl\/aricayparinacota\/humedal-y-cuevas-de-anzota-fueron-parte-de-visitas-guiadas-de-explora\/","og_site_name":"Arica y Parinacota","article_published_time":"2019-01-21T11:53:42+00:00","article_modified_time":"2019-05-09T20:51:32+00:00","og_image":[{"width":223,"height":147,"url":"https:\/\/dev.explora.cl\/aricayparinacota\/wp-content\/uploads\/sites\/2\/2019\/01\/14-01-2019-Miniatura-Visitas-Guiadas.jpg","type":"image\/jpeg"}],"author":"webman","twitter_card":"summary_large_image","twitter_misc":{"Escrito por":"webman","Tiempo estimado de lectura":"2 minutos"},"schema":{"@context":"https:\/\/schema.org","@graph":[{"@type":"Article","@id":"https:\/\/dev.explora.cl\/aricayparinacota\/humedal-y-cuevas-de-anzota-fueron-parte-de-visitas-guiadas-de-explora\/#article","isPartOf":{"@id":"https:\/\/dev.explora.cl\/aricayparinacota\/humedal-y-cuevas-de-anzota-fueron-parte-de-visitas-guiadas-de-explora\/"},"author":{"name":"webman","@id":"https:\/\/dev.explora.cl\/aricayparinacota\/#\/schema\/person\/cb8349c13ea2d324080adf8480d7ba5d"},"headline":"Humedal y cuevas de Anzota fueron parte de visitas guiadas de Explora","datePublished":"2019-01-21T11:53:42+00:00","dateModified":"2019-05-09T20:51:32+00:00","mainEntityOfPage":{"@id":"https:\/\/dev.explora.cl\/aricayparinacota\/humedal-y-cuevas-de-anzota-fueron-parte-de-visitas-guiadas-de-explora\/"},"wordCount":386,"publisher":{"@id":"https:\/\/dev.explora.cl\/aricayparinacota\/#organization"},"image":{"@id":"https:\/\/dev.explora.cl\/aricayparinacota\/humedal-y-cuevas-de-anzota-fueron-parte-de-visitas-guiadas-de-explora\/#primaryimage"},"thumbnailUrl":"https:\/\/dev.explora.cl\/aricayparinacota\/wp-content\/uploads\/sites\/2\/2019\/01\/14-01-2019-Miniatura-Visitas-Guiadas.jpg","articleSection":["Noticias"],"inLanguage":"es-CL"},{"@type":"WebPage","@id":"https:\/\/dev.explora.cl\/aricayparinacota\/humedal-y-cuevas-de-anzota-fueron-parte-de-visitas-guiadas-de-explora\/","url":"https:\/\/dev.explora.cl\/aricayparinacota\/humedal-y-cuevas-de-anzota-fueron-parte-de-visitas-guiadas-de-explora\/","name":"Humedal y cuevas de Anzota fueron parte de visitas guiadas de Explora - Arica y Parinacota","isPartOf":{"@id":"https:\/\/dev.explora.cl\/aricayparinacota\/#website"},"primaryImageOfPage":{"@id":"https:\/\/dev.explora.cl\/aricayparinacota\/humedal-y-cuevas-de-anzota-fueron-parte-de-visitas-guiadas-de-explora\/#primaryimage"},"image":{"@id":"https:\/\/dev.explora.cl\/aricayparinacota\/humedal-y-cuevas-de-anzota-fueron-parte-de-visitas-guiadas-de-explora\/#primaryimage"},"thumbnailUrl":"https:\/\/dev.explora.cl\/aricayparinacota\/wp-content\/uploads\/sites\/2\/2019\/01\/14-01-2019-Miniatura-Visitas-Guiadas.jpg","datePublished":"2019-01-21T11:53:42+00:00","dateModified":"2019-05-09T20:51:32+00:00","breadcrumb":{"@id":"https:\/\/dev.explora.cl\/aricayparinacota\/humedal-y-cuevas-de-anzota-fueron-parte-de-visitas-guiadas-de-explora\/#breadcrumb"},"inLanguage":"es-CL","potentialAction":[{"@type":"ReadAction","target":["https:\/\/dev.explora.cl\/aricayparinacota\/humedal-y-cuevas-de-anzota-fueron-parte-de-visitas-guiadas-de-explora\/"]}]},{"@type":"ImageObject","inLanguage":"es-CL","@id":"https:\/\/dev.explora.cl\/aricayparinacota\/humedal-y-cuevas-de-anzota-fueron-parte-de-visitas-guiadas-de-explora\/#primaryimage","url":"https:\/\/dev.explora.cl\/aricayparinacota\/wp-content\/uploads\/sites\/2\/2019\/01\/14-01-2019-Miniatura-Visitas-Guiadas.jpg","contentUrl":"https:\/\/dev.explora.cl\/aricayparinacota\/wp-content\/uploads\/sites\/2\/2019\/01\/14-01-2019-Miniatura-Visitas-Guiadas.jpg","width":223,"height":147},{"@type":"BreadcrumbList","@id":"https:\/\/dev.explora.cl\/aricayparinacota\/humedal-y-cuevas-de-anzota-fueron-parte-de-visitas-guiadas-de-explora\/#breadcrumb","itemListElement":[{"@type":"ListItem","position":1,"name":"Portada","item":"https:\/\/dev.explora.cl\/aricayparinacota\/"},{"@type":"ListItem","position":2,"name":"Humedal y cuevas de Anzota fueron parte de visitas guiadas de Explora"}]},{"@type":"WebSite","@id":"https:\/\/dev.explora.cl\/aricayparinacota\/#website","url":"https:\/\/dev.explora.cl\/aricayparinacota\/","name":"Arica y Parinacota","description":"Otro sitio m\u00e1s de dev.explora.cl","publisher":{"@id":"https:\/\/dev.explora.cl\/aricayparinacota\/#organization"},"potentialAction":[{"@type":"SearchAction","target":{"@type":"EntryPoint","urlTemplate":"https:\/\/dev.explora.cl\/aricayparinacota\/?s={search_term_string}"},"query-input":{"@type":"PropertyValueSpecification","valueRequired":true,"valueName":"search_term_string"}}],"inLanguage":"es-CL"},{"@type":"Organization","@id":"https:\/\/dev.explora.cl\/aricayparinacota\/#organization","name":"Arica y Parinacota","url":"https:\/\/dev.explora.cl\/aricayparinacota\/","logo":{"@type":"ImageObject","inLanguage":"es-CL","@id":"https:\/\/dev.explora.cl\/aricayparinacota\/#\/schema\/logo\/image\/","url":"https:\/\/dev.explora.cl\/aricayparinacota\/wp-content\/uploads\/sites\/2\/2020\/08\/cropped-nuevosa-logos-11.png","contentUrl":"https:\/\/dev.explora.cl\/aricayparinacota\/wp-content\/uploads\/sites\/2\/2020\/08\/cropped-nuevosa-logos-11.png","width":812,"height":937,"caption":"Arica y Parinacota"},"image":{"@id":"https:\/\/dev.explora.cl\/aricayparinacota\/#\/schema\/logo\/image\/"}},{"@type":"Person","@id":"https:\/\/dev.explora.cl\/aricayparinacota\/#\/schema\/person\/cb8349c13ea2d324080adf8480d7ba5d","name":"webman","image":{"@type":"ImageObject","inLanguage":"es-CL","@id":"https:\/\/dev.explora.cl\/aricayparinacota\/#\/schema\/person\/image\/","url":"https:\/\/secure.gravatar.com\/avatar\/eeff3c82f2c02f7177d13663b7e6f890e9a6a0647ce9bb29cae02dcb094c7312?s=96&d=mm&r=g","contentUrl":"https:\/\/secure.gravatar.com\/avatar\/eeff3c82f2c02f7177d13663b7e6f890e9a6a0647ce9bb29cae02dcb094c7312?s=96&d=mm&r=g","caption":"webman"},"url":"https:\/\/dev.explora.cl\/aricayparinacota\/author\/webman\/"}]}},"_links":{"self":[{"href":"https:\/\/dev.explora.cl\/aricayparinacota\/wp-json\/wp\/v2\/posts\/32658","targetHints":{"allow":["GET"]}}],"collection":[{"href":"https:\/\/dev.explora.cl\/aricayparinacota\/wp-json\/wp\/v2\/posts"}],"about":[{"href":"https:\/\/dev.explora.cl\/aricayparinacota\/wp-json\/wp\/v2\/types\/post"}],"author":[{"embeddable":true,"href":"https:\/\/dev.explora.cl\/aricayparinacota\/wp-json\/wp\/v2\/users\/2"}],"replies":[{"embeddable":true,"href":"https:\/\/dev.explora.cl\/aricayparinacota\/wp-json\/wp\/v2\/comments?post=32658"}],"version-history":[{"count":2,"href":"https:\/\/dev.explora.cl\/aricayparinacota\/wp-json\/wp\/v2\/posts\/32658\/revisions"}],"predecessor-version":[{"id":33822,"href":"https:\/\/dev.explora.cl\/aricayparinacota\/wp-json\/wp\/v2\/posts\/32658\/revisions\/33822"}],"wp:featuredmedia":[{"embeddable":true,"href":"https:\/\/dev.explora.cl\/aricayparinacota\/wp-json\/wp\/v2\/media\/32659"}],"wp:attachment":[{"href":"https:\/\/dev.explora.cl\/aricayparinacota\/wp-json\/wp\/v2\/media?parent=32658"}],"wp:term":[{"taxonomy":"category","embeddable":true,"href":"https:\/\/dev.explora.cl\/aricayparinacota\/wp-json\/wp\/v2\/categories?post=32658"},{"taxonomy":"post_tag","embeddable":true,"href":"https:\/\/dev.explora.cl\/aricayparinacota\/wp-json\/wp\/v2\/tags?post=32658"}],"curies":[{"name":"wp","href":"https:\/\/api.w.org\/{rel}","templated":true}]}}