{"id":32590,"date":"2018-12-17T14:40:10","date_gmt":"2018-12-17T14:40:10","guid":{"rendered":"https:\/\/dev.explora.cl\/aricayparinacota\/?p=32590"},"modified":"2019-06-24T18:42:34","modified_gmt":"2019-06-24T22:42:34","slug":"a-100-kilometros-de-arica-los-ninos-dan-respuesta-a-su-curiosidad","status":"publish","type":"post","link":"https:\/\/dev.explora.cl\/aricayparinacota\/a-100-kilometros-de-arica-los-ninos-dan-respuesta-a-su-curiosidad\/","title":{"rendered":"A 100 kil\u00f3metros de Arica los ni\u00f1os dan respuesta a su curiosidad"},"content":{"rendered":"<p>Cada ma\u00f1ana, los cinco ni\u00f1os de la caleta de Camarones, hijos de pescadores, esperan la micro municipal para dirigirse al Jard\u00edn Alternativo Modalidad \u00c9tnico Semillitas de Cuya, donde tambi\u00e9n llegan los dos integrantes que se ubican muy cerca, cuyos jefes de hogar trabajan en el servicio p\u00fablico. Estos siete peque\u00f1os de tres a cinco a\u00f1os de edad son los que junto a las educadoras, Ana Tito, encargada del establecimiento y Patricia Salinas, cada d\u00eda viven y comparten diversas actividades educativas en este jard\u00edn ubicado a 100 kil\u00f3metros de Arica y a escasos metros de la carretera.<br \/>\nTienen clases con el profesor de lengua aymara, Fabi\u00e1n P\u00e9rez, los d\u00edas lunes y martes, donde tambi\u00e9n se suma la familia, a la que le ofrecen talleres, pues quieren aprender y recuperar la cultura de sus ra\u00edces familiares. Tambi\u00e9n son visitados por una kinesi\u00f3loga y una nutricionista que comparte c\u00e1psulas sobre la alimentaci\u00f3n saludable.<br \/>\nEntre sus actividades cotidianas se suman los paseos por el entorno, especialmente al r\u00edo y al sector de las momias Chinchorro, un lugar donde se recre\u00f3 la cultura que en la zona es importante por los vestigios encontrados y la antig\u00fcedad de ellos. Es la raz\u00f3n por la que Ana Tito, que lleva nueve a\u00f1os en Cuya como educadora, desarroll\u00f3 junto a las familias de la comunidad un peque\u00f1o museo Chinchorro al interior del establecimiento, siendo el \u00fanico jard\u00edn infantil con esta sala.<br \/>\nMETODOLOG\u00cdA CIENT\u00cdFICA<br \/>\nEl jard\u00edn trabaja con la metodolog\u00eda de Tus Competencias en Ciencias (TCC), del Proyecto Asociativo Regional (PAR) Explora de CONICYT, ejecutado por la Universidad de Tarapac\u00e1. La metodolog\u00eda orientada al acercamiento a las aptitudes cient\u00edficas en edades tempranas, est\u00e1 compuesta por 11 competencias, entre ellas, actuar con curiosidad, buscar oportunidades de indagaci\u00f3n y descubrir alternativas de soluci\u00f3n.<br \/>\n\u201cLos ni\u00f1os se sienten felices porque van descubriendo el por qu\u00e9 con sus propias manos, a la vista, con el tacto y esta experiencia de TCC ha sido muy interesante y convocadora de participaci\u00f3n\u201d, manifest\u00f3 la educadora.<br \/>\nLa \u00faltima actividad del a\u00f1o fue relacionada con la pregunta: \u00bfPor qu\u00e9 los barcos flotan? \u201cPorque son de madera, tienen velas, porque no tienen peso\u201d. Entre otras respuestas, dijeron que flotaban por la \u201cuma\u201d, que es agua en aymara. Una clara se\u00f1al de lo que se realiza en este jard\u00edn, donde adem\u00e1s cultivan un peque\u00f1o huerto y alimentan los caracoles de tierra que son la atracci\u00f3n del patio interior. Afuera el sol ilumina la gran extensi\u00f3n de colinas des\u00e9rticas y el ruido de los veh\u00edculos que van y vienen por la carretera son parte del entorno de este jard\u00edn infantil donde la ciencia despierta las\u00a0\u00a0preguntas y respuestas, cerca de los caracoles y las r\u00e9plicas de peque\u00f1as momias del museo.<br \/>\n&nbsp;<br \/>\n<img decoding=\"async\" class=\"alignnone wp-image-32591 size-full\" src=\"https:\/\/dev.explora.cl\/aricayparinacota\/wp-content\/uploads\/sites\/2\/2018\/12\/12-12-2018-Collage-TCC-Cuya.jpg\" alt=\"\" width=\"100%\" srcset=\"https:\/\/dev.explora.cl\/aricayparinacota\/wp-content\/uploads\/sites\/2\/2018\/12\/12-12-2018-Collage-TCC-Cuya.jpg 900w, https:\/\/dev.explora.cl\/aricayparinacota\/wp-content\/uploads\/sites\/2\/2018\/12\/12-12-2018-Collage-TCC-Cuya-300x100.jpg 300w, https:\/\/dev.explora.cl\/aricayparinacota\/wp-content\/uploads\/sites\/2\/2018\/12\/12-12-2018-Collage-TCC-Cuya-768x256.jpg 768w\" sizes=\"(max-width: 900px) 100vw, 900px\" \/><\/p>\n","protected":false},"excerpt":{"rendered":"<p>Cada ma\u00f1ana, los cinco ni\u00f1os de la caleta de Camarones, hijos de pescadores, esperan la micro municipal para dirigirse al Jard\u00edn Alternativo Modalidad \u00c9tnico Semillitas de Cuya, donde tambi\u00e9n llegan los dos integrantes que se ubican muy cerca, cuyos jefes de hogar trabajan en el servicio p\u00fablico. Estos siete peque\u00f1os de tres a cinco a\u00f1os [&hellip;]<\/p>\n","protected":false},"author":2,"featured_media":34022,"comment_status":"closed","ping_status":"open","sticky":false,"template":"","format":"standard","meta":{"_acf_changed":false,"_exactmetrics_skip_tracking":false,"_exactmetrics_sitenote_active":false,"_exactmetrics_sitenote_note":"","_exactmetrics_sitenote_category":0,"footnotes":"","_links_to":"","_links_to_target":""},"categories":[143,4],"tags":[],"class_list":["post-32590","post","type-post","status-publish","format-standard","has-post-thumbnail","hentry","category-lugar-8","category-noticias"],"acf":[],"yoast_head":"<!-- This site is optimized with the Yoast SEO plugin v26.7 - https:\/\/yoast.com\/wordpress\/plugins\/seo\/ -->\n<title>A 100 kil\u00f3metros de Arica los ni\u00f1os dan respuesta a su curiosidad - Arica y Parinacota<\/title>\n<meta name=\"robots\" content=\"index, follow, max-snippet:-1, max-image-preview:large, max-video-preview:-1\" \/>\n<link rel=\"canonical\" href=\"https:\/\/dev.explora.cl\/aricayparinacota\/a-100-kilometros-de-arica-los-ninos-dan-respuesta-a-su-curiosidad\/\" class=\"yoast-seo-meta-tag\" \/>\n<meta property=\"og:locale\" content=\"es_ES\" class=\"yoast-seo-meta-tag\" \/>\n<meta property=\"og:type\" content=\"article\" class=\"yoast-seo-meta-tag\" \/>\n<meta property=\"og:title\" content=\"A 100 kil\u00f3metros de Arica los ni\u00f1os dan respuesta a su curiosidad - Arica y Parinacota\" class=\"yoast-seo-meta-tag\" \/>\n<meta property=\"og:description\" content=\"Cada ma\u00f1ana, los cinco ni\u00f1os de la caleta de Camarones, hijos de pescadores, esperan la micro municipal para dirigirse al Jard\u00edn Alternativo Modalidad \u00c9tnico Semillitas de Cuya, donde tambi\u00e9n llegan los dos integrantes que se ubican muy cerca, cuyos jefes de hogar trabajan en el servicio p\u00fablico. Estos siete peque\u00f1os de tres a cinco a\u00f1os [&hellip;]\" class=\"yoast-seo-meta-tag\" \/>\n<meta property=\"og:url\" content=\"https:\/\/dev.explora.cl\/aricayparinacota\/a-100-kilometros-de-arica-los-ninos-dan-respuesta-a-su-curiosidad\/\" class=\"yoast-seo-meta-tag\" \/>\n<meta property=\"og:site_name\" content=\"Arica y Parinacota\" class=\"yoast-seo-meta-tag\" \/>\n<meta property=\"article:published_time\" content=\"2018-12-17T14:40:10+00:00\" class=\"yoast-seo-meta-tag\" \/>\n<meta property=\"article:modified_time\" content=\"2019-06-24T22:42:34+00:00\" class=\"yoast-seo-meta-tag\" \/>\n<meta property=\"og:image\" content=\"https:\/\/dev.explora.cl\/aricayparinacota\/wp-content\/uploads\/sites\/2\/2018\/12\/39208371_2136907949967134_6291456515396075520_n.jpg\" class=\"yoast-seo-meta-tag\" \/>\n\t<meta property=\"og:image:width\" content=\"341\" class=\"yoast-seo-meta-tag\" \/>\n\t<meta property=\"og:image:height\" content=\"304\" class=\"yoast-seo-meta-tag\" \/>\n\t<meta property=\"og:image:type\" content=\"image\/jpeg\" class=\"yoast-seo-meta-tag\" \/>\n<meta name=\"author\" content=\"webman\" class=\"yoast-seo-meta-tag\" \/>\n<meta name=\"twitter:card\" content=\"summary_large_image\" class=\"yoast-seo-meta-tag\" \/>\n<meta name=\"twitter:label1\" content=\"Escrito por\" class=\"yoast-seo-meta-tag\" \/>\n\t<meta name=\"twitter:data1\" content=\"webman\" class=\"yoast-seo-meta-tag\" \/>\n\t<meta name=\"twitter:label2\" content=\"Tiempo estimado de lectura\" class=\"yoast-seo-meta-tag\" \/>\n\t<meta name=\"twitter:data2\" content=\"2 minutos\" class=\"yoast-seo-meta-tag\" \/>\n<script type=\"application\/ld+json\" class=\"yoast-schema-graph\">{\"@context\":\"https:\/\/schema.org\",\"@graph\":[{\"@type\":\"Article\",\"@id\":\"https:\/\/dev.explora.cl\/aricayparinacota\/a-100-kilometros-de-arica-los-ninos-dan-respuesta-a-su-curiosidad\/#article\",\"isPartOf\":{\"@id\":\"https:\/\/dev.explora.cl\/aricayparinacota\/a-100-kilometros-de-arica-los-ninos-dan-respuesta-a-su-curiosidad\/\"},\"author\":{\"name\":\"webman\",\"@id\":\"https:\/\/dev.explora.cl\/aricayparinacota\/#\/schema\/person\/cb8349c13ea2d324080adf8480d7ba5d\"},\"headline\":\"A 100 kil\u00f3metros de Arica los ni\u00f1os dan respuesta a su curiosidad\",\"datePublished\":\"2018-12-17T14:40:10+00:00\",\"dateModified\":\"2019-06-24T22:42:34+00:00\",\"mainEntityOfPage\":{\"@id\":\"https:\/\/dev.explora.cl\/aricayparinacota\/a-100-kilometros-de-arica-los-ninos-dan-respuesta-a-su-curiosidad\/\"},\"wordCount\":508,\"publisher\":{\"@id\":\"https:\/\/dev.explora.cl\/aricayparinacota\/#organization\"},\"image\":{\"@id\":\"https:\/\/dev.explora.cl\/aricayparinacota\/a-100-kilometros-de-arica-los-ninos-dan-respuesta-a-su-curiosidad\/#primaryimage\"},\"thumbnailUrl\":\"https:\/\/dev.explora.cl\/aricayparinacota\/wp-content\/uploads\/sites\/2\/2018\/12\/39208371_2136907949967134_6291456515396075520_n.jpg\",\"articleSection\":[\"Lugar 8\",\"Noticias\"],\"inLanguage\":\"es-CL\"},{\"@type\":\"WebPage\",\"@id\":\"https:\/\/dev.explora.cl\/aricayparinacota\/a-100-kilometros-de-arica-los-ninos-dan-respuesta-a-su-curiosidad\/\",\"url\":\"https:\/\/dev.explora.cl\/aricayparinacota\/a-100-kilometros-de-arica-los-ninos-dan-respuesta-a-su-curiosidad\/\",\"name\":\"A 100 kil\u00f3metros de Arica los ni\u00f1os dan respuesta a su curiosidad - Arica y Parinacota\",\"isPartOf\":{\"@id\":\"https:\/\/dev.explora.cl\/aricayparinacota\/#website\"},\"primaryImageOfPage\":{\"@id\":\"https:\/\/dev.explora.cl\/aricayparinacota\/a-100-kilometros-de-arica-los-ninos-dan-respuesta-a-su-curiosidad\/#primaryimage\"},\"image\":{\"@id\":\"https:\/\/dev.explora.cl\/aricayparinacota\/a-100-kilometros-de-arica-los-ninos-dan-respuesta-a-su-curiosidad\/#primaryimage\"},\"thumbnailUrl\":\"https:\/\/dev.explora.cl\/aricayparinacota\/wp-content\/uploads\/sites\/2\/2018\/12\/39208371_2136907949967134_6291456515396075520_n.jpg\",\"datePublished\":\"2018-12-17T14:40:10+00:00\",\"dateModified\":\"2019-06-24T22:42:34+00:00\",\"breadcrumb\":{\"@id\":\"https:\/\/dev.explora.cl\/aricayparinacota\/a-100-kilometros-de-arica-los-ninos-dan-respuesta-a-su-curiosidad\/#breadcrumb\"},\"inLanguage\":\"es-CL\",\"potentialAction\":[{\"@type\":\"ReadAction\",\"target\":[\"https:\/\/dev.explora.cl\/aricayparinacota\/a-100-kilometros-de-arica-los-ninos-dan-respuesta-a-su-curiosidad\/\"]}]},{\"@type\":\"ImageObject\",\"inLanguage\":\"es-CL\",\"@id\":\"https:\/\/dev.explora.cl\/aricayparinacota\/a-100-kilometros-de-arica-los-ninos-dan-respuesta-a-su-curiosidad\/#primaryimage\",\"url\":\"https:\/\/dev.explora.cl\/aricayparinacota\/wp-content\/uploads\/sites\/2\/2018\/12\/39208371_2136907949967134_6291456515396075520_n.jpg\",\"contentUrl\":\"https:\/\/dev.explora.cl\/aricayparinacota\/wp-content\/uploads\/sites\/2\/2018\/12\/39208371_2136907949967134_6291456515396075520_n.jpg\",\"width\":341,\"height\":304},{\"@type\":\"BreadcrumbList\",\"@id\":\"https:\/\/dev.explora.cl\/aricayparinacota\/a-100-kilometros-de-arica-los-ninos-dan-respuesta-a-su-curiosidad\/#breadcrumb\",\"itemListElement\":[{\"@type\":\"ListItem\",\"position\":1,\"name\":\"Portada\",\"item\":\"https:\/\/dev.explora.cl\/aricayparinacota\/\"},{\"@type\":\"ListItem\",\"position\":2,\"name\":\"A 100 kil\u00f3metros de Arica los ni\u00f1os dan respuesta a su curiosidad\"}]},{\"@type\":\"WebSite\",\"@id\":\"https:\/\/dev.explora.cl\/aricayparinacota\/#website\",\"url\":\"https:\/\/dev.explora.cl\/aricayparinacota\/\",\"name\":\"Arica y Parinacota\",\"description\":\"Otro sitio m\u00e1s de dev.explora.cl\",\"publisher\":{\"@id\":\"https:\/\/dev.explora.cl\/aricayparinacota\/#organization\"},\"potentialAction\":[{\"@type\":\"SearchAction\",\"target\":{\"@type\":\"EntryPoint\",\"urlTemplate\":\"https:\/\/dev.explora.cl\/aricayparinacota\/?s={search_term_string}\"},\"query-input\":{\"@type\":\"PropertyValueSpecification\",\"valueRequired\":true,\"valueName\":\"search_term_string\"}}],\"inLanguage\":\"es-CL\"},{\"@type\":\"Organization\",\"@id\":\"https:\/\/dev.explora.cl\/aricayparinacota\/#organization\",\"name\":\"Arica y Parinacota\",\"url\":\"https:\/\/dev.explora.cl\/aricayparinacota\/\",\"logo\":{\"@type\":\"ImageObject\",\"inLanguage\":\"es-CL\",\"@id\":\"https:\/\/dev.explora.cl\/aricayparinacota\/#\/schema\/logo\/image\/\",\"url\":\"https:\/\/dev.explora.cl\/aricayparinacota\/wp-content\/uploads\/sites\/2\/2020\/08\/cropped-nuevosa-logos-11.png\",\"contentUrl\":\"https:\/\/dev.explora.cl\/aricayparinacota\/wp-content\/uploads\/sites\/2\/2020\/08\/cropped-nuevosa-logos-11.png\",\"width\":812,\"height\":937,\"caption\":\"Arica y Parinacota\"},\"image\":{\"@id\":\"https:\/\/dev.explora.cl\/aricayparinacota\/#\/schema\/logo\/image\/\"}},{\"@type\":\"Person\",\"@id\":\"https:\/\/dev.explora.cl\/aricayparinacota\/#\/schema\/person\/cb8349c13ea2d324080adf8480d7ba5d\",\"name\":\"webman\",\"image\":{\"@type\":\"ImageObject\",\"inLanguage\":\"es-CL\",\"@id\":\"https:\/\/dev.explora.cl\/aricayparinacota\/#\/schema\/person\/image\/\",\"url\":\"https:\/\/secure.gravatar.com\/avatar\/eeff3c82f2c02f7177d13663b7e6f890e9a6a0647ce9bb29cae02dcb094c7312?s=96&d=mm&r=g\",\"contentUrl\":\"https:\/\/secure.gravatar.com\/avatar\/eeff3c82f2c02f7177d13663b7e6f890e9a6a0647ce9bb29cae02dcb094c7312?s=96&d=mm&r=g\",\"caption\":\"webman\"},\"url\":\"https:\/\/dev.explora.cl\/aricayparinacota\/author\/webman\/\"}]}<\/script>\n<!-- \/ Yoast SEO plugin. -->","yoast_head_json":{"title":"A 100 kil\u00f3metros de Arica los ni\u00f1os dan respuesta a su curiosidad - Arica y Parinacota","robots":{"index":"index","follow":"follow","max-snippet":"max-snippet:-1","max-image-preview":"max-image-preview:large","max-video-preview":"max-video-preview:-1"},"canonical":"https:\/\/dev.explora.cl\/aricayparinacota\/a-100-kilometros-de-arica-los-ninos-dan-respuesta-a-su-curiosidad\/","og_locale":"es_ES","og_type":"article","og_title":"A 100 kil\u00f3metros de Arica los ni\u00f1os dan respuesta a su curiosidad - Arica y Parinacota","og_description":"Cada ma\u00f1ana, los cinco ni\u00f1os de la caleta de Camarones, hijos de pescadores, esperan la micro municipal para dirigirse al Jard\u00edn Alternativo Modalidad \u00c9tnico Semillitas de Cuya, donde tambi\u00e9n llegan los dos integrantes que se ubican muy cerca, cuyos jefes de hogar trabajan en el servicio p\u00fablico. Estos siete peque\u00f1os de tres a cinco a\u00f1os [&hellip;]","og_url":"https:\/\/dev.explora.cl\/aricayparinacota\/a-100-kilometros-de-arica-los-ninos-dan-respuesta-a-su-curiosidad\/","og_site_name":"Arica y Parinacota","article_published_time":"2018-12-17T14:40:10+00:00","article_modified_time":"2019-06-24T22:42:34+00:00","og_image":[{"width":341,"height":304,"url":"https:\/\/dev.explora.cl\/aricayparinacota\/wp-content\/uploads\/sites\/2\/2018\/12\/39208371_2136907949967134_6291456515396075520_n.jpg","type":"image\/jpeg"}],"author":"webman","twitter_card":"summary_large_image","twitter_misc":{"Escrito por":"webman","Tiempo estimado de lectura":"2 minutos"},"schema":{"@context":"https:\/\/schema.org","@graph":[{"@type":"Article","@id":"https:\/\/dev.explora.cl\/aricayparinacota\/a-100-kilometros-de-arica-los-ninos-dan-respuesta-a-su-curiosidad\/#article","isPartOf":{"@id":"https:\/\/dev.explora.cl\/aricayparinacota\/a-100-kilometros-de-arica-los-ninos-dan-respuesta-a-su-curiosidad\/"},"author":{"name":"webman","@id":"https:\/\/dev.explora.cl\/aricayparinacota\/#\/schema\/person\/cb8349c13ea2d324080adf8480d7ba5d"},"headline":"A 100 kil\u00f3metros de Arica los ni\u00f1os dan respuesta a su curiosidad","datePublished":"2018-12-17T14:40:10+00:00","dateModified":"2019-06-24T22:42:34+00:00","mainEntityOfPage":{"@id":"https:\/\/dev.explora.cl\/aricayparinacota\/a-100-kilometros-de-arica-los-ninos-dan-respuesta-a-su-curiosidad\/"},"wordCount":508,"publisher":{"@id":"https:\/\/dev.explora.cl\/aricayparinacota\/#organization"},"image":{"@id":"https:\/\/dev.explora.cl\/aricayparinacota\/a-100-kilometros-de-arica-los-ninos-dan-respuesta-a-su-curiosidad\/#primaryimage"},"thumbnailUrl":"https:\/\/dev.explora.cl\/aricayparinacota\/wp-content\/uploads\/sites\/2\/2018\/12\/39208371_2136907949967134_6291456515396075520_n.jpg","articleSection":["Lugar 8","Noticias"],"inLanguage":"es-CL"},{"@type":"WebPage","@id":"https:\/\/dev.explora.cl\/aricayparinacota\/a-100-kilometros-de-arica-los-ninos-dan-respuesta-a-su-curiosidad\/","url":"https:\/\/dev.explora.cl\/aricayparinacota\/a-100-kilometros-de-arica-los-ninos-dan-respuesta-a-su-curiosidad\/","name":"A 100 kil\u00f3metros de Arica los ni\u00f1os dan respuesta a su curiosidad - Arica y Parinacota","isPartOf":{"@id":"https:\/\/dev.explora.cl\/aricayparinacota\/#website"},"primaryImageOfPage":{"@id":"https:\/\/dev.explora.cl\/aricayparinacota\/a-100-kilometros-de-arica-los-ninos-dan-respuesta-a-su-curiosidad\/#primaryimage"},"image":{"@id":"https:\/\/dev.explora.cl\/aricayparinacota\/a-100-kilometros-de-arica-los-ninos-dan-respuesta-a-su-curiosidad\/#primaryimage"},"thumbnailUrl":"https:\/\/dev.explora.cl\/aricayparinacota\/wp-content\/uploads\/sites\/2\/2018\/12\/39208371_2136907949967134_6291456515396075520_n.jpg","datePublished":"2018-12-17T14:40:10+00:00","dateModified":"2019-06-24T22:42:34+00:00","breadcrumb":{"@id":"https:\/\/dev.explora.cl\/aricayparinacota\/a-100-kilometros-de-arica-los-ninos-dan-respuesta-a-su-curiosidad\/#breadcrumb"},"inLanguage":"es-CL","potentialAction":[{"@type":"ReadAction","target":["https:\/\/dev.explora.cl\/aricayparinacota\/a-100-kilometros-de-arica-los-ninos-dan-respuesta-a-su-curiosidad\/"]}]},{"@type":"ImageObject","inLanguage":"es-CL","@id":"https:\/\/dev.explora.cl\/aricayparinacota\/a-100-kilometros-de-arica-los-ninos-dan-respuesta-a-su-curiosidad\/#primaryimage","url":"https:\/\/dev.explora.cl\/aricayparinacota\/wp-content\/uploads\/sites\/2\/2018\/12\/39208371_2136907949967134_6291456515396075520_n.jpg","contentUrl":"https:\/\/dev.explora.cl\/aricayparinacota\/wp-content\/uploads\/sites\/2\/2018\/12\/39208371_2136907949967134_6291456515396075520_n.jpg","width":341,"height":304},{"@type":"BreadcrumbList","@id":"https:\/\/dev.explora.cl\/aricayparinacota\/a-100-kilometros-de-arica-los-ninos-dan-respuesta-a-su-curiosidad\/#breadcrumb","itemListElement":[{"@type":"ListItem","position":1,"name":"Portada","item":"https:\/\/dev.explora.cl\/aricayparinacota\/"},{"@type":"ListItem","position":2,"name":"A 100 kil\u00f3metros de Arica los ni\u00f1os dan respuesta a su curiosidad"}]},{"@type":"WebSite","@id":"https:\/\/dev.explora.cl\/aricayparinacota\/#website","url":"https:\/\/dev.explora.cl\/aricayparinacota\/","name":"Arica y Parinacota","description":"Otro sitio m\u00e1s de dev.explora.cl","publisher":{"@id":"https:\/\/dev.explora.cl\/aricayparinacota\/#organization"},"potentialAction":[{"@type":"SearchAction","target":{"@type":"EntryPoint","urlTemplate":"https:\/\/dev.explora.cl\/aricayparinacota\/?s={search_term_string}"},"query-input":{"@type":"PropertyValueSpecification","valueRequired":true,"valueName":"search_term_string"}}],"inLanguage":"es-CL"},{"@type":"Organization","@id":"https:\/\/dev.explora.cl\/aricayparinacota\/#organization","name":"Arica y Parinacota","url":"https:\/\/dev.explora.cl\/aricayparinacota\/","logo":{"@type":"ImageObject","inLanguage":"es-CL","@id":"https:\/\/dev.explora.cl\/aricayparinacota\/#\/schema\/logo\/image\/","url":"https:\/\/dev.explora.cl\/aricayparinacota\/wp-content\/uploads\/sites\/2\/2020\/08\/cropped-nuevosa-logos-11.png","contentUrl":"https:\/\/dev.explora.cl\/aricayparinacota\/wp-content\/uploads\/sites\/2\/2020\/08\/cropped-nuevosa-logos-11.png","width":812,"height":937,"caption":"Arica y Parinacota"},"image":{"@id":"https:\/\/dev.explora.cl\/aricayparinacota\/#\/schema\/logo\/image\/"}},{"@type":"Person","@id":"https:\/\/dev.explora.cl\/aricayparinacota\/#\/schema\/person\/cb8349c13ea2d324080adf8480d7ba5d","name":"webman","image":{"@type":"ImageObject","inLanguage":"es-CL","@id":"https:\/\/dev.explora.cl\/aricayparinacota\/#\/schema\/person\/image\/","url":"https:\/\/secure.gravatar.com\/avatar\/eeff3c82f2c02f7177d13663b7e6f890e9a6a0647ce9bb29cae02dcb094c7312?s=96&d=mm&r=g","contentUrl":"https:\/\/secure.gravatar.com\/avatar\/eeff3c82f2c02f7177d13663b7e6f890e9a6a0647ce9bb29cae02dcb094c7312?s=96&d=mm&r=g","caption":"webman"},"url":"https:\/\/dev.explora.cl\/aricayparinacota\/author\/webman\/"}]}},"_links":{"self":[{"href":"https:\/\/dev.explora.cl\/aricayparinacota\/wp-json\/wp\/v2\/posts\/32590","targetHints":{"allow":["GET"]}}],"collection":[{"href":"https:\/\/dev.explora.cl\/aricayparinacota\/wp-json\/wp\/v2\/posts"}],"about":[{"href":"https:\/\/dev.explora.cl\/aricayparinacota\/wp-json\/wp\/v2\/types\/post"}],"author":[{"embeddable":true,"href":"https:\/\/dev.explora.cl\/aricayparinacota\/wp-json\/wp\/v2\/users\/2"}],"replies":[{"embeddable":true,"href":"https:\/\/dev.explora.cl\/aricayparinacota\/wp-json\/wp\/v2\/comments?post=32590"}],"version-history":[{"count":2,"href":"https:\/\/dev.explora.cl\/aricayparinacota\/wp-json\/wp\/v2\/posts\/32590\/revisions"}],"predecessor-version":[{"id":34023,"href":"https:\/\/dev.explora.cl\/aricayparinacota\/wp-json\/wp\/v2\/posts\/32590\/revisions\/34023"}],"wp:featuredmedia":[{"embeddable":true,"href":"https:\/\/dev.explora.cl\/aricayparinacota\/wp-json\/wp\/v2\/media\/34022"}],"wp:attachment":[{"href":"https:\/\/dev.explora.cl\/aricayparinacota\/wp-json\/wp\/v2\/media?parent=32590"}],"wp:term":[{"taxonomy":"category","embeddable":true,"href":"https:\/\/dev.explora.cl\/aricayparinacota\/wp-json\/wp\/v2\/categories?post=32590"},{"taxonomy":"post_tag","embeddable":true,"href":"https:\/\/dev.explora.cl\/aricayparinacota\/wp-json\/wp\/v2\/tags?post=32590"}],"curies":[{"name":"wp","href":"https:\/\/api.w.org\/{rel}","templated":true}]}}