{"id":32550,"date":"2018-10-29T11:20:05","date_gmt":"2018-10-29T11:20:05","guid":{"rendered":"https:\/\/dev.explora.cl\/aricayparinacota\/?p=32550"},"modified":"2019-05-09T20:56:12","modified_gmt":"2019-05-09T20:56:12","slug":"representantes-regionales-de-congreso-cientifico-evaluan-la-experiencia","status":"publish","type":"post","link":"https:\/\/dev.explora.cl\/aricayparinacota\/representantes-regionales-de-congreso-cientifico-evaluan-la-experiencia\/","title":{"rendered":"Representantes regionales de congreso cient\u00edfico eval\u00faan la experiencia"},"content":{"rendered":"<div class=\"gs\">\n<div class=\"\">\n<div id=\":13n\" class=\"ii gt\">\n<div id=\":13o\" class=\"a3s aXjCH msg-6635616653937778751\">\n<div dir=\"ltr\">\n<div id=\"m_-6635616653937778751divtagdefaultwrapper\" dir=\"ltr\">\n<div>\n<div dir=\"ltr\">\n<div id=\"m_-6635616653937778751x_divtagdefaultwrapper\" dir=\"ltr\">\n<b>XIII Congreso Regional Escolar de la Ciencia y la Tecnolog\u00eda Explora<\/b><\/p>\n<p class=\"m_-6635616653937778751x_MsoNormal\">Fueron 38 los trabajos participantes del XIII Congreso Regional Escolar de la Ciencia y la Tecnolog\u00eda, que fueron dados a conocer al p\u00fablico asistente al campus Saucache de la Universidad de Tarapac\u00e1 y que luego, fueron expuestos en la modalidad de ponencias ante los cient\u00edficos evaluadores, quienes debieron definir a los representantes regionales. Para el Proyecto Asociativo Regional Explora de CONICYT, ejecutado por la Universidad de Tarapac\u00e1, esta es una de las actividades m\u00e1s importantes del a\u00f1o, por el tiempo y dedicaci\u00f3n de apoyo durante varios meses del a\u00f1o.<\/p>\n<p class=\"m_-6635616653937778751x_MsoNormal\">\u201cEsta es la XIII versi\u00f3n del Congreso que hace Explora en Arica y para quienes por tercer a\u00f1o consecutivo lo hemos realizado, representa la capitalizaci\u00f3n de la experiencia y la formaci\u00f3n de redes. Es tremendamente enriquecedor escuchar que profesoras que han participado con su investigaci\u00f3n en b\u00e1sica, ahora encuentran a ex alumnos participando en ense\u00f1anza media por otros colegios. Tambi\u00e9n escuchar que investigadores de la Universidad apoyan a profesores y ellos a la vez est\u00e1n formando a sus estudiantes en los colegios. Vemos que se ha formado una integraci\u00f3n en tres fases: el investigador de la Universidad, el profesor en el colegio y el estudiante que ser\u00e1 tal vez, un futuro investigador. Esto hace que nuestro trabajo sea productivo y valga la pena dedicarle tiempo\u201d, indic\u00f3 la directora del PAR Explora, M\u00f3nica Navarrete.<\/p>\n<p class=\"m_-6635616653937778751x_MsoNormal\">Una vez definidos los representantes, los abrazos y emociones fueron el tenor de una tarde que todos esperaban. Quienes ir\u00e1n al Congreso Nacional a fines de noviembre, y algunos de los participantes en este Congreso, que convoc\u00f3 a los establecimientos de la regi\u00f3n, unidos por la ciencia, tecnolog\u00eda e innovaci\u00f3n, opinaron sobre esta experiencia.<\/p>\n<p class=\"m_-6635616653937778751x_MsoNormal\">OPINIONES GANADORES<\/p>\n<p class=\"m_-6635616653937778751x_MsoNormal\"><b>Ana Mar\u00eda Olivares<\/b>,\u00a0<b>profesora del Liceo Domingo Santa Mar\u00eda<\/b>: \u201cEl Congreso fue de muy alto nivel, los trabajos y la organizaci\u00f3n muy buenos; y no pens\u00e1bamos que nuevamente como liceo \u00edbamos a viajar, estoy feliz junto a mis alumnos y muy emocionada\u201d.<\/p>\n<p class=\"m_-6635616653937778751x_MsoNormal\"><b>Basti\u00e1n Riquelme<\/b>,\u00a0<b>estudiante del Liceo Domingo Santa Mar\u00eda<\/b>: \u201cNos preparamos, est\u00e1bamos relajados y dijimos vamos a ir suaves, no esper\u00e1bamos llegar a ganar, as\u00ed que me siento feliz y motivado de ir con Cristopher a Concepci\u00f3n\u201d.<\/p>\n<p class=\"m_-6635616653937778751x_MsoNormal\"><b>Cristopher Salinas<\/b>,\u00a0<b>estudiante del Liceo Domingo Santa Mar\u00eda<\/b>: \u201cDijimos este a\u00f1o participemos tranquilos, disfrutemos el Congreso, pero ahora nos sentimos sorprendidos, emocionados y estamos asimilando un poco, porque fue una sorpresa muy grande\u201d.<\/p>\n<p class=\"m_-6635616653937778751x_MsoNormal\"><b>Leonardo M\u00e1rquez, profesor Escuela Rep\u00fablica de Israel<\/b>: \u201cEs incre\u00edble y agradezco que hayan percibido y analizado el trabajo, que fue muy meticuloso. En realidad el objetivo era lograr conocimiento nuevo y lo logramos. Primera vez que participamos, nos la jugamos todas y estamos muy felices. Agradecer a Explora por la oportunidad de disfrutar momentos tan lindos y generar conocimiento para los ni\u00f1os\u201d.<\/p>\n<p class=\"m_-6635616653937778751x_MsoNormal\"><b>Yasm\u00edn Mu\u00f1oz, estudiante de la Escuela Rep\u00fablica de Israel<\/b>: \u201cNo lo pod\u00eda creer porque hab\u00edan muchos proyectos que eran s\u00faper bonitos e interesantes, fue como una emoci\u00f3n, yo estaba aspirando como para tercer lugar, pero nunca pens\u00e9 que ser\u00eda el primero\u201d.<\/p>\n<p class=\"m_-6635616653937778751x_MsoNormal\"><b>Fernanda Ojeda, estudiante de la Escuela Rep\u00fablica de Israel<\/b>: \u201cFue muy valioso este momento porque pudimos aprender nuevas cosas y adem\u00e1s que nuestros compa\u00f1eros hicieron muchos trabajos interesantes por lo que est\u00e1bamos con pocas expectativas, me siento muy feliz porque pudimos lograr nuestro objetivo\u201d.<\/p>\n<p class=\"m_-6635616653937778751x_MsoNormal\"><b>Paola Moraga, profesora del Liceo Polit\u00e9cnico Antonio Varas de La Barra<\/b>: \u201cLa verdad es que fue una sorpresa, un arduo trabajo, est\u00e1bamos comprometidos con la gente del pueblo de Chapisca, que conociera la especie del Guacano, \u00e9se era nuestro compromiso con la comunidad. Ganar es un premio al esfuerzo de las estudiantes, porque nos levant\u00e1bamos a las cinco de la ma\u00f1ana para ir a terreno\u201d.<\/p>\n<p class=\"m_-6635616653937778751x_MsoNormal\"><b>Alejandra Iribarren, estudiante del Liceo Polit\u00e9cnico Antonio Varas de La Barra<\/b>: \u201cMe emocion\u00e9, y es una experiencia muy linda porque trabajando con Explora uno aprende con su mismo proyecto y con los de los dem\u00e1s\u201d.<\/p>\n<p class=\"m_-6635616653937778751x_MsoNormal\"><b>Wendy Vadillo, estudiante del Liceo Polit\u00e9cnico Antonio Varas de La Barra<\/b>: \u201cEmocionante, no lo pod\u00eda creer, pensamos que iban a ganar nuestros compa\u00f1eros, cuando dijeron que era nuestro proyecto cre\u00edamos que se hab\u00edan equivocado y ah\u00ed cuando vimos que \u00e9ramos nosotras nos emocionamos mucho\u201d.<\/p>\n<p class=\"m_-6635616653937778751x_MsoNormal\">EXPERIENCIAS VIVIDAS<\/p>\n<p class=\"m_-6635616653937778751x_MsoNormal\"><b>Cristian Duarte, profesor Colegio Andino<\/b>: \u201cMuy entretenido todo, muy agradecido y orgulloso tambi\u00e9n de Explora, que nos haya hecho participar de este Congreso y muy contento de representar al colegio\u201d.<\/p>\n<p class=\"m_-6635616653937778751x_MsoNormal\"><b>Jorge Limache, apoderado Colegio Mosaicos<\/b>: \u201cMuy bueno el Congreso, la ciencia en los ni\u00f1os, como se organizan y presentan sus trabajos, muy buena\u201d.<\/p>\n<p class=\"m_-6635616653937778751x_MsoNormal\"><b>Karina Godoy, profesora del Liceo T\u00e9cnico Profesional Granaderos de Putre<\/b>: \u201cMaravilloso que los ni\u00f1os participen y se motiven, estamos contentos de mostrar parte de nuestra zona, hacemos lo que se puede para traer nuestra cultura a la ciudad\u201d.<\/p>\n<p class=\"m_-6635616653937778751x_MsoNormal\"><b>Ariel Rivas, profesor del Liceo T\u00e9cnico Profesional Granaderos de Putre<\/b>: \u201cEs una de las mejores experiencias, que yo tambi\u00e9n viv\u00ed cuando era estudiante y estaba en la educaci\u00f3n media y me sirvi\u00f3 mucho, la idea es que los j\u00f3venes puedan empezar a hacer investigaci\u00f3n, es una forma entretenida de aprender, no es como estar pasando la materia con textos sino que ellos mismos van, exploran, salen a terreno, hacen entrevistas, desarrollan sus capacidades blandas, y adem\u00e1s tienen un conocimiento en algo que es su patrimonio cultural\u201d.<\/p>\n<p class=\"m_-6635616653937778751x_MsoNormal\"><img loading=\"lazy\" decoding=\"async\" class=\"wp-image-32552 size-full aligncenter\" src=\"https:\/\/dev.explora.cl\/aricayparinacota\/wp-content\/uploads\/sites\/2\/2018\/12\/Collage-XIII-CRECyT-31-10-2018.jpg\" alt=\"\" width=\"900\" height=\"246\" srcset=\"https:\/\/dev.explora.cl\/aricayparinacota\/wp-content\/uploads\/sites\/2\/2018\/12\/Collage-XIII-CRECyT-31-10-2018.jpg 900w, https:\/\/dev.explora.cl\/aricayparinacota\/wp-content\/uploads\/sites\/2\/2018\/12\/Collage-XIII-CRECyT-31-10-2018-300x82.jpg 300w, https:\/\/dev.explora.cl\/aricayparinacota\/wp-content\/uploads\/sites\/2\/2018\/12\/Collage-XIII-CRECyT-31-10-2018-768x210.jpg 768w\" sizes=\"auto, (max-width: 900px) 100vw, 900px\" \/><\/p>\n<\/div>\n<\/div>\n<\/div>\n<\/div>\n<\/div>\n<\/div>\n<\/div>\n<\/div>\n<\/div>\n","protected":false},"excerpt":{"rendered":"<p>XIII Congreso Regional Escolar de la Ciencia y la Tecnolog\u00eda Explora Fueron 38 los trabajos participantes del XIII Congreso Regional Escolar de la Ciencia y la Tecnolog\u00eda, que fueron dados a conocer al p\u00fablico asistente al campus Saucache de la Universidad de Tarapac\u00e1 y que luego, fueron expuestos en la modalidad de ponencias ante los [&hellip;]<\/p>\n","protected":false},"author":2,"featured_media":32551,"comment_status":"closed","ping_status":"open","sticky":false,"template":"","format":"standard","meta":{"_acf_changed":false,"_exactmetrics_skip_tracking":false,"_exactmetrics_sitenote_active":false,"_exactmetrics_sitenote_note":"","_exactmetrics_sitenote_category":0,"footnotes":"","_links_to":"","_links_to_target":""},"categories":[4],"tags":[],"class_list":["post-32550","post","type-post","status-publish","format-standard","has-post-thumbnail","hentry","category-noticias"],"acf":[],"yoast_head":"<!-- This site is optimized with the Yoast SEO plugin v26.7 - https:\/\/yoast.com\/wordpress\/plugins\/seo\/ -->\n<title>Representantes regionales de congreso cient\u00edfico eval\u00faan la experiencia - Arica y Parinacota<\/title>\n<meta name=\"robots\" content=\"index, follow, max-snippet:-1, max-image-preview:large, max-video-preview:-1\" \/>\n<link rel=\"canonical\" href=\"https:\/\/dev.explora.cl\/aricayparinacota\/representantes-regionales-de-congreso-cientifico-evaluan-la-experiencia\/\" class=\"yoast-seo-meta-tag\" \/>\n<meta property=\"og:locale\" content=\"es_ES\" class=\"yoast-seo-meta-tag\" \/>\n<meta property=\"og:type\" content=\"article\" class=\"yoast-seo-meta-tag\" \/>\n<meta property=\"og:title\" content=\"Representantes regionales de congreso cient\u00edfico eval\u00faan la experiencia - Arica y Parinacota\" class=\"yoast-seo-meta-tag\" \/>\n<meta property=\"og:description\" content=\"XIII Congreso Regional Escolar de la Ciencia y la Tecnolog\u00eda Explora Fueron 38 los trabajos participantes del XIII Congreso Regional Escolar de la Ciencia y la Tecnolog\u00eda, que fueron dados a conocer al p\u00fablico asistente al campus Saucache de la Universidad de Tarapac\u00e1 y que luego, fueron expuestos en la modalidad de ponencias ante los [&hellip;]\" class=\"yoast-seo-meta-tag\" \/>\n<meta property=\"og:url\" content=\"https:\/\/dev.explora.cl\/aricayparinacota\/representantes-regionales-de-congreso-cientifico-evaluan-la-experiencia\/\" class=\"yoast-seo-meta-tag\" \/>\n<meta property=\"og:site_name\" content=\"Arica y Parinacota\" class=\"yoast-seo-meta-tag\" \/>\n<meta property=\"article:published_time\" content=\"2018-10-29T11:20:05+00:00\" class=\"yoast-seo-meta-tag\" \/>\n<meta property=\"article:modified_time\" content=\"2019-05-09T20:56:12+00:00\" class=\"yoast-seo-meta-tag\" \/>\n<meta property=\"og:image\" content=\"https:\/\/dev.explora.cl\/aricayparinacota\/wp-content\/uploads\/sites\/2\/2018\/12\/Miniatura-XIII-CRECyT-31-10-2018.jpg\" class=\"yoast-seo-meta-tag\" \/>\n\t<meta property=\"og:image:width\" content=\"224\" class=\"yoast-seo-meta-tag\" \/>\n\t<meta property=\"og:image:height\" content=\"147\" class=\"yoast-seo-meta-tag\" \/>\n\t<meta property=\"og:image:type\" content=\"image\/jpeg\" class=\"yoast-seo-meta-tag\" \/>\n<meta name=\"author\" content=\"webman\" class=\"yoast-seo-meta-tag\" \/>\n<meta name=\"twitter:card\" content=\"summary_large_image\" class=\"yoast-seo-meta-tag\" \/>\n<meta name=\"twitter:label1\" content=\"Escrito por\" class=\"yoast-seo-meta-tag\" \/>\n\t<meta name=\"twitter:data1\" content=\"webman\" class=\"yoast-seo-meta-tag\" \/>\n\t<meta name=\"twitter:label2\" content=\"Tiempo estimado de lectura\" class=\"yoast-seo-meta-tag\" \/>\n\t<meta name=\"twitter:data2\" content=\"5 minutos\" class=\"yoast-seo-meta-tag\" \/>\n<script type=\"application\/ld+json\" class=\"yoast-schema-graph\">{\"@context\":\"https:\/\/schema.org\",\"@graph\":[{\"@type\":\"Article\",\"@id\":\"https:\/\/dev.explora.cl\/aricayparinacota\/representantes-regionales-de-congreso-cientifico-evaluan-la-experiencia\/#article\",\"isPartOf\":{\"@id\":\"https:\/\/dev.explora.cl\/aricayparinacota\/representantes-regionales-de-congreso-cientifico-evaluan-la-experiencia\/\"},\"author\":{\"name\":\"webman\",\"@id\":\"https:\/\/dev.explora.cl\/aricayparinacota\/#\/schema\/person\/cb8349c13ea2d324080adf8480d7ba5d\"},\"headline\":\"Representantes regionales de congreso cient\u00edfico eval\u00faan la experiencia\",\"datePublished\":\"2018-10-29T11:20:05+00:00\",\"dateModified\":\"2019-05-09T20:56:12+00:00\",\"mainEntityOfPage\":{\"@id\":\"https:\/\/dev.explora.cl\/aricayparinacota\/representantes-regionales-de-congreso-cientifico-evaluan-la-experiencia\/\"},\"wordCount\":950,\"publisher\":{\"@id\":\"https:\/\/dev.explora.cl\/aricayparinacota\/#organization\"},\"image\":{\"@id\":\"https:\/\/dev.explora.cl\/aricayparinacota\/representantes-regionales-de-congreso-cientifico-evaluan-la-experiencia\/#primaryimage\"},\"thumbnailUrl\":\"https:\/\/dev.explora.cl\/aricayparinacota\/wp-content\/uploads\/sites\/2\/2018\/12\/Miniatura-XIII-CRECyT-31-10-2018.jpg\",\"articleSection\":[\"Noticias\"],\"inLanguage\":\"es-CL\"},{\"@type\":\"WebPage\",\"@id\":\"https:\/\/dev.explora.cl\/aricayparinacota\/representantes-regionales-de-congreso-cientifico-evaluan-la-experiencia\/\",\"url\":\"https:\/\/dev.explora.cl\/aricayparinacota\/representantes-regionales-de-congreso-cientifico-evaluan-la-experiencia\/\",\"name\":\"Representantes regionales de congreso cient\u00edfico eval\u00faan la experiencia - Arica y Parinacota\",\"isPartOf\":{\"@id\":\"https:\/\/dev.explora.cl\/aricayparinacota\/#website\"},\"primaryImageOfPage\":{\"@id\":\"https:\/\/dev.explora.cl\/aricayparinacota\/representantes-regionales-de-congreso-cientifico-evaluan-la-experiencia\/#primaryimage\"},\"image\":{\"@id\":\"https:\/\/dev.explora.cl\/aricayparinacota\/representantes-regionales-de-congreso-cientifico-evaluan-la-experiencia\/#primaryimage\"},\"thumbnailUrl\":\"https:\/\/dev.explora.cl\/aricayparinacota\/wp-content\/uploads\/sites\/2\/2018\/12\/Miniatura-XIII-CRECyT-31-10-2018.jpg\",\"datePublished\":\"2018-10-29T11:20:05+00:00\",\"dateModified\":\"2019-05-09T20:56:12+00:00\",\"breadcrumb\":{\"@id\":\"https:\/\/dev.explora.cl\/aricayparinacota\/representantes-regionales-de-congreso-cientifico-evaluan-la-experiencia\/#breadcrumb\"},\"inLanguage\":\"es-CL\",\"potentialAction\":[{\"@type\":\"ReadAction\",\"target\":[\"https:\/\/dev.explora.cl\/aricayparinacota\/representantes-regionales-de-congreso-cientifico-evaluan-la-experiencia\/\"]}]},{\"@type\":\"ImageObject\",\"inLanguage\":\"es-CL\",\"@id\":\"https:\/\/dev.explora.cl\/aricayparinacota\/representantes-regionales-de-congreso-cientifico-evaluan-la-experiencia\/#primaryimage\",\"url\":\"https:\/\/dev.explora.cl\/aricayparinacota\/wp-content\/uploads\/sites\/2\/2018\/12\/Miniatura-XIII-CRECyT-31-10-2018.jpg\",\"contentUrl\":\"https:\/\/dev.explora.cl\/aricayparinacota\/wp-content\/uploads\/sites\/2\/2018\/12\/Miniatura-XIII-CRECyT-31-10-2018.jpg\",\"width\":224,\"height\":147},{\"@type\":\"BreadcrumbList\",\"@id\":\"https:\/\/dev.explora.cl\/aricayparinacota\/representantes-regionales-de-congreso-cientifico-evaluan-la-experiencia\/#breadcrumb\",\"itemListElement\":[{\"@type\":\"ListItem\",\"position\":1,\"name\":\"Portada\",\"item\":\"https:\/\/dev.explora.cl\/aricayparinacota\/\"},{\"@type\":\"ListItem\",\"position\":2,\"name\":\"Representantes regionales de congreso cient\u00edfico eval\u00faan la experiencia\"}]},{\"@type\":\"WebSite\",\"@id\":\"https:\/\/dev.explora.cl\/aricayparinacota\/#website\",\"url\":\"https:\/\/dev.explora.cl\/aricayparinacota\/\",\"name\":\"Arica y Parinacota\",\"description\":\"Otro sitio m\u00e1s de dev.explora.cl\",\"publisher\":{\"@id\":\"https:\/\/dev.explora.cl\/aricayparinacota\/#organization\"},\"potentialAction\":[{\"@type\":\"SearchAction\",\"target\":{\"@type\":\"EntryPoint\",\"urlTemplate\":\"https:\/\/dev.explora.cl\/aricayparinacota\/?s={search_term_string}\"},\"query-input\":{\"@type\":\"PropertyValueSpecification\",\"valueRequired\":true,\"valueName\":\"search_term_string\"}}],\"inLanguage\":\"es-CL\"},{\"@type\":\"Organization\",\"@id\":\"https:\/\/dev.explora.cl\/aricayparinacota\/#organization\",\"name\":\"Arica y Parinacota\",\"url\":\"https:\/\/dev.explora.cl\/aricayparinacota\/\",\"logo\":{\"@type\":\"ImageObject\",\"inLanguage\":\"es-CL\",\"@id\":\"https:\/\/dev.explora.cl\/aricayparinacota\/#\/schema\/logo\/image\/\",\"url\":\"https:\/\/dev.explora.cl\/aricayparinacota\/wp-content\/uploads\/sites\/2\/2020\/08\/cropped-nuevosa-logos-11.png\",\"contentUrl\":\"https:\/\/dev.explora.cl\/aricayparinacota\/wp-content\/uploads\/sites\/2\/2020\/08\/cropped-nuevosa-logos-11.png\",\"width\":812,\"height\":937,\"caption\":\"Arica y Parinacota\"},\"image\":{\"@id\":\"https:\/\/dev.explora.cl\/aricayparinacota\/#\/schema\/logo\/image\/\"}},{\"@type\":\"Person\",\"@id\":\"https:\/\/dev.explora.cl\/aricayparinacota\/#\/schema\/person\/cb8349c13ea2d324080adf8480d7ba5d\",\"name\":\"webman\",\"image\":{\"@type\":\"ImageObject\",\"inLanguage\":\"es-CL\",\"@id\":\"https:\/\/dev.explora.cl\/aricayparinacota\/#\/schema\/person\/image\/\",\"url\":\"https:\/\/secure.gravatar.com\/avatar\/eeff3c82f2c02f7177d13663b7e6f890e9a6a0647ce9bb29cae02dcb094c7312?s=96&d=mm&r=g\",\"contentUrl\":\"https:\/\/secure.gravatar.com\/avatar\/eeff3c82f2c02f7177d13663b7e6f890e9a6a0647ce9bb29cae02dcb094c7312?s=96&d=mm&r=g\",\"caption\":\"webman\"},\"url\":\"https:\/\/dev.explora.cl\/aricayparinacota\/author\/webman\/\"}]}<\/script>\n<!-- \/ Yoast SEO plugin. -->","yoast_head_json":{"title":"Representantes regionales de congreso cient\u00edfico eval\u00faan la experiencia - Arica y Parinacota","robots":{"index":"index","follow":"follow","max-snippet":"max-snippet:-1","max-image-preview":"max-image-preview:large","max-video-preview":"max-video-preview:-1"},"canonical":"https:\/\/dev.explora.cl\/aricayparinacota\/representantes-regionales-de-congreso-cientifico-evaluan-la-experiencia\/","og_locale":"es_ES","og_type":"article","og_title":"Representantes regionales de congreso cient\u00edfico eval\u00faan la experiencia - Arica y Parinacota","og_description":"XIII Congreso Regional Escolar de la Ciencia y la Tecnolog\u00eda Explora Fueron 38 los trabajos participantes del XIII Congreso Regional Escolar de la Ciencia y la Tecnolog\u00eda, que fueron dados a conocer al p\u00fablico asistente al campus Saucache de la Universidad de Tarapac\u00e1 y que luego, fueron expuestos en la modalidad de ponencias ante los [&hellip;]","og_url":"https:\/\/dev.explora.cl\/aricayparinacota\/representantes-regionales-de-congreso-cientifico-evaluan-la-experiencia\/","og_site_name":"Arica y Parinacota","article_published_time":"2018-10-29T11:20:05+00:00","article_modified_time":"2019-05-09T20:56:12+00:00","og_image":[{"width":224,"height":147,"url":"https:\/\/dev.explora.cl\/aricayparinacota\/wp-content\/uploads\/sites\/2\/2018\/12\/Miniatura-XIII-CRECyT-31-10-2018.jpg","type":"image\/jpeg"}],"author":"webman","twitter_card":"summary_large_image","twitter_misc":{"Escrito por":"webman","Tiempo estimado de lectura":"5 minutos"},"schema":{"@context":"https:\/\/schema.org","@graph":[{"@type":"Article","@id":"https:\/\/dev.explora.cl\/aricayparinacota\/representantes-regionales-de-congreso-cientifico-evaluan-la-experiencia\/#article","isPartOf":{"@id":"https:\/\/dev.explora.cl\/aricayparinacota\/representantes-regionales-de-congreso-cientifico-evaluan-la-experiencia\/"},"author":{"name":"webman","@id":"https:\/\/dev.explora.cl\/aricayparinacota\/#\/schema\/person\/cb8349c13ea2d324080adf8480d7ba5d"},"headline":"Representantes regionales de congreso cient\u00edfico eval\u00faan la experiencia","datePublished":"2018-10-29T11:20:05+00:00","dateModified":"2019-05-09T20:56:12+00:00","mainEntityOfPage":{"@id":"https:\/\/dev.explora.cl\/aricayparinacota\/representantes-regionales-de-congreso-cientifico-evaluan-la-experiencia\/"},"wordCount":950,"publisher":{"@id":"https:\/\/dev.explora.cl\/aricayparinacota\/#organization"},"image":{"@id":"https:\/\/dev.explora.cl\/aricayparinacota\/representantes-regionales-de-congreso-cientifico-evaluan-la-experiencia\/#primaryimage"},"thumbnailUrl":"https:\/\/dev.explora.cl\/aricayparinacota\/wp-content\/uploads\/sites\/2\/2018\/12\/Miniatura-XIII-CRECyT-31-10-2018.jpg","articleSection":["Noticias"],"inLanguage":"es-CL"},{"@type":"WebPage","@id":"https:\/\/dev.explora.cl\/aricayparinacota\/representantes-regionales-de-congreso-cientifico-evaluan-la-experiencia\/","url":"https:\/\/dev.explora.cl\/aricayparinacota\/representantes-regionales-de-congreso-cientifico-evaluan-la-experiencia\/","name":"Representantes regionales de congreso cient\u00edfico eval\u00faan la experiencia - Arica y Parinacota","isPartOf":{"@id":"https:\/\/dev.explora.cl\/aricayparinacota\/#website"},"primaryImageOfPage":{"@id":"https:\/\/dev.explora.cl\/aricayparinacota\/representantes-regionales-de-congreso-cientifico-evaluan-la-experiencia\/#primaryimage"},"image":{"@id":"https:\/\/dev.explora.cl\/aricayparinacota\/representantes-regionales-de-congreso-cientifico-evaluan-la-experiencia\/#primaryimage"},"thumbnailUrl":"https:\/\/dev.explora.cl\/aricayparinacota\/wp-content\/uploads\/sites\/2\/2018\/12\/Miniatura-XIII-CRECyT-31-10-2018.jpg","datePublished":"2018-10-29T11:20:05+00:00","dateModified":"2019-05-09T20:56:12+00:00","breadcrumb":{"@id":"https:\/\/dev.explora.cl\/aricayparinacota\/representantes-regionales-de-congreso-cientifico-evaluan-la-experiencia\/#breadcrumb"},"inLanguage":"es-CL","potentialAction":[{"@type":"ReadAction","target":["https:\/\/dev.explora.cl\/aricayparinacota\/representantes-regionales-de-congreso-cientifico-evaluan-la-experiencia\/"]}]},{"@type":"ImageObject","inLanguage":"es-CL","@id":"https:\/\/dev.explora.cl\/aricayparinacota\/representantes-regionales-de-congreso-cientifico-evaluan-la-experiencia\/#primaryimage","url":"https:\/\/dev.explora.cl\/aricayparinacota\/wp-content\/uploads\/sites\/2\/2018\/12\/Miniatura-XIII-CRECyT-31-10-2018.jpg","contentUrl":"https:\/\/dev.explora.cl\/aricayparinacota\/wp-content\/uploads\/sites\/2\/2018\/12\/Miniatura-XIII-CRECyT-31-10-2018.jpg","width":224,"height":147},{"@type":"BreadcrumbList","@id":"https:\/\/dev.explora.cl\/aricayparinacota\/representantes-regionales-de-congreso-cientifico-evaluan-la-experiencia\/#breadcrumb","itemListElement":[{"@type":"ListItem","position":1,"name":"Portada","item":"https:\/\/dev.explora.cl\/aricayparinacota\/"},{"@type":"ListItem","position":2,"name":"Representantes regionales de congreso cient\u00edfico eval\u00faan la experiencia"}]},{"@type":"WebSite","@id":"https:\/\/dev.explora.cl\/aricayparinacota\/#website","url":"https:\/\/dev.explora.cl\/aricayparinacota\/","name":"Arica y Parinacota","description":"Otro sitio m\u00e1s de dev.explora.cl","publisher":{"@id":"https:\/\/dev.explora.cl\/aricayparinacota\/#organization"},"potentialAction":[{"@type":"SearchAction","target":{"@type":"EntryPoint","urlTemplate":"https:\/\/dev.explora.cl\/aricayparinacota\/?s={search_term_string}"},"query-input":{"@type":"PropertyValueSpecification","valueRequired":true,"valueName":"search_term_string"}}],"inLanguage":"es-CL"},{"@type":"Organization","@id":"https:\/\/dev.explora.cl\/aricayparinacota\/#organization","name":"Arica y Parinacota","url":"https:\/\/dev.explora.cl\/aricayparinacota\/","logo":{"@type":"ImageObject","inLanguage":"es-CL","@id":"https:\/\/dev.explora.cl\/aricayparinacota\/#\/schema\/logo\/image\/","url":"https:\/\/dev.explora.cl\/aricayparinacota\/wp-content\/uploads\/sites\/2\/2020\/08\/cropped-nuevosa-logos-11.png","contentUrl":"https:\/\/dev.explora.cl\/aricayparinacota\/wp-content\/uploads\/sites\/2\/2020\/08\/cropped-nuevosa-logos-11.png","width":812,"height":937,"caption":"Arica y Parinacota"},"image":{"@id":"https:\/\/dev.explora.cl\/aricayparinacota\/#\/schema\/logo\/image\/"}},{"@type":"Person","@id":"https:\/\/dev.explora.cl\/aricayparinacota\/#\/schema\/person\/cb8349c13ea2d324080adf8480d7ba5d","name":"webman","image":{"@type":"ImageObject","inLanguage":"es-CL","@id":"https:\/\/dev.explora.cl\/aricayparinacota\/#\/schema\/person\/image\/","url":"https:\/\/secure.gravatar.com\/avatar\/eeff3c82f2c02f7177d13663b7e6f890e9a6a0647ce9bb29cae02dcb094c7312?s=96&d=mm&r=g","contentUrl":"https:\/\/secure.gravatar.com\/avatar\/eeff3c82f2c02f7177d13663b7e6f890e9a6a0647ce9bb29cae02dcb094c7312?s=96&d=mm&r=g","caption":"webman"},"url":"https:\/\/dev.explora.cl\/aricayparinacota\/author\/webman\/"}]}},"_links":{"self":[{"href":"https:\/\/dev.explora.cl\/aricayparinacota\/wp-json\/wp\/v2\/posts\/32550","targetHints":{"allow":["GET"]}}],"collection":[{"href":"https:\/\/dev.explora.cl\/aricayparinacota\/wp-json\/wp\/v2\/posts"}],"about":[{"href":"https:\/\/dev.explora.cl\/aricayparinacota\/wp-json\/wp\/v2\/types\/post"}],"author":[{"embeddable":true,"href":"https:\/\/dev.explora.cl\/aricayparinacota\/wp-json\/wp\/v2\/users\/2"}],"replies":[{"embeddable":true,"href":"https:\/\/dev.explora.cl\/aricayparinacota\/wp-json\/wp\/v2\/comments?post=32550"}],"version-history":[{"count":1,"href":"https:\/\/dev.explora.cl\/aricayparinacota\/wp-json\/wp\/v2\/posts\/32550\/revisions"}],"predecessor-version":[{"id":32785,"href":"https:\/\/dev.explora.cl\/aricayparinacota\/wp-json\/wp\/v2\/posts\/32550\/revisions\/32785"}],"wp:featuredmedia":[{"embeddable":true,"href":"https:\/\/dev.explora.cl\/aricayparinacota\/wp-json\/wp\/v2\/media\/32551"}],"wp:attachment":[{"href":"https:\/\/dev.explora.cl\/aricayparinacota\/wp-json\/wp\/v2\/media?parent=32550"}],"wp:term":[{"taxonomy":"category","embeddable":true,"href":"https:\/\/dev.explora.cl\/aricayparinacota\/wp-json\/wp\/v2\/categories?post=32550"},{"taxonomy":"post_tag","embeddable":true,"href":"https:\/\/dev.explora.cl\/aricayparinacota\/wp-json\/wp\/v2\/tags?post=32550"}],"curies":[{"name":"wp","href":"https:\/\/api.w.org\/{rel}","templated":true}]}}