{"id":32537,"date":"2018-10-19T10:33:40","date_gmt":"2018-10-19T10:33:40","guid":{"rendered":"https:\/\/dev.explora.cl\/aricayparinacota\/?p=32537"},"modified":"2019-05-09T20:56:33","modified_gmt":"2019-05-09T20:56:33","slug":"estudiantes-de-la-escuela-de-chitita-extraen-aceite-de-plantas-medicinales","status":"publish","type":"post","link":"https:\/\/dev.explora.cl\/aricayparinacota\/estudiantes-de-la-escuela-de-chitita-extraen-aceite-de-plantas-medicinales\/","title":{"rendered":"Estudiantes de la Escuela de Chitita extraen aceite de plantas medicinales"},"content":{"rendered":"<p>Participaron en la VI Feria Infantil del Proyecto Explora de CONICYT<br \/>\n&nbsp;<\/p>\n<p class=\"m_-3340445172554265389x_m_3674745822731949517x_x_MsoNormal\"><i>En la VI versi\u00f3n de la Feria Infantil de Ciencia y Tecnolog\u00eda de Explora, el profesor Fernando Fern\u00e1ndez de la Escuela de Chitita indica que \u201ceste a\u00f1o ha sido fant\u00e1stico, me siento feliz porque particip\u00f3 mucha gente, esto a uno lo incentiva porque mis estudiantes est\u00e1n trasmitiendo sus conocimientos y su identidad, porque ellos se sienten conectados a la pachamama\u201d.<\/i><\/p>\n<p class=\"m_-3340445172554265389x_m_3674745822731949517x_x_MsoNormal\">Dicen que en la laguna de Jasjara canta una sirena algunas noches. El lugar es m\u00e1gico y se encuentra en una hondonada geogr\u00e1fica de la comuna de Camarones, donde la Escuela de Chitita con sus siete estudiantes de ocho a diez a\u00f1os produce aceite, oleato y cremas, usando las hojas de hierbas medicinales del pueblo distante a 135 kil\u00f3metros de Arica.<\/p>\n<p class=\"m_-3340445172554265389x_m_3674745822731949517x_x_MsoNormal\">Para llegar a esta comunidad de 30 familias, dedicadas a la agricultura, primero es necesario transitar un tramo asfaltado hasta la localidad de Gua\u00f1acagua y, luego, exactamente tres kil\u00f3metros de tierra. En el d\u00eda se ve poca gente pues no deben fallar en el riego de sus \u00e1rboles que producen limones, naranjas, membrillos y guayabas, tampoco en la cosecha de tunas y granadas, resultados de un microclima que ofrece mucho calor en el d\u00eda y baja temperatura en la noche.<\/p>\n<p class=\"m_-3340445172554265389x_m_3674745822731949517x_x_MsoNormal\">Con una ra\u00edz aymara, los estudiantes tienen familias y ancestros que luchan por la revitalizaci\u00f3n de sus costumbres y tradiciones ancestrales, es por ello que est\u00e1n familiarizados con el sincretismo religioso practicado en su pintoresca iglesia, e informados de la presencia cultural de los gentilares y pukaras existentes.<\/p>\n<p class=\"m_-3340445172554265389x_m_3674745822731949517x_x_MsoNormal\">EDUCACI\u00d3N INTERCULTURAL<\/p>\n<p class=\"m_-3340445172554265389x_m_3674745822731949517x_x_MsoNormal\">Es el enriquecido ambiente en que viven los estudiantes de la \u00fanica escuela del lugar, a cargo del que es director, profesor multigrado, Unidad T\u00e9cnica Pedag\u00f3gica, auxiliar y g\u00e1sfiter, seg\u00fan su propia descripci\u00f3n, Fernando Fern\u00e1ndez. Aqu\u00ed es donde se origin\u00f3 el proyecto \u201cMorfolog\u00eda y clasificaci\u00f3n de hojas de hierbas medicinales el pueblo de Chitita\u201d, presentado en la VI Feria Infantil de Ciencia y Tecnolog\u00eda del Proyecto Asociativo Regional Explora de CONICYT, de la Universidad de Tarapac\u00e1.<\/p>\n<p class=\"m_-3340445172554265389x_m_3674745822731949517x_x_MsoNormal\">Los siete estudiantes son triling\u00fces, cantan en espa\u00f1ol, aymara e ingl\u00e9s, usando los atuendos e instrumentos con una definida l\u00ednea andina. Asisten a clases y comparten con sus familias las tareas productivas los fines de semana, y en las fiestas tradicionales que a\u00f1o a a\u00f1o se llenan de ritualismo y colorido.<\/p>\n<p class=\"m_-3340445172554265389x_m_3674745822731949517x_x_MsoNormal\">La vida de este profesor multigrado, que trabaja en una comuna rural y asiste a siete estudiantes de ocho a diez a\u00f1os, de primero a sexto a\u00f1o b\u00e1sico, se inicia cada domingo cuando se traslada de Arica a Chitita hasta el viernes en la tarde. El profesor Fern\u00e1ndez se siente feliz con sus a\u00f1os de experiencia en los distintos pisos ecol\u00f3gicos de la Regi\u00f3n de Arica y Parinacota. Lo energiza su motivaci\u00f3n por la naturaleza, y conservar y fortalecer la cultura para permitir que los ni\u00f1os tengan una relaci\u00f3n m\u00e1s estrecha con los habitantes de su comunidad y se sientan orgullosos de ella. Esto es clave para \u00e9l, siente que es lo que permite fortalecer en los ni\u00f1os su identidad y provocar una personalidad que les permita desarrollar la exploraci\u00f3n, investigaci\u00f3n e indagaci\u00f3n, y que cultiven el conocimiento y esto permita hacer mejores investigadores de su entorno.<\/p>\n<p class=\"m_-3340445172554265389x_m_3674745822731949517x_x_MsoNormal\">Para que todo sea m\u00e1s congruente con los objetivos trazados, los siete estudiantes son apoyados por la educadora tradicional, Doris Mollo, con cuatro intensas horas de educaci\u00f3n intercultural biling\u00fce, sobre lengua aymara y cosmovisi\u00f3n andina, donde los estudiantes puedan relacionar lo cient\u00edfico con lo cultural.<\/p>\n<p class=\"m_-3340445172554265389x_m_3674745822731949517x_x_MsoNormal\">FERIA INFANTIL<\/p>\n<p class=\"m_-3340445172554265389x_m_3674745822731949517x_x_MsoNormal\">Hace dos a\u00f1os que el profesor Fernando trabaja con sus estudiantes en la extracci\u00f3n de aceites de hierbas medicinales; y preparando cremas y pomadas de uso ancestral, que usaban los abuelos en la comuna de Camarones.<\/p>\n<p class=\"m_-3340445172554265389x_m_3674745822731949517x_x_MsoNormal\">El aceite lo elaboran en un alambique, instrumento que adquirieron para estos fines, cuya primera etapa implica la recolecci\u00f3n de plantas medicinales. A la fecha sus resultados son arom\u00e1ticos aceites de eucaliptus y romero, oliato y cremas. El oliato es el aceite de oliva con romero, que se deja a oscuras por 40 d\u00edas para que se mezcle y saborice mejor y luego ser usado en la preparaci\u00f3n de carnes, vegetales salteados u otro alimento en el que se quiera innovar. El aceite de eucaliptus es usado para hacer frotaciones y usado como expectorante, pero tambi\u00e9n queda excelente como perfume en las mu\u00f1ecas de las manos o en el cuello, por su potente concentraci\u00f3n de aroma. En proceso est\u00e1 el aceite de los frutos del molle, que tambi\u00e9n tiene un ex\u00f3tico aroma.<\/p>\n<p class=\"m_-3340445172554265389x_m_3674745822731949517x_x_MsoNormal\">Para preparar las cremas, usan una base de\u00a0<i>Aloe vera<\/i>, que despu\u00e9s de cortarlas y dejar remojando durante un d\u00eda, las lic\u00faan con aceite emulsionado, generando un producto con duraci\u00f3n de hasta seis meses. Est\u00e1n en proceso de generar crema de eucaliptus, palque, or\u00e9gano, menta, hierba buena y hierba luisa.<\/p>\n<p class=\"m_-3340445172554265389x_m_3674745822731949517x_x_MsoNormal\">El zumo para pomadas de frotaciones, se realiza con la hierba, que se seca y muele en un bat\u00e1n, hasta convertirla en polvo, luego le agregan vaselina l\u00edquida y s\u00f3lida y unas gotas del aceite de la misma hierba.<\/p>\n<p class=\"m_-3340445172554265389x_m_3674745822731949517x_x_MsoNormal\">El profesor Fern\u00e1ndez plantea que el objetivo es que los insumos sean de la zona rural, especialmente las hierbas. Aprendieron para qu\u00e9 serv\u00edan, por eso est\u00e1n rescatando la hierba llamada sorona, especie end\u00e9mica del norte, que sirve para \u201cel aire y dolor de est\u00f3mago\u201d, la usan para hacer las pomadas para \u201ccalentar el est\u00f3mago\u201d.<\/p>\n<p class=\"m_-3340445172554265389x_m_3674745822731949517x_x_MsoNormal\">La recopilaci\u00f3n de las costumbres ancestrales la realizaron con la comunidad y varias familias como los Mamani, Flores y Linares, donde hay abuelos de m\u00e1s de ocho d\u00e9cadas, que est\u00e1n entregando su sabidur\u00eda; junto con ello son apoyados por un yatiri de la localidad.<\/p>\n<p class=\"m_-3340445172554265389x_m_3674745822731949517x_x_MsoNormal\">Falta la \u00faltima etapa, el env\u00edo de muestras a los laboratorios de la Universidad de Tarapac\u00e1, para el an\u00e1lisis de las propiedades que tienen los productos y ah\u00ed compartir las pomadas, cremas y aceites con sus caracter\u00edsticas f\u00edsico-qu\u00edmicas exactas.<\/p>\n<p class=\"m_-3340445172554265389x_m_3674745822731949517x_x_MsoNormal\">Mientras, las rutas por la naturaleza sagrada de la madre tierra del valle de Chitita, son recorridas por el profesor Fernando, junto a los siete estudiantes conectados a sus ancestros en el segundo piso ecol\u00f3gico de una regi\u00f3n con historia, cultura y ciencia.<\/p>\n<p><img loading=\"lazy\" decoding=\"async\" class=\"alignnone size-medium wp-image-32540\" src=\"https:\/\/dev.explora.cl\/aricayparinacota\/wp-content\/uploads\/sites\/4\/2018\/10\/Collage-Chitita-19-10-2018-300x100.jpg\" alt=\"\" width=\"900\" height=\"300\" srcset=\"https:\/\/dev.explora.cl\/aricayparinacota\/wp-content\/uploads\/sites\/2\/2018\/10\/Collage-Chitita-19-10-2018-300x100.jpg 300w, https:\/\/dev.explora.cl\/aricayparinacota\/wp-content\/uploads\/sites\/2\/2018\/10\/Collage-Chitita-19-10-2018-768x256.jpg 768w, https:\/\/dev.explora.cl\/aricayparinacota\/wp-content\/uploads\/sites\/2\/2018\/10\/Collage-Chitita-19-10-2018.jpg 900w\" sizes=\"auto, (max-width: 900px) 100vw, 900px\" \/><\/p>\n<p class=\"m_-3340445172554265389x_m_3674745822731949517x_x_MsoNormal\">\n","protected":false},"excerpt":{"rendered":"<p>Participaron en la VI Feria Infantil del Proyecto Explora de CONICYT &nbsp; En la VI versi\u00f3n de la Feria Infantil de Ciencia y Tecnolog\u00eda de Explora, el profesor Fernando Fern\u00e1ndez de la Escuela de Chitita indica que \u201ceste a\u00f1o ha sido fant\u00e1stico, me siento feliz porque particip\u00f3 mucha gente, esto a uno lo incentiva porque [&hellip;]<\/p>\n","protected":false},"author":2,"featured_media":32541,"comment_status":"closed","ping_status":"open","sticky":false,"template":"","format":"standard","meta":{"_acf_changed":false,"_exactmetrics_skip_tracking":false,"_exactmetrics_sitenote_active":false,"_exactmetrics_sitenote_note":"","_exactmetrics_sitenote_category":0,"footnotes":"","_links_to":"","_links_to_target":""},"categories":[4],"tags":[],"class_list":["post-32537","post","type-post","status-publish","format-standard","has-post-thumbnail","hentry","category-noticias"],"acf":[],"yoast_head":"<!-- This site is optimized with the Yoast SEO plugin v26.7 - https:\/\/yoast.com\/wordpress\/plugins\/seo\/ -->\n<title>Estudiantes de la Escuela de Chitita extraen aceite de plantas medicinales - Arica y Parinacota<\/title>\n<meta name=\"robots\" content=\"index, follow, max-snippet:-1, max-image-preview:large, max-video-preview:-1\" \/>\n<link rel=\"canonical\" href=\"https:\/\/dev.explora.cl\/aricayparinacota\/estudiantes-de-la-escuela-de-chitita-extraen-aceite-de-plantas-medicinales\/\" class=\"yoast-seo-meta-tag\" \/>\n<meta property=\"og:locale\" content=\"es_ES\" class=\"yoast-seo-meta-tag\" \/>\n<meta property=\"og:type\" content=\"article\" class=\"yoast-seo-meta-tag\" \/>\n<meta property=\"og:title\" content=\"Estudiantes de la Escuela de Chitita extraen aceite de plantas medicinales - Arica y Parinacota\" class=\"yoast-seo-meta-tag\" \/>\n<meta property=\"og:description\" content=\"Participaron en la VI Feria Infantil del Proyecto Explora de CONICYT &nbsp; En la VI versi\u00f3n de la Feria Infantil de Ciencia y Tecnolog\u00eda de Explora, el profesor Fernando Fern\u00e1ndez de la Escuela de Chitita indica que \u201ceste a\u00f1o ha sido fant\u00e1stico, me siento feliz porque particip\u00f3 mucha gente, esto a uno lo incentiva porque [&hellip;]\" class=\"yoast-seo-meta-tag\" \/>\n<meta property=\"og:url\" content=\"https:\/\/dev.explora.cl\/aricayparinacota\/estudiantes-de-la-escuela-de-chitita-extraen-aceite-de-plantas-medicinales\/\" class=\"yoast-seo-meta-tag\" \/>\n<meta property=\"og:site_name\" content=\"Arica y Parinacota\" class=\"yoast-seo-meta-tag\" \/>\n<meta property=\"article:published_time\" content=\"2018-10-19T10:33:40+00:00\" class=\"yoast-seo-meta-tag\" \/>\n<meta property=\"article:modified_time\" content=\"2019-05-09T20:56:33+00:00\" class=\"yoast-seo-meta-tag\" \/>\n<meta property=\"og:image\" content=\"https:\/\/dev.explora.cl\/aricayparinacota\/wp-content\/uploads\/sites\/2\/2018\/10\/Miniatura-Chitita-19-10-2018.jpg\" class=\"yoast-seo-meta-tag\" \/>\n\t<meta property=\"og:image:width\" content=\"223\" class=\"yoast-seo-meta-tag\" \/>\n\t<meta property=\"og:image:height\" content=\"147\" class=\"yoast-seo-meta-tag\" \/>\n\t<meta property=\"og:image:type\" content=\"image\/jpeg\" class=\"yoast-seo-meta-tag\" \/>\n<meta name=\"author\" content=\"webman\" class=\"yoast-seo-meta-tag\" \/>\n<meta name=\"twitter:card\" content=\"summary_large_image\" class=\"yoast-seo-meta-tag\" \/>\n<meta name=\"twitter:label1\" content=\"Escrito por\" class=\"yoast-seo-meta-tag\" \/>\n\t<meta name=\"twitter:data1\" content=\"webman\" class=\"yoast-seo-meta-tag\" \/>\n\t<meta name=\"twitter:label2\" content=\"Tiempo estimado de lectura\" class=\"yoast-seo-meta-tag\" \/>\n\t<meta name=\"twitter:data2\" content=\"6 minutos\" class=\"yoast-seo-meta-tag\" \/>\n<script type=\"application\/ld+json\" class=\"yoast-schema-graph\">{\"@context\":\"https:\/\/schema.org\",\"@graph\":[{\"@type\":\"Article\",\"@id\":\"https:\/\/dev.explora.cl\/aricayparinacota\/estudiantes-de-la-escuela-de-chitita-extraen-aceite-de-plantas-medicinales\/#article\",\"isPartOf\":{\"@id\":\"https:\/\/dev.explora.cl\/aricayparinacota\/estudiantes-de-la-escuela-de-chitita-extraen-aceite-de-plantas-medicinales\/\"},\"author\":{\"name\":\"webman\",\"@id\":\"https:\/\/dev.explora.cl\/aricayparinacota\/#\/schema\/person\/cb8349c13ea2d324080adf8480d7ba5d\"},\"headline\":\"Estudiantes de la Escuela de Chitita extraen aceite de plantas medicinales\",\"datePublished\":\"2018-10-19T10:33:40+00:00\",\"dateModified\":\"2019-05-09T20:56:33+00:00\",\"mainEntityOfPage\":{\"@id\":\"https:\/\/dev.explora.cl\/aricayparinacota\/estudiantes-de-la-escuela-de-chitita-extraen-aceite-de-plantas-medicinales\/\"},\"wordCount\":1120,\"publisher\":{\"@id\":\"https:\/\/dev.explora.cl\/aricayparinacota\/#organization\"},\"image\":{\"@id\":\"https:\/\/dev.explora.cl\/aricayparinacota\/estudiantes-de-la-escuela-de-chitita-extraen-aceite-de-plantas-medicinales\/#primaryimage\"},\"thumbnailUrl\":\"https:\/\/dev.explora.cl\/aricayparinacota\/wp-content\/uploads\/sites\/2\/2018\/10\/Miniatura-Chitita-19-10-2018.jpg\",\"articleSection\":[\"Noticias\"],\"inLanguage\":\"es-CL\"},{\"@type\":\"WebPage\",\"@id\":\"https:\/\/dev.explora.cl\/aricayparinacota\/estudiantes-de-la-escuela-de-chitita-extraen-aceite-de-plantas-medicinales\/\",\"url\":\"https:\/\/dev.explora.cl\/aricayparinacota\/estudiantes-de-la-escuela-de-chitita-extraen-aceite-de-plantas-medicinales\/\",\"name\":\"Estudiantes de la Escuela de Chitita extraen aceite de plantas medicinales - Arica y Parinacota\",\"isPartOf\":{\"@id\":\"https:\/\/dev.explora.cl\/aricayparinacota\/#website\"},\"primaryImageOfPage\":{\"@id\":\"https:\/\/dev.explora.cl\/aricayparinacota\/estudiantes-de-la-escuela-de-chitita-extraen-aceite-de-plantas-medicinales\/#primaryimage\"},\"image\":{\"@id\":\"https:\/\/dev.explora.cl\/aricayparinacota\/estudiantes-de-la-escuela-de-chitita-extraen-aceite-de-plantas-medicinales\/#primaryimage\"},\"thumbnailUrl\":\"https:\/\/dev.explora.cl\/aricayparinacota\/wp-content\/uploads\/sites\/2\/2018\/10\/Miniatura-Chitita-19-10-2018.jpg\",\"datePublished\":\"2018-10-19T10:33:40+00:00\",\"dateModified\":\"2019-05-09T20:56:33+00:00\",\"breadcrumb\":{\"@id\":\"https:\/\/dev.explora.cl\/aricayparinacota\/estudiantes-de-la-escuela-de-chitita-extraen-aceite-de-plantas-medicinales\/#breadcrumb\"},\"inLanguage\":\"es-CL\",\"potentialAction\":[{\"@type\":\"ReadAction\",\"target\":[\"https:\/\/dev.explora.cl\/aricayparinacota\/estudiantes-de-la-escuela-de-chitita-extraen-aceite-de-plantas-medicinales\/\"]}]},{\"@type\":\"ImageObject\",\"inLanguage\":\"es-CL\",\"@id\":\"https:\/\/dev.explora.cl\/aricayparinacota\/estudiantes-de-la-escuela-de-chitita-extraen-aceite-de-plantas-medicinales\/#primaryimage\",\"url\":\"https:\/\/dev.explora.cl\/aricayparinacota\/wp-content\/uploads\/sites\/2\/2018\/10\/Miniatura-Chitita-19-10-2018.jpg\",\"contentUrl\":\"https:\/\/dev.explora.cl\/aricayparinacota\/wp-content\/uploads\/sites\/2\/2018\/10\/Miniatura-Chitita-19-10-2018.jpg\",\"width\":223,\"height\":147},{\"@type\":\"BreadcrumbList\",\"@id\":\"https:\/\/dev.explora.cl\/aricayparinacota\/estudiantes-de-la-escuela-de-chitita-extraen-aceite-de-plantas-medicinales\/#breadcrumb\",\"itemListElement\":[{\"@type\":\"ListItem\",\"position\":1,\"name\":\"Portada\",\"item\":\"https:\/\/dev.explora.cl\/aricayparinacota\/\"},{\"@type\":\"ListItem\",\"position\":2,\"name\":\"Estudiantes de la Escuela de Chitita extraen aceite de plantas medicinales\"}]},{\"@type\":\"WebSite\",\"@id\":\"https:\/\/dev.explora.cl\/aricayparinacota\/#website\",\"url\":\"https:\/\/dev.explora.cl\/aricayparinacota\/\",\"name\":\"Arica y Parinacota\",\"description\":\"Otro sitio m\u00e1s de dev.explora.cl\",\"publisher\":{\"@id\":\"https:\/\/dev.explora.cl\/aricayparinacota\/#organization\"},\"potentialAction\":[{\"@type\":\"SearchAction\",\"target\":{\"@type\":\"EntryPoint\",\"urlTemplate\":\"https:\/\/dev.explora.cl\/aricayparinacota\/?s={search_term_string}\"},\"query-input\":{\"@type\":\"PropertyValueSpecification\",\"valueRequired\":true,\"valueName\":\"search_term_string\"}}],\"inLanguage\":\"es-CL\"},{\"@type\":\"Organization\",\"@id\":\"https:\/\/dev.explora.cl\/aricayparinacota\/#organization\",\"name\":\"Arica y Parinacota\",\"url\":\"https:\/\/dev.explora.cl\/aricayparinacota\/\",\"logo\":{\"@type\":\"ImageObject\",\"inLanguage\":\"es-CL\",\"@id\":\"https:\/\/dev.explora.cl\/aricayparinacota\/#\/schema\/logo\/image\/\",\"url\":\"https:\/\/dev.explora.cl\/aricayparinacota\/wp-content\/uploads\/sites\/2\/2020\/08\/cropped-nuevosa-logos-11.png\",\"contentUrl\":\"https:\/\/dev.explora.cl\/aricayparinacota\/wp-content\/uploads\/sites\/2\/2020\/08\/cropped-nuevosa-logos-11.png\",\"width\":812,\"height\":937,\"caption\":\"Arica y Parinacota\"},\"image\":{\"@id\":\"https:\/\/dev.explora.cl\/aricayparinacota\/#\/schema\/logo\/image\/\"}},{\"@type\":\"Person\",\"@id\":\"https:\/\/dev.explora.cl\/aricayparinacota\/#\/schema\/person\/cb8349c13ea2d324080adf8480d7ba5d\",\"name\":\"webman\",\"image\":{\"@type\":\"ImageObject\",\"inLanguage\":\"es-CL\",\"@id\":\"https:\/\/dev.explora.cl\/aricayparinacota\/#\/schema\/person\/image\/\",\"url\":\"https:\/\/secure.gravatar.com\/avatar\/eeff3c82f2c02f7177d13663b7e6f890e9a6a0647ce9bb29cae02dcb094c7312?s=96&d=mm&r=g\",\"contentUrl\":\"https:\/\/secure.gravatar.com\/avatar\/eeff3c82f2c02f7177d13663b7e6f890e9a6a0647ce9bb29cae02dcb094c7312?s=96&d=mm&r=g\",\"caption\":\"webman\"},\"url\":\"https:\/\/dev.explora.cl\/aricayparinacota\/author\/webman\/\"}]}<\/script>\n<!-- \/ Yoast SEO plugin. -->","yoast_head_json":{"title":"Estudiantes de la Escuela de Chitita extraen aceite de plantas medicinales - Arica y Parinacota","robots":{"index":"index","follow":"follow","max-snippet":"max-snippet:-1","max-image-preview":"max-image-preview:large","max-video-preview":"max-video-preview:-1"},"canonical":"https:\/\/dev.explora.cl\/aricayparinacota\/estudiantes-de-la-escuela-de-chitita-extraen-aceite-de-plantas-medicinales\/","og_locale":"es_ES","og_type":"article","og_title":"Estudiantes de la Escuela de Chitita extraen aceite de plantas medicinales - Arica y Parinacota","og_description":"Participaron en la VI Feria Infantil del Proyecto Explora de CONICYT &nbsp; En la VI versi\u00f3n de la Feria Infantil de Ciencia y Tecnolog\u00eda de Explora, el profesor Fernando Fern\u00e1ndez de la Escuela de Chitita indica que \u201ceste a\u00f1o ha sido fant\u00e1stico, me siento feliz porque particip\u00f3 mucha gente, esto a uno lo incentiva porque [&hellip;]","og_url":"https:\/\/dev.explora.cl\/aricayparinacota\/estudiantes-de-la-escuela-de-chitita-extraen-aceite-de-plantas-medicinales\/","og_site_name":"Arica y Parinacota","article_published_time":"2018-10-19T10:33:40+00:00","article_modified_time":"2019-05-09T20:56:33+00:00","og_image":[{"width":223,"height":147,"url":"https:\/\/dev.explora.cl\/aricayparinacota\/wp-content\/uploads\/sites\/2\/2018\/10\/Miniatura-Chitita-19-10-2018.jpg","type":"image\/jpeg"}],"author":"webman","twitter_card":"summary_large_image","twitter_misc":{"Escrito por":"webman","Tiempo estimado de lectura":"6 minutos"},"schema":{"@context":"https:\/\/schema.org","@graph":[{"@type":"Article","@id":"https:\/\/dev.explora.cl\/aricayparinacota\/estudiantes-de-la-escuela-de-chitita-extraen-aceite-de-plantas-medicinales\/#article","isPartOf":{"@id":"https:\/\/dev.explora.cl\/aricayparinacota\/estudiantes-de-la-escuela-de-chitita-extraen-aceite-de-plantas-medicinales\/"},"author":{"name":"webman","@id":"https:\/\/dev.explora.cl\/aricayparinacota\/#\/schema\/person\/cb8349c13ea2d324080adf8480d7ba5d"},"headline":"Estudiantes de la Escuela de Chitita extraen aceite de plantas medicinales","datePublished":"2018-10-19T10:33:40+00:00","dateModified":"2019-05-09T20:56:33+00:00","mainEntityOfPage":{"@id":"https:\/\/dev.explora.cl\/aricayparinacota\/estudiantes-de-la-escuela-de-chitita-extraen-aceite-de-plantas-medicinales\/"},"wordCount":1120,"publisher":{"@id":"https:\/\/dev.explora.cl\/aricayparinacota\/#organization"},"image":{"@id":"https:\/\/dev.explora.cl\/aricayparinacota\/estudiantes-de-la-escuela-de-chitita-extraen-aceite-de-plantas-medicinales\/#primaryimage"},"thumbnailUrl":"https:\/\/dev.explora.cl\/aricayparinacota\/wp-content\/uploads\/sites\/2\/2018\/10\/Miniatura-Chitita-19-10-2018.jpg","articleSection":["Noticias"],"inLanguage":"es-CL"},{"@type":"WebPage","@id":"https:\/\/dev.explora.cl\/aricayparinacota\/estudiantes-de-la-escuela-de-chitita-extraen-aceite-de-plantas-medicinales\/","url":"https:\/\/dev.explora.cl\/aricayparinacota\/estudiantes-de-la-escuela-de-chitita-extraen-aceite-de-plantas-medicinales\/","name":"Estudiantes de la Escuela de Chitita extraen aceite de plantas medicinales - Arica y Parinacota","isPartOf":{"@id":"https:\/\/dev.explora.cl\/aricayparinacota\/#website"},"primaryImageOfPage":{"@id":"https:\/\/dev.explora.cl\/aricayparinacota\/estudiantes-de-la-escuela-de-chitita-extraen-aceite-de-plantas-medicinales\/#primaryimage"},"image":{"@id":"https:\/\/dev.explora.cl\/aricayparinacota\/estudiantes-de-la-escuela-de-chitita-extraen-aceite-de-plantas-medicinales\/#primaryimage"},"thumbnailUrl":"https:\/\/dev.explora.cl\/aricayparinacota\/wp-content\/uploads\/sites\/2\/2018\/10\/Miniatura-Chitita-19-10-2018.jpg","datePublished":"2018-10-19T10:33:40+00:00","dateModified":"2019-05-09T20:56:33+00:00","breadcrumb":{"@id":"https:\/\/dev.explora.cl\/aricayparinacota\/estudiantes-de-la-escuela-de-chitita-extraen-aceite-de-plantas-medicinales\/#breadcrumb"},"inLanguage":"es-CL","potentialAction":[{"@type":"ReadAction","target":["https:\/\/dev.explora.cl\/aricayparinacota\/estudiantes-de-la-escuela-de-chitita-extraen-aceite-de-plantas-medicinales\/"]}]},{"@type":"ImageObject","inLanguage":"es-CL","@id":"https:\/\/dev.explora.cl\/aricayparinacota\/estudiantes-de-la-escuela-de-chitita-extraen-aceite-de-plantas-medicinales\/#primaryimage","url":"https:\/\/dev.explora.cl\/aricayparinacota\/wp-content\/uploads\/sites\/2\/2018\/10\/Miniatura-Chitita-19-10-2018.jpg","contentUrl":"https:\/\/dev.explora.cl\/aricayparinacota\/wp-content\/uploads\/sites\/2\/2018\/10\/Miniatura-Chitita-19-10-2018.jpg","width":223,"height":147},{"@type":"BreadcrumbList","@id":"https:\/\/dev.explora.cl\/aricayparinacota\/estudiantes-de-la-escuela-de-chitita-extraen-aceite-de-plantas-medicinales\/#breadcrumb","itemListElement":[{"@type":"ListItem","position":1,"name":"Portada","item":"https:\/\/dev.explora.cl\/aricayparinacota\/"},{"@type":"ListItem","position":2,"name":"Estudiantes de la Escuela de Chitita extraen aceite de plantas medicinales"}]},{"@type":"WebSite","@id":"https:\/\/dev.explora.cl\/aricayparinacota\/#website","url":"https:\/\/dev.explora.cl\/aricayparinacota\/","name":"Arica y Parinacota","description":"Otro sitio m\u00e1s de dev.explora.cl","publisher":{"@id":"https:\/\/dev.explora.cl\/aricayparinacota\/#organization"},"potentialAction":[{"@type":"SearchAction","target":{"@type":"EntryPoint","urlTemplate":"https:\/\/dev.explora.cl\/aricayparinacota\/?s={search_term_string}"},"query-input":{"@type":"PropertyValueSpecification","valueRequired":true,"valueName":"search_term_string"}}],"inLanguage":"es-CL"},{"@type":"Organization","@id":"https:\/\/dev.explora.cl\/aricayparinacota\/#organization","name":"Arica y Parinacota","url":"https:\/\/dev.explora.cl\/aricayparinacota\/","logo":{"@type":"ImageObject","inLanguage":"es-CL","@id":"https:\/\/dev.explora.cl\/aricayparinacota\/#\/schema\/logo\/image\/","url":"https:\/\/dev.explora.cl\/aricayparinacota\/wp-content\/uploads\/sites\/2\/2020\/08\/cropped-nuevosa-logos-11.png","contentUrl":"https:\/\/dev.explora.cl\/aricayparinacota\/wp-content\/uploads\/sites\/2\/2020\/08\/cropped-nuevosa-logos-11.png","width":812,"height":937,"caption":"Arica y Parinacota"},"image":{"@id":"https:\/\/dev.explora.cl\/aricayparinacota\/#\/schema\/logo\/image\/"}},{"@type":"Person","@id":"https:\/\/dev.explora.cl\/aricayparinacota\/#\/schema\/person\/cb8349c13ea2d324080adf8480d7ba5d","name":"webman","image":{"@type":"ImageObject","inLanguage":"es-CL","@id":"https:\/\/dev.explora.cl\/aricayparinacota\/#\/schema\/person\/image\/","url":"https:\/\/secure.gravatar.com\/avatar\/eeff3c82f2c02f7177d13663b7e6f890e9a6a0647ce9bb29cae02dcb094c7312?s=96&d=mm&r=g","contentUrl":"https:\/\/secure.gravatar.com\/avatar\/eeff3c82f2c02f7177d13663b7e6f890e9a6a0647ce9bb29cae02dcb094c7312?s=96&d=mm&r=g","caption":"webman"},"url":"https:\/\/dev.explora.cl\/aricayparinacota\/author\/webman\/"}]}},"_links":{"self":[{"href":"https:\/\/dev.explora.cl\/aricayparinacota\/wp-json\/wp\/v2\/posts\/32537","targetHints":{"allow":["GET"]}}],"collection":[{"href":"https:\/\/dev.explora.cl\/aricayparinacota\/wp-json\/wp\/v2\/posts"}],"about":[{"href":"https:\/\/dev.explora.cl\/aricayparinacota\/wp-json\/wp\/v2\/types\/post"}],"author":[{"embeddable":true,"href":"https:\/\/dev.explora.cl\/aricayparinacota\/wp-json\/wp\/v2\/users\/2"}],"replies":[{"embeddable":true,"href":"https:\/\/dev.explora.cl\/aricayparinacota\/wp-json\/wp\/v2\/comments?post=32537"}],"version-history":[{"count":1,"href":"https:\/\/dev.explora.cl\/aricayparinacota\/wp-json\/wp\/v2\/posts\/32537\/revisions"}],"predecessor-version":[{"id":32787,"href":"https:\/\/dev.explora.cl\/aricayparinacota\/wp-json\/wp\/v2\/posts\/32537\/revisions\/32787"}],"wp:featuredmedia":[{"embeddable":true,"href":"https:\/\/dev.explora.cl\/aricayparinacota\/wp-json\/wp\/v2\/media\/32541"}],"wp:attachment":[{"href":"https:\/\/dev.explora.cl\/aricayparinacota\/wp-json\/wp\/v2\/media?parent=32537"}],"wp:term":[{"taxonomy":"category","embeddable":true,"href":"https:\/\/dev.explora.cl\/aricayparinacota\/wp-json\/wp\/v2\/categories?post=32537"},{"taxonomy":"post_tag","embeddable":true,"href":"https:\/\/dev.explora.cl\/aricayparinacota\/wp-json\/wp\/v2\/tags?post=32537"}],"curies":[{"name":"wp","href":"https:\/\/api.w.org\/{rel}","templated":true}]}}