{"id":32531,"date":"2018-11-15T10:21:32","date_gmt":"2018-11-15T10:21:32","guid":{"rendered":"https:\/\/dev.explora.cl\/aricayparinacota\/?p=32531"},"modified":"2019-05-09T21:33:14","modified_gmt":"2019-05-09T21:33:14","slug":"explora-reunio-a-participantes-de-campamento-cientifico-escolar","status":"publish","type":"post","link":"https:\/\/dev.explora.cl\/aricayparinacota\/explora-reunio-a-participantes-de-campamento-cientifico-escolar\/","title":{"rendered":"Explora reuni\u00f3 a participantes de campamento cient\u00edfico escolar"},"content":{"rendered":"<p style=\"font-weight: 400;text-align: justify\">Hace un a\u00f1o, el Proyecto Asociativo Regional Explora de CONICYT, ejecutado por la Universidad de Tarapac\u00e1, efectu\u00f3 el Campamento \u201cTras las huellas de la humanidad\u201d, en la hacienda de Picarqu\u00edn, Regi\u00f3n de O\u00b4Higgins, en el que participaron 78 estudiantes de la Regi\u00f3n de Arica y Parinacota y 77 estudiantes de la Regi\u00f3n Metropolitana.<\/p>\n<p style=\"font-weight: 400;text-align: justify\">Durante una semana hubo actividades diarias consistentes en charlas, conversatorios y visitas a centros de investigaci\u00f3n, entre otros, generando v\u00ednculos entre los participantes, que hasta hoy se mantienen en forma directa o a trav\u00e9s de las redes sociales. Esta amalgama de experiencias fue condensada en el libro \u201cTras las huellas de la humanidad\u201d, que registra lo sucedido desde el d\u00eda uno.<\/p>\n<p style=\"font-weight: 400;text-align: justify\">La necesidad del reencuentro estaba latente desde que termin\u00f3 el campamento, por ello se organiz\u00f3, tanto en Arica como en Santiago, una actividad de cierre, donde se reeditaron algunos momentos para recordar.<\/p>\n<p style=\"font-weight: 400;text-align: justify\">En Santiago el reencuentro se efectu\u00f3 en el Palacio \u00c1lamos, participando los estudiantes convocados, la subdirectora nacional de Explora CONICYT, Paula Arismendi; y la directora del Proyecto Explora de Arica y Parinacota, M\u00f3nica Navarrete, junto a parte del equipo de trabajo.<\/p>\n<p style=\"font-weight: 400;text-align: justify\">Se realiz\u00f3 un conversatorio vocacional con la maestra de la ciencia, la cient\u00edfica Luc\u00eda N\u00fa\u00f1ez, que habl\u00f3 de su experiencia de vida antes de llegar a ser doctora en Ciencias Biom\u00e9dicas. Los estudiantes jugaron al Kahoot, preguntas sobre las vivencias del campamento, tambi\u00e9n se gener\u00f3 un espacio para aclarar dudas sobre el cupo Unesco y entregar el ejemplar del libro que re\u00fane la experiencia vivida.<\/p>\n<p style=\"font-weight: 400;text-align: justify\">OPINIONES<\/p>\n<p style=\"font-weight: 400;text-align: justify\">Daniel P\u00e9rez, estudiante del Instituto Nacional: \u201cMe reserv\u00e9 con harto tiempo para asistir al reencuentro, porque fue lindo participar del campamento, todav\u00eda ocupo el apodo que me pusieron \u201cPoncho\u201d.<\/p>\n<p style=\"font-weight: 400;text-align: justify\">Roc\u00edo \u00c1lvarez, estudiante Colegio Confederaci\u00f3n Suiza: \u201cCon los chiquillos del campamento ya nos hab\u00edamos reencontrado en un parque como dos veces, pero que lo hayan hecho formalmente y nos regalaran un libro, nadie lo esperaba, as\u00ed que muy bonito\u201d.<\/p>\n<p style=\"font-weight: 400;text-align: justify\">Javiera P\u00e9rez, monitora: \u201cYo igual fui a un campamento cuando estaba en el colegio, despu\u00e9s fui monitora, y estas experiencias marcan a quienes participan en ellas\u201d.<\/p>\n<p style=\"font-weight: 400;text-align: justify\">Diego Bolvar\u00e1n, monitor: \u201cMi experiencia fue gratificante, pues part\u00ed como estudiante y luego tutor; el campamento fue cerrar un ciclo con broche de oro junto a chicos maravillosos de diferentes lugares del pa\u00eds, y es gratificante volver a ver a muchos de ellos, adem\u00e1s siento que me volv\u00ed a encantar con muchas cosas que me hab\u00edan desencantado en el camino\u201d.<\/p>\n<p>&nbsp;<br \/>\n<img loading=\"lazy\" decoding=\"async\" class=\"alignnone wp-image-32534 size-full\" src=\"https:\/\/dev.explora.cl\/aricayparinacota\/wp-content\/uploads\/sites\/2\/2018\/12\/Collage-Reencuentro-Campamento-Nota-16-11-2018.jpg\" alt=\"\" width=\"900\" height=\"300\" srcset=\"https:\/\/dev.explora.cl\/aricayparinacota\/wp-content\/uploads\/sites\/2\/2018\/12\/Collage-Reencuentro-Campamento-Nota-16-11-2018.jpg 900w, https:\/\/dev.explora.cl\/aricayparinacota\/wp-content\/uploads\/sites\/2\/2018\/12\/Collage-Reencuentro-Campamento-Nota-16-11-2018-300x100.jpg 300w, https:\/\/dev.explora.cl\/aricayparinacota\/wp-content\/uploads\/sites\/2\/2018\/12\/Collage-Reencuentro-Campamento-Nota-16-11-2018-768x256.jpg 768w\" sizes=\"auto, (max-width: 900px) 100vw, 900px\" \/><\/p>\n","protected":false},"excerpt":{"rendered":"<p>Hace un a\u00f1o, el Proyecto Asociativo Regional Explora de CONICYT, ejecutado por la Universidad de Tarapac\u00e1, efectu\u00f3 el Campamento \u201cTras las huellas de la humanidad\u201d, en la hacienda de Picarqu\u00edn, Regi\u00f3n de O\u00b4Higgins, en el que participaron 78 estudiantes de la Regi\u00f3n de Arica y Parinacota y 77 estudiantes de la Regi\u00f3n Metropolitana. Durante una [&hellip;]<\/p>\n","protected":false},"author":2,"featured_media":32535,"comment_status":"closed","ping_status":"open","sticky":false,"template":"","format":"standard","meta":{"_acf_changed":false,"_exactmetrics_skip_tracking":false,"_exactmetrics_sitenote_active":false,"_exactmetrics_sitenote_note":"","_exactmetrics_sitenote_category":0,"footnotes":"","_links_to":"","_links_to_target":""},"categories":[4],"tags":[],"class_list":["post-32531","post","type-post","status-publish","format-standard","has-post-thumbnail","hentry","category-noticias"],"acf":[],"yoast_head":"<!-- This site is optimized with the Yoast SEO plugin v26.7 - https:\/\/yoast.com\/wordpress\/plugins\/seo\/ -->\n<title>Explora reuni\u00f3 a participantes de campamento cient\u00edfico escolar - Arica y Parinacota<\/title>\n<meta name=\"robots\" content=\"index, follow, max-snippet:-1, max-image-preview:large, max-video-preview:-1\" \/>\n<link rel=\"canonical\" href=\"https:\/\/dev.explora.cl\/aricayparinacota\/explora-reunio-a-participantes-de-campamento-cientifico-escolar\/\" class=\"yoast-seo-meta-tag\" \/>\n<meta property=\"og:locale\" content=\"es_ES\" class=\"yoast-seo-meta-tag\" \/>\n<meta property=\"og:type\" content=\"article\" class=\"yoast-seo-meta-tag\" \/>\n<meta property=\"og:title\" content=\"Explora reuni\u00f3 a participantes de campamento cient\u00edfico escolar - Arica y Parinacota\" class=\"yoast-seo-meta-tag\" \/>\n<meta property=\"og:description\" content=\"Hace un a\u00f1o, el Proyecto Asociativo Regional Explora de CONICYT, ejecutado por la Universidad de Tarapac\u00e1, efectu\u00f3 el Campamento \u201cTras las huellas de la humanidad\u201d, en la hacienda de Picarqu\u00edn, Regi\u00f3n de O\u00b4Higgins, en el que participaron 78 estudiantes de la Regi\u00f3n de Arica y Parinacota y 77 estudiantes de la Regi\u00f3n Metropolitana. Durante una [&hellip;]\" class=\"yoast-seo-meta-tag\" \/>\n<meta property=\"og:url\" content=\"https:\/\/dev.explora.cl\/aricayparinacota\/explora-reunio-a-participantes-de-campamento-cientifico-escolar\/\" class=\"yoast-seo-meta-tag\" \/>\n<meta property=\"og:site_name\" content=\"Arica y Parinacota\" class=\"yoast-seo-meta-tag\" \/>\n<meta property=\"article:published_time\" content=\"2018-11-15T10:21:32+00:00\" class=\"yoast-seo-meta-tag\" \/>\n<meta property=\"article:modified_time\" content=\"2019-05-09T21:33:14+00:00\" class=\"yoast-seo-meta-tag\" \/>\n<meta property=\"og:image\" content=\"https:\/\/dev.explora.cl\/aricayparinacota\/wp-content\/uploads\/sites\/2\/2018\/12\/Miniatura-Reencuentro-Campamento-Nota-16-11-2018.jpg\" class=\"yoast-seo-meta-tag\" \/>\n\t<meta property=\"og:image:width\" content=\"224\" class=\"yoast-seo-meta-tag\" \/>\n\t<meta property=\"og:image:height\" content=\"147\" class=\"yoast-seo-meta-tag\" \/>\n\t<meta property=\"og:image:type\" content=\"image\/jpeg\" class=\"yoast-seo-meta-tag\" \/>\n<meta name=\"author\" content=\"webman\" class=\"yoast-seo-meta-tag\" \/>\n<meta name=\"twitter:card\" content=\"summary_large_image\" class=\"yoast-seo-meta-tag\" \/>\n<meta name=\"twitter:label1\" content=\"Escrito por\" class=\"yoast-seo-meta-tag\" \/>\n\t<meta name=\"twitter:data1\" content=\"webman\" class=\"yoast-seo-meta-tag\" \/>\n\t<meta name=\"twitter:label2\" content=\"Tiempo estimado de lectura\" class=\"yoast-seo-meta-tag\" \/>\n\t<meta name=\"twitter:data2\" content=\"2 minutos\" class=\"yoast-seo-meta-tag\" \/>\n<script type=\"application\/ld+json\" class=\"yoast-schema-graph\">{\"@context\":\"https:\/\/schema.org\",\"@graph\":[{\"@type\":\"Article\",\"@id\":\"https:\/\/dev.explora.cl\/aricayparinacota\/explora-reunio-a-participantes-de-campamento-cientifico-escolar\/#article\",\"isPartOf\":{\"@id\":\"https:\/\/dev.explora.cl\/aricayparinacota\/explora-reunio-a-participantes-de-campamento-cientifico-escolar\/\"},\"author\":{\"name\":\"webman\",\"@id\":\"https:\/\/dev.explora.cl\/aricayparinacota\/#\/schema\/person\/cb8349c13ea2d324080adf8480d7ba5d\"},\"headline\":\"Explora reuni\u00f3 a participantes de campamento cient\u00edfico escolar\",\"datePublished\":\"2018-11-15T10:21:32+00:00\",\"dateModified\":\"2019-05-09T21:33:14+00:00\",\"mainEntityOfPage\":{\"@id\":\"https:\/\/dev.explora.cl\/aricayparinacota\/explora-reunio-a-participantes-de-campamento-cientifico-escolar\/\"},\"wordCount\":443,\"publisher\":{\"@id\":\"https:\/\/dev.explora.cl\/aricayparinacota\/#organization\"},\"image\":{\"@id\":\"https:\/\/dev.explora.cl\/aricayparinacota\/explora-reunio-a-participantes-de-campamento-cientifico-escolar\/#primaryimage\"},\"thumbnailUrl\":\"https:\/\/dev.explora.cl\/aricayparinacota\/wp-content\/uploads\/sites\/2\/2018\/12\/Miniatura-Reencuentro-Campamento-Nota-16-11-2018.jpg\",\"articleSection\":[\"Noticias\"],\"inLanguage\":\"es-CL\"},{\"@type\":\"WebPage\",\"@id\":\"https:\/\/dev.explora.cl\/aricayparinacota\/explora-reunio-a-participantes-de-campamento-cientifico-escolar\/\",\"url\":\"https:\/\/dev.explora.cl\/aricayparinacota\/explora-reunio-a-participantes-de-campamento-cientifico-escolar\/\",\"name\":\"Explora reuni\u00f3 a participantes de campamento cient\u00edfico escolar - Arica y Parinacota\",\"isPartOf\":{\"@id\":\"https:\/\/dev.explora.cl\/aricayparinacota\/#website\"},\"primaryImageOfPage\":{\"@id\":\"https:\/\/dev.explora.cl\/aricayparinacota\/explora-reunio-a-participantes-de-campamento-cientifico-escolar\/#primaryimage\"},\"image\":{\"@id\":\"https:\/\/dev.explora.cl\/aricayparinacota\/explora-reunio-a-participantes-de-campamento-cientifico-escolar\/#primaryimage\"},\"thumbnailUrl\":\"https:\/\/dev.explora.cl\/aricayparinacota\/wp-content\/uploads\/sites\/2\/2018\/12\/Miniatura-Reencuentro-Campamento-Nota-16-11-2018.jpg\",\"datePublished\":\"2018-11-15T10:21:32+00:00\",\"dateModified\":\"2019-05-09T21:33:14+00:00\",\"breadcrumb\":{\"@id\":\"https:\/\/dev.explora.cl\/aricayparinacota\/explora-reunio-a-participantes-de-campamento-cientifico-escolar\/#breadcrumb\"},\"inLanguage\":\"es-CL\",\"potentialAction\":[{\"@type\":\"ReadAction\",\"target\":[\"https:\/\/dev.explora.cl\/aricayparinacota\/explora-reunio-a-participantes-de-campamento-cientifico-escolar\/\"]}]},{\"@type\":\"ImageObject\",\"inLanguage\":\"es-CL\",\"@id\":\"https:\/\/dev.explora.cl\/aricayparinacota\/explora-reunio-a-participantes-de-campamento-cientifico-escolar\/#primaryimage\",\"url\":\"https:\/\/dev.explora.cl\/aricayparinacota\/wp-content\/uploads\/sites\/2\/2018\/12\/Miniatura-Reencuentro-Campamento-Nota-16-11-2018.jpg\",\"contentUrl\":\"https:\/\/dev.explora.cl\/aricayparinacota\/wp-content\/uploads\/sites\/2\/2018\/12\/Miniatura-Reencuentro-Campamento-Nota-16-11-2018.jpg\",\"width\":224,\"height\":147},{\"@type\":\"BreadcrumbList\",\"@id\":\"https:\/\/dev.explora.cl\/aricayparinacota\/explora-reunio-a-participantes-de-campamento-cientifico-escolar\/#breadcrumb\",\"itemListElement\":[{\"@type\":\"ListItem\",\"position\":1,\"name\":\"Portada\",\"item\":\"https:\/\/dev.explora.cl\/aricayparinacota\/\"},{\"@type\":\"ListItem\",\"position\":2,\"name\":\"Explora reuni\u00f3 a participantes de campamento cient\u00edfico escolar\"}]},{\"@type\":\"WebSite\",\"@id\":\"https:\/\/dev.explora.cl\/aricayparinacota\/#website\",\"url\":\"https:\/\/dev.explora.cl\/aricayparinacota\/\",\"name\":\"Arica y Parinacota\",\"description\":\"Otro sitio m\u00e1s de dev.explora.cl\",\"publisher\":{\"@id\":\"https:\/\/dev.explora.cl\/aricayparinacota\/#organization\"},\"potentialAction\":[{\"@type\":\"SearchAction\",\"target\":{\"@type\":\"EntryPoint\",\"urlTemplate\":\"https:\/\/dev.explora.cl\/aricayparinacota\/?s={search_term_string}\"},\"query-input\":{\"@type\":\"PropertyValueSpecification\",\"valueRequired\":true,\"valueName\":\"search_term_string\"}}],\"inLanguage\":\"es-CL\"},{\"@type\":\"Organization\",\"@id\":\"https:\/\/dev.explora.cl\/aricayparinacota\/#organization\",\"name\":\"Arica y Parinacota\",\"url\":\"https:\/\/dev.explora.cl\/aricayparinacota\/\",\"logo\":{\"@type\":\"ImageObject\",\"inLanguage\":\"es-CL\",\"@id\":\"https:\/\/dev.explora.cl\/aricayparinacota\/#\/schema\/logo\/image\/\",\"url\":\"https:\/\/dev.explora.cl\/aricayparinacota\/wp-content\/uploads\/sites\/2\/2020\/08\/cropped-nuevosa-logos-11.png\",\"contentUrl\":\"https:\/\/dev.explora.cl\/aricayparinacota\/wp-content\/uploads\/sites\/2\/2020\/08\/cropped-nuevosa-logos-11.png\",\"width\":812,\"height\":937,\"caption\":\"Arica y Parinacota\"},\"image\":{\"@id\":\"https:\/\/dev.explora.cl\/aricayparinacota\/#\/schema\/logo\/image\/\"}},{\"@type\":\"Person\",\"@id\":\"https:\/\/dev.explora.cl\/aricayparinacota\/#\/schema\/person\/cb8349c13ea2d324080adf8480d7ba5d\",\"name\":\"webman\",\"image\":{\"@type\":\"ImageObject\",\"inLanguage\":\"es-CL\",\"@id\":\"https:\/\/dev.explora.cl\/aricayparinacota\/#\/schema\/person\/image\/\",\"url\":\"https:\/\/secure.gravatar.com\/avatar\/eeff3c82f2c02f7177d13663b7e6f890e9a6a0647ce9bb29cae02dcb094c7312?s=96&d=mm&r=g\",\"contentUrl\":\"https:\/\/secure.gravatar.com\/avatar\/eeff3c82f2c02f7177d13663b7e6f890e9a6a0647ce9bb29cae02dcb094c7312?s=96&d=mm&r=g\",\"caption\":\"webman\"},\"url\":\"https:\/\/dev.explora.cl\/aricayparinacota\/author\/webman\/\"}]}<\/script>\n<!-- \/ Yoast SEO plugin. -->","yoast_head_json":{"title":"Explora reuni\u00f3 a participantes de campamento cient\u00edfico escolar - Arica y Parinacota","robots":{"index":"index","follow":"follow","max-snippet":"max-snippet:-1","max-image-preview":"max-image-preview:large","max-video-preview":"max-video-preview:-1"},"canonical":"https:\/\/dev.explora.cl\/aricayparinacota\/explora-reunio-a-participantes-de-campamento-cientifico-escolar\/","og_locale":"es_ES","og_type":"article","og_title":"Explora reuni\u00f3 a participantes de campamento cient\u00edfico escolar - Arica y Parinacota","og_description":"Hace un a\u00f1o, el Proyecto Asociativo Regional Explora de CONICYT, ejecutado por la Universidad de Tarapac\u00e1, efectu\u00f3 el Campamento \u201cTras las huellas de la humanidad\u201d, en la hacienda de Picarqu\u00edn, Regi\u00f3n de O\u00b4Higgins, en el que participaron 78 estudiantes de la Regi\u00f3n de Arica y Parinacota y 77 estudiantes de la Regi\u00f3n Metropolitana. Durante una [&hellip;]","og_url":"https:\/\/dev.explora.cl\/aricayparinacota\/explora-reunio-a-participantes-de-campamento-cientifico-escolar\/","og_site_name":"Arica y Parinacota","article_published_time":"2018-11-15T10:21:32+00:00","article_modified_time":"2019-05-09T21:33:14+00:00","og_image":[{"width":224,"height":147,"url":"https:\/\/dev.explora.cl\/aricayparinacota\/wp-content\/uploads\/sites\/2\/2018\/12\/Miniatura-Reencuentro-Campamento-Nota-16-11-2018.jpg","type":"image\/jpeg"}],"author":"webman","twitter_card":"summary_large_image","twitter_misc":{"Escrito por":"webman","Tiempo estimado de lectura":"2 minutos"},"schema":{"@context":"https:\/\/schema.org","@graph":[{"@type":"Article","@id":"https:\/\/dev.explora.cl\/aricayparinacota\/explora-reunio-a-participantes-de-campamento-cientifico-escolar\/#article","isPartOf":{"@id":"https:\/\/dev.explora.cl\/aricayparinacota\/explora-reunio-a-participantes-de-campamento-cientifico-escolar\/"},"author":{"name":"webman","@id":"https:\/\/dev.explora.cl\/aricayparinacota\/#\/schema\/person\/cb8349c13ea2d324080adf8480d7ba5d"},"headline":"Explora reuni\u00f3 a participantes de campamento cient\u00edfico escolar","datePublished":"2018-11-15T10:21:32+00:00","dateModified":"2019-05-09T21:33:14+00:00","mainEntityOfPage":{"@id":"https:\/\/dev.explora.cl\/aricayparinacota\/explora-reunio-a-participantes-de-campamento-cientifico-escolar\/"},"wordCount":443,"publisher":{"@id":"https:\/\/dev.explora.cl\/aricayparinacota\/#organization"},"image":{"@id":"https:\/\/dev.explora.cl\/aricayparinacota\/explora-reunio-a-participantes-de-campamento-cientifico-escolar\/#primaryimage"},"thumbnailUrl":"https:\/\/dev.explora.cl\/aricayparinacota\/wp-content\/uploads\/sites\/2\/2018\/12\/Miniatura-Reencuentro-Campamento-Nota-16-11-2018.jpg","articleSection":["Noticias"],"inLanguage":"es-CL"},{"@type":"WebPage","@id":"https:\/\/dev.explora.cl\/aricayparinacota\/explora-reunio-a-participantes-de-campamento-cientifico-escolar\/","url":"https:\/\/dev.explora.cl\/aricayparinacota\/explora-reunio-a-participantes-de-campamento-cientifico-escolar\/","name":"Explora reuni\u00f3 a participantes de campamento cient\u00edfico escolar - Arica y Parinacota","isPartOf":{"@id":"https:\/\/dev.explora.cl\/aricayparinacota\/#website"},"primaryImageOfPage":{"@id":"https:\/\/dev.explora.cl\/aricayparinacota\/explora-reunio-a-participantes-de-campamento-cientifico-escolar\/#primaryimage"},"image":{"@id":"https:\/\/dev.explora.cl\/aricayparinacota\/explora-reunio-a-participantes-de-campamento-cientifico-escolar\/#primaryimage"},"thumbnailUrl":"https:\/\/dev.explora.cl\/aricayparinacota\/wp-content\/uploads\/sites\/2\/2018\/12\/Miniatura-Reencuentro-Campamento-Nota-16-11-2018.jpg","datePublished":"2018-11-15T10:21:32+00:00","dateModified":"2019-05-09T21:33:14+00:00","breadcrumb":{"@id":"https:\/\/dev.explora.cl\/aricayparinacota\/explora-reunio-a-participantes-de-campamento-cientifico-escolar\/#breadcrumb"},"inLanguage":"es-CL","potentialAction":[{"@type":"ReadAction","target":["https:\/\/dev.explora.cl\/aricayparinacota\/explora-reunio-a-participantes-de-campamento-cientifico-escolar\/"]}]},{"@type":"ImageObject","inLanguage":"es-CL","@id":"https:\/\/dev.explora.cl\/aricayparinacota\/explora-reunio-a-participantes-de-campamento-cientifico-escolar\/#primaryimage","url":"https:\/\/dev.explora.cl\/aricayparinacota\/wp-content\/uploads\/sites\/2\/2018\/12\/Miniatura-Reencuentro-Campamento-Nota-16-11-2018.jpg","contentUrl":"https:\/\/dev.explora.cl\/aricayparinacota\/wp-content\/uploads\/sites\/2\/2018\/12\/Miniatura-Reencuentro-Campamento-Nota-16-11-2018.jpg","width":224,"height":147},{"@type":"BreadcrumbList","@id":"https:\/\/dev.explora.cl\/aricayparinacota\/explora-reunio-a-participantes-de-campamento-cientifico-escolar\/#breadcrumb","itemListElement":[{"@type":"ListItem","position":1,"name":"Portada","item":"https:\/\/dev.explora.cl\/aricayparinacota\/"},{"@type":"ListItem","position":2,"name":"Explora reuni\u00f3 a participantes de campamento cient\u00edfico escolar"}]},{"@type":"WebSite","@id":"https:\/\/dev.explora.cl\/aricayparinacota\/#website","url":"https:\/\/dev.explora.cl\/aricayparinacota\/","name":"Arica y Parinacota","description":"Otro sitio m\u00e1s de dev.explora.cl","publisher":{"@id":"https:\/\/dev.explora.cl\/aricayparinacota\/#organization"},"potentialAction":[{"@type":"SearchAction","target":{"@type":"EntryPoint","urlTemplate":"https:\/\/dev.explora.cl\/aricayparinacota\/?s={search_term_string}"},"query-input":{"@type":"PropertyValueSpecification","valueRequired":true,"valueName":"search_term_string"}}],"inLanguage":"es-CL"},{"@type":"Organization","@id":"https:\/\/dev.explora.cl\/aricayparinacota\/#organization","name":"Arica y Parinacota","url":"https:\/\/dev.explora.cl\/aricayparinacota\/","logo":{"@type":"ImageObject","inLanguage":"es-CL","@id":"https:\/\/dev.explora.cl\/aricayparinacota\/#\/schema\/logo\/image\/","url":"https:\/\/dev.explora.cl\/aricayparinacota\/wp-content\/uploads\/sites\/2\/2020\/08\/cropped-nuevosa-logos-11.png","contentUrl":"https:\/\/dev.explora.cl\/aricayparinacota\/wp-content\/uploads\/sites\/2\/2020\/08\/cropped-nuevosa-logos-11.png","width":812,"height":937,"caption":"Arica y Parinacota"},"image":{"@id":"https:\/\/dev.explora.cl\/aricayparinacota\/#\/schema\/logo\/image\/"}},{"@type":"Person","@id":"https:\/\/dev.explora.cl\/aricayparinacota\/#\/schema\/person\/cb8349c13ea2d324080adf8480d7ba5d","name":"webman","image":{"@type":"ImageObject","inLanguage":"es-CL","@id":"https:\/\/dev.explora.cl\/aricayparinacota\/#\/schema\/person\/image\/","url":"https:\/\/secure.gravatar.com\/avatar\/eeff3c82f2c02f7177d13663b7e6f890e9a6a0647ce9bb29cae02dcb094c7312?s=96&d=mm&r=g","contentUrl":"https:\/\/secure.gravatar.com\/avatar\/eeff3c82f2c02f7177d13663b7e6f890e9a6a0647ce9bb29cae02dcb094c7312?s=96&d=mm&r=g","caption":"webman"},"url":"https:\/\/dev.explora.cl\/aricayparinacota\/author\/webman\/"}]}},"_links":{"self":[{"href":"https:\/\/dev.explora.cl\/aricayparinacota\/wp-json\/wp\/v2\/posts\/32531","targetHints":{"allow":["GET"]}}],"collection":[{"href":"https:\/\/dev.explora.cl\/aricayparinacota\/wp-json\/wp\/v2\/posts"}],"about":[{"href":"https:\/\/dev.explora.cl\/aricayparinacota\/wp-json\/wp\/v2\/types\/post"}],"author":[{"embeddable":true,"href":"https:\/\/dev.explora.cl\/aricayparinacota\/wp-json\/wp\/v2\/users\/2"}],"replies":[{"embeddable":true,"href":"https:\/\/dev.explora.cl\/aricayparinacota\/wp-json\/wp\/v2\/comments?post=32531"}],"version-history":[{"count":1,"href":"https:\/\/dev.explora.cl\/aricayparinacota\/wp-json\/wp\/v2\/posts\/32531\/revisions"}],"predecessor-version":[{"id":32783,"href":"https:\/\/dev.explora.cl\/aricayparinacota\/wp-json\/wp\/v2\/posts\/32531\/revisions\/32783"}],"wp:featuredmedia":[{"embeddable":true,"href":"https:\/\/dev.explora.cl\/aricayparinacota\/wp-json\/wp\/v2\/media\/32535"}],"wp:attachment":[{"href":"https:\/\/dev.explora.cl\/aricayparinacota\/wp-json\/wp\/v2\/media?parent=32531"}],"wp:term":[{"taxonomy":"category","embeddable":true,"href":"https:\/\/dev.explora.cl\/aricayparinacota\/wp-json\/wp\/v2\/categories?post=32531"},{"taxonomy":"post_tag","embeddable":true,"href":"https:\/\/dev.explora.cl\/aricayparinacota\/wp-json\/wp\/v2\/tags?post=32531"}],"curies":[{"name":"wp","href":"https:\/\/api.w.org\/{rel}","templated":true}]}}