{"id":32524,"date":"2018-10-31T10:11:18","date_gmt":"2018-10-31T10:11:18","guid":{"rendered":"https:\/\/dev.explora.cl\/aricayparinacota\/?p=32524"},"modified":"2019-05-09T20:56:02","modified_gmt":"2019-05-09T20:56:02","slug":"pequenos-estudiantes-de-la-region-mostraron-sus-experiencias-cientificas","status":"publish","type":"post","link":"https:\/\/dev.explora.cl\/aricayparinacota\/pequenos-estudiantes-de-la-region-mostraron-sus-experiencias-cientificas\/","title":{"rendered":"Peque\u00f1os estudiantes de la regi\u00f3n mostraron sus experiencias cient\u00edficas"},"content":{"rendered":"<p><b>VI Feria Infantil de Ciencia y Tecnolog\u00eda Explora de CONICYT<\/b><br \/>\n&nbsp;<\/p>\n<p class=\"m_3027393033283140471x_m_-8833664070965404014x_x_MsoNormal\">Dos botellas de vidrio con l\u00edquido espeso y de un color verde oscuro son las muestras de los jugos sanadores provenientes del nopal, las hojas de las tunas del valle de Illapata, ubicado a m\u00e1s de 100 kil\u00f3metros de Arica hacia el sur. Francisca Olivares, de la escuela del mismo nombre del pueblo, explica que este brebaje \u201cayuda a las personas con enfermedades de diabetes y colesterol\u201d. El tema es parte del trabajo de investigaci\u00f3n \u201cEl Nopal, el impacto que producen sus propiedades en la salud de las personas\u201d, presentado en la VI Feria Infantil de Ciencia y Tecnolog\u00eda Explora de CONICYT, realizada en el campus Vel\u00e1squez de la Universidad de Tarapac\u00e1.<\/p>\n<p class=\"m_3027393033283140471x_m_-8833664070965404014x_x_MsoNormal\">La profesora, Virginia Mart\u00ednez, que dirige la escuelita multigrado con una matr\u00edcula de tres estudiantes, comenta que hace dos a\u00f1os est\u00e1n trabajando con el nopal, buscando bibliograf\u00eda sobre sus propiedades, su historia en las tierras aztecas donde se usa hasta en ensaladas, y, por supuesto, sus cualidades para bajar de peso, colesterol y cicatrizar heridas. El jugo lo usan con otros ingredientes como lim\u00f3n, apio o manzana, dependiendo de su finalidad, para ello a las \u201cpalas\u201d de las tunas s\u00f3lo les sacan las espinas y luego la cortan en cuadros y la licuadora hace el resto.<\/p>\n<p class=\"m_3027393033283140471x_m_-8833664070965404014x_x_MsoNormal\">La Escuela de Illapata fue una de las cinco escuelas rurales, que particip\u00f3 en la Feria Infantil, los otros establecimientos fueron: Escuela Espa\u00f1a y Escuela Dar\u00edo Salas, ubicadas en el kil\u00f3metro 30 y el kil\u00f3metro cuatro del valle de Azapa, respectivamente. De la comuna de Camarones asistieron adem\u00e1s la Escuela de Chitita y Gua\u00f1acagua, todas unidocentes.<\/p>\n<p class=\"m_3027393033283140471x_m_-8833664070965404014x_x_MsoNormal\">La VI versi\u00f3n de la Feria Infantil, desarrollada por el Proyecto Asociativo Regional de CONICYT, cont\u00f3 con 26 muestras cient\u00edficas de infantes de educaci\u00f3n parvularia y primer ciclo de educaci\u00f3n b\u00e1sica de la regi\u00f3n de Arica y Parinacota. Iniciativa, que la directora del proyecto, M\u00f3nica Navarrete, destac\u00f3 porque a trav\u00e9s de ella \u201cse busca lograr el intercambio e incentivar una formaci\u00f3n cient\u00edfica b\u00e1sica v\u00e1lida para interpretar los hechos cotidianos que rodean a los m\u00e1s peque\u00f1os, desde un esp\u00edritu cr\u00edtico y participativo\u201d.<\/p>\n<p class=\"m_3027393033283140471x_m_-8833664070965404014x_x_MsoNormal\">En esta oportunidad participaron adem\u00e1s 15 establecimientos municipales, dos particulares, ocho particulares subvencionados y dos de la Junta Nacional de Jardines Infantiles. Estos \u00faltimos con la implementaci\u00f3n de la metodolog\u00eda de Tus Competencias en Ciencias para educaci\u00f3n parvularia, donde Explora de la UTA ha colaborado, capacitando y entregando 20 kit de ciencias.<\/p>\n<p class=\"m_3027393033283140471x_m_-8833664070965404014x_x_MsoNormal\">EXPERIENCIAS<\/p>\n<p class=\"m_3027393033283140471x_m_-8833664070965404014x_x_MsoNormal\">\u201cEl mundo de los ni\u00f1os aymaras en el pueblo de Gua\u00f1acagua\u201d fue compartido por los dos estudiantes de la Escuela de este pueblo, junto a su profesora Lorelia Zenis. Junto a la educadora intercultural Doris Mollo y la participaci\u00f3n de la comunidad se preocuparon de rescatar la lengua originaria a trav\u00e9s de un juego formado por grandes dados matem\u00e1ticos con n\u00fameros y nombres de animales en aymara. \u201cVimos con preocupaci\u00f3n que se est\u00e1 perdiendo lo que es la lengua materna, en un esfuerzo los ni\u00f1os crearon dados matem\u00e1ticos, donde el juego consiste en lanzarlos y avanzar de acuerdo al n\u00famero que aparece en aymara, as\u00ed aprenden en forma m\u00e1s l\u00fadica los conocimientos y se rescata la lengua materna\u201d, indic\u00f3 la educadora unidocente, agregando que tambi\u00e9n tienen rompecabezas en aymara con contenidos de acuerdo a planes y programas pero tambi\u00e9n estrechamente ligados a la comunidad.<\/p>\n<p class=\"m_3027393033283140471x_m_-8833664070965404014x_x_MsoNormal\">\u201cEl ayrampo, el color de la sabidur\u00eda ancestral\u201d fue el tema desarrollado durante dos meses por los peque\u00f1itos del prekinder del Liceo Agr\u00edcola Jos\u00e9 Abelardo N\u00fa\u00f1ez del valle de Azapa, quienes trabajaron con la educadora de p\u00e1rvulos Maritza Quispe en la recolecci\u00f3n de semillas del fruto del ayrampo, las cuales entregan un vibrante color fucsia, con el cual hicieron te\u00f1idos en tela y papel. Aunque en las conversaciones con las familias lograron saber que estas semillas tambi\u00e9n se usan con fines medicinales para bajar la fiebre y como colorante para hacer helados.<\/p>\n<p class=\"m_3027393033283140471x_m_-8833664070965404014x_x_MsoNormal\">Los estudiantes del Liceo Art\u00edstico de Arica trabajaron el tema \u201cExtracci\u00f3n de pigmentos vegetales de p\u00e9talos y hojas de plantas de la zona\u201d, espec\u00edficamente pimiento y mioporo para elaborar tintes y usarlo como pintura alternativa.<\/p>\n<p class=\"m_3027393033283140471x_m_-8833664070965404014x_x_MsoNormal\">La inauguraci\u00f3n cont\u00f3 con la presentaci\u00f3n de la banda de bronce de la Escuela de Chitita, para que luego la gobernadora, Mirtha Arancibia junto a la directora del Proyecto Explora, M\u00f3nica Navarrete, procedieran al corte de cinta y al recorrido por la Feria, que tambi\u00e9n cont\u00f3 con espacios de actividades l\u00fadicas, cuenta cuentos y \u00e1rboles con coloridas cintas, que enmarcaron una ma\u00f1ana en que los ni\u00f1os fueron los que mostraron dominio en sus espacios al hablar de lo que hab\u00edan realizado, porque el aprender haciendo nunca fue tan evidente.<\/p>\n<p><img loading=\"lazy\" decoding=\"async\" class=\"alignnone wp-image-32528 size-full\" src=\"https:\/\/dev.explora.cl\/aricayparinacota\/wp-content\/uploads\/sites\/2\/2018\/12\/Collage-VI-Feria-Infantil-16-10-2018.jpg\" alt=\"\" width=\"900\" height=\"300\" srcset=\"https:\/\/dev.explora.cl\/aricayparinacota\/wp-content\/uploads\/sites\/2\/2018\/12\/Collage-VI-Feria-Infantil-16-10-2018.jpg 900w, https:\/\/dev.explora.cl\/aricayparinacota\/wp-content\/uploads\/sites\/2\/2018\/12\/Collage-VI-Feria-Infantil-16-10-2018-300x100.jpg 300w, https:\/\/dev.explora.cl\/aricayparinacota\/wp-content\/uploads\/sites\/2\/2018\/12\/Collage-VI-Feria-Infantil-16-10-2018-768x256.jpg 768w\" sizes=\"auto, (max-width: 900px) 100vw, 900px\" \/><br \/>\n&nbsp;<\/p>\n","protected":false},"excerpt":{"rendered":"<p>VI Feria Infantil de Ciencia y Tecnolog\u00eda Explora de CONICYT &nbsp; Dos botellas de vidrio con l\u00edquido espeso y de un color verde oscuro son las muestras de los jugos sanadores provenientes del nopal, las hojas de las tunas del valle de Illapata, ubicado a m\u00e1s de 100 kil\u00f3metros de Arica hacia el sur. Francisca [&hellip;]<\/p>\n","protected":false},"author":2,"featured_media":32529,"comment_status":"closed","ping_status":"open","sticky":false,"template":"","format":"standard","meta":{"_acf_changed":false,"_exactmetrics_skip_tracking":false,"_exactmetrics_sitenote_active":false,"_exactmetrics_sitenote_note":"","_exactmetrics_sitenote_category":0,"footnotes":"","_links_to":"","_links_to_target":""},"categories":[4],"tags":[],"class_list":["post-32524","post","type-post","status-publish","format-standard","has-post-thumbnail","hentry","category-noticias"],"acf":[],"yoast_head":"<!-- This site is optimized with the Yoast SEO plugin v26.7 - https:\/\/yoast.com\/wordpress\/plugins\/seo\/ -->\n<title>Peque\u00f1os estudiantes de la regi\u00f3n mostraron sus experiencias cient\u00edficas - Arica y Parinacota<\/title>\n<meta name=\"robots\" content=\"index, follow, max-snippet:-1, max-image-preview:large, max-video-preview:-1\" \/>\n<link rel=\"canonical\" href=\"https:\/\/dev.explora.cl\/aricayparinacota\/pequenos-estudiantes-de-la-region-mostraron-sus-experiencias-cientificas\/\" class=\"yoast-seo-meta-tag\" \/>\n<meta property=\"og:locale\" content=\"es_ES\" class=\"yoast-seo-meta-tag\" \/>\n<meta property=\"og:type\" content=\"article\" class=\"yoast-seo-meta-tag\" \/>\n<meta property=\"og:title\" content=\"Peque\u00f1os estudiantes de la regi\u00f3n mostraron sus experiencias cient\u00edficas - Arica y Parinacota\" class=\"yoast-seo-meta-tag\" \/>\n<meta property=\"og:description\" content=\"VI Feria Infantil de Ciencia y Tecnolog\u00eda Explora de CONICYT &nbsp; Dos botellas de vidrio con l\u00edquido espeso y de un color verde oscuro son las muestras de los jugos sanadores provenientes del nopal, las hojas de las tunas del valle de Illapata, ubicado a m\u00e1s de 100 kil\u00f3metros de Arica hacia el sur. Francisca [&hellip;]\" class=\"yoast-seo-meta-tag\" \/>\n<meta property=\"og:url\" content=\"https:\/\/dev.explora.cl\/aricayparinacota\/pequenos-estudiantes-de-la-region-mostraron-sus-experiencias-cientificas\/\" class=\"yoast-seo-meta-tag\" \/>\n<meta property=\"og:site_name\" content=\"Arica y Parinacota\" class=\"yoast-seo-meta-tag\" \/>\n<meta property=\"article:published_time\" content=\"2018-10-31T10:11:18+00:00\" class=\"yoast-seo-meta-tag\" \/>\n<meta property=\"article:modified_time\" content=\"2019-05-09T20:56:02+00:00\" class=\"yoast-seo-meta-tag\" \/>\n<meta property=\"og:image\" content=\"https:\/\/dev.explora.cl\/aricayparinacota\/wp-content\/uploads\/sites\/2\/2018\/12\/Miniatura-VI-Feria-Infantil-16-10-2018.jpg\" class=\"yoast-seo-meta-tag\" \/>\n\t<meta property=\"og:image:width\" content=\"223\" class=\"yoast-seo-meta-tag\" \/>\n\t<meta property=\"og:image:height\" content=\"147\" class=\"yoast-seo-meta-tag\" \/>\n\t<meta property=\"og:image:type\" content=\"image\/jpeg\" class=\"yoast-seo-meta-tag\" \/>\n<meta name=\"author\" content=\"webman\" class=\"yoast-seo-meta-tag\" \/>\n<meta name=\"twitter:card\" content=\"summary_large_image\" class=\"yoast-seo-meta-tag\" \/>\n<meta name=\"twitter:label1\" content=\"Escrito por\" class=\"yoast-seo-meta-tag\" \/>\n\t<meta name=\"twitter:data1\" content=\"webman\" class=\"yoast-seo-meta-tag\" \/>\n\t<meta name=\"twitter:label2\" content=\"Tiempo estimado de lectura\" class=\"yoast-seo-meta-tag\" \/>\n\t<meta name=\"twitter:data2\" content=\"4 minutos\" class=\"yoast-seo-meta-tag\" \/>\n<script type=\"application\/ld+json\" class=\"yoast-schema-graph\">{\"@context\":\"https:\/\/schema.org\",\"@graph\":[{\"@type\":\"Article\",\"@id\":\"https:\/\/dev.explora.cl\/aricayparinacota\/pequenos-estudiantes-de-la-region-mostraron-sus-experiencias-cientificas\/#article\",\"isPartOf\":{\"@id\":\"https:\/\/dev.explora.cl\/aricayparinacota\/pequenos-estudiantes-de-la-region-mostraron-sus-experiencias-cientificas\/\"},\"author\":{\"name\":\"webman\",\"@id\":\"https:\/\/dev.explora.cl\/aricayparinacota\/#\/schema\/person\/cb8349c13ea2d324080adf8480d7ba5d\"},\"headline\":\"Peque\u00f1os estudiantes de la regi\u00f3n mostraron sus experiencias cient\u00edficas\",\"datePublished\":\"2018-10-31T10:11:18+00:00\",\"dateModified\":\"2019-05-09T20:56:02+00:00\",\"mainEntityOfPage\":{\"@id\":\"https:\/\/dev.explora.cl\/aricayparinacota\/pequenos-estudiantes-de-la-region-mostraron-sus-experiencias-cientificas\/\"},\"wordCount\":851,\"publisher\":{\"@id\":\"https:\/\/dev.explora.cl\/aricayparinacota\/#organization\"},\"image\":{\"@id\":\"https:\/\/dev.explora.cl\/aricayparinacota\/pequenos-estudiantes-de-la-region-mostraron-sus-experiencias-cientificas\/#primaryimage\"},\"thumbnailUrl\":\"https:\/\/dev.explora.cl\/aricayparinacota\/wp-content\/uploads\/sites\/2\/2018\/12\/Miniatura-VI-Feria-Infantil-16-10-2018.jpg\",\"articleSection\":[\"Noticias\"],\"inLanguage\":\"es-CL\"},{\"@type\":\"WebPage\",\"@id\":\"https:\/\/dev.explora.cl\/aricayparinacota\/pequenos-estudiantes-de-la-region-mostraron-sus-experiencias-cientificas\/\",\"url\":\"https:\/\/dev.explora.cl\/aricayparinacota\/pequenos-estudiantes-de-la-region-mostraron-sus-experiencias-cientificas\/\",\"name\":\"Peque\u00f1os estudiantes de la regi\u00f3n mostraron sus experiencias cient\u00edficas - Arica y Parinacota\",\"isPartOf\":{\"@id\":\"https:\/\/dev.explora.cl\/aricayparinacota\/#website\"},\"primaryImageOfPage\":{\"@id\":\"https:\/\/dev.explora.cl\/aricayparinacota\/pequenos-estudiantes-de-la-region-mostraron-sus-experiencias-cientificas\/#primaryimage\"},\"image\":{\"@id\":\"https:\/\/dev.explora.cl\/aricayparinacota\/pequenos-estudiantes-de-la-region-mostraron-sus-experiencias-cientificas\/#primaryimage\"},\"thumbnailUrl\":\"https:\/\/dev.explora.cl\/aricayparinacota\/wp-content\/uploads\/sites\/2\/2018\/12\/Miniatura-VI-Feria-Infantil-16-10-2018.jpg\",\"datePublished\":\"2018-10-31T10:11:18+00:00\",\"dateModified\":\"2019-05-09T20:56:02+00:00\",\"breadcrumb\":{\"@id\":\"https:\/\/dev.explora.cl\/aricayparinacota\/pequenos-estudiantes-de-la-region-mostraron-sus-experiencias-cientificas\/#breadcrumb\"},\"inLanguage\":\"es-CL\",\"potentialAction\":[{\"@type\":\"ReadAction\",\"target\":[\"https:\/\/dev.explora.cl\/aricayparinacota\/pequenos-estudiantes-de-la-region-mostraron-sus-experiencias-cientificas\/\"]}]},{\"@type\":\"ImageObject\",\"inLanguage\":\"es-CL\",\"@id\":\"https:\/\/dev.explora.cl\/aricayparinacota\/pequenos-estudiantes-de-la-region-mostraron-sus-experiencias-cientificas\/#primaryimage\",\"url\":\"https:\/\/dev.explora.cl\/aricayparinacota\/wp-content\/uploads\/sites\/2\/2018\/12\/Miniatura-VI-Feria-Infantil-16-10-2018.jpg\",\"contentUrl\":\"https:\/\/dev.explora.cl\/aricayparinacota\/wp-content\/uploads\/sites\/2\/2018\/12\/Miniatura-VI-Feria-Infantil-16-10-2018.jpg\",\"width\":223,\"height\":147},{\"@type\":\"BreadcrumbList\",\"@id\":\"https:\/\/dev.explora.cl\/aricayparinacota\/pequenos-estudiantes-de-la-region-mostraron-sus-experiencias-cientificas\/#breadcrumb\",\"itemListElement\":[{\"@type\":\"ListItem\",\"position\":1,\"name\":\"Portada\",\"item\":\"https:\/\/dev.explora.cl\/aricayparinacota\/\"},{\"@type\":\"ListItem\",\"position\":2,\"name\":\"Peque\u00f1os estudiantes de la regi\u00f3n mostraron sus experiencias cient\u00edficas\"}]},{\"@type\":\"WebSite\",\"@id\":\"https:\/\/dev.explora.cl\/aricayparinacota\/#website\",\"url\":\"https:\/\/dev.explora.cl\/aricayparinacota\/\",\"name\":\"Arica y Parinacota\",\"description\":\"Otro sitio m\u00e1s de dev.explora.cl\",\"publisher\":{\"@id\":\"https:\/\/dev.explora.cl\/aricayparinacota\/#organization\"},\"potentialAction\":[{\"@type\":\"SearchAction\",\"target\":{\"@type\":\"EntryPoint\",\"urlTemplate\":\"https:\/\/dev.explora.cl\/aricayparinacota\/?s={search_term_string}\"},\"query-input\":{\"@type\":\"PropertyValueSpecification\",\"valueRequired\":true,\"valueName\":\"search_term_string\"}}],\"inLanguage\":\"es-CL\"},{\"@type\":\"Organization\",\"@id\":\"https:\/\/dev.explora.cl\/aricayparinacota\/#organization\",\"name\":\"Arica y Parinacota\",\"url\":\"https:\/\/dev.explora.cl\/aricayparinacota\/\",\"logo\":{\"@type\":\"ImageObject\",\"inLanguage\":\"es-CL\",\"@id\":\"https:\/\/dev.explora.cl\/aricayparinacota\/#\/schema\/logo\/image\/\",\"url\":\"https:\/\/dev.explora.cl\/aricayparinacota\/wp-content\/uploads\/sites\/2\/2020\/08\/cropped-nuevosa-logos-11.png\",\"contentUrl\":\"https:\/\/dev.explora.cl\/aricayparinacota\/wp-content\/uploads\/sites\/2\/2020\/08\/cropped-nuevosa-logos-11.png\",\"width\":812,\"height\":937,\"caption\":\"Arica y Parinacota\"},\"image\":{\"@id\":\"https:\/\/dev.explora.cl\/aricayparinacota\/#\/schema\/logo\/image\/\"}},{\"@type\":\"Person\",\"@id\":\"https:\/\/dev.explora.cl\/aricayparinacota\/#\/schema\/person\/cb8349c13ea2d324080adf8480d7ba5d\",\"name\":\"webman\",\"image\":{\"@type\":\"ImageObject\",\"inLanguage\":\"es-CL\",\"@id\":\"https:\/\/dev.explora.cl\/aricayparinacota\/#\/schema\/person\/image\/\",\"url\":\"https:\/\/secure.gravatar.com\/avatar\/eeff3c82f2c02f7177d13663b7e6f890e9a6a0647ce9bb29cae02dcb094c7312?s=96&d=mm&r=g\",\"contentUrl\":\"https:\/\/secure.gravatar.com\/avatar\/eeff3c82f2c02f7177d13663b7e6f890e9a6a0647ce9bb29cae02dcb094c7312?s=96&d=mm&r=g\",\"caption\":\"webman\"},\"url\":\"https:\/\/dev.explora.cl\/aricayparinacota\/author\/webman\/\"}]}<\/script>\n<!-- \/ Yoast SEO plugin. -->","yoast_head_json":{"title":"Peque\u00f1os estudiantes de la regi\u00f3n mostraron sus experiencias cient\u00edficas - Arica y Parinacota","robots":{"index":"index","follow":"follow","max-snippet":"max-snippet:-1","max-image-preview":"max-image-preview:large","max-video-preview":"max-video-preview:-1"},"canonical":"https:\/\/dev.explora.cl\/aricayparinacota\/pequenos-estudiantes-de-la-region-mostraron-sus-experiencias-cientificas\/","og_locale":"es_ES","og_type":"article","og_title":"Peque\u00f1os estudiantes de la regi\u00f3n mostraron sus experiencias cient\u00edficas - Arica y Parinacota","og_description":"VI Feria Infantil de Ciencia y Tecnolog\u00eda Explora de CONICYT &nbsp; Dos botellas de vidrio con l\u00edquido espeso y de un color verde oscuro son las muestras de los jugos sanadores provenientes del nopal, las hojas de las tunas del valle de Illapata, ubicado a m\u00e1s de 100 kil\u00f3metros de Arica hacia el sur. Francisca [&hellip;]","og_url":"https:\/\/dev.explora.cl\/aricayparinacota\/pequenos-estudiantes-de-la-region-mostraron-sus-experiencias-cientificas\/","og_site_name":"Arica y Parinacota","article_published_time":"2018-10-31T10:11:18+00:00","article_modified_time":"2019-05-09T20:56:02+00:00","og_image":[{"width":223,"height":147,"url":"https:\/\/dev.explora.cl\/aricayparinacota\/wp-content\/uploads\/sites\/2\/2018\/12\/Miniatura-VI-Feria-Infantil-16-10-2018.jpg","type":"image\/jpeg"}],"author":"webman","twitter_card":"summary_large_image","twitter_misc":{"Escrito por":"webman","Tiempo estimado de lectura":"4 minutos"},"schema":{"@context":"https:\/\/schema.org","@graph":[{"@type":"Article","@id":"https:\/\/dev.explora.cl\/aricayparinacota\/pequenos-estudiantes-de-la-region-mostraron-sus-experiencias-cientificas\/#article","isPartOf":{"@id":"https:\/\/dev.explora.cl\/aricayparinacota\/pequenos-estudiantes-de-la-region-mostraron-sus-experiencias-cientificas\/"},"author":{"name":"webman","@id":"https:\/\/dev.explora.cl\/aricayparinacota\/#\/schema\/person\/cb8349c13ea2d324080adf8480d7ba5d"},"headline":"Peque\u00f1os estudiantes de la regi\u00f3n mostraron sus experiencias cient\u00edficas","datePublished":"2018-10-31T10:11:18+00:00","dateModified":"2019-05-09T20:56:02+00:00","mainEntityOfPage":{"@id":"https:\/\/dev.explora.cl\/aricayparinacota\/pequenos-estudiantes-de-la-region-mostraron-sus-experiencias-cientificas\/"},"wordCount":851,"publisher":{"@id":"https:\/\/dev.explora.cl\/aricayparinacota\/#organization"},"image":{"@id":"https:\/\/dev.explora.cl\/aricayparinacota\/pequenos-estudiantes-de-la-region-mostraron-sus-experiencias-cientificas\/#primaryimage"},"thumbnailUrl":"https:\/\/dev.explora.cl\/aricayparinacota\/wp-content\/uploads\/sites\/2\/2018\/12\/Miniatura-VI-Feria-Infantil-16-10-2018.jpg","articleSection":["Noticias"],"inLanguage":"es-CL"},{"@type":"WebPage","@id":"https:\/\/dev.explora.cl\/aricayparinacota\/pequenos-estudiantes-de-la-region-mostraron-sus-experiencias-cientificas\/","url":"https:\/\/dev.explora.cl\/aricayparinacota\/pequenos-estudiantes-de-la-region-mostraron-sus-experiencias-cientificas\/","name":"Peque\u00f1os estudiantes de la regi\u00f3n mostraron sus experiencias cient\u00edficas - Arica y Parinacota","isPartOf":{"@id":"https:\/\/dev.explora.cl\/aricayparinacota\/#website"},"primaryImageOfPage":{"@id":"https:\/\/dev.explora.cl\/aricayparinacota\/pequenos-estudiantes-de-la-region-mostraron-sus-experiencias-cientificas\/#primaryimage"},"image":{"@id":"https:\/\/dev.explora.cl\/aricayparinacota\/pequenos-estudiantes-de-la-region-mostraron-sus-experiencias-cientificas\/#primaryimage"},"thumbnailUrl":"https:\/\/dev.explora.cl\/aricayparinacota\/wp-content\/uploads\/sites\/2\/2018\/12\/Miniatura-VI-Feria-Infantil-16-10-2018.jpg","datePublished":"2018-10-31T10:11:18+00:00","dateModified":"2019-05-09T20:56:02+00:00","breadcrumb":{"@id":"https:\/\/dev.explora.cl\/aricayparinacota\/pequenos-estudiantes-de-la-region-mostraron-sus-experiencias-cientificas\/#breadcrumb"},"inLanguage":"es-CL","potentialAction":[{"@type":"ReadAction","target":["https:\/\/dev.explora.cl\/aricayparinacota\/pequenos-estudiantes-de-la-region-mostraron-sus-experiencias-cientificas\/"]}]},{"@type":"ImageObject","inLanguage":"es-CL","@id":"https:\/\/dev.explora.cl\/aricayparinacota\/pequenos-estudiantes-de-la-region-mostraron-sus-experiencias-cientificas\/#primaryimage","url":"https:\/\/dev.explora.cl\/aricayparinacota\/wp-content\/uploads\/sites\/2\/2018\/12\/Miniatura-VI-Feria-Infantil-16-10-2018.jpg","contentUrl":"https:\/\/dev.explora.cl\/aricayparinacota\/wp-content\/uploads\/sites\/2\/2018\/12\/Miniatura-VI-Feria-Infantil-16-10-2018.jpg","width":223,"height":147},{"@type":"BreadcrumbList","@id":"https:\/\/dev.explora.cl\/aricayparinacota\/pequenos-estudiantes-de-la-region-mostraron-sus-experiencias-cientificas\/#breadcrumb","itemListElement":[{"@type":"ListItem","position":1,"name":"Portada","item":"https:\/\/dev.explora.cl\/aricayparinacota\/"},{"@type":"ListItem","position":2,"name":"Peque\u00f1os estudiantes de la regi\u00f3n mostraron sus experiencias cient\u00edficas"}]},{"@type":"WebSite","@id":"https:\/\/dev.explora.cl\/aricayparinacota\/#website","url":"https:\/\/dev.explora.cl\/aricayparinacota\/","name":"Arica y Parinacota","description":"Otro sitio m\u00e1s de dev.explora.cl","publisher":{"@id":"https:\/\/dev.explora.cl\/aricayparinacota\/#organization"},"potentialAction":[{"@type":"SearchAction","target":{"@type":"EntryPoint","urlTemplate":"https:\/\/dev.explora.cl\/aricayparinacota\/?s={search_term_string}"},"query-input":{"@type":"PropertyValueSpecification","valueRequired":true,"valueName":"search_term_string"}}],"inLanguage":"es-CL"},{"@type":"Organization","@id":"https:\/\/dev.explora.cl\/aricayparinacota\/#organization","name":"Arica y Parinacota","url":"https:\/\/dev.explora.cl\/aricayparinacota\/","logo":{"@type":"ImageObject","inLanguage":"es-CL","@id":"https:\/\/dev.explora.cl\/aricayparinacota\/#\/schema\/logo\/image\/","url":"https:\/\/dev.explora.cl\/aricayparinacota\/wp-content\/uploads\/sites\/2\/2020\/08\/cropped-nuevosa-logos-11.png","contentUrl":"https:\/\/dev.explora.cl\/aricayparinacota\/wp-content\/uploads\/sites\/2\/2020\/08\/cropped-nuevosa-logos-11.png","width":812,"height":937,"caption":"Arica y Parinacota"},"image":{"@id":"https:\/\/dev.explora.cl\/aricayparinacota\/#\/schema\/logo\/image\/"}},{"@type":"Person","@id":"https:\/\/dev.explora.cl\/aricayparinacota\/#\/schema\/person\/cb8349c13ea2d324080adf8480d7ba5d","name":"webman","image":{"@type":"ImageObject","inLanguage":"es-CL","@id":"https:\/\/dev.explora.cl\/aricayparinacota\/#\/schema\/person\/image\/","url":"https:\/\/secure.gravatar.com\/avatar\/eeff3c82f2c02f7177d13663b7e6f890e9a6a0647ce9bb29cae02dcb094c7312?s=96&d=mm&r=g","contentUrl":"https:\/\/secure.gravatar.com\/avatar\/eeff3c82f2c02f7177d13663b7e6f890e9a6a0647ce9bb29cae02dcb094c7312?s=96&d=mm&r=g","caption":"webman"},"url":"https:\/\/dev.explora.cl\/aricayparinacota\/author\/webman\/"}]}},"_links":{"self":[{"href":"https:\/\/dev.explora.cl\/aricayparinacota\/wp-json\/wp\/v2\/posts\/32524","targetHints":{"allow":["GET"]}}],"collection":[{"href":"https:\/\/dev.explora.cl\/aricayparinacota\/wp-json\/wp\/v2\/posts"}],"about":[{"href":"https:\/\/dev.explora.cl\/aricayparinacota\/wp-json\/wp\/v2\/types\/post"}],"author":[{"embeddable":true,"href":"https:\/\/dev.explora.cl\/aricayparinacota\/wp-json\/wp\/v2\/users\/2"}],"replies":[{"embeddable":true,"href":"https:\/\/dev.explora.cl\/aricayparinacota\/wp-json\/wp\/v2\/comments?post=32524"}],"version-history":[{"count":1,"href":"https:\/\/dev.explora.cl\/aricayparinacota\/wp-json\/wp\/v2\/posts\/32524\/revisions"}],"predecessor-version":[{"id":32784,"href":"https:\/\/dev.explora.cl\/aricayparinacota\/wp-json\/wp\/v2\/posts\/32524\/revisions\/32784"}],"wp:featuredmedia":[{"embeddable":true,"href":"https:\/\/dev.explora.cl\/aricayparinacota\/wp-json\/wp\/v2\/media\/32529"}],"wp:attachment":[{"href":"https:\/\/dev.explora.cl\/aricayparinacota\/wp-json\/wp\/v2\/media?parent=32524"}],"wp:term":[{"taxonomy":"category","embeddable":true,"href":"https:\/\/dev.explora.cl\/aricayparinacota\/wp-json\/wp\/v2\/categories?post=32524"},{"taxonomy":"post_tag","embeddable":true,"href":"https:\/\/dev.explora.cl\/aricayparinacota\/wp-json\/wp\/v2\/tags?post=32524"}],"curies":[{"name":"wp","href":"https:\/\/api.w.org\/{rel}","templated":true}]}}