{"id":32518,"date":"2018-10-29T09:35:44","date_gmt":"2018-10-29T09:35:44","guid":{"rendered":"https:\/\/dev.explora.cl\/aricayparinacota\/?p=32518"},"modified":"2019-05-09T20:56:21","modified_gmt":"2019-05-09T20:56:21","slug":"mas-de-500-asistentes-en-presentacion-de-38-proyectos-cientificos","status":"publish","type":"post","link":"https:\/\/dev.explora.cl\/aricayparinacota\/mas-de-500-asistentes-en-presentacion-de-38-proyectos-cientificos\/","title":{"rendered":"M\u00e1s de 500 asistentes en presentaci\u00f3n de 38 proyectos cient\u00edficos"},"content":{"rendered":"<p style=\"font-weight: 400;text-align: justify\"><strong>XIII Congreso Regional Escolar de la Ciencia y la Tecnolog\u00eda en Arica<\/strong><\/p>\n<p style=\"font-weight: 400;text-align: justify\">Con m\u00e1s de 500 asistentes cont\u00f3 el XIII Congreso Regional Escolar de la Ciencia y la Tecnolog\u00eda (CRECyT), organizado por el Proyecto Asociativo Regional (PAR) Explora de CONICYT, ejecutado por la Universidad de Tarapac\u00e1, en que participaron 38 proyectos de diversos establecimientos de educaci\u00f3n b\u00e1sica y media de la regi\u00f3n. Los proyectos fueron presentados en las \u00e1reas de ciencias naturales, ciencias sociales e ingenier\u00eda y tecnolog\u00eda.<\/p>\n<p style=\"font-weight: 400;text-align: justify\">En la actividad inaugural particip\u00f3\u00a0la seremi de Educaci\u00f3n, Lorena Ventura; el director de Vinculaci\u00f3n con el Medio de la Universidad de Tarapac\u00e1, Alberto D\u00edaz y la directora del PAR Explora de CONICYT, M\u00f3nica Navarrete, junto a los estudiantes, profesores y cient\u00edficos.<\/p>\n<p style=\"font-weight: 400;text-align: justify\">La seremi de Educaci\u00f3n, Lorena Ventura, destac\u00f3 que este congreso regional \u201ces un proceso que se ha desarrollado durante este a\u00f1o y sabemos que va a tener buenos frutos. Esperamos que los ganadores regionales nos representen en el congreso nacional y estamos seguros que lo har\u00e1n bien porque aqu\u00ed en nuestro norte tenemos muchos valores j\u00f3venes\u201d. Alberto D\u00edaz, director de Vinculaci\u00f3n con el Medio de la Universidad de Tarapac\u00e1, dijo que \u201ceste congreso, sin lugar a dudas, marca un punto de inflexi\u00f3n, porque la ciencia no necesariamente se inicia en el mundo universitario sino que en los establecimientos educacionales de nuestro querido norte. Son el espacio destinado a la reflexi\u00f3n, exploraci\u00f3n y desarrollo de la inquietud cient\u00edfica lo que debe ser tiempo presente\u201d. M\u00f3nica Navarrete, directora del PAR Explora, manifest\u00f3 que es necesario \u201cresaltar la labor que hace cada uno de los profesores participantes y dado que este congreso se hace en la Universidad de Tarapac\u00e1, esperamos que se transforme en una casa abierta para colaborar con los profesores de nuestra regi\u00f3n. El Programa Explora es el canal perfecto para hacer este v\u00ednculo entre investigadores, colegios y estudiantes\u201d.<\/p>\n<p style=\"font-weight: 400;text-align: justify\">TEMAS<\/p>\n<p style=\"font-weight: 400;text-align: justify\">En ciencias naturales participaron los siguientes temas de investigaci\u00f3n en educaci\u00f3n b\u00e1sica: Impacto de la contaminaci\u00f3n acu\u00e1tica de algunas zonas del borde costero en Arica sobre el zooplancton marino, Escuela Ricardo Silva Arriagada; Limpiando el agua con cuescos de aceitunas, Colegio Juan Pablo II; Evaluaci\u00f3n del Airampo (Tunilla soehrensii, sin. = Opuntia tilcarensis) como antibacteriano, Colegio Chile Norte; Determinaci\u00f3n de la dieta del Aguilucho, The International School Arica; Los humedales, verdaderos filtros de la naturaleza, Escuela Jorge Alessandri Rodr\u00edguez; Sistema de huerto hidrop\u00f3nico urbano, Escuela Tucapel.<\/p>\n<p style=\"font-weight: 400;text-align: justify\">De la Escuela Dar\u00edo Salas D\u00edaz se presentaron los siguientes temas: Aplicaci\u00f3n de extracto de Aloe vera para el control de la Mosca Blanca en condiciones de campo; La oxidaci\u00f3n en el Aloe vera, \u00bfc\u00f3mo la podemos evitar?; Introduciendo cultivos productivos en el valle de Azapa Physalis peruviana (Capul\u00ed); Aves rapaces, controladores biol\u00f3gicos del valle de Azapa; y Reducci\u00f3n de los niveles de boro mediante la utilizaci\u00f3n de pasto Vetiver.<\/p>\n<p style=\"font-weight: 400;text-align: justify\">En ciencias sociales participaron los siguientes proyectos: Conocimiento sobre la Cultura Tiwanaku en Arica, Escuela Dar\u00edo Salas D\u00edaz; Rescate los conocimientos ancestrales, un conocimiento para el futuro, Escuela Dar\u00edo Salas D\u00edaz; Desde mi escuela mirando a la diversidad: la migraci\u00f3n en la ciudad de Arica, Escuela Republica De Israel; \u00bfPor qu\u00e9 es importante la mariposa para la cultura aymara? \u00bfPor qu\u00e9 sus alas van cambiando de color?, Escuela Ancolacane; Percepci\u00f3n social en tres parques urbanos de la ciudad de Arica, Colegio San Jorge; Las momias Chinchorro de Arica: Escuela y patrimonio cultural regional, Liceo Domingo Santa Mar\u00eda.<\/p>\n<p style=\"font-weight: 400;text-align: justify\">En el \u00e1rea de ingenier\u00eda y tecnolog\u00eda se presentaron los siguientes temas: Purificador de agua mediante el uso de Carb\u00f3n Activado y Energ\u00eda Solar como sistema limpio, barato y renovable; Colegio Mosaicos; Tata Inti. Conservando nuestros alimentos, Colegio John Wall Holcomb; y Sistema de mediciones con variables en un cultivo hidrop\u00f3nico, Escuela Tucapel.<\/p>\n<p style=\"font-weight: 400;text-align: justify\">En educaci\u00f3n media, \u00e1rea ciencias naturales: Servicios ecosist\u00e9micos que aporta el Guacano (Morella pavonis) a la comunidad de Chapisca, regi\u00f3n de Arica y Parinacota, Liceo Polit\u00e9cnico Antonio Varas de La Barra; El uso de la manzanilla para la inhibici\u00f3n del Biofilm, Colegio Adventista de Arica; Cin\u00e9tica de la macroalga parda de Caleta Vitor en la adsorci\u00f3n de ars\u00e9nico, Colegio Juan Pablo II; An\u00e1lisis de conchas de moluscos como bioindicadores de la acidez marina, Liceo Octavio Palma P\u00e9rez; Cuantificaci\u00f3n de licopeno de Tomates Solanum\u00a0\u00a0lycopersicum L.\u00a0\u00a0var.\u201cPoncho Negro\u201d y Solanum Lycopersicum L. var. \u201cNaomi\u201d, Colegio San Jorge; Rabanus sativus tratada con C\u00farcuma longa como abono org\u00e1nico, Liceo Jovina Naranjo Fern\u00e1ndez; Caracterizaci\u00f3n de los factores de riesgos que presenta el r\u00edo Lluta, Liceo Domingo Santa Mar\u00eda;<\/p>\n<p style=\"font-weight: 400;text-align: justify\">En ciencias sociales se presentaron los siguientes proyectos: M\u00e1s all\u00e1 del l\u00edmite, Colegio Andino; III Campamento Cient\u00edfico Liceo Antonio Varas de la Barra, Liceo Polit\u00e9cnico Antonio Varas de la Barra; Importancia de Morella pavonis en los asentamientos humanos del sector de Chapisca, en la regi\u00f3n de Arica y Parinacota, Liceo Polit\u00e9cnico Antonio Varas de la Barra; \u00bfRealmente se conoce el significado de los Bailes del Carnaval Andino con la Fuerza del Sol?, Liceo Domingo Santa Mar\u00eda; Migraciones internacionales en la regi\u00f3n de Arica y Parinacota: Diversidad cultural y educaci\u00f3n inclusiva, Liceo Domingo Santa Mar\u00eda; El Legado de Vilaucarani, Liceo Granaderos de Putre; El gran milagro ancestral de las plantas, Liceo Granaderos de Putre.<\/p>\n<p style=\"font-weight: 400;text-align: justify\">En el \u00e1rea de ingenier\u00eda y tecnolog\u00eda: A.I.A.S.E. una SmartAlarm para cualquier instituci\u00f3n, Liceo Polit\u00e9cnico Antonio Varas de La Barra;\u00a0Propuesta de mejoras al transporte p\u00fablico de taxi-colectivo del valle de Azapa a trav\u00e9s de la utilizaci\u00f3n de aplicaciones m\u00f3viles, Liceo Octavio Palma P\u00e9rez; Control de antena proyecto alma, mediante tecnolog\u00eda rob\u00f3tica Arduino y S4a, material reciclado y bloques de lego, Colegio Integrado Eduardo Frei Montalva; Gum Art, Colegio Arica College.<\/p>\n<p style=\"font-weight: 400;text-align: justify\">EXPOSICIONES<\/p>\n<p style=\"font-weight: 400;text-align: justify\">Los estudiantes dieron a conocer sus proyectos al p\u00fablico asistente, adem\u00e1s de presentar en forma oral sus temas frente a un comit\u00e9 cient\u00edfico evaluador, el que entreg\u00f3 los resultados de los lugares ganadores de los 38 proyectos que representar\u00e1n a la regi\u00f3n en la ciudad de Concepci\u00f3n en el Congreso Nacional.<\/p>\n<p>&nbsp;<br \/>\n<img loading=\"lazy\" decoding=\"async\" class=\"alignnone wp-image-32519 size-full\" src=\"https:\/\/dev.explora.cl\/aricayparinacota\/wp-content\/uploads\/sites\/2\/2018\/12\/Collage-CRECyT-30-10-2018.jpg\" alt=\"\" width=\"900\" height=\"300\" srcset=\"https:\/\/dev.explora.cl\/aricayparinacota\/wp-content\/uploads\/sites\/2\/2018\/12\/Collage-CRECyT-30-10-2018.jpg 900w, https:\/\/dev.explora.cl\/aricayparinacota\/wp-content\/uploads\/sites\/2\/2018\/12\/Collage-CRECyT-30-10-2018-300x100.jpg 300w, https:\/\/dev.explora.cl\/aricayparinacota\/wp-content\/uploads\/sites\/2\/2018\/12\/Collage-CRECyT-30-10-2018-768x256.jpg 768w\" sizes=\"auto, (max-width: 900px) 100vw, 900px\" \/><\/p>\n<p style=\"font-weight: 400;text-align: justify\"><strong>\u00a0<\/strong><\/p>\n","protected":false},"excerpt":{"rendered":"<p>XIII Congreso Regional Escolar de la Ciencia y la Tecnolog\u00eda en Arica Con m\u00e1s de 500 asistentes cont\u00f3 el XIII Congreso Regional Escolar de la Ciencia y la Tecnolog\u00eda (CRECyT), organizado por el Proyecto Asociativo Regional (PAR) Explora de CONICYT, ejecutado por la Universidad de Tarapac\u00e1, en que participaron 38 proyectos de diversos establecimientos de [&hellip;]<\/p>\n","protected":false},"author":2,"featured_media":32560,"comment_status":"closed","ping_status":"open","sticky":false,"template":"","format":"standard","meta":{"_acf_changed":false,"_exactmetrics_skip_tracking":false,"_exactmetrics_sitenote_active":false,"_exactmetrics_sitenote_note":"","_exactmetrics_sitenote_category":0,"footnotes":"","_links_to":"","_links_to_target":""},"categories":[4],"tags":[],"class_list":["post-32518","post","type-post","status-publish","format-standard","has-post-thumbnail","hentry","category-noticias"],"acf":[],"yoast_head":"<!-- This site is optimized with the Yoast SEO plugin v26.7 - https:\/\/yoast.com\/wordpress\/plugins\/seo\/ -->\n<title>M\u00e1s de 500 asistentes en presentaci\u00f3n de 38 proyectos cient\u00edficos - Arica y Parinacota<\/title>\n<meta name=\"robots\" content=\"index, follow, max-snippet:-1, max-image-preview:large, max-video-preview:-1\" \/>\n<link rel=\"canonical\" href=\"https:\/\/dev.explora.cl\/aricayparinacota\/mas-de-500-asistentes-en-presentacion-de-38-proyectos-cientificos\/\" class=\"yoast-seo-meta-tag\" \/>\n<meta property=\"og:locale\" content=\"es_ES\" class=\"yoast-seo-meta-tag\" \/>\n<meta property=\"og:type\" content=\"article\" class=\"yoast-seo-meta-tag\" \/>\n<meta property=\"og:title\" content=\"M\u00e1s de 500 asistentes en presentaci\u00f3n de 38 proyectos cient\u00edficos - Arica y Parinacota\" class=\"yoast-seo-meta-tag\" \/>\n<meta property=\"og:description\" content=\"XIII Congreso Regional Escolar de la Ciencia y la Tecnolog\u00eda en Arica Con m\u00e1s de 500 asistentes cont\u00f3 el XIII Congreso Regional Escolar de la Ciencia y la Tecnolog\u00eda (CRECyT), organizado por el Proyecto Asociativo Regional (PAR) Explora de CONICYT, ejecutado por la Universidad de Tarapac\u00e1, en que participaron 38 proyectos de diversos establecimientos de [&hellip;]\" class=\"yoast-seo-meta-tag\" \/>\n<meta property=\"og:url\" content=\"https:\/\/dev.explora.cl\/aricayparinacota\/mas-de-500-asistentes-en-presentacion-de-38-proyectos-cientificos\/\" class=\"yoast-seo-meta-tag\" \/>\n<meta property=\"og:site_name\" content=\"Arica y Parinacota\" class=\"yoast-seo-meta-tag\" \/>\n<meta property=\"article:published_time\" content=\"2018-10-29T09:35:44+00:00\" class=\"yoast-seo-meta-tag\" \/>\n<meta property=\"article:modified_time\" content=\"2019-05-09T20:56:21+00:00\" class=\"yoast-seo-meta-tag\" \/>\n<meta property=\"og:image\" content=\"https:\/\/dev.explora.cl\/aricayparinacota\/wp-content\/uploads\/sites\/2\/2018\/10\/Miniatura-CRECyT-30-10-2018-1.jpg\" class=\"yoast-seo-meta-tag\" \/>\n\t<meta property=\"og:image:width\" content=\"200\" class=\"yoast-seo-meta-tag\" \/>\n\t<meta property=\"og:image:height\" content=\"132\" class=\"yoast-seo-meta-tag\" \/>\n\t<meta property=\"og:image:type\" content=\"image\/jpeg\" class=\"yoast-seo-meta-tag\" \/>\n<meta name=\"author\" content=\"webman\" class=\"yoast-seo-meta-tag\" \/>\n<meta name=\"twitter:card\" content=\"summary_large_image\" class=\"yoast-seo-meta-tag\" \/>\n<meta name=\"twitter:label1\" content=\"Escrito por\" class=\"yoast-seo-meta-tag\" \/>\n\t<meta name=\"twitter:data1\" content=\"webman\" class=\"yoast-seo-meta-tag\" \/>\n\t<meta name=\"twitter:label2\" content=\"Tiempo estimado de lectura\" class=\"yoast-seo-meta-tag\" \/>\n\t<meta name=\"twitter:data2\" content=\"5 minutos\" class=\"yoast-seo-meta-tag\" \/>\n<script type=\"application\/ld+json\" class=\"yoast-schema-graph\">{\"@context\":\"https:\/\/schema.org\",\"@graph\":[{\"@type\":\"Article\",\"@id\":\"https:\/\/dev.explora.cl\/aricayparinacota\/mas-de-500-asistentes-en-presentacion-de-38-proyectos-cientificos\/#article\",\"isPartOf\":{\"@id\":\"https:\/\/dev.explora.cl\/aricayparinacota\/mas-de-500-asistentes-en-presentacion-de-38-proyectos-cientificos\/\"},\"author\":{\"name\":\"webman\",\"@id\":\"https:\/\/dev.explora.cl\/aricayparinacota\/#\/schema\/person\/cb8349c13ea2d324080adf8480d7ba5d\"},\"headline\":\"M\u00e1s de 500 asistentes en presentaci\u00f3n de 38 proyectos cient\u00edficos\",\"datePublished\":\"2018-10-29T09:35:44+00:00\",\"dateModified\":\"2019-05-09T20:56:21+00:00\",\"mainEntityOfPage\":{\"@id\":\"https:\/\/dev.explora.cl\/aricayparinacota\/mas-de-500-asistentes-en-presentacion-de-38-proyectos-cientificos\/\"},\"wordCount\":1088,\"publisher\":{\"@id\":\"https:\/\/dev.explora.cl\/aricayparinacota\/#organization\"},\"image\":{\"@id\":\"https:\/\/dev.explora.cl\/aricayparinacota\/mas-de-500-asistentes-en-presentacion-de-38-proyectos-cientificos\/#primaryimage\"},\"thumbnailUrl\":\"https:\/\/dev.explora.cl\/aricayparinacota\/wp-content\/uploads\/sites\/2\/2018\/10\/Miniatura-CRECyT-30-10-2018-1.jpg\",\"articleSection\":[\"Noticias\"],\"inLanguage\":\"es-CL\"},{\"@type\":\"WebPage\",\"@id\":\"https:\/\/dev.explora.cl\/aricayparinacota\/mas-de-500-asistentes-en-presentacion-de-38-proyectos-cientificos\/\",\"url\":\"https:\/\/dev.explora.cl\/aricayparinacota\/mas-de-500-asistentes-en-presentacion-de-38-proyectos-cientificos\/\",\"name\":\"M\u00e1s de 500 asistentes en presentaci\u00f3n de 38 proyectos cient\u00edficos - Arica y Parinacota\",\"isPartOf\":{\"@id\":\"https:\/\/dev.explora.cl\/aricayparinacota\/#website\"},\"primaryImageOfPage\":{\"@id\":\"https:\/\/dev.explora.cl\/aricayparinacota\/mas-de-500-asistentes-en-presentacion-de-38-proyectos-cientificos\/#primaryimage\"},\"image\":{\"@id\":\"https:\/\/dev.explora.cl\/aricayparinacota\/mas-de-500-asistentes-en-presentacion-de-38-proyectos-cientificos\/#primaryimage\"},\"thumbnailUrl\":\"https:\/\/dev.explora.cl\/aricayparinacota\/wp-content\/uploads\/sites\/2\/2018\/10\/Miniatura-CRECyT-30-10-2018-1.jpg\",\"datePublished\":\"2018-10-29T09:35:44+00:00\",\"dateModified\":\"2019-05-09T20:56:21+00:00\",\"breadcrumb\":{\"@id\":\"https:\/\/dev.explora.cl\/aricayparinacota\/mas-de-500-asistentes-en-presentacion-de-38-proyectos-cientificos\/#breadcrumb\"},\"inLanguage\":\"es-CL\",\"potentialAction\":[{\"@type\":\"ReadAction\",\"target\":[\"https:\/\/dev.explora.cl\/aricayparinacota\/mas-de-500-asistentes-en-presentacion-de-38-proyectos-cientificos\/\"]}]},{\"@type\":\"ImageObject\",\"inLanguage\":\"es-CL\",\"@id\":\"https:\/\/dev.explora.cl\/aricayparinacota\/mas-de-500-asistentes-en-presentacion-de-38-proyectos-cientificos\/#primaryimage\",\"url\":\"https:\/\/dev.explora.cl\/aricayparinacota\/wp-content\/uploads\/sites\/2\/2018\/10\/Miniatura-CRECyT-30-10-2018-1.jpg\",\"contentUrl\":\"https:\/\/dev.explora.cl\/aricayparinacota\/wp-content\/uploads\/sites\/2\/2018\/10\/Miniatura-CRECyT-30-10-2018-1.jpg\",\"width\":200,\"height\":132},{\"@type\":\"BreadcrumbList\",\"@id\":\"https:\/\/dev.explora.cl\/aricayparinacota\/mas-de-500-asistentes-en-presentacion-de-38-proyectos-cientificos\/#breadcrumb\",\"itemListElement\":[{\"@type\":\"ListItem\",\"position\":1,\"name\":\"Portada\",\"item\":\"https:\/\/dev.explora.cl\/aricayparinacota\/\"},{\"@type\":\"ListItem\",\"position\":2,\"name\":\"M\u00e1s de 500 asistentes en presentaci\u00f3n de 38 proyectos cient\u00edficos\"}]},{\"@type\":\"WebSite\",\"@id\":\"https:\/\/dev.explora.cl\/aricayparinacota\/#website\",\"url\":\"https:\/\/dev.explora.cl\/aricayparinacota\/\",\"name\":\"Arica y Parinacota\",\"description\":\"Otro sitio m\u00e1s de dev.explora.cl\",\"publisher\":{\"@id\":\"https:\/\/dev.explora.cl\/aricayparinacota\/#organization\"},\"potentialAction\":[{\"@type\":\"SearchAction\",\"target\":{\"@type\":\"EntryPoint\",\"urlTemplate\":\"https:\/\/dev.explora.cl\/aricayparinacota\/?s={search_term_string}\"},\"query-input\":{\"@type\":\"PropertyValueSpecification\",\"valueRequired\":true,\"valueName\":\"search_term_string\"}}],\"inLanguage\":\"es-CL\"},{\"@type\":\"Organization\",\"@id\":\"https:\/\/dev.explora.cl\/aricayparinacota\/#organization\",\"name\":\"Arica y Parinacota\",\"url\":\"https:\/\/dev.explora.cl\/aricayparinacota\/\",\"logo\":{\"@type\":\"ImageObject\",\"inLanguage\":\"es-CL\",\"@id\":\"https:\/\/dev.explora.cl\/aricayparinacota\/#\/schema\/logo\/image\/\",\"url\":\"https:\/\/dev.explora.cl\/aricayparinacota\/wp-content\/uploads\/sites\/2\/2020\/08\/cropped-nuevosa-logos-11.png\",\"contentUrl\":\"https:\/\/dev.explora.cl\/aricayparinacota\/wp-content\/uploads\/sites\/2\/2020\/08\/cropped-nuevosa-logos-11.png\",\"width\":812,\"height\":937,\"caption\":\"Arica y Parinacota\"},\"image\":{\"@id\":\"https:\/\/dev.explora.cl\/aricayparinacota\/#\/schema\/logo\/image\/\"}},{\"@type\":\"Person\",\"@id\":\"https:\/\/dev.explora.cl\/aricayparinacota\/#\/schema\/person\/cb8349c13ea2d324080adf8480d7ba5d\",\"name\":\"webman\",\"image\":{\"@type\":\"ImageObject\",\"inLanguage\":\"es-CL\",\"@id\":\"https:\/\/dev.explora.cl\/aricayparinacota\/#\/schema\/person\/image\/\",\"url\":\"https:\/\/secure.gravatar.com\/avatar\/eeff3c82f2c02f7177d13663b7e6f890e9a6a0647ce9bb29cae02dcb094c7312?s=96&d=mm&r=g\",\"contentUrl\":\"https:\/\/secure.gravatar.com\/avatar\/eeff3c82f2c02f7177d13663b7e6f890e9a6a0647ce9bb29cae02dcb094c7312?s=96&d=mm&r=g\",\"caption\":\"webman\"},\"url\":\"https:\/\/dev.explora.cl\/aricayparinacota\/author\/webman\/\"}]}<\/script>\n<!-- \/ Yoast SEO plugin. -->","yoast_head_json":{"title":"M\u00e1s de 500 asistentes en presentaci\u00f3n de 38 proyectos cient\u00edficos - Arica y Parinacota","robots":{"index":"index","follow":"follow","max-snippet":"max-snippet:-1","max-image-preview":"max-image-preview:large","max-video-preview":"max-video-preview:-1"},"canonical":"https:\/\/dev.explora.cl\/aricayparinacota\/mas-de-500-asistentes-en-presentacion-de-38-proyectos-cientificos\/","og_locale":"es_ES","og_type":"article","og_title":"M\u00e1s de 500 asistentes en presentaci\u00f3n de 38 proyectos cient\u00edficos - Arica y Parinacota","og_description":"XIII Congreso Regional Escolar de la Ciencia y la Tecnolog\u00eda en Arica Con m\u00e1s de 500 asistentes cont\u00f3 el XIII Congreso Regional Escolar de la Ciencia y la Tecnolog\u00eda (CRECyT), organizado por el Proyecto Asociativo Regional (PAR) Explora de CONICYT, ejecutado por la Universidad de Tarapac\u00e1, en que participaron 38 proyectos de diversos establecimientos de [&hellip;]","og_url":"https:\/\/dev.explora.cl\/aricayparinacota\/mas-de-500-asistentes-en-presentacion-de-38-proyectos-cientificos\/","og_site_name":"Arica y Parinacota","article_published_time":"2018-10-29T09:35:44+00:00","article_modified_time":"2019-05-09T20:56:21+00:00","og_image":[{"width":200,"height":132,"url":"https:\/\/dev.explora.cl\/aricayparinacota\/wp-content\/uploads\/sites\/2\/2018\/10\/Miniatura-CRECyT-30-10-2018-1.jpg","type":"image\/jpeg"}],"author":"webman","twitter_card":"summary_large_image","twitter_misc":{"Escrito por":"webman","Tiempo estimado de lectura":"5 minutos"},"schema":{"@context":"https:\/\/schema.org","@graph":[{"@type":"Article","@id":"https:\/\/dev.explora.cl\/aricayparinacota\/mas-de-500-asistentes-en-presentacion-de-38-proyectos-cientificos\/#article","isPartOf":{"@id":"https:\/\/dev.explora.cl\/aricayparinacota\/mas-de-500-asistentes-en-presentacion-de-38-proyectos-cientificos\/"},"author":{"name":"webman","@id":"https:\/\/dev.explora.cl\/aricayparinacota\/#\/schema\/person\/cb8349c13ea2d324080adf8480d7ba5d"},"headline":"M\u00e1s de 500 asistentes en presentaci\u00f3n de 38 proyectos cient\u00edficos","datePublished":"2018-10-29T09:35:44+00:00","dateModified":"2019-05-09T20:56:21+00:00","mainEntityOfPage":{"@id":"https:\/\/dev.explora.cl\/aricayparinacota\/mas-de-500-asistentes-en-presentacion-de-38-proyectos-cientificos\/"},"wordCount":1088,"publisher":{"@id":"https:\/\/dev.explora.cl\/aricayparinacota\/#organization"},"image":{"@id":"https:\/\/dev.explora.cl\/aricayparinacota\/mas-de-500-asistentes-en-presentacion-de-38-proyectos-cientificos\/#primaryimage"},"thumbnailUrl":"https:\/\/dev.explora.cl\/aricayparinacota\/wp-content\/uploads\/sites\/2\/2018\/10\/Miniatura-CRECyT-30-10-2018-1.jpg","articleSection":["Noticias"],"inLanguage":"es-CL"},{"@type":"WebPage","@id":"https:\/\/dev.explora.cl\/aricayparinacota\/mas-de-500-asistentes-en-presentacion-de-38-proyectos-cientificos\/","url":"https:\/\/dev.explora.cl\/aricayparinacota\/mas-de-500-asistentes-en-presentacion-de-38-proyectos-cientificos\/","name":"M\u00e1s de 500 asistentes en presentaci\u00f3n de 38 proyectos cient\u00edficos - Arica y Parinacota","isPartOf":{"@id":"https:\/\/dev.explora.cl\/aricayparinacota\/#website"},"primaryImageOfPage":{"@id":"https:\/\/dev.explora.cl\/aricayparinacota\/mas-de-500-asistentes-en-presentacion-de-38-proyectos-cientificos\/#primaryimage"},"image":{"@id":"https:\/\/dev.explora.cl\/aricayparinacota\/mas-de-500-asistentes-en-presentacion-de-38-proyectos-cientificos\/#primaryimage"},"thumbnailUrl":"https:\/\/dev.explora.cl\/aricayparinacota\/wp-content\/uploads\/sites\/2\/2018\/10\/Miniatura-CRECyT-30-10-2018-1.jpg","datePublished":"2018-10-29T09:35:44+00:00","dateModified":"2019-05-09T20:56:21+00:00","breadcrumb":{"@id":"https:\/\/dev.explora.cl\/aricayparinacota\/mas-de-500-asistentes-en-presentacion-de-38-proyectos-cientificos\/#breadcrumb"},"inLanguage":"es-CL","potentialAction":[{"@type":"ReadAction","target":["https:\/\/dev.explora.cl\/aricayparinacota\/mas-de-500-asistentes-en-presentacion-de-38-proyectos-cientificos\/"]}]},{"@type":"ImageObject","inLanguage":"es-CL","@id":"https:\/\/dev.explora.cl\/aricayparinacota\/mas-de-500-asistentes-en-presentacion-de-38-proyectos-cientificos\/#primaryimage","url":"https:\/\/dev.explora.cl\/aricayparinacota\/wp-content\/uploads\/sites\/2\/2018\/10\/Miniatura-CRECyT-30-10-2018-1.jpg","contentUrl":"https:\/\/dev.explora.cl\/aricayparinacota\/wp-content\/uploads\/sites\/2\/2018\/10\/Miniatura-CRECyT-30-10-2018-1.jpg","width":200,"height":132},{"@type":"BreadcrumbList","@id":"https:\/\/dev.explora.cl\/aricayparinacota\/mas-de-500-asistentes-en-presentacion-de-38-proyectos-cientificos\/#breadcrumb","itemListElement":[{"@type":"ListItem","position":1,"name":"Portada","item":"https:\/\/dev.explora.cl\/aricayparinacota\/"},{"@type":"ListItem","position":2,"name":"M\u00e1s de 500 asistentes en presentaci\u00f3n de 38 proyectos cient\u00edficos"}]},{"@type":"WebSite","@id":"https:\/\/dev.explora.cl\/aricayparinacota\/#website","url":"https:\/\/dev.explora.cl\/aricayparinacota\/","name":"Arica y Parinacota","description":"Otro sitio m\u00e1s de dev.explora.cl","publisher":{"@id":"https:\/\/dev.explora.cl\/aricayparinacota\/#organization"},"potentialAction":[{"@type":"SearchAction","target":{"@type":"EntryPoint","urlTemplate":"https:\/\/dev.explora.cl\/aricayparinacota\/?s={search_term_string}"},"query-input":{"@type":"PropertyValueSpecification","valueRequired":true,"valueName":"search_term_string"}}],"inLanguage":"es-CL"},{"@type":"Organization","@id":"https:\/\/dev.explora.cl\/aricayparinacota\/#organization","name":"Arica y Parinacota","url":"https:\/\/dev.explora.cl\/aricayparinacota\/","logo":{"@type":"ImageObject","inLanguage":"es-CL","@id":"https:\/\/dev.explora.cl\/aricayparinacota\/#\/schema\/logo\/image\/","url":"https:\/\/dev.explora.cl\/aricayparinacota\/wp-content\/uploads\/sites\/2\/2020\/08\/cropped-nuevosa-logos-11.png","contentUrl":"https:\/\/dev.explora.cl\/aricayparinacota\/wp-content\/uploads\/sites\/2\/2020\/08\/cropped-nuevosa-logos-11.png","width":812,"height":937,"caption":"Arica y Parinacota"},"image":{"@id":"https:\/\/dev.explora.cl\/aricayparinacota\/#\/schema\/logo\/image\/"}},{"@type":"Person","@id":"https:\/\/dev.explora.cl\/aricayparinacota\/#\/schema\/person\/cb8349c13ea2d324080adf8480d7ba5d","name":"webman","image":{"@type":"ImageObject","inLanguage":"es-CL","@id":"https:\/\/dev.explora.cl\/aricayparinacota\/#\/schema\/person\/image\/","url":"https:\/\/secure.gravatar.com\/avatar\/eeff3c82f2c02f7177d13663b7e6f890e9a6a0647ce9bb29cae02dcb094c7312?s=96&d=mm&r=g","contentUrl":"https:\/\/secure.gravatar.com\/avatar\/eeff3c82f2c02f7177d13663b7e6f890e9a6a0647ce9bb29cae02dcb094c7312?s=96&d=mm&r=g","caption":"webman"},"url":"https:\/\/dev.explora.cl\/aricayparinacota\/author\/webman\/"}]}},"_links":{"self":[{"href":"https:\/\/dev.explora.cl\/aricayparinacota\/wp-json\/wp\/v2\/posts\/32518","targetHints":{"allow":["GET"]}}],"collection":[{"href":"https:\/\/dev.explora.cl\/aricayparinacota\/wp-json\/wp\/v2\/posts"}],"about":[{"href":"https:\/\/dev.explora.cl\/aricayparinacota\/wp-json\/wp\/v2\/types\/post"}],"author":[{"embeddable":true,"href":"https:\/\/dev.explora.cl\/aricayparinacota\/wp-json\/wp\/v2\/users\/2"}],"replies":[{"embeddable":true,"href":"https:\/\/dev.explora.cl\/aricayparinacota\/wp-json\/wp\/v2\/comments?post=32518"}],"version-history":[{"count":1,"href":"https:\/\/dev.explora.cl\/aricayparinacota\/wp-json\/wp\/v2\/posts\/32518\/revisions"}],"predecessor-version":[{"id":32786,"href":"https:\/\/dev.explora.cl\/aricayparinacota\/wp-json\/wp\/v2\/posts\/32518\/revisions\/32786"}],"wp:featuredmedia":[{"embeddable":true,"href":"https:\/\/dev.explora.cl\/aricayparinacota\/wp-json\/wp\/v2\/media\/32560"}],"wp:attachment":[{"href":"https:\/\/dev.explora.cl\/aricayparinacota\/wp-json\/wp\/v2\/media?parent=32518"}],"wp:term":[{"taxonomy":"category","embeddable":true,"href":"https:\/\/dev.explora.cl\/aricayparinacota\/wp-json\/wp\/v2\/categories?post=32518"},{"taxonomy":"post_tag","embeddable":true,"href":"https:\/\/dev.explora.cl\/aricayparinacota\/wp-json\/wp\/v2\/tags?post=32518"}],"curies":[{"name":"wp","href":"https:\/\/api.w.org\/{rel}","templated":true}]}}