{"id":32503,"date":"2018-11-17T08:52:15","date_gmt":"2018-11-17T08:52:15","guid":{"rendered":"https:\/\/dev.explora.cl\/aricayparinacota\/?p=32503"},"modified":"2019-05-09T20:55:42","modified_gmt":"2019-05-09T20:55:42","slug":"alcalde-de-melipilla-encantado-con-la-cultura-chinchorro","status":"publish","type":"post","link":"https:\/\/dev.explora.cl\/aricayparinacota\/alcalde-de-melipilla-encantado-con-la-cultura-chinchorro\/","title":{"rendered":"Alcalde de Melipilla encantado con la cultura Chinchorro"},"content":{"rendered":"<p><span style=\"font-size: 24px\"><strong>Proyecto Explora mostr\u00f3 aplicaciones tecnol\u00f3gicas que transportan al pasado<\/strong><\/span><br \/>\n&nbsp;<\/p>\n<p class=\"m_5446871887143306617x_x_MsoNormal\">La forma de momificar de la cultura Chinchorro, que consist\u00eda en extraer las partes blandas del cuerpo y reemplazarlas por rellenos de fibras vegetales; usando diversos tipos de arcilla para hacer las m\u00e1scaras de los restos humanos de quienes habitaban en la zona costera hace 9 mil a\u00f1os, llam\u00f3 la atenci\u00f3n del alcalde de Melipilla, Iv\u00e1n campos, quien visit\u00f3 el stand del Proyecto Asociativo Regional Explora de CONICYT ejecutado por la Universidad de Tarapac\u00e1, invitado a la VIII Feria Cient\u00edfica, organizada por la Corporaci\u00f3n Municipal de Melipilla.<\/p>\n<p class=\"m_5446871887143306617x_x_MsoNormal\">En uno de los 108 espacios, en que expusieron estudiantes de los 26 establecimientos municipales de la comuna, m\u00e1s los invitados, el proyecto Explora mostr\u00f3 el videojuego \u201cAmaru y Suyai: descubriendo los secretos del Chinchorro\u201d, donde el alcalde realiz\u00f3 en forma virtual el proceso de momificaci\u00f3n. Tambi\u00e9n se interes\u00f3 por la aplicaci\u00f3n de Realidad Aumentada, a trav\u00e9s de la cual se puede conocer la Aldea San Lorenzo, ubicada en el valle de Azapa, donde los pozos de almacenaje, especie de conservadores de alimentos subterr\u00e1neos, fueron parte de los atractivos difundidos.<\/p>\n<p class=\"m_5446871887143306617x_x_MsoNormal\">Respecto a las herramientas tecnol\u00f3g\u00edcas al servicio de la educaci\u00f3n, desarrolladas en la Universidad de Tarapac\u00e1, el jefe comunal se\u00f1al\u00f3: \u201cQuiero dar las gracias al Proyecto Explora Arica y Parinacota, por ser part\u00edcipe de esta feria cient\u00edfica que hacemos para los establecimientos municipalizados de la comuna, pues las aplicaciones son muy novedosas y van de la mano con lo que tenemos que hacer en la educaci\u00f3n actual, donde casi todos los ni\u00f1os tienen tel\u00e9fono, son absolutamente digitalizados y las aplicaciones que pueden bajar al celular son muy potentes\u201d.<\/p>\n<p class=\"m_5446871887143306617x_x_MsoNormal\">Otra autoridad que conoci\u00f3 las propuestas de Explora de Arica y Parinacota fue Patricio D\u00edaz, director comunal de educaci\u00f3n, quien manifest\u00f3 que \u201cel hecho que se puedan acercar redes a trabajar con los ni\u00f1os es una maravilla y una motivaci\u00f3n sumamente importante, porque podemos comprobar que la ciencia no es de adultos en un laboratorio sino que tenemos peque\u00f1os cient\u00edficos, y cuando encontramos instituciones como Explora CONICYT, que est\u00e1 tan ligada a lo que es el tema ciencia, creo que es una motivaci\u00f3n extra. Viajar del extremo norte a la zona central significa que llevan la ciencia por dentro y el compromiso que tienen ustedes no es con la ciencia, sino con los futuros cient\u00edficos de este pa\u00eds\u201d.<\/p>\n<p class=\"m_5446871887143306617x_x_MsoNormal\">La Feria Cient\u00edfica en su VIII versi\u00f3n se realiz\u00f3 en la Plaza de Armas de Melipilla y fue organizada por la profesora Magaly Silva, coordinadora comunal de ciencias de la Corporaci\u00f3n Municipal, quien indic\u00f3 \u201cinvitar a Explora es un premio, pues existe un nexo importante con Arica, y contar con su participaci\u00f3n es un prestigio en nuestra regi\u00f3n\u201d.<\/p>\n<p>\u00a0<img loading=\"lazy\" decoding=\"async\" class=\"alignnone wp-image-32545 size-full\" src=\"https:\/\/dev.explora.cl\/aricayparinacota\/wp-content\/uploads\/sites\/2\/2018\/11\/Collage-Nota-Melipilla-13-11-2018-1.jpg\" alt=\"\" width=\"900\" height=\"300\" srcset=\"https:\/\/dev.explora.cl\/aricayparinacota\/wp-content\/uploads\/sites\/2\/2018\/11\/Collage-Nota-Melipilla-13-11-2018-1.jpg 900w, https:\/\/dev.explora.cl\/aricayparinacota\/wp-content\/uploads\/sites\/2\/2018\/11\/Collage-Nota-Melipilla-13-11-2018-1-300x100.jpg 300w, https:\/\/dev.explora.cl\/aricayparinacota\/wp-content\/uploads\/sites\/2\/2018\/11\/Collage-Nota-Melipilla-13-11-2018-1-768x256.jpg 768w\" sizes=\"auto, (max-width: 900px) 100vw, 900px\" \/><\/p>\n","protected":false},"excerpt":{"rendered":"<p>Proyecto Explora mostr\u00f3 aplicaciones tecnol\u00f3gicas que transportan al pasado &nbsp; La forma de momificar de la cultura Chinchorro, que consist\u00eda en extraer las partes blandas del cuerpo y reemplazarlas por rellenos de fibras vegetales; usando diversos tipos de arcilla para hacer las m\u00e1scaras de los restos humanos de quienes habitaban en la zona costera hace [&hellip;]<\/p>\n","protected":false},"author":2,"featured_media":32544,"comment_status":"closed","ping_status":"open","sticky":false,"template":"","format":"standard","meta":{"_acf_changed":false,"_exactmetrics_skip_tracking":false,"_exactmetrics_sitenote_active":false,"_exactmetrics_sitenote_note":"","_exactmetrics_sitenote_category":0,"footnotes":"","_links_to":"","_links_to_target":""},"categories":[4],"tags":[],"class_list":["post-32503","post","type-post","status-publish","format-standard","has-post-thumbnail","hentry","category-noticias"],"acf":[],"yoast_head":"<!-- This site is optimized with the Yoast SEO plugin v26.7 - https:\/\/yoast.com\/wordpress\/plugins\/seo\/ -->\n<title>Alcalde de Melipilla encantado con la cultura Chinchorro - Arica y Parinacota<\/title>\n<meta name=\"robots\" content=\"index, follow, max-snippet:-1, max-image-preview:large, max-video-preview:-1\" \/>\n<link rel=\"canonical\" href=\"https:\/\/dev.explora.cl\/aricayparinacota\/alcalde-de-melipilla-encantado-con-la-cultura-chinchorro\/\" class=\"yoast-seo-meta-tag\" \/>\n<meta property=\"og:locale\" content=\"es_ES\" class=\"yoast-seo-meta-tag\" \/>\n<meta property=\"og:type\" content=\"article\" class=\"yoast-seo-meta-tag\" \/>\n<meta property=\"og:title\" content=\"Alcalde de Melipilla encantado con la cultura Chinchorro - Arica y Parinacota\" class=\"yoast-seo-meta-tag\" \/>\n<meta property=\"og:description\" content=\"Proyecto Explora mostr\u00f3 aplicaciones tecnol\u00f3gicas que transportan al pasado &nbsp; La forma de momificar de la cultura Chinchorro, que consist\u00eda en extraer las partes blandas del cuerpo y reemplazarlas por rellenos de fibras vegetales; usando diversos tipos de arcilla para hacer las m\u00e1scaras de los restos humanos de quienes habitaban en la zona costera hace [&hellip;]\" class=\"yoast-seo-meta-tag\" \/>\n<meta property=\"og:url\" content=\"https:\/\/dev.explora.cl\/aricayparinacota\/alcalde-de-melipilla-encantado-con-la-cultura-chinchorro\/\" class=\"yoast-seo-meta-tag\" \/>\n<meta property=\"og:site_name\" content=\"Arica y Parinacota\" class=\"yoast-seo-meta-tag\" \/>\n<meta property=\"article:published_time\" content=\"2018-11-17T08:52:15+00:00\" class=\"yoast-seo-meta-tag\" \/>\n<meta property=\"article:modified_time\" content=\"2019-05-09T20:55:42+00:00\" class=\"yoast-seo-meta-tag\" \/>\n<meta property=\"og:image\" content=\"https:\/\/dev.explora.cl\/aricayparinacota\/wp-content\/uploads\/sites\/2\/2018\/11\/Miniatura-Nota-Melipilla-13-11-2018-1.jpg\" class=\"yoast-seo-meta-tag\" \/>\n\t<meta property=\"og:image:width\" content=\"224\" class=\"yoast-seo-meta-tag\" \/>\n\t<meta property=\"og:image:height\" content=\"147\" class=\"yoast-seo-meta-tag\" \/>\n\t<meta property=\"og:image:type\" content=\"image\/jpeg\" class=\"yoast-seo-meta-tag\" \/>\n<meta name=\"author\" content=\"webman\" class=\"yoast-seo-meta-tag\" \/>\n<meta name=\"twitter:card\" content=\"summary_large_image\" class=\"yoast-seo-meta-tag\" \/>\n<meta name=\"twitter:label1\" content=\"Escrito por\" class=\"yoast-seo-meta-tag\" \/>\n\t<meta name=\"twitter:data1\" content=\"webman\" class=\"yoast-seo-meta-tag\" \/>\n\t<meta name=\"twitter:label2\" content=\"Tiempo estimado de lectura\" class=\"yoast-seo-meta-tag\" \/>\n\t<meta name=\"twitter:data2\" content=\"2 minutos\" class=\"yoast-seo-meta-tag\" \/>\n<script type=\"application\/ld+json\" class=\"yoast-schema-graph\">{\"@context\":\"https:\/\/schema.org\",\"@graph\":[{\"@type\":\"Article\",\"@id\":\"https:\/\/dev.explora.cl\/aricayparinacota\/alcalde-de-melipilla-encantado-con-la-cultura-chinchorro\/#article\",\"isPartOf\":{\"@id\":\"https:\/\/dev.explora.cl\/aricayparinacota\/alcalde-de-melipilla-encantado-con-la-cultura-chinchorro\/\"},\"author\":{\"name\":\"webman\",\"@id\":\"https:\/\/dev.explora.cl\/aricayparinacota\/#\/schema\/person\/cb8349c13ea2d324080adf8480d7ba5d\"},\"headline\":\"Alcalde de Melipilla encantado con la cultura Chinchorro\",\"datePublished\":\"2018-11-17T08:52:15+00:00\",\"dateModified\":\"2019-05-09T20:55:42+00:00\",\"mainEntityOfPage\":{\"@id\":\"https:\/\/dev.explora.cl\/aricayparinacota\/alcalde-de-melipilla-encantado-con-la-cultura-chinchorro\/\"},\"wordCount\":493,\"publisher\":{\"@id\":\"https:\/\/dev.explora.cl\/aricayparinacota\/#organization\"},\"image\":{\"@id\":\"https:\/\/dev.explora.cl\/aricayparinacota\/alcalde-de-melipilla-encantado-con-la-cultura-chinchorro\/#primaryimage\"},\"thumbnailUrl\":\"https:\/\/dev.explora.cl\/aricayparinacota\/wp-content\/uploads\/sites\/2\/2018\/11\/Miniatura-Nota-Melipilla-13-11-2018-1.jpg\",\"articleSection\":[\"Noticias\"],\"inLanguage\":\"es-CL\"},{\"@type\":\"WebPage\",\"@id\":\"https:\/\/dev.explora.cl\/aricayparinacota\/alcalde-de-melipilla-encantado-con-la-cultura-chinchorro\/\",\"url\":\"https:\/\/dev.explora.cl\/aricayparinacota\/alcalde-de-melipilla-encantado-con-la-cultura-chinchorro\/\",\"name\":\"Alcalde de Melipilla encantado con la cultura Chinchorro - Arica y Parinacota\",\"isPartOf\":{\"@id\":\"https:\/\/dev.explora.cl\/aricayparinacota\/#website\"},\"primaryImageOfPage\":{\"@id\":\"https:\/\/dev.explora.cl\/aricayparinacota\/alcalde-de-melipilla-encantado-con-la-cultura-chinchorro\/#primaryimage\"},\"image\":{\"@id\":\"https:\/\/dev.explora.cl\/aricayparinacota\/alcalde-de-melipilla-encantado-con-la-cultura-chinchorro\/#primaryimage\"},\"thumbnailUrl\":\"https:\/\/dev.explora.cl\/aricayparinacota\/wp-content\/uploads\/sites\/2\/2018\/11\/Miniatura-Nota-Melipilla-13-11-2018-1.jpg\",\"datePublished\":\"2018-11-17T08:52:15+00:00\",\"dateModified\":\"2019-05-09T20:55:42+00:00\",\"breadcrumb\":{\"@id\":\"https:\/\/dev.explora.cl\/aricayparinacota\/alcalde-de-melipilla-encantado-con-la-cultura-chinchorro\/#breadcrumb\"},\"inLanguage\":\"es-CL\",\"potentialAction\":[{\"@type\":\"ReadAction\",\"target\":[\"https:\/\/dev.explora.cl\/aricayparinacota\/alcalde-de-melipilla-encantado-con-la-cultura-chinchorro\/\"]}]},{\"@type\":\"ImageObject\",\"inLanguage\":\"es-CL\",\"@id\":\"https:\/\/dev.explora.cl\/aricayparinacota\/alcalde-de-melipilla-encantado-con-la-cultura-chinchorro\/#primaryimage\",\"url\":\"https:\/\/dev.explora.cl\/aricayparinacota\/wp-content\/uploads\/sites\/2\/2018\/11\/Miniatura-Nota-Melipilla-13-11-2018-1.jpg\",\"contentUrl\":\"https:\/\/dev.explora.cl\/aricayparinacota\/wp-content\/uploads\/sites\/2\/2018\/11\/Miniatura-Nota-Melipilla-13-11-2018-1.jpg\",\"width\":224,\"height\":147},{\"@type\":\"BreadcrumbList\",\"@id\":\"https:\/\/dev.explora.cl\/aricayparinacota\/alcalde-de-melipilla-encantado-con-la-cultura-chinchorro\/#breadcrumb\",\"itemListElement\":[{\"@type\":\"ListItem\",\"position\":1,\"name\":\"Portada\",\"item\":\"https:\/\/dev.explora.cl\/aricayparinacota\/\"},{\"@type\":\"ListItem\",\"position\":2,\"name\":\"Alcalde de Melipilla encantado con la cultura Chinchorro\"}]},{\"@type\":\"WebSite\",\"@id\":\"https:\/\/dev.explora.cl\/aricayparinacota\/#website\",\"url\":\"https:\/\/dev.explora.cl\/aricayparinacota\/\",\"name\":\"Arica y Parinacota\",\"description\":\"Otro sitio m\u00e1s de dev.explora.cl\",\"publisher\":{\"@id\":\"https:\/\/dev.explora.cl\/aricayparinacota\/#organization\"},\"potentialAction\":[{\"@type\":\"SearchAction\",\"target\":{\"@type\":\"EntryPoint\",\"urlTemplate\":\"https:\/\/dev.explora.cl\/aricayparinacota\/?s={search_term_string}\"},\"query-input\":{\"@type\":\"PropertyValueSpecification\",\"valueRequired\":true,\"valueName\":\"search_term_string\"}}],\"inLanguage\":\"es-CL\"},{\"@type\":\"Organization\",\"@id\":\"https:\/\/dev.explora.cl\/aricayparinacota\/#organization\",\"name\":\"Arica y Parinacota\",\"url\":\"https:\/\/dev.explora.cl\/aricayparinacota\/\",\"logo\":{\"@type\":\"ImageObject\",\"inLanguage\":\"es-CL\",\"@id\":\"https:\/\/dev.explora.cl\/aricayparinacota\/#\/schema\/logo\/image\/\",\"url\":\"https:\/\/dev.explora.cl\/aricayparinacota\/wp-content\/uploads\/sites\/2\/2020\/08\/cropped-nuevosa-logos-11.png\",\"contentUrl\":\"https:\/\/dev.explora.cl\/aricayparinacota\/wp-content\/uploads\/sites\/2\/2020\/08\/cropped-nuevosa-logos-11.png\",\"width\":812,\"height\":937,\"caption\":\"Arica y Parinacota\"},\"image\":{\"@id\":\"https:\/\/dev.explora.cl\/aricayparinacota\/#\/schema\/logo\/image\/\"}},{\"@type\":\"Person\",\"@id\":\"https:\/\/dev.explora.cl\/aricayparinacota\/#\/schema\/person\/cb8349c13ea2d324080adf8480d7ba5d\",\"name\":\"webman\",\"image\":{\"@type\":\"ImageObject\",\"inLanguage\":\"es-CL\",\"@id\":\"https:\/\/dev.explora.cl\/aricayparinacota\/#\/schema\/person\/image\/\",\"url\":\"https:\/\/secure.gravatar.com\/avatar\/eeff3c82f2c02f7177d13663b7e6f890e9a6a0647ce9bb29cae02dcb094c7312?s=96&d=mm&r=g\",\"contentUrl\":\"https:\/\/secure.gravatar.com\/avatar\/eeff3c82f2c02f7177d13663b7e6f890e9a6a0647ce9bb29cae02dcb094c7312?s=96&d=mm&r=g\",\"caption\":\"webman\"},\"url\":\"https:\/\/dev.explora.cl\/aricayparinacota\/author\/webman\/\"}]}<\/script>\n<!-- \/ Yoast SEO plugin. -->","yoast_head_json":{"title":"Alcalde de Melipilla encantado con la cultura Chinchorro - Arica y Parinacota","robots":{"index":"index","follow":"follow","max-snippet":"max-snippet:-1","max-image-preview":"max-image-preview:large","max-video-preview":"max-video-preview:-1"},"canonical":"https:\/\/dev.explora.cl\/aricayparinacota\/alcalde-de-melipilla-encantado-con-la-cultura-chinchorro\/","og_locale":"es_ES","og_type":"article","og_title":"Alcalde de Melipilla encantado con la cultura Chinchorro - Arica y Parinacota","og_description":"Proyecto Explora mostr\u00f3 aplicaciones tecnol\u00f3gicas que transportan al pasado &nbsp; La forma de momificar de la cultura Chinchorro, que consist\u00eda en extraer las partes blandas del cuerpo y reemplazarlas por rellenos de fibras vegetales; usando diversos tipos de arcilla para hacer las m\u00e1scaras de los restos humanos de quienes habitaban en la zona costera hace [&hellip;]","og_url":"https:\/\/dev.explora.cl\/aricayparinacota\/alcalde-de-melipilla-encantado-con-la-cultura-chinchorro\/","og_site_name":"Arica y Parinacota","article_published_time":"2018-11-17T08:52:15+00:00","article_modified_time":"2019-05-09T20:55:42+00:00","og_image":[{"width":224,"height":147,"url":"https:\/\/dev.explora.cl\/aricayparinacota\/wp-content\/uploads\/sites\/2\/2018\/11\/Miniatura-Nota-Melipilla-13-11-2018-1.jpg","type":"image\/jpeg"}],"author":"webman","twitter_card":"summary_large_image","twitter_misc":{"Escrito por":"webman","Tiempo estimado de lectura":"2 minutos"},"schema":{"@context":"https:\/\/schema.org","@graph":[{"@type":"Article","@id":"https:\/\/dev.explora.cl\/aricayparinacota\/alcalde-de-melipilla-encantado-con-la-cultura-chinchorro\/#article","isPartOf":{"@id":"https:\/\/dev.explora.cl\/aricayparinacota\/alcalde-de-melipilla-encantado-con-la-cultura-chinchorro\/"},"author":{"name":"webman","@id":"https:\/\/dev.explora.cl\/aricayparinacota\/#\/schema\/person\/cb8349c13ea2d324080adf8480d7ba5d"},"headline":"Alcalde de Melipilla encantado con la cultura Chinchorro","datePublished":"2018-11-17T08:52:15+00:00","dateModified":"2019-05-09T20:55:42+00:00","mainEntityOfPage":{"@id":"https:\/\/dev.explora.cl\/aricayparinacota\/alcalde-de-melipilla-encantado-con-la-cultura-chinchorro\/"},"wordCount":493,"publisher":{"@id":"https:\/\/dev.explora.cl\/aricayparinacota\/#organization"},"image":{"@id":"https:\/\/dev.explora.cl\/aricayparinacota\/alcalde-de-melipilla-encantado-con-la-cultura-chinchorro\/#primaryimage"},"thumbnailUrl":"https:\/\/dev.explora.cl\/aricayparinacota\/wp-content\/uploads\/sites\/2\/2018\/11\/Miniatura-Nota-Melipilla-13-11-2018-1.jpg","articleSection":["Noticias"],"inLanguage":"es-CL"},{"@type":"WebPage","@id":"https:\/\/dev.explora.cl\/aricayparinacota\/alcalde-de-melipilla-encantado-con-la-cultura-chinchorro\/","url":"https:\/\/dev.explora.cl\/aricayparinacota\/alcalde-de-melipilla-encantado-con-la-cultura-chinchorro\/","name":"Alcalde de Melipilla encantado con la cultura Chinchorro - Arica y Parinacota","isPartOf":{"@id":"https:\/\/dev.explora.cl\/aricayparinacota\/#website"},"primaryImageOfPage":{"@id":"https:\/\/dev.explora.cl\/aricayparinacota\/alcalde-de-melipilla-encantado-con-la-cultura-chinchorro\/#primaryimage"},"image":{"@id":"https:\/\/dev.explora.cl\/aricayparinacota\/alcalde-de-melipilla-encantado-con-la-cultura-chinchorro\/#primaryimage"},"thumbnailUrl":"https:\/\/dev.explora.cl\/aricayparinacota\/wp-content\/uploads\/sites\/2\/2018\/11\/Miniatura-Nota-Melipilla-13-11-2018-1.jpg","datePublished":"2018-11-17T08:52:15+00:00","dateModified":"2019-05-09T20:55:42+00:00","breadcrumb":{"@id":"https:\/\/dev.explora.cl\/aricayparinacota\/alcalde-de-melipilla-encantado-con-la-cultura-chinchorro\/#breadcrumb"},"inLanguage":"es-CL","potentialAction":[{"@type":"ReadAction","target":["https:\/\/dev.explora.cl\/aricayparinacota\/alcalde-de-melipilla-encantado-con-la-cultura-chinchorro\/"]}]},{"@type":"ImageObject","inLanguage":"es-CL","@id":"https:\/\/dev.explora.cl\/aricayparinacota\/alcalde-de-melipilla-encantado-con-la-cultura-chinchorro\/#primaryimage","url":"https:\/\/dev.explora.cl\/aricayparinacota\/wp-content\/uploads\/sites\/2\/2018\/11\/Miniatura-Nota-Melipilla-13-11-2018-1.jpg","contentUrl":"https:\/\/dev.explora.cl\/aricayparinacota\/wp-content\/uploads\/sites\/2\/2018\/11\/Miniatura-Nota-Melipilla-13-11-2018-1.jpg","width":224,"height":147},{"@type":"BreadcrumbList","@id":"https:\/\/dev.explora.cl\/aricayparinacota\/alcalde-de-melipilla-encantado-con-la-cultura-chinchorro\/#breadcrumb","itemListElement":[{"@type":"ListItem","position":1,"name":"Portada","item":"https:\/\/dev.explora.cl\/aricayparinacota\/"},{"@type":"ListItem","position":2,"name":"Alcalde de Melipilla encantado con la cultura Chinchorro"}]},{"@type":"WebSite","@id":"https:\/\/dev.explora.cl\/aricayparinacota\/#website","url":"https:\/\/dev.explora.cl\/aricayparinacota\/","name":"Arica y Parinacota","description":"Otro sitio m\u00e1s de dev.explora.cl","publisher":{"@id":"https:\/\/dev.explora.cl\/aricayparinacota\/#organization"},"potentialAction":[{"@type":"SearchAction","target":{"@type":"EntryPoint","urlTemplate":"https:\/\/dev.explora.cl\/aricayparinacota\/?s={search_term_string}"},"query-input":{"@type":"PropertyValueSpecification","valueRequired":true,"valueName":"search_term_string"}}],"inLanguage":"es-CL"},{"@type":"Organization","@id":"https:\/\/dev.explora.cl\/aricayparinacota\/#organization","name":"Arica y Parinacota","url":"https:\/\/dev.explora.cl\/aricayparinacota\/","logo":{"@type":"ImageObject","inLanguage":"es-CL","@id":"https:\/\/dev.explora.cl\/aricayparinacota\/#\/schema\/logo\/image\/","url":"https:\/\/dev.explora.cl\/aricayparinacota\/wp-content\/uploads\/sites\/2\/2020\/08\/cropped-nuevosa-logos-11.png","contentUrl":"https:\/\/dev.explora.cl\/aricayparinacota\/wp-content\/uploads\/sites\/2\/2020\/08\/cropped-nuevosa-logos-11.png","width":812,"height":937,"caption":"Arica y Parinacota"},"image":{"@id":"https:\/\/dev.explora.cl\/aricayparinacota\/#\/schema\/logo\/image\/"}},{"@type":"Person","@id":"https:\/\/dev.explora.cl\/aricayparinacota\/#\/schema\/person\/cb8349c13ea2d324080adf8480d7ba5d","name":"webman","image":{"@type":"ImageObject","inLanguage":"es-CL","@id":"https:\/\/dev.explora.cl\/aricayparinacota\/#\/schema\/person\/image\/","url":"https:\/\/secure.gravatar.com\/avatar\/eeff3c82f2c02f7177d13663b7e6f890e9a6a0647ce9bb29cae02dcb094c7312?s=96&d=mm&r=g","contentUrl":"https:\/\/secure.gravatar.com\/avatar\/eeff3c82f2c02f7177d13663b7e6f890e9a6a0647ce9bb29cae02dcb094c7312?s=96&d=mm&r=g","caption":"webman"},"url":"https:\/\/dev.explora.cl\/aricayparinacota\/author\/webman\/"}]}},"_links":{"self":[{"href":"https:\/\/dev.explora.cl\/aricayparinacota\/wp-json\/wp\/v2\/posts\/32503","targetHints":{"allow":["GET"]}}],"collection":[{"href":"https:\/\/dev.explora.cl\/aricayparinacota\/wp-json\/wp\/v2\/posts"}],"about":[{"href":"https:\/\/dev.explora.cl\/aricayparinacota\/wp-json\/wp\/v2\/types\/post"}],"author":[{"embeddable":true,"href":"https:\/\/dev.explora.cl\/aricayparinacota\/wp-json\/wp\/v2\/users\/2"}],"replies":[{"embeddable":true,"href":"https:\/\/dev.explora.cl\/aricayparinacota\/wp-json\/wp\/v2\/comments?post=32503"}],"version-history":[{"count":1,"href":"https:\/\/dev.explora.cl\/aricayparinacota\/wp-json\/wp\/v2\/posts\/32503\/revisions"}],"predecessor-version":[{"id":32782,"href":"https:\/\/dev.explora.cl\/aricayparinacota\/wp-json\/wp\/v2\/posts\/32503\/revisions\/32782"}],"wp:featuredmedia":[{"embeddable":true,"href":"https:\/\/dev.explora.cl\/aricayparinacota\/wp-json\/wp\/v2\/media\/32544"}],"wp:attachment":[{"href":"https:\/\/dev.explora.cl\/aricayparinacota\/wp-json\/wp\/v2\/media?parent=32503"}],"wp:term":[{"taxonomy":"category","embeddable":true,"href":"https:\/\/dev.explora.cl\/aricayparinacota\/wp-json\/wp\/v2\/categories?post=32503"},{"taxonomy":"post_tag","embeddable":true,"href":"https:\/\/dev.explora.cl\/aricayparinacota\/wp-json\/wp\/v2\/tags?post=32503"}],"curies":[{"name":"wp","href":"https:\/\/api.w.org\/{rel}","templated":true}]}}