{"id":32468,"date":"2018-11-24T23:31:51","date_gmt":"2018-11-24T23:31:51","guid":{"rendered":"https:\/\/dev.explora.cl\/aricayparinacota\/blog\/2018\/11\/24\/geografia-de-la-salud-en-charla-a-estudiantes-de-la-escuela-dario-salas-diaz\/"},"modified":"2019-05-09T21:37:07","modified_gmt":"2019-05-09T21:37:07","slug":"geografia-de-la-salud-en-charla-a-estudiantes-de-la-escuela-dario-salas-diaz","status":"publish","type":"post","link":"https:\/\/dev.explora.cl\/aricayparinacota\/geografia-de-la-salud-en-charla-a-estudiantes-de-la-escuela-dario-salas-diaz\/","title":{"rendered":"Geograf\u00eda de la salud en charla a estudiantes de la Escuela Dar\u00edo Salas D\u00edaz"},"content":{"rendered":"<\/p>\n<p class=\"m_-2656835486781256594x_MsoNormal\" style=\"margin-top: 0px;margin-bottom: 0px;color: #000000;font-family: Calibri, Helvetica, sans-serif;font-size: 16px;font-style: normal;font-weight: 400;letter-spacing: normal;text-indent: 0px;text-transform: none;background-color: #ffffff;text-align: justify\"><span style=\"font-size: 14pt;line-height: 17.12px;font-family: Arial, sans-serif\">Si bien ha ofrecido tres temas para que distintos establecimientos educacionales de Arica accedan a \u00e9l, a trav\u00e9s de Mil Cient\u00edficos Mil Aulas, del Proyecto Asociativo Regional Explora de CONICYT, ejecutado por la Universidad de Tarapac\u00e1, uno es el que m\u00e1s ha tenido \u00e9xito: \u201cGeograf\u00eda de la salud\u201d.<\/span><\/p>\n<p>&nbsp;<\/p>\n<p class=\"m_-2656835486781256594x_MsoNormal\" style=\"margin-top: 0px;margin-bottom: 0px;color: #000000;font-family: Calibri, Helvetica, sans-serif;font-size: 16px;font-style: normal;font-weight: 400;letter-spacing: normal;text-indent: 0px;text-transform: none;background-color: #ffffff;text-align: justify\"><span style=\"font-size: 14pt;line-height: 17.12px;font-family: Arial, sans-serif\">El ge\u00f3grafo Mauricio Gonz\u00e1lez, funcionario de la Seremi de Salud, tambi\u00e9n hace clases en la Universidad de Tarapac\u00e1, pero le encanta ir a los colegios arique\u00f1os que se inscriben para sus charlas, pues \u201clas preguntas de los ni\u00f1os muchas veces salen de los contextos y nos ponen en una condici\u00f3n inc\u00f3moda; tenemos que buscar respuestas y la curiosidad que a veces ellos tienen o las preguntas que hacen es lo m\u00e1s gratificante\u201d. Nada m\u00e1s certero en este a\u00f1o que para Explora es el \u201cA\u00f1o de los Por Qu\u00e9\u201d.<\/span><\/p>\n<p>&nbsp;<\/p>\n<p class=\"m_-2656835486781256594x_MsoNormal\" style=\"margin-top: 0px;margin-bottom: 0px;color: #000000;font-family: Calibri, Helvetica, sans-serif;font-size: 16px;font-style: normal;font-weight: 400;letter-spacing: normal;text-indent: 0px;text-transform: none;background-color: #ffffff;text-align: justify\"><span style=\"font-size: 14pt;line-height: 17.12px;font-family: Arial, sans-serif\">La charla busca interiorizar a los estudiantes en la relaci\u00f3n existente que tienen las enfermedades con el factor espacial que es propio de la geograf\u00eda, buscando entender la inseparable relaci\u00f3n hombre-naturaleza, la cual sufre cambios a trav\u00e9s del tiempo y el espacio.<\/span><\/p>\n<p class=\"m_-2656835486781256594x_MsoNormal\" style=\"margin-top: 0px;margin-bottom: 0px;color: #000000;font-family: Calibri, Helvetica, sans-serif;font-size: 16px;font-style: normal;font-weight: 400;letter-spacing: normal;text-indent: 0px;text-transform: none;background-color: #ffffff;text-align: justify\"><span style=\"font-size: 14pt;line-height: 17.12px;font-family: Arial, sans-serif\">En su did\u00e1ctica presentaci\u00f3n a los estudiantes de la Escuela Dar\u00edo Salas D\u00edaz, ubicada en kil\u00f3metro cuatro del valle de Azapa, el ge\u00f3grafo explic\u00f3 que cada momento hist\u00f3rico, en una civilizaci\u00f3n o cultura tiene rasgos que son propios de la forma como \u00e9sta se presenta en dicha relaci\u00f3n y c\u00f3mo \u00e9stos se han configurado en los sistemas sociales, econ\u00f3micos, pol\u00edticos y medioambientales.<\/span><\/p>\n<p>&nbsp;<\/p>\n<p class=\"m_-2656835486781256594x_MsoNormal\" style=\"margin-top: 0px;margin-bottom: 0px;color: #000000;font-family: Calibri, Helvetica, sans-serif;font-size: 16px;font-style: normal;font-weight: 400;letter-spacing: normal;text-indent: 0px;text-transform: none;background-color: #ffffff;text-align: justify\"><span style=\"font-size: 14pt;line-height: 17.12px;font-family: Arial, sans-serif\">Producto de estas configuraciones se han dejado huellas en el espacio, lo que permite identificar y relacionar el factor espacial con las enfermedades, en la cual Arica no est\u00e1 exenta de dichos riesgos, considerando que vivimos en un espacio geopol\u00edtico de inter\u00e9s, con presencia de vectores sanitarios como el Aedes aegypti.<\/span><\/p>\n<p class=\"m_-2656835486781256594x_MsoNormal\" style=\"margin-top: 0px;margin-bottom: 0px;color: #000000;font-family: Calibri, Helvetica, sans-serif;font-size: 16px;font-style: normal;font-weight: 400;letter-spacing: normal;text-indent: 0px;text-transform: none;background-color: #ffffff;text-align: justify\"><span style=\"font-size: 14pt;line-height: 17.12px;font-family: Arial, sans-serif\">Ahora, \u00bfc\u00f3mo surge esta relaci\u00f3n entre geograf\u00eda y salud?. \u201cEs producto de mi profesi\u00f3n que tiene que ver con la geograf\u00eda, pero como me desempe\u00f1o en la Seremi de Salud, me ha llevado a incursionar en este tema que en Chile no se ha trabajado mucho y me ha parecido bastante interesante exponer este trabajo que a veces es desconocido para la comunidad\u201d, explica el experto.<\/span><\/p>\n<p>&nbsp;<\/p>\n<p class=\"m_-2656835486781256594x_MsoNormal\" style=\"margin-top: 0px;margin-bottom: 0px;color: #000000;font-family: Calibri, Helvetica, sans-serif;font-size: 16px;font-style: normal;font-weight: 400;letter-spacing: normal;text-indent: 0px;text-transform: none;background-color: #ffffff;text-align: justify\"><span style=\"font-size: 14pt;line-height: 17.12px;font-family: Arial, sans-serif\">A la fecha ha desarrollado esta charla alrededor de siete veces, dos a tres charlas por mes, y ya tiene agendada la \u00faltima, antes que termine el mes de agosto. \u201cHa sido muy gratificante, porque de hacer clases a j\u00f3venes universitarios y luego a ni\u00f1os de ense\u00f1anza b\u00e1sica y media, que a veces no tienen acceso a la informaci\u00f3n, adaptar las clases ha sido un reto y un agrado\u201d.<\/span><\/p>\n<p>&nbsp;<\/p>\n<p class=\"m_-2656835486781256594x_MsoNormal\" style=\"margin-top: 0px;margin-bottom: 0px;color: #000000;font-family: Calibri, Helvetica, sans-serif;font-size: 16px;font-style: normal;font-weight: 400;letter-spacing: normal;text-indent: 0px;text-transform: none;background-color: #ffffff;text-align: justify\"><span style=\"font-size: 14pt;line-height: 17.12px;font-family: Arial, sans-serif\">El profesor termina la charla, con preguntas que lo activan a responder de la forma m\u00e1s clara al curso de educaci\u00f3n b\u00e1sica, que durante una hora se concentr\u00f3 de principio a fin en torno al contexto regional y sus avatares de salud, que s\u00f3lo un conocedor de las dos \u00e1reas puede enlazar de la mejor forma.<\/span><\/p>\n<p>&nbsp;<\/p>\n<p><img loading=\"lazy\" decoding=\"async\" class=\" size-full wp-image-36364\" src=\"https:\/\/dev.explora.cl\/wp-content\/uploads\/2018\/08\/Collage_1000C1000A.jpg\" alt=\"Collage 1000C1000A\" width=\"900\" height=\"300\" \/><\/p>\n","protected":false},"excerpt":{"rendered":"<p>Si bien ha ofrecido tres temas para que distintos establecimientos educacionales de Arica accedan a \u00e9l, a trav\u00e9s de Mil Cient\u00edficos Mil Aulas, del Proyecto Asociativo Regional Explora de CONICYT, ejecutado por la Universidad de Tarapac\u00e1, uno es el que m\u00e1s ha tenido \u00e9xito: \u201cGeograf\u00eda de la salud\u201d. &nbsp; El ge\u00f3grafo Mauricio Gonz\u00e1lez, funcionario de [&hellip;]<\/p>\n","protected":false},"author":2,"featured_media":0,"comment_status":"open","ping_status":"open","sticky":false,"template":"","format":"standard","meta":{"_acf_changed":false,"_exactmetrics_skip_tracking":false,"_exactmetrics_sitenote_active":false,"_exactmetrics_sitenote_note":"","_exactmetrics_sitenote_category":0,"footnotes":"","_links_to":"","_links_to_target":""},"categories":[4],"tags":[],"class_list":["post-32468","post","type-post","status-publish","format-standard","hentry","category-noticias"],"acf":[],"yoast_head":"<!-- This site is optimized with the Yoast SEO plugin v26.7 - https:\/\/yoast.com\/wordpress\/plugins\/seo\/ -->\n<title>Geograf\u00eda de la salud en charla a estudiantes de la Escuela Dar\u00edo Salas D\u00edaz - Arica y Parinacota<\/title>\n<meta name=\"robots\" content=\"index, follow, max-snippet:-1, max-image-preview:large, max-video-preview:-1\" \/>\n<link rel=\"canonical\" href=\"https:\/\/dev.explora.cl\/aricayparinacota\/geografia-de-la-salud-en-charla-a-estudiantes-de-la-escuela-dario-salas-diaz\/\" class=\"yoast-seo-meta-tag\" \/>\n<meta property=\"og:locale\" content=\"es_ES\" class=\"yoast-seo-meta-tag\" \/>\n<meta property=\"og:type\" content=\"article\" class=\"yoast-seo-meta-tag\" \/>\n<meta property=\"og:title\" content=\"Geograf\u00eda de la salud en charla a estudiantes de la Escuela Dar\u00edo Salas D\u00edaz - Arica y Parinacota\" class=\"yoast-seo-meta-tag\" \/>\n<meta property=\"og:description\" content=\"Si bien ha ofrecido tres temas para que distintos establecimientos educacionales de Arica accedan a \u00e9l, a trav\u00e9s de Mil Cient\u00edficos Mil Aulas, del Proyecto Asociativo Regional Explora de CONICYT, ejecutado por la Universidad de Tarapac\u00e1, uno es el que m\u00e1s ha tenido \u00e9xito: \u201cGeograf\u00eda de la salud\u201d. &nbsp; El ge\u00f3grafo Mauricio Gonz\u00e1lez, funcionario de [&hellip;]\" class=\"yoast-seo-meta-tag\" \/>\n<meta property=\"og:url\" content=\"https:\/\/dev.explora.cl\/aricayparinacota\/geografia-de-la-salud-en-charla-a-estudiantes-de-la-escuela-dario-salas-diaz\/\" class=\"yoast-seo-meta-tag\" \/>\n<meta property=\"og:site_name\" content=\"Arica y Parinacota\" class=\"yoast-seo-meta-tag\" \/>\n<meta property=\"article:published_time\" content=\"2018-11-24T23:31:51+00:00\" class=\"yoast-seo-meta-tag\" \/>\n<meta property=\"article:modified_time\" content=\"2019-05-09T21:37:07+00:00\" class=\"yoast-seo-meta-tag\" \/>\n<meta name=\"author\" content=\"webman\" class=\"yoast-seo-meta-tag\" \/>\n<meta name=\"twitter:card\" content=\"summary_large_image\" class=\"yoast-seo-meta-tag\" \/>\n<meta name=\"twitter:label1\" content=\"Escrito por\" class=\"yoast-seo-meta-tag\" \/>\n\t<meta name=\"twitter:data1\" content=\"webman\" class=\"yoast-seo-meta-tag\" \/>\n\t<meta name=\"twitter:label2\" content=\"Tiempo estimado de lectura\" class=\"yoast-seo-meta-tag\" \/>\n\t<meta name=\"twitter:data2\" content=\"3 minutos\" class=\"yoast-seo-meta-tag\" \/>\n<script type=\"application\/ld+json\" class=\"yoast-schema-graph\">{\"@context\":\"https:\/\/schema.org\",\"@graph\":[{\"@type\":\"Article\",\"@id\":\"https:\/\/dev.explora.cl\/aricayparinacota\/geografia-de-la-salud-en-charla-a-estudiantes-de-la-escuela-dario-salas-diaz\/#article\",\"isPartOf\":{\"@id\":\"https:\/\/dev.explora.cl\/aricayparinacota\/geografia-de-la-salud-en-charla-a-estudiantes-de-la-escuela-dario-salas-diaz\/\"},\"author\":{\"name\":\"webman\",\"@id\":\"https:\/\/dev.explora.cl\/aricayparinacota\/#\/schema\/person\/cb8349c13ea2d324080adf8480d7ba5d\"},\"headline\":\"Geograf\u00eda de la salud en charla a estudiantes de la Escuela Dar\u00edo Salas D\u00edaz\",\"datePublished\":\"2018-11-24T23:31:51+00:00\",\"dateModified\":\"2019-05-09T21:37:07+00:00\",\"mainEntityOfPage\":{\"@id\":\"https:\/\/dev.explora.cl\/aricayparinacota\/geografia-de-la-salud-en-charla-a-estudiantes-de-la-escuela-dario-salas-diaz\/\"},\"wordCount\":553,\"commentCount\":0,\"publisher\":{\"@id\":\"https:\/\/dev.explora.cl\/aricayparinacota\/#organization\"},\"image\":{\"@id\":\"https:\/\/dev.explora.cl\/aricayparinacota\/geografia-de-la-salud-en-charla-a-estudiantes-de-la-escuela-dario-salas-diaz\/#primaryimage\"},\"thumbnailUrl\":\"https:\/\/dev.explora.cl\/wp-content\/uploads\/2018\/08\/Collage_1000C1000A.jpg\",\"articleSection\":[\"Noticias\"],\"inLanguage\":\"es-CL\",\"potentialAction\":[{\"@type\":\"CommentAction\",\"name\":\"Comment\",\"target\":[\"https:\/\/dev.explora.cl\/aricayparinacota\/geografia-de-la-salud-en-charla-a-estudiantes-de-la-escuela-dario-salas-diaz\/#respond\"]}]},{\"@type\":\"WebPage\",\"@id\":\"https:\/\/dev.explora.cl\/aricayparinacota\/geografia-de-la-salud-en-charla-a-estudiantes-de-la-escuela-dario-salas-diaz\/\",\"url\":\"https:\/\/dev.explora.cl\/aricayparinacota\/geografia-de-la-salud-en-charla-a-estudiantes-de-la-escuela-dario-salas-diaz\/\",\"name\":\"Geograf\u00eda de la salud en charla a estudiantes de la Escuela Dar\u00edo Salas D\u00edaz - Arica y Parinacota\",\"isPartOf\":{\"@id\":\"https:\/\/dev.explora.cl\/aricayparinacota\/#website\"},\"primaryImageOfPage\":{\"@id\":\"https:\/\/dev.explora.cl\/aricayparinacota\/geografia-de-la-salud-en-charla-a-estudiantes-de-la-escuela-dario-salas-diaz\/#primaryimage\"},\"image\":{\"@id\":\"https:\/\/dev.explora.cl\/aricayparinacota\/geografia-de-la-salud-en-charla-a-estudiantes-de-la-escuela-dario-salas-diaz\/#primaryimage\"},\"thumbnailUrl\":\"https:\/\/dev.explora.cl\/wp-content\/uploads\/2018\/08\/Collage_1000C1000A.jpg\",\"datePublished\":\"2018-11-24T23:31:51+00:00\",\"dateModified\":\"2019-05-09T21:37:07+00:00\",\"breadcrumb\":{\"@id\":\"https:\/\/dev.explora.cl\/aricayparinacota\/geografia-de-la-salud-en-charla-a-estudiantes-de-la-escuela-dario-salas-diaz\/#breadcrumb\"},\"inLanguage\":\"es-CL\",\"potentialAction\":[{\"@type\":\"ReadAction\",\"target\":[\"https:\/\/dev.explora.cl\/aricayparinacota\/geografia-de-la-salud-en-charla-a-estudiantes-de-la-escuela-dario-salas-diaz\/\"]}]},{\"@type\":\"ImageObject\",\"inLanguage\":\"es-CL\",\"@id\":\"https:\/\/dev.explora.cl\/aricayparinacota\/geografia-de-la-salud-en-charla-a-estudiantes-de-la-escuela-dario-salas-diaz\/#primaryimage\",\"url\":\"https:\/\/dev.explora.cl\/wp-content\/uploads\/2018\/08\/Collage_1000C1000A.jpg\",\"contentUrl\":\"https:\/\/dev.explora.cl\/wp-content\/uploads\/2018\/08\/Collage_1000C1000A.jpg\"},{\"@type\":\"BreadcrumbList\",\"@id\":\"https:\/\/dev.explora.cl\/aricayparinacota\/geografia-de-la-salud-en-charla-a-estudiantes-de-la-escuela-dario-salas-diaz\/#breadcrumb\",\"itemListElement\":[{\"@type\":\"ListItem\",\"position\":1,\"name\":\"Portada\",\"item\":\"https:\/\/dev.explora.cl\/aricayparinacota\/\"},{\"@type\":\"ListItem\",\"position\":2,\"name\":\"Geograf\u00eda de la salud en charla a estudiantes de la Escuela Dar\u00edo Salas D\u00edaz\"}]},{\"@type\":\"WebSite\",\"@id\":\"https:\/\/dev.explora.cl\/aricayparinacota\/#website\",\"url\":\"https:\/\/dev.explora.cl\/aricayparinacota\/\",\"name\":\"Arica y Parinacota\",\"description\":\"Otro sitio m\u00e1s de dev.explora.cl\",\"publisher\":{\"@id\":\"https:\/\/dev.explora.cl\/aricayparinacota\/#organization\"},\"potentialAction\":[{\"@type\":\"SearchAction\",\"target\":{\"@type\":\"EntryPoint\",\"urlTemplate\":\"https:\/\/dev.explora.cl\/aricayparinacota\/?s={search_term_string}\"},\"query-input\":{\"@type\":\"PropertyValueSpecification\",\"valueRequired\":true,\"valueName\":\"search_term_string\"}}],\"inLanguage\":\"es-CL\"},{\"@type\":\"Organization\",\"@id\":\"https:\/\/dev.explora.cl\/aricayparinacota\/#organization\",\"name\":\"Arica y Parinacota\",\"url\":\"https:\/\/dev.explora.cl\/aricayparinacota\/\",\"logo\":{\"@type\":\"ImageObject\",\"inLanguage\":\"es-CL\",\"@id\":\"https:\/\/dev.explora.cl\/aricayparinacota\/#\/schema\/logo\/image\/\",\"url\":\"https:\/\/dev.explora.cl\/aricayparinacota\/wp-content\/uploads\/sites\/2\/2020\/08\/cropped-nuevosa-logos-11.png\",\"contentUrl\":\"https:\/\/dev.explora.cl\/aricayparinacota\/wp-content\/uploads\/sites\/2\/2020\/08\/cropped-nuevosa-logos-11.png\",\"width\":812,\"height\":937,\"caption\":\"Arica y Parinacota\"},\"image\":{\"@id\":\"https:\/\/dev.explora.cl\/aricayparinacota\/#\/schema\/logo\/image\/\"}},{\"@type\":\"Person\",\"@id\":\"https:\/\/dev.explora.cl\/aricayparinacota\/#\/schema\/person\/cb8349c13ea2d324080adf8480d7ba5d\",\"name\":\"webman\",\"image\":{\"@type\":\"ImageObject\",\"inLanguage\":\"es-CL\",\"@id\":\"https:\/\/dev.explora.cl\/aricayparinacota\/#\/schema\/person\/image\/\",\"url\":\"https:\/\/secure.gravatar.com\/avatar\/eeff3c82f2c02f7177d13663b7e6f890e9a6a0647ce9bb29cae02dcb094c7312?s=96&d=mm&r=g\",\"contentUrl\":\"https:\/\/secure.gravatar.com\/avatar\/eeff3c82f2c02f7177d13663b7e6f890e9a6a0647ce9bb29cae02dcb094c7312?s=96&d=mm&r=g\",\"caption\":\"webman\"},\"url\":\"https:\/\/dev.explora.cl\/aricayparinacota\/author\/webman\/\"}]}<\/script>\n<!-- \/ Yoast SEO plugin. -->","yoast_head_json":{"title":"Geograf\u00eda de la salud en charla a estudiantes de la Escuela Dar\u00edo Salas D\u00edaz - Arica y Parinacota","robots":{"index":"index","follow":"follow","max-snippet":"max-snippet:-1","max-image-preview":"max-image-preview:large","max-video-preview":"max-video-preview:-1"},"canonical":"https:\/\/dev.explora.cl\/aricayparinacota\/geografia-de-la-salud-en-charla-a-estudiantes-de-la-escuela-dario-salas-diaz\/","og_locale":"es_ES","og_type":"article","og_title":"Geograf\u00eda de la salud en charla a estudiantes de la Escuela Dar\u00edo Salas D\u00edaz - Arica y Parinacota","og_description":"Si bien ha ofrecido tres temas para que distintos establecimientos educacionales de Arica accedan a \u00e9l, a trav\u00e9s de Mil Cient\u00edficos Mil Aulas, del Proyecto Asociativo Regional Explora de CONICYT, ejecutado por la Universidad de Tarapac\u00e1, uno es el que m\u00e1s ha tenido \u00e9xito: \u201cGeograf\u00eda de la salud\u201d. &nbsp; El ge\u00f3grafo Mauricio Gonz\u00e1lez, funcionario de [&hellip;]","og_url":"https:\/\/dev.explora.cl\/aricayparinacota\/geografia-de-la-salud-en-charla-a-estudiantes-de-la-escuela-dario-salas-diaz\/","og_site_name":"Arica y Parinacota","article_published_time":"2018-11-24T23:31:51+00:00","article_modified_time":"2019-05-09T21:37:07+00:00","author":"webman","twitter_card":"summary_large_image","twitter_misc":{"Escrito por":"webman","Tiempo estimado de lectura":"3 minutos"},"schema":{"@context":"https:\/\/schema.org","@graph":[{"@type":"Article","@id":"https:\/\/dev.explora.cl\/aricayparinacota\/geografia-de-la-salud-en-charla-a-estudiantes-de-la-escuela-dario-salas-diaz\/#article","isPartOf":{"@id":"https:\/\/dev.explora.cl\/aricayparinacota\/geografia-de-la-salud-en-charla-a-estudiantes-de-la-escuela-dario-salas-diaz\/"},"author":{"name":"webman","@id":"https:\/\/dev.explora.cl\/aricayparinacota\/#\/schema\/person\/cb8349c13ea2d324080adf8480d7ba5d"},"headline":"Geograf\u00eda de la salud en charla a estudiantes de la Escuela Dar\u00edo Salas D\u00edaz","datePublished":"2018-11-24T23:31:51+00:00","dateModified":"2019-05-09T21:37:07+00:00","mainEntityOfPage":{"@id":"https:\/\/dev.explora.cl\/aricayparinacota\/geografia-de-la-salud-en-charla-a-estudiantes-de-la-escuela-dario-salas-diaz\/"},"wordCount":553,"commentCount":0,"publisher":{"@id":"https:\/\/dev.explora.cl\/aricayparinacota\/#organization"},"image":{"@id":"https:\/\/dev.explora.cl\/aricayparinacota\/geografia-de-la-salud-en-charla-a-estudiantes-de-la-escuela-dario-salas-diaz\/#primaryimage"},"thumbnailUrl":"https:\/\/dev.explora.cl\/wp-content\/uploads\/2018\/08\/Collage_1000C1000A.jpg","articleSection":["Noticias"],"inLanguage":"es-CL","potentialAction":[{"@type":"CommentAction","name":"Comment","target":["https:\/\/dev.explora.cl\/aricayparinacota\/geografia-de-la-salud-en-charla-a-estudiantes-de-la-escuela-dario-salas-diaz\/#respond"]}]},{"@type":"WebPage","@id":"https:\/\/dev.explora.cl\/aricayparinacota\/geografia-de-la-salud-en-charla-a-estudiantes-de-la-escuela-dario-salas-diaz\/","url":"https:\/\/dev.explora.cl\/aricayparinacota\/geografia-de-la-salud-en-charla-a-estudiantes-de-la-escuela-dario-salas-diaz\/","name":"Geograf\u00eda de la salud en charla a estudiantes de la Escuela Dar\u00edo Salas D\u00edaz - Arica y Parinacota","isPartOf":{"@id":"https:\/\/dev.explora.cl\/aricayparinacota\/#website"},"primaryImageOfPage":{"@id":"https:\/\/dev.explora.cl\/aricayparinacota\/geografia-de-la-salud-en-charla-a-estudiantes-de-la-escuela-dario-salas-diaz\/#primaryimage"},"image":{"@id":"https:\/\/dev.explora.cl\/aricayparinacota\/geografia-de-la-salud-en-charla-a-estudiantes-de-la-escuela-dario-salas-diaz\/#primaryimage"},"thumbnailUrl":"https:\/\/dev.explora.cl\/wp-content\/uploads\/2018\/08\/Collage_1000C1000A.jpg","datePublished":"2018-11-24T23:31:51+00:00","dateModified":"2019-05-09T21:37:07+00:00","breadcrumb":{"@id":"https:\/\/dev.explora.cl\/aricayparinacota\/geografia-de-la-salud-en-charla-a-estudiantes-de-la-escuela-dario-salas-diaz\/#breadcrumb"},"inLanguage":"es-CL","potentialAction":[{"@type":"ReadAction","target":["https:\/\/dev.explora.cl\/aricayparinacota\/geografia-de-la-salud-en-charla-a-estudiantes-de-la-escuela-dario-salas-diaz\/"]}]},{"@type":"ImageObject","inLanguage":"es-CL","@id":"https:\/\/dev.explora.cl\/aricayparinacota\/geografia-de-la-salud-en-charla-a-estudiantes-de-la-escuela-dario-salas-diaz\/#primaryimage","url":"https:\/\/dev.explora.cl\/wp-content\/uploads\/2018\/08\/Collage_1000C1000A.jpg","contentUrl":"https:\/\/dev.explora.cl\/wp-content\/uploads\/2018\/08\/Collage_1000C1000A.jpg"},{"@type":"BreadcrumbList","@id":"https:\/\/dev.explora.cl\/aricayparinacota\/geografia-de-la-salud-en-charla-a-estudiantes-de-la-escuela-dario-salas-diaz\/#breadcrumb","itemListElement":[{"@type":"ListItem","position":1,"name":"Portada","item":"https:\/\/dev.explora.cl\/aricayparinacota\/"},{"@type":"ListItem","position":2,"name":"Geograf\u00eda de la salud en charla a estudiantes de la Escuela Dar\u00edo Salas D\u00edaz"}]},{"@type":"WebSite","@id":"https:\/\/dev.explora.cl\/aricayparinacota\/#website","url":"https:\/\/dev.explora.cl\/aricayparinacota\/","name":"Arica y Parinacota","description":"Otro sitio m\u00e1s de dev.explora.cl","publisher":{"@id":"https:\/\/dev.explora.cl\/aricayparinacota\/#organization"},"potentialAction":[{"@type":"SearchAction","target":{"@type":"EntryPoint","urlTemplate":"https:\/\/dev.explora.cl\/aricayparinacota\/?s={search_term_string}"},"query-input":{"@type":"PropertyValueSpecification","valueRequired":true,"valueName":"search_term_string"}}],"inLanguage":"es-CL"},{"@type":"Organization","@id":"https:\/\/dev.explora.cl\/aricayparinacota\/#organization","name":"Arica y Parinacota","url":"https:\/\/dev.explora.cl\/aricayparinacota\/","logo":{"@type":"ImageObject","inLanguage":"es-CL","@id":"https:\/\/dev.explora.cl\/aricayparinacota\/#\/schema\/logo\/image\/","url":"https:\/\/dev.explora.cl\/aricayparinacota\/wp-content\/uploads\/sites\/2\/2020\/08\/cropped-nuevosa-logos-11.png","contentUrl":"https:\/\/dev.explora.cl\/aricayparinacota\/wp-content\/uploads\/sites\/2\/2020\/08\/cropped-nuevosa-logos-11.png","width":812,"height":937,"caption":"Arica y Parinacota"},"image":{"@id":"https:\/\/dev.explora.cl\/aricayparinacota\/#\/schema\/logo\/image\/"}},{"@type":"Person","@id":"https:\/\/dev.explora.cl\/aricayparinacota\/#\/schema\/person\/cb8349c13ea2d324080adf8480d7ba5d","name":"webman","image":{"@type":"ImageObject","inLanguage":"es-CL","@id":"https:\/\/dev.explora.cl\/aricayparinacota\/#\/schema\/person\/image\/","url":"https:\/\/secure.gravatar.com\/avatar\/eeff3c82f2c02f7177d13663b7e6f890e9a6a0647ce9bb29cae02dcb094c7312?s=96&d=mm&r=g","contentUrl":"https:\/\/secure.gravatar.com\/avatar\/eeff3c82f2c02f7177d13663b7e6f890e9a6a0647ce9bb29cae02dcb094c7312?s=96&d=mm&r=g","caption":"webman"},"url":"https:\/\/dev.explora.cl\/aricayparinacota\/author\/webman\/"}]}},"_links":{"self":[{"href":"https:\/\/dev.explora.cl\/aricayparinacota\/wp-json\/wp\/v2\/posts\/32468","targetHints":{"allow":["GET"]}}],"collection":[{"href":"https:\/\/dev.explora.cl\/aricayparinacota\/wp-json\/wp\/v2\/posts"}],"about":[{"href":"https:\/\/dev.explora.cl\/aricayparinacota\/wp-json\/wp\/v2\/types\/post"}],"author":[{"embeddable":true,"href":"https:\/\/dev.explora.cl\/aricayparinacota\/wp-json\/wp\/v2\/users\/2"}],"replies":[{"embeddable":true,"href":"https:\/\/dev.explora.cl\/aricayparinacota\/wp-json\/wp\/v2\/comments?post=32468"}],"version-history":[{"count":1,"href":"https:\/\/dev.explora.cl\/aricayparinacota\/wp-json\/wp\/v2\/posts\/32468\/revisions"}],"predecessor-version":[{"id":33700,"href":"https:\/\/dev.explora.cl\/aricayparinacota\/wp-json\/wp\/v2\/posts\/32468\/revisions\/33700"}],"wp:attachment":[{"href":"https:\/\/dev.explora.cl\/aricayparinacota\/wp-json\/wp\/v2\/media?parent=32468"}],"wp:term":[{"taxonomy":"category","embeddable":true,"href":"https:\/\/dev.explora.cl\/aricayparinacota\/wp-json\/wp\/v2\/categories?post=32468"},{"taxonomy":"post_tag","embeddable":true,"href":"https:\/\/dev.explora.cl\/aricayparinacota\/wp-json\/wp\/v2\/tags?post=32468"}],"curies":[{"name":"wp","href":"https:\/\/api.w.org\/{rel}","templated":true}]}}