{"id":32467,"date":"2018-11-24T23:31:51","date_gmt":"2018-11-24T23:31:51","guid":{"rendered":"https:\/\/dev.explora.cl\/aricayparinacota\/blog\/2018\/11\/24\/con-sello-de-sustentabilidad\/"},"modified":"2019-05-09T21:37:03","modified_gmt":"2019-05-09T21:37:03","slug":"con-sello-de-sustentabilidad","status":"publish","type":"post","link":"https:\/\/dev.explora.cl\/aricayparinacota\/con-sello-de-sustentabilidad\/","title":{"rendered":"Con sello de sustentabilidad"},"content":{"rendered":"<p><span style=\"font-size: 18pt\"><strong><span style=\"color: #000000;font-family: Arial, sans-serif;font-style: normal;letter-spacing: normal;text-align: justify;text-indent: 0px;text-transform: none;background-color: #ffffff;float: none\">Charla de Mil Cient\u00edficos Mil Aulas<\/span><\/strong><\/span><\/p>\n<p>&nbsp;<\/p>\n<p><span style=\"font-size: 14pt\">Sobre un techo del edificio del Liceo Antonio Varas de la Barra hay una serie de placas solares, que esperan ser instaladas a corto plazo. Nada m\u00e1s concordante con la charla que dict\u00f3 el Dr. En Ingenier\u00eda Mec\u00e1nica, acad\u00e9mico de la Universidad de Tarapac\u00e1, Edgar Estupi\u00f1\u00e1n, dedicado a temas de innovaci\u00f3n y desarrollo sustentable, actividad que forma parte del programa del Proyecto Asociativo Regional Explora de CONICYT que ejecuta la Universidad de Tarapac\u00e1, denominada Mil Cient\u00edficos, Mil Aulas.<\/span><\/p>\n<p><span style=\"font-size: 14pt\">Ante cien estudiantes del Liceo ubicado en avenida Loa, el experto manifest\u00f3 su inter\u00e9s por el tema debido a la \u201cnecesidad que tiene el mundo por tener que cambiar las cosas y nuestra forma de vivir actualmente\u201d. Es por ello que en el taller busc\u00f3 promover entre los estudiantes una actitud m\u00e1s proactiva hacia la sustentabilidad, dando a conocer los objetivos de desarrollo sustentable.<\/span><\/p>\n<p>&nbsp;<\/p>\n<p><span style=\"font-size: 14pt\">Se refiri\u00f3 al programa de educaci\u00f3n para la sustentabilidad, cambio clim\u00e1tico, disminuci\u00f3n de la pobreza, salud y bienestar, educaci\u00f3n de calidad, igualdad de g\u00e9nero y reducci\u00f3n de las desigualdades. Aspectos que de una u otra forma est\u00e1n relacionados con la sostenibilidad.<\/span><\/p>\n<\/p>\n<p><span style=\"font-size: 14pt\">El acad\u00e9mico realiz\u00f3 esta conversaci\u00f3n con los estudiantes del Liceo, a trav\u00e9s de una actividad interactiva, en que se tocaron temas medioambientales como la contaminaci\u00f3n del mar, destrucci\u00f3n del ecosistema y energ\u00eda solar, todo con una l\u00ednea educativa para el desarrollo&nbsp;<\/span><span style=\"font-size: 14pt\">sustentable, destacando el importante rol que deben cumplir los j\u00f3venes para reversar los efectos del cambio clim\u00e1tico del mundo. Tambi\u00e9n present\u00f3 ejemplos de buenas pr\u00e1cticas de sustentabilidad y manejo de residuos en otros pa\u00edses.<\/span><\/p>\n<p><span style=\"font-size: 14pt\"><\/span><\/p>\n<p><span style=\"font-size: 14pt\">OPINIONES<\/span><\/p>\n<p><span style=\"font-size: 14pt\">Despu\u00e9s de la charla, el estudiante Carlos Guti\u00e9rrez de primero a\u00f1o medio manifest\u00f3 que le gust\u00f3 el tema que muestra \u201cel futuro para la ciudad y me pareci\u00f3 bueno porque son hartos pa\u00edses preocupados de un planeta m\u00e1s sustentable\u201d.<\/span><\/p>\n<p><span style=\"font-size: 14pt\">Abel Colque, estudiante de segundo a\u00f1o medio dijo que le pareci\u00f3 \u201cs\u00faper buena la charla, me interes\u00f3 harto el reciclar, renovar energ\u00edas y sacar una propia energ\u00eda con el sol y viento, todo eso\u201d.<\/span><\/p>\n<p><span style=\"font-size: 14pt\">La profesora de ciencias naturales, Mar\u00eda Cristina Imio, plante\u00f3 que \u201cun tema de sustentabilidad es parte de nuestra vida y pensamiento. Para los estudiantes es muy importante el tema del reciclaje y todo el compromiso que se debe tener con la basura que uno produce\u201d.<\/span><\/p>\n<p><span style=\"font-size: 14pt\">El profesor Carlos Iriarte, profesor de ciencias del Liceo, indic\u00f3 que \u201cestas charlas son necesarias en este tiempo en que Arica y el pa\u00eds necesita abrirse a nuevas posibilidades de uso de recursos energ\u00e9ticos renovables totalmente necesarios, nos interesa que nuestros estudiantes se vayan interiorizando en estos temas\u201d.<\/span><\/p>\n<p><span style=\"font-size: 14pt\">Los cien estudiantes se retiraron a sus actividades estudiantiles, con nuevas ideas en pos de un planeta sustentable y ahora cada vez que vean los paneles solares sobre el techo de su Liceo, no pensar\u00e1n lo mismo que el d\u00eda antes de esta conversaci\u00f3n.<\/span><\/p>\n<p>&nbsp;<\/p>\n<p><img loading=\"lazy\" decoding=\"async\" class=\" size-full wp-image-36316\" src=\"https:\/\/dev.explora.cl\/wp-content\/uploads\/2018\/08\/Collage_1000C1000A-edgar.jpg\" alt=\"Collage 1000C1000A edgar\" width=\"900\" height=\"300\" \/><\/p>\n","protected":false},"excerpt":{"rendered":"<p>Charla de Mil Cient\u00edficos Mil Aulas &nbsp; Sobre un techo del edificio del Liceo Antonio Varas de la Barra hay una serie de placas solares, que esperan ser instaladas a corto plazo. Nada m\u00e1s concordante con la charla que dict\u00f3 el Dr. En Ingenier\u00eda Mec\u00e1nica, acad\u00e9mico de la Universidad de Tarapac\u00e1, Edgar Estupi\u00f1\u00e1n, dedicado a [&hellip;]<\/p>\n","protected":false},"author":2,"featured_media":0,"comment_status":"open","ping_status":"open","sticky":false,"template":"","format":"standard","meta":{"_acf_changed":false,"_exactmetrics_skip_tracking":false,"_exactmetrics_sitenote_active":false,"_exactmetrics_sitenote_note":"","_exactmetrics_sitenote_category":0,"footnotes":"","_links_to":"","_links_to_target":""},"categories":[4],"tags":[],"class_list":["post-32467","post","type-post","status-publish","format-standard","hentry","category-noticias"],"acf":[],"yoast_head":"<!-- This site is optimized with the Yoast SEO plugin v26.7 - https:\/\/yoast.com\/wordpress\/plugins\/seo\/ -->\n<title>Con sello de sustentabilidad - Arica y Parinacota<\/title>\n<meta name=\"robots\" content=\"index, follow, max-snippet:-1, max-image-preview:large, max-video-preview:-1\" \/>\n<link rel=\"canonical\" href=\"https:\/\/dev.explora.cl\/aricayparinacota\/con-sello-de-sustentabilidad\/\" class=\"yoast-seo-meta-tag\" \/>\n<meta property=\"og:locale\" content=\"es_ES\" class=\"yoast-seo-meta-tag\" \/>\n<meta property=\"og:type\" content=\"article\" class=\"yoast-seo-meta-tag\" \/>\n<meta property=\"og:title\" content=\"Con sello de sustentabilidad - Arica y Parinacota\" class=\"yoast-seo-meta-tag\" \/>\n<meta property=\"og:description\" content=\"Charla de Mil Cient\u00edficos Mil Aulas &nbsp; Sobre un techo del edificio del Liceo Antonio Varas de la Barra hay una serie de placas solares, que esperan ser instaladas a corto plazo. Nada m\u00e1s concordante con la charla que dict\u00f3 el Dr. En Ingenier\u00eda Mec\u00e1nica, acad\u00e9mico de la Universidad de Tarapac\u00e1, Edgar Estupi\u00f1\u00e1n, dedicado a [&hellip;]\" class=\"yoast-seo-meta-tag\" \/>\n<meta property=\"og:url\" content=\"https:\/\/dev.explora.cl\/aricayparinacota\/con-sello-de-sustentabilidad\/\" class=\"yoast-seo-meta-tag\" \/>\n<meta property=\"og:site_name\" content=\"Arica y Parinacota\" class=\"yoast-seo-meta-tag\" \/>\n<meta property=\"article:published_time\" content=\"2018-11-24T23:31:51+00:00\" class=\"yoast-seo-meta-tag\" \/>\n<meta property=\"article:modified_time\" content=\"2019-05-09T21:37:03+00:00\" class=\"yoast-seo-meta-tag\" \/>\n<meta name=\"author\" content=\"webman\" class=\"yoast-seo-meta-tag\" \/>\n<meta name=\"twitter:card\" content=\"summary_large_image\" class=\"yoast-seo-meta-tag\" \/>\n<meta name=\"twitter:label1\" content=\"Escrito por\" class=\"yoast-seo-meta-tag\" \/>\n\t<meta name=\"twitter:data1\" content=\"webman\" class=\"yoast-seo-meta-tag\" \/>\n\t<meta name=\"twitter:label2\" content=\"Tiempo estimado de lectura\" class=\"yoast-seo-meta-tag\" \/>\n\t<meta name=\"twitter:data2\" content=\"3 minutos\" class=\"yoast-seo-meta-tag\" \/>\n<script type=\"application\/ld+json\" class=\"yoast-schema-graph\">{\"@context\":\"https:\/\/schema.org\",\"@graph\":[{\"@type\":\"Article\",\"@id\":\"https:\/\/dev.explora.cl\/aricayparinacota\/con-sello-de-sustentabilidad\/#article\",\"isPartOf\":{\"@id\":\"https:\/\/dev.explora.cl\/aricayparinacota\/con-sello-de-sustentabilidad\/\"},\"author\":{\"name\":\"webman\",\"@id\":\"https:\/\/dev.explora.cl\/aricayparinacota\/#\/schema\/person\/cb8349c13ea2d324080adf8480d7ba5d\"},\"headline\":\"Con sello de sustentabilidad\",\"datePublished\":\"2018-11-24T23:31:51+00:00\",\"dateModified\":\"2019-05-09T21:37:03+00:00\",\"mainEntityOfPage\":{\"@id\":\"https:\/\/dev.explora.cl\/aricayparinacota\/con-sello-de-sustentabilidad\/\"},\"wordCount\":527,\"commentCount\":0,\"publisher\":{\"@id\":\"https:\/\/dev.explora.cl\/aricayparinacota\/#organization\"},\"image\":{\"@id\":\"https:\/\/dev.explora.cl\/aricayparinacota\/con-sello-de-sustentabilidad\/#primaryimage\"},\"thumbnailUrl\":\"https:\/\/dev.explora.cl\/wp-content\/uploads\/2018\/08\/Collage_1000C1000A-edgar.jpg\",\"articleSection\":[\"Noticias\"],\"inLanguage\":\"es-CL\",\"potentialAction\":[{\"@type\":\"CommentAction\",\"name\":\"Comment\",\"target\":[\"https:\/\/dev.explora.cl\/aricayparinacota\/con-sello-de-sustentabilidad\/#respond\"]}]},{\"@type\":\"WebPage\",\"@id\":\"https:\/\/dev.explora.cl\/aricayparinacota\/con-sello-de-sustentabilidad\/\",\"url\":\"https:\/\/dev.explora.cl\/aricayparinacota\/con-sello-de-sustentabilidad\/\",\"name\":\"Con sello de sustentabilidad - Arica y Parinacota\",\"isPartOf\":{\"@id\":\"https:\/\/dev.explora.cl\/aricayparinacota\/#website\"},\"primaryImageOfPage\":{\"@id\":\"https:\/\/dev.explora.cl\/aricayparinacota\/con-sello-de-sustentabilidad\/#primaryimage\"},\"image\":{\"@id\":\"https:\/\/dev.explora.cl\/aricayparinacota\/con-sello-de-sustentabilidad\/#primaryimage\"},\"thumbnailUrl\":\"https:\/\/dev.explora.cl\/wp-content\/uploads\/2018\/08\/Collage_1000C1000A-edgar.jpg\",\"datePublished\":\"2018-11-24T23:31:51+00:00\",\"dateModified\":\"2019-05-09T21:37:03+00:00\",\"breadcrumb\":{\"@id\":\"https:\/\/dev.explora.cl\/aricayparinacota\/con-sello-de-sustentabilidad\/#breadcrumb\"},\"inLanguage\":\"es-CL\",\"potentialAction\":[{\"@type\":\"ReadAction\",\"target\":[\"https:\/\/dev.explora.cl\/aricayparinacota\/con-sello-de-sustentabilidad\/\"]}]},{\"@type\":\"ImageObject\",\"inLanguage\":\"es-CL\",\"@id\":\"https:\/\/dev.explora.cl\/aricayparinacota\/con-sello-de-sustentabilidad\/#primaryimage\",\"url\":\"https:\/\/dev.explora.cl\/wp-content\/uploads\/2018\/08\/Collage_1000C1000A-edgar.jpg\",\"contentUrl\":\"https:\/\/dev.explora.cl\/wp-content\/uploads\/2018\/08\/Collage_1000C1000A-edgar.jpg\"},{\"@type\":\"BreadcrumbList\",\"@id\":\"https:\/\/dev.explora.cl\/aricayparinacota\/con-sello-de-sustentabilidad\/#breadcrumb\",\"itemListElement\":[{\"@type\":\"ListItem\",\"position\":1,\"name\":\"Portada\",\"item\":\"https:\/\/dev.explora.cl\/aricayparinacota\/\"},{\"@type\":\"ListItem\",\"position\":2,\"name\":\"Con sello de sustentabilidad\"}]},{\"@type\":\"WebSite\",\"@id\":\"https:\/\/dev.explora.cl\/aricayparinacota\/#website\",\"url\":\"https:\/\/dev.explora.cl\/aricayparinacota\/\",\"name\":\"Arica y Parinacota\",\"description\":\"Otro sitio m\u00e1s de dev.explora.cl\",\"publisher\":{\"@id\":\"https:\/\/dev.explora.cl\/aricayparinacota\/#organization\"},\"potentialAction\":[{\"@type\":\"SearchAction\",\"target\":{\"@type\":\"EntryPoint\",\"urlTemplate\":\"https:\/\/dev.explora.cl\/aricayparinacota\/?s={search_term_string}\"},\"query-input\":{\"@type\":\"PropertyValueSpecification\",\"valueRequired\":true,\"valueName\":\"search_term_string\"}}],\"inLanguage\":\"es-CL\"},{\"@type\":\"Organization\",\"@id\":\"https:\/\/dev.explora.cl\/aricayparinacota\/#organization\",\"name\":\"Arica y Parinacota\",\"url\":\"https:\/\/dev.explora.cl\/aricayparinacota\/\",\"logo\":{\"@type\":\"ImageObject\",\"inLanguage\":\"es-CL\",\"@id\":\"https:\/\/dev.explora.cl\/aricayparinacota\/#\/schema\/logo\/image\/\",\"url\":\"https:\/\/dev.explora.cl\/aricayparinacota\/wp-content\/uploads\/sites\/2\/2020\/08\/cropped-nuevosa-logos-11.png\",\"contentUrl\":\"https:\/\/dev.explora.cl\/aricayparinacota\/wp-content\/uploads\/sites\/2\/2020\/08\/cropped-nuevosa-logos-11.png\",\"width\":812,\"height\":937,\"caption\":\"Arica y Parinacota\"},\"image\":{\"@id\":\"https:\/\/dev.explora.cl\/aricayparinacota\/#\/schema\/logo\/image\/\"}},{\"@type\":\"Person\",\"@id\":\"https:\/\/dev.explora.cl\/aricayparinacota\/#\/schema\/person\/cb8349c13ea2d324080adf8480d7ba5d\",\"name\":\"webman\",\"image\":{\"@type\":\"ImageObject\",\"inLanguage\":\"es-CL\",\"@id\":\"https:\/\/dev.explora.cl\/aricayparinacota\/#\/schema\/person\/image\/\",\"url\":\"https:\/\/secure.gravatar.com\/avatar\/eeff3c82f2c02f7177d13663b7e6f890e9a6a0647ce9bb29cae02dcb094c7312?s=96&d=mm&r=g\",\"contentUrl\":\"https:\/\/secure.gravatar.com\/avatar\/eeff3c82f2c02f7177d13663b7e6f890e9a6a0647ce9bb29cae02dcb094c7312?s=96&d=mm&r=g\",\"caption\":\"webman\"},\"url\":\"https:\/\/dev.explora.cl\/aricayparinacota\/author\/webman\/\"}]}<\/script>\n<!-- \/ Yoast SEO plugin. -->","yoast_head_json":{"title":"Con sello de sustentabilidad - Arica y Parinacota","robots":{"index":"index","follow":"follow","max-snippet":"max-snippet:-1","max-image-preview":"max-image-preview:large","max-video-preview":"max-video-preview:-1"},"canonical":"https:\/\/dev.explora.cl\/aricayparinacota\/con-sello-de-sustentabilidad\/","og_locale":"es_ES","og_type":"article","og_title":"Con sello de sustentabilidad - Arica y Parinacota","og_description":"Charla de Mil Cient\u00edficos Mil Aulas &nbsp; Sobre un techo del edificio del Liceo Antonio Varas de la Barra hay una serie de placas solares, que esperan ser instaladas a corto plazo. Nada m\u00e1s concordante con la charla que dict\u00f3 el Dr. En Ingenier\u00eda Mec\u00e1nica, acad\u00e9mico de la Universidad de Tarapac\u00e1, Edgar Estupi\u00f1\u00e1n, dedicado a [&hellip;]","og_url":"https:\/\/dev.explora.cl\/aricayparinacota\/con-sello-de-sustentabilidad\/","og_site_name":"Arica y Parinacota","article_published_time":"2018-11-24T23:31:51+00:00","article_modified_time":"2019-05-09T21:37:03+00:00","author":"webman","twitter_card":"summary_large_image","twitter_misc":{"Escrito por":"webman","Tiempo estimado de lectura":"3 minutos"},"schema":{"@context":"https:\/\/schema.org","@graph":[{"@type":"Article","@id":"https:\/\/dev.explora.cl\/aricayparinacota\/con-sello-de-sustentabilidad\/#article","isPartOf":{"@id":"https:\/\/dev.explora.cl\/aricayparinacota\/con-sello-de-sustentabilidad\/"},"author":{"name":"webman","@id":"https:\/\/dev.explora.cl\/aricayparinacota\/#\/schema\/person\/cb8349c13ea2d324080adf8480d7ba5d"},"headline":"Con sello de sustentabilidad","datePublished":"2018-11-24T23:31:51+00:00","dateModified":"2019-05-09T21:37:03+00:00","mainEntityOfPage":{"@id":"https:\/\/dev.explora.cl\/aricayparinacota\/con-sello-de-sustentabilidad\/"},"wordCount":527,"commentCount":0,"publisher":{"@id":"https:\/\/dev.explora.cl\/aricayparinacota\/#organization"},"image":{"@id":"https:\/\/dev.explora.cl\/aricayparinacota\/con-sello-de-sustentabilidad\/#primaryimage"},"thumbnailUrl":"https:\/\/dev.explora.cl\/wp-content\/uploads\/2018\/08\/Collage_1000C1000A-edgar.jpg","articleSection":["Noticias"],"inLanguage":"es-CL","potentialAction":[{"@type":"CommentAction","name":"Comment","target":["https:\/\/dev.explora.cl\/aricayparinacota\/con-sello-de-sustentabilidad\/#respond"]}]},{"@type":"WebPage","@id":"https:\/\/dev.explora.cl\/aricayparinacota\/con-sello-de-sustentabilidad\/","url":"https:\/\/dev.explora.cl\/aricayparinacota\/con-sello-de-sustentabilidad\/","name":"Con sello de sustentabilidad - Arica y Parinacota","isPartOf":{"@id":"https:\/\/dev.explora.cl\/aricayparinacota\/#website"},"primaryImageOfPage":{"@id":"https:\/\/dev.explora.cl\/aricayparinacota\/con-sello-de-sustentabilidad\/#primaryimage"},"image":{"@id":"https:\/\/dev.explora.cl\/aricayparinacota\/con-sello-de-sustentabilidad\/#primaryimage"},"thumbnailUrl":"https:\/\/dev.explora.cl\/wp-content\/uploads\/2018\/08\/Collage_1000C1000A-edgar.jpg","datePublished":"2018-11-24T23:31:51+00:00","dateModified":"2019-05-09T21:37:03+00:00","breadcrumb":{"@id":"https:\/\/dev.explora.cl\/aricayparinacota\/con-sello-de-sustentabilidad\/#breadcrumb"},"inLanguage":"es-CL","potentialAction":[{"@type":"ReadAction","target":["https:\/\/dev.explora.cl\/aricayparinacota\/con-sello-de-sustentabilidad\/"]}]},{"@type":"ImageObject","inLanguage":"es-CL","@id":"https:\/\/dev.explora.cl\/aricayparinacota\/con-sello-de-sustentabilidad\/#primaryimage","url":"https:\/\/dev.explora.cl\/wp-content\/uploads\/2018\/08\/Collage_1000C1000A-edgar.jpg","contentUrl":"https:\/\/dev.explora.cl\/wp-content\/uploads\/2018\/08\/Collage_1000C1000A-edgar.jpg"},{"@type":"BreadcrumbList","@id":"https:\/\/dev.explora.cl\/aricayparinacota\/con-sello-de-sustentabilidad\/#breadcrumb","itemListElement":[{"@type":"ListItem","position":1,"name":"Portada","item":"https:\/\/dev.explora.cl\/aricayparinacota\/"},{"@type":"ListItem","position":2,"name":"Con sello de sustentabilidad"}]},{"@type":"WebSite","@id":"https:\/\/dev.explora.cl\/aricayparinacota\/#website","url":"https:\/\/dev.explora.cl\/aricayparinacota\/","name":"Arica y Parinacota","description":"Otro sitio m\u00e1s de dev.explora.cl","publisher":{"@id":"https:\/\/dev.explora.cl\/aricayparinacota\/#organization"},"potentialAction":[{"@type":"SearchAction","target":{"@type":"EntryPoint","urlTemplate":"https:\/\/dev.explora.cl\/aricayparinacota\/?s={search_term_string}"},"query-input":{"@type":"PropertyValueSpecification","valueRequired":true,"valueName":"search_term_string"}}],"inLanguage":"es-CL"},{"@type":"Organization","@id":"https:\/\/dev.explora.cl\/aricayparinacota\/#organization","name":"Arica y Parinacota","url":"https:\/\/dev.explora.cl\/aricayparinacota\/","logo":{"@type":"ImageObject","inLanguage":"es-CL","@id":"https:\/\/dev.explora.cl\/aricayparinacota\/#\/schema\/logo\/image\/","url":"https:\/\/dev.explora.cl\/aricayparinacota\/wp-content\/uploads\/sites\/2\/2020\/08\/cropped-nuevosa-logos-11.png","contentUrl":"https:\/\/dev.explora.cl\/aricayparinacota\/wp-content\/uploads\/sites\/2\/2020\/08\/cropped-nuevosa-logos-11.png","width":812,"height":937,"caption":"Arica y Parinacota"},"image":{"@id":"https:\/\/dev.explora.cl\/aricayparinacota\/#\/schema\/logo\/image\/"}},{"@type":"Person","@id":"https:\/\/dev.explora.cl\/aricayparinacota\/#\/schema\/person\/cb8349c13ea2d324080adf8480d7ba5d","name":"webman","image":{"@type":"ImageObject","inLanguage":"es-CL","@id":"https:\/\/dev.explora.cl\/aricayparinacota\/#\/schema\/person\/image\/","url":"https:\/\/secure.gravatar.com\/avatar\/eeff3c82f2c02f7177d13663b7e6f890e9a6a0647ce9bb29cae02dcb094c7312?s=96&d=mm&r=g","contentUrl":"https:\/\/secure.gravatar.com\/avatar\/eeff3c82f2c02f7177d13663b7e6f890e9a6a0647ce9bb29cae02dcb094c7312?s=96&d=mm&r=g","caption":"webman"},"url":"https:\/\/dev.explora.cl\/aricayparinacota\/author\/webman\/"}]}},"_links":{"self":[{"href":"https:\/\/dev.explora.cl\/aricayparinacota\/wp-json\/wp\/v2\/posts\/32467","targetHints":{"allow":["GET"]}}],"collection":[{"href":"https:\/\/dev.explora.cl\/aricayparinacota\/wp-json\/wp\/v2\/posts"}],"about":[{"href":"https:\/\/dev.explora.cl\/aricayparinacota\/wp-json\/wp\/v2\/types\/post"}],"author":[{"embeddable":true,"href":"https:\/\/dev.explora.cl\/aricayparinacota\/wp-json\/wp\/v2\/users\/2"}],"replies":[{"embeddable":true,"href":"https:\/\/dev.explora.cl\/aricayparinacota\/wp-json\/wp\/v2\/comments?post=32467"}],"version-history":[{"count":1,"href":"https:\/\/dev.explora.cl\/aricayparinacota\/wp-json\/wp\/v2\/posts\/32467\/revisions"}],"predecessor-version":[{"id":33699,"href":"https:\/\/dev.explora.cl\/aricayparinacota\/wp-json\/wp\/v2\/posts\/32467\/revisions\/33699"}],"wp:attachment":[{"href":"https:\/\/dev.explora.cl\/aricayparinacota\/wp-json\/wp\/v2\/media?parent=32467"}],"wp:term":[{"taxonomy":"category","embeddable":true,"href":"https:\/\/dev.explora.cl\/aricayparinacota\/wp-json\/wp\/v2\/categories?post=32467"},{"taxonomy":"post_tag","embeddable":true,"href":"https:\/\/dev.explora.cl\/aricayparinacota\/wp-json\/wp\/v2\/tags?post=32467"}],"curies":[{"name":"wp","href":"https:\/\/api.w.org\/{rel}","templated":true}]}}