{"id":32466,"date":"2018-11-24T23:31:51","date_gmt":"2018-11-24T23:31:51","guid":{"rendered":"https:\/\/dev.explora.cl\/aricayparinacota\/blog\/2018\/11\/24\/los-tres-anos-de-alianza-entre-explora-y-la-escuela-de-ingenieria-electrica\/"},"modified":"2019-05-09T21:36:58","modified_gmt":"2019-05-09T21:36:58","slug":"los-tres-anos-de-alianza-entre-explora-y-la-escuela-de-ingenieria-electrica","status":"publish","type":"post","link":"https:\/\/dev.explora.cl\/aricayparinacota\/los-tres-anos-de-alianza-entre-explora-y-la-escuela-de-ingenieria-electrica\/","title":{"rendered":"Los tres a\u00f1os de alianza entre Explora y la Escuela de Ingenier\u00eda El\u00e9ctrica"},"content":{"rendered":"<p><span style=\"font-size: 14pt\"><em>Como una forma de mostrar el trabajo de tres a\u00f1os ininterrumpidos entre el PAR Explora de CONICYT y la EUIEE, se elabor\u00f3 un documento que en 12 p\u00e1ginas es el reflejo de la participaci\u00f3n de los estudiantes arique\u00f1os en los talleres de rob\u00f3tica, trabajos en laboratorios y en terreno, especialmente en observaci\u00f3n de instalaci\u00f3n de sistemas de energ\u00edas renovables no convencionales.<\/em><\/span><\/p>\n<p><span style=\"font-size: 14pt\"><strong>&nbsp;<\/strong><\/span><\/p>\n<p><span style=\"font-size: 14pt\">El acad\u00e9mico de la Escuela Universitaria de Ingenier\u00eda El\u00e9ctrica Electr\u00f3nica de la Universidad de Tarapac\u00e1, Manuel Barraza, recibi\u00f3 de la directora del PAR Explora de CONICYT, M\u00f3nica Navarrete, un documento del taller que realizaron en conjunto, durante los \u00faltimos tres a\u00f1os en la escuela universitaria, que registra su aporte a la divulgaci\u00f3n y valoraci\u00f3n de la tecnolog\u00eda. Fue la forma de despedirlo, antes que el acad\u00e9mico iniciara su viaje a estudiar un master y doctorado en Autom\u00e1tica y Rob\u00f3tica en Madrid, Espa\u00f1a.<\/span><\/p>\n<p><span style=\"font-size: 14pt\">Se trata del \u201cTaller de Rob\u00f3tica y Energ\u00edas Renovables no Convencionales\u201d, en que se atendi\u00f3 a estudiantes de educaci\u00f3n b\u00e1sica y media. \u201cPrimero se parti\u00f3 con j\u00f3venes de ense\u00f1anza media y luego de b\u00e1sica, los cuales no tuvieron miedo a realizar cosas, mientras que los m\u00e1s adultos mostraron temor a quemar alg\u00fan componente, yo les dec\u00eda que no dudaran en hacer las conexiones porque no iba a revestir mayor problema\u201d, dijo el acad\u00e9mico.<\/span><\/p>\n<p><span style=\"font-size: 14pt\">En la reuni\u00f3n sostenida con el equipo del PAR Explora, en que particip\u00f3 el coordinador del proyecto, Claudio Fuentes, recibi\u00f3 un documento con el resumen del Taller Rob\u00f3tica, que incluye fotograf\u00edas y links de todas las informaciones period\u00edsticas publicadas.<\/span><\/p>\n<p><span style=\"font-size: 14pt\">\u201cLa experiencia fue bastante buena de integrar a los estudiantes desde tercero a cuarto b\u00e1sico en la parte de rob\u00f3tica y energ\u00edas renovables, que desde peque\u00f1os tengan una conciencia m\u00e1s amigable con el medio ambiente y que puedan saber c\u00f3mo trabaja la energ\u00eda, que esta referencia les pueda servir m\u00e1s adelante\u201d, indic\u00f3 el acad\u00e9mico Barraza.<\/span><\/p>\n<p><span style=\"font-size: 14pt\">La directora Navarrete manifest\u00f3 que \u201ccomo grupo Explora estamos s\u00faper agradecidos por participar con la EUIEE desde la gestaci\u00f3n del proyecto, por lo que documentamos todo lo realizado con los acad\u00e9micos de esta unidad acad\u00e9mica en un dossier, para mostrar el resultado de un taller exitoso que convoc\u00f3 a muchos estudiantes de la regi\u00f3n y los inspir\u00f3 para continuar con investigaciones en esta \u00e1rea\u201d.<\/span><\/p>\n<p>&nbsp;<\/p>\n<p><img loading=\"lazy\" decoding=\"async\" class=\" size-full wp-image-35411\" src=\"https:\/\/dev.explora.cl\/wp-content\/uploads\/2018\/08\/Collage_Profesor_Barraza.jpg\" alt=\"Collage Profesor Barraza\" width=\"900\" height=\"300\" \/><\/p>\n","protected":false},"excerpt":{"rendered":"<p>Como una forma de mostrar el trabajo de tres a\u00f1os ininterrumpidos entre el PAR Explora de CONICYT y la EUIEE, se elabor\u00f3 un documento que en 12 p\u00e1ginas es el reflejo de la participaci\u00f3n de los estudiantes arique\u00f1os en los talleres de rob\u00f3tica, trabajos en laboratorios y en terreno, especialmente en observaci\u00f3n de instalaci\u00f3n de [&hellip;]<\/p>\n","protected":false},"author":2,"featured_media":0,"comment_status":"open","ping_status":"open","sticky":false,"template":"","format":"standard","meta":{"_acf_changed":false,"_exactmetrics_skip_tracking":false,"_exactmetrics_sitenote_active":false,"_exactmetrics_sitenote_note":"","_exactmetrics_sitenote_category":0,"footnotes":"","_links_to":"","_links_to_target":""},"categories":[4],"tags":[],"class_list":["post-32466","post","type-post","status-publish","format-standard","hentry","category-noticias"],"acf":[],"yoast_head":"<!-- This site is optimized with the Yoast SEO plugin v26.7 - https:\/\/yoast.com\/wordpress\/plugins\/seo\/ -->\n<title>Los tres a\u00f1os de alianza entre Explora y la Escuela de Ingenier\u00eda El\u00e9ctrica - Arica y Parinacota<\/title>\n<meta name=\"robots\" content=\"index, follow, max-snippet:-1, max-image-preview:large, max-video-preview:-1\" \/>\n<link rel=\"canonical\" href=\"https:\/\/dev.explora.cl\/aricayparinacota\/los-tres-anos-de-alianza-entre-explora-y-la-escuela-de-ingenieria-electrica\/\" class=\"yoast-seo-meta-tag\" \/>\n<meta property=\"og:locale\" content=\"es_ES\" class=\"yoast-seo-meta-tag\" \/>\n<meta property=\"og:type\" content=\"article\" class=\"yoast-seo-meta-tag\" \/>\n<meta property=\"og:title\" content=\"Los tres a\u00f1os de alianza entre Explora y la Escuela de Ingenier\u00eda El\u00e9ctrica - Arica y Parinacota\" class=\"yoast-seo-meta-tag\" \/>\n<meta property=\"og:description\" content=\"Como una forma de mostrar el trabajo de tres a\u00f1os ininterrumpidos entre el PAR Explora de CONICYT y la EUIEE, se elabor\u00f3 un documento que en 12 p\u00e1ginas es el reflejo de la participaci\u00f3n de los estudiantes arique\u00f1os en los talleres de rob\u00f3tica, trabajos en laboratorios y en terreno, especialmente en observaci\u00f3n de instalaci\u00f3n de [&hellip;]\" class=\"yoast-seo-meta-tag\" \/>\n<meta property=\"og:url\" content=\"https:\/\/dev.explora.cl\/aricayparinacota\/los-tres-anos-de-alianza-entre-explora-y-la-escuela-de-ingenieria-electrica\/\" class=\"yoast-seo-meta-tag\" \/>\n<meta property=\"og:site_name\" content=\"Arica y Parinacota\" class=\"yoast-seo-meta-tag\" \/>\n<meta property=\"article:published_time\" content=\"2018-11-24T23:31:51+00:00\" class=\"yoast-seo-meta-tag\" \/>\n<meta property=\"article:modified_time\" content=\"2019-05-09T21:36:58+00:00\" class=\"yoast-seo-meta-tag\" \/>\n<meta property=\"og:image\" content=\"https:\/\/dev.explora.cl\/aricayparinacota\/wp-content\/uploads\/sites\/2\/2022\/05\/Hernan-Betancourt.jpg\" class=\"yoast-seo-meta-tag\" \/>\n\t<meta property=\"og:image:width\" content=\"700\" class=\"yoast-seo-meta-tag\" \/>\n\t<meta property=\"og:image:height\" content=\"700\" class=\"yoast-seo-meta-tag\" \/>\n\t<meta property=\"og:image:type\" content=\"image\/jpeg\" class=\"yoast-seo-meta-tag\" \/>\n<meta name=\"author\" content=\"webman\" class=\"yoast-seo-meta-tag\" \/>\n<meta name=\"twitter:card\" content=\"summary_large_image\" class=\"yoast-seo-meta-tag\" \/>\n<meta name=\"twitter:label1\" content=\"Escrito por\" class=\"yoast-seo-meta-tag\" \/>\n\t<meta name=\"twitter:data1\" content=\"webman\" class=\"yoast-seo-meta-tag\" \/>\n\t<meta name=\"twitter:label2\" content=\"Tiempo estimado de lectura\" class=\"yoast-seo-meta-tag\" \/>\n\t<meta name=\"twitter:data2\" content=\"2 minutos\" class=\"yoast-seo-meta-tag\" \/>\n<script type=\"application\/ld+json\" class=\"yoast-schema-graph\">{\"@context\":\"https:\/\/schema.org\",\"@graph\":[{\"@type\":\"Article\",\"@id\":\"https:\/\/dev.explora.cl\/aricayparinacota\/los-tres-anos-de-alianza-entre-explora-y-la-escuela-de-ingenieria-electrica\/#article\",\"isPartOf\":{\"@id\":\"https:\/\/dev.explora.cl\/aricayparinacota\/los-tres-anos-de-alianza-entre-explora-y-la-escuela-de-ingenieria-electrica\/\"},\"author\":{\"name\":\"webman\",\"@id\":\"https:\/\/dev.explora.cl\/aricayparinacota\/#\/schema\/person\/cb8349c13ea2d324080adf8480d7ba5d\"},\"headline\":\"Los tres a\u00f1os de alianza entre Explora y la Escuela de Ingenier\u00eda El\u00e9ctrica\",\"datePublished\":\"2018-11-24T23:31:51+00:00\",\"dateModified\":\"2019-05-09T21:36:58+00:00\",\"mainEntityOfPage\":{\"@id\":\"https:\/\/dev.explora.cl\/aricayparinacota\/los-tres-anos-de-alianza-entre-explora-y-la-escuela-de-ingenieria-electrica\/\"},\"wordCount\":441,\"commentCount\":0,\"publisher\":{\"@id\":\"https:\/\/dev.explora.cl\/aricayparinacota\/#organization\"},\"image\":{\"@id\":\"https:\/\/dev.explora.cl\/aricayparinacota\/los-tres-anos-de-alianza-entre-explora-y-la-escuela-de-ingenieria-electrica\/#primaryimage\"},\"thumbnailUrl\":\"https:\/\/dev.explora.cl\/wp-content\/uploads\/2018\/08\/Collage_Profesor_Barraza.jpg\",\"articleSection\":[\"Noticias\"],\"inLanguage\":\"es-CL\",\"potentialAction\":[{\"@type\":\"CommentAction\",\"name\":\"Comment\",\"target\":[\"https:\/\/dev.explora.cl\/aricayparinacota\/los-tres-anos-de-alianza-entre-explora-y-la-escuela-de-ingenieria-electrica\/#respond\"]}]},{\"@type\":\"WebPage\",\"@id\":\"https:\/\/dev.explora.cl\/aricayparinacota\/los-tres-anos-de-alianza-entre-explora-y-la-escuela-de-ingenieria-electrica\/\",\"url\":\"https:\/\/dev.explora.cl\/aricayparinacota\/los-tres-anos-de-alianza-entre-explora-y-la-escuela-de-ingenieria-electrica\/\",\"name\":\"Los tres a\u00f1os de alianza entre Explora y la Escuela de Ingenier\u00eda El\u00e9ctrica - Arica y Parinacota\",\"isPartOf\":{\"@id\":\"https:\/\/dev.explora.cl\/aricayparinacota\/#website\"},\"primaryImageOfPage\":{\"@id\":\"https:\/\/dev.explora.cl\/aricayparinacota\/los-tres-anos-de-alianza-entre-explora-y-la-escuela-de-ingenieria-electrica\/#primaryimage\"},\"image\":{\"@id\":\"https:\/\/dev.explora.cl\/aricayparinacota\/los-tres-anos-de-alianza-entre-explora-y-la-escuela-de-ingenieria-electrica\/#primaryimage\"},\"thumbnailUrl\":\"https:\/\/dev.explora.cl\/wp-content\/uploads\/2018\/08\/Collage_Profesor_Barraza.jpg\",\"datePublished\":\"2018-11-24T23:31:51+00:00\",\"dateModified\":\"2019-05-09T21:36:58+00:00\",\"breadcrumb\":{\"@id\":\"https:\/\/dev.explora.cl\/aricayparinacota\/los-tres-anos-de-alianza-entre-explora-y-la-escuela-de-ingenieria-electrica\/#breadcrumb\"},\"inLanguage\":\"es-CL\",\"potentialAction\":[{\"@type\":\"ReadAction\",\"target\":[\"https:\/\/dev.explora.cl\/aricayparinacota\/los-tres-anos-de-alianza-entre-explora-y-la-escuela-de-ingenieria-electrica\/\"]}]},{\"@type\":\"ImageObject\",\"inLanguage\":\"es-CL\",\"@id\":\"https:\/\/dev.explora.cl\/aricayparinacota\/los-tres-anos-de-alianza-entre-explora-y-la-escuela-de-ingenieria-electrica\/#primaryimage\",\"url\":\"https:\/\/dev.explora.cl\/wp-content\/uploads\/2018\/08\/Collage_Profesor_Barraza.jpg\",\"contentUrl\":\"https:\/\/dev.explora.cl\/wp-content\/uploads\/2018\/08\/Collage_Profesor_Barraza.jpg\"},{\"@type\":\"BreadcrumbList\",\"@id\":\"https:\/\/dev.explora.cl\/aricayparinacota\/los-tres-anos-de-alianza-entre-explora-y-la-escuela-de-ingenieria-electrica\/#breadcrumb\",\"itemListElement\":[{\"@type\":\"ListItem\",\"position\":1,\"name\":\"Portada\",\"item\":\"https:\/\/dev.explora.cl\/aricayparinacota\/\"},{\"@type\":\"ListItem\",\"position\":2,\"name\":\"Los tres a\u00f1os de alianza entre Explora y la Escuela de Ingenier\u00eda El\u00e9ctrica\"}]},{\"@type\":\"WebSite\",\"@id\":\"https:\/\/dev.explora.cl\/aricayparinacota\/#website\",\"url\":\"https:\/\/dev.explora.cl\/aricayparinacota\/\",\"name\":\"Arica y Parinacota\",\"description\":\"Otro sitio m\u00e1s de dev.explora.cl\",\"publisher\":{\"@id\":\"https:\/\/dev.explora.cl\/aricayparinacota\/#organization\"},\"potentialAction\":[{\"@type\":\"SearchAction\",\"target\":{\"@type\":\"EntryPoint\",\"urlTemplate\":\"https:\/\/dev.explora.cl\/aricayparinacota\/?s={search_term_string}\"},\"query-input\":{\"@type\":\"PropertyValueSpecification\",\"valueRequired\":true,\"valueName\":\"search_term_string\"}}],\"inLanguage\":\"es-CL\"},{\"@type\":\"Organization\",\"@id\":\"https:\/\/dev.explora.cl\/aricayparinacota\/#organization\",\"name\":\"Arica y Parinacota\",\"url\":\"https:\/\/dev.explora.cl\/aricayparinacota\/\",\"logo\":{\"@type\":\"ImageObject\",\"inLanguage\":\"es-CL\",\"@id\":\"https:\/\/dev.explora.cl\/aricayparinacota\/#\/schema\/logo\/image\/\",\"url\":\"https:\/\/dev.explora.cl\/aricayparinacota\/wp-content\/uploads\/sites\/2\/2020\/08\/cropped-nuevosa-logos-11.png\",\"contentUrl\":\"https:\/\/dev.explora.cl\/aricayparinacota\/wp-content\/uploads\/sites\/2\/2020\/08\/cropped-nuevosa-logos-11.png\",\"width\":812,\"height\":937,\"caption\":\"Arica y Parinacota\"},\"image\":{\"@id\":\"https:\/\/dev.explora.cl\/aricayparinacota\/#\/schema\/logo\/image\/\"}},{\"@type\":\"Person\",\"@id\":\"https:\/\/dev.explora.cl\/aricayparinacota\/#\/schema\/person\/cb8349c13ea2d324080adf8480d7ba5d\",\"name\":\"webman\",\"image\":{\"@type\":\"ImageObject\",\"inLanguage\":\"es-CL\",\"@id\":\"https:\/\/dev.explora.cl\/aricayparinacota\/#\/schema\/person\/image\/\",\"url\":\"https:\/\/secure.gravatar.com\/avatar\/eeff3c82f2c02f7177d13663b7e6f890e9a6a0647ce9bb29cae02dcb094c7312?s=96&d=mm&r=g\",\"contentUrl\":\"https:\/\/secure.gravatar.com\/avatar\/eeff3c82f2c02f7177d13663b7e6f890e9a6a0647ce9bb29cae02dcb094c7312?s=96&d=mm&r=g\",\"caption\":\"webman\"},\"url\":\"https:\/\/dev.explora.cl\/aricayparinacota\/author\/webman\/\"}]}<\/script>\n<!-- \/ Yoast SEO plugin. -->","yoast_head_json":{"title":"Los tres a\u00f1os de alianza entre Explora y la Escuela de Ingenier\u00eda El\u00e9ctrica - Arica y Parinacota","robots":{"index":"index","follow":"follow","max-snippet":"max-snippet:-1","max-image-preview":"max-image-preview:large","max-video-preview":"max-video-preview:-1"},"canonical":"https:\/\/dev.explora.cl\/aricayparinacota\/los-tres-anos-de-alianza-entre-explora-y-la-escuela-de-ingenieria-electrica\/","og_locale":"es_ES","og_type":"article","og_title":"Los tres a\u00f1os de alianza entre Explora y la Escuela de Ingenier\u00eda El\u00e9ctrica - Arica y Parinacota","og_description":"Como una forma de mostrar el trabajo de tres a\u00f1os ininterrumpidos entre el PAR Explora de CONICYT y la EUIEE, se elabor\u00f3 un documento que en 12 p\u00e1ginas es el reflejo de la participaci\u00f3n de los estudiantes arique\u00f1os en los talleres de rob\u00f3tica, trabajos en laboratorios y en terreno, especialmente en observaci\u00f3n de instalaci\u00f3n de [&hellip;]","og_url":"https:\/\/dev.explora.cl\/aricayparinacota\/los-tres-anos-de-alianza-entre-explora-y-la-escuela-de-ingenieria-electrica\/","og_site_name":"Arica y Parinacota","article_published_time":"2018-11-24T23:31:51+00:00","article_modified_time":"2019-05-09T21:36:58+00:00","og_image":[{"width":700,"height":700,"url":"https:\/\/dev.explora.cl\/aricayparinacota\/wp-content\/uploads\/sites\/2\/2022\/05\/Hernan-Betancourt.jpg","type":"image\/jpeg"}],"author":"webman","twitter_card":"summary_large_image","twitter_misc":{"Escrito por":"webman","Tiempo estimado de lectura":"2 minutos"},"schema":{"@context":"https:\/\/schema.org","@graph":[{"@type":"Article","@id":"https:\/\/dev.explora.cl\/aricayparinacota\/los-tres-anos-de-alianza-entre-explora-y-la-escuela-de-ingenieria-electrica\/#article","isPartOf":{"@id":"https:\/\/dev.explora.cl\/aricayparinacota\/los-tres-anos-de-alianza-entre-explora-y-la-escuela-de-ingenieria-electrica\/"},"author":{"name":"webman","@id":"https:\/\/dev.explora.cl\/aricayparinacota\/#\/schema\/person\/cb8349c13ea2d324080adf8480d7ba5d"},"headline":"Los tres a\u00f1os de alianza entre Explora y la Escuela de Ingenier\u00eda El\u00e9ctrica","datePublished":"2018-11-24T23:31:51+00:00","dateModified":"2019-05-09T21:36:58+00:00","mainEntityOfPage":{"@id":"https:\/\/dev.explora.cl\/aricayparinacota\/los-tres-anos-de-alianza-entre-explora-y-la-escuela-de-ingenieria-electrica\/"},"wordCount":441,"commentCount":0,"publisher":{"@id":"https:\/\/dev.explora.cl\/aricayparinacota\/#organization"},"image":{"@id":"https:\/\/dev.explora.cl\/aricayparinacota\/los-tres-anos-de-alianza-entre-explora-y-la-escuela-de-ingenieria-electrica\/#primaryimage"},"thumbnailUrl":"https:\/\/dev.explora.cl\/wp-content\/uploads\/2018\/08\/Collage_Profesor_Barraza.jpg","articleSection":["Noticias"],"inLanguage":"es-CL","potentialAction":[{"@type":"CommentAction","name":"Comment","target":["https:\/\/dev.explora.cl\/aricayparinacota\/los-tres-anos-de-alianza-entre-explora-y-la-escuela-de-ingenieria-electrica\/#respond"]}]},{"@type":"WebPage","@id":"https:\/\/dev.explora.cl\/aricayparinacota\/los-tres-anos-de-alianza-entre-explora-y-la-escuela-de-ingenieria-electrica\/","url":"https:\/\/dev.explora.cl\/aricayparinacota\/los-tres-anos-de-alianza-entre-explora-y-la-escuela-de-ingenieria-electrica\/","name":"Los tres a\u00f1os de alianza entre Explora y la Escuela de Ingenier\u00eda El\u00e9ctrica - Arica y Parinacota","isPartOf":{"@id":"https:\/\/dev.explora.cl\/aricayparinacota\/#website"},"primaryImageOfPage":{"@id":"https:\/\/dev.explora.cl\/aricayparinacota\/los-tres-anos-de-alianza-entre-explora-y-la-escuela-de-ingenieria-electrica\/#primaryimage"},"image":{"@id":"https:\/\/dev.explora.cl\/aricayparinacota\/los-tres-anos-de-alianza-entre-explora-y-la-escuela-de-ingenieria-electrica\/#primaryimage"},"thumbnailUrl":"https:\/\/dev.explora.cl\/wp-content\/uploads\/2018\/08\/Collage_Profesor_Barraza.jpg","datePublished":"2018-11-24T23:31:51+00:00","dateModified":"2019-05-09T21:36:58+00:00","breadcrumb":{"@id":"https:\/\/dev.explora.cl\/aricayparinacota\/los-tres-anos-de-alianza-entre-explora-y-la-escuela-de-ingenieria-electrica\/#breadcrumb"},"inLanguage":"es-CL","potentialAction":[{"@type":"ReadAction","target":["https:\/\/dev.explora.cl\/aricayparinacota\/los-tres-anos-de-alianza-entre-explora-y-la-escuela-de-ingenieria-electrica\/"]}]},{"@type":"ImageObject","inLanguage":"es-CL","@id":"https:\/\/dev.explora.cl\/aricayparinacota\/los-tres-anos-de-alianza-entre-explora-y-la-escuela-de-ingenieria-electrica\/#primaryimage","url":"https:\/\/dev.explora.cl\/wp-content\/uploads\/2018\/08\/Collage_Profesor_Barraza.jpg","contentUrl":"https:\/\/dev.explora.cl\/wp-content\/uploads\/2018\/08\/Collage_Profesor_Barraza.jpg"},{"@type":"BreadcrumbList","@id":"https:\/\/dev.explora.cl\/aricayparinacota\/los-tres-anos-de-alianza-entre-explora-y-la-escuela-de-ingenieria-electrica\/#breadcrumb","itemListElement":[{"@type":"ListItem","position":1,"name":"Portada","item":"https:\/\/dev.explora.cl\/aricayparinacota\/"},{"@type":"ListItem","position":2,"name":"Los tres a\u00f1os de alianza entre Explora y la Escuela de Ingenier\u00eda El\u00e9ctrica"}]},{"@type":"WebSite","@id":"https:\/\/dev.explora.cl\/aricayparinacota\/#website","url":"https:\/\/dev.explora.cl\/aricayparinacota\/","name":"Arica y Parinacota","description":"Otro sitio m\u00e1s de dev.explora.cl","publisher":{"@id":"https:\/\/dev.explora.cl\/aricayparinacota\/#organization"},"potentialAction":[{"@type":"SearchAction","target":{"@type":"EntryPoint","urlTemplate":"https:\/\/dev.explora.cl\/aricayparinacota\/?s={search_term_string}"},"query-input":{"@type":"PropertyValueSpecification","valueRequired":true,"valueName":"search_term_string"}}],"inLanguage":"es-CL"},{"@type":"Organization","@id":"https:\/\/dev.explora.cl\/aricayparinacota\/#organization","name":"Arica y Parinacota","url":"https:\/\/dev.explora.cl\/aricayparinacota\/","logo":{"@type":"ImageObject","inLanguage":"es-CL","@id":"https:\/\/dev.explora.cl\/aricayparinacota\/#\/schema\/logo\/image\/","url":"https:\/\/dev.explora.cl\/aricayparinacota\/wp-content\/uploads\/sites\/2\/2020\/08\/cropped-nuevosa-logos-11.png","contentUrl":"https:\/\/dev.explora.cl\/aricayparinacota\/wp-content\/uploads\/sites\/2\/2020\/08\/cropped-nuevosa-logos-11.png","width":812,"height":937,"caption":"Arica y Parinacota"},"image":{"@id":"https:\/\/dev.explora.cl\/aricayparinacota\/#\/schema\/logo\/image\/"}},{"@type":"Person","@id":"https:\/\/dev.explora.cl\/aricayparinacota\/#\/schema\/person\/cb8349c13ea2d324080adf8480d7ba5d","name":"webman","image":{"@type":"ImageObject","inLanguage":"es-CL","@id":"https:\/\/dev.explora.cl\/aricayparinacota\/#\/schema\/person\/image\/","url":"https:\/\/secure.gravatar.com\/avatar\/eeff3c82f2c02f7177d13663b7e6f890e9a6a0647ce9bb29cae02dcb094c7312?s=96&d=mm&r=g","contentUrl":"https:\/\/secure.gravatar.com\/avatar\/eeff3c82f2c02f7177d13663b7e6f890e9a6a0647ce9bb29cae02dcb094c7312?s=96&d=mm&r=g","caption":"webman"},"url":"https:\/\/dev.explora.cl\/aricayparinacota\/author\/webman\/"}]}},"_links":{"self":[{"href":"https:\/\/dev.explora.cl\/aricayparinacota\/wp-json\/wp\/v2\/posts\/32466","targetHints":{"allow":["GET"]}}],"collection":[{"href":"https:\/\/dev.explora.cl\/aricayparinacota\/wp-json\/wp\/v2\/posts"}],"about":[{"href":"https:\/\/dev.explora.cl\/aricayparinacota\/wp-json\/wp\/v2\/types\/post"}],"author":[{"embeddable":true,"href":"https:\/\/dev.explora.cl\/aricayparinacota\/wp-json\/wp\/v2\/users\/2"}],"replies":[{"embeddable":true,"href":"https:\/\/dev.explora.cl\/aricayparinacota\/wp-json\/wp\/v2\/comments?post=32466"}],"version-history":[{"count":1,"href":"https:\/\/dev.explora.cl\/aricayparinacota\/wp-json\/wp\/v2\/posts\/32466\/revisions"}],"predecessor-version":[{"id":33698,"href":"https:\/\/dev.explora.cl\/aricayparinacota\/wp-json\/wp\/v2\/posts\/32466\/revisions\/33698"}],"wp:attachment":[{"href":"https:\/\/dev.explora.cl\/aricayparinacota\/wp-json\/wp\/v2\/media?parent=32466"}],"wp:term":[{"taxonomy":"category","embeddable":true,"href":"https:\/\/dev.explora.cl\/aricayparinacota\/wp-json\/wp\/v2\/categories?post=32466"},{"taxonomy":"post_tag","embeddable":true,"href":"https:\/\/dev.explora.cl\/aricayparinacota\/wp-json\/wp\/v2\/tags?post=32466"}],"curies":[{"name":"wp","href":"https:\/\/api.w.org\/{rel}","templated":true}]}}