{"id":32465,"date":"2018-11-24T23:31:51","date_gmt":"2018-11-24T23:31:51","guid":{"rendered":"https:\/\/dev.explora.cl\/aricayparinacota\/blog\/2018\/11\/24\/gymkhana-matematica-cautivo-a-mas-de-500-asistentes\/"},"modified":"2019-05-09T21:36:53","modified_gmt":"2019-05-09T21:36:53","slug":"gymkhana-matematica-cautivo-a-mas-de-500-asistentes","status":"publish","type":"post","link":"https:\/\/dev.explora.cl\/aricayparinacota\/gymkhana-matematica-cautivo-a-mas-de-500-asistentes\/","title":{"rendered":"Gymkhana Matem\u00e1tica cautiv\u00f3 a m\u00e1s de 500 asistentes"},"content":{"rendered":"<\/p>\n<p class=\"m_3409747140311823316x_x_MsoNormal\" style=\"margin-top: 0px;margin-bottom: 0px;color: #000000;font-family: Calibri, Helvetica, sans-serif;font-size: 16px;font-style: normal;font-weight: 400;letter-spacing: normal;text-indent: 0px;text-transform: none;background-color: #ffffff;text-align: justify\"><span style=\"font-size: 14pt\"><i><span style=\"line-height: 17.12px;font-family: Arial, sans-serif\">Una multitud se concentr\u00f3 en las canchas de la UTA para participar de una actividad en que las matem\u00e1ticas generaron&nbsp;carreras de una estaci\u00f3n a otra.<span style=\"text-decoration: underline\"><br \/><\/span><\/span><\/i><\/span><\/p>\n<p class=\"m_3409747140311823316x_x_MsoNormal\" style=\"margin-top: 0px;margin-bottom: 0px;color: #000000;font-family: Calibri, Helvetica, sans-serif;font-size: 16px;font-style: normal;font-weight: 400;letter-spacing: normal;text-indent: 0px;text-transform: none;background-color: #ffffff;text-align: justify\"><span style=\"font-size: 14pt;line-height: 17.12px;font-family: Arial, sans-serif\"><span style=\"text-decoration: underline\"><\/span>&nbsp;<span style=\"text-decoration: underline\"><\/span><\/span><\/p>\n<p class=\"m_3409747140311823316x_x_MsoNormal\" style=\"margin-top: 0px;margin-bottom: 0px;color: #000000;font-family: Calibri, Helvetica, sans-serif;font-size: 16px;font-style: normal;font-weight: 400;letter-spacing: normal;text-indent: 0px;text-transform: none;background-color: #ffffff;text-align: justify\"><span style=\"font-size: 14pt;line-height: 17.12px;font-family: Arial, sans-serif\">Desarrollar ejercicios matem\u00e1ticos y luego correr haciendo posta para entregarlos y obtener un posterior puntaje, fue la din\u00e1mica que se vivi\u00f3 durante mediod\u00eda en las canchas de pasto del campus Saucache de la Universidad de Tarapac\u00e1, donde participaron m\u00e1s de 500 estudiantes de la regi\u00f3n de Arica y Parinacota en la tercera versi\u00f3n de la Gymkhana Matem\u00e1tica. La actividad, a la que cada a\u00f1o asisten m\u00e1s estudiantes, fue organizada por el Departamento de Matem\u00e1tica y el Proyecto Asociativo Regional (PAR) Explora de CONICYT, con apoyo del Centro Educar \u2013 UTA y el CFT de Tarapac\u00e1.<span style=\"text-decoration: underline\"><br \/><\/span><\/span><\/p>\n<p><span style=\"font-size: 14pt\"><\/span><\/p>\n<p class=\"m_3409747140311823316x_x_MsoNormal\" style=\"margin-top: 0px;margin-bottom: 0px;color: #000000;font-family: Calibri, Helvetica, sans-serif;font-size: 16px;font-style: normal;font-weight: 400;letter-spacing: normal;text-indent: 0px;text-transform: none;background-color: #ffffff;text-align: justify\"><span style=\"font-size: 14pt;line-height: 17.12px;font-family: Arial, sans-serif\">Para el acad\u00e9mico Hugo Bravo, parte del equipo organizador, la Gymkhana Matem\u00e1tica \u201ces el tercer a\u00f1o consecutivo que se realiza con pleno \u00e9xito; la convocatoria de colegios y estudiantes lo confirman. Son desaf\u00edos (problemas) matem\u00e1ticos entretenidos que requieren del alumno, concentraci\u00f3n, razonamiento, deducci\u00f3n y orden mental. Los estudiantes participan con mucha alegr\u00eda y ganas de ganar. Esta forma de mostrar la matem\u00e1tica de manera m\u00e1s l\u00fadica, hace que los estudiantes, desde peque\u00f1os, se familiaricen y sientan que pueden aprenderla y dominarla. En suma, es una actividad acad\u00e9mica muy atractiva para los profesores y sus estudiantes y adem\u00e1s muy motivadora para los acad\u00e9micos del Departamento de Matem\u00e1tica de la UTA. Esperamos con esta actividad acercar m\u00e1s la matem\u00e1tica a los alumnos y por lo mismo, acercar las carreras en esta l\u00ednea que ofrece la UTA a los estudiantes de Educaci\u00f3n Media\u201d.<span style=\"text-decoration: underline\"><br \/><\/span><\/span><\/p>\n<p><span style=\"font-size: 14pt\"><\/span><\/p>\n<p class=\"m_3409747140311823316x_x_MsoNormal\" style=\"margin-top: 0px;margin-bottom: 0px;color: #000000;font-family: Calibri, Helvetica, sans-serif;font-size: 16px;font-style: normal;font-weight: 400;letter-spacing: normal;text-indent: 0px;text-transform: none;background-color: #ffffff;text-align: justify\"><span style=\"font-size: 14pt;line-height: 17.12px;font-family: Arial, sans-serif\">La directora del PAR Explora, M\u00f3nica Navarrete, manifest\u00f3 estar muy contenta porque cada a\u00f1o existe una mayor motivaci\u00f3n de diversos establecimientos de la regi\u00f3n, algunos de ellos participando desde el d\u00eda uno. Indic\u00f3 que ver a los peque\u00f1os y j\u00f3venes estudiantes, desarrollando los ejercicios y compitiendo en esta actividad masiva, genera m\u00e1s energ\u00eda para continuar realizando propuestas en beneficio de los estudiantes a los que el PAR Explora se debe.<span style=\"text-decoration: underline\"><br \/><\/span><\/span><\/p>\n<p><span style=\"font-size: 14pt\"><\/span><\/p>\n<p class=\"m_3409747140311823316x_x_MsoNormal\" style=\"margin-top: 0px;margin-bottom: 0px;color: #000000;font-family: Calibri, Helvetica, sans-serif;font-size: 16px;font-style: normal;font-weight: 400;letter-spacing: normal;text-indent: 0px;text-transform: none;background-color: #ffffff;text-align: justify\"><span style=\"font-size: 14pt;line-height: 17.12px;font-family: Arial, sans-serif\"><\/span><\/p>\n<p class=\"m_3409747140311823316x_x_MsoNormal\" style=\"margin-top: 0px;margin-bottom: 0px;color: #000000;font-family: Calibri, Helvetica, sans-serif;font-size: 16px;font-style: normal;font-weight: 400;letter-spacing: normal;text-indent: 0px;text-transform: none;background-color: #ffffff;text-align: justify\"><span style=\"font-size: 14pt;line-height: 17.12px;font-family: Arial, sans-serif\">PREMIADOS<span style=\"text-decoration: underline\"><br \/><\/span><\/span><\/p>\n<p><span style=\"font-size: 14pt\"><\/span><\/p>\n<p class=\"m_3409747140311823316x_x_MsoNormal\" style=\"margin-top: 0px;margin-bottom: 0px;color: #000000;font-family: Calibri, Helvetica, sans-serif;font-size: 16px;font-style: normal;font-weight: 400;letter-spacing: normal;text-indent: 0px;text-transform: none;background-color: #ffffff;text-align: justify\"><span style=\"font-size: 14pt;line-height: 17.12px;font-family: Arial, sans-serif\">Los motivados grupos de estudiantes participaron en cuatro niveles, de los cuales resultaron ganadores con los primeros lugares, la Escuela Rep\u00fablica de Israel, Colegio Cardenal Antonio Samor\u00e9, Colegio San Marcos de Arica y Colegio Saucache.<span style=\"text-decoration: underline\"><br \/><\/span><\/span><\/p>\n<p><span style=\"font-size: 14pt\"><\/span><\/p>\n<p class=\"m_3409747140311823316x_x_MsoNormal\" style=\"margin-top: 0px;margin-bottom: 0px;color: #000000;font-family: Calibri, Helvetica, sans-serif;font-size: 16px;font-style: normal;font-weight: 400;letter-spacing: normal;text-indent: 0px;text-transform: none;background-color: #ffffff;text-align: justify\"><span style=\"font-size: 14pt;line-height: 17.12px;font-family: Arial, sans-serif\">El profesor Claudio Carrasco, del Colegio San Marcos, es primera vez que participa y dijo que \u201cm\u00e1s all\u00e1 del premio es la participaci\u00f3n de los chiquillos, siempre estas actividades son buenas, ellos se caracterizan por tratar de darlo todo, creo que estamos haciendo un trabajo bien orientado. El evento es bastante bueno, los ni\u00f1os ven de distinta manera la matem\u00e1tica, no es solamente sentarse y observar un ejercicio, sino que es tambi\u00e9n lo f\u00edsico\u201d.<span style=\"text-decoration: underline\"><br \/><\/span><\/span><\/p>\n<p><span style=\"font-size: 14pt\"><\/span><\/p>\n<p class=\"m_3409747140311823316x_x_MsoNormal\" style=\"margin-top: 0px;margin-bottom: 0px;color: #000000;font-family: Calibri, Helvetica, sans-serif;font-size: 16px;font-style: normal;font-weight: 400;letter-spacing: normal;text-indent: 0px;text-transform: none;background-color: #ffffff;text-align: justify\"><span style=\"font-size: 14pt;line-height: 17.12px;font-family: Arial, sans-serif\">Guillermo Martin, profesor del Colegio Cardenal Samor\u00e9, indic\u00f3 que obtener el primer lugar en su categor\u00eda es \u201cun logro importante para ellos, adem\u00e1s de su alegr\u00eda y satisfacci\u00f3n, en realidad vinimos a pasarlo bien\u201d.<span style=\"text-decoration: underline\"><br \/><\/span><\/span><\/p>\n<p><span style=\"font-size: 14pt\"><\/span><\/p>\n<p class=\"m_3409747140311823316x_x_MsoNormal\" style=\"margin-top: 0px;margin-bottom: 0px;color: #000000;font-family: Calibri, Helvetica, sans-serif;font-size: 16px;font-style: normal;font-weight: 400;letter-spacing: normal;text-indent: 0px;text-transform: none;background-color: #ffffff;text-align: justify\"><span style=\"font-size: 14pt;line-height: 17.12px;font-family: Arial, sans-serif\">Para la profesora de la Escuela Rep\u00fablica de Israel, Lady D\u00edaz, la Gymkhanma Matem\u00e1tica y el lugar obtenido le pareci\u00f3 \u201cespectacular, los ni\u00f1os est\u00e1n s\u00faper contentos, se esforzaron harto, es primera vez que la escuela participa as\u00ed que estamos demasiado felices\u201d.<span style=\"text-decoration: underline\"><br \/><\/span><\/span><\/p>\n<p><span style=\"font-size: 14pt\"><\/span><\/p>\n<p class=\"m_3409747140311823316x_x_MsoNormal\" style=\"margin-top: 0px;margin-bottom: 0px;color: #000000;font-family: Calibri, Helvetica, sans-serif;font-size: 16px;font-style: normal;font-weight: 400;letter-spacing: normal;text-indent: 0px;text-transform: none;background-color: #ffffff;text-align: justify\"><span style=\"font-size: 14pt;line-height: 17.12px;font-family: Arial, sans-serif\">Eduardo Elgueda, profesor del Arica College, indic\u00f3 que est\u00e1n \u201corgullosos de haber hecho bien el trabajo durante varios a\u00f1os, todo es fruto de un esfuerzo conjunto, tanto de los ni\u00f1os por su participaci\u00f3n tanto como nosotros\u201d.<span style=\"text-decoration: underline\"><br \/><\/span><\/span><\/p>\n<p><span style=\"font-size: 14pt\"><\/span><\/p>\n<p class=\"m_3409747140311823316x_x_MsoNormal\" style=\"margin-top: 0px;margin-bottom: 0px;color: #000000;font-family: Calibri, Helvetica, sans-serif;font-size: 16px;font-style: normal;font-weight: 400;letter-spacing: normal;text-indent: 0px;text-transform: none;background-color: #ffffff;text-align: justify\"><span style=\"font-size: 14pt;line-height: 17.12px;font-family: Arial, sans-serif\">Del Colegio Chile Norte, la profesora Cindy Samit, particip\u00f3 por primera vez, indicando que \u201clo encuentro s\u00faper entretenido y did\u00e1ctico para los ni\u00f1os, es una actividad recreativa para ellos, que no tienen muchas posibilidades de acceder a ellas, porque no se toma mucho en cuenta la matem\u00e1tica\u201d.<span style=\"text-decoration: underline\"><br \/><\/span><\/span><\/p>\n<p><span style=\"font-size: 14pt\"><\/span><\/p>\n<p class=\"m_3409747140311823316x_x_MsoNormal\" style=\"margin-top: 0px;margin-bottom: 0px;color: #000000;font-family: Calibri, Helvetica, sans-serif;font-size: 16px;font-style: normal;font-weight: 400;letter-spacing: normal;text-indent: 0px;text-transform: none;background-color: #ffffff;text-align: justify\"><span style=\"font-size: 14pt;line-height: 17.12px;font-family: Arial, sans-serif\">El profesor del Arica College, Eduardo B\u00e1ez, manifest\u00f3 que \u201ccada vez vemos m\u00e1s colegios y la verdad es que nos gusta bastante poder participar en estas actividades distintas. Creo que se aprende matem\u00e1ticas a trav\u00e9s de la gymkhana, adem\u00e1s el compa\u00f1erismo y el trabajo en grupo\u201d.<span style=\"text-decoration: underline\"><br \/><\/span><\/span><\/p>\n<p><span style=\"font-size: 14pt\"><\/span><\/p>\n<p class=\"m_3409747140311823316x_x_MsoNormal\" style=\"margin-top: 0px;margin-bottom: 0px;color: #000000;font-family: Calibri, Helvetica, sans-serif;font-size: 16px;font-style: normal;font-weight: 400;letter-spacing: normal;text-indent: 0px;text-transform: none;background-color: #ffffff;text-align: justify\"><span style=\"font-size: 14pt;line-height: 17.12px;font-family: Arial, sans-serif\">Por primera vez, el profesor Mikel Veliz del Colegio Italiano Santa Ana, particip\u00f3 con 32 alumnas en todos los niveles y considera que \u201ces entretenido para las alumnas porque aprenden, no nos preparamos pero igual ten\u00edan que saber matem\u00e1ticas\u201d.<span style=\"text-decoration: underline\"><br \/><\/span><\/span><\/p>\n<p class=\"m_3409747140311823316x_x_MsoNormal\" style=\"margin-top: 0px;margin-bottom: 0px;color: #000000;font-family: Calibri, Helvetica, sans-serif;font-size: 16px;font-style: normal;font-weight: 400;letter-spacing: normal;text-indent: 0px;text-transform: none;background-color: #ffffff;text-align: justify\"><span style=\"font-size: 14pt;line-height: 17.12px;font-family: Arial, sans-serif\"><\/span><\/p>\n<p class=\"m_3409747140311823316x_x_MsoNormal\" style=\"margin-top: 0px;margin-bottom: 0px;color: #000000;font-family: Calibri, Helvetica, sans-serif;font-size: 16px;font-style: normal;font-weight: 400;letter-spacing: normal;text-indent: 0px;text-transform: none;background-color: #ffffff;text-align: justify\"><span style=\"font-size: 14pt;line-height: 17.12px;font-family: Arial, sans-serif\">ACTORES PRINCIPALES OPINAN<span style=\"text-decoration: underline\"><br \/><\/span><\/span><\/p>\n<p><span style=\"font-size: 14pt\"><\/span><\/p>\n<p class=\"m_3409747140311823316x_x_MsoNormal\" style=\"margin-top: 0px;margin-bottom: 0px;color: #000000;font-family: Calibri, Helvetica, sans-serif;font-size: 16px;font-style: normal;font-weight: 400;letter-spacing: normal;text-indent: 0px;text-transform: none;background-color: #ffffff;text-align: justify\"><span style=\"font-size: 14pt;line-height: 17.12px;font-family: Arial, sans-serif\">Diversas fueron las opiniones de los estudiantes que participaron en la Gymkhana Matem\u00e1tica. Solange Rivera del Colegio Centenario: \u201cla pas\u00e9 muy bien, fue muy entretenida\u201d. Por su parte, la alumna Marelyn Alave, de la Escuela Dar\u00edo Salas D\u00edaz, indic\u00f3 que \u201chay m\u00e1s gente que el a\u00f1o pasado\u201d. Layontt Ruiz del Colegio Chile Norte, dijo que es primera vez que participa y que \u201cme pareci\u00f3 interesante y buena porque adem\u00e1s me escogieron, significa que ya nos est\u00e1n considerando como personas que saben matem\u00e1ticas y esto nos prepara para futuros competiciones. La experiencia de las estaciones y resolver problemas nos va a servir para prepararnos y m\u00e1s adelante saber resolver problemas que quiz\u00e1s no resolvimos ahora\u201d.<span style=\"text-decoration: underline\"><br \/><\/span><\/span><\/p>\n<p><span style=\"font-size: 14pt\"><\/span><\/p>\n<p class=\"m_3409747140311823316x_x_MsoNormal\" style=\"margin-top: 0px;margin-bottom: 0px;color: #000000;font-family: Calibri, Helvetica, sans-serif;font-size: 16px;font-style: normal;font-weight: 400;letter-spacing: normal;text-indent: 0px;text-transform: none;background-color: #ffffff;text-align: justify\"><span style=\"font-size: 14pt;line-height: 17.12px;font-family: Arial, sans-serif\">Benjam\u00edn Novoa de la Escuela Rep\u00fablica de Israel, destac\u00f3 que le gust\u00f3 trabajar en equipo con su grupo, \u201caprend\u00ed tambi\u00e9n y estoy feliz\u201d. Sebasti\u00e1n Jara del Arica College manifest\u00f3 \u201ces una actividad bastante interesante porque se re\u00fanen varios colegios y uno puede compartir con otros j\u00f3venes a los que le interesa la matem\u00e1tica, es una actividad de pensamiento y aplicaci\u00f3n, se eval\u00faa otras habilidades que uno no puede desarrollar\u201d. Motivado para volver, fue la idea q<br \/>\nue plante\u00f3 Benjam\u00edn Gonz\u00e1lez del Colegio San Marcos, adem\u00e1s dijo que \u201cel evento en s\u00ed est\u00e1 s\u00faper bien organizado y es una buena forma que los ni\u00f1os hagan matem\u00e1tica entretenida\u201d.<span style=\"text-decoration: underline\"><br \/><\/span><\/span><\/p>\n<p><span style=\"font-size: 14pt\"><\/span><\/p>\n<p class=\"m_3409747140311823316x_x_MsoNormal\" style=\"margin-top: 0px;margin-bottom: 0px;color: #000000;font-family: Calibri, Helvetica, sans-serif;font-size: 16px;font-style: normal;font-weight: 400;letter-spacing: normal;text-indent: 0px;text-transform: none;background-color: #ffffff;text-align: justify\"><span style=\"font-size: 14pt;line-height: 17.12px;font-family: Arial, sans-serif\">Byron Viza del Liceo Art\u00edstico opin\u00f3 que la gymkhana fue \u201cs\u00faper buena, los compa\u00f1eros y contrincantes nos compart\u00edamos las opiniones que ten\u00edamos\u201d. Del mismo liceo, Tom\u00e1s Utreras, \u201cfue una buena actividad para reforzar el compa\u00f1erismo, nos apoyamos, compartimos opiniones y las decisiones se tomaban en todo el grupo\u201d. Finalmente, Carla Leiva del Colegio Santa Ana, \u201chab\u00eda preguntas que no sab\u00edamos muy bien, pero salimos igual adelante\u201d.<span style=\"text-decoration: underline\"><br \/><\/span><\/span><\/p>\n<p>&nbsp;<\/p>\n<p class=\"m_3409747140311823316x_x_MsoNormal\" style=\"margin-top: 0px;margin-bottom: 0px;color: #000000;font-family: Calibri, Helvetica, sans-serif;font-size: 16px;font-style: normal;font-weight: 400;letter-spacing: normal;text-indent: 0px;text-transform: none;background-color: #ffffff;text-align: justify\"><span style=\"font-size: 14pt;line-height: 17.12px;font-family: Arial, sans-serif\">Una ma\u00f1ana de Gymkhana Matem\u00e1tica, dej\u00f3 instaurados los deseos de una pr\u00f3xima versi\u00f3n en el a\u00f1o que viene, algunos se repetir\u00e1n la experiencia y otras la vivir\u00e1n por primera vez, lo que no ocurrir\u00e1 es que alguien la olvide.<\/span><\/p>\n<p><span style=\"font-size: 14pt\"><\/span><\/p>\n<p><img loading=\"lazy\" decoding=\"async\" class=\" size-full wp-image-35380\" src=\"https:\/\/dev.explora.cl\/wp-content\/uploads\/2018\/08\/Collage_Gymkhana_Matematica.jpg\" alt=\"Collage Gymkhana Matematica\" width=\"900\" height=\"300\" \/><\/p>\n","protected":false},"excerpt":{"rendered":"<p>Una multitud se concentr\u00f3 en las canchas de la UTA para participar de una actividad en que las matem\u00e1ticas generaron&nbsp;carreras de una estaci\u00f3n a otra. &nbsp; Desarrollar ejercicios matem\u00e1ticos y luego correr haciendo posta para entregarlos y obtener un posterior puntaje, fue la din\u00e1mica que se vivi\u00f3 durante mediod\u00eda en las canchas de pasto del [&hellip;]<\/p>\n","protected":false},"author":2,"featured_media":0,"comment_status":"open","ping_status":"open","sticky":false,"template":"","format":"standard","meta":{"_acf_changed":false,"_exactmetrics_skip_tracking":false,"_exactmetrics_sitenote_active":false,"_exactmetrics_sitenote_note":"","_exactmetrics_sitenote_category":0,"footnotes":"","_links_to":"","_links_to_target":""},"categories":[4],"tags":[],"class_list":["post-32465","post","type-post","status-publish","format-standard","hentry","category-noticias"],"acf":[],"yoast_head":"<!-- This site is optimized with the Yoast SEO plugin v26.7 - https:\/\/yoast.com\/wordpress\/plugins\/seo\/ -->\n<title>Gymkhana Matem\u00e1tica cautiv\u00f3 a m\u00e1s de 500 asistentes - Arica y Parinacota<\/title>\n<meta name=\"robots\" content=\"index, follow, max-snippet:-1, max-image-preview:large, max-video-preview:-1\" \/>\n<link rel=\"canonical\" href=\"https:\/\/dev.explora.cl\/aricayparinacota\/gymkhana-matematica-cautivo-a-mas-de-500-asistentes\/\" class=\"yoast-seo-meta-tag\" \/>\n<meta property=\"og:locale\" content=\"es_ES\" class=\"yoast-seo-meta-tag\" \/>\n<meta property=\"og:type\" content=\"article\" class=\"yoast-seo-meta-tag\" \/>\n<meta property=\"og:title\" content=\"Gymkhana Matem\u00e1tica cautiv\u00f3 a m\u00e1s de 500 asistentes - Arica y Parinacota\" class=\"yoast-seo-meta-tag\" \/>\n<meta property=\"og:description\" content=\"Una multitud se concentr\u00f3 en las canchas de la UTA para participar de una actividad en que las matem\u00e1ticas generaron&nbsp;carreras de una estaci\u00f3n a otra. &nbsp; Desarrollar ejercicios matem\u00e1ticos y luego correr haciendo posta para entregarlos y obtener un posterior puntaje, fue la din\u00e1mica que se vivi\u00f3 durante mediod\u00eda en las canchas de pasto del [&hellip;]\" class=\"yoast-seo-meta-tag\" \/>\n<meta property=\"og:url\" content=\"https:\/\/dev.explora.cl\/aricayparinacota\/gymkhana-matematica-cautivo-a-mas-de-500-asistentes\/\" class=\"yoast-seo-meta-tag\" \/>\n<meta property=\"og:site_name\" content=\"Arica y Parinacota\" class=\"yoast-seo-meta-tag\" \/>\n<meta property=\"article:published_time\" content=\"2018-11-24T23:31:51+00:00\" class=\"yoast-seo-meta-tag\" \/>\n<meta property=\"article:modified_time\" content=\"2019-05-09T21:36:53+00:00\" class=\"yoast-seo-meta-tag\" \/>\n<meta name=\"author\" content=\"webman\" class=\"yoast-seo-meta-tag\" \/>\n<meta name=\"twitter:card\" content=\"summary_large_image\" class=\"yoast-seo-meta-tag\" \/>\n<meta name=\"twitter:label1\" content=\"Escrito por\" class=\"yoast-seo-meta-tag\" \/>\n\t<meta name=\"twitter:data1\" content=\"webman\" class=\"yoast-seo-meta-tag\" \/>\n\t<meta name=\"twitter:label2\" content=\"Tiempo estimado de lectura\" class=\"yoast-seo-meta-tag\" \/>\n\t<meta name=\"twitter:data2\" content=\"6 minutos\" class=\"yoast-seo-meta-tag\" \/>\n<script type=\"application\/ld+json\" class=\"yoast-schema-graph\">{\"@context\":\"https:\/\/schema.org\",\"@graph\":[{\"@type\":\"Article\",\"@id\":\"https:\/\/dev.explora.cl\/aricayparinacota\/gymkhana-matematica-cautivo-a-mas-de-500-asistentes\/#article\",\"isPartOf\":{\"@id\":\"https:\/\/dev.explora.cl\/aricayparinacota\/gymkhana-matematica-cautivo-a-mas-de-500-asistentes\/\"},\"author\":{\"name\":\"webman\",\"@id\":\"https:\/\/dev.explora.cl\/aricayparinacota\/#\/schema\/person\/cb8349c13ea2d324080adf8480d7ba5d\"},\"headline\":\"Gymkhana Matem\u00e1tica cautiv\u00f3 a m\u00e1s de 500 asistentes\",\"datePublished\":\"2018-11-24T23:31:51+00:00\",\"dateModified\":\"2019-05-09T21:36:53+00:00\",\"mainEntityOfPage\":{\"@id\":\"https:\/\/dev.explora.cl\/aricayparinacota\/gymkhana-matematica-cautivo-a-mas-de-500-asistentes\/\"},\"wordCount\":1136,\"commentCount\":0,\"publisher\":{\"@id\":\"https:\/\/dev.explora.cl\/aricayparinacota\/#organization\"},\"image\":{\"@id\":\"https:\/\/dev.explora.cl\/aricayparinacota\/gymkhana-matematica-cautivo-a-mas-de-500-asistentes\/#primaryimage\"},\"thumbnailUrl\":\"https:\/\/dev.explora.cl\/wp-content\/uploads\/2018\/08\/Collage_Gymkhana_Matematica.jpg\",\"articleSection\":[\"Noticias\"],\"inLanguage\":\"es-CL\",\"potentialAction\":[{\"@type\":\"CommentAction\",\"name\":\"Comment\",\"target\":[\"https:\/\/dev.explora.cl\/aricayparinacota\/gymkhana-matematica-cautivo-a-mas-de-500-asistentes\/#respond\"]}]},{\"@type\":\"WebPage\",\"@id\":\"https:\/\/dev.explora.cl\/aricayparinacota\/gymkhana-matematica-cautivo-a-mas-de-500-asistentes\/\",\"url\":\"https:\/\/dev.explora.cl\/aricayparinacota\/gymkhana-matematica-cautivo-a-mas-de-500-asistentes\/\",\"name\":\"Gymkhana Matem\u00e1tica cautiv\u00f3 a m\u00e1s de 500 asistentes - Arica y Parinacota\",\"isPartOf\":{\"@id\":\"https:\/\/dev.explora.cl\/aricayparinacota\/#website\"},\"primaryImageOfPage\":{\"@id\":\"https:\/\/dev.explora.cl\/aricayparinacota\/gymkhana-matematica-cautivo-a-mas-de-500-asistentes\/#primaryimage\"},\"image\":{\"@id\":\"https:\/\/dev.explora.cl\/aricayparinacota\/gymkhana-matematica-cautivo-a-mas-de-500-asistentes\/#primaryimage\"},\"thumbnailUrl\":\"https:\/\/dev.explora.cl\/wp-content\/uploads\/2018\/08\/Collage_Gymkhana_Matematica.jpg\",\"datePublished\":\"2018-11-24T23:31:51+00:00\",\"dateModified\":\"2019-05-09T21:36:53+00:00\",\"breadcrumb\":{\"@id\":\"https:\/\/dev.explora.cl\/aricayparinacota\/gymkhana-matematica-cautivo-a-mas-de-500-asistentes\/#breadcrumb\"},\"inLanguage\":\"es-CL\",\"potentialAction\":[{\"@type\":\"ReadAction\",\"target\":[\"https:\/\/dev.explora.cl\/aricayparinacota\/gymkhana-matematica-cautivo-a-mas-de-500-asistentes\/\"]}]},{\"@type\":\"ImageObject\",\"inLanguage\":\"es-CL\",\"@id\":\"https:\/\/dev.explora.cl\/aricayparinacota\/gymkhana-matematica-cautivo-a-mas-de-500-asistentes\/#primaryimage\",\"url\":\"https:\/\/dev.explora.cl\/wp-content\/uploads\/2018\/08\/Collage_Gymkhana_Matematica.jpg\",\"contentUrl\":\"https:\/\/dev.explora.cl\/wp-content\/uploads\/2018\/08\/Collage_Gymkhana_Matematica.jpg\"},{\"@type\":\"BreadcrumbList\",\"@id\":\"https:\/\/dev.explora.cl\/aricayparinacota\/gymkhana-matematica-cautivo-a-mas-de-500-asistentes\/#breadcrumb\",\"itemListElement\":[{\"@type\":\"ListItem\",\"position\":1,\"name\":\"Portada\",\"item\":\"https:\/\/dev.explora.cl\/aricayparinacota\/\"},{\"@type\":\"ListItem\",\"position\":2,\"name\":\"Gymkhana Matem\u00e1tica cautiv\u00f3 a m\u00e1s de 500 asistentes\"}]},{\"@type\":\"WebSite\",\"@id\":\"https:\/\/dev.explora.cl\/aricayparinacota\/#website\",\"url\":\"https:\/\/dev.explora.cl\/aricayparinacota\/\",\"name\":\"Arica y Parinacota\",\"description\":\"Otro sitio m\u00e1s de dev.explora.cl\",\"publisher\":{\"@id\":\"https:\/\/dev.explora.cl\/aricayparinacota\/#organization\"},\"potentialAction\":[{\"@type\":\"SearchAction\",\"target\":{\"@type\":\"EntryPoint\",\"urlTemplate\":\"https:\/\/dev.explora.cl\/aricayparinacota\/?s={search_term_string}\"},\"query-input\":{\"@type\":\"PropertyValueSpecification\",\"valueRequired\":true,\"valueName\":\"search_term_string\"}}],\"inLanguage\":\"es-CL\"},{\"@type\":\"Organization\",\"@id\":\"https:\/\/dev.explora.cl\/aricayparinacota\/#organization\",\"name\":\"Arica y Parinacota\",\"url\":\"https:\/\/dev.explora.cl\/aricayparinacota\/\",\"logo\":{\"@type\":\"ImageObject\",\"inLanguage\":\"es-CL\",\"@id\":\"https:\/\/dev.explora.cl\/aricayparinacota\/#\/schema\/logo\/image\/\",\"url\":\"https:\/\/dev.explora.cl\/aricayparinacota\/wp-content\/uploads\/sites\/2\/2020\/08\/cropped-nuevosa-logos-11.png\",\"contentUrl\":\"https:\/\/dev.explora.cl\/aricayparinacota\/wp-content\/uploads\/sites\/2\/2020\/08\/cropped-nuevosa-logos-11.png\",\"width\":812,\"height\":937,\"caption\":\"Arica y Parinacota\"},\"image\":{\"@id\":\"https:\/\/dev.explora.cl\/aricayparinacota\/#\/schema\/logo\/image\/\"}},{\"@type\":\"Person\",\"@id\":\"https:\/\/dev.explora.cl\/aricayparinacota\/#\/schema\/person\/cb8349c13ea2d324080adf8480d7ba5d\",\"name\":\"webman\",\"image\":{\"@type\":\"ImageObject\",\"inLanguage\":\"es-CL\",\"@id\":\"https:\/\/dev.explora.cl\/aricayparinacota\/#\/schema\/person\/image\/\",\"url\":\"https:\/\/secure.gravatar.com\/avatar\/eeff3c82f2c02f7177d13663b7e6f890e9a6a0647ce9bb29cae02dcb094c7312?s=96&d=mm&r=g\",\"contentUrl\":\"https:\/\/secure.gravatar.com\/avatar\/eeff3c82f2c02f7177d13663b7e6f890e9a6a0647ce9bb29cae02dcb094c7312?s=96&d=mm&r=g\",\"caption\":\"webman\"},\"url\":\"https:\/\/dev.explora.cl\/aricayparinacota\/author\/webman\/\"}]}<\/script>\n<!-- \/ Yoast SEO plugin. -->","yoast_head_json":{"title":"Gymkhana Matem\u00e1tica cautiv\u00f3 a m\u00e1s de 500 asistentes - Arica y Parinacota","robots":{"index":"index","follow":"follow","max-snippet":"max-snippet:-1","max-image-preview":"max-image-preview:large","max-video-preview":"max-video-preview:-1"},"canonical":"https:\/\/dev.explora.cl\/aricayparinacota\/gymkhana-matematica-cautivo-a-mas-de-500-asistentes\/","og_locale":"es_ES","og_type":"article","og_title":"Gymkhana Matem\u00e1tica cautiv\u00f3 a m\u00e1s de 500 asistentes - Arica y Parinacota","og_description":"Una multitud se concentr\u00f3 en las canchas de la UTA para participar de una actividad en que las matem\u00e1ticas generaron&nbsp;carreras de una estaci\u00f3n a otra. &nbsp; Desarrollar ejercicios matem\u00e1ticos y luego correr haciendo posta para entregarlos y obtener un posterior puntaje, fue la din\u00e1mica que se vivi\u00f3 durante mediod\u00eda en las canchas de pasto del [&hellip;]","og_url":"https:\/\/dev.explora.cl\/aricayparinacota\/gymkhana-matematica-cautivo-a-mas-de-500-asistentes\/","og_site_name":"Arica y Parinacota","article_published_time":"2018-11-24T23:31:51+00:00","article_modified_time":"2019-05-09T21:36:53+00:00","author":"webman","twitter_card":"summary_large_image","twitter_misc":{"Escrito por":"webman","Tiempo estimado de lectura":"6 minutos"},"schema":{"@context":"https:\/\/schema.org","@graph":[{"@type":"Article","@id":"https:\/\/dev.explora.cl\/aricayparinacota\/gymkhana-matematica-cautivo-a-mas-de-500-asistentes\/#article","isPartOf":{"@id":"https:\/\/dev.explora.cl\/aricayparinacota\/gymkhana-matematica-cautivo-a-mas-de-500-asistentes\/"},"author":{"name":"webman","@id":"https:\/\/dev.explora.cl\/aricayparinacota\/#\/schema\/person\/cb8349c13ea2d324080adf8480d7ba5d"},"headline":"Gymkhana Matem\u00e1tica cautiv\u00f3 a m\u00e1s de 500 asistentes","datePublished":"2018-11-24T23:31:51+00:00","dateModified":"2019-05-09T21:36:53+00:00","mainEntityOfPage":{"@id":"https:\/\/dev.explora.cl\/aricayparinacota\/gymkhana-matematica-cautivo-a-mas-de-500-asistentes\/"},"wordCount":1136,"commentCount":0,"publisher":{"@id":"https:\/\/dev.explora.cl\/aricayparinacota\/#organization"},"image":{"@id":"https:\/\/dev.explora.cl\/aricayparinacota\/gymkhana-matematica-cautivo-a-mas-de-500-asistentes\/#primaryimage"},"thumbnailUrl":"https:\/\/dev.explora.cl\/wp-content\/uploads\/2018\/08\/Collage_Gymkhana_Matematica.jpg","articleSection":["Noticias"],"inLanguage":"es-CL","potentialAction":[{"@type":"CommentAction","name":"Comment","target":["https:\/\/dev.explora.cl\/aricayparinacota\/gymkhana-matematica-cautivo-a-mas-de-500-asistentes\/#respond"]}]},{"@type":"WebPage","@id":"https:\/\/dev.explora.cl\/aricayparinacota\/gymkhana-matematica-cautivo-a-mas-de-500-asistentes\/","url":"https:\/\/dev.explora.cl\/aricayparinacota\/gymkhana-matematica-cautivo-a-mas-de-500-asistentes\/","name":"Gymkhana Matem\u00e1tica cautiv\u00f3 a m\u00e1s de 500 asistentes - Arica y Parinacota","isPartOf":{"@id":"https:\/\/dev.explora.cl\/aricayparinacota\/#website"},"primaryImageOfPage":{"@id":"https:\/\/dev.explora.cl\/aricayparinacota\/gymkhana-matematica-cautivo-a-mas-de-500-asistentes\/#primaryimage"},"image":{"@id":"https:\/\/dev.explora.cl\/aricayparinacota\/gymkhana-matematica-cautivo-a-mas-de-500-asistentes\/#primaryimage"},"thumbnailUrl":"https:\/\/dev.explora.cl\/wp-content\/uploads\/2018\/08\/Collage_Gymkhana_Matematica.jpg","datePublished":"2018-11-24T23:31:51+00:00","dateModified":"2019-05-09T21:36:53+00:00","breadcrumb":{"@id":"https:\/\/dev.explora.cl\/aricayparinacota\/gymkhana-matematica-cautivo-a-mas-de-500-asistentes\/#breadcrumb"},"inLanguage":"es-CL","potentialAction":[{"@type":"ReadAction","target":["https:\/\/dev.explora.cl\/aricayparinacota\/gymkhana-matematica-cautivo-a-mas-de-500-asistentes\/"]}]},{"@type":"ImageObject","inLanguage":"es-CL","@id":"https:\/\/dev.explora.cl\/aricayparinacota\/gymkhana-matematica-cautivo-a-mas-de-500-asistentes\/#primaryimage","url":"https:\/\/dev.explora.cl\/wp-content\/uploads\/2018\/08\/Collage_Gymkhana_Matematica.jpg","contentUrl":"https:\/\/dev.explora.cl\/wp-content\/uploads\/2018\/08\/Collage_Gymkhana_Matematica.jpg"},{"@type":"BreadcrumbList","@id":"https:\/\/dev.explora.cl\/aricayparinacota\/gymkhana-matematica-cautivo-a-mas-de-500-asistentes\/#breadcrumb","itemListElement":[{"@type":"ListItem","position":1,"name":"Portada","item":"https:\/\/dev.explora.cl\/aricayparinacota\/"},{"@type":"ListItem","position":2,"name":"Gymkhana Matem\u00e1tica cautiv\u00f3 a m\u00e1s de 500 asistentes"}]},{"@type":"WebSite","@id":"https:\/\/dev.explora.cl\/aricayparinacota\/#website","url":"https:\/\/dev.explora.cl\/aricayparinacota\/","name":"Arica y Parinacota","description":"Otro sitio m\u00e1s de dev.explora.cl","publisher":{"@id":"https:\/\/dev.explora.cl\/aricayparinacota\/#organization"},"potentialAction":[{"@type":"SearchAction","target":{"@type":"EntryPoint","urlTemplate":"https:\/\/dev.explora.cl\/aricayparinacota\/?s={search_term_string}"},"query-input":{"@type":"PropertyValueSpecification","valueRequired":true,"valueName":"search_term_string"}}],"inLanguage":"es-CL"},{"@type":"Organization","@id":"https:\/\/dev.explora.cl\/aricayparinacota\/#organization","name":"Arica y Parinacota","url":"https:\/\/dev.explora.cl\/aricayparinacota\/","logo":{"@type":"ImageObject","inLanguage":"es-CL","@id":"https:\/\/dev.explora.cl\/aricayparinacota\/#\/schema\/logo\/image\/","url":"https:\/\/dev.explora.cl\/aricayparinacota\/wp-content\/uploads\/sites\/2\/2020\/08\/cropped-nuevosa-logos-11.png","contentUrl":"https:\/\/dev.explora.cl\/aricayparinacota\/wp-content\/uploads\/sites\/2\/2020\/08\/cropped-nuevosa-logos-11.png","width":812,"height":937,"caption":"Arica y Parinacota"},"image":{"@id":"https:\/\/dev.explora.cl\/aricayparinacota\/#\/schema\/logo\/image\/"}},{"@type":"Person","@id":"https:\/\/dev.explora.cl\/aricayparinacota\/#\/schema\/person\/cb8349c13ea2d324080adf8480d7ba5d","name":"webman","image":{"@type":"ImageObject","inLanguage":"es-CL","@id":"https:\/\/dev.explora.cl\/aricayparinacota\/#\/schema\/person\/image\/","url":"https:\/\/secure.gravatar.com\/avatar\/eeff3c82f2c02f7177d13663b7e6f890e9a6a0647ce9bb29cae02dcb094c7312?s=96&d=mm&r=g","contentUrl":"https:\/\/secure.gravatar.com\/avatar\/eeff3c82f2c02f7177d13663b7e6f890e9a6a0647ce9bb29cae02dcb094c7312?s=96&d=mm&r=g","caption":"webman"},"url":"https:\/\/dev.explora.cl\/aricayparinacota\/author\/webman\/"}]}},"_links":{"self":[{"href":"https:\/\/dev.explora.cl\/aricayparinacota\/wp-json\/wp\/v2\/posts\/32465","targetHints":{"allow":["GET"]}}],"collection":[{"href":"https:\/\/dev.explora.cl\/aricayparinacota\/wp-json\/wp\/v2\/posts"}],"about":[{"href":"https:\/\/dev.explora.cl\/aricayparinacota\/wp-json\/wp\/v2\/types\/post"}],"author":[{"embeddable":true,"href":"https:\/\/dev.explora.cl\/aricayparinacota\/wp-json\/wp\/v2\/users\/2"}],"replies":[{"embeddable":true,"href":"https:\/\/dev.explora.cl\/aricayparinacota\/wp-json\/wp\/v2\/comments?post=32465"}],"version-history":[{"count":1,"href":"https:\/\/dev.explora.cl\/aricayparinacota\/wp-json\/wp\/v2\/posts\/32465\/revisions"}],"predecessor-version":[{"id":33697,"href":"https:\/\/dev.explora.cl\/aricayparinacota\/wp-json\/wp\/v2\/posts\/32465\/revisions\/33697"}],"wp:attachment":[{"href":"https:\/\/dev.explora.cl\/aricayparinacota\/wp-json\/wp\/v2\/media?parent=32465"}],"wp:term":[{"taxonomy":"category","embeddable":true,"href":"https:\/\/dev.explora.cl\/aricayparinacota\/wp-json\/wp\/v2\/categories?post=32465"},{"taxonomy":"post_tag","embeddable":true,"href":"https:\/\/dev.explora.cl\/aricayparinacota\/wp-json\/wp\/v2\/tags?post=32465"}],"curies":[{"name":"wp","href":"https:\/\/api.w.org\/{rel}","templated":true}]}}