{"id":32460,"date":"2018-11-24T23:31:51","date_gmt":"2018-11-24T23:31:51","guid":{"rendered":"https:\/\/dev.explora.cl\/aricayparinacota\/blog\/2018\/11\/24\/cuando-se-baila-al-ritmo-de-los-numeros\/"},"modified":"2019-05-09T21:36:46","modified_gmt":"2019-05-09T21:36:46","slug":"cuando-se-baila-al-ritmo-de-los-numeros","status":"publish","type":"post","link":"https:\/\/dev.explora.cl\/aricayparinacota\/cuando-se-baila-al-ritmo-de-los-numeros\/","title":{"rendered":"Cuando se baila al ritmo de los n\u00fameros"},"content":{"rendered":"<p><span style=\"font-size: 14pt\"><em><strong><span style=\"color: #000000;font-family: Arial, sans-serif;letter-spacing: normal;text-align: justify;text-indent: 0px;text-transform: none;background-color: #ffffff;float: none\">Inscripciones abiertas para participar en la zumba matem\u00e1tica<\/span><\/strong><\/em><\/span><\/p>\n<p><span style=\"font-size: 14pt\"><em>\u00bfQu\u00e9 relaci\u00f3n existe entre la zumba y la matem\u00e1tica? Tal vez hace unos a\u00f1os era impensado articular dos actividades humanas tan distintas, pero hoy ya es una realidad.<\/em><\/span><\/p>\n<p><span style=\"font-size: 14pt\">\u201cSi cre\u00edas que la matem\u00e1tica era aburrida, es porque no has estudiado la funci\u00f3n exponencial o la funci\u00f3n lineal, con el ritmo de una zumba, por ejemplo\u201d. Es la acotaci\u00f3n de la Dra. M\u00f3nica Navarrete, directora del Proyecto Asociativo Regional Explora de Conicyt, que ejecuta la Universidad de Tarapac\u00e1. Junto a los acad\u00e9micos del Departamento de Matem\u00e1tica de la UTA, crearon esta actividad adicional, relacionada a la Gymkhana Matem\u00e1tica, que se viene realizando hace dos a\u00f1os con una convocatoria de m\u00e1s de 400 estudiantes en una competencia l\u00fadica de habilidad matem\u00e1tica,&nbsp;que naci\u00f3 con el&nbsp;apoyo de la Escuela de Pensamiento Matem\u00e1tico Miguel de Guzm\u00e1n de Madrid-Espa\u00f1a.<\/span><\/p>\n<p><span style=\"font-size: 14pt\">La III Competencia Escolar de Matem\u00e1tica o \u201cGymkhana Escolar Matem\u00e1tica\u201d, busca promover la ense\u00f1anza y el aprendizaje de las matem\u00e1ticas de forma divertida, colaborativa y creativa en los estudiantes de la regi\u00f3n de 5to b\u00e1sico a 4to medio de establecimientos educacionales p\u00fablicos, particulares subvencionados o particulares de la regi\u00f3n.<\/span><\/p>\n<p><span style=\"font-size: 14pt\">ZUMBA MATEM\u00c1TICA<\/span><\/p>\n<p><span style=\"font-size: 14pt\">En Arica \u00e9ste es el primer a\u00f1o que se efect\u00faa la zumba matem\u00e1tica, en la que se crea una simbiosis de la matem\u00e1tica con el cuerpo humano, mediante el baile y nuevas conexiones neuronales, que permiten a los estudiantes identificar los gr\u00e1ficos de funciones.<\/span><\/p>\n<p><span style=\"font-size: 14pt\">\u00bfQu\u00e9 dificultades existen en la zumba matem\u00e1tica? \u201cHay que vencer la verg\u00fcenza al rid\u00edculo y la timidez. Claramente hay que dedicarle tiempo para aprender los m\u00e9todos de graficaci\u00f3n de funciones\u201d, indic\u00f3 el acad\u00e9mico de la UTA, Rub\u00e9n L\u00f3pez.<\/span><\/p>\n<p><span style=\"font-size: 14pt\">A\u00fan es posible inscribir los equipos para la zumba matem\u00e1tica, los que deben tener una conformaci\u00f3n mixta y nombres alusivos a alg\u00fan personaje o tem\u00e1tica relacionada con las matem\u00e1ticas. La gymkhana y la zumba matem\u00e1tica con sus funciones elementales tienen distintos reglamentos, los que pueden ser solicitados al correo&nbsp;<a href=\"mailto:uta.gymkhana@gmail.com\">uta.gymkhana@gmail.com<\/a>, con el encargado de divulgaci\u00f3n de la ciencia y tecnolog\u00eda, Robert Cornejo.<\/span><\/p>\n<p><span style=\"font-size: 14pt\">Ambas actividades se efectuar\u00e1n el viernes 17 de agosto desde las 08:30 horas en adelante, en la Cancha N\u00b0 3 Estadio Carlos Dittborn.<\/span><\/p>\n<p><span style=\"color: #000000;font-family: Arial, sans-serif;font-size: 16px;font-style: normal;font-weight: 400;letter-spacing: normal;text-align: justify;text-indent: 0px;text-transform: none;background-color: #ffffff;float: none\"><\/span><\/p>\n","protected":false},"excerpt":{"rendered":"<p>Inscripciones abiertas para participar en la zumba matem\u00e1tica \u00bfQu\u00e9 relaci\u00f3n existe entre la zumba y la matem\u00e1tica? Tal vez hace unos a\u00f1os era impensado articular dos actividades humanas tan distintas, pero hoy ya es una realidad. \u201cSi cre\u00edas que la matem\u00e1tica era aburrida, es porque no has estudiado la funci\u00f3n exponencial o la funci\u00f3n lineal, [&hellip;]<\/p>\n","protected":false},"author":2,"featured_media":0,"comment_status":"open","ping_status":"open","sticky":false,"template":"","format":"standard","meta":{"_acf_changed":false,"_exactmetrics_skip_tracking":false,"_exactmetrics_sitenote_active":false,"_exactmetrics_sitenote_note":"","_exactmetrics_sitenote_category":0,"footnotes":"","_links_to":"","_links_to_target":""},"categories":[4],"tags":[],"class_list":["post-32460","post","type-post","status-publish","format-standard","hentry","category-noticias"],"acf":[],"yoast_head":"<!-- This site is optimized with the Yoast SEO plugin v26.7 - https:\/\/yoast.com\/wordpress\/plugins\/seo\/ -->\n<title>Cuando se baila al ritmo de los n\u00fameros - Arica y Parinacota<\/title>\n<meta name=\"robots\" content=\"index, follow, max-snippet:-1, max-image-preview:large, max-video-preview:-1\" \/>\n<link rel=\"canonical\" href=\"https:\/\/dev.explora.cl\/aricayparinacota\/cuando-se-baila-al-ritmo-de-los-numeros\/\" class=\"yoast-seo-meta-tag\" \/>\n<meta property=\"og:locale\" content=\"es_ES\" class=\"yoast-seo-meta-tag\" \/>\n<meta property=\"og:type\" content=\"article\" class=\"yoast-seo-meta-tag\" \/>\n<meta property=\"og:title\" content=\"Cuando se baila al ritmo de los n\u00fameros - Arica y Parinacota\" class=\"yoast-seo-meta-tag\" \/>\n<meta property=\"og:description\" content=\"Inscripciones abiertas para participar en la zumba matem\u00e1tica \u00bfQu\u00e9 relaci\u00f3n existe entre la zumba y la matem\u00e1tica? Tal vez hace unos a\u00f1os era impensado articular dos actividades humanas tan distintas, pero hoy ya es una realidad. \u201cSi cre\u00edas que la matem\u00e1tica era aburrida, es porque no has estudiado la funci\u00f3n exponencial o la funci\u00f3n lineal, [&hellip;]\" class=\"yoast-seo-meta-tag\" \/>\n<meta property=\"og:url\" content=\"https:\/\/dev.explora.cl\/aricayparinacota\/cuando-se-baila-al-ritmo-de-los-numeros\/\" class=\"yoast-seo-meta-tag\" \/>\n<meta property=\"og:site_name\" content=\"Arica y Parinacota\" class=\"yoast-seo-meta-tag\" \/>\n<meta property=\"article:published_time\" content=\"2018-11-24T23:31:51+00:00\" class=\"yoast-seo-meta-tag\" \/>\n<meta property=\"article:modified_time\" content=\"2019-05-09T21:36:46+00:00\" class=\"yoast-seo-meta-tag\" \/>\n<meta name=\"author\" content=\"webman\" class=\"yoast-seo-meta-tag\" \/>\n<meta name=\"twitter:card\" content=\"summary_large_image\" class=\"yoast-seo-meta-tag\" \/>\n<meta name=\"twitter:label1\" content=\"Escrito por\" class=\"yoast-seo-meta-tag\" \/>\n\t<meta name=\"twitter:data1\" content=\"webman\" class=\"yoast-seo-meta-tag\" \/>\n\t<meta name=\"twitter:label2\" content=\"Tiempo estimado de lectura\" class=\"yoast-seo-meta-tag\" \/>\n\t<meta name=\"twitter:data2\" content=\"2 minutos\" class=\"yoast-seo-meta-tag\" \/>\n<script type=\"application\/ld+json\" class=\"yoast-schema-graph\">{\"@context\":\"https:\/\/schema.org\",\"@graph\":[{\"@type\":\"Article\",\"@id\":\"https:\/\/dev.explora.cl\/aricayparinacota\/cuando-se-baila-al-ritmo-de-los-numeros\/#article\",\"isPartOf\":{\"@id\":\"https:\/\/dev.explora.cl\/aricayparinacota\/cuando-se-baila-al-ritmo-de-los-numeros\/\"},\"author\":{\"name\":\"webman\",\"@id\":\"https:\/\/dev.explora.cl\/aricayparinacota\/#\/schema\/person\/cb8349c13ea2d324080adf8480d7ba5d\"},\"headline\":\"Cuando se baila al ritmo de los n\u00fameros\",\"datePublished\":\"2018-11-24T23:31:51+00:00\",\"dateModified\":\"2019-05-09T21:36:46+00:00\",\"mainEntityOfPage\":{\"@id\":\"https:\/\/dev.explora.cl\/aricayparinacota\/cuando-se-baila-al-ritmo-de-los-numeros\/\"},\"wordCount\":424,\"commentCount\":0,\"publisher\":{\"@id\":\"https:\/\/dev.explora.cl\/aricayparinacota\/#organization\"},\"articleSection\":[\"Noticias\"],\"inLanguage\":\"es-CL\",\"potentialAction\":[{\"@type\":\"CommentAction\",\"name\":\"Comment\",\"target\":[\"https:\/\/dev.explora.cl\/aricayparinacota\/cuando-se-baila-al-ritmo-de-los-numeros\/#respond\"]}]},{\"@type\":\"WebPage\",\"@id\":\"https:\/\/dev.explora.cl\/aricayparinacota\/cuando-se-baila-al-ritmo-de-los-numeros\/\",\"url\":\"https:\/\/dev.explora.cl\/aricayparinacota\/cuando-se-baila-al-ritmo-de-los-numeros\/\",\"name\":\"Cuando se baila al ritmo de los n\u00fameros - Arica y Parinacota\",\"isPartOf\":{\"@id\":\"https:\/\/dev.explora.cl\/aricayparinacota\/#website\"},\"datePublished\":\"2018-11-24T23:31:51+00:00\",\"dateModified\":\"2019-05-09T21:36:46+00:00\",\"breadcrumb\":{\"@id\":\"https:\/\/dev.explora.cl\/aricayparinacota\/cuando-se-baila-al-ritmo-de-los-numeros\/#breadcrumb\"},\"inLanguage\":\"es-CL\",\"potentialAction\":[{\"@type\":\"ReadAction\",\"target\":[\"https:\/\/dev.explora.cl\/aricayparinacota\/cuando-se-baila-al-ritmo-de-los-numeros\/\"]}]},{\"@type\":\"BreadcrumbList\",\"@id\":\"https:\/\/dev.explora.cl\/aricayparinacota\/cuando-se-baila-al-ritmo-de-los-numeros\/#breadcrumb\",\"itemListElement\":[{\"@type\":\"ListItem\",\"position\":1,\"name\":\"Portada\",\"item\":\"https:\/\/dev.explora.cl\/aricayparinacota\/\"},{\"@type\":\"ListItem\",\"position\":2,\"name\":\"Cuando se baila al ritmo de los n\u00fameros\"}]},{\"@type\":\"WebSite\",\"@id\":\"https:\/\/dev.explora.cl\/aricayparinacota\/#website\",\"url\":\"https:\/\/dev.explora.cl\/aricayparinacota\/\",\"name\":\"Arica y Parinacota\",\"description\":\"Otro sitio m\u00e1s de dev.explora.cl\",\"publisher\":{\"@id\":\"https:\/\/dev.explora.cl\/aricayparinacota\/#organization\"},\"potentialAction\":[{\"@type\":\"SearchAction\",\"target\":{\"@type\":\"EntryPoint\",\"urlTemplate\":\"https:\/\/dev.explora.cl\/aricayparinacota\/?s={search_term_string}\"},\"query-input\":{\"@type\":\"PropertyValueSpecification\",\"valueRequired\":true,\"valueName\":\"search_term_string\"}}],\"inLanguage\":\"es-CL\"},{\"@type\":\"Organization\",\"@id\":\"https:\/\/dev.explora.cl\/aricayparinacota\/#organization\",\"name\":\"Arica y Parinacota\",\"url\":\"https:\/\/dev.explora.cl\/aricayparinacota\/\",\"logo\":{\"@type\":\"ImageObject\",\"inLanguage\":\"es-CL\",\"@id\":\"https:\/\/dev.explora.cl\/aricayparinacota\/#\/schema\/logo\/image\/\",\"url\":\"https:\/\/dev.explora.cl\/aricayparinacota\/wp-content\/uploads\/sites\/2\/2020\/08\/cropped-nuevosa-logos-11.png\",\"contentUrl\":\"https:\/\/dev.explora.cl\/aricayparinacota\/wp-content\/uploads\/sites\/2\/2020\/08\/cropped-nuevosa-logos-11.png\",\"width\":812,\"height\":937,\"caption\":\"Arica y Parinacota\"},\"image\":{\"@id\":\"https:\/\/dev.explora.cl\/aricayparinacota\/#\/schema\/logo\/image\/\"}},{\"@type\":\"Person\",\"@id\":\"https:\/\/dev.explora.cl\/aricayparinacota\/#\/schema\/person\/cb8349c13ea2d324080adf8480d7ba5d\",\"name\":\"webman\",\"image\":{\"@type\":\"ImageObject\",\"inLanguage\":\"es-CL\",\"@id\":\"https:\/\/dev.explora.cl\/aricayparinacota\/#\/schema\/person\/image\/\",\"url\":\"https:\/\/secure.gravatar.com\/avatar\/eeff3c82f2c02f7177d13663b7e6f890e9a6a0647ce9bb29cae02dcb094c7312?s=96&d=mm&r=g\",\"contentUrl\":\"https:\/\/secure.gravatar.com\/avatar\/eeff3c82f2c02f7177d13663b7e6f890e9a6a0647ce9bb29cae02dcb094c7312?s=96&d=mm&r=g\",\"caption\":\"webman\"},\"url\":\"https:\/\/dev.explora.cl\/aricayparinacota\/author\/webman\/\"}]}<\/script>\n<!-- \/ Yoast SEO plugin. -->","yoast_head_json":{"title":"Cuando se baila al ritmo de los n\u00fameros - Arica y Parinacota","robots":{"index":"index","follow":"follow","max-snippet":"max-snippet:-1","max-image-preview":"max-image-preview:large","max-video-preview":"max-video-preview:-1"},"canonical":"https:\/\/dev.explora.cl\/aricayparinacota\/cuando-se-baila-al-ritmo-de-los-numeros\/","og_locale":"es_ES","og_type":"article","og_title":"Cuando se baila al ritmo de los n\u00fameros - Arica y Parinacota","og_description":"Inscripciones abiertas para participar en la zumba matem\u00e1tica \u00bfQu\u00e9 relaci\u00f3n existe entre la zumba y la matem\u00e1tica? Tal vez hace unos a\u00f1os era impensado articular dos actividades humanas tan distintas, pero hoy ya es una realidad. \u201cSi cre\u00edas que la matem\u00e1tica era aburrida, es porque no has estudiado la funci\u00f3n exponencial o la funci\u00f3n lineal, [&hellip;]","og_url":"https:\/\/dev.explora.cl\/aricayparinacota\/cuando-se-baila-al-ritmo-de-los-numeros\/","og_site_name":"Arica y Parinacota","article_published_time":"2018-11-24T23:31:51+00:00","article_modified_time":"2019-05-09T21:36:46+00:00","author":"webman","twitter_card":"summary_large_image","twitter_misc":{"Escrito por":"webman","Tiempo estimado de lectura":"2 minutos"},"schema":{"@context":"https:\/\/schema.org","@graph":[{"@type":"Article","@id":"https:\/\/dev.explora.cl\/aricayparinacota\/cuando-se-baila-al-ritmo-de-los-numeros\/#article","isPartOf":{"@id":"https:\/\/dev.explora.cl\/aricayparinacota\/cuando-se-baila-al-ritmo-de-los-numeros\/"},"author":{"name":"webman","@id":"https:\/\/dev.explora.cl\/aricayparinacota\/#\/schema\/person\/cb8349c13ea2d324080adf8480d7ba5d"},"headline":"Cuando se baila al ritmo de los n\u00fameros","datePublished":"2018-11-24T23:31:51+00:00","dateModified":"2019-05-09T21:36:46+00:00","mainEntityOfPage":{"@id":"https:\/\/dev.explora.cl\/aricayparinacota\/cuando-se-baila-al-ritmo-de-los-numeros\/"},"wordCount":424,"commentCount":0,"publisher":{"@id":"https:\/\/dev.explora.cl\/aricayparinacota\/#organization"},"articleSection":["Noticias"],"inLanguage":"es-CL","potentialAction":[{"@type":"CommentAction","name":"Comment","target":["https:\/\/dev.explora.cl\/aricayparinacota\/cuando-se-baila-al-ritmo-de-los-numeros\/#respond"]}]},{"@type":"WebPage","@id":"https:\/\/dev.explora.cl\/aricayparinacota\/cuando-se-baila-al-ritmo-de-los-numeros\/","url":"https:\/\/dev.explora.cl\/aricayparinacota\/cuando-se-baila-al-ritmo-de-los-numeros\/","name":"Cuando se baila al ritmo de los n\u00fameros - Arica y Parinacota","isPartOf":{"@id":"https:\/\/dev.explora.cl\/aricayparinacota\/#website"},"datePublished":"2018-11-24T23:31:51+00:00","dateModified":"2019-05-09T21:36:46+00:00","breadcrumb":{"@id":"https:\/\/dev.explora.cl\/aricayparinacota\/cuando-se-baila-al-ritmo-de-los-numeros\/#breadcrumb"},"inLanguage":"es-CL","potentialAction":[{"@type":"ReadAction","target":["https:\/\/dev.explora.cl\/aricayparinacota\/cuando-se-baila-al-ritmo-de-los-numeros\/"]}]},{"@type":"BreadcrumbList","@id":"https:\/\/dev.explora.cl\/aricayparinacota\/cuando-se-baila-al-ritmo-de-los-numeros\/#breadcrumb","itemListElement":[{"@type":"ListItem","position":1,"name":"Portada","item":"https:\/\/dev.explora.cl\/aricayparinacota\/"},{"@type":"ListItem","position":2,"name":"Cuando se baila al ritmo de los n\u00fameros"}]},{"@type":"WebSite","@id":"https:\/\/dev.explora.cl\/aricayparinacota\/#website","url":"https:\/\/dev.explora.cl\/aricayparinacota\/","name":"Arica y Parinacota","description":"Otro sitio m\u00e1s de dev.explora.cl","publisher":{"@id":"https:\/\/dev.explora.cl\/aricayparinacota\/#organization"},"potentialAction":[{"@type":"SearchAction","target":{"@type":"EntryPoint","urlTemplate":"https:\/\/dev.explora.cl\/aricayparinacota\/?s={search_term_string}"},"query-input":{"@type":"PropertyValueSpecification","valueRequired":true,"valueName":"search_term_string"}}],"inLanguage":"es-CL"},{"@type":"Organization","@id":"https:\/\/dev.explora.cl\/aricayparinacota\/#organization","name":"Arica y Parinacota","url":"https:\/\/dev.explora.cl\/aricayparinacota\/","logo":{"@type":"ImageObject","inLanguage":"es-CL","@id":"https:\/\/dev.explora.cl\/aricayparinacota\/#\/schema\/logo\/image\/","url":"https:\/\/dev.explora.cl\/aricayparinacota\/wp-content\/uploads\/sites\/2\/2020\/08\/cropped-nuevosa-logos-11.png","contentUrl":"https:\/\/dev.explora.cl\/aricayparinacota\/wp-content\/uploads\/sites\/2\/2020\/08\/cropped-nuevosa-logos-11.png","width":812,"height":937,"caption":"Arica y Parinacota"},"image":{"@id":"https:\/\/dev.explora.cl\/aricayparinacota\/#\/schema\/logo\/image\/"}},{"@type":"Person","@id":"https:\/\/dev.explora.cl\/aricayparinacota\/#\/schema\/person\/cb8349c13ea2d324080adf8480d7ba5d","name":"webman","image":{"@type":"ImageObject","inLanguage":"es-CL","@id":"https:\/\/dev.explora.cl\/aricayparinacota\/#\/schema\/person\/image\/","url":"https:\/\/secure.gravatar.com\/avatar\/eeff3c82f2c02f7177d13663b7e6f890e9a6a0647ce9bb29cae02dcb094c7312?s=96&d=mm&r=g","contentUrl":"https:\/\/secure.gravatar.com\/avatar\/eeff3c82f2c02f7177d13663b7e6f890e9a6a0647ce9bb29cae02dcb094c7312?s=96&d=mm&r=g","caption":"webman"},"url":"https:\/\/dev.explora.cl\/aricayparinacota\/author\/webman\/"}]}},"_links":{"self":[{"href":"https:\/\/dev.explora.cl\/aricayparinacota\/wp-json\/wp\/v2\/posts\/32460","targetHints":{"allow":["GET"]}}],"collection":[{"href":"https:\/\/dev.explora.cl\/aricayparinacota\/wp-json\/wp\/v2\/posts"}],"about":[{"href":"https:\/\/dev.explora.cl\/aricayparinacota\/wp-json\/wp\/v2\/types\/post"}],"author":[{"embeddable":true,"href":"https:\/\/dev.explora.cl\/aricayparinacota\/wp-json\/wp\/v2\/users\/2"}],"replies":[{"embeddable":true,"href":"https:\/\/dev.explora.cl\/aricayparinacota\/wp-json\/wp\/v2\/comments?post=32460"}],"version-history":[{"count":1,"href":"https:\/\/dev.explora.cl\/aricayparinacota\/wp-json\/wp\/v2\/posts\/32460\/revisions"}],"predecessor-version":[{"id":33696,"href":"https:\/\/dev.explora.cl\/aricayparinacota\/wp-json\/wp\/v2\/posts\/32460\/revisions\/33696"}],"wp:attachment":[{"href":"https:\/\/dev.explora.cl\/aricayparinacota\/wp-json\/wp\/v2\/media?parent=32460"}],"wp:term":[{"taxonomy":"category","embeddable":true,"href":"https:\/\/dev.explora.cl\/aricayparinacota\/wp-json\/wp\/v2\/categories?post=32460"},{"taxonomy":"post_tag","embeddable":true,"href":"https:\/\/dev.explora.cl\/aricayparinacota\/wp-json\/wp\/v2\/tags?post=32460"}],"curies":[{"name":"wp","href":"https:\/\/api.w.org\/{rel}","templated":true}]}}