{"id":32457,"date":"2018-11-24T23:31:51","date_gmt":"2018-11-24T23:31:51","guid":{"rendered":"https:\/\/dev.explora.cl\/aricayparinacota\/blog\/2018\/11\/24\/mientras-un-lobo-le-canta-a-la-luna-en-chujlluta\/"},"modified":"2019-05-09T21:36:41","modified_gmt":"2019-05-09T21:36:41","slug":"mientras-un-lobo-le-canta-a-la-luna-en-chujlluta","status":"publish","type":"post","link":"https:\/\/dev.explora.cl\/aricayparinacota\/mientras-un-lobo-le-canta-a-la-luna-en-chujlluta\/","title":{"rendered":"Mientras un lobo le canta a la luna en Chujlluta"},"content":{"rendered":"<p>&nbsp;<\/p>\n<p><span style=\"font-size: 18pt\"><strong><em><span style=\"color: #000000;font-family: Arial, sans-serif;letter-spacing: normal;text-align: justify;text-indent: 0px;text-transform: none;background-color: #ffffff;float: none\">Rector entrega libro a educadora del altiplano<\/span><\/em><\/strong><\/span><\/p>\n<p>&nbsp;<\/p>\n<p><span style=\"font-size: 14pt\"><em>La entrega del ejemplar del libro: \u201cMientras un lobo le canta a la luna\u201d, fue efectuada por el Proyecto Asociativo Regional (PAR) Explora de CONICYT, ejecutado por la Universidad de Tarapac\u00e1.<\/em><\/span><\/p>\n<p><span style=\"font-size: 14pt\"><em>&nbsp;<\/em><\/span><\/p>\n<p><span style=\"font-size: 14pt\">El Jard\u00edn Infantil Payachatas, al que asisten los tres \u00fanicos infantes del lugar, dos ni\u00f1as y un ni\u00f1o, se ubica a 4.250 metros sobre el nivel del mar, en Chujlluta, comuna de General Lagos, cerca de la frontera con Bolivia.<\/span><\/p>\n<p><span style=\"font-size: 14pt\">La directora y educadora Silvia Garrido, es la responsable que este jard\u00edn infantil cuente con los mejores recursos pedag\u00f3gicos, que vayan en beneficio de sus peque\u00f1os alumnos; raz\u00f3n por la que particip\u00f3 en la Jornada de Capacitaci\u00f3n Tus Competencias en Ciencias (TCC), del PAR Explora de CONICYT, Arica y Parinacota.<\/span><\/p>\n<p><span style=\"font-size: 14pt\">Despu\u00e9s de dos d\u00edas de jornadas de TCC, en forma simb\u00f3lica se entreg\u00f3 un reconocimiento a la educadora, por su labor, compromiso y entrega en el aprendizaje de los ni\u00f1os del altiplano de nuestra regi\u00f3n; con el fin de potenciar las pr\u00e1cticas y herramientas pedag\u00f3gicas en este establecimiento, ubicado en un espacio fronterizo.&nbsp;&nbsp;<\/span><\/p>\n<p><span style=\"font-size: 14pt\">Se trata del libro \u201cMientras un lobo le canta a la luna\u201d, tipo pop up, con ilustraciones con las cuales los ni\u00f1os podr\u00e1n aprender sobre geometr\u00eda y sus distintas formas asociadas a la naturaleza, ya que al abrirlo se despliegan figuras tridimensionales, representando monta\u00f1as con tri\u00e1ngulos y v\u00e9rtices.<\/span><\/p>\n<p><span style=\"font-size: 14pt\">Este libro educativo, poco com\u00fan de encontrar en las aulas, fue entregado por el Rector de la Universidad de Tarapac\u00e1, Arturo Flores y la directora del PAR Explora de CONICYT, M\u00f3nica Navarrete, y es uno de cuatro libros existentes en el proyecto.<\/span><\/p>\n<p><span style=\"font-size: 14pt\">\u00a1Hermoso! Fue lo que expres\u00f3 Silvia Garrido, al recibir el ejemplar y ver lo que hab\u00eda en su interior. \u201cEs un regalo maravilloso, los ni\u00f1os aprenden a trav\u00e9s del juego, y creo que las figuras geom\u00e9tricas que salen en el libro les van a llamar mucho la atenci\u00f3n y van a impactar en ellos\u201d.<\/span><\/p>\n<p><span style=\"font-size: 14pt\">Adem\u00e1s coment\u00f3 que en el altiplano cuando cantan \u201cen la mitad de las canciones, a veces quedamos sin aire, pero lo hacemos igual\u201d. Agregando que el sello del jard\u00edn es \u201ccreciendo y aprendiendo con nuestra cultura\u201d y que en las alturas efectivamente se hace patria y educa con calidad.<\/span><\/p>\n<p><span style=\"font-size: 14pt\">El rector Arturo Flores indic\u00f3 que \u201cla matem\u00e1tica es tan f\u00e1cil de aprender como la historia y el castellano, si a eso se agrega un aspecto l\u00fadico, como este libro, para que comiencen desde la temprana edad, es mucho mejor, se completa el cuadro\u201d.<\/span><\/p>\n<p><span style=\"font-size: 14pt\">Esta actividad simb\u00f3lica fue parte del cierre de la jornada para educadoras que implementar\u00e1n competencias en ciencias en jardines de las cuatro comunas.<\/span><\/p>\n","protected":false},"excerpt":{"rendered":"<p>&nbsp; Rector entrega libro a educadora del altiplano &nbsp; La entrega del ejemplar del libro: \u201cMientras un lobo le canta a la luna\u201d, fue efectuada por el Proyecto Asociativo Regional (PAR) Explora de CONICYT, ejecutado por la Universidad de Tarapac\u00e1. &nbsp; El Jard\u00edn Infantil Payachatas, al que asisten los tres \u00fanicos infantes del lugar, dos [&hellip;]<\/p>\n","protected":false},"author":2,"featured_media":0,"comment_status":"open","ping_status":"open","sticky":false,"template":"","format":"standard","meta":{"_acf_changed":false,"_exactmetrics_skip_tracking":false,"_exactmetrics_sitenote_active":false,"_exactmetrics_sitenote_note":"","_exactmetrics_sitenote_category":0,"footnotes":"","_links_to":"","_links_to_target":""},"categories":[4],"tags":[],"class_list":["post-32457","post","type-post","status-publish","format-standard","hentry","category-noticias"],"acf":[],"yoast_head":"<!-- This site is optimized with the Yoast SEO plugin v26.7 - https:\/\/yoast.com\/wordpress\/plugins\/seo\/ -->\n<title>Mientras un lobo le canta a la luna en Chujlluta - Arica y Parinacota<\/title>\n<meta name=\"robots\" content=\"index, follow, max-snippet:-1, max-image-preview:large, max-video-preview:-1\" \/>\n<link rel=\"canonical\" href=\"https:\/\/dev.explora.cl\/aricayparinacota\/mientras-un-lobo-le-canta-a-la-luna-en-chujlluta\/\" class=\"yoast-seo-meta-tag\" \/>\n<meta property=\"og:locale\" content=\"es_ES\" class=\"yoast-seo-meta-tag\" \/>\n<meta property=\"og:type\" content=\"article\" class=\"yoast-seo-meta-tag\" \/>\n<meta property=\"og:title\" content=\"Mientras un lobo le canta a la luna en Chujlluta - Arica y Parinacota\" class=\"yoast-seo-meta-tag\" \/>\n<meta property=\"og:description\" content=\"&nbsp; Rector entrega libro a educadora del altiplano &nbsp; La entrega del ejemplar del libro: \u201cMientras un lobo le canta a la luna\u201d, fue efectuada por el Proyecto Asociativo Regional (PAR) Explora de CONICYT, ejecutado por la Universidad de Tarapac\u00e1. &nbsp; El Jard\u00edn Infantil Payachatas, al que asisten los tres \u00fanicos infantes del lugar, dos [&hellip;]\" class=\"yoast-seo-meta-tag\" \/>\n<meta property=\"og:url\" content=\"https:\/\/dev.explora.cl\/aricayparinacota\/mientras-un-lobo-le-canta-a-la-luna-en-chujlluta\/\" class=\"yoast-seo-meta-tag\" \/>\n<meta property=\"og:site_name\" content=\"Arica y Parinacota\" class=\"yoast-seo-meta-tag\" \/>\n<meta property=\"article:published_time\" content=\"2018-11-24T23:31:51+00:00\" class=\"yoast-seo-meta-tag\" \/>\n<meta property=\"article:modified_time\" content=\"2019-05-09T21:36:41+00:00\" class=\"yoast-seo-meta-tag\" \/>\n<meta name=\"author\" content=\"webman\" class=\"yoast-seo-meta-tag\" \/>\n<meta name=\"twitter:card\" content=\"summary_large_image\" class=\"yoast-seo-meta-tag\" \/>\n<meta name=\"twitter:label1\" content=\"Escrito por\" class=\"yoast-seo-meta-tag\" \/>\n\t<meta name=\"twitter:data1\" content=\"webman\" class=\"yoast-seo-meta-tag\" \/>\n\t<meta name=\"twitter:label2\" content=\"Tiempo estimado de lectura\" class=\"yoast-seo-meta-tag\" \/>\n\t<meta name=\"twitter:data2\" content=\"2 minutos\" class=\"yoast-seo-meta-tag\" \/>\n<script type=\"application\/ld+json\" class=\"yoast-schema-graph\">{\"@context\":\"https:\/\/schema.org\",\"@graph\":[{\"@type\":\"Article\",\"@id\":\"https:\/\/dev.explora.cl\/aricayparinacota\/mientras-un-lobo-le-canta-a-la-luna-en-chujlluta\/#article\",\"isPartOf\":{\"@id\":\"https:\/\/dev.explora.cl\/aricayparinacota\/mientras-un-lobo-le-canta-a-la-luna-en-chujlluta\/\"},\"author\":{\"name\":\"webman\",\"@id\":\"https:\/\/dev.explora.cl\/aricayparinacota\/#\/schema\/person\/cb8349c13ea2d324080adf8480d7ba5d\"},\"headline\":\"Mientras un lobo le canta a la luna en Chujlluta\",\"datePublished\":\"2018-11-24T23:31:51+00:00\",\"dateModified\":\"2019-05-09T21:36:41+00:00\",\"mainEntityOfPage\":{\"@id\":\"https:\/\/dev.explora.cl\/aricayparinacota\/mientras-un-lobo-le-canta-a-la-luna-en-chujlluta\/\"},\"wordCount\":490,\"commentCount\":0,\"publisher\":{\"@id\":\"https:\/\/dev.explora.cl\/aricayparinacota\/#organization\"},\"articleSection\":[\"Noticias\"],\"inLanguage\":\"es-CL\",\"potentialAction\":[{\"@type\":\"CommentAction\",\"name\":\"Comment\",\"target\":[\"https:\/\/dev.explora.cl\/aricayparinacota\/mientras-un-lobo-le-canta-a-la-luna-en-chujlluta\/#respond\"]}]},{\"@type\":\"WebPage\",\"@id\":\"https:\/\/dev.explora.cl\/aricayparinacota\/mientras-un-lobo-le-canta-a-la-luna-en-chujlluta\/\",\"url\":\"https:\/\/dev.explora.cl\/aricayparinacota\/mientras-un-lobo-le-canta-a-la-luna-en-chujlluta\/\",\"name\":\"Mientras un lobo le canta a la luna en Chujlluta - Arica y Parinacota\",\"isPartOf\":{\"@id\":\"https:\/\/dev.explora.cl\/aricayparinacota\/#website\"},\"datePublished\":\"2018-11-24T23:31:51+00:00\",\"dateModified\":\"2019-05-09T21:36:41+00:00\",\"breadcrumb\":{\"@id\":\"https:\/\/dev.explora.cl\/aricayparinacota\/mientras-un-lobo-le-canta-a-la-luna-en-chujlluta\/#breadcrumb\"},\"inLanguage\":\"es-CL\",\"potentialAction\":[{\"@type\":\"ReadAction\",\"target\":[\"https:\/\/dev.explora.cl\/aricayparinacota\/mientras-un-lobo-le-canta-a-la-luna-en-chujlluta\/\"]}]},{\"@type\":\"BreadcrumbList\",\"@id\":\"https:\/\/dev.explora.cl\/aricayparinacota\/mientras-un-lobo-le-canta-a-la-luna-en-chujlluta\/#breadcrumb\",\"itemListElement\":[{\"@type\":\"ListItem\",\"position\":1,\"name\":\"Portada\",\"item\":\"https:\/\/dev.explora.cl\/aricayparinacota\/\"},{\"@type\":\"ListItem\",\"position\":2,\"name\":\"Mientras un lobo le canta a la luna en Chujlluta\"}]},{\"@type\":\"WebSite\",\"@id\":\"https:\/\/dev.explora.cl\/aricayparinacota\/#website\",\"url\":\"https:\/\/dev.explora.cl\/aricayparinacota\/\",\"name\":\"Arica y Parinacota\",\"description\":\"Otro sitio m\u00e1s de dev.explora.cl\",\"publisher\":{\"@id\":\"https:\/\/dev.explora.cl\/aricayparinacota\/#organization\"},\"potentialAction\":[{\"@type\":\"SearchAction\",\"target\":{\"@type\":\"EntryPoint\",\"urlTemplate\":\"https:\/\/dev.explora.cl\/aricayparinacota\/?s={search_term_string}\"},\"query-input\":{\"@type\":\"PropertyValueSpecification\",\"valueRequired\":true,\"valueName\":\"search_term_string\"}}],\"inLanguage\":\"es-CL\"},{\"@type\":\"Organization\",\"@id\":\"https:\/\/dev.explora.cl\/aricayparinacota\/#organization\",\"name\":\"Arica y Parinacota\",\"url\":\"https:\/\/dev.explora.cl\/aricayparinacota\/\",\"logo\":{\"@type\":\"ImageObject\",\"inLanguage\":\"es-CL\",\"@id\":\"https:\/\/dev.explora.cl\/aricayparinacota\/#\/schema\/logo\/image\/\",\"url\":\"https:\/\/dev.explora.cl\/aricayparinacota\/wp-content\/uploads\/sites\/2\/2020\/08\/cropped-nuevosa-logos-11.png\",\"contentUrl\":\"https:\/\/dev.explora.cl\/aricayparinacota\/wp-content\/uploads\/sites\/2\/2020\/08\/cropped-nuevosa-logos-11.png\",\"width\":812,\"height\":937,\"caption\":\"Arica y Parinacota\"},\"image\":{\"@id\":\"https:\/\/dev.explora.cl\/aricayparinacota\/#\/schema\/logo\/image\/\"}},{\"@type\":\"Person\",\"@id\":\"https:\/\/dev.explora.cl\/aricayparinacota\/#\/schema\/person\/cb8349c13ea2d324080adf8480d7ba5d\",\"name\":\"webman\",\"image\":{\"@type\":\"ImageObject\",\"inLanguage\":\"es-CL\",\"@id\":\"https:\/\/dev.explora.cl\/aricayparinacota\/#\/schema\/person\/image\/\",\"url\":\"https:\/\/secure.gravatar.com\/avatar\/eeff3c82f2c02f7177d13663b7e6f890e9a6a0647ce9bb29cae02dcb094c7312?s=96&d=mm&r=g\",\"contentUrl\":\"https:\/\/secure.gravatar.com\/avatar\/eeff3c82f2c02f7177d13663b7e6f890e9a6a0647ce9bb29cae02dcb094c7312?s=96&d=mm&r=g\",\"caption\":\"webman\"},\"url\":\"https:\/\/dev.explora.cl\/aricayparinacota\/author\/webman\/\"}]}<\/script>\n<!-- \/ Yoast SEO plugin. -->","yoast_head_json":{"title":"Mientras un lobo le canta a la luna en Chujlluta - Arica y Parinacota","robots":{"index":"index","follow":"follow","max-snippet":"max-snippet:-1","max-image-preview":"max-image-preview:large","max-video-preview":"max-video-preview:-1"},"canonical":"https:\/\/dev.explora.cl\/aricayparinacota\/mientras-un-lobo-le-canta-a-la-luna-en-chujlluta\/","og_locale":"es_ES","og_type":"article","og_title":"Mientras un lobo le canta a la luna en Chujlluta - Arica y Parinacota","og_description":"&nbsp; Rector entrega libro a educadora del altiplano &nbsp; La entrega del ejemplar del libro: \u201cMientras un lobo le canta a la luna\u201d, fue efectuada por el Proyecto Asociativo Regional (PAR) Explora de CONICYT, ejecutado por la Universidad de Tarapac\u00e1. &nbsp; El Jard\u00edn Infantil Payachatas, al que asisten los tres \u00fanicos infantes del lugar, dos [&hellip;]","og_url":"https:\/\/dev.explora.cl\/aricayparinacota\/mientras-un-lobo-le-canta-a-la-luna-en-chujlluta\/","og_site_name":"Arica y Parinacota","article_published_time":"2018-11-24T23:31:51+00:00","article_modified_time":"2019-05-09T21:36:41+00:00","author":"webman","twitter_card":"summary_large_image","twitter_misc":{"Escrito por":"webman","Tiempo estimado de lectura":"2 minutos"},"schema":{"@context":"https:\/\/schema.org","@graph":[{"@type":"Article","@id":"https:\/\/dev.explora.cl\/aricayparinacota\/mientras-un-lobo-le-canta-a-la-luna-en-chujlluta\/#article","isPartOf":{"@id":"https:\/\/dev.explora.cl\/aricayparinacota\/mientras-un-lobo-le-canta-a-la-luna-en-chujlluta\/"},"author":{"name":"webman","@id":"https:\/\/dev.explora.cl\/aricayparinacota\/#\/schema\/person\/cb8349c13ea2d324080adf8480d7ba5d"},"headline":"Mientras un lobo le canta a la luna en Chujlluta","datePublished":"2018-11-24T23:31:51+00:00","dateModified":"2019-05-09T21:36:41+00:00","mainEntityOfPage":{"@id":"https:\/\/dev.explora.cl\/aricayparinacota\/mientras-un-lobo-le-canta-a-la-luna-en-chujlluta\/"},"wordCount":490,"commentCount":0,"publisher":{"@id":"https:\/\/dev.explora.cl\/aricayparinacota\/#organization"},"articleSection":["Noticias"],"inLanguage":"es-CL","potentialAction":[{"@type":"CommentAction","name":"Comment","target":["https:\/\/dev.explora.cl\/aricayparinacota\/mientras-un-lobo-le-canta-a-la-luna-en-chujlluta\/#respond"]}]},{"@type":"WebPage","@id":"https:\/\/dev.explora.cl\/aricayparinacota\/mientras-un-lobo-le-canta-a-la-luna-en-chujlluta\/","url":"https:\/\/dev.explora.cl\/aricayparinacota\/mientras-un-lobo-le-canta-a-la-luna-en-chujlluta\/","name":"Mientras un lobo le canta a la luna en Chujlluta - Arica y Parinacota","isPartOf":{"@id":"https:\/\/dev.explora.cl\/aricayparinacota\/#website"},"datePublished":"2018-11-24T23:31:51+00:00","dateModified":"2019-05-09T21:36:41+00:00","breadcrumb":{"@id":"https:\/\/dev.explora.cl\/aricayparinacota\/mientras-un-lobo-le-canta-a-la-luna-en-chujlluta\/#breadcrumb"},"inLanguage":"es-CL","potentialAction":[{"@type":"ReadAction","target":["https:\/\/dev.explora.cl\/aricayparinacota\/mientras-un-lobo-le-canta-a-la-luna-en-chujlluta\/"]}]},{"@type":"BreadcrumbList","@id":"https:\/\/dev.explora.cl\/aricayparinacota\/mientras-un-lobo-le-canta-a-la-luna-en-chujlluta\/#breadcrumb","itemListElement":[{"@type":"ListItem","position":1,"name":"Portada","item":"https:\/\/dev.explora.cl\/aricayparinacota\/"},{"@type":"ListItem","position":2,"name":"Mientras un lobo le canta a la luna en Chujlluta"}]},{"@type":"WebSite","@id":"https:\/\/dev.explora.cl\/aricayparinacota\/#website","url":"https:\/\/dev.explora.cl\/aricayparinacota\/","name":"Arica y Parinacota","description":"Otro sitio m\u00e1s de dev.explora.cl","publisher":{"@id":"https:\/\/dev.explora.cl\/aricayparinacota\/#organization"},"potentialAction":[{"@type":"SearchAction","target":{"@type":"EntryPoint","urlTemplate":"https:\/\/dev.explora.cl\/aricayparinacota\/?s={search_term_string}"},"query-input":{"@type":"PropertyValueSpecification","valueRequired":true,"valueName":"search_term_string"}}],"inLanguage":"es-CL"},{"@type":"Organization","@id":"https:\/\/dev.explora.cl\/aricayparinacota\/#organization","name":"Arica y Parinacota","url":"https:\/\/dev.explora.cl\/aricayparinacota\/","logo":{"@type":"ImageObject","inLanguage":"es-CL","@id":"https:\/\/dev.explora.cl\/aricayparinacota\/#\/schema\/logo\/image\/","url":"https:\/\/dev.explora.cl\/aricayparinacota\/wp-content\/uploads\/sites\/2\/2020\/08\/cropped-nuevosa-logos-11.png","contentUrl":"https:\/\/dev.explora.cl\/aricayparinacota\/wp-content\/uploads\/sites\/2\/2020\/08\/cropped-nuevosa-logos-11.png","width":812,"height":937,"caption":"Arica y Parinacota"},"image":{"@id":"https:\/\/dev.explora.cl\/aricayparinacota\/#\/schema\/logo\/image\/"}},{"@type":"Person","@id":"https:\/\/dev.explora.cl\/aricayparinacota\/#\/schema\/person\/cb8349c13ea2d324080adf8480d7ba5d","name":"webman","image":{"@type":"ImageObject","inLanguage":"es-CL","@id":"https:\/\/dev.explora.cl\/aricayparinacota\/#\/schema\/person\/image\/","url":"https:\/\/secure.gravatar.com\/avatar\/eeff3c82f2c02f7177d13663b7e6f890e9a6a0647ce9bb29cae02dcb094c7312?s=96&d=mm&r=g","contentUrl":"https:\/\/secure.gravatar.com\/avatar\/eeff3c82f2c02f7177d13663b7e6f890e9a6a0647ce9bb29cae02dcb094c7312?s=96&d=mm&r=g","caption":"webman"},"url":"https:\/\/dev.explora.cl\/aricayparinacota\/author\/webman\/"}]}},"_links":{"self":[{"href":"https:\/\/dev.explora.cl\/aricayparinacota\/wp-json\/wp\/v2\/posts\/32457","targetHints":{"allow":["GET"]}}],"collection":[{"href":"https:\/\/dev.explora.cl\/aricayparinacota\/wp-json\/wp\/v2\/posts"}],"about":[{"href":"https:\/\/dev.explora.cl\/aricayparinacota\/wp-json\/wp\/v2\/types\/post"}],"author":[{"embeddable":true,"href":"https:\/\/dev.explora.cl\/aricayparinacota\/wp-json\/wp\/v2\/users\/2"}],"replies":[{"embeddable":true,"href":"https:\/\/dev.explora.cl\/aricayparinacota\/wp-json\/wp\/v2\/comments?post=32457"}],"version-history":[{"count":1,"href":"https:\/\/dev.explora.cl\/aricayparinacota\/wp-json\/wp\/v2\/posts\/32457\/revisions"}],"predecessor-version":[{"id":33695,"href":"https:\/\/dev.explora.cl\/aricayparinacota\/wp-json\/wp\/v2\/posts\/32457\/revisions\/33695"}],"wp:attachment":[{"href":"https:\/\/dev.explora.cl\/aricayparinacota\/wp-json\/wp\/v2\/media?parent=32457"}],"wp:term":[{"taxonomy":"category","embeddable":true,"href":"https:\/\/dev.explora.cl\/aricayparinacota\/wp-json\/wp\/v2\/categories?post=32457"},{"taxonomy":"post_tag","embeddable":true,"href":"https:\/\/dev.explora.cl\/aricayparinacota\/wp-json\/wp\/v2\/tags?post=32457"}],"curies":[{"name":"wp","href":"https:\/\/api.w.org\/{rel}","templated":true}]}}