{"id":32451,"date":"2018-11-24T23:31:51","date_gmt":"2018-11-24T23:31:51","guid":{"rendered":"https:\/\/dev.explora.cl\/aricayparinacota\/blog\/2018\/11\/24\/estudiantes-del-colegio-integrado-conocen-elementos-de-un-territorio-inteligente\/"},"modified":"2019-05-09T21:36:29","modified_gmt":"2019-05-09T21:36:29","slug":"estudiantes-del-colegio-integrado-conocen-elementos-de-un-territorio-inteligente","status":"publish","type":"post","link":"https:\/\/dev.explora.cl\/aricayparinacota\/estudiantes-del-colegio-integrado-conocen-elementos-de-un-territorio-inteligente\/","title":{"rendered":"Estudiantes del Colegio Integrado conocen elementos de un territorio inteligente"},"content":{"rendered":"<p class=\"m_236315201835758268x_gmail-m_9069870559431147325x_MsoNormal\" style=\"margin-top: 0px;margin-bottom: 0px;font-style: normal;font-weight: 400;letter-spacing: normal;text-indent: 0px;text-transform: none;background-color: #ffffff;color: #212121;font-family: wf_segoe-ui_normal, 'Segoe UI', 'Segoe WP', Tahoma, Arial, sans-serif, serif, EmojiFont;font-size: 15px;text-align: justify\"><span style=\"font-size: 14pt\"><i><span style=\"line-height: 17.12px;font-family: Arial, sans-serif, serif, EmojiFont\">Sobre tecnolog\u00eda espacial y el uso de plataformas que colaboran en optimizar el tiempo de los habitantes de una ciudad, fue la charla que desarroll\u00f3 la economista M\u00f3nica Navarrete en el Colegio Integrado Eduardo Frei Montalva.<\/span><\/i><\/span><\/p>\n<p class=\"m_236315201835758268x_gmail-m_9069870559431147325x_MsoNormal\" style=\"margin-top: 0px;margin-bottom: 0px;font-style: normal;font-weight: 400;letter-spacing: normal;text-indent: 0px;text-transform: none;background-color: #ffffff;color: #212121;font-family: wf_segoe-ui_normal, 'Segoe UI', 'Segoe WP', Tahoma, Arial, sans-serif, serif, EmojiFont;font-size: 15px;text-align: justify\"><span style=\"font-size: 14pt;line-height: 17.12px;font-family: Arial, sans-serif, serif, EmojiFont\"><\/span><\/p>\n<p class=\"m_236315201835758268x_gmail-m_9069870559431147325x_MsoNormal\" style=\"margin-top: 0px;margin-bottom: 0px;font-style: normal;font-weight: 400;letter-spacing: normal;text-indent: 0px;text-transform: none;background-color: #ffffff;color: #212121;font-family: wf_segoe-ui_normal, 'Segoe UI', 'Segoe WP', Tahoma, Arial, sans-serif, serif, EmojiFont;font-size: 15px;text-align: justify\"><span style=\"font-size: 14pt;line-height: 17.12px;font-family: Arial, sans-serif, serif, EmojiFont\">\u201cUtilizando la tecnolog\u00eda espacial. De cara al desarrollo de territorios inteligentes\u201d fue el tema que desarroll\u00f3 la Dra. M\u00f3nica Navarrete, Ingeniero comercial, especialista en econometr\u00eda, donde trabaja con modelos economicos y estad\u00edsticos. La charla se realiz\u00f3 en el Colegio Integrado Eduardo Frei Montalva a estudiantes de educaci\u00f3n media y es parte de la actividad Mil Cient\u00edficos Mil Aulas del Proyecto Asociativo Regional Explora de Conicyt, que ejecuta la Universidad de Tarapac\u00e1.<\/span><\/p>\n<p class=\"m_236315201835758268x_gmail-m_9069870559431147325x_MsoNormal\" style=\"margin-top: 0px;margin-bottom: 0px;font-style: normal;font-weight: 400;letter-spacing: normal;text-indent: 0px;text-transform: none;background-color: #ffffff;color: #212121;font-family: wf_segoe-ui_normal, 'Segoe UI', 'Segoe WP', Tahoma, Arial, sans-serif, serif, EmojiFont;font-size: 15px;text-align: justify\"><span style=\"font-size: 14pt\"><span style=\"line-height: 17.12px;font-family: Arial, sans-serif, serif, EmojiFont\">El objetivo de este conversatorio, fue mostrar la investigaci\u00f3n relacionada con la econom\u00eda urbana y el aporte que pueden hacer&nbsp;<\/span><span style=\"line-height: 17.12px;font-family: Arial, sans-serif, serif, EmojiFont\">las tecnolog\u00edas de libre disposici\u00f3n<\/span><span style=\"line-height: 17.12px;font-family: Arial, sans-serif, serif, EmojiFont\">&nbsp;para levantar pol\u00edticas p\u00fablicas que contribuyan a mejorar la gesti\u00f3n del territorio urbano.&nbsp;<\/span><\/span><\/p>\n<p class=\"m_236315201835758268x_gmail-m_9069870559431147325x_MsoNormal\" style=\"margin-top: 0px;margin-bottom: 0px;font-style: normal;font-weight: 400;letter-spacing: normal;text-indent: 0px;text-transform: none;background-color: #ffffff;color: #212121;font-family: wf_segoe-ui_normal, 'Segoe UI', 'Segoe WP', Tahoma, Arial, sans-serif, serif, EmojiFont;font-size: 15px;text-align: justify\"><span style=\"font-size: 14pt;line-height: 17.12px;font-family: Arial, sans-serif, serif, EmojiFont\">La estudiosa del territorio se\u00f1al\u00f3 que&nbsp;a inicios del siglo&nbsp;19, la poblaci\u00f3n viviendo en zonas rurales superaba cuatro veces a la poblaci\u00f3n viviendo en ciudades, mientras que hoy, sucede lo contrario.&nbsp; En Arica, esto es el 92 por ciento; siendo la regi\u00f3n que congrega la mayor poblaci\u00f3n regional habitando en su zona urbana.&nbsp;<br \/><\/span><\/p>\n<p class=\"m_236315201835758268x_gmail-m_9069870559431147325x_MsoNormal\" style=\"margin-top: 0px;margin-bottom: 0px;font-style: normal;font-weight: 400;letter-spacing: normal;text-indent: 0px;text-transform: none;background-color: #ffffff;color: #212121;font-family: wf_segoe-ui_normal, 'Segoe UI', 'Segoe WP', Tahoma, Arial, sans-serif, serif, EmojiFont;font-size: 15px;text-align: justify\"><span style=\"font-size: 14pt;line-height: 17.12px;font-family: Arial, sans-serif, serif, EmojiFont\">El estudio del fen\u00f3meno urbano y, son los datos que trae consigo, pueden ser vistos con los Sistemas de Informaci\u00f3n Geogr\u00e1fica. Algo parecido a lo que vemos en Google Earth, programa basado en fotograf\u00edas satelitales que permite ver al territorio. Para estudiar este fen\u00f3meno, nos apoyamos en &#8220;softwares libres que se usan en inform\u00e1tica, geograf\u00eda y en la econom\u00eda, por ejemplo&#8221; indic\u00f3 la Dra. Navarrete, quien mostr\u00f3 a los estudiantes del liceo, proyectos en los que est\u00e1 trabajando en la regi\u00f3n, con tecnolog\u00edas espaciales para desarrollar el territorio inteligente.<\/span><\/p>\n<p class=\"m_236315201835758268x_gmail-m_9069870559431147325x_MsoNormal\" style=\"margin-top: 0px;margin-bottom: 0px;font-style: normal;font-weight: 400;letter-spacing: normal;text-indent: 0px;text-transform: none;background-color: #ffffff;color: #212121;font-family: wf_segoe-ui_normal, 'Segoe UI', 'Segoe WP', Tahoma, Arial, sans-serif, serif, EmojiFont;font-size: 15px;text-align: justify\"><span style=\"font-size: 14pt;line-height: 17.12px;font-family: Arial, sans-serif, serif, EmojiFont\">\u00bfQu\u00e9 tienen que ver los basureros, las c\u00e1maras de seguridad, la construcci\u00f3n de una plaza y propiedades en venta? Todos est\u00e1n asociados a un lugar del territorio y en un software son puntos en una localizaci\u00f3n geogr\u00e1fica.<\/span><\/p>\n<p class=\"m_236315201835758268x_gmail-m_9069870559431147325x_MsoNormal\" style=\"margin-top: 0px;margin-bottom: 0px;font-style: normal;font-weight: 400;letter-spacing: normal;text-indent: 0px;text-transform: none;background-color: #ffffff;color: #212121;font-family: wf_segoe-ui_normal, 'Segoe UI', 'Segoe WP', Tahoma, Arial, sans-serif, serif, EmojiFont;font-size: 15px;text-align: justify\"><span style=\"font-size: 14pt;line-height: 17.12px;font-family: Arial, sans-serif, serif, EmojiFont\">Arica hace un tiempo era una de las ciudades que menos usaba herramientas tecnol\u00f3gicas, que ayudan a los ciudadanos a tomar decisiones para gestionar su tiempo. Pero eso ya es historia, ahora existen varias plataformas que ayudan a gestionar nuestro espacio urbano. La plataforma Uber, la plataforma de farmacias y\/o bencinera m\u00e1s barata son algunos de los ejemplos del uso de esta tecnolog\u00eda.<\/span><\/p>\n<p class=\"m_236315201835758268x_gmail-m_9069870559431147325x_MsoNormal\" style=\"margin-top: 0px;margin-bottom: 0px;font-style: normal;font-weight: 400;letter-spacing: normal;text-indent: 0px;text-transform: none;background-color: #ffffff;color: #212121;font-family: wf_segoe-ui_normal, 'Segoe UI', 'Segoe WP', Tahoma, Arial, sans-serif, serif, EmojiFont;font-size: 15px;text-align: justify\"><span style=\"font-size: 14pt;line-height: 17.12px;font-family: Arial, sans-serif, serif, EmojiFont\">Un proyecto en este \u00e1mbito fue desarrollado por la experta en econometr\u00eda, que junto a un equipo construy\u00f3 una plataforma del Sistema de Transpor<br \/>\nte P\u00fablico de Arica, SITPA, con el cual es posible saber qu\u00e9 micro pasa por el paradero m\u00e1s cerca en que nos encontremos.<\/span><\/p>\n<p class=\"m_236315201835758268x_gmail-m_9069870559431147325x_MsoNormal\" style=\"margin-top: 0px;margin-bottom: 0px;font-style: normal;font-weight: 400;letter-spacing: normal;text-indent: 0px;text-transform: none;background-color: #ffffff;color: #212121;font-family: wf_segoe-ui_normal, 'Segoe UI', 'Segoe WP', Tahoma, Arial, sans-serif, serif, EmojiFont;font-size: 15px;text-align: justify\"><span style=\"font-size: 14pt;line-height: 17.12px;font-family: Arial, sans-serif, serif, EmojiFont\">Otros t\u00f3picos sobre los que vers\u00f3 esta charla fueron el an\u00e1lisis de datos y c\u00f3mo se gestiona la ciudad desde el territorio, y, por supuesto, la utilidad que tiene el an\u00e1lisis de los mapas, que permiten ver c\u00f3mo es el territorio desde la inteligencia.<\/span><\/p>\n<p class=\"m_236315201835758268x_gmail-m_9069870559431147325x_MsoNormal\" style=\"margin-top: 0px;margin-bottom: 0px;font-style: normal;font-weight: 400;letter-spacing: normal;text-indent: 0px;text-transform: none;background-color: #ffffff;color: #212121;font-family: wf_segoe-ui_normal, 'Segoe UI', 'Segoe WP', Tahoma, Arial, sans-serif, serif, EmojiFont;font-size: 15px;text-align: justify\"><span style=\"font-size: 14pt;line-height: 17.12px;font-family: Arial, sans-serif, serif, EmojiFont\">Claudio Cubillos, estudiante de cuarto a\u00f1o medio, se\u00f1al\u00f3 que lo que m\u00e1s le gust\u00f3 en esta charla fue \u201cla evoluci\u00f3n de Arica y los nuevos proyectos que se est\u00e1n construyendo y que est\u00e1n dando frutos, el uso de Uber y la aplicaci\u00f3n para pedir comida, que pueden ser \u00fatiles para que lleguen m\u00e1s turistas\u201d \u00bfT\u00fa usas Uber?, \u201cS\u00ed\u201d.<\/span><\/p>\n<p>&nbsp;<\/p>\n<p><img loading=\"lazy\" decoding=\"async\" class=\" size-full wp-image-34564\" src=\"https:\/\/dev.explora.cl\/wp-content\/uploads\/2018\/06\/Collage_1000C1000A_Nota_1.jpg\" alt=\"Collage 1000C1000A Nota 1\" width=\"900\" height=\"300\" \/><\/p>\n","protected":false},"excerpt":{"rendered":"<p>Sobre tecnolog\u00eda espacial y el uso de plataformas que colaboran en optimizar el tiempo de los habitantes de una ciudad, fue la charla que desarroll\u00f3 la economista M\u00f3nica Navarrete en el Colegio Integrado Eduardo Frei Montalva. \u201cUtilizando la tecnolog\u00eda espacial. De cara al desarrollo de territorios inteligentes\u201d fue el tema que desarroll\u00f3 la Dra. M\u00f3nica [&hellip;]<\/p>\n","protected":false},"author":2,"featured_media":0,"comment_status":"open","ping_status":"open","sticky":false,"template":"","format":"standard","meta":{"_acf_changed":false,"_exactmetrics_skip_tracking":false,"_exactmetrics_sitenote_active":false,"_exactmetrics_sitenote_note":"","_exactmetrics_sitenote_category":0,"footnotes":"","_links_to":"","_links_to_target":""},"categories":[4],"tags":[],"class_list":["post-32451","post","type-post","status-publish","format-standard","hentry","category-noticias"],"acf":[],"yoast_head":"<!-- This site is optimized with the Yoast SEO plugin v26.7 - https:\/\/yoast.com\/wordpress\/plugins\/seo\/ -->\n<title>Estudiantes del Colegio Integrado conocen elementos de un territorio inteligente - Arica y Parinacota<\/title>\n<meta name=\"robots\" content=\"index, follow, max-snippet:-1, max-image-preview:large, max-video-preview:-1\" \/>\n<link rel=\"canonical\" href=\"https:\/\/dev.explora.cl\/aricayparinacota\/estudiantes-del-colegio-integrado-conocen-elementos-de-un-territorio-inteligente\/\" class=\"yoast-seo-meta-tag\" \/>\n<meta property=\"og:locale\" content=\"es_ES\" class=\"yoast-seo-meta-tag\" \/>\n<meta property=\"og:type\" content=\"article\" class=\"yoast-seo-meta-tag\" \/>\n<meta property=\"og:title\" content=\"Estudiantes del Colegio Integrado conocen elementos de un territorio inteligente - Arica y Parinacota\" class=\"yoast-seo-meta-tag\" \/>\n<meta property=\"og:description\" content=\"Sobre tecnolog\u00eda espacial y el uso de plataformas que colaboran en optimizar el tiempo de los habitantes de una ciudad, fue la charla que desarroll\u00f3 la economista M\u00f3nica Navarrete en el Colegio Integrado Eduardo Frei Montalva. \u201cUtilizando la tecnolog\u00eda espacial. De cara al desarrollo de territorios inteligentes\u201d fue el tema que desarroll\u00f3 la Dra. M\u00f3nica [&hellip;]\" class=\"yoast-seo-meta-tag\" \/>\n<meta property=\"og:url\" content=\"https:\/\/dev.explora.cl\/aricayparinacota\/estudiantes-del-colegio-integrado-conocen-elementos-de-un-territorio-inteligente\/\" class=\"yoast-seo-meta-tag\" \/>\n<meta property=\"og:site_name\" content=\"Arica y Parinacota\" class=\"yoast-seo-meta-tag\" \/>\n<meta property=\"article:published_time\" content=\"2018-11-24T23:31:51+00:00\" class=\"yoast-seo-meta-tag\" \/>\n<meta property=\"article:modified_time\" content=\"2019-05-09T21:36:29+00:00\" class=\"yoast-seo-meta-tag\" \/>\n<meta property=\"og:image\" content=\"https:\/\/dev.explora.cl\/aricayparinacota\/wp-content\/uploads\/sites\/2\/2020\/10\/3.jpg\" class=\"yoast-seo-meta-tag\" \/>\n\t<meta property=\"og:image:width\" content=\"600\" class=\"yoast-seo-meta-tag\" \/>\n\t<meta property=\"og:image:height\" content=\"450\" class=\"yoast-seo-meta-tag\" \/>\n\t<meta property=\"og:image:type\" content=\"image\/jpeg\" class=\"yoast-seo-meta-tag\" \/>\n<meta name=\"author\" content=\"webman\" class=\"yoast-seo-meta-tag\" \/>\n<meta name=\"twitter:card\" content=\"summary_large_image\" class=\"yoast-seo-meta-tag\" \/>\n<meta name=\"twitter:label1\" content=\"Escrito por\" class=\"yoast-seo-meta-tag\" \/>\n\t<meta name=\"twitter:data1\" content=\"webman\" class=\"yoast-seo-meta-tag\" \/>\n\t<meta name=\"twitter:label2\" content=\"Tiempo estimado de lectura\" class=\"yoast-seo-meta-tag\" \/>\n\t<meta name=\"twitter:data2\" content=\"3 minutos\" class=\"yoast-seo-meta-tag\" \/>\n<script type=\"application\/ld+json\" class=\"yoast-schema-graph\">{\"@context\":\"https:\/\/schema.org\",\"@graph\":[{\"@type\":\"Article\",\"@id\":\"https:\/\/dev.explora.cl\/aricayparinacota\/estudiantes-del-colegio-integrado-conocen-elementos-de-un-territorio-inteligente\/#article\",\"isPartOf\":{\"@id\":\"https:\/\/dev.explora.cl\/aricayparinacota\/estudiantes-del-colegio-integrado-conocen-elementos-de-un-territorio-inteligente\/\"},\"author\":{\"name\":\"webman\",\"@id\":\"https:\/\/dev.explora.cl\/aricayparinacota\/#\/schema\/person\/cb8349c13ea2d324080adf8480d7ba5d\"},\"headline\":\"Estudiantes del Colegio Integrado conocen elementos de un territorio inteligente\",\"datePublished\":\"2018-11-24T23:31:51+00:00\",\"dateModified\":\"2019-05-09T21:36:29+00:00\",\"mainEntityOfPage\":{\"@id\":\"https:\/\/dev.explora.cl\/aricayparinacota\/estudiantes-del-colegio-integrado-conocen-elementos-de-un-territorio-inteligente\/\"},\"wordCount\":608,\"commentCount\":0,\"publisher\":{\"@id\":\"https:\/\/dev.explora.cl\/aricayparinacota\/#organization\"},\"image\":{\"@id\":\"https:\/\/dev.explora.cl\/aricayparinacota\/estudiantes-del-colegio-integrado-conocen-elementos-de-un-territorio-inteligente\/#primaryimage\"},\"thumbnailUrl\":\"https:\/\/dev.explora.cl\/wp-content\/uploads\/2018\/06\/Collage_1000C1000A_Nota_1.jpg\",\"articleSection\":[\"Noticias\"],\"inLanguage\":\"es-CL\",\"potentialAction\":[{\"@type\":\"CommentAction\",\"name\":\"Comment\",\"target\":[\"https:\/\/dev.explora.cl\/aricayparinacota\/estudiantes-del-colegio-integrado-conocen-elementos-de-un-territorio-inteligente\/#respond\"]}]},{\"@type\":\"WebPage\",\"@id\":\"https:\/\/dev.explora.cl\/aricayparinacota\/estudiantes-del-colegio-integrado-conocen-elementos-de-un-territorio-inteligente\/\",\"url\":\"https:\/\/dev.explora.cl\/aricayparinacota\/estudiantes-del-colegio-integrado-conocen-elementos-de-un-territorio-inteligente\/\",\"name\":\"Estudiantes del Colegio Integrado conocen elementos de un territorio inteligente - Arica y Parinacota\",\"isPartOf\":{\"@id\":\"https:\/\/dev.explora.cl\/aricayparinacota\/#website\"},\"primaryImageOfPage\":{\"@id\":\"https:\/\/dev.explora.cl\/aricayparinacota\/estudiantes-del-colegio-integrado-conocen-elementos-de-un-territorio-inteligente\/#primaryimage\"},\"image\":{\"@id\":\"https:\/\/dev.explora.cl\/aricayparinacota\/estudiantes-del-colegio-integrado-conocen-elementos-de-un-territorio-inteligente\/#primaryimage\"},\"thumbnailUrl\":\"https:\/\/dev.explora.cl\/wp-content\/uploads\/2018\/06\/Collage_1000C1000A_Nota_1.jpg\",\"datePublished\":\"2018-11-24T23:31:51+00:00\",\"dateModified\":\"2019-05-09T21:36:29+00:00\",\"breadcrumb\":{\"@id\":\"https:\/\/dev.explora.cl\/aricayparinacota\/estudiantes-del-colegio-integrado-conocen-elementos-de-un-territorio-inteligente\/#breadcrumb\"},\"inLanguage\":\"es-CL\",\"potentialAction\":[{\"@type\":\"ReadAction\",\"target\":[\"https:\/\/dev.explora.cl\/aricayparinacota\/estudiantes-del-colegio-integrado-conocen-elementos-de-un-territorio-inteligente\/\"]}]},{\"@type\":\"ImageObject\",\"inLanguage\":\"es-CL\",\"@id\":\"https:\/\/dev.explora.cl\/aricayparinacota\/estudiantes-del-colegio-integrado-conocen-elementos-de-un-territorio-inteligente\/#primaryimage\",\"url\":\"https:\/\/dev.explora.cl\/wp-content\/uploads\/2018\/06\/Collage_1000C1000A_Nota_1.jpg\",\"contentUrl\":\"https:\/\/dev.explora.cl\/wp-content\/uploads\/2018\/06\/Collage_1000C1000A_Nota_1.jpg\"},{\"@type\":\"BreadcrumbList\",\"@id\":\"https:\/\/dev.explora.cl\/aricayparinacota\/estudiantes-del-colegio-integrado-conocen-elementos-de-un-territorio-inteligente\/#breadcrumb\",\"itemListElement\":[{\"@type\":\"ListItem\",\"position\":1,\"name\":\"Portada\",\"item\":\"https:\/\/dev.explora.cl\/aricayparinacota\/\"},{\"@type\":\"ListItem\",\"position\":2,\"name\":\"Estudiantes del Colegio Integrado conocen elementos de un territorio inteligente\"}]},{\"@type\":\"WebSite\",\"@id\":\"https:\/\/dev.explora.cl\/aricayparinacota\/#website\",\"url\":\"https:\/\/dev.explora.cl\/aricayparinacota\/\",\"name\":\"Arica y Parinacota\",\"description\":\"Otro sitio m\u00e1s de dev.explora.cl\",\"publisher\":{\"@id\":\"https:\/\/dev.explora.cl\/aricayparinacota\/#organization\"},\"potentialAction\":[{\"@type\":\"SearchAction\",\"target\":{\"@type\":\"EntryPoint\",\"urlTemplate\":\"https:\/\/dev.explora.cl\/aricayparinacota\/?s={search_term_string}\"},\"query-input\":{\"@type\":\"PropertyValueSpecification\",\"valueRequired\":true,\"valueName\":\"search_term_string\"}}],\"inLanguage\":\"es-CL\"},{\"@type\":\"Organization\",\"@id\":\"https:\/\/dev.explora.cl\/aricayparinacota\/#organization\",\"name\":\"Arica y Parinacota\",\"url\":\"https:\/\/dev.explora.cl\/aricayparinacota\/\",\"logo\":{\"@type\":\"ImageObject\",\"inLanguage\":\"es-CL\",\"@id\":\"https:\/\/dev.explora.cl\/aricayparinacota\/#\/schema\/logo\/image\/\",\"url\":\"https:\/\/dev.explora.cl\/aricayparinacota\/wp-content\/uploads\/sites\/2\/2020\/08\/cropped-nuevosa-logos-11.png\",\"contentUrl\":\"https:\/\/dev.explora.cl\/aricayparinacota\/wp-content\/uploads\/sites\/2\/2020\/08\/cropped-nuevosa-logos-11.png\",\"width\":812,\"height\":937,\"caption\":\"Arica y Parinacota\"},\"image\":{\"@id\":\"https:\/\/dev.explora.cl\/aricayparinacota\/#\/schema\/logo\/image\/\"}},{\"@type\":\"Person\",\"@id\":\"https:\/\/dev.explora.cl\/aricayparinacota\/#\/schema\/person\/cb8349c13ea2d324080adf8480d7ba5d\",\"name\":\"webman\",\"image\":{\"@type\":\"ImageObject\",\"inLanguage\":\"es-CL\",\"@id\":\"https:\/\/dev.explora.cl\/aricayparinacota\/#\/schema\/person\/image\/\",\"url\":\"https:\/\/secure.gravatar.com\/avatar\/eeff3c82f2c02f7177d13663b7e6f890e9a6a0647ce9bb29cae02dcb094c7312?s=96&d=mm&r=g\",\"contentUrl\":\"https:\/\/secure.gravatar.com\/avatar\/eeff3c82f2c02f7177d13663b7e6f890e9a6a0647ce9bb29cae02dcb094c7312?s=96&d=mm&r=g\",\"caption\":\"webman\"},\"url\":\"https:\/\/dev.explora.cl\/aricayparinacota\/author\/webman\/\"}]}<\/script>\n<!-- \/ Yoast SEO plugin. -->","yoast_head_json":{"title":"Estudiantes del Colegio Integrado conocen elementos de un territorio inteligente - Arica y Parinacota","robots":{"index":"index","follow":"follow","max-snippet":"max-snippet:-1","max-image-preview":"max-image-preview:large","max-video-preview":"max-video-preview:-1"},"canonical":"https:\/\/dev.explora.cl\/aricayparinacota\/estudiantes-del-colegio-integrado-conocen-elementos-de-un-territorio-inteligente\/","og_locale":"es_ES","og_type":"article","og_title":"Estudiantes del Colegio Integrado conocen elementos de un territorio inteligente - Arica y Parinacota","og_description":"Sobre tecnolog\u00eda espacial y el uso de plataformas que colaboran en optimizar el tiempo de los habitantes de una ciudad, fue la charla que desarroll\u00f3 la economista M\u00f3nica Navarrete en el Colegio Integrado Eduardo Frei Montalva. \u201cUtilizando la tecnolog\u00eda espacial. De cara al desarrollo de territorios inteligentes\u201d fue el tema que desarroll\u00f3 la Dra. M\u00f3nica [&hellip;]","og_url":"https:\/\/dev.explora.cl\/aricayparinacota\/estudiantes-del-colegio-integrado-conocen-elementos-de-un-territorio-inteligente\/","og_site_name":"Arica y Parinacota","article_published_time":"2018-11-24T23:31:51+00:00","article_modified_time":"2019-05-09T21:36:29+00:00","og_image":[{"width":600,"height":450,"url":"https:\/\/dev.explora.cl\/aricayparinacota\/wp-content\/uploads\/sites\/2\/2020\/10\/3.jpg","type":"image\/jpeg"}],"author":"webman","twitter_card":"summary_large_image","twitter_misc":{"Escrito por":"webman","Tiempo estimado de lectura":"3 minutos"},"schema":{"@context":"https:\/\/schema.org","@graph":[{"@type":"Article","@id":"https:\/\/dev.explora.cl\/aricayparinacota\/estudiantes-del-colegio-integrado-conocen-elementos-de-un-territorio-inteligente\/#article","isPartOf":{"@id":"https:\/\/dev.explora.cl\/aricayparinacota\/estudiantes-del-colegio-integrado-conocen-elementos-de-un-territorio-inteligente\/"},"author":{"name":"webman","@id":"https:\/\/dev.explora.cl\/aricayparinacota\/#\/schema\/person\/cb8349c13ea2d324080adf8480d7ba5d"},"headline":"Estudiantes del Colegio Integrado conocen elementos de un territorio inteligente","datePublished":"2018-11-24T23:31:51+00:00","dateModified":"2019-05-09T21:36:29+00:00","mainEntityOfPage":{"@id":"https:\/\/dev.explora.cl\/aricayparinacota\/estudiantes-del-colegio-integrado-conocen-elementos-de-un-territorio-inteligente\/"},"wordCount":608,"commentCount":0,"publisher":{"@id":"https:\/\/dev.explora.cl\/aricayparinacota\/#organization"},"image":{"@id":"https:\/\/dev.explora.cl\/aricayparinacota\/estudiantes-del-colegio-integrado-conocen-elementos-de-un-territorio-inteligente\/#primaryimage"},"thumbnailUrl":"https:\/\/dev.explora.cl\/wp-content\/uploads\/2018\/06\/Collage_1000C1000A_Nota_1.jpg","articleSection":["Noticias"],"inLanguage":"es-CL","potentialAction":[{"@type":"CommentAction","name":"Comment","target":["https:\/\/dev.explora.cl\/aricayparinacota\/estudiantes-del-colegio-integrado-conocen-elementos-de-un-territorio-inteligente\/#respond"]}]},{"@type":"WebPage","@id":"https:\/\/dev.explora.cl\/aricayparinacota\/estudiantes-del-colegio-integrado-conocen-elementos-de-un-territorio-inteligente\/","url":"https:\/\/dev.explora.cl\/aricayparinacota\/estudiantes-del-colegio-integrado-conocen-elementos-de-un-territorio-inteligente\/","name":"Estudiantes del Colegio Integrado conocen elementos de un territorio inteligente - Arica y Parinacota","isPartOf":{"@id":"https:\/\/dev.explora.cl\/aricayparinacota\/#website"},"primaryImageOfPage":{"@id":"https:\/\/dev.explora.cl\/aricayparinacota\/estudiantes-del-colegio-integrado-conocen-elementos-de-un-territorio-inteligente\/#primaryimage"},"image":{"@id":"https:\/\/dev.explora.cl\/aricayparinacota\/estudiantes-del-colegio-integrado-conocen-elementos-de-un-territorio-inteligente\/#primaryimage"},"thumbnailUrl":"https:\/\/dev.explora.cl\/wp-content\/uploads\/2018\/06\/Collage_1000C1000A_Nota_1.jpg","datePublished":"2018-11-24T23:31:51+00:00","dateModified":"2019-05-09T21:36:29+00:00","breadcrumb":{"@id":"https:\/\/dev.explora.cl\/aricayparinacota\/estudiantes-del-colegio-integrado-conocen-elementos-de-un-territorio-inteligente\/#breadcrumb"},"inLanguage":"es-CL","potentialAction":[{"@type":"ReadAction","target":["https:\/\/dev.explora.cl\/aricayparinacota\/estudiantes-del-colegio-integrado-conocen-elementos-de-un-territorio-inteligente\/"]}]},{"@type":"ImageObject","inLanguage":"es-CL","@id":"https:\/\/dev.explora.cl\/aricayparinacota\/estudiantes-del-colegio-integrado-conocen-elementos-de-un-territorio-inteligente\/#primaryimage","url":"https:\/\/dev.explora.cl\/wp-content\/uploads\/2018\/06\/Collage_1000C1000A_Nota_1.jpg","contentUrl":"https:\/\/dev.explora.cl\/wp-content\/uploads\/2018\/06\/Collage_1000C1000A_Nota_1.jpg"},{"@type":"BreadcrumbList","@id":"https:\/\/dev.explora.cl\/aricayparinacota\/estudiantes-del-colegio-integrado-conocen-elementos-de-un-territorio-inteligente\/#breadcrumb","itemListElement":[{"@type":"ListItem","position":1,"name":"Portada","item":"https:\/\/dev.explora.cl\/aricayparinacota\/"},{"@type":"ListItem","position":2,"name":"Estudiantes del Colegio Integrado conocen elementos de un territorio inteligente"}]},{"@type":"WebSite","@id":"https:\/\/dev.explora.cl\/aricayparinacota\/#website","url":"https:\/\/dev.explora.cl\/aricayparinacota\/","name":"Arica y Parinacota","description":"Otro sitio m\u00e1s de dev.explora.cl","publisher":{"@id":"https:\/\/dev.explora.cl\/aricayparinacota\/#organization"},"potentialAction":[{"@type":"SearchAction","target":{"@type":"EntryPoint","urlTemplate":"https:\/\/dev.explora.cl\/aricayparinacota\/?s={search_term_string}"},"query-input":{"@type":"PropertyValueSpecification","valueRequired":true,"valueName":"search_term_string"}}],"inLanguage":"es-CL"},{"@type":"Organization","@id":"https:\/\/dev.explora.cl\/aricayparinacota\/#organization","name":"Arica y Parinacota","url":"https:\/\/dev.explora.cl\/aricayparinacota\/","logo":{"@type":"ImageObject","inLanguage":"es-CL","@id":"https:\/\/dev.explora.cl\/aricayparinacota\/#\/schema\/logo\/image\/","url":"https:\/\/dev.explora.cl\/aricayparinacota\/wp-content\/uploads\/sites\/2\/2020\/08\/cropped-nuevosa-logos-11.png","contentUrl":"https:\/\/dev.explora.cl\/aricayparinacota\/wp-content\/uploads\/sites\/2\/2020\/08\/cropped-nuevosa-logos-11.png","width":812,"height":937,"caption":"Arica y Parinacota"},"image":{"@id":"https:\/\/dev.explora.cl\/aricayparinacota\/#\/schema\/logo\/image\/"}},{"@type":"Person","@id":"https:\/\/dev.explora.cl\/aricayparinacota\/#\/schema\/person\/cb8349c13ea2d324080adf8480d7ba5d","name":"webman","image":{"@type":"ImageObject","inLanguage":"es-CL","@id":"https:\/\/dev.explora.cl\/aricayparinacota\/#\/schema\/person\/image\/","url":"https:\/\/secure.gravatar.com\/avatar\/eeff3c82f2c02f7177d13663b7e6f890e9a6a0647ce9bb29cae02dcb094c7312?s=96&d=mm&r=g","contentUrl":"https:\/\/secure.gravatar.com\/avatar\/eeff3c82f2c02f7177d13663b7e6f890e9a6a0647ce9bb29cae02dcb094c7312?s=96&d=mm&r=g","caption":"webman"},"url":"https:\/\/dev.explora.cl\/aricayparinacota\/author\/webman\/"}]}},"_links":{"self":[{"href":"https:\/\/dev.explora.cl\/aricayparinacota\/wp-json\/wp\/v2\/posts\/32451","targetHints":{"allow":["GET"]}}],"collection":[{"href":"https:\/\/dev.explora.cl\/aricayparinacota\/wp-json\/wp\/v2\/posts"}],"about":[{"href":"https:\/\/dev.explora.cl\/aricayparinacota\/wp-json\/wp\/v2\/types\/post"}],"author":[{"embeddable":true,"href":"https:\/\/dev.explora.cl\/aricayparinacota\/wp-json\/wp\/v2\/users\/2"}],"replies":[{"embeddable":true,"href":"https:\/\/dev.explora.cl\/aricayparinacota\/wp-json\/wp\/v2\/comments?post=32451"}],"version-history":[{"count":1,"href":"https:\/\/dev.explora.cl\/aricayparinacota\/wp-json\/wp\/v2\/posts\/32451\/revisions"}],"predecessor-version":[{"id":33702,"href":"https:\/\/dev.explora.cl\/aricayparinacota\/wp-json\/wp\/v2\/posts\/32451\/revisions\/33702"}],"wp:attachment":[{"href":"https:\/\/dev.explora.cl\/aricayparinacota\/wp-json\/wp\/v2\/media?parent=32451"}],"wp:term":[{"taxonomy":"category","embeddable":true,"href":"https:\/\/dev.explora.cl\/aricayparinacota\/wp-json\/wp\/v2\/categories?post=32451"},{"taxonomy":"post_tag","embeddable":true,"href":"https:\/\/dev.explora.cl\/aricayparinacota\/wp-json\/wp\/v2\/tags?post=32451"}],"curies":[{"name":"wp","href":"https:\/\/api.w.org\/{rel}","templated":true}]}}