{"id":32376,"date":"2018-05-25T00:00:00","date_gmt":"2018-05-25T00:00:00","guid":{"rendered":"https:\/\/dev.explora.cl\/aricayparinacota\/blog\/2018\/05\/25\/algo-va-a-suceder-en-el-kilometro-31-2\/"},"modified":"2019-05-09T20:57:16","modified_gmt":"2019-05-09T20:57:16","slug":"algo-va-a-suceder-en-el-kilometro-31-2","status":"publish","type":"post","link":"https:\/\/dev.explora.cl\/aricayparinacota\/algo-va-a-suceder-en-el-kilometro-31-2\/","title":{"rendered":"Algo va a suceder en el kil\u00f3metro 30"},"content":{"rendered":"<p><span style=\"font-size: 14pt\"><em>Todas las actividades del Proyecto Asociativo Regional Explora, que ejecuta la Universidad de Tarapac\u00e1, fueron dadas a conocer en la Escuela Espa\u00f1a del valle de Azapa a los docentes y directivos.<\/em><\/span><\/p>\n<p><span style=\"font-size: 14pt\">\u201cMotivaci\u00f3n\u201d. Fue la palabra con que la jefa de la UTP de la Escuela Espa\u00f1a, Isabel Garc\u00eda, sintetiz\u00f3 la reuni\u00f3n informativa, efectuada por el coordinador ejecutivo&nbsp;del PAR Explora CONICYT Arica y Parinacota, Claudio Fuentes, en este establecimiento educacional, ubicado a 30 kil\u00f3metros de la ciudad de Arica.<\/span><\/p>\n<p><span style=\"font-size: 14pt\"><\/span><\/p>\n<p><span style=\"font-size: 14pt\">Explora tiene como prop\u00f3sito generar la curiosidad en los ni\u00f1os y fomentar el que se hagan preguntas, en ese sentido ha definido como eje 2018 el a\u00f1o de las preguntas, con tal de potenciar el racionamiento cr\u00edtico reflexivo en los estudiantes, indic\u00f3 Claudio Fuentes, agregando que el objetivo es ser un puente entre el mundo cient\u00edfico y la escuela.<\/span><\/p>\n<p><span style=\"font-size: 14pt\"><\/span><\/p>\n<p><span style=\"font-size: 14pt\">Los asistentes fueron convocados a participar en la celebraci\u00f3n del \u201cD\u00eda de la ciencia en mi colegio\u201d; a requerir el \u201cPunto tecnol\u00f3gico\u201d, consistente en la instalaci\u00f3n de espacios interactivos en los establecimientos por parte de Explora, donde los estudiantes pueden encantarse con la ciencia a trav\u00e9s del videojuego Chinchorro, la aplicaci\u00f3n Realidad Aumentada, impresora en 3D y rob\u00f3tica. Se dio a conocer la oferta de \u201cVisitas guiadas\u201d a distintos sitios, con especialistas y cient\u00edficos, de modo que la experiencia de los ni\u00f1os en terreno sea mucho m\u00e1s constructiva y fomente el hacerse preguntas.<\/span><\/p>\n<p><span style=\"font-size: 14pt\"><\/span><\/p>\n<p><span style=\"font-size: 14pt\">El cl\u00e1sico \u00e1lbum de los \u00bfPor qu\u00e9?, el segundo semestre se repartir\u00e1 en forma gratuita a los docentes para que trabajen en actividades experimentales. Quienes resulten ganadores pueden obtener un premio, consistente en una expedici\u00f3n cient\u00edfica a un lugar de inter\u00e9s cultural y tur\u00edstico de la ciudad.<\/span><\/p>\n<p><span style=\"font-size: 14pt\"><\/span><\/p>\n<p><span style=\"font-size: 14pt\">El coordinador ejecutivo de Explora invit\u00f3 a los docentes a participar en el mes de octubre, en \u201cMuseos y laboratorios abiertos\u201d,&nbsp;&nbsp;\u201cFiesta de la ciencia y tecnolog\u00eda\u201d, Congreso Regional Escolar de Ciencia y Tecnolog\u00eda, \u201cFeria infantil\u201d, y en noviembre al Festival de Teatro, entre otros.<\/span><\/p>\n<p><span style=\"font-size: 14pt\"><\/span><\/p>\n<p><span style=\"font-size: 14pt\">Los docentes y directivos se\u00f1alaron que se las jugar\u00e1n por estar presentes, desarrollando algunas de estas actividades, que finalmente ir\u00e1n en beneficio de quienes cada d\u00eda se detienen en el kil\u00f3metro 30 para entrar a la escuela, donde la campana hace eco en el cerro que es parte del patio de juego.<\/span><\/p>\n<p><img loading=\"lazy\" decoding=\"async\" class=\" size-full wp-image-31642\" src=\"https:\/\/dev.explora.cl\/wp-content\/uploads\/2018\/05\/Collage_Km_30.jpg\" alt=\"Collage Km 30\" width=\"974\" height=\"250\" \/><\/p>\n","protected":false},"excerpt":{"rendered":"<p>Todas las actividades del Proyecto Asociativo Regional Explora, que ejecuta la Universidad de Tarapac\u00e1, fueron dadas a conocer en la Escuela Espa\u00f1a del valle de Azapa a los docentes y directivos. \u201cMotivaci\u00f3n\u201d. Fue la palabra con que la jefa de la UTP de la Escuela Espa\u00f1a, Isabel Garc\u00eda, sintetiz\u00f3 la reuni\u00f3n informativa, efectuada por el [&hellip;]<\/p>\n","protected":false},"author":2,"featured_media":31641,"comment_status":"open","ping_status":"open","sticky":false,"template":"","format":"standard","meta":{"_acf_changed":false,"_exactmetrics_skip_tracking":false,"_exactmetrics_sitenote_active":false,"_exactmetrics_sitenote_note":"","_exactmetrics_sitenote_category":0,"footnotes":"","_links_to":"","_links_to_target":""},"categories":[4],"tags":[],"class_list":["post-32376","post","type-post","status-publish","format-standard","has-post-thumbnail","hentry","category-noticias"],"acf":[],"yoast_head":"<!-- This site is optimized with the Yoast SEO plugin v26.7 - https:\/\/yoast.com\/wordpress\/plugins\/seo\/ -->\n<title>Algo va a suceder en el kil\u00f3metro 30 - Arica y Parinacota<\/title>\n<meta name=\"robots\" content=\"index, follow, max-snippet:-1, max-image-preview:large, max-video-preview:-1\" \/>\n<link rel=\"canonical\" href=\"https:\/\/dev.explora.cl\/aricayparinacota\/algo-va-a-suceder-en-el-kilometro-31-2\/\" class=\"yoast-seo-meta-tag\" \/>\n<meta property=\"og:locale\" content=\"es_ES\" class=\"yoast-seo-meta-tag\" \/>\n<meta property=\"og:type\" content=\"article\" class=\"yoast-seo-meta-tag\" \/>\n<meta property=\"og:title\" content=\"Algo va a suceder en el kil\u00f3metro 30 - Arica y Parinacota\" class=\"yoast-seo-meta-tag\" \/>\n<meta property=\"og:description\" content=\"Todas las actividades del Proyecto Asociativo Regional Explora, que ejecuta la Universidad de Tarapac\u00e1, fueron dadas a conocer en la Escuela Espa\u00f1a del valle de Azapa a los docentes y directivos. \u201cMotivaci\u00f3n\u201d. Fue la palabra con que la jefa de la UTP de la Escuela Espa\u00f1a, Isabel Garc\u00eda, sintetiz\u00f3 la reuni\u00f3n informativa, efectuada por el [&hellip;]\" class=\"yoast-seo-meta-tag\" \/>\n<meta property=\"og:url\" content=\"https:\/\/dev.explora.cl\/aricayparinacota\/algo-va-a-suceder-en-el-kilometro-31-2\/\" class=\"yoast-seo-meta-tag\" \/>\n<meta property=\"og:site_name\" content=\"Arica y Parinacota\" class=\"yoast-seo-meta-tag\" \/>\n<meta property=\"article:published_time\" content=\"2018-05-25T00:00:00+00:00\" class=\"yoast-seo-meta-tag\" \/>\n<meta property=\"article:modified_time\" content=\"2019-05-09T20:57:16+00:00\" class=\"yoast-seo-meta-tag\" \/>\n<meta property=\"og:image\" content=\"https:\/\/dev.explora.cl\/aricayparinacota\/wp-content\/uploads\/sites\/2\/2018\/05\/Miniatura_Km_30.jpg\" class=\"yoast-seo-meta-tag\" \/>\n\t<meta property=\"og:image:width\" content=\"223\" class=\"yoast-seo-meta-tag\" \/>\n\t<meta property=\"og:image:height\" content=\"147\" class=\"yoast-seo-meta-tag\" \/>\n\t<meta property=\"og:image:type\" content=\"image\/jpeg\" class=\"yoast-seo-meta-tag\" \/>\n<meta name=\"author\" content=\"webman\" class=\"yoast-seo-meta-tag\" \/>\n<meta name=\"twitter:card\" content=\"summary_large_image\" class=\"yoast-seo-meta-tag\" \/>\n<meta name=\"twitter:label1\" content=\"Escrito por\" class=\"yoast-seo-meta-tag\" \/>\n\t<meta name=\"twitter:data1\" content=\"webman\" class=\"yoast-seo-meta-tag\" \/>\n\t<meta name=\"twitter:label2\" content=\"Tiempo estimado de lectura\" class=\"yoast-seo-meta-tag\" \/>\n\t<meta name=\"twitter:data2\" content=\"2 minutos\" class=\"yoast-seo-meta-tag\" \/>\n<script type=\"application\/ld+json\" class=\"yoast-schema-graph\">{\"@context\":\"https:\/\/schema.org\",\"@graph\":[{\"@type\":\"Article\",\"@id\":\"https:\/\/dev.explora.cl\/aricayparinacota\/algo-va-a-suceder-en-el-kilometro-31-2\/#article\",\"isPartOf\":{\"@id\":\"https:\/\/dev.explora.cl\/aricayparinacota\/algo-va-a-suceder-en-el-kilometro-31-2\/\"},\"author\":{\"name\":\"webman\",\"@id\":\"https:\/\/dev.explora.cl\/aricayparinacota\/#\/schema\/person\/cb8349c13ea2d324080adf8480d7ba5d\"},\"headline\":\"Algo va a suceder en el kil\u00f3metro 30\",\"datePublished\":\"2018-05-25T00:00:00+00:00\",\"dateModified\":\"2019-05-09T20:57:16+00:00\",\"mainEntityOfPage\":{\"@id\":\"https:\/\/dev.explora.cl\/aricayparinacota\/algo-va-a-suceder-en-el-kilometro-31-2\/\"},\"wordCount\":416,\"commentCount\":0,\"publisher\":{\"@id\":\"https:\/\/dev.explora.cl\/aricayparinacota\/#organization\"},\"image\":{\"@id\":\"https:\/\/dev.explora.cl\/aricayparinacota\/algo-va-a-suceder-en-el-kilometro-31-2\/#primaryimage\"},\"thumbnailUrl\":\"https:\/\/dev.explora.cl\/aricayparinacota\/wp-content\/uploads\/sites\/2\/2018\/05\/Miniatura_Km_30.jpg\",\"articleSection\":[\"Noticias\"],\"inLanguage\":\"es-CL\",\"potentialAction\":[{\"@type\":\"CommentAction\",\"name\":\"Comment\",\"target\":[\"https:\/\/dev.explora.cl\/aricayparinacota\/algo-va-a-suceder-en-el-kilometro-31-2\/#respond\"]}]},{\"@type\":\"WebPage\",\"@id\":\"https:\/\/dev.explora.cl\/aricayparinacota\/algo-va-a-suceder-en-el-kilometro-31-2\/\",\"url\":\"https:\/\/dev.explora.cl\/aricayparinacota\/algo-va-a-suceder-en-el-kilometro-31-2\/\",\"name\":\"Algo va a suceder en el kil\u00f3metro 30 - Arica y Parinacota\",\"isPartOf\":{\"@id\":\"https:\/\/dev.explora.cl\/aricayparinacota\/#website\"},\"primaryImageOfPage\":{\"@id\":\"https:\/\/dev.explora.cl\/aricayparinacota\/algo-va-a-suceder-en-el-kilometro-31-2\/#primaryimage\"},\"image\":{\"@id\":\"https:\/\/dev.explora.cl\/aricayparinacota\/algo-va-a-suceder-en-el-kilometro-31-2\/#primaryimage\"},\"thumbnailUrl\":\"https:\/\/dev.explora.cl\/aricayparinacota\/wp-content\/uploads\/sites\/2\/2018\/05\/Miniatura_Km_30.jpg\",\"datePublished\":\"2018-05-25T00:00:00+00:00\",\"dateModified\":\"2019-05-09T20:57:16+00:00\",\"breadcrumb\":{\"@id\":\"https:\/\/dev.explora.cl\/aricayparinacota\/algo-va-a-suceder-en-el-kilometro-31-2\/#breadcrumb\"},\"inLanguage\":\"es-CL\",\"potentialAction\":[{\"@type\":\"ReadAction\",\"target\":[\"https:\/\/dev.explora.cl\/aricayparinacota\/algo-va-a-suceder-en-el-kilometro-31-2\/\"]}]},{\"@type\":\"ImageObject\",\"inLanguage\":\"es-CL\",\"@id\":\"https:\/\/dev.explora.cl\/aricayparinacota\/algo-va-a-suceder-en-el-kilometro-31-2\/#primaryimage\",\"url\":\"https:\/\/dev.explora.cl\/aricayparinacota\/wp-content\/uploads\/sites\/2\/2018\/05\/Miniatura_Km_30.jpg\",\"contentUrl\":\"https:\/\/dev.explora.cl\/aricayparinacota\/wp-content\/uploads\/sites\/2\/2018\/05\/Miniatura_Km_30.jpg\",\"width\":223,\"height\":147},{\"@type\":\"BreadcrumbList\",\"@id\":\"https:\/\/dev.explora.cl\/aricayparinacota\/algo-va-a-suceder-en-el-kilometro-31-2\/#breadcrumb\",\"itemListElement\":[{\"@type\":\"ListItem\",\"position\":1,\"name\":\"Portada\",\"item\":\"https:\/\/dev.explora.cl\/aricayparinacota\/\"},{\"@type\":\"ListItem\",\"position\":2,\"name\":\"Algo va a suceder en el kil\u00f3metro 30\"}]},{\"@type\":\"WebSite\",\"@id\":\"https:\/\/dev.explora.cl\/aricayparinacota\/#website\",\"url\":\"https:\/\/dev.explora.cl\/aricayparinacota\/\",\"name\":\"Arica y Parinacota\",\"description\":\"Otro sitio m\u00e1s de dev.explora.cl\",\"publisher\":{\"@id\":\"https:\/\/dev.explora.cl\/aricayparinacota\/#organization\"},\"potentialAction\":[{\"@type\":\"SearchAction\",\"target\":{\"@type\":\"EntryPoint\",\"urlTemplate\":\"https:\/\/dev.explora.cl\/aricayparinacota\/?s={search_term_string}\"},\"query-input\":{\"@type\":\"PropertyValueSpecification\",\"valueRequired\":true,\"valueName\":\"search_term_string\"}}],\"inLanguage\":\"es-CL\"},{\"@type\":\"Organization\",\"@id\":\"https:\/\/dev.explora.cl\/aricayparinacota\/#organization\",\"name\":\"Arica y Parinacota\",\"url\":\"https:\/\/dev.explora.cl\/aricayparinacota\/\",\"logo\":{\"@type\":\"ImageObject\",\"inLanguage\":\"es-CL\",\"@id\":\"https:\/\/dev.explora.cl\/aricayparinacota\/#\/schema\/logo\/image\/\",\"url\":\"https:\/\/dev.explora.cl\/aricayparinacota\/wp-content\/uploads\/sites\/2\/2020\/08\/cropped-nuevosa-logos-11.png\",\"contentUrl\":\"https:\/\/dev.explora.cl\/aricayparinacota\/wp-content\/uploads\/sites\/2\/2020\/08\/cropped-nuevosa-logos-11.png\",\"width\":812,\"height\":937,\"caption\":\"Arica y Parinacota\"},\"image\":{\"@id\":\"https:\/\/dev.explora.cl\/aricayparinacota\/#\/schema\/logo\/image\/\"}},{\"@type\":\"Person\",\"@id\":\"https:\/\/dev.explora.cl\/aricayparinacota\/#\/schema\/person\/cb8349c13ea2d324080adf8480d7ba5d\",\"name\":\"webman\",\"image\":{\"@type\":\"ImageObject\",\"inLanguage\":\"es-CL\",\"@id\":\"https:\/\/dev.explora.cl\/aricayparinacota\/#\/schema\/person\/image\/\",\"url\":\"https:\/\/secure.gravatar.com\/avatar\/eeff3c82f2c02f7177d13663b7e6f890e9a6a0647ce9bb29cae02dcb094c7312?s=96&d=mm&r=g\",\"contentUrl\":\"https:\/\/secure.gravatar.com\/avatar\/eeff3c82f2c02f7177d13663b7e6f890e9a6a0647ce9bb29cae02dcb094c7312?s=96&d=mm&r=g\",\"caption\":\"webman\"},\"url\":\"https:\/\/dev.explora.cl\/aricayparinacota\/author\/webman\/\"}]}<\/script>\n<!-- \/ Yoast SEO plugin. -->","yoast_head_json":{"title":"Algo va a suceder en el kil\u00f3metro 30 - Arica y Parinacota","robots":{"index":"index","follow":"follow","max-snippet":"max-snippet:-1","max-image-preview":"max-image-preview:large","max-video-preview":"max-video-preview:-1"},"canonical":"https:\/\/dev.explora.cl\/aricayparinacota\/algo-va-a-suceder-en-el-kilometro-31-2\/","og_locale":"es_ES","og_type":"article","og_title":"Algo va a suceder en el kil\u00f3metro 30 - Arica y Parinacota","og_description":"Todas las actividades del Proyecto Asociativo Regional Explora, que ejecuta la Universidad de Tarapac\u00e1, fueron dadas a conocer en la Escuela Espa\u00f1a del valle de Azapa a los docentes y directivos. \u201cMotivaci\u00f3n\u201d. Fue la palabra con que la jefa de la UTP de la Escuela Espa\u00f1a, Isabel Garc\u00eda, sintetiz\u00f3 la reuni\u00f3n informativa, efectuada por el [&hellip;]","og_url":"https:\/\/dev.explora.cl\/aricayparinacota\/algo-va-a-suceder-en-el-kilometro-31-2\/","og_site_name":"Arica y Parinacota","article_published_time":"2018-05-25T00:00:00+00:00","article_modified_time":"2019-05-09T20:57:16+00:00","og_image":[{"width":223,"height":147,"url":"https:\/\/dev.explora.cl\/aricayparinacota\/wp-content\/uploads\/sites\/2\/2018\/05\/Miniatura_Km_30.jpg","type":"image\/jpeg"}],"author":"webman","twitter_card":"summary_large_image","twitter_misc":{"Escrito por":"webman","Tiempo estimado de lectura":"2 minutos"},"schema":{"@context":"https:\/\/schema.org","@graph":[{"@type":"Article","@id":"https:\/\/dev.explora.cl\/aricayparinacota\/algo-va-a-suceder-en-el-kilometro-31-2\/#article","isPartOf":{"@id":"https:\/\/dev.explora.cl\/aricayparinacota\/algo-va-a-suceder-en-el-kilometro-31-2\/"},"author":{"name":"webman","@id":"https:\/\/dev.explora.cl\/aricayparinacota\/#\/schema\/person\/cb8349c13ea2d324080adf8480d7ba5d"},"headline":"Algo va a suceder en el kil\u00f3metro 30","datePublished":"2018-05-25T00:00:00+00:00","dateModified":"2019-05-09T20:57:16+00:00","mainEntityOfPage":{"@id":"https:\/\/dev.explora.cl\/aricayparinacota\/algo-va-a-suceder-en-el-kilometro-31-2\/"},"wordCount":416,"commentCount":0,"publisher":{"@id":"https:\/\/dev.explora.cl\/aricayparinacota\/#organization"},"image":{"@id":"https:\/\/dev.explora.cl\/aricayparinacota\/algo-va-a-suceder-en-el-kilometro-31-2\/#primaryimage"},"thumbnailUrl":"https:\/\/dev.explora.cl\/aricayparinacota\/wp-content\/uploads\/sites\/2\/2018\/05\/Miniatura_Km_30.jpg","articleSection":["Noticias"],"inLanguage":"es-CL","potentialAction":[{"@type":"CommentAction","name":"Comment","target":["https:\/\/dev.explora.cl\/aricayparinacota\/algo-va-a-suceder-en-el-kilometro-31-2\/#respond"]}]},{"@type":"WebPage","@id":"https:\/\/dev.explora.cl\/aricayparinacota\/algo-va-a-suceder-en-el-kilometro-31-2\/","url":"https:\/\/dev.explora.cl\/aricayparinacota\/algo-va-a-suceder-en-el-kilometro-31-2\/","name":"Algo va a suceder en el kil\u00f3metro 30 - Arica y Parinacota","isPartOf":{"@id":"https:\/\/dev.explora.cl\/aricayparinacota\/#website"},"primaryImageOfPage":{"@id":"https:\/\/dev.explora.cl\/aricayparinacota\/algo-va-a-suceder-en-el-kilometro-31-2\/#primaryimage"},"image":{"@id":"https:\/\/dev.explora.cl\/aricayparinacota\/algo-va-a-suceder-en-el-kilometro-31-2\/#primaryimage"},"thumbnailUrl":"https:\/\/dev.explora.cl\/aricayparinacota\/wp-content\/uploads\/sites\/2\/2018\/05\/Miniatura_Km_30.jpg","datePublished":"2018-05-25T00:00:00+00:00","dateModified":"2019-05-09T20:57:16+00:00","breadcrumb":{"@id":"https:\/\/dev.explora.cl\/aricayparinacota\/algo-va-a-suceder-en-el-kilometro-31-2\/#breadcrumb"},"inLanguage":"es-CL","potentialAction":[{"@type":"ReadAction","target":["https:\/\/dev.explora.cl\/aricayparinacota\/algo-va-a-suceder-en-el-kilometro-31-2\/"]}]},{"@type":"ImageObject","inLanguage":"es-CL","@id":"https:\/\/dev.explora.cl\/aricayparinacota\/algo-va-a-suceder-en-el-kilometro-31-2\/#primaryimage","url":"https:\/\/dev.explora.cl\/aricayparinacota\/wp-content\/uploads\/sites\/2\/2018\/05\/Miniatura_Km_30.jpg","contentUrl":"https:\/\/dev.explora.cl\/aricayparinacota\/wp-content\/uploads\/sites\/2\/2018\/05\/Miniatura_Km_30.jpg","width":223,"height":147},{"@type":"BreadcrumbList","@id":"https:\/\/dev.explora.cl\/aricayparinacota\/algo-va-a-suceder-en-el-kilometro-31-2\/#breadcrumb","itemListElement":[{"@type":"ListItem","position":1,"name":"Portada","item":"https:\/\/dev.explora.cl\/aricayparinacota\/"},{"@type":"ListItem","position":2,"name":"Algo va a suceder en el kil\u00f3metro 30"}]},{"@type":"WebSite","@id":"https:\/\/dev.explora.cl\/aricayparinacota\/#website","url":"https:\/\/dev.explora.cl\/aricayparinacota\/","name":"Arica y Parinacota","description":"Otro sitio m\u00e1s de dev.explora.cl","publisher":{"@id":"https:\/\/dev.explora.cl\/aricayparinacota\/#organization"},"potentialAction":[{"@type":"SearchAction","target":{"@type":"EntryPoint","urlTemplate":"https:\/\/dev.explora.cl\/aricayparinacota\/?s={search_term_string}"},"query-input":{"@type":"PropertyValueSpecification","valueRequired":true,"valueName":"search_term_string"}}],"inLanguage":"es-CL"},{"@type":"Organization","@id":"https:\/\/dev.explora.cl\/aricayparinacota\/#organization","name":"Arica y Parinacota","url":"https:\/\/dev.explora.cl\/aricayparinacota\/","logo":{"@type":"ImageObject","inLanguage":"es-CL","@id":"https:\/\/dev.explora.cl\/aricayparinacota\/#\/schema\/logo\/image\/","url":"https:\/\/dev.explora.cl\/aricayparinacota\/wp-content\/uploads\/sites\/2\/2020\/08\/cropped-nuevosa-logos-11.png","contentUrl":"https:\/\/dev.explora.cl\/aricayparinacota\/wp-content\/uploads\/sites\/2\/2020\/08\/cropped-nuevosa-logos-11.png","width":812,"height":937,"caption":"Arica y Parinacota"},"image":{"@id":"https:\/\/dev.explora.cl\/aricayparinacota\/#\/schema\/logo\/image\/"}},{"@type":"Person","@id":"https:\/\/dev.explora.cl\/aricayparinacota\/#\/schema\/person\/cb8349c13ea2d324080adf8480d7ba5d","name":"webman","image":{"@type":"ImageObject","inLanguage":"es-CL","@id":"https:\/\/dev.explora.cl\/aricayparinacota\/#\/schema\/person\/image\/","url":"https:\/\/secure.gravatar.com\/avatar\/eeff3c82f2c02f7177d13663b7e6f890e9a6a0647ce9bb29cae02dcb094c7312?s=96&d=mm&r=g","contentUrl":"https:\/\/secure.gravatar.com\/avatar\/eeff3c82f2c02f7177d13663b7e6f890e9a6a0647ce9bb29cae02dcb094c7312?s=96&d=mm&r=g","caption":"webman"},"url":"https:\/\/dev.explora.cl\/aricayparinacota\/author\/webman\/"}]}},"_links":{"self":[{"href":"https:\/\/dev.explora.cl\/aricayparinacota\/wp-json\/wp\/v2\/posts\/32376","targetHints":{"allow":["GET"]}}],"collection":[{"href":"https:\/\/dev.explora.cl\/aricayparinacota\/wp-json\/wp\/v2\/posts"}],"about":[{"href":"https:\/\/dev.explora.cl\/aricayparinacota\/wp-json\/wp\/v2\/types\/post"}],"author":[{"embeddable":true,"href":"https:\/\/dev.explora.cl\/aricayparinacota\/wp-json\/wp\/v2\/users\/2"}],"replies":[{"embeddable":true,"href":"https:\/\/dev.explora.cl\/aricayparinacota\/wp-json\/wp\/v2\/comments?post=32376"}],"version-history":[{"count":1,"href":"https:\/\/dev.explora.cl\/aricayparinacota\/wp-json\/wp\/v2\/posts\/32376\/revisions"}],"predecessor-version":[{"id":32791,"href":"https:\/\/dev.explora.cl\/aricayparinacota\/wp-json\/wp\/v2\/posts\/32376\/revisions\/32791"}],"wp:featuredmedia":[{"embeddable":true,"href":"https:\/\/dev.explora.cl\/aricayparinacota\/wp-json\/wp\/v2\/media\/31641"}],"wp:attachment":[{"href":"https:\/\/dev.explora.cl\/aricayparinacota\/wp-json\/wp\/v2\/media?parent=32376"}],"wp:term":[{"taxonomy":"category","embeddable":true,"href":"https:\/\/dev.explora.cl\/aricayparinacota\/wp-json\/wp\/v2\/categories?post=32376"},{"taxonomy":"post_tag","embeddable":true,"href":"https:\/\/dev.explora.cl\/aricayparinacota\/wp-json\/wp\/v2\/tags?post=32376"}],"curies":[{"name":"wp","href":"https:\/\/api.w.org\/{rel}","templated":true}]}}