{"id":32372,"date":"2018-05-09T00:00:00","date_gmt":"2018-05-09T00:00:00","guid":{"rendered":"https:\/\/dev.explora.cl\/aricayparinacota\/blog\/2018\/05\/09\/pequenos-cientificos-se-reunen-con-alcalde-de-arica-2\/"},"modified":"2019-05-09T20:58:06","modified_gmt":"2019-05-09T20:58:06","slug":"pequenos-cientificos-se-reunen-con-alcalde-de-arica-2","status":"publish","type":"post","link":"https:\/\/dev.explora.cl\/aricayparinacota\/pequenos-cientificos-se-reunen-con-alcalde-de-arica-2\/","title":{"rendered":"Peque\u00f1os cient\u00edficos se re\u00fanen con alcalde de Arica"},"content":{"rendered":"<p><em>Los estudiantes y sus profesores dieron a conocer los proyectos con los que obtuvieron reconocimiento a nivel regional, al alcalde y concejales de Arica.<\/em><\/p>\n<p>Los ganadores del Congreso Regional Escolar de Ciencia y Tecnolog\u00eda, CRECyT a\u00f1o 2017, del PAR Explora de CONICYT Arica y Parinacota, pertenecientes a la Escuela Dar\u00edo Salas D\u00edaz, Liceo Antonio Varas de la Barra y Liceo Domingo Santa Mar\u00eda, fueron invitados por el alcalde de la Municipalidad de Arica, Gerardo Esp\u00edndola, a una reuni\u00f3n desayuno en la Sala Fundaci\u00f3n.<\/p>\n<p>&nbsp;<\/p>\n<p>En la ocasi\u00f3n la m\u00e1xima autoridad regional, indic\u00f3 que \u201cme parece maravilloso lo que est\u00e1n haciendo estos estudiantes porque responde a la contingencia,&nbsp;&nbsp;a c\u00f3mo nos hacemos cargo del mundo que estamos viviendo, y frente a eso, su decisi\u00f3n es contribuir en mejorar el mundo desde la ciencia\u201d. Gerardo Esp\u00edndola, adem\u00e1s agreg\u00f3 que le parece \u201cgenial que tomen elementos s\u00faper necesarios, como el sol que hoy est\u00e1 subutilizado en nuestra ciudad, la problem\u00e1tica del valle y del hongo descubierto en la precordillera, esto es tomarse en serio este deseo de descubrir\u201d.<\/p>\n<p>&nbsp;<\/p>\n<p>Los estudiantes dieron a conocer sus investigaciones y respondieron preguntas de las autoridades que asistieron a esta reuni\u00f3n, tambi\u00e9n concordaron que fue muy bueno conocer la Municipalidad y al alcalde, y que \u00e9stos se hayan dado el tiempo para escucharlos.<\/p>\n<p>&nbsp;<\/p>\n<p>La directora del PAR Explora de CONICYT Arica y Parinacota, M\u00f3nica Navarrete, agradeci\u00f3 a nombre de la Universidad de Tarapac\u00e1, la invitaci\u00f3n de la Municipalidad. Indic\u00f3 que la Municipalidad se sumara a las felicitaciones de los estudiantes de tres colegios distintos, que han aplicado la ciencia y tecnolog\u00eda a problem\u00e1ticas regionales; hace que se estrechen los lazos de cooperaci\u00f3n por una mejor educaci\u00f3n para nuestros ni\u00f1os y ni\u00f1as en la Regi\u00f3n.<\/p>\n<p>&nbsp;<\/p>\n<p>Daniel Chipana, concejal de Arica, destac\u00f3 la alianza estrat\u00e9gica que existe entre la Universidad de Tarapac\u00e1, el PAR Explora de CONICYT y la Municipalidad, indicando que \u201cpara nosotros es s\u00faper interesante que nuestros colegios municipalizados est\u00e9n en este proceso, es una muy buena se\u00f1al, vemos que los j\u00f3venes se est\u00e1n moviendo en el tema cient\u00edfico y eso indica un muy buen futuro. Que trabajen en temas innovadores que pueden tener grandes resultados, indica que ellos han hecho la pega y ahora debemos seguir potenciando esta relaci\u00f3n\u201d.<\/p>\n<p>&nbsp;<\/p>\n<p>Otro concejal presente fue Jorge Mollo, quien se\u00f1al\u00f3 que \u00e9stos son \u201cpeque\u00f1os cient\u00edficos con grandes ideas y excelentes resultados, creo que esa es la conjunci\u00f3n matem\u00e1tica que necesitamos para que los colegios, profesores, los alumnos y el mundo p\u00fablico como la Municipalidad, seamos capaces de entrelazarnos para obtener buenos resultados\u201d.<\/p>\n<p>&nbsp;<\/p>\n<p>Los profesores asistentes agradecieron la oportunidad de este encuentro, manifestando que es una motivaci\u00f3n adicional a seguir avanzando, pues es una forma de decirles a los j\u00f3venes \u201clo est\u00e1n haciendo bien\u201d, adem\u00e1s de destacar que con esta actividad y otras lideradas por el PAR Explora de CONICYT Arica y Parinacota, se abre un mundo de oportunidades que antes no exist\u00edan.<\/p>\n<p>&nbsp;<\/p>\n<p><img loading=\"lazy\" decoding=\"async\" class=\" size-full wp-image-31240\" src=\"https:\/\/dev.explora.cl\/wp-content\/uploads\/2018\/05\/Collage_Peque%C3%B1os_Cientificos.jpg\" alt=\"Collage Peque\u00f1os Cientificos\" width=\"900\" height=\"216\" \/><\/p>\n","protected":false},"excerpt":{"rendered":"<p>Los estudiantes y sus profesores dieron a conocer los proyectos con los que obtuvieron reconocimiento a nivel regional, al alcalde y concejales de Arica. Los ganadores del Congreso Regional Escolar de Ciencia y Tecnolog\u00eda, CRECyT a\u00f1o 2017, del PAR Explora de CONICYT Arica y Parinacota, pertenecientes a la Escuela Dar\u00edo Salas D\u00edaz, Liceo Antonio Varas [&hellip;]<\/p>\n","protected":false},"author":2,"featured_media":31239,"comment_status":"open","ping_status":"open","sticky":false,"template":"","format":"standard","meta":{"_acf_changed":false,"_exactmetrics_skip_tracking":false,"_exactmetrics_sitenote_active":false,"_exactmetrics_sitenote_note":"","_exactmetrics_sitenote_category":0,"footnotes":"","_links_to":"","_links_to_target":""},"categories":[4],"tags":[],"class_list":["post-32372","post","type-post","status-publish","format-standard","has-post-thumbnail","hentry","category-noticias"],"acf":[],"yoast_head":"<!-- This site is optimized with the Yoast SEO plugin v26.7 - https:\/\/yoast.com\/wordpress\/plugins\/seo\/ -->\n<title>Peque\u00f1os cient\u00edficos se re\u00fanen con alcalde de Arica - Arica y Parinacota<\/title>\n<meta name=\"robots\" content=\"index, follow, max-snippet:-1, max-image-preview:large, max-video-preview:-1\" \/>\n<link rel=\"canonical\" href=\"https:\/\/dev.explora.cl\/aricayparinacota\/pequenos-cientificos-se-reunen-con-alcalde-de-arica-2\/\" class=\"yoast-seo-meta-tag\" \/>\n<meta property=\"og:locale\" content=\"es_ES\" class=\"yoast-seo-meta-tag\" \/>\n<meta property=\"og:type\" content=\"article\" class=\"yoast-seo-meta-tag\" \/>\n<meta property=\"og:title\" content=\"Peque\u00f1os cient\u00edficos se re\u00fanen con alcalde de Arica - Arica y Parinacota\" class=\"yoast-seo-meta-tag\" \/>\n<meta property=\"og:description\" content=\"Los estudiantes y sus profesores dieron a conocer los proyectos con los que obtuvieron reconocimiento a nivel regional, al alcalde y concejales de Arica. Los ganadores del Congreso Regional Escolar de Ciencia y Tecnolog\u00eda, CRECyT a\u00f1o 2017, del PAR Explora de CONICYT Arica y Parinacota, pertenecientes a la Escuela Dar\u00edo Salas D\u00edaz, Liceo Antonio Varas [&hellip;]\" class=\"yoast-seo-meta-tag\" \/>\n<meta property=\"og:url\" content=\"https:\/\/dev.explora.cl\/aricayparinacota\/pequenos-cientificos-se-reunen-con-alcalde-de-arica-2\/\" class=\"yoast-seo-meta-tag\" \/>\n<meta property=\"og:site_name\" content=\"Arica y Parinacota\" class=\"yoast-seo-meta-tag\" \/>\n<meta property=\"article:published_time\" content=\"2018-05-09T00:00:00+00:00\" class=\"yoast-seo-meta-tag\" \/>\n<meta property=\"article:modified_time\" content=\"2019-05-09T20:58:06+00:00\" class=\"yoast-seo-meta-tag\" \/>\n<meta property=\"og:image\" content=\"https:\/\/dev.explora.cl\/aricayparinacota\/wp-content\/uploads\/sites\/2\/2018\/05\/Miniatura_Peque\u00f1os_Cientificos.jpg\" class=\"yoast-seo-meta-tag\" \/>\n\t<meta property=\"og:image:width\" content=\"227\" class=\"yoast-seo-meta-tag\" \/>\n\t<meta property=\"og:image:height\" content=\"147\" class=\"yoast-seo-meta-tag\" \/>\n\t<meta property=\"og:image:type\" content=\"image\/jpeg\" class=\"yoast-seo-meta-tag\" \/>\n<meta name=\"author\" content=\"webman\" class=\"yoast-seo-meta-tag\" \/>\n<meta name=\"twitter:card\" content=\"summary_large_image\" class=\"yoast-seo-meta-tag\" \/>\n<meta name=\"twitter:label1\" content=\"Escrito por\" class=\"yoast-seo-meta-tag\" \/>\n\t<meta name=\"twitter:data1\" content=\"webman\" class=\"yoast-seo-meta-tag\" \/>\n\t<meta name=\"twitter:label2\" content=\"Tiempo estimado de lectura\" class=\"yoast-seo-meta-tag\" \/>\n\t<meta name=\"twitter:data2\" content=\"3 minutos\" class=\"yoast-seo-meta-tag\" \/>\n<script type=\"application\/ld+json\" class=\"yoast-schema-graph\">{\"@context\":\"https:\/\/schema.org\",\"@graph\":[{\"@type\":\"Article\",\"@id\":\"https:\/\/dev.explora.cl\/aricayparinacota\/pequenos-cientificos-se-reunen-con-alcalde-de-arica-2\/#article\",\"isPartOf\":{\"@id\":\"https:\/\/dev.explora.cl\/aricayparinacota\/pequenos-cientificos-se-reunen-con-alcalde-de-arica-2\/\"},\"author\":{\"name\":\"webman\",\"@id\":\"https:\/\/dev.explora.cl\/aricayparinacota\/#\/schema\/person\/cb8349c13ea2d324080adf8480d7ba5d\"},\"headline\":\"Peque\u00f1os cient\u00edficos se re\u00fanen con alcalde de Arica\",\"datePublished\":\"2018-05-09T00:00:00+00:00\",\"dateModified\":\"2019-05-09T20:58:06+00:00\",\"mainEntityOfPage\":{\"@id\":\"https:\/\/dev.explora.cl\/aricayparinacota\/pequenos-cientificos-se-reunen-con-alcalde-de-arica-2\/\"},\"wordCount\":547,\"commentCount\":0,\"publisher\":{\"@id\":\"https:\/\/dev.explora.cl\/aricayparinacota\/#organization\"},\"image\":{\"@id\":\"https:\/\/dev.explora.cl\/aricayparinacota\/pequenos-cientificos-se-reunen-con-alcalde-de-arica-2\/#primaryimage\"},\"thumbnailUrl\":\"https:\/\/dev.explora.cl\/aricayparinacota\/wp-content\/uploads\/sites\/2\/2018\/05\/Miniatura_Peque\u00f1os_Cientificos.jpg\",\"articleSection\":[\"Noticias\"],\"inLanguage\":\"es-CL\",\"potentialAction\":[{\"@type\":\"CommentAction\",\"name\":\"Comment\",\"target\":[\"https:\/\/dev.explora.cl\/aricayparinacota\/pequenos-cientificos-se-reunen-con-alcalde-de-arica-2\/#respond\"]}]},{\"@type\":\"WebPage\",\"@id\":\"https:\/\/dev.explora.cl\/aricayparinacota\/pequenos-cientificos-se-reunen-con-alcalde-de-arica-2\/\",\"url\":\"https:\/\/dev.explora.cl\/aricayparinacota\/pequenos-cientificos-se-reunen-con-alcalde-de-arica-2\/\",\"name\":\"Peque\u00f1os cient\u00edficos se re\u00fanen con alcalde de Arica - Arica y Parinacota\",\"isPartOf\":{\"@id\":\"https:\/\/dev.explora.cl\/aricayparinacota\/#website\"},\"primaryImageOfPage\":{\"@id\":\"https:\/\/dev.explora.cl\/aricayparinacota\/pequenos-cientificos-se-reunen-con-alcalde-de-arica-2\/#primaryimage\"},\"image\":{\"@id\":\"https:\/\/dev.explora.cl\/aricayparinacota\/pequenos-cientificos-se-reunen-con-alcalde-de-arica-2\/#primaryimage\"},\"thumbnailUrl\":\"https:\/\/dev.explora.cl\/aricayparinacota\/wp-content\/uploads\/sites\/2\/2018\/05\/Miniatura_Peque\u00f1os_Cientificos.jpg\",\"datePublished\":\"2018-05-09T00:00:00+00:00\",\"dateModified\":\"2019-05-09T20:58:06+00:00\",\"breadcrumb\":{\"@id\":\"https:\/\/dev.explora.cl\/aricayparinacota\/pequenos-cientificos-se-reunen-con-alcalde-de-arica-2\/#breadcrumb\"},\"inLanguage\":\"es-CL\",\"potentialAction\":[{\"@type\":\"ReadAction\",\"target\":[\"https:\/\/dev.explora.cl\/aricayparinacota\/pequenos-cientificos-se-reunen-con-alcalde-de-arica-2\/\"]}]},{\"@type\":\"ImageObject\",\"inLanguage\":\"es-CL\",\"@id\":\"https:\/\/dev.explora.cl\/aricayparinacota\/pequenos-cientificos-se-reunen-con-alcalde-de-arica-2\/#primaryimage\",\"url\":\"https:\/\/dev.explora.cl\/aricayparinacota\/wp-content\/uploads\/sites\/2\/2018\/05\/Miniatura_Peque\u00f1os_Cientificos.jpg\",\"contentUrl\":\"https:\/\/dev.explora.cl\/aricayparinacota\/wp-content\/uploads\/sites\/2\/2018\/05\/Miniatura_Peque\u00f1os_Cientificos.jpg\",\"width\":227,\"height\":147},{\"@type\":\"BreadcrumbList\",\"@id\":\"https:\/\/dev.explora.cl\/aricayparinacota\/pequenos-cientificos-se-reunen-con-alcalde-de-arica-2\/#breadcrumb\",\"itemListElement\":[{\"@type\":\"ListItem\",\"position\":1,\"name\":\"Portada\",\"item\":\"https:\/\/dev.explora.cl\/aricayparinacota\/\"},{\"@type\":\"ListItem\",\"position\":2,\"name\":\"Peque\u00f1os cient\u00edficos se re\u00fanen con alcalde de Arica\"}]},{\"@type\":\"WebSite\",\"@id\":\"https:\/\/dev.explora.cl\/aricayparinacota\/#website\",\"url\":\"https:\/\/dev.explora.cl\/aricayparinacota\/\",\"name\":\"Arica y Parinacota\",\"description\":\"Otro sitio m\u00e1s de dev.explora.cl\",\"publisher\":{\"@id\":\"https:\/\/dev.explora.cl\/aricayparinacota\/#organization\"},\"potentialAction\":[{\"@type\":\"SearchAction\",\"target\":{\"@type\":\"EntryPoint\",\"urlTemplate\":\"https:\/\/dev.explora.cl\/aricayparinacota\/?s={search_term_string}\"},\"query-input\":{\"@type\":\"PropertyValueSpecification\",\"valueRequired\":true,\"valueName\":\"search_term_string\"}}],\"inLanguage\":\"es-CL\"},{\"@type\":\"Organization\",\"@id\":\"https:\/\/dev.explora.cl\/aricayparinacota\/#organization\",\"name\":\"Arica y Parinacota\",\"url\":\"https:\/\/dev.explora.cl\/aricayparinacota\/\",\"logo\":{\"@type\":\"ImageObject\",\"inLanguage\":\"es-CL\",\"@id\":\"https:\/\/dev.explora.cl\/aricayparinacota\/#\/schema\/logo\/image\/\",\"url\":\"https:\/\/dev.explora.cl\/aricayparinacota\/wp-content\/uploads\/sites\/2\/2020\/08\/cropped-nuevosa-logos-11.png\",\"contentUrl\":\"https:\/\/dev.explora.cl\/aricayparinacota\/wp-content\/uploads\/sites\/2\/2020\/08\/cropped-nuevosa-logos-11.png\",\"width\":812,\"height\":937,\"caption\":\"Arica y Parinacota\"},\"image\":{\"@id\":\"https:\/\/dev.explora.cl\/aricayparinacota\/#\/schema\/logo\/image\/\"}},{\"@type\":\"Person\",\"@id\":\"https:\/\/dev.explora.cl\/aricayparinacota\/#\/schema\/person\/cb8349c13ea2d324080adf8480d7ba5d\",\"name\":\"webman\",\"image\":{\"@type\":\"ImageObject\",\"inLanguage\":\"es-CL\",\"@id\":\"https:\/\/dev.explora.cl\/aricayparinacota\/#\/schema\/person\/image\/\",\"url\":\"https:\/\/secure.gravatar.com\/avatar\/eeff3c82f2c02f7177d13663b7e6f890e9a6a0647ce9bb29cae02dcb094c7312?s=96&d=mm&r=g\",\"contentUrl\":\"https:\/\/secure.gravatar.com\/avatar\/eeff3c82f2c02f7177d13663b7e6f890e9a6a0647ce9bb29cae02dcb094c7312?s=96&d=mm&r=g\",\"caption\":\"webman\"},\"url\":\"https:\/\/dev.explora.cl\/aricayparinacota\/author\/webman\/\"}]}<\/script>\n<!-- \/ Yoast SEO plugin. -->","yoast_head_json":{"title":"Peque\u00f1os cient\u00edficos se re\u00fanen con alcalde de Arica - Arica y Parinacota","robots":{"index":"index","follow":"follow","max-snippet":"max-snippet:-1","max-image-preview":"max-image-preview:large","max-video-preview":"max-video-preview:-1"},"canonical":"https:\/\/dev.explora.cl\/aricayparinacota\/pequenos-cientificos-se-reunen-con-alcalde-de-arica-2\/","og_locale":"es_ES","og_type":"article","og_title":"Peque\u00f1os cient\u00edficos se re\u00fanen con alcalde de Arica - Arica y Parinacota","og_description":"Los estudiantes y sus profesores dieron a conocer los proyectos con los que obtuvieron reconocimiento a nivel regional, al alcalde y concejales de Arica. Los ganadores del Congreso Regional Escolar de Ciencia y Tecnolog\u00eda, CRECyT a\u00f1o 2017, del PAR Explora de CONICYT Arica y Parinacota, pertenecientes a la Escuela Dar\u00edo Salas D\u00edaz, Liceo Antonio Varas [&hellip;]","og_url":"https:\/\/dev.explora.cl\/aricayparinacota\/pequenos-cientificos-se-reunen-con-alcalde-de-arica-2\/","og_site_name":"Arica y Parinacota","article_published_time":"2018-05-09T00:00:00+00:00","article_modified_time":"2019-05-09T20:58:06+00:00","og_image":[{"width":227,"height":147,"url":"https:\/\/dev.explora.cl\/aricayparinacota\/wp-content\/uploads\/sites\/2\/2018\/05\/Miniatura_Peque\u00f1os_Cientificos.jpg","type":"image\/jpeg"}],"author":"webman","twitter_card":"summary_large_image","twitter_misc":{"Escrito por":"webman","Tiempo estimado de lectura":"3 minutos"},"schema":{"@context":"https:\/\/schema.org","@graph":[{"@type":"Article","@id":"https:\/\/dev.explora.cl\/aricayparinacota\/pequenos-cientificos-se-reunen-con-alcalde-de-arica-2\/#article","isPartOf":{"@id":"https:\/\/dev.explora.cl\/aricayparinacota\/pequenos-cientificos-se-reunen-con-alcalde-de-arica-2\/"},"author":{"name":"webman","@id":"https:\/\/dev.explora.cl\/aricayparinacota\/#\/schema\/person\/cb8349c13ea2d324080adf8480d7ba5d"},"headline":"Peque\u00f1os cient\u00edficos se re\u00fanen con alcalde de Arica","datePublished":"2018-05-09T00:00:00+00:00","dateModified":"2019-05-09T20:58:06+00:00","mainEntityOfPage":{"@id":"https:\/\/dev.explora.cl\/aricayparinacota\/pequenos-cientificos-se-reunen-con-alcalde-de-arica-2\/"},"wordCount":547,"commentCount":0,"publisher":{"@id":"https:\/\/dev.explora.cl\/aricayparinacota\/#organization"},"image":{"@id":"https:\/\/dev.explora.cl\/aricayparinacota\/pequenos-cientificos-se-reunen-con-alcalde-de-arica-2\/#primaryimage"},"thumbnailUrl":"https:\/\/dev.explora.cl\/aricayparinacota\/wp-content\/uploads\/sites\/2\/2018\/05\/Miniatura_Peque\u00f1os_Cientificos.jpg","articleSection":["Noticias"],"inLanguage":"es-CL","potentialAction":[{"@type":"CommentAction","name":"Comment","target":["https:\/\/dev.explora.cl\/aricayparinacota\/pequenos-cientificos-se-reunen-con-alcalde-de-arica-2\/#respond"]}]},{"@type":"WebPage","@id":"https:\/\/dev.explora.cl\/aricayparinacota\/pequenos-cientificos-se-reunen-con-alcalde-de-arica-2\/","url":"https:\/\/dev.explora.cl\/aricayparinacota\/pequenos-cientificos-se-reunen-con-alcalde-de-arica-2\/","name":"Peque\u00f1os cient\u00edficos se re\u00fanen con alcalde de Arica - Arica y Parinacota","isPartOf":{"@id":"https:\/\/dev.explora.cl\/aricayparinacota\/#website"},"primaryImageOfPage":{"@id":"https:\/\/dev.explora.cl\/aricayparinacota\/pequenos-cientificos-se-reunen-con-alcalde-de-arica-2\/#primaryimage"},"image":{"@id":"https:\/\/dev.explora.cl\/aricayparinacota\/pequenos-cientificos-se-reunen-con-alcalde-de-arica-2\/#primaryimage"},"thumbnailUrl":"https:\/\/dev.explora.cl\/aricayparinacota\/wp-content\/uploads\/sites\/2\/2018\/05\/Miniatura_Peque\u00f1os_Cientificos.jpg","datePublished":"2018-05-09T00:00:00+00:00","dateModified":"2019-05-09T20:58:06+00:00","breadcrumb":{"@id":"https:\/\/dev.explora.cl\/aricayparinacota\/pequenos-cientificos-se-reunen-con-alcalde-de-arica-2\/#breadcrumb"},"inLanguage":"es-CL","potentialAction":[{"@type":"ReadAction","target":["https:\/\/dev.explora.cl\/aricayparinacota\/pequenos-cientificos-se-reunen-con-alcalde-de-arica-2\/"]}]},{"@type":"ImageObject","inLanguage":"es-CL","@id":"https:\/\/dev.explora.cl\/aricayparinacota\/pequenos-cientificos-se-reunen-con-alcalde-de-arica-2\/#primaryimage","url":"https:\/\/dev.explora.cl\/aricayparinacota\/wp-content\/uploads\/sites\/2\/2018\/05\/Miniatura_Peque\u00f1os_Cientificos.jpg","contentUrl":"https:\/\/dev.explora.cl\/aricayparinacota\/wp-content\/uploads\/sites\/2\/2018\/05\/Miniatura_Peque\u00f1os_Cientificos.jpg","width":227,"height":147},{"@type":"BreadcrumbList","@id":"https:\/\/dev.explora.cl\/aricayparinacota\/pequenos-cientificos-se-reunen-con-alcalde-de-arica-2\/#breadcrumb","itemListElement":[{"@type":"ListItem","position":1,"name":"Portada","item":"https:\/\/dev.explora.cl\/aricayparinacota\/"},{"@type":"ListItem","position":2,"name":"Peque\u00f1os cient\u00edficos se re\u00fanen con alcalde de Arica"}]},{"@type":"WebSite","@id":"https:\/\/dev.explora.cl\/aricayparinacota\/#website","url":"https:\/\/dev.explora.cl\/aricayparinacota\/","name":"Arica y Parinacota","description":"Otro sitio m\u00e1s de dev.explora.cl","publisher":{"@id":"https:\/\/dev.explora.cl\/aricayparinacota\/#organization"},"potentialAction":[{"@type":"SearchAction","target":{"@type":"EntryPoint","urlTemplate":"https:\/\/dev.explora.cl\/aricayparinacota\/?s={search_term_string}"},"query-input":{"@type":"PropertyValueSpecification","valueRequired":true,"valueName":"search_term_string"}}],"inLanguage":"es-CL"},{"@type":"Organization","@id":"https:\/\/dev.explora.cl\/aricayparinacota\/#organization","name":"Arica y Parinacota","url":"https:\/\/dev.explora.cl\/aricayparinacota\/","logo":{"@type":"ImageObject","inLanguage":"es-CL","@id":"https:\/\/dev.explora.cl\/aricayparinacota\/#\/schema\/logo\/image\/","url":"https:\/\/dev.explora.cl\/aricayparinacota\/wp-content\/uploads\/sites\/2\/2020\/08\/cropped-nuevosa-logos-11.png","contentUrl":"https:\/\/dev.explora.cl\/aricayparinacota\/wp-content\/uploads\/sites\/2\/2020\/08\/cropped-nuevosa-logos-11.png","width":812,"height":937,"caption":"Arica y Parinacota"},"image":{"@id":"https:\/\/dev.explora.cl\/aricayparinacota\/#\/schema\/logo\/image\/"}},{"@type":"Person","@id":"https:\/\/dev.explora.cl\/aricayparinacota\/#\/schema\/person\/cb8349c13ea2d324080adf8480d7ba5d","name":"webman","image":{"@type":"ImageObject","inLanguage":"es-CL","@id":"https:\/\/dev.explora.cl\/aricayparinacota\/#\/schema\/person\/image\/","url":"https:\/\/secure.gravatar.com\/avatar\/eeff3c82f2c02f7177d13663b7e6f890e9a6a0647ce9bb29cae02dcb094c7312?s=96&d=mm&r=g","contentUrl":"https:\/\/secure.gravatar.com\/avatar\/eeff3c82f2c02f7177d13663b7e6f890e9a6a0647ce9bb29cae02dcb094c7312?s=96&d=mm&r=g","caption":"webman"},"url":"https:\/\/dev.explora.cl\/aricayparinacota\/author\/webman\/"}]}},"_links":{"self":[{"href":"https:\/\/dev.explora.cl\/aricayparinacota\/wp-json\/wp\/v2\/posts\/32372","targetHints":{"allow":["GET"]}}],"collection":[{"href":"https:\/\/dev.explora.cl\/aricayparinacota\/wp-json\/wp\/v2\/posts"}],"about":[{"href":"https:\/\/dev.explora.cl\/aricayparinacota\/wp-json\/wp\/v2\/types\/post"}],"author":[{"embeddable":true,"href":"https:\/\/dev.explora.cl\/aricayparinacota\/wp-json\/wp\/v2\/users\/2"}],"replies":[{"embeddable":true,"href":"https:\/\/dev.explora.cl\/aricayparinacota\/wp-json\/wp\/v2\/comments?post=32372"}],"version-history":[{"count":1,"href":"https:\/\/dev.explora.cl\/aricayparinacota\/wp-json\/wp\/v2\/posts\/32372\/revisions"}],"predecessor-version":[{"id":32796,"href":"https:\/\/dev.explora.cl\/aricayparinacota\/wp-json\/wp\/v2\/posts\/32372\/revisions\/32796"}],"wp:featuredmedia":[{"embeddable":true,"href":"https:\/\/dev.explora.cl\/aricayparinacota\/wp-json\/wp\/v2\/media\/31239"}],"wp:attachment":[{"href":"https:\/\/dev.explora.cl\/aricayparinacota\/wp-json\/wp\/v2\/media?parent=32372"}],"wp:term":[{"taxonomy":"category","embeddable":true,"href":"https:\/\/dev.explora.cl\/aricayparinacota\/wp-json\/wp\/v2\/categories?post=32372"},{"taxonomy":"post_tag","embeddable":true,"href":"https:\/\/dev.explora.cl\/aricayparinacota\/wp-json\/wp\/v2\/tags?post=32372"}],"curies":[{"name":"wp","href":"https:\/\/api.w.org\/{rel}","templated":true}]}}