{"id":32366,"date":"2018-04-20T00:00:00","date_gmt":"2018-04-20T00:00:00","guid":{"rendered":"https:\/\/dev.explora.cl\/aricayparinacota\/blog\/2018\/04\/20\/explora-es-el-mundo-que-se-abre-para-todos-2\/"},"modified":"2019-05-09T20:59:24","modified_gmt":"2019-05-09T20:59:24","slug":"explora-es-el-mundo-que-se-abre-para-todos-2","status":"publish","type":"post","link":"https:\/\/dev.explora.cl\/aricayparinacota\/explora-es-el-mundo-que-se-abre-para-todos-2\/","title":{"rendered":"Explora, es el mundo que se abre para todos"},"content":{"rendered":"<p class=\"m_-608343363015948277x_MsoNormal\" style=\"margin-top: 0px;margin-bottom: 0px;color: #000000;font-family: Calibri, Helvetica, sans-serif;font-size: 16px;font-style: normal;font-weight: 400;letter-spacing: normal;text-indent: 0px;text-transform: none;background-color: #ffffff;text-align: justify\"><i><span style=\"font-size: 12pt;line-height: 18.4px;font-family: Arial, sans-serif\">El a\u00f1o de los \u00bfPor qu\u00e9?, es el tema que durante todo el 2018 formar\u00e1 parte de las actividades del Proyecto Explora de la Universidad de Tarapac\u00e1, fomentando el razonamiento cr\u00edtico reflexivo a trav\u00e9s de distintos focos de acci\u00f3n.<span style=\"text-decoration: underline\"><\/span><span style=\"text-decoration: underline\"><\/span><\/span><\/i><\/p>\n<p class=\"m_-608343363015948277x_MsoNormal\" style=\"margin-top: 0px;margin-bottom: 0px;color: #000000;font-family: Calibri, Helvetica, sans-serif;font-size: 16px;font-style: normal;font-weight: 400;letter-spacing: normal;text-indent: 0px;text-transform: none;background-color: #ffffff;text-align: justify\"><i><span style=\"font-size: 12pt;line-height: 18.4px;font-family: Arial, sans-serif\"><span style=\"text-decoration: underline\"><\/span>&nbsp;<span style=\"text-decoration: underline\"><\/span><\/span><\/i><\/p>\n<p class=\"m_-608343363015948277x_MsoNormal\" style=\"margin-top: 0px;margin-bottom: 0px;color: #000000;font-family: Calibri, Helvetica, sans-serif;font-size: 16px;font-style: normal;font-weight: 400;letter-spacing: normal;text-indent: 0px;text-transform: none;background-color: #ffffff;text-align: justify\"><span style=\"font-size: 12pt;line-height: 18.4px;font-family: Arial, sans-serif\">En la cuenta de gesti\u00f3n, entregada por la directora del proyecto, M\u00f3nica Navarrete y en las actividades presentadas por el coordinador ejecutivo, Claudio Fuentes, los asistentes, directores de establecimientos educacionales, profesores, cient\u00edficos e investigadores de la Regi\u00f3n de Arica y Parinacota, plantearon sus diversas apreciaciones.<span style=\"text-decoration: underline\"><\/span><span style=\"text-decoration: underline\"><\/span><\/span><\/p>\n<p class=\"m_-608343363015948277x_MsoNormal\" style=\"margin-top: 0px;margin-bottom: 0px;color: #000000;font-family: Calibri, Helvetica, sans-serif;font-size: 16px;font-style: normal;font-weight: 400;letter-spacing: normal;text-indent: 0px;text-transform: none;background-color: #ffffff;text-align: justify\"><span style=\"font-size: 12pt;line-height: 18.4px;font-family: Arial, sans-serif\"><\/span><\/p>\n<p class=\"m_-608343363015948277x_MsoNormal\" style=\"margin-top: 0px;margin-bottom: 0px;color: #000000;font-family: Calibri, Helvetica, sans-serif;font-size: 16px;font-style: normal;font-weight: 400;letter-spacing: normal;text-indent: 0px;text-transform: none;background-color: #ffffff;text-align: justify\"><b><span style=\"font-size: 12pt;line-height: 18.4px;font-family: Arial, sans-serif\">Maycole Salamanca, Director Provincial de Educaci\u00f3n<\/span><\/b><span style=\"font-size: 12pt;line-height: 18.4px;font-family: Arial, sans-serif\">: \u201cHablar de Explora es hablar de un mundo que se abre a todos, ac\u00e1 el trabajo de los profesores es fundamental; la Universidad est\u00e1 generando un punto de encuentro y una valoraci\u00f3n a lo que es la formaci\u00f3n docente\u201d. El directivo se\u00f1al\u00f3 que es destacable que se validen a quienes pasaron por las aulas para ser docentes y que a veces no son considerados en la relevancia que tienen como formadores de nuevas generaciones.<span style=\"text-decoration: underline\"><\/span><span style=\"text-decoration: underline\"><\/span><\/span><\/p>\n<p class=\"m_-608343363015948277x_MsoNormal\" style=\"margin-top: 0px;margin-bottom: 0px;color: #000000;font-family: Calibri, Helvetica, sans-serif;font-size: 16px;font-style: normal;font-weight: 400;letter-spacing: normal;text-indent: 0px;text-transform: none;background-color: #ffffff;text-align: justify\"><span style=\"font-size: 12pt;line-height: 18.4px;font-family: Arial, sans-serif\"><\/span><\/p>\n<p class=\"m_-608343363015948277x_MsoNormal\" style=\"margin-top: 0px;margin-bottom: 0px;color: #000000;font-family: Calibri, Helvetica, sans-serif;font-size: 16px;font-style: normal;font-weight: 400;letter-spacing: normal;text-indent: 0px;text-transform: none;background-color: #ffffff;text-align: justify\"><b><span style=\"font-size: 12pt;line-height: 18.4px;font-family: Arial, sans-serif\">Pilar Mazuela, decana de la Facultad de Ciencias Agron\u00f3micas de la UTA<\/span><\/b><span style=\"font-size: 12pt;line-height: 18.4px;font-family: Arial, sans-serif\">: \u201cExplora cada d\u00eda es m\u00e1s y las proyecciones que tienen para el a\u00f1o 2018 son fant\u00e1sticas. Que est\u00e9n trabajando con los ni\u00f1os desde la m\u00e1s tierna edad, que entendamos c\u00f3mo funcionan, que empiecen a querer la ciencia y valorar los por qu\u00e9\u2026 eso lo encuentro maravilloso. Se ve un equipo humano que est\u00e1 consolidado, que realmente est\u00e1 haciendo cambiar la mentalidad, aportando en formar mejores personas y c\u00f3mo se est\u00e1n valorando los profesores y ser l\u00edderes, desde todo punto de vista es una tremenda actividad\u201d.<span style=\"text-decoration: underline\"><\/span><span style=\"text-decoration: underline\"><\/span><\/span><\/p>\n<p class=\"m_-608343363015948277x_MsoNormal\" style=\"margin-top: 0px;margin-bottom: 0px;color: #000000;font-family: Calibri, Helvetica, sans-serif;font-size: 16px;font-style: normal;font-weight: 400;letter-spacing: normal;text-indent: 0px;text-transform: none;background-color: #ffffff;text-align: justify\"><span style=\"font-size: 12pt;line-height: 18.4px;font-family: Arial, sans-serif\"><\/span><\/p>\n<p class=\"m_-608343363015948277x_MsoNormal\" style=\"margin-top: 0px;margin-bottom: 0px;color: #000000;font-family: Calibri, Helvetica, sans-serif;font-size: 16px;font-style: normal;font-weight: 400;letter-spacing: normal;text-indent: 0px;text-transform: none;background-color: #ffffff;text-align: justify\"><b><span style=\"font-size: 12pt;line-height: 18.4px;font-family: Arial, sans-serif\">Rub\u00e9n L\u00f3pez, acad\u00e9mico Departamento de Matem\u00e1tica de la UTA<\/span><\/b><span style=\"font-size: 12pt;line-height: 18.4px;font-family: Arial, sans-serif\">: \u201cExplora es muy importante para el desarrollo cient\u00edfico de la regi\u00f3n y los felicito por todas las actividades realizadas. Que est\u00e9 orientando actividades para encantar con la matem\u00e1tica es un tremendo apoyo para mejorar los indicadores regionales del \u00e1rea\u201d.<\/span><\/p>\n<p class=\"m_-608343363015948277x_MsoNormal\" style=\"margin-top: 0px;margin-bottom: 0px;color: #000000;font-family: Calibri, Helvetica, sans-serif;font-size: 16px;font-style: normal;font-weight: 400;letter-spacing: normal;text-indent: 0px;text-transform: none;background-color: #ffffff;text-align: justify\"><span style=\"font-size: 12pt;line-height: 18.4px;font-family: Arial, sans-serif\"><\/span><\/p>\n<p class=\"m_-608343363015948277x_MsoNormal\" style=\"margin-top: 0px;margin-bottom: 0px;color: #000000;font-family: Calibri, Helvetica, sans-serif;font-size: 16px;font-style: normal;font-weight: 400;letter-spacing: normal;text-indent: 0px;text-transform: none;background-color: #ffffff;text-align: justify\"><b><span style=\"font-size: 12pt;line-height: 18.4px;font-family: Arial, sans-serif\">Fernando Guti\u00e9rrez, jefe t\u00e9cnico del Liceo Jovina Naranjo Fern\u00e1ndez<\/span><\/b><span style=\"font-size: 12pt;line-height: 18.4px;font-family: Arial, sans-serif\">: \u201cLa posibilidad de seguir participando es maravillosa y de que los m\u00e1s chiquititos tambi\u00e9n est\u00e9n considerados lo encontr\u00e9 genial. Hay una gama de posibilidades para mostrarles a los alumnos\u201d.<span style=\"text-decoration: underline\"><\/span><span style=\"text-decoration: underline\"><\/span><\/span><\/p>\n<p class=\"m_-608343363015948277x_MsoNormal\" style=\"margin-top: 0px;margin-bottom: 0px;color: #000000;font-family: Calibri, Helvetica, sans-serif;font-size: 16px;font-style: normal;font-weight: 400;letter-spacing: normal;text-indent: 0px;text-transform: none;background-color: #ffffff;text-align: justify\"><span style=\"font-size: 12pt;line-height: 18.4px;font-family: Arial, sans-serif\"><\/span><\/p>\n<p class=\"m_-608343363015948277x_MsoNormal\" style=\"margin-top: 0px;margin-bottom: 0px;color: #000000;font-family: Calibri, Helvetica, sans-serif;font-size: 16px;font-style: normal;font-weight: 400;letter-spacing: normal;text-indent: 0px;text-transform: none;background-color: #ffffff;text-align: justify\"><b><span style=\"font-size: 12pt;line-height: 18.4px;font-family: Arial, sans-serif\">Juan Bustos, inspector general de la Escuela Dar\u00edo Salas D\u00edaz:&nbsp;<\/span><\/b><span style=\"font-size: 12pt;line-height: 18.4px;font-family: Arial, sans-serif\">\u201cVeo que cada a\u00f1o Explora va mejorando, nosotros participamos en todo con Explora, hemos sido premiados, hemos hecho una feria fant\u00e1stica, \u00bfqu\u00e9 viene ahora?, vamos a seguir participando y ganando, y les doy todo mi apoyo para que sigan hasta el 2022\u201d.<span style=\"text-decoration: underline\"><\/span><span style=\"text-decoration: underline\"><\/span><\/span><\/p>\n<p class=\"m_-608343363015948277x_MsoNormal\" style=\"margin-top: 0px;margin-bottom: 0px;color: #000000;font-family: Calibri, Helvetica, sans-serif;font-size: 16px;font-style: normal;font-weight: 400;letter-spacing: normal;text-indent: 0px;text-transform: none;background-color: #ffffff;text-align: justify\"><span style=\"font-size: 12pt;line-height: 18.4px;font-family: Arial, sans-serif\"><\/span><\/p>\n<p class=\"m_-608343363015948277x_MsoNormal\" style=\"margin-top: 0px;margin-bottom: 0px;color: #000000;font-family: Calibri, Helvetica, sans-serif;font-size: 16px;font-style: normal;font-weight: 400;letter-spacing: normal;text-indent: 0px;text-transform: none;background-color: #ffffff;text-align: justify\"><b><span style=\"font-size: 12pt;line-height: 18.4px;font-family: Arial, sans-serif\">Nelson Mart\u00ednez, profesor Colegio Chile Norte:&nbsp;<\/span><\/b><span style=\"font-size: 12pt;line-height: 18.4px;font-family: Arial, sans-serif\">\u201cEl incremento de actividades que ha ido surgiendo cada vez m\u00e1s y donde se va mejorando y vinculando no s\u00f3lo la ciencia, sino todas las \u00e1reas que tenemos en el colegio, me parecen buenas. Por supuesto trataremos de participar en las que m\u00e1s podamos para ir mejorando el aprendizaje en ciencia y tecnolog\u00eda\u201d.<span style=\"text-decoration: underline\"><\/span><span style=\"text-decoration: underline\"><\/span><\/span><\/p>\n<p class=\"m_-608343363015948277x_MsoNormal\" style=\"margin-top: 0px;margin-bottom: 0px;color: #000000;font-family: Calibri, Helvetica, sans-serif;font-size: 16px;font-style: normal;font-weight: 400;letter-spacing: normal;text-indent: 0px;text-transform: none;background-color: #ffffff;text-align: justify\"><span style=\"font-size: 12pt;line-height: 18.4px;font-family: Arial, sans-serif\"><\/span><\/p>\n<p class=\"m_-608343363015948277x_MsoNormal\" style=\"margin-top: 0px;margin-bottom: 0px;color: #000000;font-family: Calibri, Helvetica, sans-serif;font-size: 16px;font-style: normal;font-weight: 400;letter-spacing: normal;text-indent: 0px;text-transform: none;background-color: #ffffff;text-align: justify\"><b><span style=\"font-size: 12pt;line-height: 18.4px;font-family: Arial, sans-serif\">Andrea Carrasco, profesora Escuela Rep\u00fablica de Israel<\/span><\/b><span style=\"font-size: 12pt;line-height: 18.4px;font-family: Arial, sans-serif\">: \u201cLo mejor que tiene Explora es que escucha a la gente con la que trabaja, que son sus profesores; por otro lado, est\u00e1 el tema de la innovaci\u00f3n para crear los espacios para los ni\u00f1os que puedan desarrollar sus habilidades cient\u00edficas y permitir a trav\u00e9s de las redes que se generan en Explora enriquecernos con el trabajo de mucha gente y de todo Chile. Me siento como cada a\u00f1o que vengo a los inicios, llena de energ\u00eda\u201d.<span style=\"text-decoration: underline\"><\/span><span style=\"text-decoration: underline\"><\/span><\/span><\/p>\n<p class=\"m_-608343363015948277x_MsoNormal\" style=\"margin-top: 0px;margin-bottom: 0px;color: #000000;font-family: Calibri, Helvetica, sans-serif;font-size: 16px;font-style: normal;font-weight: 400;letter-spacing: normal;text-indent: 0px;text-transform: none;background-color: #ffffff;text-align: justify\"><span style=\"font-size: 12pt;line-height: 18.4px;font-family: Arial, sans-serif\"><\/span><\/p>\n<p class=\"m_-608343363015948277x_MsoNormal\" style=\"margin-top: 0px;margin-bottom: 0px;color: #000000;font-family: Calibri, Helvetica, sans-serif;font-size: 16px;font-style: normal;font-weight: 400;letter-spacing: normal;text-indent: 0px;text-transform: none;background-color: #ffffff;text-align: justify\"><b><span style=\"font-size: 12pt;line-height: 18.4px;font-family: Arial, sans-serif\">Paula Zepeda, profesora Colegio Centenario<\/span><\/b><span style=\"font-size: 12pt;line-height: 18.4px;font-family: Arial, sans-serif\">: \u201cLo mejor fue el cambio que viene de la feria cient\u00edfica de los alumnos para el primer ciclo, encontr\u00e9 muy buena la idea; lo otro es el \u00e1lbum de Explora, es muy entretenido\u201d.<span style=\"text-decoration: underline\"><\/span><span style=\"text-decoration: underline\"><\/span><\/span><\/p>\n<p class=\"m_-608343363015948277x_MsoNormal\" style=\"margin-top: 0px;margin-bottom: 0px;color: #000000;font-family: Calibri, Helvetica, sans-serif;font-size: 16px;font-style: normal;font-weight: 400;letter-spacing: normal;text-indent: 0px;text-transform: none;background-color: #ffffff;text-align: justify\"><span style=\"font-size: 12pt;line-height: 18.4px;font-family: Arial, sans-serif\"><\/span><\/p>\n<p class=\"m_-608343363015948277x_MsoNormal\" style=\"margin-top: 0px;margin-bottom: 0px;color: #000000;font-family: Calibri, Helvetica, sans-serif;font-size: 16px;font-style: normal;font-weight: 400;letter-spacing: normal;text-indent: 0px;text-transform: none;background-color: #ffffff;text-align: justify\"><b><span style=\"font-size: 12pt;line-height: 18.4px;font-family: Arial, sans-serif\">Irene Godoy, profesora Escuela Rep\u00fablica Argentina<\/span><\/b><span style=\"font-size: 12pt;line-height: 18.4px;font-family: Arial, sans-serif\">: \u201cPrimera vez que participar\u00e9 en Explora, las actividades que vi son muy novedosas\u201d.<span style=\"text-decoration: underline\"><\/span><span style=\"text-decoration: underline\"><\/span><\/span><\/p>\n<p class=\"m_-608343363015948277x_MsoNormal\" style=\"margin-top: 0px;margin-bottom: 0px;color: #000000;font-family: Calibri, Helvetica, sans-serif;font-size: 16px;font-style: normal;font-weight: 400;letter-spacing: normal;text-indent: 0px;text-transform: none;background-color: #ffffff;text-align: justify\"><span style=\"font-size: 12pt;line-height: 18.4px;font-family: Arial, sans-serif\"><\/span><\/p>\n<p class=\"m_-608343363015948277x_MsoNormal\" style=\"margin-top: 0px;margin-bottom: 0px;color: #000000;font-family: Calibri, Helvetica, sans-serif;font-size: 16px;font-style: normal;font-weight: 400;letter-spacing: normal;text-indent: 0px;text-transform: none;background-color: #ffffff;text-align: justify\"><b><span style=\"font-size: 12pt;line-height: 18.4px;font-family: Arial, sans-serif\">Yaquelin Dur\u00e1n, Profesora Liceo Agr\u00edcola Jos\u00e9 Abelardo N\u00fa\u00f1ez<\/span><\/b><span style=\"font-size: 12pt;line-height: 18.4px;font-family: Arial, sans-serif\">: \u201cLa participaci\u00f3n de los peque\u00f1os del prekinder es necesario porque es la base para los futuros cient\u00edficos, tambi\u00e9n me gust\u00f3 lo del cupo Explora, pues hay ni\u00f1os que participan en muchas actividades pr\u00e1cticas que deben ser consideradas\u201d.<span style=\"text-decoration: underline\"><\/span><span style=\"text-decoration: underline\"><\/span><\/span><\/p>\n<p class=\"m_-608343363015948277x_MsoNormal\" style=\"margin-top: 0px;margin-bottom: 0px;color: #000000;font-family: Calibri, Helvetica, sans-serif;font-size: 16px;font-style: normal;font-weight: 400;letter-spacing: normal;text-indent: 0px;text-transform: none;background-color: #ffffff;text-align: justify\"><span style=\"font-size: 12pt;line-height: 18.4px;font-family: Arial, sans-serif\"><\/span><\/p>\n<p class=\"m_-608343363015948277x_MsoNormal\" style=\"margin-top: 0px;margin-bottom: 0px;color: #000000;font-family: Calibri, Helvetica, sans-serif;font-size: 16px;font-style: normal;font-weight: 400;letter-spacing: normal;text-indent: 0px;text-transform: none;background-color: #ffffff;text-align: justify\"><b><span style=\"font-size: 12pt;line-height: 18.4px;font-family: Arial, sans-serif\">Jorge Coroseo, director Escuela Superior de Salud y Medio Ambiente del Centro de Formaci\u00f3n T\u00e9cnica Tarapac\u00e1<\/span><\/b><span style=\"font-size: 12pt;line-height: 18.4px;font-family: Arial, sans-serif\">: \u201cFue una presentaci\u00f3n muy din\u00e1mica donde podemos ver con evidencia lo que est\u00e1 haciendo Explora, ac\u00e1 nadie nos est\u00e1 contando un cuento, estamos viendo que hay una realidad a trav\u00e9s de todas las gestiones que se est\u00e1n impulsando. Hay un reencantamiento por la ciencia y lo m\u00e1s importante es que se est\u00e1 abriendo para todos los docentes, no s\u00f3lo para los de ciencias, es un paso importante lo que est\u00e1n realizando y todo se pudo plasmar en la cuenta de gesti\u00f3n\u201d.<\/span><\/p>\n<p>&nbsp;<\/p>\n<p><img loading=\"lazy\" decoding=\"async\" class=\" size-full wp-image-30880\" src=\"https:\/\/dev.explora.cl\/wp-content\/uploads\/2018\/04\/Collage_El_Mundo_que_se_Abre.jpg\" alt=\"Collage El Mundo que se Abre\" width=\"900\" height=\"259\" srcset=\"https:\/\/dev.explora.cl\/aricayparinacota\/wp-content\/uploads\/sites\/2\/2018\/04\/Collage_El_Mundo_que_se_Abre.jpg 900w, https:\/\/dev.explora.cl\/aricayparinacota\/wp-content\/uploads\/sites\/2\/2018\/04\/Collage_El_Mundo_que_se_Abre-300x86.jpg 300w, https:\/\/dev.explora.cl\/aricayparinacota\/wp-content\/uploads\/sites\/2\/2018\/04\/Collage_El_Mundo_que_se_Abre-768x221.jpg 768w\" sizes=\"auto, (max-width: 900px) 100vw, 900px\" \/><\/p>\n","protected":false},"excerpt":{"rendered":"<p>El a\u00f1o de los \u00bfPor qu\u00e9?, es el tema que durante todo el 2018 formar\u00e1 parte de las actividades del Proyecto Explora de la Universidad de Tarapac\u00e1, fomentando el razonamiento cr\u00edtico reflexivo a trav\u00e9s de distintos focos de acci\u00f3n. &nbsp; En la cuenta de gesti\u00f3n, entregada por la directora del proyecto, M\u00f3nica Navarrete y en [&hellip;]<\/p>\n","protected":false},"author":2,"featured_media":30879,"comment_status":"open","ping_status":"open","sticky":false,"template":"","format":"standard","meta":{"_acf_changed":false,"_exactmetrics_skip_tracking":false,"_exactmetrics_sitenote_active":false,"_exactmetrics_sitenote_note":"","_exactmetrics_sitenote_category":0,"footnotes":"","_links_to":"","_links_to_target":""},"categories":[4],"tags":[],"class_list":["post-32366","post","type-post","status-publish","format-standard","has-post-thumbnail","hentry","category-noticias"],"acf":[],"yoast_head":"<!-- This site is optimized with the Yoast SEO plugin v26.7 - https:\/\/yoast.com\/wordpress\/plugins\/seo\/ -->\n<title>Explora, es el mundo que se abre para todos - Arica y Parinacota<\/title>\n<meta name=\"robots\" content=\"index, follow, max-snippet:-1, max-image-preview:large, max-video-preview:-1\" \/>\n<link rel=\"canonical\" href=\"https:\/\/dev.explora.cl\/aricayparinacota\/explora-es-el-mundo-que-se-abre-para-todos-2\/\" class=\"yoast-seo-meta-tag\" \/>\n<meta property=\"og:locale\" content=\"es_ES\" class=\"yoast-seo-meta-tag\" \/>\n<meta property=\"og:type\" content=\"article\" class=\"yoast-seo-meta-tag\" \/>\n<meta property=\"og:title\" content=\"Explora, es el mundo que se abre para todos - Arica y Parinacota\" class=\"yoast-seo-meta-tag\" \/>\n<meta property=\"og:description\" content=\"El a\u00f1o de los \u00bfPor qu\u00e9?, es el tema que durante todo el 2018 formar\u00e1 parte de las actividades del Proyecto Explora de la Universidad de Tarapac\u00e1, fomentando el razonamiento cr\u00edtico reflexivo a trav\u00e9s de distintos focos de acci\u00f3n. &nbsp; En la cuenta de gesti\u00f3n, entregada por la directora del proyecto, M\u00f3nica Navarrete y en [&hellip;]\" class=\"yoast-seo-meta-tag\" \/>\n<meta property=\"og:url\" content=\"https:\/\/dev.explora.cl\/aricayparinacota\/explora-es-el-mundo-que-se-abre-para-todos-2\/\" class=\"yoast-seo-meta-tag\" \/>\n<meta property=\"og:site_name\" content=\"Arica y Parinacota\" class=\"yoast-seo-meta-tag\" \/>\n<meta property=\"article:published_time\" content=\"2018-04-20T00:00:00+00:00\" class=\"yoast-seo-meta-tag\" \/>\n<meta property=\"article:modified_time\" content=\"2019-05-09T20:59:24+00:00\" class=\"yoast-seo-meta-tag\" \/>\n<meta property=\"og:image\" content=\"https:\/\/dev.explora.cl\/aricayparinacota\/wp-content\/uploads\/sites\/2\/2018\/04\/Miniatura_El_Mundo_que_se_Abre.jpg\" class=\"yoast-seo-meta-tag\" \/>\n\t<meta property=\"og:image:width\" content=\"223\" class=\"yoast-seo-meta-tag\" \/>\n\t<meta property=\"og:image:height\" content=\"147\" class=\"yoast-seo-meta-tag\" \/>\n\t<meta property=\"og:image:type\" content=\"image\/jpeg\" class=\"yoast-seo-meta-tag\" \/>\n<meta name=\"author\" content=\"webman\" class=\"yoast-seo-meta-tag\" \/>\n<meta name=\"twitter:card\" content=\"summary_large_image\" class=\"yoast-seo-meta-tag\" \/>\n<meta name=\"twitter:label1\" content=\"Escrito por\" class=\"yoast-seo-meta-tag\" \/>\n\t<meta name=\"twitter:data1\" content=\"webman\" class=\"yoast-seo-meta-tag\" \/>\n\t<meta name=\"twitter:label2\" content=\"Tiempo estimado de lectura\" class=\"yoast-seo-meta-tag\" \/>\n\t<meta name=\"twitter:data2\" content=\"4 minutos\" class=\"yoast-seo-meta-tag\" \/>\n<script type=\"application\/ld+json\" class=\"yoast-schema-graph\">{\"@context\":\"https:\/\/schema.org\",\"@graph\":[{\"@type\":\"Article\",\"@id\":\"https:\/\/dev.explora.cl\/aricayparinacota\/explora-es-el-mundo-que-se-abre-para-todos-2\/#article\",\"isPartOf\":{\"@id\":\"https:\/\/dev.explora.cl\/aricayparinacota\/explora-es-el-mundo-que-se-abre-para-todos-2\/\"},\"author\":{\"name\":\"webman\",\"@id\":\"https:\/\/dev.explora.cl\/aricayparinacota\/#\/schema\/person\/cb8349c13ea2d324080adf8480d7ba5d\"},\"headline\":\"Explora, es el mundo que se abre para todos\",\"datePublished\":\"2018-04-20T00:00:00+00:00\",\"dateModified\":\"2019-05-09T20:59:24+00:00\",\"mainEntityOfPage\":{\"@id\":\"https:\/\/dev.explora.cl\/aricayparinacota\/explora-es-el-mundo-que-se-abre-para-todos-2\/\"},\"wordCount\":825,\"commentCount\":0,\"publisher\":{\"@id\":\"https:\/\/dev.explora.cl\/aricayparinacota\/#organization\"},\"image\":{\"@id\":\"https:\/\/dev.explora.cl\/aricayparinacota\/explora-es-el-mundo-que-se-abre-para-todos-2\/#primaryimage\"},\"thumbnailUrl\":\"https:\/\/dev.explora.cl\/aricayparinacota\/wp-content\/uploads\/sites\/2\/2018\/04\/Miniatura_El_Mundo_que_se_Abre.jpg\",\"articleSection\":[\"Noticias\"],\"inLanguage\":\"es-CL\",\"potentialAction\":[{\"@type\":\"CommentAction\",\"name\":\"Comment\",\"target\":[\"https:\/\/dev.explora.cl\/aricayparinacota\/explora-es-el-mundo-que-se-abre-para-todos-2\/#respond\"]}]},{\"@type\":\"WebPage\",\"@id\":\"https:\/\/dev.explora.cl\/aricayparinacota\/explora-es-el-mundo-que-se-abre-para-todos-2\/\",\"url\":\"https:\/\/dev.explora.cl\/aricayparinacota\/explora-es-el-mundo-que-se-abre-para-todos-2\/\",\"name\":\"Explora, es el mundo que se abre para todos - Arica y Parinacota\",\"isPartOf\":{\"@id\":\"https:\/\/dev.explora.cl\/aricayparinacota\/#website\"},\"primaryImageOfPage\":{\"@id\":\"https:\/\/dev.explora.cl\/aricayparinacota\/explora-es-el-mundo-que-se-abre-para-todos-2\/#primaryimage\"},\"image\":{\"@id\":\"https:\/\/dev.explora.cl\/aricayparinacota\/explora-es-el-mundo-que-se-abre-para-todos-2\/#primaryimage\"},\"thumbnailUrl\":\"https:\/\/dev.explora.cl\/aricayparinacota\/wp-content\/uploads\/sites\/2\/2018\/04\/Miniatura_El_Mundo_que_se_Abre.jpg\",\"datePublished\":\"2018-04-20T00:00:00+00:00\",\"dateModified\":\"2019-05-09T20:59:24+00:00\",\"breadcrumb\":{\"@id\":\"https:\/\/dev.explora.cl\/aricayparinacota\/explora-es-el-mundo-que-se-abre-para-todos-2\/#breadcrumb\"},\"inLanguage\":\"es-CL\",\"potentialAction\":[{\"@type\":\"ReadAction\",\"target\":[\"https:\/\/dev.explora.cl\/aricayparinacota\/explora-es-el-mundo-que-se-abre-para-todos-2\/\"]}]},{\"@type\":\"ImageObject\",\"inLanguage\":\"es-CL\",\"@id\":\"https:\/\/dev.explora.cl\/aricayparinacota\/explora-es-el-mundo-que-se-abre-para-todos-2\/#primaryimage\",\"url\":\"https:\/\/dev.explora.cl\/aricayparinacota\/wp-content\/uploads\/sites\/2\/2018\/04\/Miniatura_El_Mundo_que_se_Abre.jpg\",\"contentUrl\":\"https:\/\/dev.explora.cl\/aricayparinacota\/wp-content\/uploads\/sites\/2\/2018\/04\/Miniatura_El_Mundo_que_se_Abre.jpg\",\"width\":223,\"height\":147},{\"@type\":\"BreadcrumbList\",\"@id\":\"https:\/\/dev.explora.cl\/aricayparinacota\/explora-es-el-mundo-que-se-abre-para-todos-2\/#breadcrumb\",\"itemListElement\":[{\"@type\":\"ListItem\",\"position\":1,\"name\":\"Portada\",\"item\":\"https:\/\/dev.explora.cl\/aricayparinacota\/\"},{\"@type\":\"ListItem\",\"position\":2,\"name\":\"Explora, es el mundo que se abre para todos\"}]},{\"@type\":\"WebSite\",\"@id\":\"https:\/\/dev.explora.cl\/aricayparinacota\/#website\",\"url\":\"https:\/\/dev.explora.cl\/aricayparinacota\/\",\"name\":\"Arica y Parinacota\",\"description\":\"Otro sitio m\u00e1s de dev.explora.cl\",\"publisher\":{\"@id\":\"https:\/\/dev.explora.cl\/aricayparinacota\/#organization\"},\"potentialAction\":[{\"@type\":\"SearchAction\",\"target\":{\"@type\":\"EntryPoint\",\"urlTemplate\":\"https:\/\/dev.explora.cl\/aricayparinacota\/?s={search_term_string}\"},\"query-input\":{\"@type\":\"PropertyValueSpecification\",\"valueRequired\":true,\"valueName\":\"search_term_string\"}}],\"inLanguage\":\"es-CL\"},{\"@type\":\"Organization\",\"@id\":\"https:\/\/dev.explora.cl\/aricayparinacota\/#organization\",\"name\":\"Arica y Parinacota\",\"url\":\"https:\/\/dev.explora.cl\/aricayparinacota\/\",\"logo\":{\"@type\":\"ImageObject\",\"inLanguage\":\"es-CL\",\"@id\":\"https:\/\/dev.explora.cl\/aricayparinacota\/#\/schema\/logo\/image\/\",\"url\":\"https:\/\/dev.explora.cl\/aricayparinacota\/wp-content\/uploads\/sites\/2\/2020\/08\/cropped-nuevosa-logos-11.png\",\"contentUrl\":\"https:\/\/dev.explora.cl\/aricayparinacota\/wp-content\/uploads\/sites\/2\/2020\/08\/cropped-nuevosa-logos-11.png\",\"width\":812,\"height\":937,\"caption\":\"Arica y Parinacota\"},\"image\":{\"@id\":\"https:\/\/dev.explora.cl\/aricayparinacota\/#\/schema\/logo\/image\/\"}},{\"@type\":\"Person\",\"@id\":\"https:\/\/dev.explora.cl\/aricayparinacota\/#\/schema\/person\/cb8349c13ea2d324080adf8480d7ba5d\",\"name\":\"webman\",\"image\":{\"@type\":\"ImageObject\",\"inLanguage\":\"es-CL\",\"@id\":\"https:\/\/dev.explora.cl\/aricayparinacota\/#\/schema\/person\/image\/\",\"url\":\"https:\/\/secure.gravatar.com\/avatar\/eeff3c82f2c02f7177d13663b7e6f890e9a6a0647ce9bb29cae02dcb094c7312?s=96&d=mm&r=g\",\"contentUrl\":\"https:\/\/secure.gravatar.com\/avatar\/eeff3c82f2c02f7177d13663b7e6f890e9a6a0647ce9bb29cae02dcb094c7312?s=96&d=mm&r=g\",\"caption\":\"webman\"},\"url\":\"https:\/\/dev.explora.cl\/aricayparinacota\/author\/webman\/\"}]}<\/script>\n<!-- \/ Yoast SEO plugin. -->","yoast_head_json":{"title":"Explora, es el mundo que se abre para todos - Arica y Parinacota","robots":{"index":"index","follow":"follow","max-snippet":"max-snippet:-1","max-image-preview":"max-image-preview:large","max-video-preview":"max-video-preview:-1"},"canonical":"https:\/\/dev.explora.cl\/aricayparinacota\/explora-es-el-mundo-que-se-abre-para-todos-2\/","og_locale":"es_ES","og_type":"article","og_title":"Explora, es el mundo que se abre para todos - Arica y Parinacota","og_description":"El a\u00f1o de los \u00bfPor qu\u00e9?, es el tema que durante todo el 2018 formar\u00e1 parte de las actividades del Proyecto Explora de la Universidad de Tarapac\u00e1, fomentando el razonamiento cr\u00edtico reflexivo a trav\u00e9s de distintos focos de acci\u00f3n. &nbsp; En la cuenta de gesti\u00f3n, entregada por la directora del proyecto, M\u00f3nica Navarrete y en [&hellip;]","og_url":"https:\/\/dev.explora.cl\/aricayparinacota\/explora-es-el-mundo-que-se-abre-para-todos-2\/","og_site_name":"Arica y Parinacota","article_published_time":"2018-04-20T00:00:00+00:00","article_modified_time":"2019-05-09T20:59:24+00:00","og_image":[{"width":223,"height":147,"url":"https:\/\/dev.explora.cl\/aricayparinacota\/wp-content\/uploads\/sites\/2\/2018\/04\/Miniatura_El_Mundo_que_se_Abre.jpg","type":"image\/jpeg"}],"author":"webman","twitter_card":"summary_large_image","twitter_misc":{"Escrito por":"webman","Tiempo estimado de lectura":"4 minutos"},"schema":{"@context":"https:\/\/schema.org","@graph":[{"@type":"Article","@id":"https:\/\/dev.explora.cl\/aricayparinacota\/explora-es-el-mundo-que-se-abre-para-todos-2\/#article","isPartOf":{"@id":"https:\/\/dev.explora.cl\/aricayparinacota\/explora-es-el-mundo-que-se-abre-para-todos-2\/"},"author":{"name":"webman","@id":"https:\/\/dev.explora.cl\/aricayparinacota\/#\/schema\/person\/cb8349c13ea2d324080adf8480d7ba5d"},"headline":"Explora, es el mundo que se abre para todos","datePublished":"2018-04-20T00:00:00+00:00","dateModified":"2019-05-09T20:59:24+00:00","mainEntityOfPage":{"@id":"https:\/\/dev.explora.cl\/aricayparinacota\/explora-es-el-mundo-que-se-abre-para-todos-2\/"},"wordCount":825,"commentCount":0,"publisher":{"@id":"https:\/\/dev.explora.cl\/aricayparinacota\/#organization"},"image":{"@id":"https:\/\/dev.explora.cl\/aricayparinacota\/explora-es-el-mundo-que-se-abre-para-todos-2\/#primaryimage"},"thumbnailUrl":"https:\/\/dev.explora.cl\/aricayparinacota\/wp-content\/uploads\/sites\/2\/2018\/04\/Miniatura_El_Mundo_que_se_Abre.jpg","articleSection":["Noticias"],"inLanguage":"es-CL","potentialAction":[{"@type":"CommentAction","name":"Comment","target":["https:\/\/dev.explora.cl\/aricayparinacota\/explora-es-el-mundo-que-se-abre-para-todos-2\/#respond"]}]},{"@type":"WebPage","@id":"https:\/\/dev.explora.cl\/aricayparinacota\/explora-es-el-mundo-que-se-abre-para-todos-2\/","url":"https:\/\/dev.explora.cl\/aricayparinacota\/explora-es-el-mundo-que-se-abre-para-todos-2\/","name":"Explora, es el mundo que se abre para todos - Arica y Parinacota","isPartOf":{"@id":"https:\/\/dev.explora.cl\/aricayparinacota\/#website"},"primaryImageOfPage":{"@id":"https:\/\/dev.explora.cl\/aricayparinacota\/explora-es-el-mundo-que-se-abre-para-todos-2\/#primaryimage"},"image":{"@id":"https:\/\/dev.explora.cl\/aricayparinacota\/explora-es-el-mundo-que-se-abre-para-todos-2\/#primaryimage"},"thumbnailUrl":"https:\/\/dev.explora.cl\/aricayparinacota\/wp-content\/uploads\/sites\/2\/2018\/04\/Miniatura_El_Mundo_que_se_Abre.jpg","datePublished":"2018-04-20T00:00:00+00:00","dateModified":"2019-05-09T20:59:24+00:00","breadcrumb":{"@id":"https:\/\/dev.explora.cl\/aricayparinacota\/explora-es-el-mundo-que-se-abre-para-todos-2\/#breadcrumb"},"inLanguage":"es-CL","potentialAction":[{"@type":"ReadAction","target":["https:\/\/dev.explora.cl\/aricayparinacota\/explora-es-el-mundo-que-se-abre-para-todos-2\/"]}]},{"@type":"ImageObject","inLanguage":"es-CL","@id":"https:\/\/dev.explora.cl\/aricayparinacota\/explora-es-el-mundo-que-se-abre-para-todos-2\/#primaryimage","url":"https:\/\/dev.explora.cl\/aricayparinacota\/wp-content\/uploads\/sites\/2\/2018\/04\/Miniatura_El_Mundo_que_se_Abre.jpg","contentUrl":"https:\/\/dev.explora.cl\/aricayparinacota\/wp-content\/uploads\/sites\/2\/2018\/04\/Miniatura_El_Mundo_que_se_Abre.jpg","width":223,"height":147},{"@type":"BreadcrumbList","@id":"https:\/\/dev.explora.cl\/aricayparinacota\/explora-es-el-mundo-que-se-abre-para-todos-2\/#breadcrumb","itemListElement":[{"@type":"ListItem","position":1,"name":"Portada","item":"https:\/\/dev.explora.cl\/aricayparinacota\/"},{"@type":"ListItem","position":2,"name":"Explora, es el mundo que se abre para todos"}]},{"@type":"WebSite","@id":"https:\/\/dev.explora.cl\/aricayparinacota\/#website","url":"https:\/\/dev.explora.cl\/aricayparinacota\/","name":"Arica y Parinacota","description":"Otro sitio m\u00e1s de dev.explora.cl","publisher":{"@id":"https:\/\/dev.explora.cl\/aricayparinacota\/#organization"},"potentialAction":[{"@type":"SearchAction","target":{"@type":"EntryPoint","urlTemplate":"https:\/\/dev.explora.cl\/aricayparinacota\/?s={search_term_string}"},"query-input":{"@type":"PropertyValueSpecification","valueRequired":true,"valueName":"search_term_string"}}],"inLanguage":"es-CL"},{"@type":"Organization","@id":"https:\/\/dev.explora.cl\/aricayparinacota\/#organization","name":"Arica y Parinacota","url":"https:\/\/dev.explora.cl\/aricayparinacota\/","logo":{"@type":"ImageObject","inLanguage":"es-CL","@id":"https:\/\/dev.explora.cl\/aricayparinacota\/#\/schema\/logo\/image\/","url":"https:\/\/dev.explora.cl\/aricayparinacota\/wp-content\/uploads\/sites\/2\/2020\/08\/cropped-nuevosa-logos-11.png","contentUrl":"https:\/\/dev.explora.cl\/aricayparinacota\/wp-content\/uploads\/sites\/2\/2020\/08\/cropped-nuevosa-logos-11.png","width":812,"height":937,"caption":"Arica y Parinacota"},"image":{"@id":"https:\/\/dev.explora.cl\/aricayparinacota\/#\/schema\/logo\/image\/"}},{"@type":"Person","@id":"https:\/\/dev.explora.cl\/aricayparinacota\/#\/schema\/person\/cb8349c13ea2d324080adf8480d7ba5d","name":"webman","image":{"@type":"ImageObject","inLanguage":"es-CL","@id":"https:\/\/dev.explora.cl\/aricayparinacota\/#\/schema\/person\/image\/","url":"https:\/\/secure.gravatar.com\/avatar\/eeff3c82f2c02f7177d13663b7e6f890e9a6a0647ce9bb29cae02dcb094c7312?s=96&d=mm&r=g","contentUrl":"https:\/\/secure.gravatar.com\/avatar\/eeff3c82f2c02f7177d13663b7e6f890e9a6a0647ce9bb29cae02dcb094c7312?s=96&d=mm&r=g","caption":"webman"},"url":"https:\/\/dev.explora.cl\/aricayparinacota\/author\/webman\/"}]}},"_links":{"self":[{"href":"https:\/\/dev.explora.cl\/aricayparinacota\/wp-json\/wp\/v2\/posts\/32366","targetHints":{"allow":["GET"]}}],"collection":[{"href":"https:\/\/dev.explora.cl\/aricayparinacota\/wp-json\/wp\/v2\/posts"}],"about":[{"href":"https:\/\/dev.explora.cl\/aricayparinacota\/wp-json\/wp\/v2\/types\/post"}],"author":[{"embeddable":true,"href":"https:\/\/dev.explora.cl\/aricayparinacota\/wp-json\/wp\/v2\/users\/2"}],"replies":[{"embeddable":true,"href":"https:\/\/dev.explora.cl\/aricayparinacota\/wp-json\/wp\/v2\/comments?post=32366"}],"version-history":[{"count":1,"href":"https:\/\/dev.explora.cl\/aricayparinacota\/wp-json\/wp\/v2\/posts\/32366\/revisions"}],"predecessor-version":[{"id":32803,"href":"https:\/\/dev.explora.cl\/aricayparinacota\/wp-json\/wp\/v2\/posts\/32366\/revisions\/32803"}],"wp:featuredmedia":[{"embeddable":true,"href":"https:\/\/dev.explora.cl\/aricayparinacota\/wp-json\/wp\/v2\/media\/30879"}],"wp:attachment":[{"href":"https:\/\/dev.explora.cl\/aricayparinacota\/wp-json\/wp\/v2\/media?parent=32366"}],"wp:term":[{"taxonomy":"category","embeddable":true,"href":"https:\/\/dev.explora.cl\/aricayparinacota\/wp-json\/wp\/v2\/categories?post=32366"},{"taxonomy":"post_tag","embeddable":true,"href":"https:\/\/dev.explora.cl\/aricayparinacota\/wp-json\/wp\/v2\/tags?post=32366"}],"curies":[{"name":"wp","href":"https:\/\/api.w.org\/{rel}","templated":true}]}}