{"id":32361,"date":"2018-04-02T00:00:00","date_gmt":"2018-04-02T00:00:00","guid":{"rendered":"https:\/\/dev.explora.cl\/aricayparinacota\/blog\/2018\/04\/02\/seguro-que-hay-vida-en-muchos-planetas-de-nuestra-galaxia-2\/"},"modified":"2019-05-09T21:00:00","modified_gmt":"2019-05-09T21:00:00","slug":"seguro-que-hay-vida-en-muchos-planetas-de-nuestra-galaxia-2","status":"publish","type":"post","link":"https:\/\/dev.explora.cl\/aricayparinacota\/seguro-que-hay-vida-en-muchos-planetas-de-nuestra-galaxia-2\/","title":{"rendered":"Seguro que hay vida en muchos planetas de nuestra galaxia\u2026"},"content":{"rendered":"<p><strong><em>El cient\u00edfico Guido Garay, doctor en Astronom\u00eda, Premio Nacional de Ciencias Exactas 2017, efectu\u00f3 una serie de charlas para distintos p\u00fablicos en el \u00e1rea rural y urbana de la ciudad de Arica, invitado por el Proyecto Explora de la Universidad de Tarapac\u00e1.<\/em><\/strong><\/p>\n<p>Son las ocho de la ma\u00f1ana, y Guido Garay, Premio Nacional de Ciencias Exactas 2017, se dirige a la Escuela Espa\u00f1a, una de las m\u00e1s alejadas del valle de Azapa en Arica, donde no imagina que los estudiantes de sexto a\u00f1o b\u00e1sico; hijos de padres residentes de procedencia peruana y boliviana, m\u00e1s los chilenos que habitan y cultivan este valle de agua dulce; van a preguntar desde el choque de planetas hasta extraterrestres. La sala de la escuela, ubicada en el kil\u00f3metro 28, mantiene el silencio de la multitud, hasta que parten las preguntas y ah\u00ed todo se activa.<\/p>\n<p><strong>\u00bfC\u00f3mo se adapta con sus charlas de astronom\u00eda a los distintos p\u00fablicos?<\/strong><\/p>\n<p>-Para los alumnos de educaci\u00f3n b\u00e1sica prepar\u00e9 una charla sobre nuestro sistema solar, donde les mostr\u00e9 lindas im\u00e1genes enviadas por los nuevos sat\u00e9lites espaciales que han hecho prospecciones en los planetas, para cautivar la imaginaci\u00f3n y el inter\u00e9s por la ciencia de los ni\u00f1os.<\/p>\n<p>Para las personas m\u00e1s adultas hice una charla en otro tema, que me atinge m\u00e1s a m\u00ed, que es el de la formaci\u00f3n de estrellas, pero tambi\u00e9n cautiv\u00e1ndolos con im\u00e1genes y exponi\u00e9ndoles los nuevos procesos f\u00edsicos que se han logrado detectar con las observaciones.<\/p>\n<p><strong>\u00bfQu\u00e9 le parece que los ni\u00f1os le hicieran tantas preguntas?<\/strong><\/p>\n<p><strong>&nbsp;<\/strong><\/p>\n<p>-Hoy los ni\u00f1os tienen menos temor a hacer preguntas y quieren que se las respondan, encontr\u00e9 que todas eran muy buenas; aunque no tengan que ver mucho con el sistema solar, es interesante cuando te preguntan por los hoyos negros, o extraterrestres. Seguro que hay vida en muchos planetas de nuestra galaxia, entonces no es malo preguntarse si existen los extraterrestres, porque sin duda existen, ahora que hayan venido a la Tierra es muy dif\u00edcil.<\/p>\n<p>Y otra pregunta de los universos paralelos, demuestra que los ni\u00f1os est\u00e1n conscientes de estas cosas. Es fant\u00e1stico encontrar en un lugar perdido del \u00faltimo extremo de Chile del valle de Azapa, a ni\u00f1os que sepan del tema, a m\u00ed realmente me impresiona y agrada much\u00edsimo, porque estamos inculcando el pensamiento cient\u00edfico y cautivando su atenci\u00f3n e inter\u00e9s por la astronom\u00eda como lo hicieron conmigo.<\/p>\n<p><strong>\u00bfC\u00f3mo se inicia su historia vinculada con la astronom\u00eda?<\/strong><\/p>\n<p>-Cuando ni\u00f1o no sab\u00eda que me iba a dedicar al estudio de la formaci\u00f3n de estrellas, pero s\u00ed que quer\u00eda hacer una astronom\u00eda que no fuera visible, porque eso fue lo que mi profesor de matem\u00e1ticas del Instituto Nacional nos cont\u00f3, que con los nuevos telescopios se abr\u00eda una astronom\u00eda a otras longitudes de onda, a otros rangos que no eran visibles. Cuando me fui a Harvard a estudiar sab\u00eda que quer\u00eda hacer radioastronom\u00eda. En mi trabajo de tesis doctoral tuve la suerte&nbsp; de detectar con un poderoso radiotelescopio un mont\u00f3n de nuevos objetos que correspond\u00edan a &nbsp;estrellas que se est\u00e1n formando, de ah\u00ed mi inter\u00e9s.<\/p>\n<p>Guido Garay, conecta su ni\u00f1ez con el barrio Independencia de Santiago donde creci\u00f3 con sus tres hermanas, con las que junto a sus padres veraneaban un poco m\u00e1s al sur y ve\u00eda en las noches el firmamento tridimensional debido a estrellas con tantos colores y brillos que parec\u00eda un arbolito de pascua. Su padre, que era un lector erudito, no lo dejaba muy convencido con sus respuestas cuando le preguntaba sobre el firmamento. As\u00ed continu\u00f3 con las noches estrelladas, con preguntas y el deseo que se empez\u00f3 a incubar respecto a su futura dedicaci\u00f3n al tema al que ha dedicado gran parte de su vida.<\/p>\n<p>Estudi\u00f3 en el Liceo Valent\u00edn Letelier y luego en el Instituto Nacional, se sac\u00f3 buenas notas y entr\u00f3 a la Universidad de Chile al plan com\u00fan de ingenier\u00eda. Le gustaba la matem\u00e1tica y la f\u00edsica, &nbsp;el profesor de Algebra Ra\u00fal Bravo lo llamaba el ayudante 777, porque se hab\u00eda sacado nota final siete en algebra, en algebra lineal y en complemento de algebra lineal. Hizo su tesis de Licenciatura en Astronom\u00eda en el cerro Tololo con un astr\u00f3nomo norteamericano, de ah\u00ed a Harvard s\u00f3lo hubo un paso. Como es rom\u00e1ntico, en la pel\u00edcula \u201cLove Story\u201d, el actor principal estudiaba en Harvard, lo que fue suficiente para que dijera \u201cah\u00ed me quiero ir\u201d.<\/p>\n<p>PREMIO NACIONAL<\/p>\n<p><strong>\u00bfQu\u00e9 cambi\u00f3 en su vida con el premio nacional?<\/strong><\/p>\n<p>-Nada, s\u00f3lo estar m\u00e1s ocupado con entrevistas y actividades. Es un honor ser reconocido por el pa\u00eds al que uno ha aportado, a estos premios nos postulan colegas, pero si no lo obten\u00eda me daba exactamente lo mismo.<\/p>\n<p><strong>\u00bfCree que el ego de los investigadores se ve afectado con un premio como \u00e9ste?<\/strong><\/p>\n<p>-Eso es af\u00edn al ser humano en general, a todas las \u00e1reas, gente que es arrogante y cree que tiene charretera cient\u00edfica, pero el creer que uno es superior porque sabe dos cositas m\u00e1s que el resto de los mortales es algo absurdo, es una estupidez humana.<\/p>\n<p>Los premios nacionales que conozco como Mar\u00eda Teresa Ruiz y Jos\u00e9 Maza son gente maravillosa, jam\u00e1s se les han subido los humos a la cabeza, le responden &nbsp;de la misma manera e inter\u00e9s al Presidente de la Rep\u00fablica que al mozo de un restaurante, su inteligencia es enorme y su humanidad fabulosa.<\/p>\n<p>Yo no me creo superior a nadie, creo que todos somos iguales, lo que pasa es que unos usan las oportunidades mejor que otros\u2026 me gusta lo que dec\u00eda Da Vinci: \u201cEl producto final de un trabajo bien hecho es 99 por ciento de transpiraci\u00f3n y uno por ciento de inspiraci\u00f3n\u201d, o sea, hay que trabajar.<\/p>\n<p>DIMENSIONES AMADAS<\/p>\n<p><strong>\u00bfQu\u00e9 tuvo que sacrificar para ser astr\u00f3nomo?<\/strong><\/p>\n<p>-Nada, porque a m\u00ed me gusta mucho leer y aprender de diferentes aspectos de la vida. No dejaba de tener polola porque al tener hermanas era privilegiado ya que &nbsp;siempre hay amigas alrededor; adem\u00e1s ten\u00eda que ir a sus&nbsp; fiestas casi por obligaci\u00f3n porque mi pap\u00e1 dec\u00eda que ellas pod\u00edan ir solamente si yo las acompa\u00f1aba.<\/p>\n<p>Actualmente dedica bastante tiempo a la casa, y junto a su esposa se preocupa de sus hijos y de sus tareas; cocina porque le encanta,&nbsp; hace las compras en la feria y el supermercado. En sus dos matrimonios tuvo cinco hijos. \u201cUno desafortunadamente dej\u00f3 este planeta, pero fue un ni\u00f1o maravilloso que est\u00e1 todos los d\u00edas en mi mente\u201d.<\/p>\n<p><strong>\u00bfCree en el m\u00e1s all\u00e1?<\/strong><\/p>\n<p>-Soy un convencido que existen otras dimensiones y en ellas siento a mi hijo porque \u00e9l siempre est\u00e1 conmigo, siento su amor todos los d\u00edas\u2026<\/p>\n<p><strong>\u00bfSiente que es feliz?<\/strong><\/p>\n<p>-Por supuesto, me siento realizado, si naciera de nuevo ser\u00eda astr\u00f3nomo, sin duda, feliz con mi carrera, tambi\u00e9n con mis hijos y mi se\u00f1ora y la vida en general, a pesar que mi hijo se fue cuando ten\u00eda 20 a\u00f1os, es una p\u00e9rdida que seguir\u00e9 sintiendo cada d\u00eda, una tristeza infinita.<\/p>\n<p>Este estudioso de la formaci\u00f3n estelar, dice que si \u00e9l si pudiera haber elegido originarse de una estrella, habr\u00eda decidido que fuera la estrella O del Trapecio de la nebulosa de Ori\u00f3n, la m\u00e1s masiva, la m\u00e1s luminosa, la m\u00e1s abrazadora, porque la energ\u00eda y &nbsp;los abrazos son necesarios.<\/p>\n<p><img loading=\"lazy\" decoding=\"async\" class=\" size-full wp-image-30530\" src=\"https:\/\/dev.explora.cl\/wp-content\/uploads\/2018\/04\/Collage_Charla_Guido_Garay.jpg\" alt=\"Collage Charla Guido Garay\" width=\"1157\" height=\"257\" srcset=\"https:\/\/dev.explora.cl\/aricayparinacota\/wp-content\/uploads\/sites\/2\/2018\/04\/Collage_Charla_Guido_Garay.jpg 900w, https:\/\/dev.explora.cl\/aricayparinacota\/wp-content\/uploads\/sites\/2\/2018\/04\/Collage_Charla_Guido_Garay-300x67.jpg 300w, https:\/\/dev.explora.cl\/aricayparinacota\/wp-content\/uploads\/sites\/2\/2018\/04\/Collage_Charla_Guido_Garay-768x171.jpg 768w\" sizes=\"auto, (max-width: 1157px) 100vw, 1157px\" \/><\/p>\n","protected":false},"excerpt":{"rendered":"<p>El cient\u00edfico Guido Garay, doctor en Astronom\u00eda, Premio Nacional de Ciencias Exactas 2017, efectu\u00f3 una serie de charlas para distintos p\u00fablicos en el \u00e1rea rural y urbana de la ciudad de Arica, invitado por el Proyecto Explora de la Universidad de Tarapac\u00e1. Son las ocho de la ma\u00f1ana, y Guido Garay, Premio Nacional de Ciencias [&hellip;]<\/p>\n","protected":false},"author":2,"featured_media":30529,"comment_status":"open","ping_status":"open","sticky":false,"template":"","format":"standard","meta":{"_acf_changed":false,"_exactmetrics_skip_tracking":false,"_exactmetrics_sitenote_active":false,"_exactmetrics_sitenote_note":"","_exactmetrics_sitenote_category":0,"footnotes":"","_links_to":"","_links_to_target":""},"categories":[4],"tags":[],"class_list":["post-32361","post","type-post","status-publish","format-standard","has-post-thumbnail","hentry","category-noticias"],"acf":[],"yoast_head":"<!-- This site is optimized with the Yoast SEO plugin v26.7 - https:\/\/yoast.com\/wordpress\/plugins\/seo\/ -->\n<title>Seguro que hay vida en muchos planetas de nuestra galaxia\u2026 - Arica y Parinacota<\/title>\n<meta name=\"robots\" content=\"index, follow, max-snippet:-1, max-image-preview:large, max-video-preview:-1\" \/>\n<link rel=\"canonical\" href=\"https:\/\/dev.explora.cl\/aricayparinacota\/seguro-que-hay-vida-en-muchos-planetas-de-nuestra-galaxia-2\/\" class=\"yoast-seo-meta-tag\" \/>\n<meta property=\"og:locale\" content=\"es_ES\" class=\"yoast-seo-meta-tag\" \/>\n<meta property=\"og:type\" content=\"article\" class=\"yoast-seo-meta-tag\" \/>\n<meta property=\"og:title\" content=\"Seguro que hay vida en muchos planetas de nuestra galaxia\u2026 - Arica y Parinacota\" class=\"yoast-seo-meta-tag\" \/>\n<meta property=\"og:description\" content=\"El cient\u00edfico Guido Garay, doctor en Astronom\u00eda, Premio Nacional de Ciencias Exactas 2017, efectu\u00f3 una serie de charlas para distintos p\u00fablicos en el \u00e1rea rural y urbana de la ciudad de Arica, invitado por el Proyecto Explora de la Universidad de Tarapac\u00e1. Son las ocho de la ma\u00f1ana, y Guido Garay, Premio Nacional de Ciencias [&hellip;]\" class=\"yoast-seo-meta-tag\" \/>\n<meta property=\"og:url\" content=\"https:\/\/dev.explora.cl\/aricayparinacota\/seguro-que-hay-vida-en-muchos-planetas-de-nuestra-galaxia-2\/\" class=\"yoast-seo-meta-tag\" \/>\n<meta property=\"og:site_name\" content=\"Arica y Parinacota\" class=\"yoast-seo-meta-tag\" \/>\n<meta property=\"article:published_time\" content=\"2018-04-02T00:00:00+00:00\" class=\"yoast-seo-meta-tag\" \/>\n<meta property=\"article:modified_time\" content=\"2019-05-09T21:00:00+00:00\" class=\"yoast-seo-meta-tag\" \/>\n<meta property=\"og:image\" content=\"https:\/\/dev.explora.cl\/aricayparinacota\/wp-content\/uploads\/sites\/2\/2018\/04\/Miniatura_Charla_Guido_Garay.jpg\" class=\"yoast-seo-meta-tag\" \/>\n\t<meta property=\"og:image:width\" content=\"223\" class=\"yoast-seo-meta-tag\" \/>\n\t<meta property=\"og:image:height\" content=\"147\" class=\"yoast-seo-meta-tag\" \/>\n\t<meta property=\"og:image:type\" content=\"image\/jpeg\" class=\"yoast-seo-meta-tag\" \/>\n<meta name=\"author\" content=\"webman\" class=\"yoast-seo-meta-tag\" \/>\n<meta name=\"twitter:card\" content=\"summary_large_image\" class=\"yoast-seo-meta-tag\" \/>\n<meta name=\"twitter:label1\" content=\"Escrito por\" class=\"yoast-seo-meta-tag\" \/>\n\t<meta name=\"twitter:data1\" content=\"webman\" class=\"yoast-seo-meta-tag\" \/>\n\t<meta name=\"twitter:label2\" content=\"Tiempo estimado de lectura\" class=\"yoast-seo-meta-tag\" \/>\n\t<meta name=\"twitter:data2\" content=\"7 minutos\" class=\"yoast-seo-meta-tag\" \/>\n<script type=\"application\/ld+json\" class=\"yoast-schema-graph\">{\"@context\":\"https:\/\/schema.org\",\"@graph\":[{\"@type\":\"Article\",\"@id\":\"https:\/\/dev.explora.cl\/aricayparinacota\/seguro-que-hay-vida-en-muchos-planetas-de-nuestra-galaxia-2\/#article\",\"isPartOf\":{\"@id\":\"https:\/\/dev.explora.cl\/aricayparinacota\/seguro-que-hay-vida-en-muchos-planetas-de-nuestra-galaxia-2\/\"},\"author\":{\"name\":\"webman\",\"@id\":\"https:\/\/dev.explora.cl\/aricayparinacota\/#\/schema\/person\/cb8349c13ea2d324080adf8480d7ba5d\"},\"headline\":\"Seguro que hay vida en muchos planetas de nuestra galaxia\u2026\",\"datePublished\":\"2018-04-02T00:00:00+00:00\",\"dateModified\":\"2019-05-09T21:00:00+00:00\",\"mainEntityOfPage\":{\"@id\":\"https:\/\/dev.explora.cl\/aricayparinacota\/seguro-que-hay-vida-en-muchos-planetas-de-nuestra-galaxia-2\/\"},\"wordCount\":1327,\"commentCount\":0,\"publisher\":{\"@id\":\"https:\/\/dev.explora.cl\/aricayparinacota\/#organization\"},\"image\":{\"@id\":\"https:\/\/dev.explora.cl\/aricayparinacota\/seguro-que-hay-vida-en-muchos-planetas-de-nuestra-galaxia-2\/#primaryimage\"},\"thumbnailUrl\":\"https:\/\/dev.explora.cl\/aricayparinacota\/wp-content\/uploads\/sites\/2\/2018\/04\/Miniatura_Charla_Guido_Garay.jpg\",\"articleSection\":[\"Noticias\"],\"inLanguage\":\"es-CL\",\"potentialAction\":[{\"@type\":\"CommentAction\",\"name\":\"Comment\",\"target\":[\"https:\/\/dev.explora.cl\/aricayparinacota\/seguro-que-hay-vida-en-muchos-planetas-de-nuestra-galaxia-2\/#respond\"]}]},{\"@type\":\"WebPage\",\"@id\":\"https:\/\/dev.explora.cl\/aricayparinacota\/seguro-que-hay-vida-en-muchos-planetas-de-nuestra-galaxia-2\/\",\"url\":\"https:\/\/dev.explora.cl\/aricayparinacota\/seguro-que-hay-vida-en-muchos-planetas-de-nuestra-galaxia-2\/\",\"name\":\"Seguro que hay vida en muchos planetas de nuestra galaxia\u2026 - Arica y Parinacota\",\"isPartOf\":{\"@id\":\"https:\/\/dev.explora.cl\/aricayparinacota\/#website\"},\"primaryImageOfPage\":{\"@id\":\"https:\/\/dev.explora.cl\/aricayparinacota\/seguro-que-hay-vida-en-muchos-planetas-de-nuestra-galaxia-2\/#primaryimage\"},\"image\":{\"@id\":\"https:\/\/dev.explora.cl\/aricayparinacota\/seguro-que-hay-vida-en-muchos-planetas-de-nuestra-galaxia-2\/#primaryimage\"},\"thumbnailUrl\":\"https:\/\/dev.explora.cl\/aricayparinacota\/wp-content\/uploads\/sites\/2\/2018\/04\/Miniatura_Charla_Guido_Garay.jpg\",\"datePublished\":\"2018-04-02T00:00:00+00:00\",\"dateModified\":\"2019-05-09T21:00:00+00:00\",\"breadcrumb\":{\"@id\":\"https:\/\/dev.explora.cl\/aricayparinacota\/seguro-que-hay-vida-en-muchos-planetas-de-nuestra-galaxia-2\/#breadcrumb\"},\"inLanguage\":\"es-CL\",\"potentialAction\":[{\"@type\":\"ReadAction\",\"target\":[\"https:\/\/dev.explora.cl\/aricayparinacota\/seguro-que-hay-vida-en-muchos-planetas-de-nuestra-galaxia-2\/\"]}]},{\"@type\":\"ImageObject\",\"inLanguage\":\"es-CL\",\"@id\":\"https:\/\/dev.explora.cl\/aricayparinacota\/seguro-que-hay-vida-en-muchos-planetas-de-nuestra-galaxia-2\/#primaryimage\",\"url\":\"https:\/\/dev.explora.cl\/aricayparinacota\/wp-content\/uploads\/sites\/2\/2018\/04\/Miniatura_Charla_Guido_Garay.jpg\",\"contentUrl\":\"https:\/\/dev.explora.cl\/aricayparinacota\/wp-content\/uploads\/sites\/2\/2018\/04\/Miniatura_Charla_Guido_Garay.jpg\",\"width\":223,\"height\":147},{\"@type\":\"BreadcrumbList\",\"@id\":\"https:\/\/dev.explora.cl\/aricayparinacota\/seguro-que-hay-vida-en-muchos-planetas-de-nuestra-galaxia-2\/#breadcrumb\",\"itemListElement\":[{\"@type\":\"ListItem\",\"position\":1,\"name\":\"Portada\",\"item\":\"https:\/\/dev.explora.cl\/aricayparinacota\/\"},{\"@type\":\"ListItem\",\"position\":2,\"name\":\"Seguro que hay vida en muchos planetas de nuestra galaxia\u2026\"}]},{\"@type\":\"WebSite\",\"@id\":\"https:\/\/dev.explora.cl\/aricayparinacota\/#website\",\"url\":\"https:\/\/dev.explora.cl\/aricayparinacota\/\",\"name\":\"Arica y Parinacota\",\"description\":\"Otro sitio m\u00e1s de dev.explora.cl\",\"publisher\":{\"@id\":\"https:\/\/dev.explora.cl\/aricayparinacota\/#organization\"},\"potentialAction\":[{\"@type\":\"SearchAction\",\"target\":{\"@type\":\"EntryPoint\",\"urlTemplate\":\"https:\/\/dev.explora.cl\/aricayparinacota\/?s={search_term_string}\"},\"query-input\":{\"@type\":\"PropertyValueSpecification\",\"valueRequired\":true,\"valueName\":\"search_term_string\"}}],\"inLanguage\":\"es-CL\"},{\"@type\":\"Organization\",\"@id\":\"https:\/\/dev.explora.cl\/aricayparinacota\/#organization\",\"name\":\"Arica y Parinacota\",\"url\":\"https:\/\/dev.explora.cl\/aricayparinacota\/\",\"logo\":{\"@type\":\"ImageObject\",\"inLanguage\":\"es-CL\",\"@id\":\"https:\/\/dev.explora.cl\/aricayparinacota\/#\/schema\/logo\/image\/\",\"url\":\"https:\/\/dev.explora.cl\/aricayparinacota\/wp-content\/uploads\/sites\/2\/2020\/08\/cropped-nuevosa-logos-11.png\",\"contentUrl\":\"https:\/\/dev.explora.cl\/aricayparinacota\/wp-content\/uploads\/sites\/2\/2020\/08\/cropped-nuevosa-logos-11.png\",\"width\":812,\"height\":937,\"caption\":\"Arica y Parinacota\"},\"image\":{\"@id\":\"https:\/\/dev.explora.cl\/aricayparinacota\/#\/schema\/logo\/image\/\"}},{\"@type\":\"Person\",\"@id\":\"https:\/\/dev.explora.cl\/aricayparinacota\/#\/schema\/person\/cb8349c13ea2d324080adf8480d7ba5d\",\"name\":\"webman\",\"image\":{\"@type\":\"ImageObject\",\"inLanguage\":\"es-CL\",\"@id\":\"https:\/\/dev.explora.cl\/aricayparinacota\/#\/schema\/person\/image\/\",\"url\":\"https:\/\/secure.gravatar.com\/avatar\/eeff3c82f2c02f7177d13663b7e6f890e9a6a0647ce9bb29cae02dcb094c7312?s=96&d=mm&r=g\",\"contentUrl\":\"https:\/\/secure.gravatar.com\/avatar\/eeff3c82f2c02f7177d13663b7e6f890e9a6a0647ce9bb29cae02dcb094c7312?s=96&d=mm&r=g\",\"caption\":\"webman\"},\"url\":\"https:\/\/dev.explora.cl\/aricayparinacota\/author\/webman\/\"}]}<\/script>\n<!-- \/ Yoast SEO plugin. -->","yoast_head_json":{"title":"Seguro que hay vida en muchos planetas de nuestra galaxia\u2026 - Arica y Parinacota","robots":{"index":"index","follow":"follow","max-snippet":"max-snippet:-1","max-image-preview":"max-image-preview:large","max-video-preview":"max-video-preview:-1"},"canonical":"https:\/\/dev.explora.cl\/aricayparinacota\/seguro-que-hay-vida-en-muchos-planetas-de-nuestra-galaxia-2\/","og_locale":"es_ES","og_type":"article","og_title":"Seguro que hay vida en muchos planetas de nuestra galaxia\u2026 - Arica y Parinacota","og_description":"El cient\u00edfico Guido Garay, doctor en Astronom\u00eda, Premio Nacional de Ciencias Exactas 2017, efectu\u00f3 una serie de charlas para distintos p\u00fablicos en el \u00e1rea rural y urbana de la ciudad de Arica, invitado por el Proyecto Explora de la Universidad de Tarapac\u00e1. Son las ocho de la ma\u00f1ana, y Guido Garay, Premio Nacional de Ciencias [&hellip;]","og_url":"https:\/\/dev.explora.cl\/aricayparinacota\/seguro-que-hay-vida-en-muchos-planetas-de-nuestra-galaxia-2\/","og_site_name":"Arica y Parinacota","article_published_time":"2018-04-02T00:00:00+00:00","article_modified_time":"2019-05-09T21:00:00+00:00","og_image":[{"width":223,"height":147,"url":"https:\/\/dev.explora.cl\/aricayparinacota\/wp-content\/uploads\/sites\/2\/2018\/04\/Miniatura_Charla_Guido_Garay.jpg","type":"image\/jpeg"}],"author":"webman","twitter_card":"summary_large_image","twitter_misc":{"Escrito por":"webman","Tiempo estimado de lectura":"7 minutos"},"schema":{"@context":"https:\/\/schema.org","@graph":[{"@type":"Article","@id":"https:\/\/dev.explora.cl\/aricayparinacota\/seguro-que-hay-vida-en-muchos-planetas-de-nuestra-galaxia-2\/#article","isPartOf":{"@id":"https:\/\/dev.explora.cl\/aricayparinacota\/seguro-que-hay-vida-en-muchos-planetas-de-nuestra-galaxia-2\/"},"author":{"name":"webman","@id":"https:\/\/dev.explora.cl\/aricayparinacota\/#\/schema\/person\/cb8349c13ea2d324080adf8480d7ba5d"},"headline":"Seguro que hay vida en muchos planetas de nuestra galaxia\u2026","datePublished":"2018-04-02T00:00:00+00:00","dateModified":"2019-05-09T21:00:00+00:00","mainEntityOfPage":{"@id":"https:\/\/dev.explora.cl\/aricayparinacota\/seguro-que-hay-vida-en-muchos-planetas-de-nuestra-galaxia-2\/"},"wordCount":1327,"commentCount":0,"publisher":{"@id":"https:\/\/dev.explora.cl\/aricayparinacota\/#organization"},"image":{"@id":"https:\/\/dev.explora.cl\/aricayparinacota\/seguro-que-hay-vida-en-muchos-planetas-de-nuestra-galaxia-2\/#primaryimage"},"thumbnailUrl":"https:\/\/dev.explora.cl\/aricayparinacota\/wp-content\/uploads\/sites\/2\/2018\/04\/Miniatura_Charla_Guido_Garay.jpg","articleSection":["Noticias"],"inLanguage":"es-CL","potentialAction":[{"@type":"CommentAction","name":"Comment","target":["https:\/\/dev.explora.cl\/aricayparinacota\/seguro-que-hay-vida-en-muchos-planetas-de-nuestra-galaxia-2\/#respond"]}]},{"@type":"WebPage","@id":"https:\/\/dev.explora.cl\/aricayparinacota\/seguro-que-hay-vida-en-muchos-planetas-de-nuestra-galaxia-2\/","url":"https:\/\/dev.explora.cl\/aricayparinacota\/seguro-que-hay-vida-en-muchos-planetas-de-nuestra-galaxia-2\/","name":"Seguro que hay vida en muchos planetas de nuestra galaxia\u2026 - Arica y Parinacota","isPartOf":{"@id":"https:\/\/dev.explora.cl\/aricayparinacota\/#website"},"primaryImageOfPage":{"@id":"https:\/\/dev.explora.cl\/aricayparinacota\/seguro-que-hay-vida-en-muchos-planetas-de-nuestra-galaxia-2\/#primaryimage"},"image":{"@id":"https:\/\/dev.explora.cl\/aricayparinacota\/seguro-que-hay-vida-en-muchos-planetas-de-nuestra-galaxia-2\/#primaryimage"},"thumbnailUrl":"https:\/\/dev.explora.cl\/aricayparinacota\/wp-content\/uploads\/sites\/2\/2018\/04\/Miniatura_Charla_Guido_Garay.jpg","datePublished":"2018-04-02T00:00:00+00:00","dateModified":"2019-05-09T21:00:00+00:00","breadcrumb":{"@id":"https:\/\/dev.explora.cl\/aricayparinacota\/seguro-que-hay-vida-en-muchos-planetas-de-nuestra-galaxia-2\/#breadcrumb"},"inLanguage":"es-CL","potentialAction":[{"@type":"ReadAction","target":["https:\/\/dev.explora.cl\/aricayparinacota\/seguro-que-hay-vida-en-muchos-planetas-de-nuestra-galaxia-2\/"]}]},{"@type":"ImageObject","inLanguage":"es-CL","@id":"https:\/\/dev.explora.cl\/aricayparinacota\/seguro-que-hay-vida-en-muchos-planetas-de-nuestra-galaxia-2\/#primaryimage","url":"https:\/\/dev.explora.cl\/aricayparinacota\/wp-content\/uploads\/sites\/2\/2018\/04\/Miniatura_Charla_Guido_Garay.jpg","contentUrl":"https:\/\/dev.explora.cl\/aricayparinacota\/wp-content\/uploads\/sites\/2\/2018\/04\/Miniatura_Charla_Guido_Garay.jpg","width":223,"height":147},{"@type":"BreadcrumbList","@id":"https:\/\/dev.explora.cl\/aricayparinacota\/seguro-que-hay-vida-en-muchos-planetas-de-nuestra-galaxia-2\/#breadcrumb","itemListElement":[{"@type":"ListItem","position":1,"name":"Portada","item":"https:\/\/dev.explora.cl\/aricayparinacota\/"},{"@type":"ListItem","position":2,"name":"Seguro que hay vida en muchos planetas de nuestra galaxia\u2026"}]},{"@type":"WebSite","@id":"https:\/\/dev.explora.cl\/aricayparinacota\/#website","url":"https:\/\/dev.explora.cl\/aricayparinacota\/","name":"Arica y Parinacota","description":"Otro sitio m\u00e1s de dev.explora.cl","publisher":{"@id":"https:\/\/dev.explora.cl\/aricayparinacota\/#organization"},"potentialAction":[{"@type":"SearchAction","target":{"@type":"EntryPoint","urlTemplate":"https:\/\/dev.explora.cl\/aricayparinacota\/?s={search_term_string}"},"query-input":{"@type":"PropertyValueSpecification","valueRequired":true,"valueName":"search_term_string"}}],"inLanguage":"es-CL"},{"@type":"Organization","@id":"https:\/\/dev.explora.cl\/aricayparinacota\/#organization","name":"Arica y Parinacota","url":"https:\/\/dev.explora.cl\/aricayparinacota\/","logo":{"@type":"ImageObject","inLanguage":"es-CL","@id":"https:\/\/dev.explora.cl\/aricayparinacota\/#\/schema\/logo\/image\/","url":"https:\/\/dev.explora.cl\/aricayparinacota\/wp-content\/uploads\/sites\/2\/2020\/08\/cropped-nuevosa-logos-11.png","contentUrl":"https:\/\/dev.explora.cl\/aricayparinacota\/wp-content\/uploads\/sites\/2\/2020\/08\/cropped-nuevosa-logos-11.png","width":812,"height":937,"caption":"Arica y Parinacota"},"image":{"@id":"https:\/\/dev.explora.cl\/aricayparinacota\/#\/schema\/logo\/image\/"}},{"@type":"Person","@id":"https:\/\/dev.explora.cl\/aricayparinacota\/#\/schema\/person\/cb8349c13ea2d324080adf8480d7ba5d","name":"webman","image":{"@type":"ImageObject","inLanguage":"es-CL","@id":"https:\/\/dev.explora.cl\/aricayparinacota\/#\/schema\/person\/image\/","url":"https:\/\/secure.gravatar.com\/avatar\/eeff3c82f2c02f7177d13663b7e6f890e9a6a0647ce9bb29cae02dcb094c7312?s=96&d=mm&r=g","contentUrl":"https:\/\/secure.gravatar.com\/avatar\/eeff3c82f2c02f7177d13663b7e6f890e9a6a0647ce9bb29cae02dcb094c7312?s=96&d=mm&r=g","caption":"webman"},"url":"https:\/\/dev.explora.cl\/aricayparinacota\/author\/webman\/"}]}},"_links":{"self":[{"href":"https:\/\/dev.explora.cl\/aricayparinacota\/wp-json\/wp\/v2\/posts\/32361","targetHints":{"allow":["GET"]}}],"collection":[{"href":"https:\/\/dev.explora.cl\/aricayparinacota\/wp-json\/wp\/v2\/posts"}],"about":[{"href":"https:\/\/dev.explora.cl\/aricayparinacota\/wp-json\/wp\/v2\/types\/post"}],"author":[{"embeddable":true,"href":"https:\/\/dev.explora.cl\/aricayparinacota\/wp-json\/wp\/v2\/users\/2"}],"replies":[{"embeddable":true,"href":"https:\/\/dev.explora.cl\/aricayparinacota\/wp-json\/wp\/v2\/comments?post=32361"}],"version-history":[{"count":1,"href":"https:\/\/dev.explora.cl\/aricayparinacota\/wp-json\/wp\/v2\/posts\/32361\/revisions"}],"predecessor-version":[{"id":32807,"href":"https:\/\/dev.explora.cl\/aricayparinacota\/wp-json\/wp\/v2\/posts\/32361\/revisions\/32807"}],"wp:featuredmedia":[{"embeddable":true,"href":"https:\/\/dev.explora.cl\/aricayparinacota\/wp-json\/wp\/v2\/media\/30529"}],"wp:attachment":[{"href":"https:\/\/dev.explora.cl\/aricayparinacota\/wp-json\/wp\/v2\/media?parent=32361"}],"wp:term":[{"taxonomy":"category","embeddable":true,"href":"https:\/\/dev.explora.cl\/aricayparinacota\/wp-json\/wp\/v2\/categories?post=32361"},{"taxonomy":"post_tag","embeddable":true,"href":"https:\/\/dev.explora.cl\/aricayparinacota\/wp-json\/wp\/v2\/tags?post=32361"}],"curies":[{"name":"wp","href":"https:\/\/api.w.org\/{rel}","templated":true}]}}