{"id":32350,"date":"2017-12-05T00:00:00","date_gmt":"2017-12-05T00:00:00","guid":{"rendered":"https:\/\/dev.explora.cl\/aricayparinacota\/blog\/2017\/12\/05\/congreso-de-ciencia-escolar-reune-a-estudiantes-de-arica-a-magallanes-2\/"},"modified":"2019-05-09T21:01:10","modified_gmt":"2019-05-09T21:01:10","slug":"congreso-de-ciencia-escolar-reune-a-estudiantes-de-arica-a-magallanes-2","status":"publish","type":"post","link":"https:\/\/dev.explora.cl\/aricayparinacota\/congreso-de-ciencia-escolar-reune-a-estudiantes-de-arica-a-magallanes-2\/","title":{"rendered":"Congreso de ciencia escolar re\u00fane a estudiantes de Arica a Magallanes"},"content":{"rendered":"<ul>\n<li><strong>El evento m\u00e1s importante de ciencia para estudiantes que se realiza en el pa\u00eds fue inaugurado el martes en la Plaza Vicu\u00f1a Mackenna, a los pies del Morro.<\/strong><\/li>\n<li><strong>Son 54 equipos de j\u00f3venes cient\u00edficos que llegan de todo el pa\u00eds a presentar los resultados de investigaciones ganadores de congresos en cada regi\u00f3n.<\/strong><\/li>\n<\/ul>\n<p>Llegaron temprano la ma\u00f1ana del martes a montar sus stands en la plaza ubicada a los pies del imponente Morro de Arica. Un total de 107 estudiantes, divididos en 54 equipos, desde 5\u00b0 de Educaci\u00f3n B\u00e1sica hasta 3\u00b0 de Educaci\u00f3n Media, provenientes de todas las regiones del pa\u00eds. Es el evento m\u00e1s importante de ciencia para estudiantes que se realiza en Chile:&nbsp;<strong>el XVIII Congreso Nacional Escolar de Ciencia y Tecnolog\u00eda, que impulsa CONICYT a trav\u00e9s de su programa Explora.<\/strong><\/p>\n<p><strong>&nbsp;<\/strong><\/p>\n<p>Desde un panel solar m\u00f3vil capaz de limpiarse por s\u00ed mismo en el \u00e1rido ambiente des\u00e9rtico del norte, hasta un biopl\u00e1stico hecho, nada menos, que de c\u00e1scaras de pl\u00e1tano; pasando por una pasta hecha a base de conchas de almejas que permite retrasar el avance del fuego durante un incendio hasta por 48 minutos, sistema que puede usarse para crear cortafuegos o, incluso, para aplicar en ropa de bomberos como protecci\u00f3n.<\/p>\n<p>Organizado por el&nbsp;<strong>Proyecto Asociativo Regional Explora de la Regi\u00f3n de Arica y Parinacota<\/strong>, instalado en la Universidad de Tarapac\u00e1, el evento fue inaugurado por representantes del Programa Explora, autoridades locales y cient\u00edficos invitados, entre ellos 38 que llegaron hasta la ciudad para desempe\u00f1arse como jurados evaluadores de las investigaciones. \u201cHemos llegado hasta Arica y estaremos llevando el Congreso a regiones, para que, junto con presentar sus investigaciones, los ni\u00f1os y ni\u00f1as que participan puedan conocer la diversidad cultural del pa\u00eds\u201d, afirm\u00f3 la subdirectora del programa Explora, Paula Arismendi.<\/p>\n<p>Jos\u00e9 Echeverry, cient\u00edfico chileno radicado en Canad\u00e1 y experto mundial en energ\u00edas renovables, quien lleg\u00f3 al pa\u00eds para participar del evento, destac\u00f3 que las investigaciones presentadas se enfocan en resolver problemas concretos que afectan al entorno de los estudiantes en cada regi\u00f3n del pa\u00eds. \u201cDemuestran c\u00f3mo la ciencia y la tecnolog\u00eda pueden solucionar los grandes problemas de la humanidad. Muchos proyectos buscan soluciones de energ\u00eda renovable y lo que necesitamos es llegar al 100% de energ\u00edas renovables. Esto debe ser con un enfoque comunitario, para poder pasar del 20%, que es donde est\u00e1 el mundo ahora con el uso de esta clase de energ\u00eda\u201d, se\u00f1al\u00f3.<\/p>\n<p>El evento, que finaliza hoy jueves 30 en Arica, se realiza desde el a\u00f1o 1999 y representa la etapa final de un extenso trabajo, que muchas veces requiere sacrificar recreos, vacaciones y fines de semana, como parte de un proceso riguroso que nada tiene que envidiar al trabajo de los m\u00e1s destacados cient\u00edficos en universidades y prestigiosos centros de investigaci\u00f3n. Los estudios son variados, contemplando desde un an\u00e1lisis de la invasi\u00f3n de medusas de aguas dulce en lagos del sur de Chile, hasta una novedosa investigaci\u00f3n que descubri\u00f3 cu\u00e1l es la raz\u00f3n de que a muchos alumnos no les guste la matem\u00e1tica.<\/p>\n<p>Los participantes del congreso tambi\u00e9n tuvieron la oportunidad de compartir con destacados investigadores en Conversaciones con Cient\u00edficos, y visitar distintos lugares de la regi\u00f3n en rutas patrimoniales. El evento se corona en una ceremonia de cierre que se realiza hoy, donde se anuncian a los proyectos seleccionados, quienes ser\u00e1n premiados con pasant\u00edas nacionales e internacionales.<\/p>\n<p><img loading=\"lazy\" decoding=\"async\" class=\" size-full wp-image-29306\" src=\"https:\/\/dev.explora.cl\/wp-content\/uploads\/2017\/12\/Collage_Nota_CNECyT_Final.jpg\" alt=\"Collage Nota CNECyT Final\" width=\"956\" height=\"236\" \/><\/p>\n","protected":false},"excerpt":{"rendered":"<p>El evento m\u00e1s importante de ciencia para estudiantes que se realiza en el pa\u00eds fue inaugurado el martes en la Plaza Vicu\u00f1a Mackenna, a los pies del Morro. Son 54 equipos de j\u00f3venes cient\u00edficos que llegan de todo el pa\u00eds a presentar los resultados de investigaciones ganadores de congresos en cada regi\u00f3n. Llegaron temprano la [&hellip;]<\/p>\n","protected":false},"author":2,"featured_media":32351,"comment_status":"open","ping_status":"open","sticky":false,"template":"","format":"standard","meta":{"_acf_changed":false,"_exactmetrics_skip_tracking":false,"_exactmetrics_sitenote_active":false,"_exactmetrics_sitenote_note":"","_exactmetrics_sitenote_category":0,"footnotes":"","_links_to":"","_links_to_target":""},"categories":[4],"tags":[],"class_list":["post-32350","post","type-post","status-publish","format-standard","has-post-thumbnail","hentry","category-noticias"],"acf":[],"yoast_head":"<!-- This site is optimized with the Yoast SEO plugin v26.7 - https:\/\/yoast.com\/wordpress\/plugins\/seo\/ -->\n<title>Congreso de ciencia escolar re\u00fane a estudiantes de Arica a Magallanes - Arica y Parinacota<\/title>\n<meta name=\"robots\" content=\"index, follow, max-snippet:-1, max-image-preview:large, max-video-preview:-1\" \/>\n<link rel=\"canonical\" href=\"https:\/\/dev.explora.cl\/aricayparinacota\/congreso-de-ciencia-escolar-reune-a-estudiantes-de-arica-a-magallanes-2\/\" class=\"yoast-seo-meta-tag\" \/>\n<meta property=\"og:locale\" content=\"es_ES\" class=\"yoast-seo-meta-tag\" \/>\n<meta property=\"og:type\" content=\"article\" class=\"yoast-seo-meta-tag\" \/>\n<meta property=\"og:title\" content=\"Congreso de ciencia escolar re\u00fane a estudiantes de Arica a Magallanes - Arica y Parinacota\" class=\"yoast-seo-meta-tag\" \/>\n<meta property=\"og:description\" content=\"El evento m\u00e1s importante de ciencia para estudiantes que se realiza en el pa\u00eds fue inaugurado el martes en la Plaza Vicu\u00f1a Mackenna, a los pies del Morro. Son 54 equipos de j\u00f3venes cient\u00edficos que llegan de todo el pa\u00eds a presentar los resultados de investigaciones ganadores de congresos en cada regi\u00f3n. Llegaron temprano la [&hellip;]\" class=\"yoast-seo-meta-tag\" \/>\n<meta property=\"og:url\" content=\"https:\/\/dev.explora.cl\/aricayparinacota\/congreso-de-ciencia-escolar-reune-a-estudiantes-de-arica-a-magallanes-2\/\" class=\"yoast-seo-meta-tag\" \/>\n<meta property=\"og:site_name\" content=\"Arica y Parinacota\" class=\"yoast-seo-meta-tag\" \/>\n<meta property=\"article:published_time\" content=\"2017-12-05T00:00:00+00:00\" class=\"yoast-seo-meta-tag\" \/>\n<meta property=\"article:modified_time\" content=\"2019-05-09T21:01:10+00:00\" class=\"yoast-seo-meta-tag\" \/>\n<meta property=\"og:image\" content=\"https:\/\/dev.explora.cl\/aricayparinacota\/wp-content\/uploads\/sites\/2\/2018\/06\/Miniatura_Nota_CNECyT_Final.jpg\" class=\"yoast-seo-meta-tag\" \/>\n\t<meta property=\"og:image:width\" content=\"223\" class=\"yoast-seo-meta-tag\" \/>\n\t<meta property=\"og:image:height\" content=\"147\" class=\"yoast-seo-meta-tag\" \/>\n\t<meta property=\"og:image:type\" content=\"image\/jpeg\" class=\"yoast-seo-meta-tag\" \/>\n<meta name=\"author\" content=\"webman\" class=\"yoast-seo-meta-tag\" \/>\n<meta name=\"twitter:card\" content=\"summary_large_image\" class=\"yoast-seo-meta-tag\" \/>\n<meta name=\"twitter:label1\" content=\"Escrito por\" class=\"yoast-seo-meta-tag\" \/>\n\t<meta name=\"twitter:data1\" content=\"webman\" class=\"yoast-seo-meta-tag\" \/>\n\t<meta name=\"twitter:label2\" content=\"Tiempo estimado de lectura\" class=\"yoast-seo-meta-tag\" \/>\n\t<meta name=\"twitter:data2\" content=\"3 minutos\" class=\"yoast-seo-meta-tag\" \/>\n<script type=\"application\/ld+json\" class=\"yoast-schema-graph\">{\"@context\":\"https:\/\/schema.org\",\"@graph\":[{\"@type\":\"Article\",\"@id\":\"https:\/\/dev.explora.cl\/aricayparinacota\/congreso-de-ciencia-escolar-reune-a-estudiantes-de-arica-a-magallanes-2\/#article\",\"isPartOf\":{\"@id\":\"https:\/\/dev.explora.cl\/aricayparinacota\/congreso-de-ciencia-escolar-reune-a-estudiantes-de-arica-a-magallanes-2\/\"},\"author\":{\"name\":\"webman\",\"@id\":\"https:\/\/dev.explora.cl\/aricayparinacota\/#\/schema\/person\/cb8349c13ea2d324080adf8480d7ba5d\"},\"headline\":\"Congreso de ciencia escolar re\u00fane a estudiantes de Arica a Magallanes\",\"datePublished\":\"2017-12-05T00:00:00+00:00\",\"dateModified\":\"2019-05-09T21:01:10+00:00\",\"mainEntityOfPage\":{\"@id\":\"https:\/\/dev.explora.cl\/aricayparinacota\/congreso-de-ciencia-escolar-reune-a-estudiantes-de-arica-a-magallanes-2\/\"},\"wordCount\":611,\"commentCount\":0,\"publisher\":{\"@id\":\"https:\/\/dev.explora.cl\/aricayparinacota\/#organization\"},\"image\":{\"@id\":\"https:\/\/dev.explora.cl\/aricayparinacota\/congreso-de-ciencia-escolar-reune-a-estudiantes-de-arica-a-magallanes-2\/#primaryimage\"},\"thumbnailUrl\":\"https:\/\/dev.explora.cl\/aricayparinacota\/wp-content\/uploads\/sites\/2\/2018\/06\/Miniatura_Nota_CNECyT_Final.jpg\",\"articleSection\":[\"Noticias\"],\"inLanguage\":\"es-CL\",\"potentialAction\":[{\"@type\":\"CommentAction\",\"name\":\"Comment\",\"target\":[\"https:\/\/dev.explora.cl\/aricayparinacota\/congreso-de-ciencia-escolar-reune-a-estudiantes-de-arica-a-magallanes-2\/#respond\"]}]},{\"@type\":\"WebPage\",\"@id\":\"https:\/\/dev.explora.cl\/aricayparinacota\/congreso-de-ciencia-escolar-reune-a-estudiantes-de-arica-a-magallanes-2\/\",\"url\":\"https:\/\/dev.explora.cl\/aricayparinacota\/congreso-de-ciencia-escolar-reune-a-estudiantes-de-arica-a-magallanes-2\/\",\"name\":\"Congreso de ciencia escolar re\u00fane a estudiantes de Arica a Magallanes - Arica y Parinacota\",\"isPartOf\":{\"@id\":\"https:\/\/dev.explora.cl\/aricayparinacota\/#website\"},\"primaryImageOfPage\":{\"@id\":\"https:\/\/dev.explora.cl\/aricayparinacota\/congreso-de-ciencia-escolar-reune-a-estudiantes-de-arica-a-magallanes-2\/#primaryimage\"},\"image\":{\"@id\":\"https:\/\/dev.explora.cl\/aricayparinacota\/congreso-de-ciencia-escolar-reune-a-estudiantes-de-arica-a-magallanes-2\/#primaryimage\"},\"thumbnailUrl\":\"https:\/\/dev.explora.cl\/aricayparinacota\/wp-content\/uploads\/sites\/2\/2018\/06\/Miniatura_Nota_CNECyT_Final.jpg\",\"datePublished\":\"2017-12-05T00:00:00+00:00\",\"dateModified\":\"2019-05-09T21:01:10+00:00\",\"breadcrumb\":{\"@id\":\"https:\/\/dev.explora.cl\/aricayparinacota\/congreso-de-ciencia-escolar-reune-a-estudiantes-de-arica-a-magallanes-2\/#breadcrumb\"},\"inLanguage\":\"es-CL\",\"potentialAction\":[{\"@type\":\"ReadAction\",\"target\":[\"https:\/\/dev.explora.cl\/aricayparinacota\/congreso-de-ciencia-escolar-reune-a-estudiantes-de-arica-a-magallanes-2\/\"]}]},{\"@type\":\"ImageObject\",\"inLanguage\":\"es-CL\",\"@id\":\"https:\/\/dev.explora.cl\/aricayparinacota\/congreso-de-ciencia-escolar-reune-a-estudiantes-de-arica-a-magallanes-2\/#primaryimage\",\"url\":\"https:\/\/dev.explora.cl\/aricayparinacota\/wp-content\/uploads\/sites\/2\/2018\/06\/Miniatura_Nota_CNECyT_Final.jpg\",\"contentUrl\":\"https:\/\/dev.explora.cl\/aricayparinacota\/wp-content\/uploads\/sites\/2\/2018\/06\/Miniatura_Nota_CNECyT_Final.jpg\",\"width\":223,\"height\":147},{\"@type\":\"BreadcrumbList\",\"@id\":\"https:\/\/dev.explora.cl\/aricayparinacota\/congreso-de-ciencia-escolar-reune-a-estudiantes-de-arica-a-magallanes-2\/#breadcrumb\",\"itemListElement\":[{\"@type\":\"ListItem\",\"position\":1,\"name\":\"Portada\",\"item\":\"https:\/\/dev.explora.cl\/aricayparinacota\/\"},{\"@type\":\"ListItem\",\"position\":2,\"name\":\"Congreso de ciencia escolar re\u00fane a estudiantes de Arica a Magallanes\"}]},{\"@type\":\"WebSite\",\"@id\":\"https:\/\/dev.explora.cl\/aricayparinacota\/#website\",\"url\":\"https:\/\/dev.explora.cl\/aricayparinacota\/\",\"name\":\"Arica y Parinacota\",\"description\":\"Otro sitio m\u00e1s de dev.explora.cl\",\"publisher\":{\"@id\":\"https:\/\/dev.explora.cl\/aricayparinacota\/#organization\"},\"potentialAction\":[{\"@type\":\"SearchAction\",\"target\":{\"@type\":\"EntryPoint\",\"urlTemplate\":\"https:\/\/dev.explora.cl\/aricayparinacota\/?s={search_term_string}\"},\"query-input\":{\"@type\":\"PropertyValueSpecification\",\"valueRequired\":true,\"valueName\":\"search_term_string\"}}],\"inLanguage\":\"es-CL\"},{\"@type\":\"Organization\",\"@id\":\"https:\/\/dev.explora.cl\/aricayparinacota\/#organization\",\"name\":\"Arica y Parinacota\",\"url\":\"https:\/\/dev.explora.cl\/aricayparinacota\/\",\"logo\":{\"@type\":\"ImageObject\",\"inLanguage\":\"es-CL\",\"@id\":\"https:\/\/dev.explora.cl\/aricayparinacota\/#\/schema\/logo\/image\/\",\"url\":\"https:\/\/dev.explora.cl\/aricayparinacota\/wp-content\/uploads\/sites\/2\/2020\/08\/cropped-nuevosa-logos-11.png\",\"contentUrl\":\"https:\/\/dev.explora.cl\/aricayparinacota\/wp-content\/uploads\/sites\/2\/2020\/08\/cropped-nuevosa-logos-11.png\",\"width\":812,\"height\":937,\"caption\":\"Arica y Parinacota\"},\"image\":{\"@id\":\"https:\/\/dev.explora.cl\/aricayparinacota\/#\/schema\/logo\/image\/\"}},{\"@type\":\"Person\",\"@id\":\"https:\/\/dev.explora.cl\/aricayparinacota\/#\/schema\/person\/cb8349c13ea2d324080adf8480d7ba5d\",\"name\":\"webman\",\"image\":{\"@type\":\"ImageObject\",\"inLanguage\":\"es-CL\",\"@id\":\"https:\/\/dev.explora.cl\/aricayparinacota\/#\/schema\/person\/image\/\",\"url\":\"https:\/\/secure.gravatar.com\/avatar\/eeff3c82f2c02f7177d13663b7e6f890e9a6a0647ce9bb29cae02dcb094c7312?s=96&d=mm&r=g\",\"contentUrl\":\"https:\/\/secure.gravatar.com\/avatar\/eeff3c82f2c02f7177d13663b7e6f890e9a6a0647ce9bb29cae02dcb094c7312?s=96&d=mm&r=g\",\"caption\":\"webman\"},\"url\":\"https:\/\/dev.explora.cl\/aricayparinacota\/author\/webman\/\"}]}<\/script>\n<!-- \/ Yoast SEO plugin. -->","yoast_head_json":{"title":"Congreso de ciencia escolar re\u00fane a estudiantes de Arica a Magallanes - Arica y Parinacota","robots":{"index":"index","follow":"follow","max-snippet":"max-snippet:-1","max-image-preview":"max-image-preview:large","max-video-preview":"max-video-preview:-1"},"canonical":"https:\/\/dev.explora.cl\/aricayparinacota\/congreso-de-ciencia-escolar-reune-a-estudiantes-de-arica-a-magallanes-2\/","og_locale":"es_ES","og_type":"article","og_title":"Congreso de ciencia escolar re\u00fane a estudiantes de Arica a Magallanes - Arica y Parinacota","og_description":"El evento m\u00e1s importante de ciencia para estudiantes que se realiza en el pa\u00eds fue inaugurado el martes en la Plaza Vicu\u00f1a Mackenna, a los pies del Morro. Son 54 equipos de j\u00f3venes cient\u00edficos que llegan de todo el pa\u00eds a presentar los resultados de investigaciones ganadores de congresos en cada regi\u00f3n. Llegaron temprano la [&hellip;]","og_url":"https:\/\/dev.explora.cl\/aricayparinacota\/congreso-de-ciencia-escolar-reune-a-estudiantes-de-arica-a-magallanes-2\/","og_site_name":"Arica y Parinacota","article_published_time":"2017-12-05T00:00:00+00:00","article_modified_time":"2019-05-09T21:01:10+00:00","og_image":[{"width":223,"height":147,"url":"https:\/\/dev.explora.cl\/aricayparinacota\/wp-content\/uploads\/sites\/2\/2018\/06\/Miniatura_Nota_CNECyT_Final.jpg","type":"image\/jpeg"}],"author":"webman","twitter_card":"summary_large_image","twitter_misc":{"Escrito por":"webman","Tiempo estimado de lectura":"3 minutos"},"schema":{"@context":"https:\/\/schema.org","@graph":[{"@type":"Article","@id":"https:\/\/dev.explora.cl\/aricayparinacota\/congreso-de-ciencia-escolar-reune-a-estudiantes-de-arica-a-magallanes-2\/#article","isPartOf":{"@id":"https:\/\/dev.explora.cl\/aricayparinacota\/congreso-de-ciencia-escolar-reune-a-estudiantes-de-arica-a-magallanes-2\/"},"author":{"name":"webman","@id":"https:\/\/dev.explora.cl\/aricayparinacota\/#\/schema\/person\/cb8349c13ea2d324080adf8480d7ba5d"},"headline":"Congreso de ciencia escolar re\u00fane a estudiantes de Arica a Magallanes","datePublished":"2017-12-05T00:00:00+00:00","dateModified":"2019-05-09T21:01:10+00:00","mainEntityOfPage":{"@id":"https:\/\/dev.explora.cl\/aricayparinacota\/congreso-de-ciencia-escolar-reune-a-estudiantes-de-arica-a-magallanes-2\/"},"wordCount":611,"commentCount":0,"publisher":{"@id":"https:\/\/dev.explora.cl\/aricayparinacota\/#organization"},"image":{"@id":"https:\/\/dev.explora.cl\/aricayparinacota\/congreso-de-ciencia-escolar-reune-a-estudiantes-de-arica-a-magallanes-2\/#primaryimage"},"thumbnailUrl":"https:\/\/dev.explora.cl\/aricayparinacota\/wp-content\/uploads\/sites\/2\/2018\/06\/Miniatura_Nota_CNECyT_Final.jpg","articleSection":["Noticias"],"inLanguage":"es-CL","potentialAction":[{"@type":"CommentAction","name":"Comment","target":["https:\/\/dev.explora.cl\/aricayparinacota\/congreso-de-ciencia-escolar-reune-a-estudiantes-de-arica-a-magallanes-2\/#respond"]}]},{"@type":"WebPage","@id":"https:\/\/dev.explora.cl\/aricayparinacota\/congreso-de-ciencia-escolar-reune-a-estudiantes-de-arica-a-magallanes-2\/","url":"https:\/\/dev.explora.cl\/aricayparinacota\/congreso-de-ciencia-escolar-reune-a-estudiantes-de-arica-a-magallanes-2\/","name":"Congreso de ciencia escolar re\u00fane a estudiantes de Arica a Magallanes - Arica y Parinacota","isPartOf":{"@id":"https:\/\/dev.explora.cl\/aricayparinacota\/#website"},"primaryImageOfPage":{"@id":"https:\/\/dev.explora.cl\/aricayparinacota\/congreso-de-ciencia-escolar-reune-a-estudiantes-de-arica-a-magallanes-2\/#primaryimage"},"image":{"@id":"https:\/\/dev.explora.cl\/aricayparinacota\/congreso-de-ciencia-escolar-reune-a-estudiantes-de-arica-a-magallanes-2\/#primaryimage"},"thumbnailUrl":"https:\/\/dev.explora.cl\/aricayparinacota\/wp-content\/uploads\/sites\/2\/2018\/06\/Miniatura_Nota_CNECyT_Final.jpg","datePublished":"2017-12-05T00:00:00+00:00","dateModified":"2019-05-09T21:01:10+00:00","breadcrumb":{"@id":"https:\/\/dev.explora.cl\/aricayparinacota\/congreso-de-ciencia-escolar-reune-a-estudiantes-de-arica-a-magallanes-2\/#breadcrumb"},"inLanguage":"es-CL","potentialAction":[{"@type":"ReadAction","target":["https:\/\/dev.explora.cl\/aricayparinacota\/congreso-de-ciencia-escolar-reune-a-estudiantes-de-arica-a-magallanes-2\/"]}]},{"@type":"ImageObject","inLanguage":"es-CL","@id":"https:\/\/dev.explora.cl\/aricayparinacota\/congreso-de-ciencia-escolar-reune-a-estudiantes-de-arica-a-magallanes-2\/#primaryimage","url":"https:\/\/dev.explora.cl\/aricayparinacota\/wp-content\/uploads\/sites\/2\/2018\/06\/Miniatura_Nota_CNECyT_Final.jpg","contentUrl":"https:\/\/dev.explora.cl\/aricayparinacota\/wp-content\/uploads\/sites\/2\/2018\/06\/Miniatura_Nota_CNECyT_Final.jpg","width":223,"height":147},{"@type":"BreadcrumbList","@id":"https:\/\/dev.explora.cl\/aricayparinacota\/congreso-de-ciencia-escolar-reune-a-estudiantes-de-arica-a-magallanes-2\/#breadcrumb","itemListElement":[{"@type":"ListItem","position":1,"name":"Portada","item":"https:\/\/dev.explora.cl\/aricayparinacota\/"},{"@type":"ListItem","position":2,"name":"Congreso de ciencia escolar re\u00fane a estudiantes de Arica a Magallanes"}]},{"@type":"WebSite","@id":"https:\/\/dev.explora.cl\/aricayparinacota\/#website","url":"https:\/\/dev.explora.cl\/aricayparinacota\/","name":"Arica y Parinacota","description":"Otro sitio m\u00e1s de dev.explora.cl","publisher":{"@id":"https:\/\/dev.explora.cl\/aricayparinacota\/#organization"},"potentialAction":[{"@type":"SearchAction","target":{"@type":"EntryPoint","urlTemplate":"https:\/\/dev.explora.cl\/aricayparinacota\/?s={search_term_string}"},"query-input":{"@type":"PropertyValueSpecification","valueRequired":true,"valueName":"search_term_string"}}],"inLanguage":"es-CL"},{"@type":"Organization","@id":"https:\/\/dev.explora.cl\/aricayparinacota\/#organization","name":"Arica y Parinacota","url":"https:\/\/dev.explora.cl\/aricayparinacota\/","logo":{"@type":"ImageObject","inLanguage":"es-CL","@id":"https:\/\/dev.explora.cl\/aricayparinacota\/#\/schema\/logo\/image\/","url":"https:\/\/dev.explora.cl\/aricayparinacota\/wp-content\/uploads\/sites\/2\/2020\/08\/cropped-nuevosa-logos-11.png","contentUrl":"https:\/\/dev.explora.cl\/aricayparinacota\/wp-content\/uploads\/sites\/2\/2020\/08\/cropped-nuevosa-logos-11.png","width":812,"height":937,"caption":"Arica y Parinacota"},"image":{"@id":"https:\/\/dev.explora.cl\/aricayparinacota\/#\/schema\/logo\/image\/"}},{"@type":"Person","@id":"https:\/\/dev.explora.cl\/aricayparinacota\/#\/schema\/person\/cb8349c13ea2d324080adf8480d7ba5d","name":"webman","image":{"@type":"ImageObject","inLanguage":"es-CL","@id":"https:\/\/dev.explora.cl\/aricayparinacota\/#\/schema\/person\/image\/","url":"https:\/\/secure.gravatar.com\/avatar\/eeff3c82f2c02f7177d13663b7e6f890e9a6a0647ce9bb29cae02dcb094c7312?s=96&d=mm&r=g","contentUrl":"https:\/\/secure.gravatar.com\/avatar\/eeff3c82f2c02f7177d13663b7e6f890e9a6a0647ce9bb29cae02dcb094c7312?s=96&d=mm&r=g","caption":"webman"},"url":"https:\/\/dev.explora.cl\/aricayparinacota\/author\/webman\/"}]}},"_links":{"self":[{"href":"https:\/\/dev.explora.cl\/aricayparinacota\/wp-json\/wp\/v2\/posts\/32350","targetHints":{"allow":["GET"]}}],"collection":[{"href":"https:\/\/dev.explora.cl\/aricayparinacota\/wp-json\/wp\/v2\/posts"}],"about":[{"href":"https:\/\/dev.explora.cl\/aricayparinacota\/wp-json\/wp\/v2\/types\/post"}],"author":[{"embeddable":true,"href":"https:\/\/dev.explora.cl\/aricayparinacota\/wp-json\/wp\/v2\/users\/2"}],"replies":[{"embeddable":true,"href":"https:\/\/dev.explora.cl\/aricayparinacota\/wp-json\/wp\/v2\/comments?post=32350"}],"version-history":[{"count":1,"href":"https:\/\/dev.explora.cl\/aricayparinacota\/wp-json\/wp\/v2\/posts\/32350\/revisions"}],"predecessor-version":[{"id":32814,"href":"https:\/\/dev.explora.cl\/aricayparinacota\/wp-json\/wp\/v2\/posts\/32350\/revisions\/32814"}],"wp:featuredmedia":[{"embeddable":true,"href":"https:\/\/dev.explora.cl\/aricayparinacota\/wp-json\/wp\/v2\/media\/32351"}],"wp:attachment":[{"href":"https:\/\/dev.explora.cl\/aricayparinacota\/wp-json\/wp\/v2\/media?parent=32350"}],"wp:term":[{"taxonomy":"category","embeddable":true,"href":"https:\/\/dev.explora.cl\/aricayparinacota\/wp-json\/wp\/v2\/categories?post=32350"},{"taxonomy":"post_tag","embeddable":true,"href":"https:\/\/dev.explora.cl\/aricayparinacota\/wp-json\/wp\/v2\/tags?post=32350"}],"curies":[{"name":"wp","href":"https:\/\/api.w.org\/{rel}","templated":true}]}}