{"id":32347,"date":"2017-11-24T00:00:00","date_gmt":"2017-11-24T00:00:00","guid":{"rendered":"https:\/\/dev.explora.cl\/aricayparinacota\/blog\/2017\/11\/24\/jovenes-cientificos-del-pais-se-reunen-en-arica\/"},"modified":"2019-05-09T21:01:18","modified_gmt":"2019-05-09T21:01:18","slug":"jovenes-cientificos-del-pais-se-reunen-en-arica","status":"publish","type":"post","link":"https:\/\/dev.explora.cl\/aricayparinacota\/jovenes-cientificos-del-pais-se-reunen-en-arica\/","title":{"rendered":"J\u00f3venes cient\u00edficos del pa\u00eds se re\u00fanen en Arica"},"content":{"rendered":"<ul>\n<li><em>El evento m\u00e1s importante de ciencia para estudiantes que se realiza en el pa\u00eds se llevar\u00e1 a cabo entre el 28 y el 30 de noviembre pr\u00f3ximo e incluir\u00e1 la participaci\u00f3n de 54 equipos de j\u00f3venes cient\u00edficos en la Plaza Vicu\u00f1a Mackenna, a los pies del morro de esta ciudad.<\/em><\/li>\n<\/ul>\n<p><em>&nbsp;<\/em><\/p>\n<ul>\n<li><em>Se presentar\u00e1n investigaciones que contemplan desde an\u00e1lisis de la invasi\u00f3n de medusas de aguas dulce en lagos del sur de Chile, hasta una novedosa investigaci\u00f3n que descubri\u00f3 cu\u00e1l es la raz\u00f3n de que a muchos alumnos y alumnas no les gusten las matem\u00e1ticas.<\/em><\/li>\n<\/ul>\n<p>\u00bfExiste alg\u00fan riesgo de contaminaci\u00f3n con elementos t\u00f3xicos en las prendas de vestir que se importan masivamente desde otros pa\u00edses? \u00bfSer\u00e1 posible crear una sal que evite la hipertensi\u00f3n arterial, utilizando algas como insumo? \u00bfEs cierto que las conchas de almeja podr\u00edan retardar el avance de un incendio forestal? Estas son solo algunas de las preguntas que, a lo largo de Chile, se plantearon los estudiantes ganadores de<strong>Congresos de Investigaci\u00f3n Escolar durante 2017<\/strong>.<\/p>\n<p>Todos ellos se reunir\u00e1n en Arica entre el 28 y el 30 de noviembre pr\u00f3ximo para presentar los resultados de sus investigaciones, como parte del evento m\u00e1s importante de ciencia para estudiantes que se realiza en Chile: el XVIII Congreso Nacional Escolar de Ciencia y Tecnolog\u00eda, que impulsa CONICYT a trav\u00e9s de su programa Explora. Desde 1999 que el Programa Explora realiza este encuentro, donde los trabajos de los estudiantes son evaluados por un comit\u00e9 cient\u00edfico integrado por acad\u00e9micos e investigadores de distintas disciplinas y universidades del pa\u00eds.<\/p>\n<p>&nbsp;&nbsp;&nbsp;&nbsp;&nbsp;&nbsp;&nbsp;&nbsp;&nbsp;&nbsp;&nbsp;&nbsp;&nbsp;&nbsp;&nbsp;&nbsp;&nbsp;&nbsp;&nbsp;&nbsp;&nbsp;&nbsp;&nbsp;&nbsp;&nbsp;&nbsp;&nbsp;&nbsp;&nbsp;&nbsp;&nbsp;&nbsp;&nbsp;&nbsp;&nbsp;&nbsp;&nbsp;&nbsp;&nbsp;&nbsp;&nbsp;&nbsp;&nbsp;&nbsp;&nbsp;&nbsp;&nbsp;&nbsp;&nbsp;&nbsp;&nbsp;&nbsp;&nbsp;&nbsp;&nbsp;&nbsp;&nbsp;&nbsp;&nbsp;&nbsp;&nbsp;&nbsp;&nbsp;&nbsp;&nbsp;&nbsp;&nbsp;&nbsp;&nbsp;&nbsp;&nbsp;&nbsp;&nbsp;&nbsp;&nbsp;&nbsp;&nbsp;&nbsp;&nbsp;&nbsp;&nbsp;&nbsp;&nbsp;&nbsp;&nbsp;&nbsp;&nbsp;&nbsp;&nbsp;&nbsp;&nbsp;&nbsp;&nbsp;&nbsp;&nbsp;&nbsp;&nbsp;&nbsp;&nbsp;&nbsp;&nbsp;&nbsp;&nbsp;&nbsp;&nbsp;&nbsp;&nbsp;&nbsp;&nbsp;&nbsp;&nbsp;&nbsp;&nbsp;&nbsp;&nbsp;&nbsp;&nbsp;&nbsp;&nbsp;&nbsp;&nbsp;&nbsp;&nbsp;&nbsp;&nbsp;&nbsp;&nbsp;&nbsp;&nbsp;&nbsp;&nbsp;&nbsp;&nbsp;&nbsp;&nbsp;&nbsp;&nbsp;&nbsp;&nbsp;&nbsp;&nbsp;&nbsp;&nbsp;&nbsp;&nbsp;&nbsp;&nbsp;&nbsp;&nbsp;&nbsp;&nbsp;&nbsp;&nbsp;&nbsp;&nbsp;&nbsp;&nbsp;&nbsp;&nbsp;&nbsp;&nbsp;&nbsp;&nbsp;&nbsp;&nbsp;&nbsp;&nbsp;&nbsp;&nbsp;&nbsp;&nbsp;&nbsp;&nbsp;&nbsp;&nbsp;&nbsp;&nbsp;&nbsp;&nbsp;&nbsp;&nbsp;&nbsp;&nbsp;&nbsp;&nbsp;&nbsp;&nbsp;&nbsp;&nbsp;&nbsp;&nbsp;&nbsp;&nbsp;&nbsp;&nbsp;&nbsp;&nbsp;&nbsp;&nbsp;&nbsp;&nbsp;&nbsp;&nbsp;&nbsp;&nbsp;&nbsp;&nbsp;&nbsp;&nbsp;&nbsp;&nbsp;&nbsp;&nbsp;&nbsp;&nbsp;&nbsp;&nbsp;&nbsp;&nbsp;&nbsp;&nbsp;&nbsp;&nbsp;&nbsp;&nbsp; &nbsp;&nbsp;&nbsp;&nbsp;&nbsp;&nbsp;&nbsp;&nbsp;&nbsp;&nbsp;&nbsp;&nbsp;&nbsp;&nbsp;&nbsp;&nbsp;&nbsp;&nbsp;&nbsp;&nbsp;&nbsp;&nbsp;&nbsp;<\/p>\n<p>Este a\u00f1o un total de&nbsp;<strong>54 equipos conformados por estudiantes desde 5\u00ba b\u00e1sico hasta 3\u00ba medio provenientes de todas las regiones del pa\u00eds<\/strong>participar\u00e1n de este encuentro, organizado por el&nbsp;<strong>Proyecto Asociativo Regional Explora de la Regi\u00f3n de Arica y Parinacota<\/strong>, instalado en la Universidad de Tarapac\u00e1. Todos estar\u00e1n mostrando los resultados de sus estudios en stands especialmente habilitados en la Plaza Vicu\u00f1a Mackenna, a los pies del morro del Arica.<\/p>\n<p>Natalia&nbsp;Mackenzie, directora&nbsp;del Programa Explora, cuenta que \u201ccientos de estudiantes han participado durante los 17 a\u00f1os que se realiza esta gran feria cient\u00edfica nacional y estamos ciertos que representa un aporte para despertar m\u00e1s vocaciones y desarrollar el pensamiento cr\u00edtico en las nuevas generaciones\u201d. Agrega que se trata de la etapa final de un extenso trabajo, que muchas veces requiri\u00f3 sacrificar recreos, vacaciones y fines de semana, como parte de un proceso riguroso que nada tiene que envidiar al trabajo de los m\u00e1s destacados cient\u00edficos en universidades y prestigiosos centros de investigaci\u00f3n.<\/p>\n<p>Los proyectos este a\u00f1o incluyen soluciones como un generador el\u00e9ctrico para cargar celulares en ausencia de energ\u00eda; una planta solar m\u00f3vil para proveer electricidad; un sistema para utilizar las colillas de cigarro como fertilizante y una iniciativa donde un grupo de alumnos instal\u00f3 c\u00e1maras para observar c\u00f3mo los lugares habitados afectan a las especies de animales aut\u00f3ctonos amenazados en el sur de Chile.<\/p>\n<p>Los estudios son variados, contemplando desde un an\u00e1lisis de la invasi\u00f3n de medusas de aguas dulce en lagos del sur de Chile, hasta una novedosa investigaci\u00f3n que descubri\u00f3 cu\u00e1l es la raz\u00f3n de que a muchos alumnos no les guste la matem\u00e1tica. El doctor Mario Hamuy, presidente del Consejo de CONICYT, destaca que los proyectos buscan entregar soluciones a problemas concretos que afectan a sus entornos, su comunidad o su regi\u00f3n: \u201cTodo esto nos permite avanzar hacia la creaci\u00f3n de una cultura cient\u00edfica de calidad a nivel nacional, motivando a las nuevas generaciones a valorar la ciencia, apropiarse de ella y hacerla parte de su vida cotidiana\u201d, se\u00f1al\u00f3.<\/p>\n<p>Los participantes del congreso tambi\u00e9n tendr\u00e1n la oportunidad de compartir con destacados investigadores en Conversaciones con Cient\u00edficos, y visitar distintos lugares de la regi\u00f3n en rutas patrimoniales. El evento se corona en una ceremonia de cierre donde se anuncian a los seleccionados, quienes ser\u00e1n premiados con pasant\u00edas nacionales e internacionales.&nbsp;<\/p>\n<p>&nbsp;<\/p>\n<p><img loading=\"lazy\" decoding=\"async\" class=\" size-full wp-image-29124\" src=\"https:\/\/dev.explora.cl\/wp-content\/uploads\/2017\/11\/Collage_CNECyT.jpg\" alt=\"Collage CNECyT\" width=\"900\" height=\"300\" \/><\/p>\n","protected":false},"excerpt":{"rendered":"<p>El evento m\u00e1s importante de ciencia para estudiantes que se realiza en el pa\u00eds se llevar\u00e1 a cabo entre el 28 y el 30 de noviembre pr\u00f3ximo e incluir\u00e1 la participaci\u00f3n de 54 equipos de j\u00f3venes cient\u00edficos en la Plaza Vicu\u00f1a Mackenna, a los pies del morro de esta ciudad. &nbsp; Se presentar\u00e1n investigaciones que [&hellip;]<\/p>\n","protected":false},"author":2,"featured_media":32348,"comment_status":"open","ping_status":"open","sticky":false,"template":"","format":"standard","meta":{"_acf_changed":false,"_exactmetrics_skip_tracking":false,"_exactmetrics_sitenote_active":false,"_exactmetrics_sitenote_note":"","_exactmetrics_sitenote_category":0,"footnotes":"","_links_to":"","_links_to_target":""},"categories":[4],"tags":[],"class_list":["post-32347","post","type-post","status-publish","format-standard","has-post-thumbnail","hentry","category-noticias"],"acf":[],"yoast_head":"<!-- This site is optimized with the Yoast SEO plugin v26.7 - https:\/\/yoast.com\/wordpress\/plugins\/seo\/ -->\n<title>J\u00f3venes cient\u00edficos del pa\u00eds se re\u00fanen en Arica - Arica y Parinacota<\/title>\n<meta name=\"robots\" content=\"index, follow, max-snippet:-1, max-image-preview:large, max-video-preview:-1\" \/>\n<link rel=\"canonical\" href=\"https:\/\/dev.explora.cl\/aricayparinacota\/jovenes-cientificos-del-pais-se-reunen-en-arica\/\" class=\"yoast-seo-meta-tag\" \/>\n<meta property=\"og:locale\" content=\"es_ES\" class=\"yoast-seo-meta-tag\" \/>\n<meta property=\"og:type\" content=\"article\" class=\"yoast-seo-meta-tag\" \/>\n<meta property=\"og:title\" content=\"J\u00f3venes cient\u00edficos del pa\u00eds se re\u00fanen en Arica - Arica y Parinacota\" class=\"yoast-seo-meta-tag\" \/>\n<meta property=\"og:description\" content=\"El evento m\u00e1s importante de ciencia para estudiantes que se realiza en el pa\u00eds se llevar\u00e1 a cabo entre el 28 y el 30 de noviembre pr\u00f3ximo e incluir\u00e1 la participaci\u00f3n de 54 equipos de j\u00f3venes cient\u00edficos en la Plaza Vicu\u00f1a Mackenna, a los pies del morro de esta ciudad. &nbsp; Se presentar\u00e1n investigaciones que [&hellip;]\" class=\"yoast-seo-meta-tag\" \/>\n<meta property=\"og:url\" content=\"https:\/\/dev.explora.cl\/aricayparinacota\/jovenes-cientificos-del-pais-se-reunen-en-arica\/\" class=\"yoast-seo-meta-tag\" \/>\n<meta property=\"og:site_name\" content=\"Arica y Parinacota\" class=\"yoast-seo-meta-tag\" \/>\n<meta property=\"article:published_time\" content=\"2017-11-24T00:00:00+00:00\" class=\"yoast-seo-meta-tag\" \/>\n<meta property=\"article:modified_time\" content=\"2019-05-09T21:01:18+00:00\" class=\"yoast-seo-meta-tag\" \/>\n<meta property=\"og:image\" content=\"https:\/\/dev.explora.cl\/aricayparinacota\/wp-content\/uploads\/sites\/2\/2018\/06\/Miniatura_CNECyT.jpg\" class=\"yoast-seo-meta-tag\" \/>\n\t<meta property=\"og:image:width\" content=\"223\" class=\"yoast-seo-meta-tag\" \/>\n\t<meta property=\"og:image:height\" content=\"147\" class=\"yoast-seo-meta-tag\" \/>\n\t<meta property=\"og:image:type\" content=\"image\/jpeg\" class=\"yoast-seo-meta-tag\" \/>\n<meta name=\"author\" content=\"webman\" class=\"yoast-seo-meta-tag\" \/>\n<meta name=\"twitter:card\" content=\"summary_large_image\" class=\"yoast-seo-meta-tag\" \/>\n<meta name=\"twitter:label1\" content=\"Escrito por\" class=\"yoast-seo-meta-tag\" \/>\n\t<meta name=\"twitter:data1\" content=\"webman\" class=\"yoast-seo-meta-tag\" \/>\n\t<meta name=\"twitter:label2\" content=\"Tiempo estimado de lectura\" class=\"yoast-seo-meta-tag\" \/>\n\t<meta name=\"twitter:data2\" content=\"5 minutos\" class=\"yoast-seo-meta-tag\" \/>\n<script type=\"application\/ld+json\" class=\"yoast-schema-graph\">{\"@context\":\"https:\/\/schema.org\",\"@graph\":[{\"@type\":\"Article\",\"@id\":\"https:\/\/dev.explora.cl\/aricayparinacota\/jovenes-cientificos-del-pais-se-reunen-en-arica\/#article\",\"isPartOf\":{\"@id\":\"https:\/\/dev.explora.cl\/aricayparinacota\/jovenes-cientificos-del-pais-se-reunen-en-arica\/\"},\"author\":{\"name\":\"webman\",\"@id\":\"https:\/\/dev.explora.cl\/aricayparinacota\/#\/schema\/person\/cb8349c13ea2d324080adf8480d7ba5d\"},\"headline\":\"J\u00f3venes cient\u00edficos del pa\u00eds se re\u00fanen en Arica\",\"datePublished\":\"2017-11-24T00:00:00+00:00\",\"dateModified\":\"2019-05-09T21:01:18+00:00\",\"mainEntityOfPage\":{\"@id\":\"https:\/\/dev.explora.cl\/aricayparinacota\/jovenes-cientificos-del-pais-se-reunen-en-arica\/\"},\"wordCount\":960,\"commentCount\":0,\"publisher\":{\"@id\":\"https:\/\/dev.explora.cl\/aricayparinacota\/#organization\"},\"image\":{\"@id\":\"https:\/\/dev.explora.cl\/aricayparinacota\/jovenes-cientificos-del-pais-se-reunen-en-arica\/#primaryimage\"},\"thumbnailUrl\":\"https:\/\/dev.explora.cl\/aricayparinacota\/wp-content\/uploads\/sites\/2\/2018\/06\/Miniatura_CNECyT.jpg\",\"articleSection\":[\"Noticias\"],\"inLanguage\":\"es-CL\",\"potentialAction\":[{\"@type\":\"CommentAction\",\"name\":\"Comment\",\"target\":[\"https:\/\/dev.explora.cl\/aricayparinacota\/jovenes-cientificos-del-pais-se-reunen-en-arica\/#respond\"]}]},{\"@type\":\"WebPage\",\"@id\":\"https:\/\/dev.explora.cl\/aricayparinacota\/jovenes-cientificos-del-pais-se-reunen-en-arica\/\",\"url\":\"https:\/\/dev.explora.cl\/aricayparinacota\/jovenes-cientificos-del-pais-se-reunen-en-arica\/\",\"name\":\"J\u00f3venes cient\u00edficos del pa\u00eds se re\u00fanen en Arica - Arica y Parinacota\",\"isPartOf\":{\"@id\":\"https:\/\/dev.explora.cl\/aricayparinacota\/#website\"},\"primaryImageOfPage\":{\"@id\":\"https:\/\/dev.explora.cl\/aricayparinacota\/jovenes-cientificos-del-pais-se-reunen-en-arica\/#primaryimage\"},\"image\":{\"@id\":\"https:\/\/dev.explora.cl\/aricayparinacota\/jovenes-cientificos-del-pais-se-reunen-en-arica\/#primaryimage\"},\"thumbnailUrl\":\"https:\/\/dev.explora.cl\/aricayparinacota\/wp-content\/uploads\/sites\/2\/2018\/06\/Miniatura_CNECyT.jpg\",\"datePublished\":\"2017-11-24T00:00:00+00:00\",\"dateModified\":\"2019-05-09T21:01:18+00:00\",\"breadcrumb\":{\"@id\":\"https:\/\/dev.explora.cl\/aricayparinacota\/jovenes-cientificos-del-pais-se-reunen-en-arica\/#breadcrumb\"},\"inLanguage\":\"es-CL\",\"potentialAction\":[{\"@type\":\"ReadAction\",\"target\":[\"https:\/\/dev.explora.cl\/aricayparinacota\/jovenes-cientificos-del-pais-se-reunen-en-arica\/\"]}]},{\"@type\":\"ImageObject\",\"inLanguage\":\"es-CL\",\"@id\":\"https:\/\/dev.explora.cl\/aricayparinacota\/jovenes-cientificos-del-pais-se-reunen-en-arica\/#primaryimage\",\"url\":\"https:\/\/dev.explora.cl\/aricayparinacota\/wp-content\/uploads\/sites\/2\/2018\/06\/Miniatura_CNECyT.jpg\",\"contentUrl\":\"https:\/\/dev.explora.cl\/aricayparinacota\/wp-content\/uploads\/sites\/2\/2018\/06\/Miniatura_CNECyT.jpg\",\"width\":223,\"height\":147},{\"@type\":\"BreadcrumbList\",\"@id\":\"https:\/\/dev.explora.cl\/aricayparinacota\/jovenes-cientificos-del-pais-se-reunen-en-arica\/#breadcrumb\",\"itemListElement\":[{\"@type\":\"ListItem\",\"position\":1,\"name\":\"Portada\",\"item\":\"https:\/\/dev.explora.cl\/aricayparinacota\/\"},{\"@type\":\"ListItem\",\"position\":2,\"name\":\"J\u00f3venes cient\u00edficos del pa\u00eds se re\u00fanen en Arica\"}]},{\"@type\":\"WebSite\",\"@id\":\"https:\/\/dev.explora.cl\/aricayparinacota\/#website\",\"url\":\"https:\/\/dev.explora.cl\/aricayparinacota\/\",\"name\":\"Arica y Parinacota\",\"description\":\"Otro sitio m\u00e1s de dev.explora.cl\",\"publisher\":{\"@id\":\"https:\/\/dev.explora.cl\/aricayparinacota\/#organization\"},\"potentialAction\":[{\"@type\":\"SearchAction\",\"target\":{\"@type\":\"EntryPoint\",\"urlTemplate\":\"https:\/\/dev.explora.cl\/aricayparinacota\/?s={search_term_string}\"},\"query-input\":{\"@type\":\"PropertyValueSpecification\",\"valueRequired\":true,\"valueName\":\"search_term_string\"}}],\"inLanguage\":\"es-CL\"},{\"@type\":\"Organization\",\"@id\":\"https:\/\/dev.explora.cl\/aricayparinacota\/#organization\",\"name\":\"Arica y Parinacota\",\"url\":\"https:\/\/dev.explora.cl\/aricayparinacota\/\",\"logo\":{\"@type\":\"ImageObject\",\"inLanguage\":\"es-CL\",\"@id\":\"https:\/\/dev.explora.cl\/aricayparinacota\/#\/schema\/logo\/image\/\",\"url\":\"https:\/\/dev.explora.cl\/aricayparinacota\/wp-content\/uploads\/sites\/2\/2020\/08\/cropped-nuevosa-logos-11.png\",\"contentUrl\":\"https:\/\/dev.explora.cl\/aricayparinacota\/wp-content\/uploads\/sites\/2\/2020\/08\/cropped-nuevosa-logos-11.png\",\"width\":812,\"height\":937,\"caption\":\"Arica y Parinacota\"},\"image\":{\"@id\":\"https:\/\/dev.explora.cl\/aricayparinacota\/#\/schema\/logo\/image\/\"}},{\"@type\":\"Person\",\"@id\":\"https:\/\/dev.explora.cl\/aricayparinacota\/#\/schema\/person\/cb8349c13ea2d324080adf8480d7ba5d\",\"name\":\"webman\",\"image\":{\"@type\":\"ImageObject\",\"inLanguage\":\"es-CL\",\"@id\":\"https:\/\/dev.explora.cl\/aricayparinacota\/#\/schema\/person\/image\/\",\"url\":\"https:\/\/secure.gravatar.com\/avatar\/eeff3c82f2c02f7177d13663b7e6f890e9a6a0647ce9bb29cae02dcb094c7312?s=96&d=mm&r=g\",\"contentUrl\":\"https:\/\/secure.gravatar.com\/avatar\/eeff3c82f2c02f7177d13663b7e6f890e9a6a0647ce9bb29cae02dcb094c7312?s=96&d=mm&r=g\",\"caption\":\"webman\"},\"url\":\"https:\/\/dev.explora.cl\/aricayparinacota\/author\/webman\/\"}]}<\/script>\n<!-- \/ Yoast SEO plugin. -->","yoast_head_json":{"title":"J\u00f3venes cient\u00edficos del pa\u00eds se re\u00fanen en Arica - Arica y Parinacota","robots":{"index":"index","follow":"follow","max-snippet":"max-snippet:-1","max-image-preview":"max-image-preview:large","max-video-preview":"max-video-preview:-1"},"canonical":"https:\/\/dev.explora.cl\/aricayparinacota\/jovenes-cientificos-del-pais-se-reunen-en-arica\/","og_locale":"es_ES","og_type":"article","og_title":"J\u00f3venes cient\u00edficos del pa\u00eds se re\u00fanen en Arica - Arica y Parinacota","og_description":"El evento m\u00e1s importante de ciencia para estudiantes que se realiza en el pa\u00eds se llevar\u00e1 a cabo entre el 28 y el 30 de noviembre pr\u00f3ximo e incluir\u00e1 la participaci\u00f3n de 54 equipos de j\u00f3venes cient\u00edficos en la Plaza Vicu\u00f1a Mackenna, a los pies del morro de esta ciudad. &nbsp; Se presentar\u00e1n investigaciones que [&hellip;]","og_url":"https:\/\/dev.explora.cl\/aricayparinacota\/jovenes-cientificos-del-pais-se-reunen-en-arica\/","og_site_name":"Arica y Parinacota","article_published_time":"2017-11-24T00:00:00+00:00","article_modified_time":"2019-05-09T21:01:18+00:00","og_image":[{"width":223,"height":147,"url":"https:\/\/dev.explora.cl\/aricayparinacota\/wp-content\/uploads\/sites\/2\/2018\/06\/Miniatura_CNECyT.jpg","type":"image\/jpeg"}],"author":"webman","twitter_card":"summary_large_image","twitter_misc":{"Escrito por":"webman","Tiempo estimado de lectura":"5 minutos"},"schema":{"@context":"https:\/\/schema.org","@graph":[{"@type":"Article","@id":"https:\/\/dev.explora.cl\/aricayparinacota\/jovenes-cientificos-del-pais-se-reunen-en-arica\/#article","isPartOf":{"@id":"https:\/\/dev.explora.cl\/aricayparinacota\/jovenes-cientificos-del-pais-se-reunen-en-arica\/"},"author":{"name":"webman","@id":"https:\/\/dev.explora.cl\/aricayparinacota\/#\/schema\/person\/cb8349c13ea2d324080adf8480d7ba5d"},"headline":"J\u00f3venes cient\u00edficos del pa\u00eds se re\u00fanen en Arica","datePublished":"2017-11-24T00:00:00+00:00","dateModified":"2019-05-09T21:01:18+00:00","mainEntityOfPage":{"@id":"https:\/\/dev.explora.cl\/aricayparinacota\/jovenes-cientificos-del-pais-se-reunen-en-arica\/"},"wordCount":960,"commentCount":0,"publisher":{"@id":"https:\/\/dev.explora.cl\/aricayparinacota\/#organization"},"image":{"@id":"https:\/\/dev.explora.cl\/aricayparinacota\/jovenes-cientificos-del-pais-se-reunen-en-arica\/#primaryimage"},"thumbnailUrl":"https:\/\/dev.explora.cl\/aricayparinacota\/wp-content\/uploads\/sites\/2\/2018\/06\/Miniatura_CNECyT.jpg","articleSection":["Noticias"],"inLanguage":"es-CL","potentialAction":[{"@type":"CommentAction","name":"Comment","target":["https:\/\/dev.explora.cl\/aricayparinacota\/jovenes-cientificos-del-pais-se-reunen-en-arica\/#respond"]}]},{"@type":"WebPage","@id":"https:\/\/dev.explora.cl\/aricayparinacota\/jovenes-cientificos-del-pais-se-reunen-en-arica\/","url":"https:\/\/dev.explora.cl\/aricayparinacota\/jovenes-cientificos-del-pais-se-reunen-en-arica\/","name":"J\u00f3venes cient\u00edficos del pa\u00eds se re\u00fanen en Arica - Arica y Parinacota","isPartOf":{"@id":"https:\/\/dev.explora.cl\/aricayparinacota\/#website"},"primaryImageOfPage":{"@id":"https:\/\/dev.explora.cl\/aricayparinacota\/jovenes-cientificos-del-pais-se-reunen-en-arica\/#primaryimage"},"image":{"@id":"https:\/\/dev.explora.cl\/aricayparinacota\/jovenes-cientificos-del-pais-se-reunen-en-arica\/#primaryimage"},"thumbnailUrl":"https:\/\/dev.explora.cl\/aricayparinacota\/wp-content\/uploads\/sites\/2\/2018\/06\/Miniatura_CNECyT.jpg","datePublished":"2017-11-24T00:00:00+00:00","dateModified":"2019-05-09T21:01:18+00:00","breadcrumb":{"@id":"https:\/\/dev.explora.cl\/aricayparinacota\/jovenes-cientificos-del-pais-se-reunen-en-arica\/#breadcrumb"},"inLanguage":"es-CL","potentialAction":[{"@type":"ReadAction","target":["https:\/\/dev.explora.cl\/aricayparinacota\/jovenes-cientificos-del-pais-se-reunen-en-arica\/"]}]},{"@type":"ImageObject","inLanguage":"es-CL","@id":"https:\/\/dev.explora.cl\/aricayparinacota\/jovenes-cientificos-del-pais-se-reunen-en-arica\/#primaryimage","url":"https:\/\/dev.explora.cl\/aricayparinacota\/wp-content\/uploads\/sites\/2\/2018\/06\/Miniatura_CNECyT.jpg","contentUrl":"https:\/\/dev.explora.cl\/aricayparinacota\/wp-content\/uploads\/sites\/2\/2018\/06\/Miniatura_CNECyT.jpg","width":223,"height":147},{"@type":"BreadcrumbList","@id":"https:\/\/dev.explora.cl\/aricayparinacota\/jovenes-cientificos-del-pais-se-reunen-en-arica\/#breadcrumb","itemListElement":[{"@type":"ListItem","position":1,"name":"Portada","item":"https:\/\/dev.explora.cl\/aricayparinacota\/"},{"@type":"ListItem","position":2,"name":"J\u00f3venes cient\u00edficos del pa\u00eds se re\u00fanen en Arica"}]},{"@type":"WebSite","@id":"https:\/\/dev.explora.cl\/aricayparinacota\/#website","url":"https:\/\/dev.explora.cl\/aricayparinacota\/","name":"Arica y Parinacota","description":"Otro sitio m\u00e1s de dev.explora.cl","publisher":{"@id":"https:\/\/dev.explora.cl\/aricayparinacota\/#organization"},"potentialAction":[{"@type":"SearchAction","target":{"@type":"EntryPoint","urlTemplate":"https:\/\/dev.explora.cl\/aricayparinacota\/?s={search_term_string}"},"query-input":{"@type":"PropertyValueSpecification","valueRequired":true,"valueName":"search_term_string"}}],"inLanguage":"es-CL"},{"@type":"Organization","@id":"https:\/\/dev.explora.cl\/aricayparinacota\/#organization","name":"Arica y Parinacota","url":"https:\/\/dev.explora.cl\/aricayparinacota\/","logo":{"@type":"ImageObject","inLanguage":"es-CL","@id":"https:\/\/dev.explora.cl\/aricayparinacota\/#\/schema\/logo\/image\/","url":"https:\/\/dev.explora.cl\/aricayparinacota\/wp-content\/uploads\/sites\/2\/2020\/08\/cropped-nuevosa-logos-11.png","contentUrl":"https:\/\/dev.explora.cl\/aricayparinacota\/wp-content\/uploads\/sites\/2\/2020\/08\/cropped-nuevosa-logos-11.png","width":812,"height":937,"caption":"Arica y Parinacota"},"image":{"@id":"https:\/\/dev.explora.cl\/aricayparinacota\/#\/schema\/logo\/image\/"}},{"@type":"Person","@id":"https:\/\/dev.explora.cl\/aricayparinacota\/#\/schema\/person\/cb8349c13ea2d324080adf8480d7ba5d","name":"webman","image":{"@type":"ImageObject","inLanguage":"es-CL","@id":"https:\/\/dev.explora.cl\/aricayparinacota\/#\/schema\/person\/image\/","url":"https:\/\/secure.gravatar.com\/avatar\/eeff3c82f2c02f7177d13663b7e6f890e9a6a0647ce9bb29cae02dcb094c7312?s=96&d=mm&r=g","contentUrl":"https:\/\/secure.gravatar.com\/avatar\/eeff3c82f2c02f7177d13663b7e6f890e9a6a0647ce9bb29cae02dcb094c7312?s=96&d=mm&r=g","caption":"webman"},"url":"https:\/\/dev.explora.cl\/aricayparinacota\/author\/webman\/"}]}},"_links":{"self":[{"href":"https:\/\/dev.explora.cl\/aricayparinacota\/wp-json\/wp\/v2\/posts\/32347","targetHints":{"allow":["GET"]}}],"collection":[{"href":"https:\/\/dev.explora.cl\/aricayparinacota\/wp-json\/wp\/v2\/posts"}],"about":[{"href":"https:\/\/dev.explora.cl\/aricayparinacota\/wp-json\/wp\/v2\/types\/post"}],"author":[{"embeddable":true,"href":"https:\/\/dev.explora.cl\/aricayparinacota\/wp-json\/wp\/v2\/users\/2"}],"replies":[{"embeddable":true,"href":"https:\/\/dev.explora.cl\/aricayparinacota\/wp-json\/wp\/v2\/comments?post=32347"}],"version-history":[{"count":1,"href":"https:\/\/dev.explora.cl\/aricayparinacota\/wp-json\/wp\/v2\/posts\/32347\/revisions"}],"predecessor-version":[{"id":32815,"href":"https:\/\/dev.explora.cl\/aricayparinacota\/wp-json\/wp\/v2\/posts\/32347\/revisions\/32815"}],"wp:featuredmedia":[{"embeddable":true,"href":"https:\/\/dev.explora.cl\/aricayparinacota\/wp-json\/wp\/v2\/media\/32348"}],"wp:attachment":[{"href":"https:\/\/dev.explora.cl\/aricayparinacota\/wp-json\/wp\/v2\/media?parent=32347"}],"wp:term":[{"taxonomy":"category","embeddable":true,"href":"https:\/\/dev.explora.cl\/aricayparinacota\/wp-json\/wp\/v2\/categories?post=32347"},{"taxonomy":"post_tag","embeddable":true,"href":"https:\/\/dev.explora.cl\/aricayparinacota\/wp-json\/wp\/v2\/tags?post=32347"}],"curies":[{"name":"wp","href":"https:\/\/api.w.org\/{rel}","templated":true}]}}