{"id":32343,"date":"2017-11-13T00:00:00","date_gmt":"2017-11-13T00:00:00","guid":{"rendered":"https:\/\/dev.explora.cl\/aricayparinacota\/blog\/2017\/11\/13\/a-veces-el-corazon-parece-que-late-mas-fuerte-2\/"},"modified":"2019-05-09T21:03:35","modified_gmt":"2019-05-09T21:03:35","slug":"a-veces-el-corazon-parece-que-late-mas-fuerte-2","status":"publish","type":"post","link":"https:\/\/dev.explora.cl\/aricayparinacota\/a-veces-el-corazon-parece-que-late-mas-fuerte-2\/","title":{"rendered":"Hasta el coraz\u00f3n parece que late m\u00e1s fuerte"},"content":{"rendered":"<h4>&nbsp;<span style=\"font-size: 18pt\"><strong>Con Realidad Aumentada toda expansi\u00f3n de informaci\u00f3n es posible<\/strong><\/span><\/h4>\n<p>&nbsp;<\/p>\n<p>&nbsp;<\/p>\n<p><em>Una aplicaci\u00f3n de Realidad Aumentada en el \u00e1mbito de la salud fue presentada como un ejemplo de referencia que provee esta tecnolog\u00eda por profesionales del Proyecto Asociativo Regional Explora CONICYT de Arica y Parinacota de la Universidad de Tarapac\u00e1, y es parte de los atractivos de las ferias cient\u00edficas de los diversos colegios, donde a trav\u00e9s de un espacio interactivo se muestran estas herramientas tecnol\u00f3gicas.<\/em><\/p>\n<p><em>&nbsp;<\/em><\/p>\n<p>Un coraz\u00f3n en primer plano, en la pantalla de un dispositivo m\u00f3vil, se ve de intenso color y los peque\u00f1os estudiantes del Colegio Adolfo Beyzaga de Arica se sorprenden; luego, visualizan el cuerpo humano en toda su dimensi\u00f3n, m\u00e1s all\u00e1 de la dermis. Es el resultado de la aplicaci\u00f3n de Realidad Aumentada presentada por el equipo del Proyecto Asociativo Regional Explora CONICYT de Arica y Parinacota de la Universidad de Tarapac\u00e1.<\/p>\n<p>&nbsp;<\/p>\n<p>El equipo formado por el ingeniero en inform\u00e1tica, Rodrigo Cornejo y el estudiante de la misma carrera, Marcelo Mu\u00f1oz, trabajaron en entregar un material interactivo, a trav\u00e9s del cual se puede ver virtualmente un elemento real, incluso inexistente, pues se levanta sobre una imagen impresa, una versi\u00f3n aumentada por la tecnolog\u00eda.<\/p>\n<p>&nbsp;<\/p>\n<p>En la \u00faltima feria cient\u00edfica a la que Explora fue invitada con su punto tecnol\u00f3gico, a trav\u00e9s de la Realidad Virtual se incorpor\u00f3 el \u00e1mbito de la salud, donde \u201cse<\/p>\n<p>&nbsp;<\/p>\n<p>pueden ver p\u00e1ginas que apoyan la visualizaci\u00f3n del cuerpo humano y el coraz\u00f3n\u201d, indic\u00f3 Marcelo Mu\u00f1oz, ya que los temas \u201cdel \u00e1mbito m\u00e9dico son muy interesantes porque se ven los detalles del cuerpo humano\u201d.<\/p>\n<p>&nbsp;<\/p>\n<p><strong>LUGARES PATRIMONIALES<\/strong><\/p>\n<p><strong>&nbsp;<\/strong><\/p>\n<p>Representar un lugar patrimonial m\u00e1s all\u00e1 de un mapa y de referencias hist\u00f3ricas puede ser un sue\u00f1o, pero la virtualidad ofrece posibilidades insospechadas, como viajar en el tiempo y observar lo existente hace miles de a\u00f1os en un sitio determinado.<\/p>\n<p>&nbsp;<\/p>\n<p>Por consecuencia, en Explora se ha desarrollado la aplicaci\u00f3n &#8220;Realidad Aumentada sobre la Aldea de San Lorenzo&#8221;, como el patrimonio cultural ubicado en el sector de Las Maitas de Arica, con sus tipos de vivienda y fogones interiores; zonas de trabajo en telar y elaboraci\u00f3n de instrumentos de caza. Formas de vida, rituales y ofrendas; son algunos de los detalles posibles de conocer a trav\u00e9s de esta aplicaci\u00f3n.<\/p>\n<p>&nbsp;<\/p>\n<p>La aplicaci\u00f3n sobre el patrominio cultural va a estar disponible cuando sea validada y se va a lanzar a la App Store, una plataforma de distribuci\u00f3n digital de aplicaciones m\u00f3viles. Mientras, quienes tienen la opci\u00f3n pueden disfrutar de culturas anteriores de nuestra regi\u00f3n o ver y sentir el coraz\u00f3n m\u00e1s fuerte de lo imaginado.<\/p>\n<p>&nbsp;<img loading=\"lazy\" decoding=\"async\" class=\" size-full wp-image-28884\" src=\"https:\/\/dev.explora.cl\/wp-content\/uploads\/2017\/11\/Collage_Realidad_Aumentada.jpg\" alt=\"Collage Realidad Aumentada\" width=\"900\" height=\"250\" \/><\/p>\n<p>&nbsp;<\/p>\n","protected":false},"excerpt":{"rendered":"<p>&nbsp;Con Realidad Aumentada toda expansi\u00f3n de informaci\u00f3n es posible &nbsp; &nbsp; Una aplicaci\u00f3n de Realidad Aumentada en el \u00e1mbito de la salud fue presentada como un ejemplo de referencia que provee esta tecnolog\u00eda por profesionales del Proyecto Asociativo Regional Explora CONICYT de Arica y Parinacota de la Universidad de Tarapac\u00e1, y es parte de los [&hellip;]<\/p>\n","protected":false},"author":2,"featured_media":32277,"comment_status":"open","ping_status":"open","sticky":false,"template":"","format":"standard","meta":{"_acf_changed":false,"_exactmetrics_skip_tracking":false,"_exactmetrics_sitenote_active":false,"_exactmetrics_sitenote_note":"","_exactmetrics_sitenote_category":0,"footnotes":"","_links_to":"","_links_to_target":""},"categories":[4],"tags":[],"class_list":["post-32343","post","type-post","status-publish","format-standard","has-post-thumbnail","hentry","category-noticias"],"acf":[],"yoast_head":"<!-- This site is optimized with the Yoast SEO plugin v26.7 - https:\/\/yoast.com\/wordpress\/plugins\/seo\/ -->\n<title>Hasta el coraz\u00f3n parece que late m\u00e1s fuerte - Arica y Parinacota<\/title>\n<meta name=\"robots\" content=\"index, follow, max-snippet:-1, max-image-preview:large, max-video-preview:-1\" \/>\n<link rel=\"canonical\" href=\"https:\/\/dev.explora.cl\/aricayparinacota\/a-veces-el-corazon-parece-que-late-mas-fuerte-2\/\" class=\"yoast-seo-meta-tag\" \/>\n<meta property=\"og:locale\" content=\"es_ES\" class=\"yoast-seo-meta-tag\" \/>\n<meta property=\"og:type\" content=\"article\" class=\"yoast-seo-meta-tag\" \/>\n<meta property=\"og:title\" content=\"Hasta el coraz\u00f3n parece que late m\u00e1s fuerte - Arica y Parinacota\" class=\"yoast-seo-meta-tag\" \/>\n<meta property=\"og:description\" content=\"&nbsp;Con Realidad Aumentada toda expansi\u00f3n de informaci\u00f3n es posible &nbsp; &nbsp; Una aplicaci\u00f3n de Realidad Aumentada en el \u00e1mbito de la salud fue presentada como un ejemplo de referencia que provee esta tecnolog\u00eda por profesionales del Proyecto Asociativo Regional Explora CONICYT de Arica y Parinacota de la Universidad de Tarapac\u00e1, y es parte de los [&hellip;]\" class=\"yoast-seo-meta-tag\" \/>\n<meta property=\"og:url\" content=\"https:\/\/dev.explora.cl\/aricayparinacota\/a-veces-el-corazon-parece-que-late-mas-fuerte-2\/\" class=\"yoast-seo-meta-tag\" \/>\n<meta property=\"og:site_name\" content=\"Arica y Parinacota\" class=\"yoast-seo-meta-tag\" \/>\n<meta property=\"article:published_time\" content=\"2017-11-13T00:00:00+00:00\" class=\"yoast-seo-meta-tag\" \/>\n<meta property=\"article:modified_time\" content=\"2019-05-09T21:03:35+00:00\" class=\"yoast-seo-meta-tag\" \/>\n<meta property=\"og:image\" content=\"https:\/\/dev.explora.cl\/aricayparinacota\/wp-content\/uploads\/sites\/2\/2018\/06\/Miniatura-Realidad-Aumentada.jpg\" class=\"yoast-seo-meta-tag\" \/>\n\t<meta property=\"og:image:width\" content=\"223\" class=\"yoast-seo-meta-tag\" \/>\n\t<meta property=\"og:image:height\" content=\"147\" class=\"yoast-seo-meta-tag\" \/>\n\t<meta property=\"og:image:type\" content=\"image\/jpeg\" class=\"yoast-seo-meta-tag\" \/>\n<meta name=\"author\" content=\"webman\" class=\"yoast-seo-meta-tag\" \/>\n<meta name=\"twitter:card\" content=\"summary_large_image\" class=\"yoast-seo-meta-tag\" \/>\n<meta name=\"twitter:label1\" content=\"Escrito por\" class=\"yoast-seo-meta-tag\" \/>\n\t<meta name=\"twitter:data1\" content=\"webman\" class=\"yoast-seo-meta-tag\" \/>\n\t<meta name=\"twitter:label2\" content=\"Tiempo estimado de lectura\" class=\"yoast-seo-meta-tag\" \/>\n\t<meta name=\"twitter:data2\" content=\"2 minutos\" class=\"yoast-seo-meta-tag\" \/>\n<script type=\"application\/ld+json\" class=\"yoast-schema-graph\">{\"@context\":\"https:\/\/schema.org\",\"@graph\":[{\"@type\":\"Article\",\"@id\":\"https:\/\/dev.explora.cl\/aricayparinacota\/a-veces-el-corazon-parece-que-late-mas-fuerte-2\/#article\",\"isPartOf\":{\"@id\":\"https:\/\/dev.explora.cl\/aricayparinacota\/a-veces-el-corazon-parece-que-late-mas-fuerte-2\/\"},\"author\":{\"name\":\"webman\",\"@id\":\"https:\/\/dev.explora.cl\/aricayparinacota\/#\/schema\/person\/cb8349c13ea2d324080adf8480d7ba5d\"},\"headline\":\"Hasta el coraz\u00f3n parece que late m\u00e1s fuerte\",\"datePublished\":\"2017-11-13T00:00:00+00:00\",\"dateModified\":\"2019-05-09T21:03:35+00:00\",\"mainEntityOfPage\":{\"@id\":\"https:\/\/dev.explora.cl\/aricayparinacota\/a-veces-el-corazon-parece-que-late-mas-fuerte-2\/\"},\"wordCount\":488,\"commentCount\":0,\"publisher\":{\"@id\":\"https:\/\/dev.explora.cl\/aricayparinacota\/#organization\"},\"image\":{\"@id\":\"https:\/\/dev.explora.cl\/aricayparinacota\/a-veces-el-corazon-parece-que-late-mas-fuerte-2\/#primaryimage\"},\"thumbnailUrl\":\"https:\/\/dev.explora.cl\/aricayparinacota\/wp-content\/uploads\/sites\/2\/2018\/06\/Miniatura-Realidad-Aumentada.jpg\",\"articleSection\":[\"Noticias\"],\"inLanguage\":\"es-CL\",\"potentialAction\":[{\"@type\":\"CommentAction\",\"name\":\"Comment\",\"target\":[\"https:\/\/dev.explora.cl\/aricayparinacota\/a-veces-el-corazon-parece-que-late-mas-fuerte-2\/#respond\"]}]},{\"@type\":\"WebPage\",\"@id\":\"https:\/\/dev.explora.cl\/aricayparinacota\/a-veces-el-corazon-parece-que-late-mas-fuerte-2\/\",\"url\":\"https:\/\/dev.explora.cl\/aricayparinacota\/a-veces-el-corazon-parece-que-late-mas-fuerte-2\/\",\"name\":\"Hasta el coraz\u00f3n parece que late m\u00e1s fuerte - Arica y Parinacota\",\"isPartOf\":{\"@id\":\"https:\/\/dev.explora.cl\/aricayparinacota\/#website\"},\"primaryImageOfPage\":{\"@id\":\"https:\/\/dev.explora.cl\/aricayparinacota\/a-veces-el-corazon-parece-que-late-mas-fuerte-2\/#primaryimage\"},\"image\":{\"@id\":\"https:\/\/dev.explora.cl\/aricayparinacota\/a-veces-el-corazon-parece-que-late-mas-fuerte-2\/#primaryimage\"},\"thumbnailUrl\":\"https:\/\/dev.explora.cl\/aricayparinacota\/wp-content\/uploads\/sites\/2\/2018\/06\/Miniatura-Realidad-Aumentada.jpg\",\"datePublished\":\"2017-11-13T00:00:00+00:00\",\"dateModified\":\"2019-05-09T21:03:35+00:00\",\"breadcrumb\":{\"@id\":\"https:\/\/dev.explora.cl\/aricayparinacota\/a-veces-el-corazon-parece-que-late-mas-fuerte-2\/#breadcrumb\"},\"inLanguage\":\"es-CL\",\"potentialAction\":[{\"@type\":\"ReadAction\",\"target\":[\"https:\/\/dev.explora.cl\/aricayparinacota\/a-veces-el-corazon-parece-que-late-mas-fuerte-2\/\"]}]},{\"@type\":\"ImageObject\",\"inLanguage\":\"es-CL\",\"@id\":\"https:\/\/dev.explora.cl\/aricayparinacota\/a-veces-el-corazon-parece-que-late-mas-fuerte-2\/#primaryimage\",\"url\":\"https:\/\/dev.explora.cl\/aricayparinacota\/wp-content\/uploads\/sites\/2\/2018\/06\/Miniatura-Realidad-Aumentada.jpg\",\"contentUrl\":\"https:\/\/dev.explora.cl\/aricayparinacota\/wp-content\/uploads\/sites\/2\/2018\/06\/Miniatura-Realidad-Aumentada.jpg\",\"width\":223,\"height\":147},{\"@type\":\"BreadcrumbList\",\"@id\":\"https:\/\/dev.explora.cl\/aricayparinacota\/a-veces-el-corazon-parece-que-late-mas-fuerte-2\/#breadcrumb\",\"itemListElement\":[{\"@type\":\"ListItem\",\"position\":1,\"name\":\"Portada\",\"item\":\"https:\/\/dev.explora.cl\/aricayparinacota\/\"},{\"@type\":\"ListItem\",\"position\":2,\"name\":\"Hasta el coraz\u00f3n parece que late m\u00e1s fuerte\"}]},{\"@type\":\"WebSite\",\"@id\":\"https:\/\/dev.explora.cl\/aricayparinacota\/#website\",\"url\":\"https:\/\/dev.explora.cl\/aricayparinacota\/\",\"name\":\"Arica y Parinacota\",\"description\":\"Otro sitio m\u00e1s de dev.explora.cl\",\"publisher\":{\"@id\":\"https:\/\/dev.explora.cl\/aricayparinacota\/#organization\"},\"potentialAction\":[{\"@type\":\"SearchAction\",\"target\":{\"@type\":\"EntryPoint\",\"urlTemplate\":\"https:\/\/dev.explora.cl\/aricayparinacota\/?s={search_term_string}\"},\"query-input\":{\"@type\":\"PropertyValueSpecification\",\"valueRequired\":true,\"valueName\":\"search_term_string\"}}],\"inLanguage\":\"es-CL\"},{\"@type\":\"Organization\",\"@id\":\"https:\/\/dev.explora.cl\/aricayparinacota\/#organization\",\"name\":\"Arica y Parinacota\",\"url\":\"https:\/\/dev.explora.cl\/aricayparinacota\/\",\"logo\":{\"@type\":\"ImageObject\",\"inLanguage\":\"es-CL\",\"@id\":\"https:\/\/dev.explora.cl\/aricayparinacota\/#\/schema\/logo\/image\/\",\"url\":\"https:\/\/dev.explora.cl\/aricayparinacota\/wp-content\/uploads\/sites\/2\/2020\/08\/cropped-nuevosa-logos-11.png\",\"contentUrl\":\"https:\/\/dev.explora.cl\/aricayparinacota\/wp-content\/uploads\/sites\/2\/2020\/08\/cropped-nuevosa-logos-11.png\",\"width\":812,\"height\":937,\"caption\":\"Arica y Parinacota\"},\"image\":{\"@id\":\"https:\/\/dev.explora.cl\/aricayparinacota\/#\/schema\/logo\/image\/\"}},{\"@type\":\"Person\",\"@id\":\"https:\/\/dev.explora.cl\/aricayparinacota\/#\/schema\/person\/cb8349c13ea2d324080adf8480d7ba5d\",\"name\":\"webman\",\"image\":{\"@type\":\"ImageObject\",\"inLanguage\":\"es-CL\",\"@id\":\"https:\/\/dev.explora.cl\/aricayparinacota\/#\/schema\/person\/image\/\",\"url\":\"https:\/\/secure.gravatar.com\/avatar\/eeff3c82f2c02f7177d13663b7e6f890e9a6a0647ce9bb29cae02dcb094c7312?s=96&d=mm&r=g\",\"contentUrl\":\"https:\/\/secure.gravatar.com\/avatar\/eeff3c82f2c02f7177d13663b7e6f890e9a6a0647ce9bb29cae02dcb094c7312?s=96&d=mm&r=g\",\"caption\":\"webman\"},\"url\":\"https:\/\/dev.explora.cl\/aricayparinacota\/author\/webman\/\"}]}<\/script>\n<!-- \/ Yoast SEO plugin. -->","yoast_head_json":{"title":"Hasta el coraz\u00f3n parece que late m\u00e1s fuerte - Arica y Parinacota","robots":{"index":"index","follow":"follow","max-snippet":"max-snippet:-1","max-image-preview":"max-image-preview:large","max-video-preview":"max-video-preview:-1"},"canonical":"https:\/\/dev.explora.cl\/aricayparinacota\/a-veces-el-corazon-parece-que-late-mas-fuerte-2\/","og_locale":"es_ES","og_type":"article","og_title":"Hasta el coraz\u00f3n parece que late m\u00e1s fuerte - Arica y Parinacota","og_description":"&nbsp;Con Realidad Aumentada toda expansi\u00f3n de informaci\u00f3n es posible &nbsp; &nbsp; Una aplicaci\u00f3n de Realidad Aumentada en el \u00e1mbito de la salud fue presentada como un ejemplo de referencia que provee esta tecnolog\u00eda por profesionales del Proyecto Asociativo Regional Explora CONICYT de Arica y Parinacota de la Universidad de Tarapac\u00e1, y es parte de los [&hellip;]","og_url":"https:\/\/dev.explora.cl\/aricayparinacota\/a-veces-el-corazon-parece-que-late-mas-fuerte-2\/","og_site_name":"Arica y Parinacota","article_published_time":"2017-11-13T00:00:00+00:00","article_modified_time":"2019-05-09T21:03:35+00:00","og_image":[{"width":223,"height":147,"url":"https:\/\/dev.explora.cl\/aricayparinacota\/wp-content\/uploads\/sites\/2\/2018\/06\/Miniatura-Realidad-Aumentada.jpg","type":"image\/jpeg"}],"author":"webman","twitter_card":"summary_large_image","twitter_misc":{"Escrito por":"webman","Tiempo estimado de lectura":"2 minutos"},"schema":{"@context":"https:\/\/schema.org","@graph":[{"@type":"Article","@id":"https:\/\/dev.explora.cl\/aricayparinacota\/a-veces-el-corazon-parece-que-late-mas-fuerte-2\/#article","isPartOf":{"@id":"https:\/\/dev.explora.cl\/aricayparinacota\/a-veces-el-corazon-parece-que-late-mas-fuerte-2\/"},"author":{"name":"webman","@id":"https:\/\/dev.explora.cl\/aricayparinacota\/#\/schema\/person\/cb8349c13ea2d324080adf8480d7ba5d"},"headline":"Hasta el coraz\u00f3n parece que late m\u00e1s fuerte","datePublished":"2017-11-13T00:00:00+00:00","dateModified":"2019-05-09T21:03:35+00:00","mainEntityOfPage":{"@id":"https:\/\/dev.explora.cl\/aricayparinacota\/a-veces-el-corazon-parece-que-late-mas-fuerte-2\/"},"wordCount":488,"commentCount":0,"publisher":{"@id":"https:\/\/dev.explora.cl\/aricayparinacota\/#organization"},"image":{"@id":"https:\/\/dev.explora.cl\/aricayparinacota\/a-veces-el-corazon-parece-que-late-mas-fuerte-2\/#primaryimage"},"thumbnailUrl":"https:\/\/dev.explora.cl\/aricayparinacota\/wp-content\/uploads\/sites\/2\/2018\/06\/Miniatura-Realidad-Aumentada.jpg","articleSection":["Noticias"],"inLanguage":"es-CL","potentialAction":[{"@type":"CommentAction","name":"Comment","target":["https:\/\/dev.explora.cl\/aricayparinacota\/a-veces-el-corazon-parece-que-late-mas-fuerte-2\/#respond"]}]},{"@type":"WebPage","@id":"https:\/\/dev.explora.cl\/aricayparinacota\/a-veces-el-corazon-parece-que-late-mas-fuerte-2\/","url":"https:\/\/dev.explora.cl\/aricayparinacota\/a-veces-el-corazon-parece-que-late-mas-fuerte-2\/","name":"Hasta el coraz\u00f3n parece que late m\u00e1s fuerte - Arica y Parinacota","isPartOf":{"@id":"https:\/\/dev.explora.cl\/aricayparinacota\/#website"},"primaryImageOfPage":{"@id":"https:\/\/dev.explora.cl\/aricayparinacota\/a-veces-el-corazon-parece-que-late-mas-fuerte-2\/#primaryimage"},"image":{"@id":"https:\/\/dev.explora.cl\/aricayparinacota\/a-veces-el-corazon-parece-que-late-mas-fuerte-2\/#primaryimage"},"thumbnailUrl":"https:\/\/dev.explora.cl\/aricayparinacota\/wp-content\/uploads\/sites\/2\/2018\/06\/Miniatura-Realidad-Aumentada.jpg","datePublished":"2017-11-13T00:00:00+00:00","dateModified":"2019-05-09T21:03:35+00:00","breadcrumb":{"@id":"https:\/\/dev.explora.cl\/aricayparinacota\/a-veces-el-corazon-parece-que-late-mas-fuerte-2\/#breadcrumb"},"inLanguage":"es-CL","potentialAction":[{"@type":"ReadAction","target":["https:\/\/dev.explora.cl\/aricayparinacota\/a-veces-el-corazon-parece-que-late-mas-fuerte-2\/"]}]},{"@type":"ImageObject","inLanguage":"es-CL","@id":"https:\/\/dev.explora.cl\/aricayparinacota\/a-veces-el-corazon-parece-que-late-mas-fuerte-2\/#primaryimage","url":"https:\/\/dev.explora.cl\/aricayparinacota\/wp-content\/uploads\/sites\/2\/2018\/06\/Miniatura-Realidad-Aumentada.jpg","contentUrl":"https:\/\/dev.explora.cl\/aricayparinacota\/wp-content\/uploads\/sites\/2\/2018\/06\/Miniatura-Realidad-Aumentada.jpg","width":223,"height":147},{"@type":"BreadcrumbList","@id":"https:\/\/dev.explora.cl\/aricayparinacota\/a-veces-el-corazon-parece-que-late-mas-fuerte-2\/#breadcrumb","itemListElement":[{"@type":"ListItem","position":1,"name":"Portada","item":"https:\/\/dev.explora.cl\/aricayparinacota\/"},{"@type":"ListItem","position":2,"name":"Hasta el coraz\u00f3n parece que late m\u00e1s fuerte"}]},{"@type":"WebSite","@id":"https:\/\/dev.explora.cl\/aricayparinacota\/#website","url":"https:\/\/dev.explora.cl\/aricayparinacota\/","name":"Arica y Parinacota","description":"Otro sitio m\u00e1s de dev.explora.cl","publisher":{"@id":"https:\/\/dev.explora.cl\/aricayparinacota\/#organization"},"potentialAction":[{"@type":"SearchAction","target":{"@type":"EntryPoint","urlTemplate":"https:\/\/dev.explora.cl\/aricayparinacota\/?s={search_term_string}"},"query-input":{"@type":"PropertyValueSpecification","valueRequired":true,"valueName":"search_term_string"}}],"inLanguage":"es-CL"},{"@type":"Organization","@id":"https:\/\/dev.explora.cl\/aricayparinacota\/#organization","name":"Arica y Parinacota","url":"https:\/\/dev.explora.cl\/aricayparinacota\/","logo":{"@type":"ImageObject","inLanguage":"es-CL","@id":"https:\/\/dev.explora.cl\/aricayparinacota\/#\/schema\/logo\/image\/","url":"https:\/\/dev.explora.cl\/aricayparinacota\/wp-content\/uploads\/sites\/2\/2020\/08\/cropped-nuevosa-logos-11.png","contentUrl":"https:\/\/dev.explora.cl\/aricayparinacota\/wp-content\/uploads\/sites\/2\/2020\/08\/cropped-nuevosa-logos-11.png","width":812,"height":937,"caption":"Arica y Parinacota"},"image":{"@id":"https:\/\/dev.explora.cl\/aricayparinacota\/#\/schema\/logo\/image\/"}},{"@type":"Person","@id":"https:\/\/dev.explora.cl\/aricayparinacota\/#\/schema\/person\/cb8349c13ea2d324080adf8480d7ba5d","name":"webman","image":{"@type":"ImageObject","inLanguage":"es-CL","@id":"https:\/\/dev.explora.cl\/aricayparinacota\/#\/schema\/person\/image\/","url":"https:\/\/secure.gravatar.com\/avatar\/eeff3c82f2c02f7177d13663b7e6f890e9a6a0647ce9bb29cae02dcb094c7312?s=96&d=mm&r=g","contentUrl":"https:\/\/secure.gravatar.com\/avatar\/eeff3c82f2c02f7177d13663b7e6f890e9a6a0647ce9bb29cae02dcb094c7312?s=96&d=mm&r=g","caption":"webman"},"url":"https:\/\/dev.explora.cl\/aricayparinacota\/author\/webman\/"}]}},"_links":{"self":[{"href":"https:\/\/dev.explora.cl\/aricayparinacota\/wp-json\/wp\/v2\/posts\/32343","targetHints":{"allow":["GET"]}}],"collection":[{"href":"https:\/\/dev.explora.cl\/aricayparinacota\/wp-json\/wp\/v2\/posts"}],"about":[{"href":"https:\/\/dev.explora.cl\/aricayparinacota\/wp-json\/wp\/v2\/types\/post"}],"author":[{"embeddable":true,"href":"https:\/\/dev.explora.cl\/aricayparinacota\/wp-json\/wp\/v2\/users\/2"}],"replies":[{"embeddable":true,"href":"https:\/\/dev.explora.cl\/aricayparinacota\/wp-json\/wp\/v2\/comments?post=32343"}],"version-history":[{"count":1,"href":"https:\/\/dev.explora.cl\/aricayparinacota\/wp-json\/wp\/v2\/posts\/32343\/revisions"}],"predecessor-version":[{"id":32843,"href":"https:\/\/dev.explora.cl\/aricayparinacota\/wp-json\/wp\/v2\/posts\/32343\/revisions\/32843"}],"wp:featuredmedia":[{"embeddable":true,"href":"https:\/\/dev.explora.cl\/aricayparinacota\/wp-json\/wp\/v2\/media\/32277"}],"wp:attachment":[{"href":"https:\/\/dev.explora.cl\/aricayparinacota\/wp-json\/wp\/v2\/media?parent=32343"}],"wp:term":[{"taxonomy":"category","embeddable":true,"href":"https:\/\/dev.explora.cl\/aricayparinacota\/wp-json\/wp\/v2\/categories?post=32343"},{"taxonomy":"post_tag","embeddable":true,"href":"https:\/\/dev.explora.cl\/aricayparinacota\/wp-json\/wp\/v2\/tags?post=32343"}],"curies":[{"name":"wp","href":"https:\/\/api.w.org\/{rel}","templated":true}]}}