{"id":32341,"date":"2017-11-02T00:00:00","date_gmt":"2017-11-02T00:00:00","guid":{"rendered":"https:\/\/dev.explora.cl\/aricayparinacota\/blog\/2017\/11\/02\/a-veces-los-camelidos-pueden-ser-azules\/"},"modified":"2019-05-09T21:03:43","modified_gmt":"2019-05-09T21:03:43","slug":"a-veces-los-camelidos-pueden-ser-azules","status":"publish","type":"post","link":"https:\/\/dev.explora.cl\/aricayparinacota\/a-veces-los-camelidos-pueden-ser-azules\/","title":{"rendered":"A veces los cam\u00e9lidos pueden ser azules"},"content":{"rendered":"<p><em>Como parte de la actividad denominada \u201cMil Cient\u00edficos Mil Aulas\u201d, del Proyecto Explora que ejecuta la Universidad de Tarapac\u00e1, los estudiantes del Colegio Adolfo Beyzaga, participaron en una charla sobre los animales de la regi\u00f3n representados en el arte rupestre.<\/em><\/p>\n<p>Apenas se presenta la arque\u00f3loga Zaray Guerrero, se advierte el acento espa\u00f1ol, con una \u201cZ\u201d pronunciada distinta a nuestra cotidianeidad. Aunque lleva m\u00e1s de tres a\u00f1os en la Regi\u00f3n de Arica y Parinacota, su pa\u00eds de origen la delata. Es un detalle a la hora de exponer su tema &#8220;Desde la costa hasta el altiplano: representaciones animales en el arte rupestre del extremo norte de Chile&#8221;, a los estudiantes de tercero b\u00e1sico del Colegio Adolfo Beyzaga, ubicado en la calle Las Acacias en Arica.<\/p>\n<p>&nbsp;<\/p>\n<p>La descripci\u00f3n del tema y la muestra de l\u00e1minas a trav\u00e9s de un Data Show, genera que este p\u00fablico de estudiantes de corta edad, que no supera los nueve a\u00f1os, se entusiasme y empiece a levantar la mano para ir respondiendo las preguntas que surgen. El profesor de biolog\u00eda y ciencias naturales, Marcos Retamal, ordena el curso al principio, pero luego todo fluye en esta interacci\u00f3n donde los estudiantes comentan su cercan\u00eda con algunos paisajes y animales que aparecen en los paneles de pinturas rupestres.<\/p>\n<p>&nbsp;<\/p>\n<p>La charla es parte de este gran Proyecto Asociativo Regional Explora Arica y Parinacota de CONICYT, ejecutado por la Universidad de Tarapac\u00e1, en la l\u00ednea de difusi\u00f3n denominada \u201cMil Cient\u00edficos, Mil Aulas\u201d, consistente en la visita de los cient\u00edficos a los distintos establecimientos, donde imparten exposiciones de sus \u00e1reas de investigaci\u00f3n.<\/p>\n<p>&nbsp;<\/p>\n<p>Marcos Retamal, profesor del Colegio Adolfo Beyzaga, considera que con este tipo de actividades se acercan los contenidos de una forma distinta. \u201cEso se agradece, cambiar el ambiente pedag\u00f3gico cambia el chip de los estudiantes y las charlas son un buen aporte focalizado en lo que es la regi\u00f3n\u201d.<\/p>\n<p>&nbsp;<\/p>\n<p>Despu\u00e9s de la presentaci\u00f3n de la fauna local, se entreg\u00f3 una l\u00e1mina para colorear e identificar las figuras. \u201cEn general participan mucho porque es bien entretenida la actividad, como les pongo los animalitos y tienen que adivinar les gusta bastante hacer ese tipo de juegos\u201d, indic\u00f3 la arque\u00f3loga invitada, agregando que le \u201cparece fenomenal\u201d visitar los colegios y ver que los estudiantes participan activamente, \u201cla idea no es quedarnos en el laboratorio o en la universidad haciendo nuestro trabajo, sino poder trasmitirlo a ni\u00f1os peque\u00f1os\u201d.<\/p>\n<p>&nbsp;<\/p>\n<p>En la charla tambi\u00e9n particip\u00f3 Ver\u00f3nica Alcalde, ad portas de titularse de arque\u00f3loga, quien indic\u00f3 que \u00e9sta es una actividad \u201cs\u00faper estimulante porque los ni\u00f1os son muy receptivos, les gusta participar y es una forma interactiva para que conozcan sobre arqueolog\u00eda, el arte rupestre y los animales de la zona\u201d.<\/p>\n<p>&nbsp;<\/p>\n<p>En la parte final de la actividad, donde los cam\u00e9lidos adquirieron los colores m\u00e1s inesperados, Alexandra Zarate, una participativa estudiante, remarca con l\u00e1piz fucsia la orilla de una figura.<\/p>\n<p>&nbsp;<\/p>\n<p>&#8211; \u00bfQu\u00e9 te gust\u00f3 de la clase de hoy? \u201cLos animales y pintar, el tibur\u00f3n, el c\u00f3ndor, la llama y la lagartija\u201d, se\u00f1ala, mientras Santiago P\u00e9rez, sentado al lado, irrumpe, \u201ca m\u00ed, los perritos\u201d. M\u00e1s atr\u00e1s, Betzaida Huanca, dice que \u201clos animales y aprender\u201d, pero Mat\u00edas Rivera, define que \u201cel que m\u00e1s me gust\u00f3 fue el \u00f1and\u00fa\u201d.<\/p>\n<p>&nbsp;<\/p>\n<p>Termina la charla de Mil Cient\u00edficos Mil Aulas de Explora CONICYT, la mayor\u00eda de los animales identificados por los estudiantes, y los cam\u00e9lidos azules, naranjos, rosados juegan con los c\u00f3ndores verdes en la hoja de ejercicios, hasta la pr\u00f3xima visita de un cient\u00edfico.<\/p>\n<p><img loading=\"lazy\" decoding=\"async\" class=\" size-full wp-image-28691\" src=\"https:\/\/dev.explora.cl\/wp-content\/uploads\/2017\/11\/Collage_Charla_Arqueologica.jpg\" alt=\"Collage Charla Arqueologica\" width=\"900\" height=\"250\" \/><\/p>\n","protected":false},"excerpt":{"rendered":"<p>Como parte de la actividad denominada \u201cMil Cient\u00edficos Mil Aulas\u201d, del Proyecto Explora que ejecuta la Universidad de Tarapac\u00e1, los estudiantes del Colegio Adolfo Beyzaga, participaron en una charla sobre los animales de la regi\u00f3n representados en el arte rupestre. Apenas se presenta la arque\u00f3loga Zaray Guerrero, se advierte el acento espa\u00f1ol, con una \u201cZ\u201d [&hellip;]<\/p>\n","protected":false},"author":2,"featured_media":32342,"comment_status":"open","ping_status":"open","sticky":false,"template":"","format":"standard","meta":{"_acf_changed":false,"_exactmetrics_skip_tracking":false,"_exactmetrics_sitenote_active":false,"_exactmetrics_sitenote_note":"","_exactmetrics_sitenote_category":0,"footnotes":"","_links_to":"","_links_to_target":""},"categories":[4],"tags":[],"class_list":["post-32341","post","type-post","status-publish","format-standard","has-post-thumbnail","hentry","category-noticias"],"acf":[],"yoast_head":"<!-- This site is optimized with the Yoast SEO plugin v26.7 - https:\/\/yoast.com\/wordpress\/plugins\/seo\/ -->\n<title>A veces los cam\u00e9lidos pueden ser azules - Arica y Parinacota<\/title>\n<meta name=\"robots\" content=\"index, follow, max-snippet:-1, max-image-preview:large, max-video-preview:-1\" \/>\n<link rel=\"canonical\" href=\"https:\/\/dev.explora.cl\/aricayparinacota\/a-veces-los-camelidos-pueden-ser-azules\/\" class=\"yoast-seo-meta-tag\" \/>\n<meta property=\"og:locale\" content=\"es_ES\" class=\"yoast-seo-meta-tag\" \/>\n<meta property=\"og:type\" content=\"article\" class=\"yoast-seo-meta-tag\" \/>\n<meta property=\"og:title\" content=\"A veces los cam\u00e9lidos pueden ser azules - Arica y Parinacota\" class=\"yoast-seo-meta-tag\" \/>\n<meta property=\"og:description\" content=\"Como parte de la actividad denominada \u201cMil Cient\u00edficos Mil Aulas\u201d, del Proyecto Explora que ejecuta la Universidad de Tarapac\u00e1, los estudiantes del Colegio Adolfo Beyzaga, participaron en una charla sobre los animales de la regi\u00f3n representados en el arte rupestre. Apenas se presenta la arque\u00f3loga Zaray Guerrero, se advierte el acento espa\u00f1ol, con una \u201cZ\u201d [&hellip;]\" class=\"yoast-seo-meta-tag\" \/>\n<meta property=\"og:url\" content=\"https:\/\/dev.explora.cl\/aricayparinacota\/a-veces-los-camelidos-pueden-ser-azules\/\" class=\"yoast-seo-meta-tag\" \/>\n<meta property=\"og:site_name\" content=\"Arica y Parinacota\" class=\"yoast-seo-meta-tag\" \/>\n<meta property=\"article:published_time\" content=\"2017-11-02T00:00:00+00:00\" class=\"yoast-seo-meta-tag\" \/>\n<meta property=\"article:modified_time\" content=\"2019-05-09T21:03:43+00:00\" class=\"yoast-seo-meta-tag\" \/>\n<meta property=\"og:image\" content=\"https:\/\/dev.explora.cl\/aricayparinacota\/wp-content\/uploads\/sites\/2\/2018\/06\/Miniatura_Charla_Arqueologica.jpg\" class=\"yoast-seo-meta-tag\" \/>\n\t<meta property=\"og:image:width\" content=\"223\" class=\"yoast-seo-meta-tag\" \/>\n\t<meta property=\"og:image:height\" content=\"147\" class=\"yoast-seo-meta-tag\" \/>\n\t<meta property=\"og:image:type\" content=\"image\/jpeg\" class=\"yoast-seo-meta-tag\" \/>\n<meta name=\"author\" content=\"webman\" class=\"yoast-seo-meta-tag\" \/>\n<meta name=\"twitter:card\" content=\"summary_large_image\" class=\"yoast-seo-meta-tag\" \/>\n<meta name=\"twitter:label1\" content=\"Escrito por\" class=\"yoast-seo-meta-tag\" \/>\n\t<meta name=\"twitter:data1\" content=\"webman\" class=\"yoast-seo-meta-tag\" \/>\n\t<meta name=\"twitter:label2\" content=\"Tiempo estimado de lectura\" class=\"yoast-seo-meta-tag\" \/>\n\t<meta name=\"twitter:data2\" content=\"3 minutos\" class=\"yoast-seo-meta-tag\" \/>\n<script type=\"application\/ld+json\" class=\"yoast-schema-graph\">{\"@context\":\"https:\/\/schema.org\",\"@graph\":[{\"@type\":\"Article\",\"@id\":\"https:\/\/dev.explora.cl\/aricayparinacota\/a-veces-los-camelidos-pueden-ser-azules\/#article\",\"isPartOf\":{\"@id\":\"https:\/\/dev.explora.cl\/aricayparinacota\/a-veces-los-camelidos-pueden-ser-azules\/\"},\"author\":{\"name\":\"webman\",\"@id\":\"https:\/\/dev.explora.cl\/aricayparinacota\/#\/schema\/person\/cb8349c13ea2d324080adf8480d7ba5d\"},\"headline\":\"A veces los cam\u00e9lidos pueden ser azules\",\"datePublished\":\"2017-11-02T00:00:00+00:00\",\"dateModified\":\"2019-05-09T21:03:43+00:00\",\"mainEntityOfPage\":{\"@id\":\"https:\/\/dev.explora.cl\/aricayparinacota\/a-veces-los-camelidos-pueden-ser-azules\/\"},\"wordCount\":642,\"commentCount\":0,\"publisher\":{\"@id\":\"https:\/\/dev.explora.cl\/aricayparinacota\/#organization\"},\"image\":{\"@id\":\"https:\/\/dev.explora.cl\/aricayparinacota\/a-veces-los-camelidos-pueden-ser-azules\/#primaryimage\"},\"thumbnailUrl\":\"https:\/\/dev.explora.cl\/aricayparinacota\/wp-content\/uploads\/sites\/2\/2018\/06\/Miniatura_Charla_Arqueologica.jpg\",\"articleSection\":[\"Noticias\"],\"inLanguage\":\"es-CL\",\"potentialAction\":[{\"@type\":\"CommentAction\",\"name\":\"Comment\",\"target\":[\"https:\/\/dev.explora.cl\/aricayparinacota\/a-veces-los-camelidos-pueden-ser-azules\/#respond\"]}]},{\"@type\":\"WebPage\",\"@id\":\"https:\/\/dev.explora.cl\/aricayparinacota\/a-veces-los-camelidos-pueden-ser-azules\/\",\"url\":\"https:\/\/dev.explora.cl\/aricayparinacota\/a-veces-los-camelidos-pueden-ser-azules\/\",\"name\":\"A veces los cam\u00e9lidos pueden ser azules - Arica y Parinacota\",\"isPartOf\":{\"@id\":\"https:\/\/dev.explora.cl\/aricayparinacota\/#website\"},\"primaryImageOfPage\":{\"@id\":\"https:\/\/dev.explora.cl\/aricayparinacota\/a-veces-los-camelidos-pueden-ser-azules\/#primaryimage\"},\"image\":{\"@id\":\"https:\/\/dev.explora.cl\/aricayparinacota\/a-veces-los-camelidos-pueden-ser-azules\/#primaryimage\"},\"thumbnailUrl\":\"https:\/\/dev.explora.cl\/aricayparinacota\/wp-content\/uploads\/sites\/2\/2018\/06\/Miniatura_Charla_Arqueologica.jpg\",\"datePublished\":\"2017-11-02T00:00:00+00:00\",\"dateModified\":\"2019-05-09T21:03:43+00:00\",\"breadcrumb\":{\"@id\":\"https:\/\/dev.explora.cl\/aricayparinacota\/a-veces-los-camelidos-pueden-ser-azules\/#breadcrumb\"},\"inLanguage\":\"es-CL\",\"potentialAction\":[{\"@type\":\"ReadAction\",\"target\":[\"https:\/\/dev.explora.cl\/aricayparinacota\/a-veces-los-camelidos-pueden-ser-azules\/\"]}]},{\"@type\":\"ImageObject\",\"inLanguage\":\"es-CL\",\"@id\":\"https:\/\/dev.explora.cl\/aricayparinacota\/a-veces-los-camelidos-pueden-ser-azules\/#primaryimage\",\"url\":\"https:\/\/dev.explora.cl\/aricayparinacota\/wp-content\/uploads\/sites\/2\/2018\/06\/Miniatura_Charla_Arqueologica.jpg\",\"contentUrl\":\"https:\/\/dev.explora.cl\/aricayparinacota\/wp-content\/uploads\/sites\/2\/2018\/06\/Miniatura_Charla_Arqueologica.jpg\",\"width\":223,\"height\":147},{\"@type\":\"BreadcrumbList\",\"@id\":\"https:\/\/dev.explora.cl\/aricayparinacota\/a-veces-los-camelidos-pueden-ser-azules\/#breadcrumb\",\"itemListElement\":[{\"@type\":\"ListItem\",\"position\":1,\"name\":\"Portada\",\"item\":\"https:\/\/dev.explora.cl\/aricayparinacota\/\"},{\"@type\":\"ListItem\",\"position\":2,\"name\":\"A veces los cam\u00e9lidos pueden ser azules\"}]},{\"@type\":\"WebSite\",\"@id\":\"https:\/\/dev.explora.cl\/aricayparinacota\/#website\",\"url\":\"https:\/\/dev.explora.cl\/aricayparinacota\/\",\"name\":\"Arica y Parinacota\",\"description\":\"Otro sitio m\u00e1s de dev.explora.cl\",\"publisher\":{\"@id\":\"https:\/\/dev.explora.cl\/aricayparinacota\/#organization\"},\"potentialAction\":[{\"@type\":\"SearchAction\",\"target\":{\"@type\":\"EntryPoint\",\"urlTemplate\":\"https:\/\/dev.explora.cl\/aricayparinacota\/?s={search_term_string}\"},\"query-input\":{\"@type\":\"PropertyValueSpecification\",\"valueRequired\":true,\"valueName\":\"search_term_string\"}}],\"inLanguage\":\"es-CL\"},{\"@type\":\"Organization\",\"@id\":\"https:\/\/dev.explora.cl\/aricayparinacota\/#organization\",\"name\":\"Arica y Parinacota\",\"url\":\"https:\/\/dev.explora.cl\/aricayparinacota\/\",\"logo\":{\"@type\":\"ImageObject\",\"inLanguage\":\"es-CL\",\"@id\":\"https:\/\/dev.explora.cl\/aricayparinacota\/#\/schema\/logo\/image\/\",\"url\":\"https:\/\/dev.explora.cl\/aricayparinacota\/wp-content\/uploads\/sites\/2\/2020\/08\/cropped-nuevosa-logos-11.png\",\"contentUrl\":\"https:\/\/dev.explora.cl\/aricayparinacota\/wp-content\/uploads\/sites\/2\/2020\/08\/cropped-nuevosa-logos-11.png\",\"width\":812,\"height\":937,\"caption\":\"Arica y Parinacota\"},\"image\":{\"@id\":\"https:\/\/dev.explora.cl\/aricayparinacota\/#\/schema\/logo\/image\/\"}},{\"@type\":\"Person\",\"@id\":\"https:\/\/dev.explora.cl\/aricayparinacota\/#\/schema\/person\/cb8349c13ea2d324080adf8480d7ba5d\",\"name\":\"webman\",\"image\":{\"@type\":\"ImageObject\",\"inLanguage\":\"es-CL\",\"@id\":\"https:\/\/dev.explora.cl\/aricayparinacota\/#\/schema\/person\/image\/\",\"url\":\"https:\/\/secure.gravatar.com\/avatar\/eeff3c82f2c02f7177d13663b7e6f890e9a6a0647ce9bb29cae02dcb094c7312?s=96&d=mm&r=g\",\"contentUrl\":\"https:\/\/secure.gravatar.com\/avatar\/eeff3c82f2c02f7177d13663b7e6f890e9a6a0647ce9bb29cae02dcb094c7312?s=96&d=mm&r=g\",\"caption\":\"webman\"},\"url\":\"https:\/\/dev.explora.cl\/aricayparinacota\/author\/webman\/\"}]}<\/script>\n<!-- \/ Yoast SEO plugin. -->","yoast_head_json":{"title":"A veces los cam\u00e9lidos pueden ser azules - Arica y Parinacota","robots":{"index":"index","follow":"follow","max-snippet":"max-snippet:-1","max-image-preview":"max-image-preview:large","max-video-preview":"max-video-preview:-1"},"canonical":"https:\/\/dev.explora.cl\/aricayparinacota\/a-veces-los-camelidos-pueden-ser-azules\/","og_locale":"es_ES","og_type":"article","og_title":"A veces los cam\u00e9lidos pueden ser azules - Arica y Parinacota","og_description":"Como parte de la actividad denominada \u201cMil Cient\u00edficos Mil Aulas\u201d, del Proyecto Explora que ejecuta la Universidad de Tarapac\u00e1, los estudiantes del Colegio Adolfo Beyzaga, participaron en una charla sobre los animales de la regi\u00f3n representados en el arte rupestre. Apenas se presenta la arque\u00f3loga Zaray Guerrero, se advierte el acento espa\u00f1ol, con una \u201cZ\u201d [&hellip;]","og_url":"https:\/\/dev.explora.cl\/aricayparinacota\/a-veces-los-camelidos-pueden-ser-azules\/","og_site_name":"Arica y Parinacota","article_published_time":"2017-11-02T00:00:00+00:00","article_modified_time":"2019-05-09T21:03:43+00:00","og_image":[{"width":223,"height":147,"url":"https:\/\/dev.explora.cl\/aricayparinacota\/wp-content\/uploads\/sites\/2\/2018\/06\/Miniatura_Charla_Arqueologica.jpg","type":"image\/jpeg"}],"author":"webman","twitter_card":"summary_large_image","twitter_misc":{"Escrito por":"webman","Tiempo estimado de lectura":"3 minutos"},"schema":{"@context":"https:\/\/schema.org","@graph":[{"@type":"Article","@id":"https:\/\/dev.explora.cl\/aricayparinacota\/a-veces-los-camelidos-pueden-ser-azules\/#article","isPartOf":{"@id":"https:\/\/dev.explora.cl\/aricayparinacota\/a-veces-los-camelidos-pueden-ser-azules\/"},"author":{"name":"webman","@id":"https:\/\/dev.explora.cl\/aricayparinacota\/#\/schema\/person\/cb8349c13ea2d324080adf8480d7ba5d"},"headline":"A veces los cam\u00e9lidos pueden ser azules","datePublished":"2017-11-02T00:00:00+00:00","dateModified":"2019-05-09T21:03:43+00:00","mainEntityOfPage":{"@id":"https:\/\/dev.explora.cl\/aricayparinacota\/a-veces-los-camelidos-pueden-ser-azules\/"},"wordCount":642,"commentCount":0,"publisher":{"@id":"https:\/\/dev.explora.cl\/aricayparinacota\/#organization"},"image":{"@id":"https:\/\/dev.explora.cl\/aricayparinacota\/a-veces-los-camelidos-pueden-ser-azules\/#primaryimage"},"thumbnailUrl":"https:\/\/dev.explora.cl\/aricayparinacota\/wp-content\/uploads\/sites\/2\/2018\/06\/Miniatura_Charla_Arqueologica.jpg","articleSection":["Noticias"],"inLanguage":"es-CL","potentialAction":[{"@type":"CommentAction","name":"Comment","target":["https:\/\/dev.explora.cl\/aricayparinacota\/a-veces-los-camelidos-pueden-ser-azules\/#respond"]}]},{"@type":"WebPage","@id":"https:\/\/dev.explora.cl\/aricayparinacota\/a-veces-los-camelidos-pueden-ser-azules\/","url":"https:\/\/dev.explora.cl\/aricayparinacota\/a-veces-los-camelidos-pueden-ser-azules\/","name":"A veces los cam\u00e9lidos pueden ser azules - Arica y Parinacota","isPartOf":{"@id":"https:\/\/dev.explora.cl\/aricayparinacota\/#website"},"primaryImageOfPage":{"@id":"https:\/\/dev.explora.cl\/aricayparinacota\/a-veces-los-camelidos-pueden-ser-azules\/#primaryimage"},"image":{"@id":"https:\/\/dev.explora.cl\/aricayparinacota\/a-veces-los-camelidos-pueden-ser-azules\/#primaryimage"},"thumbnailUrl":"https:\/\/dev.explora.cl\/aricayparinacota\/wp-content\/uploads\/sites\/2\/2018\/06\/Miniatura_Charla_Arqueologica.jpg","datePublished":"2017-11-02T00:00:00+00:00","dateModified":"2019-05-09T21:03:43+00:00","breadcrumb":{"@id":"https:\/\/dev.explora.cl\/aricayparinacota\/a-veces-los-camelidos-pueden-ser-azules\/#breadcrumb"},"inLanguage":"es-CL","potentialAction":[{"@type":"ReadAction","target":["https:\/\/dev.explora.cl\/aricayparinacota\/a-veces-los-camelidos-pueden-ser-azules\/"]}]},{"@type":"ImageObject","inLanguage":"es-CL","@id":"https:\/\/dev.explora.cl\/aricayparinacota\/a-veces-los-camelidos-pueden-ser-azules\/#primaryimage","url":"https:\/\/dev.explora.cl\/aricayparinacota\/wp-content\/uploads\/sites\/2\/2018\/06\/Miniatura_Charla_Arqueologica.jpg","contentUrl":"https:\/\/dev.explora.cl\/aricayparinacota\/wp-content\/uploads\/sites\/2\/2018\/06\/Miniatura_Charla_Arqueologica.jpg","width":223,"height":147},{"@type":"BreadcrumbList","@id":"https:\/\/dev.explora.cl\/aricayparinacota\/a-veces-los-camelidos-pueden-ser-azules\/#breadcrumb","itemListElement":[{"@type":"ListItem","position":1,"name":"Portada","item":"https:\/\/dev.explora.cl\/aricayparinacota\/"},{"@type":"ListItem","position":2,"name":"A veces los cam\u00e9lidos pueden ser azules"}]},{"@type":"WebSite","@id":"https:\/\/dev.explora.cl\/aricayparinacota\/#website","url":"https:\/\/dev.explora.cl\/aricayparinacota\/","name":"Arica y Parinacota","description":"Otro sitio m\u00e1s de dev.explora.cl","publisher":{"@id":"https:\/\/dev.explora.cl\/aricayparinacota\/#organization"},"potentialAction":[{"@type":"SearchAction","target":{"@type":"EntryPoint","urlTemplate":"https:\/\/dev.explora.cl\/aricayparinacota\/?s={search_term_string}"},"query-input":{"@type":"PropertyValueSpecification","valueRequired":true,"valueName":"search_term_string"}}],"inLanguage":"es-CL"},{"@type":"Organization","@id":"https:\/\/dev.explora.cl\/aricayparinacota\/#organization","name":"Arica y Parinacota","url":"https:\/\/dev.explora.cl\/aricayparinacota\/","logo":{"@type":"ImageObject","inLanguage":"es-CL","@id":"https:\/\/dev.explora.cl\/aricayparinacota\/#\/schema\/logo\/image\/","url":"https:\/\/dev.explora.cl\/aricayparinacota\/wp-content\/uploads\/sites\/2\/2020\/08\/cropped-nuevosa-logos-11.png","contentUrl":"https:\/\/dev.explora.cl\/aricayparinacota\/wp-content\/uploads\/sites\/2\/2020\/08\/cropped-nuevosa-logos-11.png","width":812,"height":937,"caption":"Arica y Parinacota"},"image":{"@id":"https:\/\/dev.explora.cl\/aricayparinacota\/#\/schema\/logo\/image\/"}},{"@type":"Person","@id":"https:\/\/dev.explora.cl\/aricayparinacota\/#\/schema\/person\/cb8349c13ea2d324080adf8480d7ba5d","name":"webman","image":{"@type":"ImageObject","inLanguage":"es-CL","@id":"https:\/\/dev.explora.cl\/aricayparinacota\/#\/schema\/person\/image\/","url":"https:\/\/secure.gravatar.com\/avatar\/eeff3c82f2c02f7177d13663b7e6f890e9a6a0647ce9bb29cae02dcb094c7312?s=96&d=mm&r=g","contentUrl":"https:\/\/secure.gravatar.com\/avatar\/eeff3c82f2c02f7177d13663b7e6f890e9a6a0647ce9bb29cae02dcb094c7312?s=96&d=mm&r=g","caption":"webman"},"url":"https:\/\/dev.explora.cl\/aricayparinacota\/author\/webman\/"}]}},"_links":{"self":[{"href":"https:\/\/dev.explora.cl\/aricayparinacota\/wp-json\/wp\/v2\/posts\/32341","targetHints":{"allow":["GET"]}}],"collection":[{"href":"https:\/\/dev.explora.cl\/aricayparinacota\/wp-json\/wp\/v2\/posts"}],"about":[{"href":"https:\/\/dev.explora.cl\/aricayparinacota\/wp-json\/wp\/v2\/types\/post"}],"author":[{"embeddable":true,"href":"https:\/\/dev.explora.cl\/aricayparinacota\/wp-json\/wp\/v2\/users\/2"}],"replies":[{"embeddable":true,"href":"https:\/\/dev.explora.cl\/aricayparinacota\/wp-json\/wp\/v2\/comments?post=32341"}],"version-history":[{"count":1,"href":"https:\/\/dev.explora.cl\/aricayparinacota\/wp-json\/wp\/v2\/posts\/32341\/revisions"}],"predecessor-version":[{"id":32844,"href":"https:\/\/dev.explora.cl\/aricayparinacota\/wp-json\/wp\/v2\/posts\/32341\/revisions\/32844"}],"wp:featuredmedia":[{"embeddable":true,"href":"https:\/\/dev.explora.cl\/aricayparinacota\/wp-json\/wp\/v2\/media\/32342"}],"wp:attachment":[{"href":"https:\/\/dev.explora.cl\/aricayparinacota\/wp-json\/wp\/v2\/media?parent=32341"}],"wp:term":[{"taxonomy":"category","embeddable":true,"href":"https:\/\/dev.explora.cl\/aricayparinacota\/wp-json\/wp\/v2\/categories?post=32341"},{"taxonomy":"post_tag","embeddable":true,"href":"https:\/\/dev.explora.cl\/aricayparinacota\/wp-json\/wp\/v2\/tags?post=32341"}],"curies":[{"name":"wp","href":"https:\/\/api.w.org\/{rel}","templated":true}]}}