{"id":32338,"date":"2017-10-20T00:00:00","date_gmt":"2017-10-20T00:00:00","guid":{"rendered":"https:\/\/dev.explora.cl\/aricayparinacota\/blog\/2017\/10\/20\/temas-de-frontera-vistos-desde-el-derecho-internacional\/"},"modified":"2019-05-09T21:04:01","modified_gmt":"2019-05-09T21:04:01","slug":"temas-de-frontera-vistos-desde-el-derecho-internacional","status":"publish","type":"post","link":"https:\/\/dev.explora.cl\/aricayparinacota\/temas-de-frontera-vistos-desde-el-derecho-internacional\/","title":{"rendered":"Temas de frontera vistos desde el derecho internacional"},"content":{"rendered":"<p><em>Un conversatorio, clases en aula y salidas a terreno, es parte de la intensa agenda que est\u00e1n desarrollando los alumnos de la carrera de Derecho de la Universidad de Tarapac\u00e1, junto a la acad\u00e9mica de la Universidad de Concepci\u00f3n, Paulina Astroza, invitada por el Proyecto Explora.<\/em><\/p>\n<p>Desarrollar el tema \u201cLos juicios de Chile ante la Corte Internacional de Justicia\u201d, casi en lugar de los hechos, es el valor agregado de la participaci\u00f3n de la abogada Paulina Astroza, acad\u00e9mica del Departamento de Derecho P\u00fablico de la Universidad de Concepci\u00f3n, en la Escuela de Derecho de la Universidad de Tarapac\u00e1.<\/p>\n<p>&nbsp;<\/p>\n<p>La integrante del Consejo de Canciller\u00eda de la demanda de Bolivia ante la Corte Internacional de Justicia, realiz\u00f3 una charla, especialmente para los estudiantes de primer a\u00f1o de derecho, donde se refiri\u00f3 a los casos de Chile con Per\u00fa y Bolivia, relativos a diferendo mar\u00edtimo, obligaci\u00f3n de negociar un acceso al Oc\u00e9ano Pac\u00edfico y diferendo sobre el estatuto y uso de las aguas del Silala.<\/p>\n<p>&nbsp;<\/p>\n<p>En otra jornada de actividades acad\u00e9micas, la experta efectu\u00f3 clases en la asignatura de Derecho Internacional P\u00fablico a los alumnos de tercer a\u00f1o de la carrera, los que el viernes participar\u00e1n de dos salidas a terreno con charlas guiadas al Terminal Portuario de Arica y visita terrestre guiada al hito 1 y faro de parte de miembros del Ej\u00e9rcito de Chile.<\/p>\n<p>&nbsp;<\/p>\n<p>La abogada, Paulina Astroza, destac\u00f3 la relevancia de estar en Arica. \u201cPara m\u00ed es muy importante la teor\u00eda con la pr\u00e1ctica porque efectivamente yo conozco la teor\u00eda, las normas internacionales, incluso tuve la experiencia en la Corte Internacional, pero conocer el terreno, el hito 1 del que yo hablo y suelo mencionar en mis clases, para m\u00ed es un complemento fundamental para mi propia formaci\u00f3n. La teor\u00eda sin pr\u00e1ctica y sin conocer ciertos lugares de los cuales uno habla te queda un vac\u00edo, para m\u00ed esta invitaci\u00f3n de la Universidad y Explora ha sido una excelente oportunidad, va a enriquecer esa otra parte que yo no ten\u00eda\u201d.<\/p>\n<p>&nbsp;<\/p>\n<p>&nbsp;<\/p>\n<p>&nbsp;<\/p>\n<p>En el marco del Proyecto Explora nos interesa colaborar en la formaci\u00f3n acad\u00e9mica, y \u00e9sta es una buena oportunidad para hacerlo con el Departamento de Derecho, indic\u00f3 la directora del Proyecto Explora, M\u00f3nica Navarrete. \u201cEsta es una puerta que se&nbsp; abre al conectar a&nbsp; las unidades acad\u00e9micas con los temas de inter\u00e9s de la sociedad lo cual es tremendamente importante por el territorio en que estamos y en qu\u00e9 parte del escenario internacional estamos. Revisar temas lim\u00edtrofes&nbsp; creo que nos faltaba en Explora. La venida de Paulina Astroza, nos abre una puerta para seguir trabajando junto a la Escuela de Derecho, quedando tremendamente agradecidos de la oportunidad de colaboraci\u00f3n ya que con ello, los estudiantes han sido los principales beneficiarios\u201d, finaliz\u00f3.<\/p>\n<p>&nbsp;<\/p>\n<p>La acad\u00e9mica de la Escuela de Derecho, Marta Contreras, invit\u00f3 a los alumnos de primer a\u00f1o a la charla, aunque los juicios internacionales son materia de tercer a\u00f1o, su objetivo es ir sensibilizando, induciendo al inter\u00e9s por este tipo de tema. \u201cMe interesa reafirmar esto en tercero. Es importante porque estamos en la zona de litigio\u201d, dijo.<\/p>\n<p>&nbsp;<\/p>\n<p>ESTUDIANTES OPINAN<\/p>\n<p>&nbsp;<\/p>\n<p>Basti\u00e1n Ayca, estudiante de quinto a\u00f1o, plante\u00f3: \u201cFue una ponencia muy interesante para lo que compete a esta regi\u00f3n, es bueno que se expliquen estos temas a la ciudadan\u00eda y al mundo acad\u00e9mico\u201d.<\/p>\n<p>&nbsp;<\/p>\n<p>Paola Ayala, primer a\u00f1o de derecho: \u201cEra un tema que quer\u00eda conocer hace tiempo pero no hubo oportunidad, me da motivaci\u00f3n para seguir aprendiendo\u201d.<\/p>\n<p>&nbsp;<\/p>\n<p>Melanie Ayca, primer a\u00f1o: \u201cMe pareci\u00f3 s\u00faper clara, me dej\u00f3 resueltas todas las dudas, as\u00ed que me encant\u00f3 la presentaci\u00f3n\u201d.<\/p>\n<p>&nbsp;<\/p>\n<p>Carolina Moncada, primer a\u00f1o: \u201cComo futura abogada me gust\u00f3 la forma en que ella nos dio a entender cosas que son muy b\u00e1sicas para las personas que ya est\u00e1n introducidas en esta materia, versus los alumnos de primer a\u00f1o de derecho como lo somos nosotros, la forma en que explic\u00f3 fue \u00fatil, did\u00e1ctica y t\u00e9cnica\u201d.<\/p>\n<p>&nbsp;<\/p>\n<p><em><img loading=\"lazy\" decoding=\"async\" class=\" size-full wp-image-28512\" src=\"https:\/\/dev.explora.cl\/wp-content\/uploads\/2017\/10\/Collage_Escuela_de_Derecho.jpg\" alt=\"Collage Escuela de Derecho\" width=\"900\" height=\"300\" \/><\/em><\/p>\n<p>&nbsp;<\/p>\n","protected":false},"excerpt":{"rendered":"<p>Un conversatorio, clases en aula y salidas a terreno, es parte de la intensa agenda que est\u00e1n desarrollando los alumnos de la carrera de Derecho de la Universidad de Tarapac\u00e1, junto a la acad\u00e9mica de la Universidad de Concepci\u00f3n, Paulina Astroza, invitada por el Proyecto Explora. Desarrollar el tema \u201cLos juicios de Chile ante la [&hellip;]<\/p>\n","protected":false},"author":2,"featured_media":32339,"comment_status":"open","ping_status":"open","sticky":false,"template":"","format":"standard","meta":{"_acf_changed":false,"_exactmetrics_skip_tracking":false,"_exactmetrics_sitenote_active":false,"_exactmetrics_sitenote_note":"","_exactmetrics_sitenote_category":0,"footnotes":"","_links_to":"","_links_to_target":""},"categories":[4],"tags":[],"class_list":["post-32338","post","type-post","status-publish","format-standard","has-post-thumbnail","hentry","category-noticias"],"acf":[],"yoast_head":"<!-- This site is optimized with the Yoast SEO plugin v26.7 - https:\/\/yoast.com\/wordpress\/plugins\/seo\/ -->\n<title>Temas de frontera vistos desde el derecho internacional - Arica y Parinacota<\/title>\n<meta name=\"robots\" content=\"index, follow, max-snippet:-1, max-image-preview:large, max-video-preview:-1\" \/>\n<link rel=\"canonical\" href=\"https:\/\/dev.explora.cl\/aricayparinacota\/temas-de-frontera-vistos-desde-el-derecho-internacional\/\" class=\"yoast-seo-meta-tag\" \/>\n<meta property=\"og:locale\" content=\"es_ES\" class=\"yoast-seo-meta-tag\" \/>\n<meta property=\"og:type\" content=\"article\" class=\"yoast-seo-meta-tag\" \/>\n<meta property=\"og:title\" content=\"Temas de frontera vistos desde el derecho internacional - Arica y Parinacota\" class=\"yoast-seo-meta-tag\" \/>\n<meta property=\"og:description\" content=\"Un conversatorio, clases en aula y salidas a terreno, es parte de la intensa agenda que est\u00e1n desarrollando los alumnos de la carrera de Derecho de la Universidad de Tarapac\u00e1, junto a la acad\u00e9mica de la Universidad de Concepci\u00f3n, Paulina Astroza, invitada por el Proyecto Explora. Desarrollar el tema \u201cLos juicios de Chile ante la [&hellip;]\" class=\"yoast-seo-meta-tag\" \/>\n<meta property=\"og:url\" content=\"https:\/\/dev.explora.cl\/aricayparinacota\/temas-de-frontera-vistos-desde-el-derecho-internacional\/\" class=\"yoast-seo-meta-tag\" \/>\n<meta property=\"og:site_name\" content=\"Arica y Parinacota\" class=\"yoast-seo-meta-tag\" \/>\n<meta property=\"article:published_time\" content=\"2017-10-20T00:00:00+00:00\" class=\"yoast-seo-meta-tag\" \/>\n<meta property=\"article:modified_time\" content=\"2019-05-09T21:04:01+00:00\" class=\"yoast-seo-meta-tag\" \/>\n<meta property=\"og:image\" content=\"https:\/\/dev.explora.cl\/aricayparinacota\/wp-content\/uploads\/sites\/2\/2018\/06\/Miniatura_Escuela_de_Derecho.jpg\" class=\"yoast-seo-meta-tag\" \/>\n\t<meta property=\"og:image:width\" content=\"223\" class=\"yoast-seo-meta-tag\" \/>\n\t<meta property=\"og:image:height\" content=\"147\" class=\"yoast-seo-meta-tag\" \/>\n\t<meta property=\"og:image:type\" content=\"image\/jpeg\" class=\"yoast-seo-meta-tag\" \/>\n<meta name=\"author\" content=\"webman\" class=\"yoast-seo-meta-tag\" \/>\n<meta name=\"twitter:card\" content=\"summary_large_image\" class=\"yoast-seo-meta-tag\" \/>\n<meta name=\"twitter:label1\" content=\"Escrito por\" class=\"yoast-seo-meta-tag\" \/>\n\t<meta name=\"twitter:data1\" content=\"webman\" class=\"yoast-seo-meta-tag\" \/>\n\t<meta name=\"twitter:label2\" content=\"Tiempo estimado de lectura\" class=\"yoast-seo-meta-tag\" \/>\n\t<meta name=\"twitter:data2\" content=\"4 minutos\" class=\"yoast-seo-meta-tag\" \/>\n<script type=\"application\/ld+json\" class=\"yoast-schema-graph\">{\"@context\":\"https:\/\/schema.org\",\"@graph\":[{\"@type\":\"Article\",\"@id\":\"https:\/\/dev.explora.cl\/aricayparinacota\/temas-de-frontera-vistos-desde-el-derecho-internacional\/#article\",\"isPartOf\":{\"@id\":\"https:\/\/dev.explora.cl\/aricayparinacota\/temas-de-frontera-vistos-desde-el-derecho-internacional\/\"},\"author\":{\"name\":\"webman\",\"@id\":\"https:\/\/dev.explora.cl\/aricayparinacota\/#\/schema\/person\/cb8349c13ea2d324080adf8480d7ba5d\"},\"headline\":\"Temas de frontera vistos desde el derecho internacional\",\"datePublished\":\"2017-10-20T00:00:00+00:00\",\"dateModified\":\"2019-05-09T21:04:01+00:00\",\"mainEntityOfPage\":{\"@id\":\"https:\/\/dev.explora.cl\/aricayparinacota\/temas-de-frontera-vistos-desde-el-derecho-internacional\/\"},\"wordCount\":721,\"commentCount\":0,\"publisher\":{\"@id\":\"https:\/\/dev.explora.cl\/aricayparinacota\/#organization\"},\"image\":{\"@id\":\"https:\/\/dev.explora.cl\/aricayparinacota\/temas-de-frontera-vistos-desde-el-derecho-internacional\/#primaryimage\"},\"thumbnailUrl\":\"https:\/\/dev.explora.cl\/aricayparinacota\/wp-content\/uploads\/sites\/2\/2018\/06\/Miniatura_Escuela_de_Derecho.jpg\",\"articleSection\":[\"Noticias\"],\"inLanguage\":\"es-CL\",\"potentialAction\":[{\"@type\":\"CommentAction\",\"name\":\"Comment\",\"target\":[\"https:\/\/dev.explora.cl\/aricayparinacota\/temas-de-frontera-vistos-desde-el-derecho-internacional\/#respond\"]}]},{\"@type\":\"WebPage\",\"@id\":\"https:\/\/dev.explora.cl\/aricayparinacota\/temas-de-frontera-vistos-desde-el-derecho-internacional\/\",\"url\":\"https:\/\/dev.explora.cl\/aricayparinacota\/temas-de-frontera-vistos-desde-el-derecho-internacional\/\",\"name\":\"Temas de frontera vistos desde el derecho internacional - Arica y Parinacota\",\"isPartOf\":{\"@id\":\"https:\/\/dev.explora.cl\/aricayparinacota\/#website\"},\"primaryImageOfPage\":{\"@id\":\"https:\/\/dev.explora.cl\/aricayparinacota\/temas-de-frontera-vistos-desde-el-derecho-internacional\/#primaryimage\"},\"image\":{\"@id\":\"https:\/\/dev.explora.cl\/aricayparinacota\/temas-de-frontera-vistos-desde-el-derecho-internacional\/#primaryimage\"},\"thumbnailUrl\":\"https:\/\/dev.explora.cl\/aricayparinacota\/wp-content\/uploads\/sites\/2\/2018\/06\/Miniatura_Escuela_de_Derecho.jpg\",\"datePublished\":\"2017-10-20T00:00:00+00:00\",\"dateModified\":\"2019-05-09T21:04:01+00:00\",\"breadcrumb\":{\"@id\":\"https:\/\/dev.explora.cl\/aricayparinacota\/temas-de-frontera-vistos-desde-el-derecho-internacional\/#breadcrumb\"},\"inLanguage\":\"es-CL\",\"potentialAction\":[{\"@type\":\"ReadAction\",\"target\":[\"https:\/\/dev.explora.cl\/aricayparinacota\/temas-de-frontera-vistos-desde-el-derecho-internacional\/\"]}]},{\"@type\":\"ImageObject\",\"inLanguage\":\"es-CL\",\"@id\":\"https:\/\/dev.explora.cl\/aricayparinacota\/temas-de-frontera-vistos-desde-el-derecho-internacional\/#primaryimage\",\"url\":\"https:\/\/dev.explora.cl\/aricayparinacota\/wp-content\/uploads\/sites\/2\/2018\/06\/Miniatura_Escuela_de_Derecho.jpg\",\"contentUrl\":\"https:\/\/dev.explora.cl\/aricayparinacota\/wp-content\/uploads\/sites\/2\/2018\/06\/Miniatura_Escuela_de_Derecho.jpg\",\"width\":223,\"height\":147},{\"@type\":\"BreadcrumbList\",\"@id\":\"https:\/\/dev.explora.cl\/aricayparinacota\/temas-de-frontera-vistos-desde-el-derecho-internacional\/#breadcrumb\",\"itemListElement\":[{\"@type\":\"ListItem\",\"position\":1,\"name\":\"Portada\",\"item\":\"https:\/\/dev.explora.cl\/aricayparinacota\/\"},{\"@type\":\"ListItem\",\"position\":2,\"name\":\"Temas de frontera vistos desde el derecho internacional\"}]},{\"@type\":\"WebSite\",\"@id\":\"https:\/\/dev.explora.cl\/aricayparinacota\/#website\",\"url\":\"https:\/\/dev.explora.cl\/aricayparinacota\/\",\"name\":\"Arica y Parinacota\",\"description\":\"Otro sitio m\u00e1s de dev.explora.cl\",\"publisher\":{\"@id\":\"https:\/\/dev.explora.cl\/aricayparinacota\/#organization\"},\"potentialAction\":[{\"@type\":\"SearchAction\",\"target\":{\"@type\":\"EntryPoint\",\"urlTemplate\":\"https:\/\/dev.explora.cl\/aricayparinacota\/?s={search_term_string}\"},\"query-input\":{\"@type\":\"PropertyValueSpecification\",\"valueRequired\":true,\"valueName\":\"search_term_string\"}}],\"inLanguage\":\"es-CL\"},{\"@type\":\"Organization\",\"@id\":\"https:\/\/dev.explora.cl\/aricayparinacota\/#organization\",\"name\":\"Arica y Parinacota\",\"url\":\"https:\/\/dev.explora.cl\/aricayparinacota\/\",\"logo\":{\"@type\":\"ImageObject\",\"inLanguage\":\"es-CL\",\"@id\":\"https:\/\/dev.explora.cl\/aricayparinacota\/#\/schema\/logo\/image\/\",\"url\":\"https:\/\/dev.explora.cl\/aricayparinacota\/wp-content\/uploads\/sites\/2\/2020\/08\/cropped-nuevosa-logos-11.png\",\"contentUrl\":\"https:\/\/dev.explora.cl\/aricayparinacota\/wp-content\/uploads\/sites\/2\/2020\/08\/cropped-nuevosa-logos-11.png\",\"width\":812,\"height\":937,\"caption\":\"Arica y Parinacota\"},\"image\":{\"@id\":\"https:\/\/dev.explora.cl\/aricayparinacota\/#\/schema\/logo\/image\/\"}},{\"@type\":\"Person\",\"@id\":\"https:\/\/dev.explora.cl\/aricayparinacota\/#\/schema\/person\/cb8349c13ea2d324080adf8480d7ba5d\",\"name\":\"webman\",\"image\":{\"@type\":\"ImageObject\",\"inLanguage\":\"es-CL\",\"@id\":\"https:\/\/dev.explora.cl\/aricayparinacota\/#\/schema\/person\/image\/\",\"url\":\"https:\/\/secure.gravatar.com\/avatar\/eeff3c82f2c02f7177d13663b7e6f890e9a6a0647ce9bb29cae02dcb094c7312?s=96&d=mm&r=g\",\"contentUrl\":\"https:\/\/secure.gravatar.com\/avatar\/eeff3c82f2c02f7177d13663b7e6f890e9a6a0647ce9bb29cae02dcb094c7312?s=96&d=mm&r=g\",\"caption\":\"webman\"},\"url\":\"https:\/\/dev.explora.cl\/aricayparinacota\/author\/webman\/\"}]}<\/script>\n<!-- \/ Yoast SEO plugin. -->","yoast_head_json":{"title":"Temas de frontera vistos desde el derecho internacional - Arica y Parinacota","robots":{"index":"index","follow":"follow","max-snippet":"max-snippet:-1","max-image-preview":"max-image-preview:large","max-video-preview":"max-video-preview:-1"},"canonical":"https:\/\/dev.explora.cl\/aricayparinacota\/temas-de-frontera-vistos-desde-el-derecho-internacional\/","og_locale":"es_ES","og_type":"article","og_title":"Temas de frontera vistos desde el derecho internacional - Arica y Parinacota","og_description":"Un conversatorio, clases en aula y salidas a terreno, es parte de la intensa agenda que est\u00e1n desarrollando los alumnos de la carrera de Derecho de la Universidad de Tarapac\u00e1, junto a la acad\u00e9mica de la Universidad de Concepci\u00f3n, Paulina Astroza, invitada por el Proyecto Explora. Desarrollar el tema \u201cLos juicios de Chile ante la [&hellip;]","og_url":"https:\/\/dev.explora.cl\/aricayparinacota\/temas-de-frontera-vistos-desde-el-derecho-internacional\/","og_site_name":"Arica y Parinacota","article_published_time":"2017-10-20T00:00:00+00:00","article_modified_time":"2019-05-09T21:04:01+00:00","og_image":[{"width":223,"height":147,"url":"https:\/\/dev.explora.cl\/aricayparinacota\/wp-content\/uploads\/sites\/2\/2018\/06\/Miniatura_Escuela_de_Derecho.jpg","type":"image\/jpeg"}],"author":"webman","twitter_card":"summary_large_image","twitter_misc":{"Escrito por":"webman","Tiempo estimado de lectura":"4 minutos"},"schema":{"@context":"https:\/\/schema.org","@graph":[{"@type":"Article","@id":"https:\/\/dev.explora.cl\/aricayparinacota\/temas-de-frontera-vistos-desde-el-derecho-internacional\/#article","isPartOf":{"@id":"https:\/\/dev.explora.cl\/aricayparinacota\/temas-de-frontera-vistos-desde-el-derecho-internacional\/"},"author":{"name":"webman","@id":"https:\/\/dev.explora.cl\/aricayparinacota\/#\/schema\/person\/cb8349c13ea2d324080adf8480d7ba5d"},"headline":"Temas de frontera vistos desde el derecho internacional","datePublished":"2017-10-20T00:00:00+00:00","dateModified":"2019-05-09T21:04:01+00:00","mainEntityOfPage":{"@id":"https:\/\/dev.explora.cl\/aricayparinacota\/temas-de-frontera-vistos-desde-el-derecho-internacional\/"},"wordCount":721,"commentCount":0,"publisher":{"@id":"https:\/\/dev.explora.cl\/aricayparinacota\/#organization"},"image":{"@id":"https:\/\/dev.explora.cl\/aricayparinacota\/temas-de-frontera-vistos-desde-el-derecho-internacional\/#primaryimage"},"thumbnailUrl":"https:\/\/dev.explora.cl\/aricayparinacota\/wp-content\/uploads\/sites\/2\/2018\/06\/Miniatura_Escuela_de_Derecho.jpg","articleSection":["Noticias"],"inLanguage":"es-CL","potentialAction":[{"@type":"CommentAction","name":"Comment","target":["https:\/\/dev.explora.cl\/aricayparinacota\/temas-de-frontera-vistos-desde-el-derecho-internacional\/#respond"]}]},{"@type":"WebPage","@id":"https:\/\/dev.explora.cl\/aricayparinacota\/temas-de-frontera-vistos-desde-el-derecho-internacional\/","url":"https:\/\/dev.explora.cl\/aricayparinacota\/temas-de-frontera-vistos-desde-el-derecho-internacional\/","name":"Temas de frontera vistos desde el derecho internacional - Arica y Parinacota","isPartOf":{"@id":"https:\/\/dev.explora.cl\/aricayparinacota\/#website"},"primaryImageOfPage":{"@id":"https:\/\/dev.explora.cl\/aricayparinacota\/temas-de-frontera-vistos-desde-el-derecho-internacional\/#primaryimage"},"image":{"@id":"https:\/\/dev.explora.cl\/aricayparinacota\/temas-de-frontera-vistos-desde-el-derecho-internacional\/#primaryimage"},"thumbnailUrl":"https:\/\/dev.explora.cl\/aricayparinacota\/wp-content\/uploads\/sites\/2\/2018\/06\/Miniatura_Escuela_de_Derecho.jpg","datePublished":"2017-10-20T00:00:00+00:00","dateModified":"2019-05-09T21:04:01+00:00","breadcrumb":{"@id":"https:\/\/dev.explora.cl\/aricayparinacota\/temas-de-frontera-vistos-desde-el-derecho-internacional\/#breadcrumb"},"inLanguage":"es-CL","potentialAction":[{"@type":"ReadAction","target":["https:\/\/dev.explora.cl\/aricayparinacota\/temas-de-frontera-vistos-desde-el-derecho-internacional\/"]}]},{"@type":"ImageObject","inLanguage":"es-CL","@id":"https:\/\/dev.explora.cl\/aricayparinacota\/temas-de-frontera-vistos-desde-el-derecho-internacional\/#primaryimage","url":"https:\/\/dev.explora.cl\/aricayparinacota\/wp-content\/uploads\/sites\/2\/2018\/06\/Miniatura_Escuela_de_Derecho.jpg","contentUrl":"https:\/\/dev.explora.cl\/aricayparinacota\/wp-content\/uploads\/sites\/2\/2018\/06\/Miniatura_Escuela_de_Derecho.jpg","width":223,"height":147},{"@type":"BreadcrumbList","@id":"https:\/\/dev.explora.cl\/aricayparinacota\/temas-de-frontera-vistos-desde-el-derecho-internacional\/#breadcrumb","itemListElement":[{"@type":"ListItem","position":1,"name":"Portada","item":"https:\/\/dev.explora.cl\/aricayparinacota\/"},{"@type":"ListItem","position":2,"name":"Temas de frontera vistos desde el derecho internacional"}]},{"@type":"WebSite","@id":"https:\/\/dev.explora.cl\/aricayparinacota\/#website","url":"https:\/\/dev.explora.cl\/aricayparinacota\/","name":"Arica y Parinacota","description":"Otro sitio m\u00e1s de dev.explora.cl","publisher":{"@id":"https:\/\/dev.explora.cl\/aricayparinacota\/#organization"},"potentialAction":[{"@type":"SearchAction","target":{"@type":"EntryPoint","urlTemplate":"https:\/\/dev.explora.cl\/aricayparinacota\/?s={search_term_string}"},"query-input":{"@type":"PropertyValueSpecification","valueRequired":true,"valueName":"search_term_string"}}],"inLanguage":"es-CL"},{"@type":"Organization","@id":"https:\/\/dev.explora.cl\/aricayparinacota\/#organization","name":"Arica y Parinacota","url":"https:\/\/dev.explora.cl\/aricayparinacota\/","logo":{"@type":"ImageObject","inLanguage":"es-CL","@id":"https:\/\/dev.explora.cl\/aricayparinacota\/#\/schema\/logo\/image\/","url":"https:\/\/dev.explora.cl\/aricayparinacota\/wp-content\/uploads\/sites\/2\/2020\/08\/cropped-nuevosa-logos-11.png","contentUrl":"https:\/\/dev.explora.cl\/aricayparinacota\/wp-content\/uploads\/sites\/2\/2020\/08\/cropped-nuevosa-logos-11.png","width":812,"height":937,"caption":"Arica y Parinacota"},"image":{"@id":"https:\/\/dev.explora.cl\/aricayparinacota\/#\/schema\/logo\/image\/"}},{"@type":"Person","@id":"https:\/\/dev.explora.cl\/aricayparinacota\/#\/schema\/person\/cb8349c13ea2d324080adf8480d7ba5d","name":"webman","image":{"@type":"ImageObject","inLanguage":"es-CL","@id":"https:\/\/dev.explora.cl\/aricayparinacota\/#\/schema\/person\/image\/","url":"https:\/\/secure.gravatar.com\/avatar\/eeff3c82f2c02f7177d13663b7e6f890e9a6a0647ce9bb29cae02dcb094c7312?s=96&d=mm&r=g","contentUrl":"https:\/\/secure.gravatar.com\/avatar\/eeff3c82f2c02f7177d13663b7e6f890e9a6a0647ce9bb29cae02dcb094c7312?s=96&d=mm&r=g","caption":"webman"},"url":"https:\/\/dev.explora.cl\/aricayparinacota\/author\/webman\/"}]}},"_links":{"self":[{"href":"https:\/\/dev.explora.cl\/aricayparinacota\/wp-json\/wp\/v2\/posts\/32338","targetHints":{"allow":["GET"]}}],"collection":[{"href":"https:\/\/dev.explora.cl\/aricayparinacota\/wp-json\/wp\/v2\/posts"}],"about":[{"href":"https:\/\/dev.explora.cl\/aricayparinacota\/wp-json\/wp\/v2\/types\/post"}],"author":[{"embeddable":true,"href":"https:\/\/dev.explora.cl\/aricayparinacota\/wp-json\/wp\/v2\/users\/2"}],"replies":[{"embeddable":true,"href":"https:\/\/dev.explora.cl\/aricayparinacota\/wp-json\/wp\/v2\/comments?post=32338"}],"version-history":[{"count":1,"href":"https:\/\/dev.explora.cl\/aricayparinacota\/wp-json\/wp\/v2\/posts\/32338\/revisions"}],"predecessor-version":[{"id":32846,"href":"https:\/\/dev.explora.cl\/aricayparinacota\/wp-json\/wp\/v2\/posts\/32338\/revisions\/32846"}],"wp:featuredmedia":[{"embeddable":true,"href":"https:\/\/dev.explora.cl\/aricayparinacota\/wp-json\/wp\/v2\/media\/32339"}],"wp:attachment":[{"href":"https:\/\/dev.explora.cl\/aricayparinacota\/wp-json\/wp\/v2\/media?parent=32338"}],"wp:term":[{"taxonomy":"category","embeddable":true,"href":"https:\/\/dev.explora.cl\/aricayparinacota\/wp-json\/wp\/v2\/categories?post=32338"},{"taxonomy":"post_tag","embeddable":true,"href":"https:\/\/dev.explora.cl\/aricayparinacota\/wp-json\/wp\/v2\/tags?post=32338"}],"curies":[{"name":"wp","href":"https:\/\/api.w.org\/{rel}","templated":true}]}}