{"id":32335,"date":"2017-10-20T00:00:00","date_gmt":"2017-10-20T00:00:00","guid":{"rendered":"https:\/\/dev.explora.cl\/aricayparinacota\/blog\/2017\/10\/20\/el-profesor-de-la-ecuacion-perfecta\/"},"modified":"2019-05-09T21:03:51","modified_gmt":"2019-05-09T21:03:51","slug":"el-profesor-de-la-ecuacion-perfecta","status":"publish","type":"post","link":"https:\/\/dev.explora.cl\/aricayparinacota\/el-profesor-de-la-ecuacion-perfecta\/","title":{"rendered":"El profesor de la ecuaci\u00f3n perfecta"},"content":{"rendered":"<p>Omar Iriarte ya es marca registrada en el Proyecto Asociativo Regional Explora de Arica y Parinacota. Nadie olvidar\u00e1 el momento en que jugando al \u201cCachip\u00fan&nbsp;Tr\u00f3fico\u201d se convirti\u00f3 en medusa y no quiso involucionar al nivel de plancton. Despu\u00e9s de ese encuentro en que se inform\u00f3 a los profesores sobre el Congreso Regional de Ciencia y Tecnolog\u00eda, confes\u00f3 en el c\u00f3ctel que era para \u00e9l un sue\u00f1o participar con un proyecto en Explora, que retirarse del sistema, o sea, jubilar, en estas condiciones, lo har\u00eda feliz.<\/p>\n<p>Nunca ha dejado de reconocer que gracias a su colega de la Escuela Dar\u00edo Salas D\u00edaz, Carlos Rodr\u00edguez, lleg\u00f3 a conectarse con el mundo Explora y desde ah\u00ed se ha desarrollado en el \u00e1rea que tambi\u00e9n lo apasiona, la ciencia.<\/p>\n<p><strong>Una vez usted dijo que era un sue\u00f1o participar con un proyecto en Explora, ahora que lo ha realizado, \u00bfc\u00f3mo ha sido su experiencia?<\/strong><\/p>\n<p>-\u201cFabulosa y con la meta cumplida, llegar aqu\u00ed por primera vez para m\u00ed fue casi en el momento de irme del sistema, e implica dejar algo, porque esto no se va a quedar ac\u00e1, voy a seguir hinchando para que el asunto siga mucho m\u00e1s adelante\u201d.<\/p>\n<p><strong>\u00bfA qu\u00e9 se refiere?<\/strong><\/p>\n<p>-\u201cA que hay que seguir investigando sobre lo mismo, yo traje un tema: las colcas de San Lorenzo, en principio nos encontramos con una falta de informaci\u00f3n enorme, y por el hecho de haber participado en el Congreso Regional me enter\u00e9 de algunos nombres de acad\u00e9micos que han hecho estudios sobre lo mismo y voy a contactarme con ellos, para tener much\u00edsima m\u00e1s informaci\u00f3n\u201d.<\/p>\n<p>La sonrisa espont\u00e1nea y hermosa es lo que m\u00e1s destaca en Omar Iriarte, su amabilidad y las frases clich\u00e9s. Trabaja con 25 alumnos en una academia, los cuales separ\u00f3 en grupos para definir quienes iban a exponer, elaborar la r\u00e9plica de las colcas y la parte gr\u00e1fica.<\/p>\n<p>\u201cDescubr\u00ed que hay colcas rectangulares y conocimos de rebote un sistema de refrigeraci\u00f3n que ten\u00edan los incas en funci\u00f3n de piedras volc\u00e1nicas, unas vasijas que llenaban con agua y pon\u00edan en dep\u00f3sitos cerrados con los&nbsp; productos que necesitaban conservar\u201d.<\/p>\n<p><strong>Esperaba encontrar este nivel de propuestas en un Congreso?<\/strong><\/p>\n<p>-\u201cMe encontr\u00e9 con hartas novedades y me voy feliz. Me siento mucho m\u00e1s que satisfecho porque para un trabajo que inici\u00f3 Carlos el a\u00f1o pasado, vi una experiencia nueva como colega, como parte de nuestra escuela. Este a\u00f1o ver los frutos tan r\u00e1pidos y m\u00e1s a\u00fan que se van a la etapa nacional como escuela rural es genial\u201d.<\/p>\n<p>&nbsp;<\/p>\n<p><strong>Es muy r\u00e1pido el avance\u2026<\/strong><\/p>\n<p>-\u201cComo profesor de matem\u00e1ticas tengo la ecuaci\u00f3n perfecta, profesores igual alumnos, resultado: un gran trabajo. \u00a1Estoy emocionado y se nota!<\/p>\n<p><img loading=\"lazy\" decoding=\"async\" class=\" size-full wp-image-28509\" src=\"https:\/\/dev.explora.cl\/wp-content\/uploads\/2017\/10\/Collage_Profesor_Ecuacion.jpg\" alt=\"Collage Profesor Ecuacion\" width=\"863\" height=\"300\" \/><\/p>\n<p>&nbsp;<\/p>\n","protected":false},"excerpt":{"rendered":"<p>Omar Iriarte ya es marca registrada en el Proyecto Asociativo Regional Explora de Arica y Parinacota. Nadie olvidar\u00e1 el momento en que jugando al \u201cCachip\u00fan&nbsp;Tr\u00f3fico\u201d se convirti\u00f3 en medusa y no quiso involucionar al nivel de plancton. Despu\u00e9s de ese encuentro en que se inform\u00f3 a los profesores sobre el Congreso Regional de Ciencia y [&hellip;]<\/p>\n","protected":false},"author":2,"featured_media":32336,"comment_status":"open","ping_status":"open","sticky":false,"template":"","format":"standard","meta":{"_acf_changed":false,"_exactmetrics_skip_tracking":false,"_exactmetrics_sitenote_active":false,"_exactmetrics_sitenote_note":"","_exactmetrics_sitenote_category":0,"footnotes":"","_links_to":"","_links_to_target":""},"categories":[4],"tags":[],"class_list":["post-32335","post","type-post","status-publish","format-standard","has-post-thumbnail","hentry","category-noticias"],"acf":[],"yoast_head":"<!-- This site is optimized with the Yoast SEO plugin v26.7 - https:\/\/yoast.com\/wordpress\/plugins\/seo\/ -->\n<title>El profesor de la ecuaci\u00f3n perfecta - Arica y Parinacota<\/title>\n<meta name=\"robots\" content=\"index, follow, max-snippet:-1, max-image-preview:large, max-video-preview:-1\" \/>\n<link rel=\"canonical\" href=\"https:\/\/dev.explora.cl\/aricayparinacota\/el-profesor-de-la-ecuacion-perfecta\/\" class=\"yoast-seo-meta-tag\" \/>\n<meta property=\"og:locale\" content=\"es_ES\" class=\"yoast-seo-meta-tag\" \/>\n<meta property=\"og:type\" content=\"article\" class=\"yoast-seo-meta-tag\" \/>\n<meta property=\"og:title\" content=\"El profesor de la ecuaci\u00f3n perfecta - Arica y Parinacota\" class=\"yoast-seo-meta-tag\" \/>\n<meta property=\"og:description\" content=\"Omar Iriarte ya es marca registrada en el Proyecto Asociativo Regional Explora de Arica y Parinacota. Nadie olvidar\u00e1 el momento en que jugando al \u201cCachip\u00fan&nbsp;Tr\u00f3fico\u201d se convirti\u00f3 en medusa y no quiso involucionar al nivel de plancton. Despu\u00e9s de ese encuentro en que se inform\u00f3 a los profesores sobre el Congreso Regional de Ciencia y [&hellip;]\" class=\"yoast-seo-meta-tag\" \/>\n<meta property=\"og:url\" content=\"https:\/\/dev.explora.cl\/aricayparinacota\/el-profesor-de-la-ecuacion-perfecta\/\" class=\"yoast-seo-meta-tag\" \/>\n<meta property=\"og:site_name\" content=\"Arica y Parinacota\" class=\"yoast-seo-meta-tag\" \/>\n<meta property=\"article:published_time\" content=\"2017-10-20T00:00:00+00:00\" class=\"yoast-seo-meta-tag\" \/>\n<meta property=\"article:modified_time\" content=\"2019-05-09T21:03:51+00:00\" class=\"yoast-seo-meta-tag\" \/>\n<meta property=\"og:image\" content=\"https:\/\/dev.explora.cl\/aricayparinacota\/wp-content\/uploads\/sites\/2\/2018\/06\/Miniatura_Profesor_Ecuacion.jpg\" class=\"yoast-seo-meta-tag\" \/>\n\t<meta property=\"og:image:width\" content=\"223\" class=\"yoast-seo-meta-tag\" \/>\n\t<meta property=\"og:image:height\" content=\"147\" class=\"yoast-seo-meta-tag\" \/>\n\t<meta property=\"og:image:type\" content=\"image\/jpeg\" class=\"yoast-seo-meta-tag\" \/>\n<meta name=\"author\" content=\"webman\" class=\"yoast-seo-meta-tag\" \/>\n<meta name=\"twitter:card\" content=\"summary_large_image\" class=\"yoast-seo-meta-tag\" \/>\n<meta name=\"twitter:label1\" content=\"Escrito por\" class=\"yoast-seo-meta-tag\" \/>\n\t<meta name=\"twitter:data1\" content=\"webman\" class=\"yoast-seo-meta-tag\" \/>\n\t<meta name=\"twitter:label2\" content=\"Tiempo estimado de lectura\" class=\"yoast-seo-meta-tag\" \/>\n\t<meta name=\"twitter:data2\" content=\"2 minutos\" class=\"yoast-seo-meta-tag\" \/>\n<script type=\"application\/ld+json\" class=\"yoast-schema-graph\">{\"@context\":\"https:\/\/schema.org\",\"@graph\":[{\"@type\":\"Article\",\"@id\":\"https:\/\/dev.explora.cl\/aricayparinacota\/el-profesor-de-la-ecuacion-perfecta\/#article\",\"isPartOf\":{\"@id\":\"https:\/\/dev.explora.cl\/aricayparinacota\/el-profesor-de-la-ecuacion-perfecta\/\"},\"author\":{\"name\":\"webman\",\"@id\":\"https:\/\/dev.explora.cl\/aricayparinacota\/#\/schema\/person\/cb8349c13ea2d324080adf8480d7ba5d\"},\"headline\":\"El profesor de la ecuaci\u00f3n perfecta\",\"datePublished\":\"2017-10-20T00:00:00+00:00\",\"dateModified\":\"2019-05-09T21:03:51+00:00\",\"mainEntityOfPage\":{\"@id\":\"https:\/\/dev.explora.cl\/aricayparinacota\/el-profesor-de-la-ecuacion-perfecta\/\"},\"wordCount\":495,\"commentCount\":0,\"publisher\":{\"@id\":\"https:\/\/dev.explora.cl\/aricayparinacota\/#organization\"},\"image\":{\"@id\":\"https:\/\/dev.explora.cl\/aricayparinacota\/el-profesor-de-la-ecuacion-perfecta\/#primaryimage\"},\"thumbnailUrl\":\"https:\/\/dev.explora.cl\/aricayparinacota\/wp-content\/uploads\/sites\/2\/2018\/06\/Miniatura_Profesor_Ecuacion.jpg\",\"articleSection\":[\"Noticias\"],\"inLanguage\":\"es-CL\",\"potentialAction\":[{\"@type\":\"CommentAction\",\"name\":\"Comment\",\"target\":[\"https:\/\/dev.explora.cl\/aricayparinacota\/el-profesor-de-la-ecuacion-perfecta\/#respond\"]}]},{\"@type\":\"WebPage\",\"@id\":\"https:\/\/dev.explora.cl\/aricayparinacota\/el-profesor-de-la-ecuacion-perfecta\/\",\"url\":\"https:\/\/dev.explora.cl\/aricayparinacota\/el-profesor-de-la-ecuacion-perfecta\/\",\"name\":\"El profesor de la ecuaci\u00f3n perfecta - Arica y Parinacota\",\"isPartOf\":{\"@id\":\"https:\/\/dev.explora.cl\/aricayparinacota\/#website\"},\"primaryImageOfPage\":{\"@id\":\"https:\/\/dev.explora.cl\/aricayparinacota\/el-profesor-de-la-ecuacion-perfecta\/#primaryimage\"},\"image\":{\"@id\":\"https:\/\/dev.explora.cl\/aricayparinacota\/el-profesor-de-la-ecuacion-perfecta\/#primaryimage\"},\"thumbnailUrl\":\"https:\/\/dev.explora.cl\/aricayparinacota\/wp-content\/uploads\/sites\/2\/2018\/06\/Miniatura_Profesor_Ecuacion.jpg\",\"datePublished\":\"2017-10-20T00:00:00+00:00\",\"dateModified\":\"2019-05-09T21:03:51+00:00\",\"breadcrumb\":{\"@id\":\"https:\/\/dev.explora.cl\/aricayparinacota\/el-profesor-de-la-ecuacion-perfecta\/#breadcrumb\"},\"inLanguage\":\"es-CL\",\"potentialAction\":[{\"@type\":\"ReadAction\",\"target\":[\"https:\/\/dev.explora.cl\/aricayparinacota\/el-profesor-de-la-ecuacion-perfecta\/\"]}]},{\"@type\":\"ImageObject\",\"inLanguage\":\"es-CL\",\"@id\":\"https:\/\/dev.explora.cl\/aricayparinacota\/el-profesor-de-la-ecuacion-perfecta\/#primaryimage\",\"url\":\"https:\/\/dev.explora.cl\/aricayparinacota\/wp-content\/uploads\/sites\/2\/2018\/06\/Miniatura_Profesor_Ecuacion.jpg\",\"contentUrl\":\"https:\/\/dev.explora.cl\/aricayparinacota\/wp-content\/uploads\/sites\/2\/2018\/06\/Miniatura_Profesor_Ecuacion.jpg\",\"width\":223,\"height\":147},{\"@type\":\"BreadcrumbList\",\"@id\":\"https:\/\/dev.explora.cl\/aricayparinacota\/el-profesor-de-la-ecuacion-perfecta\/#breadcrumb\",\"itemListElement\":[{\"@type\":\"ListItem\",\"position\":1,\"name\":\"Portada\",\"item\":\"https:\/\/dev.explora.cl\/aricayparinacota\/\"},{\"@type\":\"ListItem\",\"position\":2,\"name\":\"El profesor de la ecuaci\u00f3n perfecta\"}]},{\"@type\":\"WebSite\",\"@id\":\"https:\/\/dev.explora.cl\/aricayparinacota\/#website\",\"url\":\"https:\/\/dev.explora.cl\/aricayparinacota\/\",\"name\":\"Arica y Parinacota\",\"description\":\"Otro sitio m\u00e1s de dev.explora.cl\",\"publisher\":{\"@id\":\"https:\/\/dev.explora.cl\/aricayparinacota\/#organization\"},\"potentialAction\":[{\"@type\":\"SearchAction\",\"target\":{\"@type\":\"EntryPoint\",\"urlTemplate\":\"https:\/\/dev.explora.cl\/aricayparinacota\/?s={search_term_string}\"},\"query-input\":{\"@type\":\"PropertyValueSpecification\",\"valueRequired\":true,\"valueName\":\"search_term_string\"}}],\"inLanguage\":\"es-CL\"},{\"@type\":\"Organization\",\"@id\":\"https:\/\/dev.explora.cl\/aricayparinacota\/#organization\",\"name\":\"Arica y Parinacota\",\"url\":\"https:\/\/dev.explora.cl\/aricayparinacota\/\",\"logo\":{\"@type\":\"ImageObject\",\"inLanguage\":\"es-CL\",\"@id\":\"https:\/\/dev.explora.cl\/aricayparinacota\/#\/schema\/logo\/image\/\",\"url\":\"https:\/\/dev.explora.cl\/aricayparinacota\/wp-content\/uploads\/sites\/2\/2020\/08\/cropped-nuevosa-logos-11.png\",\"contentUrl\":\"https:\/\/dev.explora.cl\/aricayparinacota\/wp-content\/uploads\/sites\/2\/2020\/08\/cropped-nuevosa-logos-11.png\",\"width\":812,\"height\":937,\"caption\":\"Arica y Parinacota\"},\"image\":{\"@id\":\"https:\/\/dev.explora.cl\/aricayparinacota\/#\/schema\/logo\/image\/\"}},{\"@type\":\"Person\",\"@id\":\"https:\/\/dev.explora.cl\/aricayparinacota\/#\/schema\/person\/cb8349c13ea2d324080adf8480d7ba5d\",\"name\":\"webman\",\"image\":{\"@type\":\"ImageObject\",\"inLanguage\":\"es-CL\",\"@id\":\"https:\/\/dev.explora.cl\/aricayparinacota\/#\/schema\/person\/image\/\",\"url\":\"https:\/\/secure.gravatar.com\/avatar\/eeff3c82f2c02f7177d13663b7e6f890e9a6a0647ce9bb29cae02dcb094c7312?s=96&d=mm&r=g\",\"contentUrl\":\"https:\/\/secure.gravatar.com\/avatar\/eeff3c82f2c02f7177d13663b7e6f890e9a6a0647ce9bb29cae02dcb094c7312?s=96&d=mm&r=g\",\"caption\":\"webman\"},\"url\":\"https:\/\/dev.explora.cl\/aricayparinacota\/author\/webman\/\"}]}<\/script>\n<!-- \/ Yoast SEO plugin. -->","yoast_head_json":{"title":"El profesor de la ecuaci\u00f3n perfecta - Arica y Parinacota","robots":{"index":"index","follow":"follow","max-snippet":"max-snippet:-1","max-image-preview":"max-image-preview:large","max-video-preview":"max-video-preview:-1"},"canonical":"https:\/\/dev.explora.cl\/aricayparinacota\/el-profesor-de-la-ecuacion-perfecta\/","og_locale":"es_ES","og_type":"article","og_title":"El profesor de la ecuaci\u00f3n perfecta - Arica y Parinacota","og_description":"Omar Iriarte ya es marca registrada en el Proyecto Asociativo Regional Explora de Arica y Parinacota. Nadie olvidar\u00e1 el momento en que jugando al \u201cCachip\u00fan&nbsp;Tr\u00f3fico\u201d se convirti\u00f3 en medusa y no quiso involucionar al nivel de plancton. Despu\u00e9s de ese encuentro en que se inform\u00f3 a los profesores sobre el Congreso Regional de Ciencia y [&hellip;]","og_url":"https:\/\/dev.explora.cl\/aricayparinacota\/el-profesor-de-la-ecuacion-perfecta\/","og_site_name":"Arica y Parinacota","article_published_time":"2017-10-20T00:00:00+00:00","article_modified_time":"2019-05-09T21:03:51+00:00","og_image":[{"width":223,"height":147,"url":"https:\/\/dev.explora.cl\/aricayparinacota\/wp-content\/uploads\/sites\/2\/2018\/06\/Miniatura_Profesor_Ecuacion.jpg","type":"image\/jpeg"}],"author":"webman","twitter_card":"summary_large_image","twitter_misc":{"Escrito por":"webman","Tiempo estimado de lectura":"2 minutos"},"schema":{"@context":"https:\/\/schema.org","@graph":[{"@type":"Article","@id":"https:\/\/dev.explora.cl\/aricayparinacota\/el-profesor-de-la-ecuacion-perfecta\/#article","isPartOf":{"@id":"https:\/\/dev.explora.cl\/aricayparinacota\/el-profesor-de-la-ecuacion-perfecta\/"},"author":{"name":"webman","@id":"https:\/\/dev.explora.cl\/aricayparinacota\/#\/schema\/person\/cb8349c13ea2d324080adf8480d7ba5d"},"headline":"El profesor de la ecuaci\u00f3n perfecta","datePublished":"2017-10-20T00:00:00+00:00","dateModified":"2019-05-09T21:03:51+00:00","mainEntityOfPage":{"@id":"https:\/\/dev.explora.cl\/aricayparinacota\/el-profesor-de-la-ecuacion-perfecta\/"},"wordCount":495,"commentCount":0,"publisher":{"@id":"https:\/\/dev.explora.cl\/aricayparinacota\/#organization"},"image":{"@id":"https:\/\/dev.explora.cl\/aricayparinacota\/el-profesor-de-la-ecuacion-perfecta\/#primaryimage"},"thumbnailUrl":"https:\/\/dev.explora.cl\/aricayparinacota\/wp-content\/uploads\/sites\/2\/2018\/06\/Miniatura_Profesor_Ecuacion.jpg","articleSection":["Noticias"],"inLanguage":"es-CL","potentialAction":[{"@type":"CommentAction","name":"Comment","target":["https:\/\/dev.explora.cl\/aricayparinacota\/el-profesor-de-la-ecuacion-perfecta\/#respond"]}]},{"@type":"WebPage","@id":"https:\/\/dev.explora.cl\/aricayparinacota\/el-profesor-de-la-ecuacion-perfecta\/","url":"https:\/\/dev.explora.cl\/aricayparinacota\/el-profesor-de-la-ecuacion-perfecta\/","name":"El profesor de la ecuaci\u00f3n perfecta - Arica y Parinacota","isPartOf":{"@id":"https:\/\/dev.explora.cl\/aricayparinacota\/#website"},"primaryImageOfPage":{"@id":"https:\/\/dev.explora.cl\/aricayparinacota\/el-profesor-de-la-ecuacion-perfecta\/#primaryimage"},"image":{"@id":"https:\/\/dev.explora.cl\/aricayparinacota\/el-profesor-de-la-ecuacion-perfecta\/#primaryimage"},"thumbnailUrl":"https:\/\/dev.explora.cl\/aricayparinacota\/wp-content\/uploads\/sites\/2\/2018\/06\/Miniatura_Profesor_Ecuacion.jpg","datePublished":"2017-10-20T00:00:00+00:00","dateModified":"2019-05-09T21:03:51+00:00","breadcrumb":{"@id":"https:\/\/dev.explora.cl\/aricayparinacota\/el-profesor-de-la-ecuacion-perfecta\/#breadcrumb"},"inLanguage":"es-CL","potentialAction":[{"@type":"ReadAction","target":["https:\/\/dev.explora.cl\/aricayparinacota\/el-profesor-de-la-ecuacion-perfecta\/"]}]},{"@type":"ImageObject","inLanguage":"es-CL","@id":"https:\/\/dev.explora.cl\/aricayparinacota\/el-profesor-de-la-ecuacion-perfecta\/#primaryimage","url":"https:\/\/dev.explora.cl\/aricayparinacota\/wp-content\/uploads\/sites\/2\/2018\/06\/Miniatura_Profesor_Ecuacion.jpg","contentUrl":"https:\/\/dev.explora.cl\/aricayparinacota\/wp-content\/uploads\/sites\/2\/2018\/06\/Miniatura_Profesor_Ecuacion.jpg","width":223,"height":147},{"@type":"BreadcrumbList","@id":"https:\/\/dev.explora.cl\/aricayparinacota\/el-profesor-de-la-ecuacion-perfecta\/#breadcrumb","itemListElement":[{"@type":"ListItem","position":1,"name":"Portada","item":"https:\/\/dev.explora.cl\/aricayparinacota\/"},{"@type":"ListItem","position":2,"name":"El profesor de la ecuaci\u00f3n perfecta"}]},{"@type":"WebSite","@id":"https:\/\/dev.explora.cl\/aricayparinacota\/#website","url":"https:\/\/dev.explora.cl\/aricayparinacota\/","name":"Arica y Parinacota","description":"Otro sitio m\u00e1s de dev.explora.cl","publisher":{"@id":"https:\/\/dev.explora.cl\/aricayparinacota\/#organization"},"potentialAction":[{"@type":"SearchAction","target":{"@type":"EntryPoint","urlTemplate":"https:\/\/dev.explora.cl\/aricayparinacota\/?s={search_term_string}"},"query-input":{"@type":"PropertyValueSpecification","valueRequired":true,"valueName":"search_term_string"}}],"inLanguage":"es-CL"},{"@type":"Organization","@id":"https:\/\/dev.explora.cl\/aricayparinacota\/#organization","name":"Arica y Parinacota","url":"https:\/\/dev.explora.cl\/aricayparinacota\/","logo":{"@type":"ImageObject","inLanguage":"es-CL","@id":"https:\/\/dev.explora.cl\/aricayparinacota\/#\/schema\/logo\/image\/","url":"https:\/\/dev.explora.cl\/aricayparinacota\/wp-content\/uploads\/sites\/2\/2020\/08\/cropped-nuevosa-logos-11.png","contentUrl":"https:\/\/dev.explora.cl\/aricayparinacota\/wp-content\/uploads\/sites\/2\/2020\/08\/cropped-nuevosa-logos-11.png","width":812,"height":937,"caption":"Arica y Parinacota"},"image":{"@id":"https:\/\/dev.explora.cl\/aricayparinacota\/#\/schema\/logo\/image\/"}},{"@type":"Person","@id":"https:\/\/dev.explora.cl\/aricayparinacota\/#\/schema\/person\/cb8349c13ea2d324080adf8480d7ba5d","name":"webman","image":{"@type":"ImageObject","inLanguage":"es-CL","@id":"https:\/\/dev.explora.cl\/aricayparinacota\/#\/schema\/person\/image\/","url":"https:\/\/secure.gravatar.com\/avatar\/eeff3c82f2c02f7177d13663b7e6f890e9a6a0647ce9bb29cae02dcb094c7312?s=96&d=mm&r=g","contentUrl":"https:\/\/secure.gravatar.com\/avatar\/eeff3c82f2c02f7177d13663b7e6f890e9a6a0647ce9bb29cae02dcb094c7312?s=96&d=mm&r=g","caption":"webman"},"url":"https:\/\/dev.explora.cl\/aricayparinacota\/author\/webman\/"}]}},"_links":{"self":[{"href":"https:\/\/dev.explora.cl\/aricayparinacota\/wp-json\/wp\/v2\/posts\/32335","targetHints":{"allow":["GET"]}}],"collection":[{"href":"https:\/\/dev.explora.cl\/aricayparinacota\/wp-json\/wp\/v2\/posts"}],"about":[{"href":"https:\/\/dev.explora.cl\/aricayparinacota\/wp-json\/wp\/v2\/types\/post"}],"author":[{"embeddable":true,"href":"https:\/\/dev.explora.cl\/aricayparinacota\/wp-json\/wp\/v2\/users\/2"}],"replies":[{"embeddable":true,"href":"https:\/\/dev.explora.cl\/aricayparinacota\/wp-json\/wp\/v2\/comments?post=32335"}],"version-history":[{"count":1,"href":"https:\/\/dev.explora.cl\/aricayparinacota\/wp-json\/wp\/v2\/posts\/32335\/revisions"}],"predecessor-version":[{"id":32845,"href":"https:\/\/dev.explora.cl\/aricayparinacota\/wp-json\/wp\/v2\/posts\/32335\/revisions\/32845"}],"wp:featuredmedia":[{"embeddable":true,"href":"https:\/\/dev.explora.cl\/aricayparinacota\/wp-json\/wp\/v2\/media\/32336"}],"wp:attachment":[{"href":"https:\/\/dev.explora.cl\/aricayparinacota\/wp-json\/wp\/v2\/media?parent=32335"}],"wp:term":[{"taxonomy":"category","embeddable":true,"href":"https:\/\/dev.explora.cl\/aricayparinacota\/wp-json\/wp\/v2\/categories?post=32335"},{"taxonomy":"post_tag","embeddable":true,"href":"https:\/\/dev.explora.cl\/aricayparinacota\/wp-json\/wp\/v2\/tags?post=32335"}],"curies":[{"name":"wp","href":"https:\/\/api.w.org\/{rel}","templated":true}]}}