{"id":32332,"date":"2017-10-17T00:00:00","date_gmt":"2017-10-17T00:00:00","guid":{"rendered":"https:\/\/dev.explora.cl\/aricayparinacota\/blog\/2017\/10\/17\/y-como-evaluamos-el-congreso\/"},"modified":"2019-05-09T21:04:10","modified_gmt":"2019-05-09T21:04:10","slug":"y-como-evaluamos-el-congreso","status":"publish","type":"post","link":"https:\/\/dev.explora.cl\/aricayparinacota\/y-como-evaluamos-el-congreso\/","title":{"rendered":"\u00bfY c\u00f3mo evaluamos el Congreso?"},"content":{"rendered":"<p><b>Distintas miradas a un mismo tema<\/b><\/p>\n<p>&nbsp;<\/p>\n<p><em>Estudiantes, profesores, apoderados, investigadores, evaluadores y organizadores opinan sobre el desarrollo del Congreso Regional Escolar de Ciencia y Tecnolog\u00eda efectuado durante dos d\u00edas en la Universidad de Tarapac\u00e1 y el Hotel Arica.<\/em><\/p>\n<p>ESTUDIANTES<\/p>\n<p>&nbsp;<\/p>\n<p>Camila Breems, Colegio Andino: \u201cLa verdad es que la experiencia fue muy agradable, pude conocer a m\u00e1s ni\u00f1os de mi edad con los mismos intereses y aprender m\u00e1s de nuestro proyecto, que se basaba en las tortugas marinas, ha sido una bonita experiencia\u201d.<\/p>\n<p>&nbsp;<\/p>\n<p>Mat\u00edas Driscoll, Colegio Andino: \u201cS\u00faper linda la experiencia, enriquecedora, saber c\u00f3mo son los cient\u00edficos de verdad, que nos permitieron conocer en este congreso\u201d.<\/p>\n<p>&nbsp;<\/p>\n<p>APODERADA<\/p>\n<p>&nbsp;<\/p>\n<p>Lily P\u00e9rez, apoderada alumno Escuela Dar\u00edo Salas: \u201cEstoy muy feliz y orgullosa de mi hijo Niklaus, porque le gusta mucho estudiar y tiene habilidades en la lectura, siempre le digo eres un campe\u00f3n y vas a lograr lo que quieres, porque te veo interesado en las cosas que te gustan. Ahora qued\u00f3 seleccionado con este primer lugar en el Congreso y eso es lo m\u00e1ximo para la familia\u201d.<\/p>\n<p>PROFESORES<\/p>\n<p>&nbsp;<\/p>\n<p>Cristian Duarte, profesor Colegio Andino: \u201cMis alumnos bastante contentos, la experiencia significativa para ellos, queremos seguir participando, pues est\u00e1n motivados y van a&nbsp; seguir en esto\u201d.<\/p>\n<p>&nbsp;<\/p>\n<p>Emma V\u00e1squez, profesora Escuela de Chujlluta: \u201cFue muy interesante que los ni\u00f1os vivan las experiencia de lo que significaba estar presente en el Congreso y mostrar el trabajo realizado en conjunto con los abuelos y familiares\u201d.<\/p>\n<p>&nbsp;<\/p>\n<p>Francisco Cort\u00e9s, profesor Liceo Antonio Varas de la Barra: \u201cFelicitar a la organizaci\u00f3n porque todo ha estado s\u00faper bien, hemos podido escuchar los proyectos en forma clara en la muestra. Todo estuvo bien organizado, le pondr\u00eda un siete a la organizaci\u00f3n de Explora. Estamos s\u00faper conformes con haber participado por primera vez y mostrado la idea que ten\u00edamos en este trabajo de un a\u00f1o, ha sido bastante satisfactorio as\u00ed que nos vamos con esa gran alegr\u00eda\u201d.<\/p>\n<p>&nbsp;<\/p>\n<p>AUTORIDADES<\/p>\n<p>&nbsp;<\/p>\n<p>Giullia Olivera, Seremi de Educaci\u00f3n: \u201cEste congreso es una gran fiesta porque todo nuestro imaginario y nuestra inteligencia se hacen presentes en cada una de las presentaciones, es una oportunidad de compartir el conocimiento al contar lo que est\u00e1n haciendo en su colegio, tambi\u00e9n est\u00e1n aprendiendo a aprender, por eso felicito a todos y cada uno de los establecimientos, a este gran ramillete que representa o que es la educaci\u00f3n regional\u201d.<\/p>\n<p>&nbsp;<\/p>\n<p>Edgar Estupi\u00f1\u00e1n, directivo Universidad de Tarapac\u00e1: \u201cSoy fans de este tipo de actividades y \u00e9ste es un espacio de encuentro para que los estudiantes aprendan y muestren lo que hacen y les interesa en t\u00e9rminos de ciencia y tecnolog\u00eda. Veo que est\u00e1n trabajando proyectos del mundo pl\u00e1stico y creo que m\u00e1s que ustedes nos ense\u00f1en, los adultos ternemos que aprender de ustedes para que cambiemos nuestra forma de ser, nuestra forma de contaminar y de&nbsp; actuar respecto al medio ambiente\u201d.<\/p>\n<p>&nbsp;<\/p>\n<p>ACAD\u00c9MICOS<\/p>\n<p>Pilar Mazuela, acad\u00e9mica evaluadora de la UTA: \u201cSiendo el a\u00f1o pasado un muy buen congreso, \u00e9ste ha sido magnifico, los ni\u00f1os se han superado en cuanto a las investigaciones, realmente se valora el esfuerzo que hacen sus profesores porque han presentado trabajos muy completos e interesantes. Felicitaciones al equipo Explora porque hacerlo en este lugar (Hotel Arica) es una manera de decirle a los ni\u00f1os c\u00f3mo nos importan y los estamos cuidando. Muy contenta porque han participado de al menos dos comunas rurales de Putre y General Lagos, sin duda, cada vez el congreso se ha ido superando\u201d.<\/p>\n<p>Horacio D\u00edaz, acad\u00e9mico evaluador de la UTA: \u201cA\u00f1o a a\u00f1o Explora va creciendo y tiene m\u00e1s participaci\u00f3n y tambi\u00e9n va mejorando lo que es la calidad de los trabajos. Este a\u00f1o hubo muchos proyectos ligados al tema regional, de energ\u00eda solar, donde hoy la regi\u00f3n tiene mucho que decir en esa \u00e1rea y es atractivo ver que desde los colegios de educaci\u00f3n b\u00e1sica y media son temas que se est\u00e1n tratando y los peque\u00f1os cient\u00edficos est\u00e1n buscando qu\u00e9 hacer. En oc\u00e9anos, patrimonio y biodiversidad, es muy reconfortante ver que es preocupaci\u00f3n de los estudiantes, lo que augura a largo y mediano plazo resultados muy buenos\u201d.<\/p>\n<p>EXPLORA<\/p>\n<p>M\u00f3nica Navarrete, directora PAR Explora: \u201cEste a\u00f1o consolida un gran trabajo de equipo, el esfuerzo de muchas horas y el anhelo de muchos profesores, de ver a sus estudiantes en instancias como \u00e9stas, participando cada vez mejor con trabajos mejor preparados y estudiantes m\u00e1s convencidos que \u00e9ste es un buen momento para conocer otros compa\u00f1eros y otras investigaciones. Lo que hace Explora con el Congreso Regional de estudiantes es mucho m\u00e1s que mostrar un trabajo; es la oportunidad para hacer amistades y ver que podemos crecer como personas y estudiantes. El hecho de que los compa\u00f1eros se alegren porque otros ganan significa que hay un sentimiento colectivo, algo que se ratifica como bueno y que no genera envidia. Para los investigadores, el factor de impacto y las publicaciones son importantes, pero tambi\u00e9n debe serlo el factor de impacto en la vida social. Cambiarle la vida a alguien, a un ni\u00f1o, a una madre, o a un padre mostrando que su hijo tiene un buen futuro y que es bueno que siga estudiando es tan gratificante como una publicaci\u00f3n. Incluso m\u00e1s\u201d.<\/p>\n<p>Claudio Fuentes, encargado del Congreso: \u201cCreo que m\u00e1s que los ganadores que son nuestros representantes de un evento, es un proceso de investigaci\u00f3n que sigue, son profesores que van a continuar en este camino y en realidad todos los que llegan a esta instancia son ganadores para nosotros como programa. Lo importante son estos espacios donde los chicos puedan compartir en torno a la ciencia y tecnolog\u00eda, hubo que elegir por base a tres representantes y sabemos que lo van a hacer s\u00faper bien como regi\u00f3n. Justamente las investigaciones tienen mucha relaci\u00f3n de lo que somos como regi\u00f3n. El proceso se realiza durante todo el a\u00f1o y es emocionante trabajar pensando como esto puede cambiar vidas de ni\u00f1os, esta instancia m\u00e1s que generar futuros cient\u00edficos es que ellos puedan desarrollar habilidades que les puedan servir siempre\u201d.<\/p>\n<p>&nbsp;<\/p>\n<p><img loading=\"lazy\" decoding=\"async\" class=\" size-full wp-image-28427\" src=\"https:\/\/dev.explora.cl\/wp-content\/uploads\/2017\/10\/Collage_Distintas_Miradas.jpg\" alt=\"Collage Distintas Miradas\" width=\"900\" height=\"400\" \/><\/p>\n","protected":false},"excerpt":{"rendered":"<p>Distintas miradas a un mismo tema &nbsp; Estudiantes, profesores, apoderados, investigadores, evaluadores y organizadores opinan sobre el desarrollo del Congreso Regional Escolar de Ciencia y Tecnolog\u00eda efectuado durante dos d\u00edas en la Universidad de Tarapac\u00e1 y el Hotel Arica. ESTUDIANTES &nbsp; Camila Breems, Colegio Andino: \u201cLa verdad es que la experiencia fue muy agradable, pude [&hellip;]<\/p>\n","protected":false},"author":2,"featured_media":32333,"comment_status":"open","ping_status":"open","sticky":false,"template":"","format":"standard","meta":{"_acf_changed":false,"_exactmetrics_skip_tracking":false,"_exactmetrics_sitenote_active":false,"_exactmetrics_sitenote_note":"","_exactmetrics_sitenote_category":0,"footnotes":"","_links_to":"","_links_to_target":""},"categories":[4],"tags":[],"class_list":["post-32332","post","type-post","status-publish","format-standard","has-post-thumbnail","hentry","category-noticias"],"acf":[],"yoast_head":"<!-- This site is optimized with the Yoast SEO plugin v26.7 - https:\/\/yoast.com\/wordpress\/plugins\/seo\/ -->\n<title>\u00bfY c\u00f3mo evaluamos el Congreso? - Arica y Parinacota<\/title>\n<meta name=\"robots\" content=\"index, follow, max-snippet:-1, max-image-preview:large, max-video-preview:-1\" \/>\n<link rel=\"canonical\" href=\"https:\/\/dev.explora.cl\/aricayparinacota\/y-como-evaluamos-el-congreso\/\" class=\"yoast-seo-meta-tag\" \/>\n<meta property=\"og:locale\" content=\"es_ES\" class=\"yoast-seo-meta-tag\" \/>\n<meta property=\"og:type\" content=\"article\" class=\"yoast-seo-meta-tag\" \/>\n<meta property=\"og:title\" content=\"\u00bfY c\u00f3mo evaluamos el Congreso? - Arica y Parinacota\" class=\"yoast-seo-meta-tag\" \/>\n<meta property=\"og:description\" content=\"Distintas miradas a un mismo tema &nbsp; Estudiantes, profesores, apoderados, investigadores, evaluadores y organizadores opinan sobre el desarrollo del Congreso Regional Escolar de Ciencia y Tecnolog\u00eda efectuado durante dos d\u00edas en la Universidad de Tarapac\u00e1 y el Hotel Arica. ESTUDIANTES &nbsp; Camila Breems, Colegio Andino: \u201cLa verdad es que la experiencia fue muy agradable, pude [&hellip;]\" class=\"yoast-seo-meta-tag\" \/>\n<meta property=\"og:url\" content=\"https:\/\/dev.explora.cl\/aricayparinacota\/y-como-evaluamos-el-congreso\/\" class=\"yoast-seo-meta-tag\" \/>\n<meta property=\"og:site_name\" content=\"Arica y Parinacota\" class=\"yoast-seo-meta-tag\" \/>\n<meta property=\"article:published_time\" content=\"2017-10-17T00:00:00+00:00\" class=\"yoast-seo-meta-tag\" \/>\n<meta property=\"article:modified_time\" content=\"2019-05-09T21:04:10+00:00\" class=\"yoast-seo-meta-tag\" \/>\n<meta property=\"og:image\" content=\"https:\/\/dev.explora.cl\/aricayparinacota\/wp-content\/uploads\/sites\/2\/2018\/06\/Miniatura_Distintas_Miradas.jpg\" class=\"yoast-seo-meta-tag\" \/>\n\t<meta property=\"og:image:width\" content=\"223\" class=\"yoast-seo-meta-tag\" \/>\n\t<meta property=\"og:image:height\" content=\"147\" class=\"yoast-seo-meta-tag\" \/>\n\t<meta property=\"og:image:type\" content=\"image\/jpeg\" class=\"yoast-seo-meta-tag\" \/>\n<meta name=\"author\" content=\"webman\" class=\"yoast-seo-meta-tag\" \/>\n<meta name=\"twitter:card\" content=\"summary_large_image\" class=\"yoast-seo-meta-tag\" \/>\n<meta name=\"twitter:label1\" content=\"Escrito por\" class=\"yoast-seo-meta-tag\" \/>\n\t<meta name=\"twitter:data1\" content=\"webman\" class=\"yoast-seo-meta-tag\" \/>\n\t<meta name=\"twitter:label2\" content=\"Tiempo estimado de lectura\" class=\"yoast-seo-meta-tag\" \/>\n\t<meta name=\"twitter:data2\" content=\"5 minutos\" class=\"yoast-seo-meta-tag\" \/>\n<script type=\"application\/ld+json\" class=\"yoast-schema-graph\">{\"@context\":\"https:\/\/schema.org\",\"@graph\":[{\"@type\":\"Article\",\"@id\":\"https:\/\/dev.explora.cl\/aricayparinacota\/y-como-evaluamos-el-congreso\/#article\",\"isPartOf\":{\"@id\":\"https:\/\/dev.explora.cl\/aricayparinacota\/y-como-evaluamos-el-congreso\/\"},\"author\":{\"name\":\"webman\",\"@id\":\"https:\/\/dev.explora.cl\/aricayparinacota\/#\/schema\/person\/cb8349c13ea2d324080adf8480d7ba5d\"},\"headline\":\"\u00bfY c\u00f3mo evaluamos el Congreso?\",\"datePublished\":\"2017-10-17T00:00:00+00:00\",\"dateModified\":\"2019-05-09T21:04:10+00:00\",\"mainEntityOfPage\":{\"@id\":\"https:\/\/dev.explora.cl\/aricayparinacota\/y-como-evaluamos-el-congreso\/\"},\"wordCount\":1089,\"commentCount\":0,\"publisher\":{\"@id\":\"https:\/\/dev.explora.cl\/aricayparinacota\/#organization\"},\"image\":{\"@id\":\"https:\/\/dev.explora.cl\/aricayparinacota\/y-como-evaluamos-el-congreso\/#primaryimage\"},\"thumbnailUrl\":\"https:\/\/dev.explora.cl\/aricayparinacota\/wp-content\/uploads\/sites\/2\/2018\/06\/Miniatura_Distintas_Miradas.jpg\",\"articleSection\":[\"Noticias\"],\"inLanguage\":\"es-CL\",\"potentialAction\":[{\"@type\":\"CommentAction\",\"name\":\"Comment\",\"target\":[\"https:\/\/dev.explora.cl\/aricayparinacota\/y-como-evaluamos-el-congreso\/#respond\"]}]},{\"@type\":\"WebPage\",\"@id\":\"https:\/\/dev.explora.cl\/aricayparinacota\/y-como-evaluamos-el-congreso\/\",\"url\":\"https:\/\/dev.explora.cl\/aricayparinacota\/y-como-evaluamos-el-congreso\/\",\"name\":\"\u00bfY c\u00f3mo evaluamos el Congreso? - Arica y Parinacota\",\"isPartOf\":{\"@id\":\"https:\/\/dev.explora.cl\/aricayparinacota\/#website\"},\"primaryImageOfPage\":{\"@id\":\"https:\/\/dev.explora.cl\/aricayparinacota\/y-como-evaluamos-el-congreso\/#primaryimage\"},\"image\":{\"@id\":\"https:\/\/dev.explora.cl\/aricayparinacota\/y-como-evaluamos-el-congreso\/#primaryimage\"},\"thumbnailUrl\":\"https:\/\/dev.explora.cl\/aricayparinacota\/wp-content\/uploads\/sites\/2\/2018\/06\/Miniatura_Distintas_Miradas.jpg\",\"datePublished\":\"2017-10-17T00:00:00+00:00\",\"dateModified\":\"2019-05-09T21:04:10+00:00\",\"breadcrumb\":{\"@id\":\"https:\/\/dev.explora.cl\/aricayparinacota\/y-como-evaluamos-el-congreso\/#breadcrumb\"},\"inLanguage\":\"es-CL\",\"potentialAction\":[{\"@type\":\"ReadAction\",\"target\":[\"https:\/\/dev.explora.cl\/aricayparinacota\/y-como-evaluamos-el-congreso\/\"]}]},{\"@type\":\"ImageObject\",\"inLanguage\":\"es-CL\",\"@id\":\"https:\/\/dev.explora.cl\/aricayparinacota\/y-como-evaluamos-el-congreso\/#primaryimage\",\"url\":\"https:\/\/dev.explora.cl\/aricayparinacota\/wp-content\/uploads\/sites\/2\/2018\/06\/Miniatura_Distintas_Miradas.jpg\",\"contentUrl\":\"https:\/\/dev.explora.cl\/aricayparinacota\/wp-content\/uploads\/sites\/2\/2018\/06\/Miniatura_Distintas_Miradas.jpg\",\"width\":223,\"height\":147},{\"@type\":\"BreadcrumbList\",\"@id\":\"https:\/\/dev.explora.cl\/aricayparinacota\/y-como-evaluamos-el-congreso\/#breadcrumb\",\"itemListElement\":[{\"@type\":\"ListItem\",\"position\":1,\"name\":\"Portada\",\"item\":\"https:\/\/dev.explora.cl\/aricayparinacota\/\"},{\"@type\":\"ListItem\",\"position\":2,\"name\":\"\u00bfY c\u00f3mo evaluamos el Congreso?\"}]},{\"@type\":\"WebSite\",\"@id\":\"https:\/\/dev.explora.cl\/aricayparinacota\/#website\",\"url\":\"https:\/\/dev.explora.cl\/aricayparinacota\/\",\"name\":\"Arica y Parinacota\",\"description\":\"Otro sitio m\u00e1s de dev.explora.cl\",\"publisher\":{\"@id\":\"https:\/\/dev.explora.cl\/aricayparinacota\/#organization\"},\"potentialAction\":[{\"@type\":\"SearchAction\",\"target\":{\"@type\":\"EntryPoint\",\"urlTemplate\":\"https:\/\/dev.explora.cl\/aricayparinacota\/?s={search_term_string}\"},\"query-input\":{\"@type\":\"PropertyValueSpecification\",\"valueRequired\":true,\"valueName\":\"search_term_string\"}}],\"inLanguage\":\"es-CL\"},{\"@type\":\"Organization\",\"@id\":\"https:\/\/dev.explora.cl\/aricayparinacota\/#organization\",\"name\":\"Arica y Parinacota\",\"url\":\"https:\/\/dev.explora.cl\/aricayparinacota\/\",\"logo\":{\"@type\":\"ImageObject\",\"inLanguage\":\"es-CL\",\"@id\":\"https:\/\/dev.explora.cl\/aricayparinacota\/#\/schema\/logo\/image\/\",\"url\":\"https:\/\/dev.explora.cl\/aricayparinacota\/wp-content\/uploads\/sites\/2\/2020\/08\/cropped-nuevosa-logos-11.png\",\"contentUrl\":\"https:\/\/dev.explora.cl\/aricayparinacota\/wp-content\/uploads\/sites\/2\/2020\/08\/cropped-nuevosa-logos-11.png\",\"width\":812,\"height\":937,\"caption\":\"Arica y Parinacota\"},\"image\":{\"@id\":\"https:\/\/dev.explora.cl\/aricayparinacota\/#\/schema\/logo\/image\/\"}},{\"@type\":\"Person\",\"@id\":\"https:\/\/dev.explora.cl\/aricayparinacota\/#\/schema\/person\/cb8349c13ea2d324080adf8480d7ba5d\",\"name\":\"webman\",\"image\":{\"@type\":\"ImageObject\",\"inLanguage\":\"es-CL\",\"@id\":\"https:\/\/dev.explora.cl\/aricayparinacota\/#\/schema\/person\/image\/\",\"url\":\"https:\/\/secure.gravatar.com\/avatar\/eeff3c82f2c02f7177d13663b7e6f890e9a6a0647ce9bb29cae02dcb094c7312?s=96&d=mm&r=g\",\"contentUrl\":\"https:\/\/secure.gravatar.com\/avatar\/eeff3c82f2c02f7177d13663b7e6f890e9a6a0647ce9bb29cae02dcb094c7312?s=96&d=mm&r=g\",\"caption\":\"webman\"},\"url\":\"https:\/\/dev.explora.cl\/aricayparinacota\/author\/webman\/\"}]}<\/script>\n<!-- \/ Yoast SEO plugin. -->","yoast_head_json":{"title":"\u00bfY c\u00f3mo evaluamos el Congreso? - Arica y Parinacota","robots":{"index":"index","follow":"follow","max-snippet":"max-snippet:-1","max-image-preview":"max-image-preview:large","max-video-preview":"max-video-preview:-1"},"canonical":"https:\/\/dev.explora.cl\/aricayparinacota\/y-como-evaluamos-el-congreso\/","og_locale":"es_ES","og_type":"article","og_title":"\u00bfY c\u00f3mo evaluamos el Congreso? - Arica y Parinacota","og_description":"Distintas miradas a un mismo tema &nbsp; Estudiantes, profesores, apoderados, investigadores, evaluadores y organizadores opinan sobre el desarrollo del Congreso Regional Escolar de Ciencia y Tecnolog\u00eda efectuado durante dos d\u00edas en la Universidad de Tarapac\u00e1 y el Hotel Arica. ESTUDIANTES &nbsp; Camila Breems, Colegio Andino: \u201cLa verdad es que la experiencia fue muy agradable, pude [&hellip;]","og_url":"https:\/\/dev.explora.cl\/aricayparinacota\/y-como-evaluamos-el-congreso\/","og_site_name":"Arica y Parinacota","article_published_time":"2017-10-17T00:00:00+00:00","article_modified_time":"2019-05-09T21:04:10+00:00","og_image":[{"width":223,"height":147,"url":"https:\/\/dev.explora.cl\/aricayparinacota\/wp-content\/uploads\/sites\/2\/2018\/06\/Miniatura_Distintas_Miradas.jpg","type":"image\/jpeg"}],"author":"webman","twitter_card":"summary_large_image","twitter_misc":{"Escrito por":"webman","Tiempo estimado de lectura":"5 minutos"},"schema":{"@context":"https:\/\/schema.org","@graph":[{"@type":"Article","@id":"https:\/\/dev.explora.cl\/aricayparinacota\/y-como-evaluamos-el-congreso\/#article","isPartOf":{"@id":"https:\/\/dev.explora.cl\/aricayparinacota\/y-como-evaluamos-el-congreso\/"},"author":{"name":"webman","@id":"https:\/\/dev.explora.cl\/aricayparinacota\/#\/schema\/person\/cb8349c13ea2d324080adf8480d7ba5d"},"headline":"\u00bfY c\u00f3mo evaluamos el Congreso?","datePublished":"2017-10-17T00:00:00+00:00","dateModified":"2019-05-09T21:04:10+00:00","mainEntityOfPage":{"@id":"https:\/\/dev.explora.cl\/aricayparinacota\/y-como-evaluamos-el-congreso\/"},"wordCount":1089,"commentCount":0,"publisher":{"@id":"https:\/\/dev.explora.cl\/aricayparinacota\/#organization"},"image":{"@id":"https:\/\/dev.explora.cl\/aricayparinacota\/y-como-evaluamos-el-congreso\/#primaryimage"},"thumbnailUrl":"https:\/\/dev.explora.cl\/aricayparinacota\/wp-content\/uploads\/sites\/2\/2018\/06\/Miniatura_Distintas_Miradas.jpg","articleSection":["Noticias"],"inLanguage":"es-CL","potentialAction":[{"@type":"CommentAction","name":"Comment","target":["https:\/\/dev.explora.cl\/aricayparinacota\/y-como-evaluamos-el-congreso\/#respond"]}]},{"@type":"WebPage","@id":"https:\/\/dev.explora.cl\/aricayparinacota\/y-como-evaluamos-el-congreso\/","url":"https:\/\/dev.explora.cl\/aricayparinacota\/y-como-evaluamos-el-congreso\/","name":"\u00bfY c\u00f3mo evaluamos el Congreso? - Arica y Parinacota","isPartOf":{"@id":"https:\/\/dev.explora.cl\/aricayparinacota\/#website"},"primaryImageOfPage":{"@id":"https:\/\/dev.explora.cl\/aricayparinacota\/y-como-evaluamos-el-congreso\/#primaryimage"},"image":{"@id":"https:\/\/dev.explora.cl\/aricayparinacota\/y-como-evaluamos-el-congreso\/#primaryimage"},"thumbnailUrl":"https:\/\/dev.explora.cl\/aricayparinacota\/wp-content\/uploads\/sites\/2\/2018\/06\/Miniatura_Distintas_Miradas.jpg","datePublished":"2017-10-17T00:00:00+00:00","dateModified":"2019-05-09T21:04:10+00:00","breadcrumb":{"@id":"https:\/\/dev.explora.cl\/aricayparinacota\/y-como-evaluamos-el-congreso\/#breadcrumb"},"inLanguage":"es-CL","potentialAction":[{"@type":"ReadAction","target":["https:\/\/dev.explora.cl\/aricayparinacota\/y-como-evaluamos-el-congreso\/"]}]},{"@type":"ImageObject","inLanguage":"es-CL","@id":"https:\/\/dev.explora.cl\/aricayparinacota\/y-como-evaluamos-el-congreso\/#primaryimage","url":"https:\/\/dev.explora.cl\/aricayparinacota\/wp-content\/uploads\/sites\/2\/2018\/06\/Miniatura_Distintas_Miradas.jpg","contentUrl":"https:\/\/dev.explora.cl\/aricayparinacota\/wp-content\/uploads\/sites\/2\/2018\/06\/Miniatura_Distintas_Miradas.jpg","width":223,"height":147},{"@type":"BreadcrumbList","@id":"https:\/\/dev.explora.cl\/aricayparinacota\/y-como-evaluamos-el-congreso\/#breadcrumb","itemListElement":[{"@type":"ListItem","position":1,"name":"Portada","item":"https:\/\/dev.explora.cl\/aricayparinacota\/"},{"@type":"ListItem","position":2,"name":"\u00bfY c\u00f3mo evaluamos el Congreso?"}]},{"@type":"WebSite","@id":"https:\/\/dev.explora.cl\/aricayparinacota\/#website","url":"https:\/\/dev.explora.cl\/aricayparinacota\/","name":"Arica y Parinacota","description":"Otro sitio m\u00e1s de dev.explora.cl","publisher":{"@id":"https:\/\/dev.explora.cl\/aricayparinacota\/#organization"},"potentialAction":[{"@type":"SearchAction","target":{"@type":"EntryPoint","urlTemplate":"https:\/\/dev.explora.cl\/aricayparinacota\/?s={search_term_string}"},"query-input":{"@type":"PropertyValueSpecification","valueRequired":true,"valueName":"search_term_string"}}],"inLanguage":"es-CL"},{"@type":"Organization","@id":"https:\/\/dev.explora.cl\/aricayparinacota\/#organization","name":"Arica y Parinacota","url":"https:\/\/dev.explora.cl\/aricayparinacota\/","logo":{"@type":"ImageObject","inLanguage":"es-CL","@id":"https:\/\/dev.explora.cl\/aricayparinacota\/#\/schema\/logo\/image\/","url":"https:\/\/dev.explora.cl\/aricayparinacota\/wp-content\/uploads\/sites\/2\/2020\/08\/cropped-nuevosa-logos-11.png","contentUrl":"https:\/\/dev.explora.cl\/aricayparinacota\/wp-content\/uploads\/sites\/2\/2020\/08\/cropped-nuevosa-logos-11.png","width":812,"height":937,"caption":"Arica y Parinacota"},"image":{"@id":"https:\/\/dev.explora.cl\/aricayparinacota\/#\/schema\/logo\/image\/"}},{"@type":"Person","@id":"https:\/\/dev.explora.cl\/aricayparinacota\/#\/schema\/person\/cb8349c13ea2d324080adf8480d7ba5d","name":"webman","image":{"@type":"ImageObject","inLanguage":"es-CL","@id":"https:\/\/dev.explora.cl\/aricayparinacota\/#\/schema\/person\/image\/","url":"https:\/\/secure.gravatar.com\/avatar\/eeff3c82f2c02f7177d13663b7e6f890e9a6a0647ce9bb29cae02dcb094c7312?s=96&d=mm&r=g","contentUrl":"https:\/\/secure.gravatar.com\/avatar\/eeff3c82f2c02f7177d13663b7e6f890e9a6a0647ce9bb29cae02dcb094c7312?s=96&d=mm&r=g","caption":"webman"},"url":"https:\/\/dev.explora.cl\/aricayparinacota\/author\/webman\/"}]}},"_links":{"self":[{"href":"https:\/\/dev.explora.cl\/aricayparinacota\/wp-json\/wp\/v2\/posts\/32332","targetHints":{"allow":["GET"]}}],"collection":[{"href":"https:\/\/dev.explora.cl\/aricayparinacota\/wp-json\/wp\/v2\/posts"}],"about":[{"href":"https:\/\/dev.explora.cl\/aricayparinacota\/wp-json\/wp\/v2\/types\/post"}],"author":[{"embeddable":true,"href":"https:\/\/dev.explora.cl\/aricayparinacota\/wp-json\/wp\/v2\/users\/2"}],"replies":[{"embeddable":true,"href":"https:\/\/dev.explora.cl\/aricayparinacota\/wp-json\/wp\/v2\/comments?post=32332"}],"version-history":[{"count":1,"href":"https:\/\/dev.explora.cl\/aricayparinacota\/wp-json\/wp\/v2\/posts\/32332\/revisions"}],"predecessor-version":[{"id":32847,"href":"https:\/\/dev.explora.cl\/aricayparinacota\/wp-json\/wp\/v2\/posts\/32332\/revisions\/32847"}],"wp:featuredmedia":[{"embeddable":true,"href":"https:\/\/dev.explora.cl\/aricayparinacota\/wp-json\/wp\/v2\/media\/32333"}],"wp:attachment":[{"href":"https:\/\/dev.explora.cl\/aricayparinacota\/wp-json\/wp\/v2\/media?parent=32332"}],"wp:term":[{"taxonomy":"category","embeddable":true,"href":"https:\/\/dev.explora.cl\/aricayparinacota\/wp-json\/wp\/v2\/categories?post=32332"},{"taxonomy":"post_tag","embeddable":true,"href":"https:\/\/dev.explora.cl\/aricayparinacota\/wp-json\/wp\/v2\/tags?post=32332"}],"curies":[{"name":"wp","href":"https:\/\/api.w.org\/{rel}","templated":true}]}}