{"id":32329,"date":"2017-10-13T00:00:00","date_gmt":"2017-10-13T00:00:00","guid":{"rendered":"https:\/\/dev.explora.cl\/aricayparinacota\/blog\/2017\/10\/13\/tres-proyectos-regionales-participaran-en-congreso-nacional\/"},"modified":"2019-05-09T21:04:28","modified_gmt":"2019-05-09T21:04:28","slug":"tres-proyectos-regionales-participaran-en-congreso-nacional","status":"publish","type":"post","link":"https:\/\/dev.explora.cl\/aricayparinacota\/tres-proyectos-regionales-participaran-en-congreso-nacional\/","title":{"rendered":"Tres proyectos regionales participar\u00e1n en Congreso Nacional"},"content":{"rendered":"<p><strong>Y los ganadores son\u2026<\/strong><\/p>\n<p><em>Despu\u00e9s de una ardua deliberaci\u00f3n fueron elegidos los tres proyectos ganadores en el Congreso Regional Escolar de Ciencia y Tecnolog\u00eda, del Proyecto Asociativo Regional Explora de la Universidad de Tarapac\u00e1.<\/em><\/p>\n<p>Decir que fueron dos d\u00edas intensos es no hacer justicia con todo el tiempo previo, que incluy\u00f3 meses de dedicaci\u00f3n de estudiantes, profesores, asesores, colegio y familias involucrados en la preparaci\u00f3n de los proyectos escolares, presentados en el Congreso Regional Escolar de Ciencia y Tecnolog\u00eda.<\/p>\n<p>&nbsp;<\/p>\n<p>La emoci\u00f3n fue indescriptible y podr\u00edamos usar todos los sin\u00f3nimos para explicitar&nbsp; los momentos felices de quienes obtuvieron los tres cupos para representar a la Regi\u00f3n de Arica y Parinacota en el Congreso Nacional de Explora CONICYT, a realizarse en Arica el 28 y 30 de noviembre pr\u00f3ximos.<\/p>\n<p>&nbsp;<\/p>\n<p><strong>MOSCA GANADORA<\/strong><\/p>\n<p>&nbsp;<\/p>\n<p>\u00bfQui\u00e9n iba a creer que la famosa mosquita blanca del valle de Azapa iba a dar el triunfo a los estudiantes que la han analizado con lupa? Efectivamente el tema \u201cControl de la mosca blanca en \u00e1rboles de Ficus de la Escuela Dar\u00edo Salas D\u00edaz de Arica\u201d, fue el proyecto ganador en la categor\u00eda de Ciencias Naturales a nivel de educaci\u00f3n b\u00e1sica.<\/p>\n<p>&nbsp;<\/p>\n<p>El profesor Carlos Rodr\u00edguez y los dos alumnos expositores, Evelyn Condori y Niklaus Mej\u00eda, representantes de los 20 estudiantes que trabajaron en la investigaci\u00f3n, recibieron la copa y los diplomas respectivos por este merecido lugar.<\/p>\n<p>&nbsp;<\/p>\n<p>\u201cEstamos muy felices, ya que contamos con el apoyo de toda la escuela, la verdad no esper\u00e1bamos este premio, aunque sab\u00edamos que hab\u00edamos hecho un buen trabajo, pues estamos desde marzo con esta investigaci\u00f3n junto a la monitora y cient\u00edficos. Agradecemos a Explora por generar estos espacios donde podamos divulgar la ciencia y estamos muy orgullosos de nuestros estudiantes, los que a\u00fan creo no dimensionan este reconocimiento\u201d, se\u00f1al\u00f3 el profesor Carlos Rodr\u00edguez.<\/p>\n<p>&nbsp;<\/p>\n<p>\u201cFue una maravilla, no me lo esperaba, estoy sin palabras, no s\u00e9 qu\u00e9 decir\u201d, indic\u00f3 la estudiante Evelyn Condori, mientras que Niklaus Mejia dijo: \u201cHa significado mucho ganar porque siempre me han apoyado los profesores, mi mam\u00e1 y mi familia, nunca pude creer esto\u201d.<\/p>\n<p>&nbsp;<\/p>\n<p><strong>PLANTA SOLAR<\/strong><\/p>\n<p><strong>&nbsp;<\/strong><\/p>\n<p>Y en una zona de sol casi eterno,&nbsp;el \u201cPrototipo de planta solar m\u00f3vil con sistema de optimizaci\u00f3n en su uso y mantenci\u00f3n\u201d, fue el proyecto del Liceo Antonio Varas de la Barra, elegido como ganador en la categor\u00eda de Ingenier\u00eda y Tecnolog\u00eda en educaci\u00f3n media, liderado por el autobautizado como \u201cProfesor Explora\u201d, Francisco Cort\u00e9s, que por primera vez participa en el Congreso Regional.<\/p>\n<p>&nbsp;<\/p>\n<p>El profesor junto a 13 estudiantes realizaron esta investigaci\u00f3n, de los cuales dos defendieron las ideas que por mucho tiempo debatieron y desarrollaron. A la hora de saberse ganadores, Francisco Cort\u00e9s manifest\u00f3: \u201cFelicidad m\u00e1xima, muy alegres por el resultado, principalmente por el desempe\u00f1o de los ni\u00f1os que en todo momento representaron al equipo detr\u00e1s, a los colegas que apoyaron este proyecto que dur\u00f3 siete meses e involucr\u00f3 a toda la comunidad educativa. Esto demuestra que el equipo funciona, trae buenos resultados y lo principal que los chicos se entusiasmen con la ciencia y cambiar este mundo para que sea mejor\u201d.<\/p>\n<p>&nbsp;<\/p>\n<p>\u201cEstuvimos prepar\u00e1ndonos para la presentaci\u00f3n y en la defensa est\u00e1bamos muy nerviosos, ahora estoy muy alegre\u201d, indic\u00f3 Christian Caneo, expositor, mientras que su compa\u00f1ero, Juan Salvatierra, dijo: \u201cEmocionad\u00edsimo, ganamos el cupo al nacional, es s\u00faper importante, es primera vez que entro a este tipo de eventos en mi vida y fue dif\u00edcil, era complicado y est\u00e1bamos s\u00faper nerviosos, ahora a seguir estudiando para el nacional\u201d.<\/p>\n<p>&nbsp;<\/p>\n<p><strong>HONGO PRECORDILLERANO<\/strong><\/p>\n<p>&nbsp;<\/p>\n<p>\u201cCaracterizaci\u00f3n morfol\u00f3gica y gen\u00e9tica del hongo Fitopat\u00f3geno de Dalea pennellii var chilensis\u201d, es el t\u00edtulo de la investigaci\u00f3n ganadora a nivel de educaci\u00f3n media, relacionado con el estudio de un hongo que afecta a una especie de planta end\u00e9mica de la precordillera. El trabajo fue desarrollado por 16 estudiantes del &nbsp;Liceo Domingo Santa Mar\u00eda, supervisado por la profesora Ana Mar\u00eda Olivares, que al ganar el primer lugar se\u00f1al\u00f3: \u201cSiento una gran emoci\u00f3n y alegr\u00eda por el esfuerzo realizado, esper\u00e1bamos ganar, pero no est\u00e1bamos seguros porque la competencia era fuerte y hab\u00eda muy buenos trabajos\u201d.<\/p>\n<p>&nbsp;<\/p>\n<p>Para Felipe Tarbes, alumno expositor, dijo: \u201cPor m\u00e1s que nos esforzamos no esper\u00e1bamos ganar el premio y ahora vamos a dar el doble\u201d. Su compa\u00f1ero, Basti\u00e1n Riquelme, representante de los 14 compa\u00f1eros que trabajaron en este tema, indic\u00f3: \u201cFeliz! Fue un trabajo muy gratificante con mi compa\u00f1ero, profesora, profesor asesor y monitora. Un trabajo completo, sacrificamos carretes, tareas que hicimos a \u00faltima hora y temas personales que dejamos pendientes\u201d.<\/p>\n<p>&nbsp;<\/p>\n<p>A poco m\u00e1s de un mes del Congreso Nacional, los representantes de los proyectos ganadores de la regi\u00f3n, saben que tienen la responsabilidad de prepararse a\u00fan m\u00e1s para defender los temas que los apasionan. La ciencia se tom\u00f3 octubre y noviembre.<\/p>\n<p><img loading=\"lazy\" decoding=\"async\" class=\" size-full wp-image-28365\" src=\"https:\/\/dev.explora.cl\/wp-content\/uploads\/2017\/10\/Collage_Proyectos_CRECyT.jpg\" alt=\"Collage Proyectos CRECyT\" width=\"900\" height=\"400\" \/><\/p>\n","protected":false},"excerpt":{"rendered":"<p>Y los ganadores son\u2026 Despu\u00e9s de una ardua deliberaci\u00f3n fueron elegidos los tres proyectos ganadores en el Congreso Regional Escolar de Ciencia y Tecnolog\u00eda, del Proyecto Asociativo Regional Explora de la Universidad de Tarapac\u00e1. Decir que fueron dos d\u00edas intensos es no hacer justicia con todo el tiempo previo, que incluy\u00f3 meses de dedicaci\u00f3n de [&hellip;]<\/p>\n","protected":false},"author":2,"featured_media":32330,"comment_status":"open","ping_status":"open","sticky":false,"template":"","format":"standard","meta":{"_acf_changed":false,"_exactmetrics_skip_tracking":false,"_exactmetrics_sitenote_active":false,"_exactmetrics_sitenote_note":"","_exactmetrics_sitenote_category":0,"footnotes":"","_links_to":"","_links_to_target":""},"categories":[4],"tags":[],"class_list":["post-32329","post","type-post","status-publish","format-standard","has-post-thumbnail","hentry","category-noticias"],"acf":[],"yoast_head":"<!-- This site is optimized with the Yoast SEO plugin v26.7 - https:\/\/yoast.com\/wordpress\/plugins\/seo\/ -->\n<title>Tres proyectos regionales participar\u00e1n en Congreso Nacional - Arica y Parinacota<\/title>\n<meta name=\"robots\" content=\"index, follow, max-snippet:-1, max-image-preview:large, max-video-preview:-1\" \/>\n<link rel=\"canonical\" href=\"https:\/\/dev.explora.cl\/aricayparinacota\/tres-proyectos-regionales-participaran-en-congreso-nacional\/\" class=\"yoast-seo-meta-tag\" \/>\n<meta property=\"og:locale\" content=\"es_ES\" class=\"yoast-seo-meta-tag\" \/>\n<meta property=\"og:type\" content=\"article\" class=\"yoast-seo-meta-tag\" \/>\n<meta property=\"og:title\" content=\"Tres proyectos regionales participar\u00e1n en Congreso Nacional - Arica y Parinacota\" class=\"yoast-seo-meta-tag\" \/>\n<meta property=\"og:description\" content=\"Y los ganadores son\u2026 Despu\u00e9s de una ardua deliberaci\u00f3n fueron elegidos los tres proyectos ganadores en el Congreso Regional Escolar de Ciencia y Tecnolog\u00eda, del Proyecto Asociativo Regional Explora de la Universidad de Tarapac\u00e1. Decir que fueron dos d\u00edas intensos es no hacer justicia con todo el tiempo previo, que incluy\u00f3 meses de dedicaci\u00f3n de [&hellip;]\" class=\"yoast-seo-meta-tag\" \/>\n<meta property=\"og:url\" content=\"https:\/\/dev.explora.cl\/aricayparinacota\/tres-proyectos-regionales-participaran-en-congreso-nacional\/\" class=\"yoast-seo-meta-tag\" \/>\n<meta property=\"og:site_name\" content=\"Arica y Parinacota\" class=\"yoast-seo-meta-tag\" \/>\n<meta property=\"article:published_time\" content=\"2017-10-13T00:00:00+00:00\" class=\"yoast-seo-meta-tag\" \/>\n<meta property=\"article:modified_time\" content=\"2019-05-09T21:04:28+00:00\" class=\"yoast-seo-meta-tag\" \/>\n<meta property=\"og:image\" content=\"https:\/\/dev.explora.cl\/aricayparinacota\/wp-content\/uploads\/sites\/2\/2018\/06\/Miniatura_Proyectos_CRECyT.jpg\" class=\"yoast-seo-meta-tag\" \/>\n\t<meta property=\"og:image:width\" content=\"223\" class=\"yoast-seo-meta-tag\" \/>\n\t<meta property=\"og:image:height\" content=\"147\" class=\"yoast-seo-meta-tag\" \/>\n\t<meta property=\"og:image:type\" content=\"image\/jpeg\" class=\"yoast-seo-meta-tag\" \/>\n<meta name=\"author\" content=\"webman\" class=\"yoast-seo-meta-tag\" \/>\n<meta name=\"twitter:card\" content=\"summary_large_image\" class=\"yoast-seo-meta-tag\" \/>\n<meta name=\"twitter:label1\" content=\"Escrito por\" class=\"yoast-seo-meta-tag\" \/>\n\t<meta name=\"twitter:data1\" content=\"webman\" class=\"yoast-seo-meta-tag\" \/>\n\t<meta name=\"twitter:label2\" content=\"Tiempo estimado de lectura\" class=\"yoast-seo-meta-tag\" \/>\n\t<meta name=\"twitter:data2\" content=\"4 minutos\" class=\"yoast-seo-meta-tag\" \/>\n<script type=\"application\/ld+json\" class=\"yoast-schema-graph\">{\"@context\":\"https:\/\/schema.org\",\"@graph\":[{\"@type\":\"Article\",\"@id\":\"https:\/\/dev.explora.cl\/aricayparinacota\/tres-proyectos-regionales-participaran-en-congreso-nacional\/#article\",\"isPartOf\":{\"@id\":\"https:\/\/dev.explora.cl\/aricayparinacota\/tres-proyectos-regionales-participaran-en-congreso-nacional\/\"},\"author\":{\"name\":\"webman\",\"@id\":\"https:\/\/dev.explora.cl\/aricayparinacota\/#\/schema\/person\/cb8349c13ea2d324080adf8480d7ba5d\"},\"headline\":\"Tres proyectos regionales participar\u00e1n en Congreso Nacional\",\"datePublished\":\"2017-10-13T00:00:00+00:00\",\"dateModified\":\"2019-05-09T21:04:28+00:00\",\"mainEntityOfPage\":{\"@id\":\"https:\/\/dev.explora.cl\/aricayparinacota\/tres-proyectos-regionales-participaran-en-congreso-nacional\/\"},\"wordCount\":876,\"commentCount\":0,\"publisher\":{\"@id\":\"https:\/\/dev.explora.cl\/aricayparinacota\/#organization\"},\"image\":{\"@id\":\"https:\/\/dev.explora.cl\/aricayparinacota\/tres-proyectos-regionales-participaran-en-congreso-nacional\/#primaryimage\"},\"thumbnailUrl\":\"https:\/\/dev.explora.cl\/aricayparinacota\/wp-content\/uploads\/sites\/2\/2018\/06\/Miniatura_Proyectos_CRECyT.jpg\",\"articleSection\":[\"Noticias\"],\"inLanguage\":\"es-CL\",\"potentialAction\":[{\"@type\":\"CommentAction\",\"name\":\"Comment\",\"target\":[\"https:\/\/dev.explora.cl\/aricayparinacota\/tres-proyectos-regionales-participaran-en-congreso-nacional\/#respond\"]}]},{\"@type\":\"WebPage\",\"@id\":\"https:\/\/dev.explora.cl\/aricayparinacota\/tres-proyectos-regionales-participaran-en-congreso-nacional\/\",\"url\":\"https:\/\/dev.explora.cl\/aricayparinacota\/tres-proyectos-regionales-participaran-en-congreso-nacional\/\",\"name\":\"Tres proyectos regionales participar\u00e1n en Congreso Nacional - Arica y Parinacota\",\"isPartOf\":{\"@id\":\"https:\/\/dev.explora.cl\/aricayparinacota\/#website\"},\"primaryImageOfPage\":{\"@id\":\"https:\/\/dev.explora.cl\/aricayparinacota\/tres-proyectos-regionales-participaran-en-congreso-nacional\/#primaryimage\"},\"image\":{\"@id\":\"https:\/\/dev.explora.cl\/aricayparinacota\/tres-proyectos-regionales-participaran-en-congreso-nacional\/#primaryimage\"},\"thumbnailUrl\":\"https:\/\/dev.explora.cl\/aricayparinacota\/wp-content\/uploads\/sites\/2\/2018\/06\/Miniatura_Proyectos_CRECyT.jpg\",\"datePublished\":\"2017-10-13T00:00:00+00:00\",\"dateModified\":\"2019-05-09T21:04:28+00:00\",\"breadcrumb\":{\"@id\":\"https:\/\/dev.explora.cl\/aricayparinacota\/tres-proyectos-regionales-participaran-en-congreso-nacional\/#breadcrumb\"},\"inLanguage\":\"es-CL\",\"potentialAction\":[{\"@type\":\"ReadAction\",\"target\":[\"https:\/\/dev.explora.cl\/aricayparinacota\/tres-proyectos-regionales-participaran-en-congreso-nacional\/\"]}]},{\"@type\":\"ImageObject\",\"inLanguage\":\"es-CL\",\"@id\":\"https:\/\/dev.explora.cl\/aricayparinacota\/tres-proyectos-regionales-participaran-en-congreso-nacional\/#primaryimage\",\"url\":\"https:\/\/dev.explora.cl\/aricayparinacota\/wp-content\/uploads\/sites\/2\/2018\/06\/Miniatura_Proyectos_CRECyT.jpg\",\"contentUrl\":\"https:\/\/dev.explora.cl\/aricayparinacota\/wp-content\/uploads\/sites\/2\/2018\/06\/Miniatura_Proyectos_CRECyT.jpg\",\"width\":223,\"height\":147},{\"@type\":\"BreadcrumbList\",\"@id\":\"https:\/\/dev.explora.cl\/aricayparinacota\/tres-proyectos-regionales-participaran-en-congreso-nacional\/#breadcrumb\",\"itemListElement\":[{\"@type\":\"ListItem\",\"position\":1,\"name\":\"Portada\",\"item\":\"https:\/\/dev.explora.cl\/aricayparinacota\/\"},{\"@type\":\"ListItem\",\"position\":2,\"name\":\"Tres proyectos regionales participar\u00e1n en Congreso Nacional\"}]},{\"@type\":\"WebSite\",\"@id\":\"https:\/\/dev.explora.cl\/aricayparinacota\/#website\",\"url\":\"https:\/\/dev.explora.cl\/aricayparinacota\/\",\"name\":\"Arica y Parinacota\",\"description\":\"Otro sitio m\u00e1s de dev.explora.cl\",\"publisher\":{\"@id\":\"https:\/\/dev.explora.cl\/aricayparinacota\/#organization\"},\"potentialAction\":[{\"@type\":\"SearchAction\",\"target\":{\"@type\":\"EntryPoint\",\"urlTemplate\":\"https:\/\/dev.explora.cl\/aricayparinacota\/?s={search_term_string}\"},\"query-input\":{\"@type\":\"PropertyValueSpecification\",\"valueRequired\":true,\"valueName\":\"search_term_string\"}}],\"inLanguage\":\"es-CL\"},{\"@type\":\"Organization\",\"@id\":\"https:\/\/dev.explora.cl\/aricayparinacota\/#organization\",\"name\":\"Arica y Parinacota\",\"url\":\"https:\/\/dev.explora.cl\/aricayparinacota\/\",\"logo\":{\"@type\":\"ImageObject\",\"inLanguage\":\"es-CL\",\"@id\":\"https:\/\/dev.explora.cl\/aricayparinacota\/#\/schema\/logo\/image\/\",\"url\":\"https:\/\/dev.explora.cl\/aricayparinacota\/wp-content\/uploads\/sites\/2\/2020\/08\/cropped-nuevosa-logos-11.png\",\"contentUrl\":\"https:\/\/dev.explora.cl\/aricayparinacota\/wp-content\/uploads\/sites\/2\/2020\/08\/cropped-nuevosa-logos-11.png\",\"width\":812,\"height\":937,\"caption\":\"Arica y Parinacota\"},\"image\":{\"@id\":\"https:\/\/dev.explora.cl\/aricayparinacota\/#\/schema\/logo\/image\/\"}},{\"@type\":\"Person\",\"@id\":\"https:\/\/dev.explora.cl\/aricayparinacota\/#\/schema\/person\/cb8349c13ea2d324080adf8480d7ba5d\",\"name\":\"webman\",\"image\":{\"@type\":\"ImageObject\",\"inLanguage\":\"es-CL\",\"@id\":\"https:\/\/dev.explora.cl\/aricayparinacota\/#\/schema\/person\/image\/\",\"url\":\"https:\/\/secure.gravatar.com\/avatar\/eeff3c82f2c02f7177d13663b7e6f890e9a6a0647ce9bb29cae02dcb094c7312?s=96&d=mm&r=g\",\"contentUrl\":\"https:\/\/secure.gravatar.com\/avatar\/eeff3c82f2c02f7177d13663b7e6f890e9a6a0647ce9bb29cae02dcb094c7312?s=96&d=mm&r=g\",\"caption\":\"webman\"},\"url\":\"https:\/\/dev.explora.cl\/aricayparinacota\/author\/webman\/\"}]}<\/script>\n<!-- \/ Yoast SEO plugin. -->","yoast_head_json":{"title":"Tres proyectos regionales participar\u00e1n en Congreso Nacional - Arica y Parinacota","robots":{"index":"index","follow":"follow","max-snippet":"max-snippet:-1","max-image-preview":"max-image-preview:large","max-video-preview":"max-video-preview:-1"},"canonical":"https:\/\/dev.explora.cl\/aricayparinacota\/tres-proyectos-regionales-participaran-en-congreso-nacional\/","og_locale":"es_ES","og_type":"article","og_title":"Tres proyectos regionales participar\u00e1n en Congreso Nacional - Arica y Parinacota","og_description":"Y los ganadores son\u2026 Despu\u00e9s de una ardua deliberaci\u00f3n fueron elegidos los tres proyectos ganadores en el Congreso Regional Escolar de Ciencia y Tecnolog\u00eda, del Proyecto Asociativo Regional Explora de la Universidad de Tarapac\u00e1. Decir que fueron dos d\u00edas intensos es no hacer justicia con todo el tiempo previo, que incluy\u00f3 meses de dedicaci\u00f3n de [&hellip;]","og_url":"https:\/\/dev.explora.cl\/aricayparinacota\/tres-proyectos-regionales-participaran-en-congreso-nacional\/","og_site_name":"Arica y Parinacota","article_published_time":"2017-10-13T00:00:00+00:00","article_modified_time":"2019-05-09T21:04:28+00:00","og_image":[{"width":223,"height":147,"url":"https:\/\/dev.explora.cl\/aricayparinacota\/wp-content\/uploads\/sites\/2\/2018\/06\/Miniatura_Proyectos_CRECyT.jpg","type":"image\/jpeg"}],"author":"webman","twitter_card":"summary_large_image","twitter_misc":{"Escrito por":"webman","Tiempo estimado de lectura":"4 minutos"},"schema":{"@context":"https:\/\/schema.org","@graph":[{"@type":"Article","@id":"https:\/\/dev.explora.cl\/aricayparinacota\/tres-proyectos-regionales-participaran-en-congreso-nacional\/#article","isPartOf":{"@id":"https:\/\/dev.explora.cl\/aricayparinacota\/tres-proyectos-regionales-participaran-en-congreso-nacional\/"},"author":{"name":"webman","@id":"https:\/\/dev.explora.cl\/aricayparinacota\/#\/schema\/person\/cb8349c13ea2d324080adf8480d7ba5d"},"headline":"Tres proyectos regionales participar\u00e1n en Congreso Nacional","datePublished":"2017-10-13T00:00:00+00:00","dateModified":"2019-05-09T21:04:28+00:00","mainEntityOfPage":{"@id":"https:\/\/dev.explora.cl\/aricayparinacota\/tres-proyectos-regionales-participaran-en-congreso-nacional\/"},"wordCount":876,"commentCount":0,"publisher":{"@id":"https:\/\/dev.explora.cl\/aricayparinacota\/#organization"},"image":{"@id":"https:\/\/dev.explora.cl\/aricayparinacota\/tres-proyectos-regionales-participaran-en-congreso-nacional\/#primaryimage"},"thumbnailUrl":"https:\/\/dev.explora.cl\/aricayparinacota\/wp-content\/uploads\/sites\/2\/2018\/06\/Miniatura_Proyectos_CRECyT.jpg","articleSection":["Noticias"],"inLanguage":"es-CL","potentialAction":[{"@type":"CommentAction","name":"Comment","target":["https:\/\/dev.explora.cl\/aricayparinacota\/tres-proyectos-regionales-participaran-en-congreso-nacional\/#respond"]}]},{"@type":"WebPage","@id":"https:\/\/dev.explora.cl\/aricayparinacota\/tres-proyectos-regionales-participaran-en-congreso-nacional\/","url":"https:\/\/dev.explora.cl\/aricayparinacota\/tres-proyectos-regionales-participaran-en-congreso-nacional\/","name":"Tres proyectos regionales participar\u00e1n en Congreso Nacional - Arica y Parinacota","isPartOf":{"@id":"https:\/\/dev.explora.cl\/aricayparinacota\/#website"},"primaryImageOfPage":{"@id":"https:\/\/dev.explora.cl\/aricayparinacota\/tres-proyectos-regionales-participaran-en-congreso-nacional\/#primaryimage"},"image":{"@id":"https:\/\/dev.explora.cl\/aricayparinacota\/tres-proyectos-regionales-participaran-en-congreso-nacional\/#primaryimage"},"thumbnailUrl":"https:\/\/dev.explora.cl\/aricayparinacota\/wp-content\/uploads\/sites\/2\/2018\/06\/Miniatura_Proyectos_CRECyT.jpg","datePublished":"2017-10-13T00:00:00+00:00","dateModified":"2019-05-09T21:04:28+00:00","breadcrumb":{"@id":"https:\/\/dev.explora.cl\/aricayparinacota\/tres-proyectos-regionales-participaran-en-congreso-nacional\/#breadcrumb"},"inLanguage":"es-CL","potentialAction":[{"@type":"ReadAction","target":["https:\/\/dev.explora.cl\/aricayparinacota\/tres-proyectos-regionales-participaran-en-congreso-nacional\/"]}]},{"@type":"ImageObject","inLanguage":"es-CL","@id":"https:\/\/dev.explora.cl\/aricayparinacota\/tres-proyectos-regionales-participaran-en-congreso-nacional\/#primaryimage","url":"https:\/\/dev.explora.cl\/aricayparinacota\/wp-content\/uploads\/sites\/2\/2018\/06\/Miniatura_Proyectos_CRECyT.jpg","contentUrl":"https:\/\/dev.explora.cl\/aricayparinacota\/wp-content\/uploads\/sites\/2\/2018\/06\/Miniatura_Proyectos_CRECyT.jpg","width":223,"height":147},{"@type":"BreadcrumbList","@id":"https:\/\/dev.explora.cl\/aricayparinacota\/tres-proyectos-regionales-participaran-en-congreso-nacional\/#breadcrumb","itemListElement":[{"@type":"ListItem","position":1,"name":"Portada","item":"https:\/\/dev.explora.cl\/aricayparinacota\/"},{"@type":"ListItem","position":2,"name":"Tres proyectos regionales participar\u00e1n en Congreso Nacional"}]},{"@type":"WebSite","@id":"https:\/\/dev.explora.cl\/aricayparinacota\/#website","url":"https:\/\/dev.explora.cl\/aricayparinacota\/","name":"Arica y Parinacota","description":"Otro sitio m\u00e1s de dev.explora.cl","publisher":{"@id":"https:\/\/dev.explora.cl\/aricayparinacota\/#organization"},"potentialAction":[{"@type":"SearchAction","target":{"@type":"EntryPoint","urlTemplate":"https:\/\/dev.explora.cl\/aricayparinacota\/?s={search_term_string}"},"query-input":{"@type":"PropertyValueSpecification","valueRequired":true,"valueName":"search_term_string"}}],"inLanguage":"es-CL"},{"@type":"Organization","@id":"https:\/\/dev.explora.cl\/aricayparinacota\/#organization","name":"Arica y Parinacota","url":"https:\/\/dev.explora.cl\/aricayparinacota\/","logo":{"@type":"ImageObject","inLanguage":"es-CL","@id":"https:\/\/dev.explora.cl\/aricayparinacota\/#\/schema\/logo\/image\/","url":"https:\/\/dev.explora.cl\/aricayparinacota\/wp-content\/uploads\/sites\/2\/2020\/08\/cropped-nuevosa-logos-11.png","contentUrl":"https:\/\/dev.explora.cl\/aricayparinacota\/wp-content\/uploads\/sites\/2\/2020\/08\/cropped-nuevosa-logos-11.png","width":812,"height":937,"caption":"Arica y Parinacota"},"image":{"@id":"https:\/\/dev.explora.cl\/aricayparinacota\/#\/schema\/logo\/image\/"}},{"@type":"Person","@id":"https:\/\/dev.explora.cl\/aricayparinacota\/#\/schema\/person\/cb8349c13ea2d324080adf8480d7ba5d","name":"webman","image":{"@type":"ImageObject","inLanguage":"es-CL","@id":"https:\/\/dev.explora.cl\/aricayparinacota\/#\/schema\/person\/image\/","url":"https:\/\/secure.gravatar.com\/avatar\/eeff3c82f2c02f7177d13663b7e6f890e9a6a0647ce9bb29cae02dcb094c7312?s=96&d=mm&r=g","contentUrl":"https:\/\/secure.gravatar.com\/avatar\/eeff3c82f2c02f7177d13663b7e6f890e9a6a0647ce9bb29cae02dcb094c7312?s=96&d=mm&r=g","caption":"webman"},"url":"https:\/\/dev.explora.cl\/aricayparinacota\/author\/webman\/"}]}},"_links":{"self":[{"href":"https:\/\/dev.explora.cl\/aricayparinacota\/wp-json\/wp\/v2\/posts\/32329","targetHints":{"allow":["GET"]}}],"collection":[{"href":"https:\/\/dev.explora.cl\/aricayparinacota\/wp-json\/wp\/v2\/posts"}],"about":[{"href":"https:\/\/dev.explora.cl\/aricayparinacota\/wp-json\/wp\/v2\/types\/post"}],"author":[{"embeddable":true,"href":"https:\/\/dev.explora.cl\/aricayparinacota\/wp-json\/wp\/v2\/users\/2"}],"replies":[{"embeddable":true,"href":"https:\/\/dev.explora.cl\/aricayparinacota\/wp-json\/wp\/v2\/comments?post=32329"}],"version-history":[{"count":1,"href":"https:\/\/dev.explora.cl\/aricayparinacota\/wp-json\/wp\/v2\/posts\/32329\/revisions"}],"predecessor-version":[{"id":32849,"href":"https:\/\/dev.explora.cl\/aricayparinacota\/wp-json\/wp\/v2\/posts\/32329\/revisions\/32849"}],"wp:featuredmedia":[{"embeddable":true,"href":"https:\/\/dev.explora.cl\/aricayparinacota\/wp-json\/wp\/v2\/media\/32330"}],"wp:attachment":[{"href":"https:\/\/dev.explora.cl\/aricayparinacota\/wp-json\/wp\/v2\/media?parent=32329"}],"wp:term":[{"taxonomy":"category","embeddable":true,"href":"https:\/\/dev.explora.cl\/aricayparinacota\/wp-json\/wp\/v2\/categories?post=32329"},{"taxonomy":"post_tag","embeddable":true,"href":"https:\/\/dev.explora.cl\/aricayparinacota\/wp-json\/wp\/v2\/tags?post=32329"}],"curies":[{"name":"wp","href":"https:\/\/api.w.org\/{rel}","templated":true}]}}