{"id":32324,"date":"2017-10-11T00:00:00","date_gmt":"2017-10-11T00:00:00","guid":{"rendered":"https:\/\/dev.explora.cl\/aricayparinacota\/blog\/2017\/10\/11\/laboratorios-y-archivo-historico-abrieron-sus-puertas\/"},"modified":"2019-05-09T21:04:38","modified_gmt":"2019-05-09T21:04:38","slug":"laboratorios-y-archivo-historico-abrieron-sus-puertas","status":"publish","type":"post","link":"https:\/\/dev.explora.cl\/aricayparinacota\/laboratorios-y-archivo-historico-abrieron-sus-puertas\/","title":{"rendered":"Laboratorios y archivo hist\u00f3rico abrieron sus puertas"},"content":{"rendered":"<p><strong><em>Los estudiantes de diversos establecimientos de Arica visitaron laboratorios, archivos hist\u00f3ricos y muestras de la cultura Chinchorro.<\/em><\/strong><\/p>\n<p>Laboratorios del Centro de Investigaci\u00f3n del Hombre en el Desierto, CIHDE y de Investigadores Medioambientales de Zonas \u00c1ridas, LIMZA, de la Universidad de Tarapac\u00e1, fueron visitados por estudiantes, invitados por el Proyecto Asociativo Regional Explora Arica y Parinacota, como parte del programa de la Semana Nacional de la Ciencia y Tecnolog\u00eda que se realiza en todo el pa\u00eds.<\/p>\n<p>&nbsp;<\/p>\n<p>La actividad denominada Laboratorios Abiertos, donde la Universidad abri\u00f3 sus puertas a la comunidad educativa, incluy\u00f3 el Archivo Hist\u00f3rico Vicente Dagnino, ubicado en la Biblioteca Central de esta Casa de Estudios Superiores, que conserva parte de la documentaci\u00f3n de diarios, fotograf\u00edas y libros relacionados con la regi\u00f3n.<\/p>\n<p>&nbsp;<\/p>\n<p>Este memorable d\u00eda tambi\u00e9n incluy\u00f3 una muestra sobre la cultura Chinchorro en la Intendencia Regional, que en forma did\u00e1ctica fue presentada a los j\u00f3venes de los distintos establecimientos participantes: Colegio John Wall, Juan Pablo II, Don Bosco y Liceo Domingo Santa Mar\u00eda.<\/p>\n<p>&nbsp;<\/p>\n<p>En la ocasi\u00f3n se realiz\u00f3 la charla \u201cOptimizaci\u00f3n y explicaci\u00f3n de las formas de la naturaleza\u201d, la cual fue expuesta por el Dr. Rub\u00e9n L\u00f3pez del Departamento de Matem\u00e1tica de la UTA a los estudiantes del Colegio Abraham Lincoln.<\/p>\n<p>&nbsp;<\/p>\n<p>El Laboratorio de Microprocesadores de la Escuela de Ingenier\u00eda El\u00e9ctrica Electr\u00f3nica, tambi\u00e9n form\u00f3 parte de esta apertura a los estudiantes, raz\u00f3n por la que a\u00fan seguir\u00e1 siendo visitada durante la semana. Lo mismo ocurrir\u00e1 con el Laboratorio de Micropropagaci\u00f3n de Herbarios y la Colecci\u00f3n Entomol\u00f3gica de la Facultad de Ciencias Agron\u00f3micas, que contemplan la visita de la Escuela Rep\u00fablica de Israel, Dar\u00edo Salas y Liceo Agr\u00edcola, el d\u00eda mi\u00e9rcoles 5 de octubre, con 200 estudiantes.<\/p>\n<p>&nbsp;<\/p>\n<p>\u201cTuvimos una buena acogida por parte de los establecimientos educacionales e instituciones, apenas ofrecimos los laboratorios los cupos se completaron inmediatamente. Para nosotros fue un \u00e9xito el d\u00eda de los Laboratorios Abiertos, ya que agregamos la muestra itinerante que fue un aporte a lo planificado\u201d, manifest\u00f3&nbsp;Robert Cornejo, encargado del \u00c1rea de Divulgaci\u00f3n de Explora Arica y Parinacota.<\/p>\n<p>&nbsp;<\/p>\n<p>Entre convocatorias, confirmaciones y definici\u00f3n de los lugares visitados, fueron dos meses de preparaci\u00f3n para que los laboratorios y profesionales a su cargo, entregaran lo mejor a quienes salieron de sus aulas a sorprenderse con una recepci\u00f3n a puertas abiertas.<\/p>\n<p>&nbsp;<\/p>\n<p><img loading=\"lazy\" decoding=\"async\" class=\" size-full wp-image-28283\" src=\"https:\/\/dev.explora.cl\/wp-content\/uploads\/2017\/10\/Collage_Laboratorios_y_Archivos_Historicos.png\" alt=\"Collage Laboratorios y Archivos Historicos\" width=\"900\" height=\"300\" \/><\/p>\n","protected":false},"excerpt":{"rendered":"<p>Los estudiantes de diversos establecimientos de Arica visitaron laboratorios, archivos hist\u00f3ricos y muestras de la cultura Chinchorro. Laboratorios del Centro de Investigaci\u00f3n del Hombre en el Desierto, CIHDE y de Investigadores Medioambientales de Zonas \u00c1ridas, LIMZA, de la Universidad de Tarapac\u00e1, fueron visitados por estudiantes, invitados por el Proyecto Asociativo Regional Explora Arica y Parinacota, [&hellip;]<\/p>\n","protected":false},"author":2,"featured_media":32325,"comment_status":"open","ping_status":"open","sticky":false,"template":"","format":"standard","meta":{"_acf_changed":false,"_exactmetrics_skip_tracking":false,"_exactmetrics_sitenote_active":false,"_exactmetrics_sitenote_note":"","_exactmetrics_sitenote_category":0,"footnotes":"","_links_to":"","_links_to_target":""},"categories":[4],"tags":[],"class_list":["post-32324","post","type-post","status-publish","format-standard","has-post-thumbnail","hentry","category-noticias"],"acf":[],"yoast_head":"<!-- This site is optimized with the Yoast SEO plugin v26.7 - https:\/\/yoast.com\/wordpress\/plugins\/seo\/ -->\n<title>Laboratorios y archivo hist\u00f3rico abrieron sus puertas - Arica y Parinacota<\/title>\n<meta name=\"robots\" content=\"index, follow, max-snippet:-1, max-image-preview:large, max-video-preview:-1\" \/>\n<link rel=\"canonical\" href=\"https:\/\/dev.explora.cl\/aricayparinacota\/laboratorios-y-archivo-historico-abrieron-sus-puertas\/\" class=\"yoast-seo-meta-tag\" \/>\n<meta property=\"og:locale\" content=\"es_ES\" class=\"yoast-seo-meta-tag\" \/>\n<meta property=\"og:type\" content=\"article\" class=\"yoast-seo-meta-tag\" \/>\n<meta property=\"og:title\" content=\"Laboratorios y archivo hist\u00f3rico abrieron sus puertas - Arica y Parinacota\" class=\"yoast-seo-meta-tag\" \/>\n<meta property=\"og:description\" content=\"Los estudiantes de diversos establecimientos de Arica visitaron laboratorios, archivos hist\u00f3ricos y muestras de la cultura Chinchorro. Laboratorios del Centro de Investigaci\u00f3n del Hombre en el Desierto, CIHDE y de Investigadores Medioambientales de Zonas \u00c1ridas, LIMZA, de la Universidad de Tarapac\u00e1, fueron visitados por estudiantes, invitados por el Proyecto Asociativo Regional Explora Arica y Parinacota, [&hellip;]\" class=\"yoast-seo-meta-tag\" \/>\n<meta property=\"og:url\" content=\"https:\/\/dev.explora.cl\/aricayparinacota\/laboratorios-y-archivo-historico-abrieron-sus-puertas\/\" class=\"yoast-seo-meta-tag\" \/>\n<meta property=\"og:site_name\" content=\"Arica y Parinacota\" class=\"yoast-seo-meta-tag\" \/>\n<meta property=\"article:published_time\" content=\"2017-10-11T00:00:00+00:00\" class=\"yoast-seo-meta-tag\" \/>\n<meta property=\"article:modified_time\" content=\"2019-05-09T21:04:38+00:00\" class=\"yoast-seo-meta-tag\" \/>\n<meta property=\"og:image\" content=\"https:\/\/dev.explora.cl\/aricayparinacota\/wp-content\/uploads\/sites\/2\/2018\/06\/Miniatura_Laboratorios_y_Archivos_Historicos.jpg\" class=\"yoast-seo-meta-tag\" \/>\n\t<meta property=\"og:image:width\" content=\"223\" class=\"yoast-seo-meta-tag\" \/>\n\t<meta property=\"og:image:height\" content=\"147\" class=\"yoast-seo-meta-tag\" \/>\n\t<meta property=\"og:image:type\" content=\"image\/jpeg\" class=\"yoast-seo-meta-tag\" \/>\n<meta name=\"author\" content=\"webman\" class=\"yoast-seo-meta-tag\" \/>\n<meta name=\"twitter:card\" content=\"summary_large_image\" class=\"yoast-seo-meta-tag\" \/>\n<meta name=\"twitter:label1\" content=\"Escrito por\" class=\"yoast-seo-meta-tag\" \/>\n\t<meta name=\"twitter:data1\" content=\"webman\" class=\"yoast-seo-meta-tag\" \/>\n\t<meta name=\"twitter:label2\" content=\"Tiempo estimado de lectura\" class=\"yoast-seo-meta-tag\" \/>\n\t<meta name=\"twitter:data2\" content=\"2 minutos\" class=\"yoast-seo-meta-tag\" \/>\n<script type=\"application\/ld+json\" class=\"yoast-schema-graph\">{\"@context\":\"https:\/\/schema.org\",\"@graph\":[{\"@type\":\"Article\",\"@id\":\"https:\/\/dev.explora.cl\/aricayparinacota\/laboratorios-y-archivo-historico-abrieron-sus-puertas\/#article\",\"isPartOf\":{\"@id\":\"https:\/\/dev.explora.cl\/aricayparinacota\/laboratorios-y-archivo-historico-abrieron-sus-puertas\/\"},\"author\":{\"name\":\"webman\",\"@id\":\"https:\/\/dev.explora.cl\/aricayparinacota\/#\/schema\/person\/cb8349c13ea2d324080adf8480d7ba5d\"},\"headline\":\"Laboratorios y archivo hist\u00f3rico abrieron sus puertas\",\"datePublished\":\"2017-10-11T00:00:00+00:00\",\"dateModified\":\"2019-05-09T21:04:38+00:00\",\"mainEntityOfPage\":{\"@id\":\"https:\/\/dev.explora.cl\/aricayparinacota\/laboratorios-y-archivo-historico-abrieron-sus-puertas\/\"},\"wordCount\":429,\"commentCount\":0,\"publisher\":{\"@id\":\"https:\/\/dev.explora.cl\/aricayparinacota\/#organization\"},\"image\":{\"@id\":\"https:\/\/dev.explora.cl\/aricayparinacota\/laboratorios-y-archivo-historico-abrieron-sus-puertas\/#primaryimage\"},\"thumbnailUrl\":\"https:\/\/dev.explora.cl\/aricayparinacota\/wp-content\/uploads\/sites\/2\/2018\/06\/Miniatura_Laboratorios_y_Archivos_Historicos.jpg\",\"articleSection\":[\"Noticias\"],\"inLanguage\":\"es-CL\",\"potentialAction\":[{\"@type\":\"CommentAction\",\"name\":\"Comment\",\"target\":[\"https:\/\/dev.explora.cl\/aricayparinacota\/laboratorios-y-archivo-historico-abrieron-sus-puertas\/#respond\"]}]},{\"@type\":\"WebPage\",\"@id\":\"https:\/\/dev.explora.cl\/aricayparinacota\/laboratorios-y-archivo-historico-abrieron-sus-puertas\/\",\"url\":\"https:\/\/dev.explora.cl\/aricayparinacota\/laboratorios-y-archivo-historico-abrieron-sus-puertas\/\",\"name\":\"Laboratorios y archivo hist\u00f3rico abrieron sus puertas - Arica y Parinacota\",\"isPartOf\":{\"@id\":\"https:\/\/dev.explora.cl\/aricayparinacota\/#website\"},\"primaryImageOfPage\":{\"@id\":\"https:\/\/dev.explora.cl\/aricayparinacota\/laboratorios-y-archivo-historico-abrieron-sus-puertas\/#primaryimage\"},\"image\":{\"@id\":\"https:\/\/dev.explora.cl\/aricayparinacota\/laboratorios-y-archivo-historico-abrieron-sus-puertas\/#primaryimage\"},\"thumbnailUrl\":\"https:\/\/dev.explora.cl\/aricayparinacota\/wp-content\/uploads\/sites\/2\/2018\/06\/Miniatura_Laboratorios_y_Archivos_Historicos.jpg\",\"datePublished\":\"2017-10-11T00:00:00+00:00\",\"dateModified\":\"2019-05-09T21:04:38+00:00\",\"breadcrumb\":{\"@id\":\"https:\/\/dev.explora.cl\/aricayparinacota\/laboratorios-y-archivo-historico-abrieron-sus-puertas\/#breadcrumb\"},\"inLanguage\":\"es-CL\",\"potentialAction\":[{\"@type\":\"ReadAction\",\"target\":[\"https:\/\/dev.explora.cl\/aricayparinacota\/laboratorios-y-archivo-historico-abrieron-sus-puertas\/\"]}]},{\"@type\":\"ImageObject\",\"inLanguage\":\"es-CL\",\"@id\":\"https:\/\/dev.explora.cl\/aricayparinacota\/laboratorios-y-archivo-historico-abrieron-sus-puertas\/#primaryimage\",\"url\":\"https:\/\/dev.explora.cl\/aricayparinacota\/wp-content\/uploads\/sites\/2\/2018\/06\/Miniatura_Laboratorios_y_Archivos_Historicos.jpg\",\"contentUrl\":\"https:\/\/dev.explora.cl\/aricayparinacota\/wp-content\/uploads\/sites\/2\/2018\/06\/Miniatura_Laboratorios_y_Archivos_Historicos.jpg\",\"width\":223,\"height\":147},{\"@type\":\"BreadcrumbList\",\"@id\":\"https:\/\/dev.explora.cl\/aricayparinacota\/laboratorios-y-archivo-historico-abrieron-sus-puertas\/#breadcrumb\",\"itemListElement\":[{\"@type\":\"ListItem\",\"position\":1,\"name\":\"Portada\",\"item\":\"https:\/\/dev.explora.cl\/aricayparinacota\/\"},{\"@type\":\"ListItem\",\"position\":2,\"name\":\"Laboratorios y archivo hist\u00f3rico abrieron sus puertas\"}]},{\"@type\":\"WebSite\",\"@id\":\"https:\/\/dev.explora.cl\/aricayparinacota\/#website\",\"url\":\"https:\/\/dev.explora.cl\/aricayparinacota\/\",\"name\":\"Arica y Parinacota\",\"description\":\"Otro sitio m\u00e1s de dev.explora.cl\",\"publisher\":{\"@id\":\"https:\/\/dev.explora.cl\/aricayparinacota\/#organization\"},\"potentialAction\":[{\"@type\":\"SearchAction\",\"target\":{\"@type\":\"EntryPoint\",\"urlTemplate\":\"https:\/\/dev.explora.cl\/aricayparinacota\/?s={search_term_string}\"},\"query-input\":{\"@type\":\"PropertyValueSpecification\",\"valueRequired\":true,\"valueName\":\"search_term_string\"}}],\"inLanguage\":\"es-CL\"},{\"@type\":\"Organization\",\"@id\":\"https:\/\/dev.explora.cl\/aricayparinacota\/#organization\",\"name\":\"Arica y Parinacota\",\"url\":\"https:\/\/dev.explora.cl\/aricayparinacota\/\",\"logo\":{\"@type\":\"ImageObject\",\"inLanguage\":\"es-CL\",\"@id\":\"https:\/\/dev.explora.cl\/aricayparinacota\/#\/schema\/logo\/image\/\",\"url\":\"https:\/\/dev.explora.cl\/aricayparinacota\/wp-content\/uploads\/sites\/2\/2020\/08\/cropped-nuevosa-logos-11.png\",\"contentUrl\":\"https:\/\/dev.explora.cl\/aricayparinacota\/wp-content\/uploads\/sites\/2\/2020\/08\/cropped-nuevosa-logos-11.png\",\"width\":812,\"height\":937,\"caption\":\"Arica y Parinacota\"},\"image\":{\"@id\":\"https:\/\/dev.explora.cl\/aricayparinacota\/#\/schema\/logo\/image\/\"}},{\"@type\":\"Person\",\"@id\":\"https:\/\/dev.explora.cl\/aricayparinacota\/#\/schema\/person\/cb8349c13ea2d324080adf8480d7ba5d\",\"name\":\"webman\",\"image\":{\"@type\":\"ImageObject\",\"inLanguage\":\"es-CL\",\"@id\":\"https:\/\/dev.explora.cl\/aricayparinacota\/#\/schema\/person\/image\/\",\"url\":\"https:\/\/secure.gravatar.com\/avatar\/eeff3c82f2c02f7177d13663b7e6f890e9a6a0647ce9bb29cae02dcb094c7312?s=96&d=mm&r=g\",\"contentUrl\":\"https:\/\/secure.gravatar.com\/avatar\/eeff3c82f2c02f7177d13663b7e6f890e9a6a0647ce9bb29cae02dcb094c7312?s=96&d=mm&r=g\",\"caption\":\"webman\"},\"url\":\"https:\/\/dev.explora.cl\/aricayparinacota\/author\/webman\/\"}]}<\/script>\n<!-- \/ Yoast SEO plugin. -->","yoast_head_json":{"title":"Laboratorios y archivo hist\u00f3rico abrieron sus puertas - Arica y Parinacota","robots":{"index":"index","follow":"follow","max-snippet":"max-snippet:-1","max-image-preview":"max-image-preview:large","max-video-preview":"max-video-preview:-1"},"canonical":"https:\/\/dev.explora.cl\/aricayparinacota\/laboratorios-y-archivo-historico-abrieron-sus-puertas\/","og_locale":"es_ES","og_type":"article","og_title":"Laboratorios y archivo hist\u00f3rico abrieron sus puertas - Arica y Parinacota","og_description":"Los estudiantes de diversos establecimientos de Arica visitaron laboratorios, archivos hist\u00f3ricos y muestras de la cultura Chinchorro. Laboratorios del Centro de Investigaci\u00f3n del Hombre en el Desierto, CIHDE y de Investigadores Medioambientales de Zonas \u00c1ridas, LIMZA, de la Universidad de Tarapac\u00e1, fueron visitados por estudiantes, invitados por el Proyecto Asociativo Regional Explora Arica y Parinacota, [&hellip;]","og_url":"https:\/\/dev.explora.cl\/aricayparinacota\/laboratorios-y-archivo-historico-abrieron-sus-puertas\/","og_site_name":"Arica y Parinacota","article_published_time":"2017-10-11T00:00:00+00:00","article_modified_time":"2019-05-09T21:04:38+00:00","og_image":[{"width":223,"height":147,"url":"https:\/\/dev.explora.cl\/aricayparinacota\/wp-content\/uploads\/sites\/2\/2018\/06\/Miniatura_Laboratorios_y_Archivos_Historicos.jpg","type":"image\/jpeg"}],"author":"webman","twitter_card":"summary_large_image","twitter_misc":{"Escrito por":"webman","Tiempo estimado de lectura":"2 minutos"},"schema":{"@context":"https:\/\/schema.org","@graph":[{"@type":"Article","@id":"https:\/\/dev.explora.cl\/aricayparinacota\/laboratorios-y-archivo-historico-abrieron-sus-puertas\/#article","isPartOf":{"@id":"https:\/\/dev.explora.cl\/aricayparinacota\/laboratorios-y-archivo-historico-abrieron-sus-puertas\/"},"author":{"name":"webman","@id":"https:\/\/dev.explora.cl\/aricayparinacota\/#\/schema\/person\/cb8349c13ea2d324080adf8480d7ba5d"},"headline":"Laboratorios y archivo hist\u00f3rico abrieron sus puertas","datePublished":"2017-10-11T00:00:00+00:00","dateModified":"2019-05-09T21:04:38+00:00","mainEntityOfPage":{"@id":"https:\/\/dev.explora.cl\/aricayparinacota\/laboratorios-y-archivo-historico-abrieron-sus-puertas\/"},"wordCount":429,"commentCount":0,"publisher":{"@id":"https:\/\/dev.explora.cl\/aricayparinacota\/#organization"},"image":{"@id":"https:\/\/dev.explora.cl\/aricayparinacota\/laboratorios-y-archivo-historico-abrieron-sus-puertas\/#primaryimage"},"thumbnailUrl":"https:\/\/dev.explora.cl\/aricayparinacota\/wp-content\/uploads\/sites\/2\/2018\/06\/Miniatura_Laboratorios_y_Archivos_Historicos.jpg","articleSection":["Noticias"],"inLanguage":"es-CL","potentialAction":[{"@type":"CommentAction","name":"Comment","target":["https:\/\/dev.explora.cl\/aricayparinacota\/laboratorios-y-archivo-historico-abrieron-sus-puertas\/#respond"]}]},{"@type":"WebPage","@id":"https:\/\/dev.explora.cl\/aricayparinacota\/laboratorios-y-archivo-historico-abrieron-sus-puertas\/","url":"https:\/\/dev.explora.cl\/aricayparinacota\/laboratorios-y-archivo-historico-abrieron-sus-puertas\/","name":"Laboratorios y archivo hist\u00f3rico abrieron sus puertas - Arica y Parinacota","isPartOf":{"@id":"https:\/\/dev.explora.cl\/aricayparinacota\/#website"},"primaryImageOfPage":{"@id":"https:\/\/dev.explora.cl\/aricayparinacota\/laboratorios-y-archivo-historico-abrieron-sus-puertas\/#primaryimage"},"image":{"@id":"https:\/\/dev.explora.cl\/aricayparinacota\/laboratorios-y-archivo-historico-abrieron-sus-puertas\/#primaryimage"},"thumbnailUrl":"https:\/\/dev.explora.cl\/aricayparinacota\/wp-content\/uploads\/sites\/2\/2018\/06\/Miniatura_Laboratorios_y_Archivos_Historicos.jpg","datePublished":"2017-10-11T00:00:00+00:00","dateModified":"2019-05-09T21:04:38+00:00","breadcrumb":{"@id":"https:\/\/dev.explora.cl\/aricayparinacota\/laboratorios-y-archivo-historico-abrieron-sus-puertas\/#breadcrumb"},"inLanguage":"es-CL","potentialAction":[{"@type":"ReadAction","target":["https:\/\/dev.explora.cl\/aricayparinacota\/laboratorios-y-archivo-historico-abrieron-sus-puertas\/"]}]},{"@type":"ImageObject","inLanguage":"es-CL","@id":"https:\/\/dev.explora.cl\/aricayparinacota\/laboratorios-y-archivo-historico-abrieron-sus-puertas\/#primaryimage","url":"https:\/\/dev.explora.cl\/aricayparinacota\/wp-content\/uploads\/sites\/2\/2018\/06\/Miniatura_Laboratorios_y_Archivos_Historicos.jpg","contentUrl":"https:\/\/dev.explora.cl\/aricayparinacota\/wp-content\/uploads\/sites\/2\/2018\/06\/Miniatura_Laboratorios_y_Archivos_Historicos.jpg","width":223,"height":147},{"@type":"BreadcrumbList","@id":"https:\/\/dev.explora.cl\/aricayparinacota\/laboratorios-y-archivo-historico-abrieron-sus-puertas\/#breadcrumb","itemListElement":[{"@type":"ListItem","position":1,"name":"Portada","item":"https:\/\/dev.explora.cl\/aricayparinacota\/"},{"@type":"ListItem","position":2,"name":"Laboratorios y archivo hist\u00f3rico abrieron sus puertas"}]},{"@type":"WebSite","@id":"https:\/\/dev.explora.cl\/aricayparinacota\/#website","url":"https:\/\/dev.explora.cl\/aricayparinacota\/","name":"Arica y Parinacota","description":"Otro sitio m\u00e1s de dev.explora.cl","publisher":{"@id":"https:\/\/dev.explora.cl\/aricayparinacota\/#organization"},"potentialAction":[{"@type":"SearchAction","target":{"@type":"EntryPoint","urlTemplate":"https:\/\/dev.explora.cl\/aricayparinacota\/?s={search_term_string}"},"query-input":{"@type":"PropertyValueSpecification","valueRequired":true,"valueName":"search_term_string"}}],"inLanguage":"es-CL"},{"@type":"Organization","@id":"https:\/\/dev.explora.cl\/aricayparinacota\/#organization","name":"Arica y Parinacota","url":"https:\/\/dev.explora.cl\/aricayparinacota\/","logo":{"@type":"ImageObject","inLanguage":"es-CL","@id":"https:\/\/dev.explora.cl\/aricayparinacota\/#\/schema\/logo\/image\/","url":"https:\/\/dev.explora.cl\/aricayparinacota\/wp-content\/uploads\/sites\/2\/2020\/08\/cropped-nuevosa-logos-11.png","contentUrl":"https:\/\/dev.explora.cl\/aricayparinacota\/wp-content\/uploads\/sites\/2\/2020\/08\/cropped-nuevosa-logos-11.png","width":812,"height":937,"caption":"Arica y Parinacota"},"image":{"@id":"https:\/\/dev.explora.cl\/aricayparinacota\/#\/schema\/logo\/image\/"}},{"@type":"Person","@id":"https:\/\/dev.explora.cl\/aricayparinacota\/#\/schema\/person\/cb8349c13ea2d324080adf8480d7ba5d","name":"webman","image":{"@type":"ImageObject","inLanguage":"es-CL","@id":"https:\/\/dev.explora.cl\/aricayparinacota\/#\/schema\/person\/image\/","url":"https:\/\/secure.gravatar.com\/avatar\/eeff3c82f2c02f7177d13663b7e6f890e9a6a0647ce9bb29cae02dcb094c7312?s=96&d=mm&r=g","contentUrl":"https:\/\/secure.gravatar.com\/avatar\/eeff3c82f2c02f7177d13663b7e6f890e9a6a0647ce9bb29cae02dcb094c7312?s=96&d=mm&r=g","caption":"webman"},"url":"https:\/\/dev.explora.cl\/aricayparinacota\/author\/webman\/"}]}},"_links":{"self":[{"href":"https:\/\/dev.explora.cl\/aricayparinacota\/wp-json\/wp\/v2\/posts\/32324","targetHints":{"allow":["GET"]}}],"collection":[{"href":"https:\/\/dev.explora.cl\/aricayparinacota\/wp-json\/wp\/v2\/posts"}],"about":[{"href":"https:\/\/dev.explora.cl\/aricayparinacota\/wp-json\/wp\/v2\/types\/post"}],"author":[{"embeddable":true,"href":"https:\/\/dev.explora.cl\/aricayparinacota\/wp-json\/wp\/v2\/users\/2"}],"replies":[{"embeddable":true,"href":"https:\/\/dev.explora.cl\/aricayparinacota\/wp-json\/wp\/v2\/comments?post=32324"}],"version-history":[{"count":1,"href":"https:\/\/dev.explora.cl\/aricayparinacota\/wp-json\/wp\/v2\/posts\/32324\/revisions"}],"predecessor-version":[{"id":32850,"href":"https:\/\/dev.explora.cl\/aricayparinacota\/wp-json\/wp\/v2\/posts\/32324\/revisions\/32850"}],"wp:featuredmedia":[{"embeddable":true,"href":"https:\/\/dev.explora.cl\/aricayparinacota\/wp-json\/wp\/v2\/media\/32325"}],"wp:attachment":[{"href":"https:\/\/dev.explora.cl\/aricayparinacota\/wp-json\/wp\/v2\/media?parent=32324"}],"wp:term":[{"taxonomy":"category","embeddable":true,"href":"https:\/\/dev.explora.cl\/aricayparinacota\/wp-json\/wp\/v2\/categories?post=32324"},{"taxonomy":"post_tag","embeddable":true,"href":"https:\/\/dev.explora.cl\/aricayparinacota\/wp-json\/wp\/v2\/tags?post=32324"}],"curies":[{"name":"wp","href":"https:\/\/api.w.org\/{rel}","templated":true}]}}