{"id":32313,"date":"2017-08-30T00:00:00","date_gmt":"2017-08-30T00:00:00","guid":{"rendered":"https:\/\/dev.explora.cl\/aricayparinacota\/blog\/2017\/08\/30\/a-veces-algo-pequeno-puede-convocar-una-multitud\/"},"modified":"2019-05-09T21:05:27","modified_gmt":"2019-05-09T21:05:27","slug":"a-veces-algo-pequeno-puede-convocar-una-multitud","status":"publish","type":"post","link":"https:\/\/dev.explora.cl\/aricayparinacota\/a-veces-algo-pequeno-puede-convocar-una-multitud\/","title":{"rendered":"A veces algo peque\u00f1o puede convocar una multitud"},"content":{"rendered":"<p><b>Charla de nanotecnolog\u00eda de Explora CONICYT<\/b><\/p>\n<p>&nbsp;<\/p>\n<p><em>Con una charla sobre nanotecnolog\u00eda, la ciencia que estudia las partes m\u00e1s peque\u00f1as que pudi\u00e9ramos imaginar, parti\u00f3 la versi\u00f3n 2017 de Mil Cient\u00edficos Mil Aulas, una actividad de Explora CONICYT de Arica y Parinacota en dos establecimientos educacionales de la regi\u00f3n.<\/em><\/p>\n<p>Hab\u00eda 60 cupos en la convocatoria abierta del Liceo Antonio Varas de la Barra, para asistir a la charla del experto en nanotecnolog\u00eda, Samuel Baltazar, Doctor de la Universidad de Chile\u2026 pero se inscribieron 80 estudiantes desde primero a tercero medio. Con ninguna posibilidad de ampliar el cupo, 20 j\u00f3venes quedaron pendientes para las pr\u00f3ximas presentaciones de cient\u00edficos adscritos a la actividad denominada Mil Cient\u00edficos Mil Aulas del Proyecto Asociativo Regional Explora CONICYT de Arica y Parinacota.<\/p>\n<p>&nbsp;<\/p>\n<p>La actividad se repiti\u00f3 en la Escuela Manuel Rodr\u00edguez con estudiantes m\u00e1s peque\u00f1os, donde el f\u00edsico arique\u00f1o Samuel Baltazar, que trabaja para el Centro para el Desarrollo de la Nanociencia y Nanotecnolog\u00eda, a trav\u00e9s de su presentaci\u00f3n mostr\u00f3 los conceptos que rigen la nanotecnolog\u00eda, m\u00e1s all\u00e1 de las f\u00f3rmulas matem\u00e1ticas.<\/p>\n<p>&nbsp;<\/p>\n<p>Para empezar explic\u00f3 qu\u00e9 es un nan\u00f3metro. Es tomar un metro y dividirlo en mil millones de partes iguales. Dif\u00edcil de imaginar f\u00edsicamente este material tan ultra peque\u00f1o, pero s\u00ed el efecto que tiene a esa escala y su influencia en nuestra vida a diario. Con los ejemplos, el cient\u00edfico mostr\u00f3 que no es algo que est\u00e1 en la ciencia ficci\u00f3n o en las pel\u00edculas, sino que ocurre en la vida actual.<\/p>\n<p>&nbsp;<\/p>\n<p>Para Baltazar los profesores juegan un papel relevante al contarles a sus alumnos lo que sucede cuando est\u00e1n considerando escalas peque\u00f1as, por ejemplo, que existe la posibilidad de atravesar paredes.<\/p>\n<p>&nbsp;<\/p>\n<p>El, c\u00f3mo tantos ni\u00f1os, se pregunt\u00f3 alguna vez sobre estos elementos tan peque\u00f1os, cuando estudiaba en la Escuela R\u00f3mulo Pe\u00f1a, luego en el Liceo Octavio Palma y el North American College. Hasta que ingres\u00f3 a estudiar f\u00edsica en la Universidad Cat\u00f3lica, luego materiales avanzados en M\u00e9xico y Alemania, Mag\u00edster y Doctorado respectivamente. Finalmente un postdoctorado en Francia. Su mirada fue siempre hacia estos componentes peque\u00f1itos y c\u00f3mo pod\u00edan impactar, por ejemplo, en electr\u00f3nica, medicina y medio ambiente.<\/p>\n<p>&nbsp;<\/p>\n<p>Actualmente en la Universidad de Santiago est\u00e1 desarrollando proyectos de investigaci\u00f3n para aplicar nanotecnolog\u00eda en medio ambiente, en particular en procesos de descontaminaci\u00f3n de agua.<\/p>\n<p>&nbsp;<\/p>\n<p>El cient\u00edfico, con gran parte de su familia en Arica, &nbsp;qued\u00f3 encantado con todas las preguntas realizadas por los ni\u00f1os y j\u00f3venes, a tal punto que a veces le cost\u00f3 hasta responder las ingeniosas dudas afloradas.<\/p>\n<p>&nbsp;<\/p>\n<p>APORTES<\/p>\n<p>Paola Moraga, profesora, Liceo Antonio Varas de la Barra: \u201cEl invitado fue un gran aporte porque acerc\u00f3 una ciencia tan compleja como la nanotecnolog\u00eda, que muchas veces no est\u00e1 al alcance de nuestras manos, o no tenemos los recursos o las palabras precisas para poder explicar a los alumnos.<\/p>\n<p>&nbsp;<\/p>\n<p>Esta actividad de Mil Cient\u00edficos Mil Aulas es de vital importancia porque as\u00ed los chicos no ven a los cient\u00edficos como algo inalcanzable, y, en segunda instancia, ciertas ciencias que son complejas se muestran en un vocabulario y en una forma de entendimiento precisa para los j\u00f3venes, que siempre est\u00e1n metidos en muchas tecnolog\u00edas y no se dan cuenta las cosas que utilizan.<\/p>\n<p>&nbsp;<\/p>\n<p>Carlos Iriarte, profesor,&nbsp;Liceo Antonio Varas de la Barra: \u201cLos alumnos estuvieron muy atentos, hicieron consultas y se acercaron despu\u00e9s de la charla a seguir preguntando al expositor\u201d.<\/p>\n<p>&nbsp;<\/p>\n<p>Marianela Forn\u00e9s, Escuela Manuel Rodr\u00edguez: \u201cMis alumnos me sorprendieron porque es un curso bastante inquieto pero estuvieron s\u00faper atentos. Fue un tema que les da muchas posibilidades, es una de las cosas que me interesa con ellos, siendo alumnos vulnerables socialmente, las charlas le abren mundos y eso tenemos que hacer los profesores, m\u00e1s all\u00e1 hay un universo de posibilidades y tiene que ver con el esfuerzo que hagan ellos.<\/p>\n<p>&nbsp;<\/p>\n<p>Este profesor arique\u00f1o mostr\u00f3 que \u00e9l pudo. Como profesores podemos hacer que ellos tengan ese bichito de investigar, y me pregunto \u00bfcu\u00e1ntos de ellos van a llegar a su casa a ver al google para saber m\u00e1s de nanotecnolog\u00eda? A m\u00ed me interes\u00f3 y voy a llegar a buscar informaci\u00f3n y relacionar lo que hemos visto en esta ocasi\u00f3n\u201d.<\/p>\n<p>&nbsp;<\/p>\n<p><img loading=\"lazy\" decoding=\"async\" class=\" size-full wp-image-27466\" src=\"https:\/\/dev.explora.cl\/wp-content\/uploads\/2017\/08\/Collage_Charla_Nanotecnologia.jpg\" alt=\"Collage Charla Nanotecnologia\" width=\"900\" height=\"300\" \/><\/p>\n","protected":false},"excerpt":{"rendered":"<p>Charla de nanotecnolog\u00eda de Explora CONICYT &nbsp; Con una charla sobre nanotecnolog\u00eda, la ciencia que estudia las partes m\u00e1s peque\u00f1as que pudi\u00e9ramos imaginar, parti\u00f3 la versi\u00f3n 2017 de Mil Cient\u00edficos Mil Aulas, una actividad de Explora CONICYT de Arica y Parinacota en dos establecimientos educacionales de la regi\u00f3n. Hab\u00eda 60 cupos en la convocatoria abierta [&hellip;]<\/p>\n","protected":false},"author":2,"featured_media":32225,"comment_status":"open","ping_status":"open","sticky":false,"template":"","format":"standard","meta":{"_acf_changed":false,"_exactmetrics_skip_tracking":false,"_exactmetrics_sitenote_active":false,"_exactmetrics_sitenote_note":"","_exactmetrics_sitenote_category":0,"footnotes":"","_links_to":"","_links_to_target":""},"categories":[4],"tags":[],"class_list":["post-32313","post","type-post","status-publish","format-standard","has-post-thumbnail","hentry","category-noticias"],"acf":[],"yoast_head":"<!-- This site is optimized with the Yoast SEO plugin v26.7 - https:\/\/yoast.com\/wordpress\/plugins\/seo\/ -->\n<title>A veces algo peque\u00f1o puede convocar una multitud - Arica y Parinacota<\/title>\n<meta name=\"robots\" content=\"index, follow, max-snippet:-1, max-image-preview:large, max-video-preview:-1\" \/>\n<link rel=\"canonical\" href=\"https:\/\/dev.explora.cl\/aricayparinacota\/a-veces-algo-pequeno-puede-convocar-una-multitud\/\" class=\"yoast-seo-meta-tag\" \/>\n<meta property=\"og:locale\" content=\"es_ES\" class=\"yoast-seo-meta-tag\" \/>\n<meta property=\"og:type\" content=\"article\" class=\"yoast-seo-meta-tag\" \/>\n<meta property=\"og:title\" content=\"A veces algo peque\u00f1o puede convocar una multitud - Arica y Parinacota\" class=\"yoast-seo-meta-tag\" \/>\n<meta property=\"og:description\" content=\"Charla de nanotecnolog\u00eda de Explora CONICYT &nbsp; Con una charla sobre nanotecnolog\u00eda, la ciencia que estudia las partes m\u00e1s peque\u00f1as que pudi\u00e9ramos imaginar, parti\u00f3 la versi\u00f3n 2017 de Mil Cient\u00edficos Mil Aulas, una actividad de Explora CONICYT de Arica y Parinacota en dos establecimientos educacionales de la regi\u00f3n. Hab\u00eda 60 cupos en la convocatoria abierta [&hellip;]\" class=\"yoast-seo-meta-tag\" \/>\n<meta property=\"og:url\" content=\"https:\/\/dev.explora.cl\/aricayparinacota\/a-veces-algo-pequeno-puede-convocar-una-multitud\/\" class=\"yoast-seo-meta-tag\" \/>\n<meta property=\"og:site_name\" content=\"Arica y Parinacota\" class=\"yoast-seo-meta-tag\" \/>\n<meta property=\"article:published_time\" content=\"2017-08-30T00:00:00+00:00\" class=\"yoast-seo-meta-tag\" \/>\n<meta property=\"article:modified_time\" content=\"2019-05-09T21:05:27+00:00\" class=\"yoast-seo-meta-tag\" \/>\n<meta property=\"og:image\" content=\"https:\/\/dev.explora.cl\/aricayparinacota\/wp-content\/uploads\/sites\/2\/2018\/06\/miniatura.jpg\" class=\"yoast-seo-meta-tag\" \/>\n\t<meta property=\"og:image:width\" content=\"222\" class=\"yoast-seo-meta-tag\" \/>\n\t<meta property=\"og:image:height\" content=\"110\" class=\"yoast-seo-meta-tag\" \/>\n\t<meta property=\"og:image:type\" content=\"image\/jpeg\" class=\"yoast-seo-meta-tag\" \/>\n<meta name=\"author\" content=\"webman\" class=\"yoast-seo-meta-tag\" \/>\n<meta name=\"twitter:card\" content=\"summary_large_image\" class=\"yoast-seo-meta-tag\" \/>\n<meta name=\"twitter:label1\" content=\"Escrito por\" class=\"yoast-seo-meta-tag\" \/>\n\t<meta name=\"twitter:data1\" content=\"webman\" class=\"yoast-seo-meta-tag\" \/>\n\t<meta name=\"twitter:label2\" content=\"Tiempo estimado de lectura\" class=\"yoast-seo-meta-tag\" \/>\n\t<meta name=\"twitter:data2\" content=\"4 minutos\" class=\"yoast-seo-meta-tag\" \/>\n<script type=\"application\/ld+json\" class=\"yoast-schema-graph\">{\"@context\":\"https:\/\/schema.org\",\"@graph\":[{\"@type\":\"Article\",\"@id\":\"https:\/\/dev.explora.cl\/aricayparinacota\/a-veces-algo-pequeno-puede-convocar-una-multitud\/#article\",\"isPartOf\":{\"@id\":\"https:\/\/dev.explora.cl\/aricayparinacota\/a-veces-algo-pequeno-puede-convocar-una-multitud\/\"},\"author\":{\"name\":\"webman\",\"@id\":\"https:\/\/dev.explora.cl\/aricayparinacota\/#\/schema\/person\/cb8349c13ea2d324080adf8480d7ba5d\"},\"headline\":\"A veces algo peque\u00f1o puede convocar una multitud\",\"datePublished\":\"2017-08-30T00:00:00+00:00\",\"dateModified\":\"2019-05-09T21:05:27+00:00\",\"mainEntityOfPage\":{\"@id\":\"https:\/\/dev.explora.cl\/aricayparinacota\/a-veces-algo-pequeno-puede-convocar-una-multitud\/\"},\"wordCount\":775,\"commentCount\":0,\"publisher\":{\"@id\":\"https:\/\/dev.explora.cl\/aricayparinacota\/#organization\"},\"image\":{\"@id\":\"https:\/\/dev.explora.cl\/aricayparinacota\/a-veces-algo-pequeno-puede-convocar-una-multitud\/#primaryimage\"},\"thumbnailUrl\":\"https:\/\/dev.explora.cl\/aricayparinacota\/wp-content\/uploads\/sites\/2\/2018\/06\/miniatura.jpg\",\"articleSection\":[\"Noticias\"],\"inLanguage\":\"es-CL\",\"potentialAction\":[{\"@type\":\"CommentAction\",\"name\":\"Comment\",\"target\":[\"https:\/\/dev.explora.cl\/aricayparinacota\/a-veces-algo-pequeno-puede-convocar-una-multitud\/#respond\"]}]},{\"@type\":\"WebPage\",\"@id\":\"https:\/\/dev.explora.cl\/aricayparinacota\/a-veces-algo-pequeno-puede-convocar-una-multitud\/\",\"url\":\"https:\/\/dev.explora.cl\/aricayparinacota\/a-veces-algo-pequeno-puede-convocar-una-multitud\/\",\"name\":\"A veces algo peque\u00f1o puede convocar una multitud - Arica y Parinacota\",\"isPartOf\":{\"@id\":\"https:\/\/dev.explora.cl\/aricayparinacota\/#website\"},\"primaryImageOfPage\":{\"@id\":\"https:\/\/dev.explora.cl\/aricayparinacota\/a-veces-algo-pequeno-puede-convocar-una-multitud\/#primaryimage\"},\"image\":{\"@id\":\"https:\/\/dev.explora.cl\/aricayparinacota\/a-veces-algo-pequeno-puede-convocar-una-multitud\/#primaryimage\"},\"thumbnailUrl\":\"https:\/\/dev.explora.cl\/aricayparinacota\/wp-content\/uploads\/sites\/2\/2018\/06\/miniatura.jpg\",\"datePublished\":\"2017-08-30T00:00:00+00:00\",\"dateModified\":\"2019-05-09T21:05:27+00:00\",\"breadcrumb\":{\"@id\":\"https:\/\/dev.explora.cl\/aricayparinacota\/a-veces-algo-pequeno-puede-convocar-una-multitud\/#breadcrumb\"},\"inLanguage\":\"es-CL\",\"potentialAction\":[{\"@type\":\"ReadAction\",\"target\":[\"https:\/\/dev.explora.cl\/aricayparinacota\/a-veces-algo-pequeno-puede-convocar-una-multitud\/\"]}]},{\"@type\":\"ImageObject\",\"inLanguage\":\"es-CL\",\"@id\":\"https:\/\/dev.explora.cl\/aricayparinacota\/a-veces-algo-pequeno-puede-convocar-una-multitud\/#primaryimage\",\"url\":\"https:\/\/dev.explora.cl\/aricayparinacota\/wp-content\/uploads\/sites\/2\/2018\/06\/miniatura.jpg\",\"contentUrl\":\"https:\/\/dev.explora.cl\/aricayparinacota\/wp-content\/uploads\/sites\/2\/2018\/06\/miniatura.jpg\",\"width\":222,\"height\":110},{\"@type\":\"BreadcrumbList\",\"@id\":\"https:\/\/dev.explora.cl\/aricayparinacota\/a-veces-algo-pequeno-puede-convocar-una-multitud\/#breadcrumb\",\"itemListElement\":[{\"@type\":\"ListItem\",\"position\":1,\"name\":\"Portada\",\"item\":\"https:\/\/dev.explora.cl\/aricayparinacota\/\"},{\"@type\":\"ListItem\",\"position\":2,\"name\":\"A veces algo peque\u00f1o puede convocar una multitud\"}]},{\"@type\":\"WebSite\",\"@id\":\"https:\/\/dev.explora.cl\/aricayparinacota\/#website\",\"url\":\"https:\/\/dev.explora.cl\/aricayparinacota\/\",\"name\":\"Arica y Parinacota\",\"description\":\"Otro sitio m\u00e1s de dev.explora.cl\",\"publisher\":{\"@id\":\"https:\/\/dev.explora.cl\/aricayparinacota\/#organization\"},\"potentialAction\":[{\"@type\":\"SearchAction\",\"target\":{\"@type\":\"EntryPoint\",\"urlTemplate\":\"https:\/\/dev.explora.cl\/aricayparinacota\/?s={search_term_string}\"},\"query-input\":{\"@type\":\"PropertyValueSpecification\",\"valueRequired\":true,\"valueName\":\"search_term_string\"}}],\"inLanguage\":\"es-CL\"},{\"@type\":\"Organization\",\"@id\":\"https:\/\/dev.explora.cl\/aricayparinacota\/#organization\",\"name\":\"Arica y Parinacota\",\"url\":\"https:\/\/dev.explora.cl\/aricayparinacota\/\",\"logo\":{\"@type\":\"ImageObject\",\"inLanguage\":\"es-CL\",\"@id\":\"https:\/\/dev.explora.cl\/aricayparinacota\/#\/schema\/logo\/image\/\",\"url\":\"https:\/\/dev.explora.cl\/aricayparinacota\/wp-content\/uploads\/sites\/2\/2020\/08\/cropped-nuevosa-logos-11.png\",\"contentUrl\":\"https:\/\/dev.explora.cl\/aricayparinacota\/wp-content\/uploads\/sites\/2\/2020\/08\/cropped-nuevosa-logos-11.png\",\"width\":812,\"height\":937,\"caption\":\"Arica y Parinacota\"},\"image\":{\"@id\":\"https:\/\/dev.explora.cl\/aricayparinacota\/#\/schema\/logo\/image\/\"}},{\"@type\":\"Person\",\"@id\":\"https:\/\/dev.explora.cl\/aricayparinacota\/#\/schema\/person\/cb8349c13ea2d324080adf8480d7ba5d\",\"name\":\"webman\",\"image\":{\"@type\":\"ImageObject\",\"inLanguage\":\"es-CL\",\"@id\":\"https:\/\/dev.explora.cl\/aricayparinacota\/#\/schema\/person\/image\/\",\"url\":\"https:\/\/secure.gravatar.com\/avatar\/eeff3c82f2c02f7177d13663b7e6f890e9a6a0647ce9bb29cae02dcb094c7312?s=96&d=mm&r=g\",\"contentUrl\":\"https:\/\/secure.gravatar.com\/avatar\/eeff3c82f2c02f7177d13663b7e6f890e9a6a0647ce9bb29cae02dcb094c7312?s=96&d=mm&r=g\",\"caption\":\"webman\"},\"url\":\"https:\/\/dev.explora.cl\/aricayparinacota\/author\/webman\/\"}]}<\/script>\n<!-- \/ Yoast SEO plugin. -->","yoast_head_json":{"title":"A veces algo peque\u00f1o puede convocar una multitud - Arica y Parinacota","robots":{"index":"index","follow":"follow","max-snippet":"max-snippet:-1","max-image-preview":"max-image-preview:large","max-video-preview":"max-video-preview:-1"},"canonical":"https:\/\/dev.explora.cl\/aricayparinacota\/a-veces-algo-pequeno-puede-convocar-una-multitud\/","og_locale":"es_ES","og_type":"article","og_title":"A veces algo peque\u00f1o puede convocar una multitud - Arica y Parinacota","og_description":"Charla de nanotecnolog\u00eda de Explora CONICYT &nbsp; Con una charla sobre nanotecnolog\u00eda, la ciencia que estudia las partes m\u00e1s peque\u00f1as que pudi\u00e9ramos imaginar, parti\u00f3 la versi\u00f3n 2017 de Mil Cient\u00edficos Mil Aulas, una actividad de Explora CONICYT de Arica y Parinacota en dos establecimientos educacionales de la regi\u00f3n. Hab\u00eda 60 cupos en la convocatoria abierta [&hellip;]","og_url":"https:\/\/dev.explora.cl\/aricayparinacota\/a-veces-algo-pequeno-puede-convocar-una-multitud\/","og_site_name":"Arica y Parinacota","article_published_time":"2017-08-30T00:00:00+00:00","article_modified_time":"2019-05-09T21:05:27+00:00","og_image":[{"width":222,"height":110,"url":"https:\/\/dev.explora.cl\/aricayparinacota\/wp-content\/uploads\/sites\/2\/2018\/06\/miniatura.jpg","type":"image\/jpeg"}],"author":"webman","twitter_card":"summary_large_image","twitter_misc":{"Escrito por":"webman","Tiempo estimado de lectura":"4 minutos"},"schema":{"@context":"https:\/\/schema.org","@graph":[{"@type":"Article","@id":"https:\/\/dev.explora.cl\/aricayparinacota\/a-veces-algo-pequeno-puede-convocar-una-multitud\/#article","isPartOf":{"@id":"https:\/\/dev.explora.cl\/aricayparinacota\/a-veces-algo-pequeno-puede-convocar-una-multitud\/"},"author":{"name":"webman","@id":"https:\/\/dev.explora.cl\/aricayparinacota\/#\/schema\/person\/cb8349c13ea2d324080adf8480d7ba5d"},"headline":"A veces algo peque\u00f1o puede convocar una multitud","datePublished":"2017-08-30T00:00:00+00:00","dateModified":"2019-05-09T21:05:27+00:00","mainEntityOfPage":{"@id":"https:\/\/dev.explora.cl\/aricayparinacota\/a-veces-algo-pequeno-puede-convocar-una-multitud\/"},"wordCount":775,"commentCount":0,"publisher":{"@id":"https:\/\/dev.explora.cl\/aricayparinacota\/#organization"},"image":{"@id":"https:\/\/dev.explora.cl\/aricayparinacota\/a-veces-algo-pequeno-puede-convocar-una-multitud\/#primaryimage"},"thumbnailUrl":"https:\/\/dev.explora.cl\/aricayparinacota\/wp-content\/uploads\/sites\/2\/2018\/06\/miniatura.jpg","articleSection":["Noticias"],"inLanguage":"es-CL","potentialAction":[{"@type":"CommentAction","name":"Comment","target":["https:\/\/dev.explora.cl\/aricayparinacota\/a-veces-algo-pequeno-puede-convocar-una-multitud\/#respond"]}]},{"@type":"WebPage","@id":"https:\/\/dev.explora.cl\/aricayparinacota\/a-veces-algo-pequeno-puede-convocar-una-multitud\/","url":"https:\/\/dev.explora.cl\/aricayparinacota\/a-veces-algo-pequeno-puede-convocar-una-multitud\/","name":"A veces algo peque\u00f1o puede convocar una multitud - Arica y Parinacota","isPartOf":{"@id":"https:\/\/dev.explora.cl\/aricayparinacota\/#website"},"primaryImageOfPage":{"@id":"https:\/\/dev.explora.cl\/aricayparinacota\/a-veces-algo-pequeno-puede-convocar-una-multitud\/#primaryimage"},"image":{"@id":"https:\/\/dev.explora.cl\/aricayparinacota\/a-veces-algo-pequeno-puede-convocar-una-multitud\/#primaryimage"},"thumbnailUrl":"https:\/\/dev.explora.cl\/aricayparinacota\/wp-content\/uploads\/sites\/2\/2018\/06\/miniatura.jpg","datePublished":"2017-08-30T00:00:00+00:00","dateModified":"2019-05-09T21:05:27+00:00","breadcrumb":{"@id":"https:\/\/dev.explora.cl\/aricayparinacota\/a-veces-algo-pequeno-puede-convocar-una-multitud\/#breadcrumb"},"inLanguage":"es-CL","potentialAction":[{"@type":"ReadAction","target":["https:\/\/dev.explora.cl\/aricayparinacota\/a-veces-algo-pequeno-puede-convocar-una-multitud\/"]}]},{"@type":"ImageObject","inLanguage":"es-CL","@id":"https:\/\/dev.explora.cl\/aricayparinacota\/a-veces-algo-pequeno-puede-convocar-una-multitud\/#primaryimage","url":"https:\/\/dev.explora.cl\/aricayparinacota\/wp-content\/uploads\/sites\/2\/2018\/06\/miniatura.jpg","contentUrl":"https:\/\/dev.explora.cl\/aricayparinacota\/wp-content\/uploads\/sites\/2\/2018\/06\/miniatura.jpg","width":222,"height":110},{"@type":"BreadcrumbList","@id":"https:\/\/dev.explora.cl\/aricayparinacota\/a-veces-algo-pequeno-puede-convocar-una-multitud\/#breadcrumb","itemListElement":[{"@type":"ListItem","position":1,"name":"Portada","item":"https:\/\/dev.explora.cl\/aricayparinacota\/"},{"@type":"ListItem","position":2,"name":"A veces algo peque\u00f1o puede convocar una multitud"}]},{"@type":"WebSite","@id":"https:\/\/dev.explora.cl\/aricayparinacota\/#website","url":"https:\/\/dev.explora.cl\/aricayparinacota\/","name":"Arica y Parinacota","description":"Otro sitio m\u00e1s de dev.explora.cl","publisher":{"@id":"https:\/\/dev.explora.cl\/aricayparinacota\/#organization"},"potentialAction":[{"@type":"SearchAction","target":{"@type":"EntryPoint","urlTemplate":"https:\/\/dev.explora.cl\/aricayparinacota\/?s={search_term_string}"},"query-input":{"@type":"PropertyValueSpecification","valueRequired":true,"valueName":"search_term_string"}}],"inLanguage":"es-CL"},{"@type":"Organization","@id":"https:\/\/dev.explora.cl\/aricayparinacota\/#organization","name":"Arica y Parinacota","url":"https:\/\/dev.explora.cl\/aricayparinacota\/","logo":{"@type":"ImageObject","inLanguage":"es-CL","@id":"https:\/\/dev.explora.cl\/aricayparinacota\/#\/schema\/logo\/image\/","url":"https:\/\/dev.explora.cl\/aricayparinacota\/wp-content\/uploads\/sites\/2\/2020\/08\/cropped-nuevosa-logos-11.png","contentUrl":"https:\/\/dev.explora.cl\/aricayparinacota\/wp-content\/uploads\/sites\/2\/2020\/08\/cropped-nuevosa-logos-11.png","width":812,"height":937,"caption":"Arica y Parinacota"},"image":{"@id":"https:\/\/dev.explora.cl\/aricayparinacota\/#\/schema\/logo\/image\/"}},{"@type":"Person","@id":"https:\/\/dev.explora.cl\/aricayparinacota\/#\/schema\/person\/cb8349c13ea2d324080adf8480d7ba5d","name":"webman","image":{"@type":"ImageObject","inLanguage":"es-CL","@id":"https:\/\/dev.explora.cl\/aricayparinacota\/#\/schema\/person\/image\/","url":"https:\/\/secure.gravatar.com\/avatar\/eeff3c82f2c02f7177d13663b7e6f890e9a6a0647ce9bb29cae02dcb094c7312?s=96&d=mm&r=g","contentUrl":"https:\/\/secure.gravatar.com\/avatar\/eeff3c82f2c02f7177d13663b7e6f890e9a6a0647ce9bb29cae02dcb094c7312?s=96&d=mm&r=g","caption":"webman"},"url":"https:\/\/dev.explora.cl\/aricayparinacota\/author\/webman\/"}]}},"_links":{"self":[{"href":"https:\/\/dev.explora.cl\/aricayparinacota\/wp-json\/wp\/v2\/posts\/32313","targetHints":{"allow":["GET"]}}],"collection":[{"href":"https:\/\/dev.explora.cl\/aricayparinacota\/wp-json\/wp\/v2\/posts"}],"about":[{"href":"https:\/\/dev.explora.cl\/aricayparinacota\/wp-json\/wp\/v2\/types\/post"}],"author":[{"embeddable":true,"href":"https:\/\/dev.explora.cl\/aricayparinacota\/wp-json\/wp\/v2\/users\/2"}],"replies":[{"embeddable":true,"href":"https:\/\/dev.explora.cl\/aricayparinacota\/wp-json\/wp\/v2\/comments?post=32313"}],"version-history":[{"count":1,"href":"https:\/\/dev.explora.cl\/aricayparinacota\/wp-json\/wp\/v2\/posts\/32313\/revisions"}],"predecessor-version":[{"id":32855,"href":"https:\/\/dev.explora.cl\/aricayparinacota\/wp-json\/wp\/v2\/posts\/32313\/revisions\/32855"}],"wp:featuredmedia":[{"embeddable":true,"href":"https:\/\/dev.explora.cl\/aricayparinacota\/wp-json\/wp\/v2\/media\/32225"}],"wp:attachment":[{"href":"https:\/\/dev.explora.cl\/aricayparinacota\/wp-json\/wp\/v2\/media?parent=32313"}],"wp:term":[{"taxonomy":"category","embeddable":true,"href":"https:\/\/dev.explora.cl\/aricayparinacota\/wp-json\/wp\/v2\/categories?post=32313"},{"taxonomy":"post_tag","embeddable":true,"href":"https:\/\/dev.explora.cl\/aricayparinacota\/wp-json\/wp\/v2\/tags?post=32313"}],"curies":[{"name":"wp","href":"https:\/\/api.w.org\/{rel}","templated":true}]}}