{"id":32311,"date":"2017-08-22T00:00:00","date_gmt":"2017-08-22T00:00:00","guid":{"rendered":"https:\/\/dev.explora.cl\/aricayparinacota\/blog\/2017\/08\/22\/ultimo-dia-nadie-se-enoja\/"},"modified":"2019-05-09T21:05:38","modified_gmt":"2019-05-09T21:05:38","slug":"ultimo-dia-nadie-se-enoja","status":"publish","type":"post","link":"https:\/\/dev.explora.cl\/aricayparinacota\/ultimo-dia-nadie-se-enoja\/","title":{"rendered":"\u00daltimo d\u00eda nadie se enoja"},"content":{"rendered":"<p>&nbsp;<\/p>\n<p><strong>Cierre de recepci\u00f3n de trabajos al XII Congreso Regional de Ciencia y Tecnolog\u00eda<\/strong><\/p>\n<p>&nbsp;<\/p>\n<p><em>El viernes 25 es el \u00faltimo d\u00eda para presentar trabajos cient\u00edficos escolares a la XII versi\u00f3n del Congreso Regional de Ciencia y Tecnolog\u00eda, organizado por el \u00e1rea de Valoraci\u00f3n de Explora CONICYT Arica y parinacota.<\/em><\/p>\n<p>Mucho antes que se lanzaran las bases de convocatoria al Congreso Regional Escolar de Ciencia y Tecnolog\u00eda (CRECyT) en el mes de junio, los profesores estaban trabajando con los estudiantes en sus temas de investigaci\u00f3n. Pero como no hay plazo que no cumpla, este viernes 25 se cierra la recepci\u00f3n de trabajos, que participar\u00e1n en esta feria cient\u00edfica y tecnol\u00f3gica de divulgaci\u00f3n de la investigaci\u00f3n escolar, donde estudiantes entre 5\u00b0 a\u00f1o de Educaci\u00f3n B\u00e1sica y 3\u00b0 a\u00f1o de Educaci\u00f3n Media presentan sus proyectos de investigaci\u00f3n y comparten e interact\u00faan con sus pares de otros establecimientos.<\/p>\n<p>&nbsp;<\/p>\n<p>Esta actividad es el hito culmine del proceso de investigaci\u00f3n cient\u00edfica escolar y es desarrollado por el Proyecto Asociativo Regional Explora de CONICYT Arica y Parinacota, responsable de todas las actividades asociadas al evento. Re\u00fane a proyectos de investigaci\u00f3n provenientes de establecimientos municipales, particulares subvencionados y particulares privados de la Regi\u00f3n. Todos los proyectos participantes al CRECyT son revisados por un Comit\u00e9 Cient\u00edfico Evaluador, siendo galardonadas las investigaciones escolares mejor evaluadas.<\/p>\n<p>&nbsp;<\/p>\n<p>POSICIONAMIENTO<\/p>\n<p>Los n\u00fameros indican que el a\u00f1o pasado se recibieron 33 trabajos de investigaci\u00f3n escolar, este a\u00f1o se estiman alrededor de 40. \u00bfC\u00f3mo se ha llevado el proceso para que haya m\u00e1s interesados? Claudio Fuentes, Encargado del \u00c1rea de Valoraci\u00f3n de la Ciencia y la Tecnolog\u00eda, indic\u00f3 que hay un claro incremento, lo cual se debe a un mayor posicionamiento y apertura del proyecto Explora a la comunidad y a un trabajo que se est\u00e1 haciendo en distintas \u00e1reas de intervenci\u00f3n dentro de Explora.<\/p>\n<p>&nbsp;<\/p>\n<p>\u201cTenemos colegios nuevos que participan en actividades peque\u00f1as y se han pegado un salto a la investigaci\u00f3n escolar, y lo m\u00e1s importante es que los profesores y estudiantes quieren a trav\u00e9s de este evento fomentar su capacidad cr\u00edtica, la curiosidad y las ganas de hacerse preguntas y tratar de responderlas con estas investigaciones de ciencias naturales, ciencias sociales e ingenier\u00eda y tecnolog\u00eda\u201d, indic\u00f3 el responsable de la organizaci\u00f3n.<\/p>\n<p>&nbsp;<\/p>\n<p>Este Congreso tiene el sello internacional, ya que por ser Arica una ciudad fronteriza, se invita a los pa\u00edses vecinos con sus estudiantes a mostrar sus trabajos cient\u00edficos.<\/p>\n<p>&nbsp;<\/p>\n<p>La versi\u00f3n XII cuenta con una red de profesores Explora que se sienten parte del proyecto y han motivado a que se sumen otros, eso implica que colegios que nunca han participado o lo han hecho lejanamente, ahora est\u00e9n presentes en las actividades. \u201cAlgunos profesores que est\u00e1n a punto de salir del sistema est\u00e1n muy motivados y quieren dejar un legado, se ve Explora como una oportunidad de querer ir m\u00e1s all\u00e1\u201d, manifest\u00f3 Fuentes.<\/p>\n<p>&nbsp;<\/p>\n<p>FECHAS<\/p>\n<p>De acuerdo a lo planificado, el 5 de octubre se realizar\u00e1 la exposici\u00f3n en espacios interactivos disponibles en el campus Saucache de la Universidad de Tarapac\u00e1, y el d\u00eda 6 se realizar\u00e1 la premiaci\u00f3n en el Hotel Arica.<\/p>\n<p>&nbsp;<\/p>\n<p>Este a\u00f1o se cuenta con tres cupos para que los ganadores participen del Congreso nacional, que por primera vez se realizar\u00e1 en Arica.<\/p>\n<p>&nbsp;<\/p>\n<p>Estudiantes, profesores, comit\u00e9 cient\u00edfico evaluador y equipo Explora, se encuentran en pleno alineamiento para este Congreso Regional que cada a\u00f1o se supera a s\u00ed mismo.<\/p>\n<p><img loading=\"lazy\" decoding=\"async\" class=\" size-full wp-image-27306\" src=\"https:\/\/dev.explora.cl\/wp-content\/uploads\/2017\/08\/Collage_CRECyT.jpg\" alt=\"Collage CRECyT\" width=\"900\" height=\"300\" \/><\/p>\n","protected":false},"excerpt":{"rendered":"<p>&nbsp; Cierre de recepci\u00f3n de trabajos al XII Congreso Regional de Ciencia y Tecnolog\u00eda &nbsp; El viernes 25 es el \u00faltimo d\u00eda para presentar trabajos cient\u00edficos escolares a la XII versi\u00f3n del Congreso Regional de Ciencia y Tecnolog\u00eda, organizado por el \u00e1rea de Valoraci\u00f3n de Explora CONICYT Arica y parinacota. Mucho antes que se lanzaran [&hellip;]<\/p>\n","protected":false},"author":2,"featured_media":32312,"comment_status":"open","ping_status":"open","sticky":false,"template":"","format":"standard","meta":{"_acf_changed":false,"_exactmetrics_skip_tracking":false,"_exactmetrics_sitenote_active":false,"_exactmetrics_sitenote_note":"","_exactmetrics_sitenote_category":0,"footnotes":"","_links_to":"","_links_to_target":""},"categories":[4],"tags":[],"class_list":["post-32311","post","type-post","status-publish","format-standard","has-post-thumbnail","hentry","category-noticias"],"acf":[],"yoast_head":"<!-- This site is optimized with the Yoast SEO plugin v26.7 - https:\/\/yoast.com\/wordpress\/plugins\/seo\/ -->\n<title>\u00daltimo d\u00eda nadie se enoja - Arica y Parinacota<\/title>\n<meta name=\"robots\" content=\"index, follow, max-snippet:-1, max-image-preview:large, max-video-preview:-1\" \/>\n<link rel=\"canonical\" href=\"https:\/\/dev.explora.cl\/aricayparinacota\/ultimo-dia-nadie-se-enoja\/\" class=\"yoast-seo-meta-tag\" \/>\n<meta property=\"og:locale\" content=\"es_ES\" class=\"yoast-seo-meta-tag\" \/>\n<meta property=\"og:type\" content=\"article\" class=\"yoast-seo-meta-tag\" \/>\n<meta property=\"og:title\" content=\"\u00daltimo d\u00eda nadie se enoja - Arica y Parinacota\" class=\"yoast-seo-meta-tag\" \/>\n<meta property=\"og:description\" content=\"&nbsp; Cierre de recepci\u00f3n de trabajos al XII Congreso Regional de Ciencia y Tecnolog\u00eda &nbsp; El viernes 25 es el \u00faltimo d\u00eda para presentar trabajos cient\u00edficos escolares a la XII versi\u00f3n del Congreso Regional de Ciencia y Tecnolog\u00eda, organizado por el \u00e1rea de Valoraci\u00f3n de Explora CONICYT Arica y parinacota. Mucho antes que se lanzaran [&hellip;]\" class=\"yoast-seo-meta-tag\" \/>\n<meta property=\"og:url\" content=\"https:\/\/dev.explora.cl\/aricayparinacota\/ultimo-dia-nadie-se-enoja\/\" class=\"yoast-seo-meta-tag\" \/>\n<meta property=\"og:site_name\" content=\"Arica y Parinacota\" class=\"yoast-seo-meta-tag\" \/>\n<meta property=\"article:published_time\" content=\"2017-08-22T00:00:00+00:00\" class=\"yoast-seo-meta-tag\" \/>\n<meta property=\"article:modified_time\" content=\"2019-05-09T21:05:38+00:00\" class=\"yoast-seo-meta-tag\" \/>\n<meta property=\"og:image\" content=\"https:\/\/dev.explora.cl\/aricayparinacota\/wp-content\/uploads\/sites\/2\/2018\/06\/Miniatura_CRECyT.jpg\" class=\"yoast-seo-meta-tag\" \/>\n\t<meta property=\"og:image:width\" content=\"223\" class=\"yoast-seo-meta-tag\" \/>\n\t<meta property=\"og:image:height\" content=\"147\" class=\"yoast-seo-meta-tag\" \/>\n\t<meta property=\"og:image:type\" content=\"image\/jpeg\" class=\"yoast-seo-meta-tag\" \/>\n<meta name=\"author\" content=\"webman\" class=\"yoast-seo-meta-tag\" \/>\n<meta name=\"twitter:card\" content=\"summary_large_image\" class=\"yoast-seo-meta-tag\" \/>\n<meta name=\"twitter:label1\" content=\"Escrito por\" class=\"yoast-seo-meta-tag\" \/>\n\t<meta name=\"twitter:data1\" content=\"webman\" class=\"yoast-seo-meta-tag\" \/>\n\t<meta name=\"twitter:label2\" content=\"Tiempo estimado de lectura\" class=\"yoast-seo-meta-tag\" \/>\n\t<meta name=\"twitter:data2\" content=\"3 minutos\" class=\"yoast-seo-meta-tag\" \/>\n<script type=\"application\/ld+json\" class=\"yoast-schema-graph\">{\"@context\":\"https:\/\/schema.org\",\"@graph\":[{\"@type\":\"Article\",\"@id\":\"https:\/\/dev.explora.cl\/aricayparinacota\/ultimo-dia-nadie-se-enoja\/#article\",\"isPartOf\":{\"@id\":\"https:\/\/dev.explora.cl\/aricayparinacota\/ultimo-dia-nadie-se-enoja\/\"},\"author\":{\"name\":\"webman\",\"@id\":\"https:\/\/dev.explora.cl\/aricayparinacota\/#\/schema\/person\/cb8349c13ea2d324080adf8480d7ba5d\"},\"headline\":\"\u00daltimo d\u00eda nadie se enoja\",\"datePublished\":\"2017-08-22T00:00:00+00:00\",\"dateModified\":\"2019-05-09T21:05:38+00:00\",\"mainEntityOfPage\":{\"@id\":\"https:\/\/dev.explora.cl\/aricayparinacota\/ultimo-dia-nadie-se-enoja\/\"},\"wordCount\":621,\"commentCount\":0,\"publisher\":{\"@id\":\"https:\/\/dev.explora.cl\/aricayparinacota\/#organization\"},\"image\":{\"@id\":\"https:\/\/dev.explora.cl\/aricayparinacota\/ultimo-dia-nadie-se-enoja\/#primaryimage\"},\"thumbnailUrl\":\"https:\/\/dev.explora.cl\/aricayparinacota\/wp-content\/uploads\/sites\/2\/2018\/06\/Miniatura_CRECyT.jpg\",\"articleSection\":[\"Noticias\"],\"inLanguage\":\"es-CL\",\"potentialAction\":[{\"@type\":\"CommentAction\",\"name\":\"Comment\",\"target\":[\"https:\/\/dev.explora.cl\/aricayparinacota\/ultimo-dia-nadie-se-enoja\/#respond\"]}]},{\"@type\":\"WebPage\",\"@id\":\"https:\/\/dev.explora.cl\/aricayparinacota\/ultimo-dia-nadie-se-enoja\/\",\"url\":\"https:\/\/dev.explora.cl\/aricayparinacota\/ultimo-dia-nadie-se-enoja\/\",\"name\":\"\u00daltimo d\u00eda nadie se enoja - Arica y Parinacota\",\"isPartOf\":{\"@id\":\"https:\/\/dev.explora.cl\/aricayparinacota\/#website\"},\"primaryImageOfPage\":{\"@id\":\"https:\/\/dev.explora.cl\/aricayparinacota\/ultimo-dia-nadie-se-enoja\/#primaryimage\"},\"image\":{\"@id\":\"https:\/\/dev.explora.cl\/aricayparinacota\/ultimo-dia-nadie-se-enoja\/#primaryimage\"},\"thumbnailUrl\":\"https:\/\/dev.explora.cl\/aricayparinacota\/wp-content\/uploads\/sites\/2\/2018\/06\/Miniatura_CRECyT.jpg\",\"datePublished\":\"2017-08-22T00:00:00+00:00\",\"dateModified\":\"2019-05-09T21:05:38+00:00\",\"breadcrumb\":{\"@id\":\"https:\/\/dev.explora.cl\/aricayparinacota\/ultimo-dia-nadie-se-enoja\/#breadcrumb\"},\"inLanguage\":\"es-CL\",\"potentialAction\":[{\"@type\":\"ReadAction\",\"target\":[\"https:\/\/dev.explora.cl\/aricayparinacota\/ultimo-dia-nadie-se-enoja\/\"]}]},{\"@type\":\"ImageObject\",\"inLanguage\":\"es-CL\",\"@id\":\"https:\/\/dev.explora.cl\/aricayparinacota\/ultimo-dia-nadie-se-enoja\/#primaryimage\",\"url\":\"https:\/\/dev.explora.cl\/aricayparinacota\/wp-content\/uploads\/sites\/2\/2018\/06\/Miniatura_CRECyT.jpg\",\"contentUrl\":\"https:\/\/dev.explora.cl\/aricayparinacota\/wp-content\/uploads\/sites\/2\/2018\/06\/Miniatura_CRECyT.jpg\",\"width\":223,\"height\":147},{\"@type\":\"BreadcrumbList\",\"@id\":\"https:\/\/dev.explora.cl\/aricayparinacota\/ultimo-dia-nadie-se-enoja\/#breadcrumb\",\"itemListElement\":[{\"@type\":\"ListItem\",\"position\":1,\"name\":\"Portada\",\"item\":\"https:\/\/dev.explora.cl\/aricayparinacota\/\"},{\"@type\":\"ListItem\",\"position\":2,\"name\":\"\u00daltimo d\u00eda nadie se enoja\"}]},{\"@type\":\"WebSite\",\"@id\":\"https:\/\/dev.explora.cl\/aricayparinacota\/#website\",\"url\":\"https:\/\/dev.explora.cl\/aricayparinacota\/\",\"name\":\"Arica y Parinacota\",\"description\":\"Otro sitio m\u00e1s de dev.explora.cl\",\"publisher\":{\"@id\":\"https:\/\/dev.explora.cl\/aricayparinacota\/#organization\"},\"potentialAction\":[{\"@type\":\"SearchAction\",\"target\":{\"@type\":\"EntryPoint\",\"urlTemplate\":\"https:\/\/dev.explora.cl\/aricayparinacota\/?s={search_term_string}\"},\"query-input\":{\"@type\":\"PropertyValueSpecification\",\"valueRequired\":true,\"valueName\":\"search_term_string\"}}],\"inLanguage\":\"es-CL\"},{\"@type\":\"Organization\",\"@id\":\"https:\/\/dev.explora.cl\/aricayparinacota\/#organization\",\"name\":\"Arica y Parinacota\",\"url\":\"https:\/\/dev.explora.cl\/aricayparinacota\/\",\"logo\":{\"@type\":\"ImageObject\",\"inLanguage\":\"es-CL\",\"@id\":\"https:\/\/dev.explora.cl\/aricayparinacota\/#\/schema\/logo\/image\/\",\"url\":\"https:\/\/dev.explora.cl\/aricayparinacota\/wp-content\/uploads\/sites\/2\/2020\/08\/cropped-nuevosa-logos-11.png\",\"contentUrl\":\"https:\/\/dev.explora.cl\/aricayparinacota\/wp-content\/uploads\/sites\/2\/2020\/08\/cropped-nuevosa-logos-11.png\",\"width\":812,\"height\":937,\"caption\":\"Arica y Parinacota\"},\"image\":{\"@id\":\"https:\/\/dev.explora.cl\/aricayparinacota\/#\/schema\/logo\/image\/\"}},{\"@type\":\"Person\",\"@id\":\"https:\/\/dev.explora.cl\/aricayparinacota\/#\/schema\/person\/cb8349c13ea2d324080adf8480d7ba5d\",\"name\":\"webman\",\"image\":{\"@type\":\"ImageObject\",\"inLanguage\":\"es-CL\",\"@id\":\"https:\/\/dev.explora.cl\/aricayparinacota\/#\/schema\/person\/image\/\",\"url\":\"https:\/\/secure.gravatar.com\/avatar\/eeff3c82f2c02f7177d13663b7e6f890e9a6a0647ce9bb29cae02dcb094c7312?s=96&d=mm&r=g\",\"contentUrl\":\"https:\/\/secure.gravatar.com\/avatar\/eeff3c82f2c02f7177d13663b7e6f890e9a6a0647ce9bb29cae02dcb094c7312?s=96&d=mm&r=g\",\"caption\":\"webman\"},\"url\":\"https:\/\/dev.explora.cl\/aricayparinacota\/author\/webman\/\"}]}<\/script>\n<!-- \/ Yoast SEO plugin. -->","yoast_head_json":{"title":"\u00daltimo d\u00eda nadie se enoja - Arica y Parinacota","robots":{"index":"index","follow":"follow","max-snippet":"max-snippet:-1","max-image-preview":"max-image-preview:large","max-video-preview":"max-video-preview:-1"},"canonical":"https:\/\/dev.explora.cl\/aricayparinacota\/ultimo-dia-nadie-se-enoja\/","og_locale":"es_ES","og_type":"article","og_title":"\u00daltimo d\u00eda nadie se enoja - Arica y Parinacota","og_description":"&nbsp; Cierre de recepci\u00f3n de trabajos al XII Congreso Regional de Ciencia y Tecnolog\u00eda &nbsp; El viernes 25 es el \u00faltimo d\u00eda para presentar trabajos cient\u00edficos escolares a la XII versi\u00f3n del Congreso Regional de Ciencia y Tecnolog\u00eda, organizado por el \u00e1rea de Valoraci\u00f3n de Explora CONICYT Arica y parinacota. Mucho antes que se lanzaran [&hellip;]","og_url":"https:\/\/dev.explora.cl\/aricayparinacota\/ultimo-dia-nadie-se-enoja\/","og_site_name":"Arica y Parinacota","article_published_time":"2017-08-22T00:00:00+00:00","article_modified_time":"2019-05-09T21:05:38+00:00","og_image":[{"width":223,"height":147,"url":"https:\/\/dev.explora.cl\/aricayparinacota\/wp-content\/uploads\/sites\/2\/2018\/06\/Miniatura_CRECyT.jpg","type":"image\/jpeg"}],"author":"webman","twitter_card":"summary_large_image","twitter_misc":{"Escrito por":"webman","Tiempo estimado de lectura":"3 minutos"},"schema":{"@context":"https:\/\/schema.org","@graph":[{"@type":"Article","@id":"https:\/\/dev.explora.cl\/aricayparinacota\/ultimo-dia-nadie-se-enoja\/#article","isPartOf":{"@id":"https:\/\/dev.explora.cl\/aricayparinacota\/ultimo-dia-nadie-se-enoja\/"},"author":{"name":"webman","@id":"https:\/\/dev.explora.cl\/aricayparinacota\/#\/schema\/person\/cb8349c13ea2d324080adf8480d7ba5d"},"headline":"\u00daltimo d\u00eda nadie se enoja","datePublished":"2017-08-22T00:00:00+00:00","dateModified":"2019-05-09T21:05:38+00:00","mainEntityOfPage":{"@id":"https:\/\/dev.explora.cl\/aricayparinacota\/ultimo-dia-nadie-se-enoja\/"},"wordCount":621,"commentCount":0,"publisher":{"@id":"https:\/\/dev.explora.cl\/aricayparinacota\/#organization"},"image":{"@id":"https:\/\/dev.explora.cl\/aricayparinacota\/ultimo-dia-nadie-se-enoja\/#primaryimage"},"thumbnailUrl":"https:\/\/dev.explora.cl\/aricayparinacota\/wp-content\/uploads\/sites\/2\/2018\/06\/Miniatura_CRECyT.jpg","articleSection":["Noticias"],"inLanguage":"es-CL","potentialAction":[{"@type":"CommentAction","name":"Comment","target":["https:\/\/dev.explora.cl\/aricayparinacota\/ultimo-dia-nadie-se-enoja\/#respond"]}]},{"@type":"WebPage","@id":"https:\/\/dev.explora.cl\/aricayparinacota\/ultimo-dia-nadie-se-enoja\/","url":"https:\/\/dev.explora.cl\/aricayparinacota\/ultimo-dia-nadie-se-enoja\/","name":"\u00daltimo d\u00eda nadie se enoja - Arica y Parinacota","isPartOf":{"@id":"https:\/\/dev.explora.cl\/aricayparinacota\/#website"},"primaryImageOfPage":{"@id":"https:\/\/dev.explora.cl\/aricayparinacota\/ultimo-dia-nadie-se-enoja\/#primaryimage"},"image":{"@id":"https:\/\/dev.explora.cl\/aricayparinacota\/ultimo-dia-nadie-se-enoja\/#primaryimage"},"thumbnailUrl":"https:\/\/dev.explora.cl\/aricayparinacota\/wp-content\/uploads\/sites\/2\/2018\/06\/Miniatura_CRECyT.jpg","datePublished":"2017-08-22T00:00:00+00:00","dateModified":"2019-05-09T21:05:38+00:00","breadcrumb":{"@id":"https:\/\/dev.explora.cl\/aricayparinacota\/ultimo-dia-nadie-se-enoja\/#breadcrumb"},"inLanguage":"es-CL","potentialAction":[{"@type":"ReadAction","target":["https:\/\/dev.explora.cl\/aricayparinacota\/ultimo-dia-nadie-se-enoja\/"]}]},{"@type":"ImageObject","inLanguage":"es-CL","@id":"https:\/\/dev.explora.cl\/aricayparinacota\/ultimo-dia-nadie-se-enoja\/#primaryimage","url":"https:\/\/dev.explora.cl\/aricayparinacota\/wp-content\/uploads\/sites\/2\/2018\/06\/Miniatura_CRECyT.jpg","contentUrl":"https:\/\/dev.explora.cl\/aricayparinacota\/wp-content\/uploads\/sites\/2\/2018\/06\/Miniatura_CRECyT.jpg","width":223,"height":147},{"@type":"BreadcrumbList","@id":"https:\/\/dev.explora.cl\/aricayparinacota\/ultimo-dia-nadie-se-enoja\/#breadcrumb","itemListElement":[{"@type":"ListItem","position":1,"name":"Portada","item":"https:\/\/dev.explora.cl\/aricayparinacota\/"},{"@type":"ListItem","position":2,"name":"\u00daltimo d\u00eda nadie se enoja"}]},{"@type":"WebSite","@id":"https:\/\/dev.explora.cl\/aricayparinacota\/#website","url":"https:\/\/dev.explora.cl\/aricayparinacota\/","name":"Arica y Parinacota","description":"Otro sitio m\u00e1s de dev.explora.cl","publisher":{"@id":"https:\/\/dev.explora.cl\/aricayparinacota\/#organization"},"potentialAction":[{"@type":"SearchAction","target":{"@type":"EntryPoint","urlTemplate":"https:\/\/dev.explora.cl\/aricayparinacota\/?s={search_term_string}"},"query-input":{"@type":"PropertyValueSpecification","valueRequired":true,"valueName":"search_term_string"}}],"inLanguage":"es-CL"},{"@type":"Organization","@id":"https:\/\/dev.explora.cl\/aricayparinacota\/#organization","name":"Arica y Parinacota","url":"https:\/\/dev.explora.cl\/aricayparinacota\/","logo":{"@type":"ImageObject","inLanguage":"es-CL","@id":"https:\/\/dev.explora.cl\/aricayparinacota\/#\/schema\/logo\/image\/","url":"https:\/\/dev.explora.cl\/aricayparinacota\/wp-content\/uploads\/sites\/2\/2020\/08\/cropped-nuevosa-logos-11.png","contentUrl":"https:\/\/dev.explora.cl\/aricayparinacota\/wp-content\/uploads\/sites\/2\/2020\/08\/cropped-nuevosa-logos-11.png","width":812,"height":937,"caption":"Arica y Parinacota"},"image":{"@id":"https:\/\/dev.explora.cl\/aricayparinacota\/#\/schema\/logo\/image\/"}},{"@type":"Person","@id":"https:\/\/dev.explora.cl\/aricayparinacota\/#\/schema\/person\/cb8349c13ea2d324080adf8480d7ba5d","name":"webman","image":{"@type":"ImageObject","inLanguage":"es-CL","@id":"https:\/\/dev.explora.cl\/aricayparinacota\/#\/schema\/person\/image\/","url":"https:\/\/secure.gravatar.com\/avatar\/eeff3c82f2c02f7177d13663b7e6f890e9a6a0647ce9bb29cae02dcb094c7312?s=96&d=mm&r=g","contentUrl":"https:\/\/secure.gravatar.com\/avatar\/eeff3c82f2c02f7177d13663b7e6f890e9a6a0647ce9bb29cae02dcb094c7312?s=96&d=mm&r=g","caption":"webman"},"url":"https:\/\/dev.explora.cl\/aricayparinacota\/author\/webman\/"}]}},"_links":{"self":[{"href":"https:\/\/dev.explora.cl\/aricayparinacota\/wp-json\/wp\/v2\/posts\/32311","targetHints":{"allow":["GET"]}}],"collection":[{"href":"https:\/\/dev.explora.cl\/aricayparinacota\/wp-json\/wp\/v2\/posts"}],"about":[{"href":"https:\/\/dev.explora.cl\/aricayparinacota\/wp-json\/wp\/v2\/types\/post"}],"author":[{"embeddable":true,"href":"https:\/\/dev.explora.cl\/aricayparinacota\/wp-json\/wp\/v2\/users\/2"}],"replies":[{"embeddable":true,"href":"https:\/\/dev.explora.cl\/aricayparinacota\/wp-json\/wp\/v2\/comments?post=32311"}],"version-history":[{"count":1,"href":"https:\/\/dev.explora.cl\/aricayparinacota\/wp-json\/wp\/v2\/posts\/32311\/revisions"}],"predecessor-version":[{"id":32856,"href":"https:\/\/dev.explora.cl\/aricayparinacota\/wp-json\/wp\/v2\/posts\/32311\/revisions\/32856"}],"wp:featuredmedia":[{"embeddable":true,"href":"https:\/\/dev.explora.cl\/aricayparinacota\/wp-json\/wp\/v2\/media\/32312"}],"wp:attachment":[{"href":"https:\/\/dev.explora.cl\/aricayparinacota\/wp-json\/wp\/v2\/media?parent=32311"}],"wp:term":[{"taxonomy":"category","embeddable":true,"href":"https:\/\/dev.explora.cl\/aricayparinacota\/wp-json\/wp\/v2\/categories?post=32311"},{"taxonomy":"post_tag","embeddable":true,"href":"https:\/\/dev.explora.cl\/aricayparinacota\/wp-json\/wp\/v2\/tags?post=32311"}],"curies":[{"name":"wp","href":"https:\/\/api.w.org\/{rel}","templated":true}]}}