{"id":32309,"date":"2017-08-21T00:00:00","date_gmt":"2017-08-21T00:00:00","guid":{"rendered":"https:\/\/dev.explora.cl\/aricayparinacota\/blog\/2017\/08\/21\/la-pasion-de-contribuir-a-la-generacion-de-una-cultura-cientifica-y-tecnologica\/"},"modified":"2019-05-09T21:05:47","modified_gmt":"2019-05-09T21:05:47","slug":"la-pasion-de-contribuir-a-la-generacion-de-una-cultura-cientifica-y-tecnologica","status":"publish","type":"post","link":"https:\/\/dev.explora.cl\/aricayparinacota\/la-pasion-de-contribuir-a-la-generacion-de-una-cultura-cientifica-y-tecnologica\/","title":{"rendered":"La pasi\u00f3n de contribuir a la generaci\u00f3n de una cultura cient\u00edfica y tecnol\u00f3gica"},"content":{"rendered":"<p>Directora de Explora CONICYT de Arica y Parinacota<\/p>\n<p>&nbsp;<\/p>\n<p><em>Ante 1.440 profesores, convocados por la Asociaci\u00f3n de Directores de Colegios de Arica, expuso la directora del Proyecto Asociativo Regional Explora CONICYT de Arica y Parinacota, el tema por el que ella y el equipo EXPLORA, trabajan en la construcci\u00f3n de los pilares de la ciencia escolar en la UTA.<\/em><\/p>\n<p><em>&nbsp;<\/em><\/p>\n<p>Fueron atendidos 73 establecimientos educativos en la regi\u00f3n; con 18.235 usuarios, los que participaron en 35 actividades; esto signific\u00f3 la creaci\u00f3n de un sistema de gesti\u00f3n de proyecto para datos territoriales y la publicaci\u00f3n de lo realizado el a\u00f1o 2016 con m\u00e1s de 500 apariciones en medios de comunicaci\u00f3n.<\/p>\n<p>&nbsp;<\/p>\n<p>Son las cifras reveladoras del trabajo del a\u00f1o uno del Proyecto Asociativo Regional Explora CONICYT,&nbsp;Arica y Parinacota, dadas a conocer por su directora, M\u00f3nica Navarrete, Dra. en Modelamiento Econ\u00f3mico, ante la concurrencia de 1.440 profesores de 25 establecimientos de Arica.<\/p>\n<p>&nbsp;<\/p>\n<p>\u201cLos desaf\u00edos de la educaci\u00f3n chilena en el mundo de hoy\u201d, fue el tema del Congreso de Educaci\u00f3n de Colegios Particulares y Particulares Subvencionados, para directivos y docentes que se realiz\u00f3 en el gimnasio del Colegio San Jorge.<\/p>\n<p>&nbsp;<\/p>\n<p>Fue el escenario ideal donde la directora Navarrete expuso sobre \u201cLa importancia del aprendizaje de la ciencia en el siglo XXI\u201d, abordando varios temas relacionados con la formaci\u00f3n cient\u00edfica escolar. Entre ellos, las transformaciones en la ense\u00f1anza, que va desde la modernizaci\u00f3n e intensificaci\u00f3n de la presencia de las ciencias en los curr\u00edculos en los a\u00f1os sesenta, a la importancia de contextualizaci\u00f3n que hoy enfatiza la relaci\u00f3n entre la ciencia, la vida cotidiana y los aspectos sociales, con la finalidad de formar ciudadanos capaces de tomar decisiones fundamentadas en cuestiones cient\u00edficas y tecnol\u00f3gicas.&nbsp;&nbsp;<\/p>\n<p>&nbsp;<\/p>\n<p>Con el ejemplo de estudiantes chilenos, que habiendo participado en campamentos, cert\u00e1menes, campeonatos o congresos cient\u00edficos a nivel nacional e internacional, mostr\u00f3 las posibilidades que se generan en la formaci\u00f3n de redes,&nbsp; lugares y de adentrarse tempranamente en el camino de la investigaci\u00f3n. Experiencias que tambi\u00e9n han afectado a sus profesores tutores y\/o investigadores de hoy, y que &nbsp;gracias a su participaci\u00f3n en actividades de ciencia escolar, lograron motivarse y dedicarse a la ciencia a nivel profesional.<\/p>\n<p>&nbsp;<\/p>\n<p>Destac\u00f3 que el nivel de inter\u00e9s y participaci\u00f3n en investigaci\u00f3n a edades tempranas ha conducido a la presentaci\u00f3n de la Revista Brotes Cient\u00edficos, que es un espacio destinado especialmente para que profesores y estudiantes de ense\u00f1anza b\u00e1sica y media puedan divulgar sus hallazgos y aportes a la ciencia.<\/p>\n<p>&nbsp;<\/p>\n<p>En su intervenci\u00f3n, M\u00f3nica Navarrete, se explay\u00f3 sobre el Proyecto Asociativo Regional Explora CONICYT Arica y Parinacota, que cuenta con siete instituciones locales como socios regionales y realiza diversas actividades alineadas en los ejes de Patrimonio Cultural y Regional; Diversidad Biol\u00f3gica, \u00c9tnica y Social; y Recursos Naturales y Ubicaci\u00f3n Geogr\u00e1fica.<\/p>\n<p>&nbsp;<\/p>\n<p>Por \u00faltimo, dio a conocer cada una de la actividades de ciencia y tecnolog\u00eda para estudiantes que se han realizado en la regi\u00f3n desde el a\u00f1o 2016, compartiendo la experiencia del Campamento Cient\u00edfico Escolar, realizado desde el&nbsp;17 al 22 de julio del presente a\u00f1o y el XVIII Congreso Nacional Escolar de Ciencia y Tecnolog\u00eda, que este a\u00f1o se efectuar\u00e1 en Arica entre el 28 y 30 de noviembre.<\/p>\n<p>&nbsp;<\/p>\n<p>El proyecto Explora, desarrollado por la Universidad de Tarapac\u00e1, en el primer a\u00f1o de ejecuci\u00f3n ha logrado posicionar la ciencia escolar en todos los pisos ecol\u00f3gicos de esta regi\u00f3n; logrando cada vez m\u00e1s una mayor convocatoria en las diversas actividades, que realiza un equipo de profesionales que se transforma y adapta a los nuevos requerimientos educativos y sociales que aparecen. Trabajo que, sin duda, puede hacerse mejor cuando el equipo de profesionales siente pasi\u00f3n por lo que hace.<\/p>\n<p>&nbsp;<\/p>\n<p><img loading=\"lazy\" decoding=\"async\" class=\" size-full wp-image-27301\" src=\"https:\/\/dev.explora.cl\/wp-content\/uploads\/2017\/08\/Collage_Directores.jpg\" alt=\"Collage Directores\" width=\"900\" height=\"400\" \/><\/p>\n","protected":false},"excerpt":{"rendered":"<p>Directora de Explora CONICYT de Arica y Parinacota &nbsp; Ante 1.440 profesores, convocados por la Asociaci\u00f3n de Directores de Colegios de Arica, expuso la directora del Proyecto Asociativo Regional Explora CONICYT de Arica y Parinacota, el tema por el que ella y el equipo EXPLORA, trabajan en la construcci\u00f3n de los pilares de la ciencia [&hellip;]<\/p>\n","protected":false},"author":2,"featured_media":32256,"comment_status":"open","ping_status":"open","sticky":false,"template":"","format":"standard","meta":{"_acf_changed":false,"_exactmetrics_skip_tracking":false,"_exactmetrics_sitenote_active":false,"_exactmetrics_sitenote_note":"","_exactmetrics_sitenote_category":0,"footnotes":"","_links_to":"","_links_to_target":""},"categories":[4],"tags":[],"class_list":["post-32309","post","type-post","status-publish","format-standard","has-post-thumbnail","hentry","category-noticias"],"acf":[],"yoast_head":"<!-- This site is optimized with the Yoast SEO plugin v26.7 - https:\/\/yoast.com\/wordpress\/plugins\/seo\/ -->\n<title>La pasi\u00f3n de contribuir a la generaci\u00f3n de una cultura cient\u00edfica y tecnol\u00f3gica - Arica y Parinacota<\/title>\n<meta name=\"robots\" content=\"index, follow, max-snippet:-1, max-image-preview:large, max-video-preview:-1\" \/>\n<link rel=\"canonical\" href=\"https:\/\/dev.explora.cl\/aricayparinacota\/la-pasion-de-contribuir-a-la-generacion-de-una-cultura-cientifica-y-tecnologica\/\" class=\"yoast-seo-meta-tag\" \/>\n<meta property=\"og:locale\" content=\"es_ES\" class=\"yoast-seo-meta-tag\" \/>\n<meta property=\"og:type\" content=\"article\" class=\"yoast-seo-meta-tag\" \/>\n<meta property=\"og:title\" content=\"La pasi\u00f3n de contribuir a la generaci\u00f3n de una cultura cient\u00edfica y tecnol\u00f3gica - Arica y Parinacota\" class=\"yoast-seo-meta-tag\" \/>\n<meta property=\"og:description\" content=\"Directora de Explora CONICYT de Arica y Parinacota &nbsp; Ante 1.440 profesores, convocados por la Asociaci\u00f3n de Directores de Colegios de Arica, expuso la directora del Proyecto Asociativo Regional Explora CONICYT de Arica y Parinacota, el tema por el que ella y el equipo EXPLORA, trabajan en la construcci\u00f3n de los pilares de la ciencia [&hellip;]\" class=\"yoast-seo-meta-tag\" \/>\n<meta property=\"og:url\" content=\"https:\/\/dev.explora.cl\/aricayparinacota\/la-pasion-de-contribuir-a-la-generacion-de-una-cultura-cientifica-y-tecnologica\/\" class=\"yoast-seo-meta-tag\" \/>\n<meta property=\"og:site_name\" content=\"Arica y Parinacota\" class=\"yoast-seo-meta-tag\" \/>\n<meta property=\"article:published_time\" content=\"2017-08-21T00:00:00+00:00\" class=\"yoast-seo-meta-tag\" \/>\n<meta property=\"article:modified_time\" content=\"2019-05-09T21:05:47+00:00\" class=\"yoast-seo-meta-tag\" \/>\n<meta property=\"og:image\" content=\"https:\/\/dev.explora.cl\/aricayparinacota\/wp-content\/uploads\/sites\/2\/2018\/06\/Miniatura-Directores.jpg\" class=\"yoast-seo-meta-tag\" \/>\n\t<meta property=\"og:image:width\" content=\"223\" class=\"yoast-seo-meta-tag\" \/>\n\t<meta property=\"og:image:height\" content=\"147\" class=\"yoast-seo-meta-tag\" \/>\n\t<meta property=\"og:image:type\" content=\"image\/jpeg\" class=\"yoast-seo-meta-tag\" \/>\n<meta name=\"author\" content=\"webman\" class=\"yoast-seo-meta-tag\" \/>\n<meta name=\"twitter:card\" content=\"summary_large_image\" class=\"yoast-seo-meta-tag\" \/>\n<meta name=\"twitter:label1\" content=\"Escrito por\" class=\"yoast-seo-meta-tag\" \/>\n\t<meta name=\"twitter:data1\" content=\"webman\" class=\"yoast-seo-meta-tag\" \/>\n\t<meta name=\"twitter:label2\" content=\"Tiempo estimado de lectura\" class=\"yoast-seo-meta-tag\" \/>\n\t<meta name=\"twitter:data2\" content=\"3 minutos\" class=\"yoast-seo-meta-tag\" \/>\n<script type=\"application\/ld+json\" class=\"yoast-schema-graph\">{\"@context\":\"https:\/\/schema.org\",\"@graph\":[{\"@type\":\"Article\",\"@id\":\"https:\/\/dev.explora.cl\/aricayparinacota\/la-pasion-de-contribuir-a-la-generacion-de-una-cultura-cientifica-y-tecnologica\/#article\",\"isPartOf\":{\"@id\":\"https:\/\/dev.explora.cl\/aricayparinacota\/la-pasion-de-contribuir-a-la-generacion-de-una-cultura-cientifica-y-tecnologica\/\"},\"author\":{\"name\":\"webman\",\"@id\":\"https:\/\/dev.explora.cl\/aricayparinacota\/#\/schema\/person\/cb8349c13ea2d324080adf8480d7ba5d\"},\"headline\":\"La pasi\u00f3n de contribuir a la generaci\u00f3n de una cultura cient\u00edfica y tecnol\u00f3gica\",\"datePublished\":\"2017-08-21T00:00:00+00:00\",\"dateModified\":\"2019-05-09T21:05:47+00:00\",\"mainEntityOfPage\":{\"@id\":\"https:\/\/dev.explora.cl\/aricayparinacota\/la-pasion-de-contribuir-a-la-generacion-de-una-cultura-cientifica-y-tecnologica\/\"},\"wordCount\":680,\"commentCount\":0,\"publisher\":{\"@id\":\"https:\/\/dev.explora.cl\/aricayparinacota\/#organization\"},\"image\":{\"@id\":\"https:\/\/dev.explora.cl\/aricayparinacota\/la-pasion-de-contribuir-a-la-generacion-de-una-cultura-cientifica-y-tecnologica\/#primaryimage\"},\"thumbnailUrl\":\"https:\/\/dev.explora.cl\/aricayparinacota\/wp-content\/uploads\/sites\/2\/2018\/06\/Miniatura-Directores.jpg\",\"articleSection\":[\"Noticias\"],\"inLanguage\":\"es-CL\",\"potentialAction\":[{\"@type\":\"CommentAction\",\"name\":\"Comment\",\"target\":[\"https:\/\/dev.explora.cl\/aricayparinacota\/la-pasion-de-contribuir-a-la-generacion-de-una-cultura-cientifica-y-tecnologica\/#respond\"]}]},{\"@type\":\"WebPage\",\"@id\":\"https:\/\/dev.explora.cl\/aricayparinacota\/la-pasion-de-contribuir-a-la-generacion-de-una-cultura-cientifica-y-tecnologica\/\",\"url\":\"https:\/\/dev.explora.cl\/aricayparinacota\/la-pasion-de-contribuir-a-la-generacion-de-una-cultura-cientifica-y-tecnologica\/\",\"name\":\"La pasi\u00f3n de contribuir a la generaci\u00f3n de una cultura cient\u00edfica y tecnol\u00f3gica - Arica y Parinacota\",\"isPartOf\":{\"@id\":\"https:\/\/dev.explora.cl\/aricayparinacota\/#website\"},\"primaryImageOfPage\":{\"@id\":\"https:\/\/dev.explora.cl\/aricayparinacota\/la-pasion-de-contribuir-a-la-generacion-de-una-cultura-cientifica-y-tecnologica\/#primaryimage\"},\"image\":{\"@id\":\"https:\/\/dev.explora.cl\/aricayparinacota\/la-pasion-de-contribuir-a-la-generacion-de-una-cultura-cientifica-y-tecnologica\/#primaryimage\"},\"thumbnailUrl\":\"https:\/\/dev.explora.cl\/aricayparinacota\/wp-content\/uploads\/sites\/2\/2018\/06\/Miniatura-Directores.jpg\",\"datePublished\":\"2017-08-21T00:00:00+00:00\",\"dateModified\":\"2019-05-09T21:05:47+00:00\",\"breadcrumb\":{\"@id\":\"https:\/\/dev.explora.cl\/aricayparinacota\/la-pasion-de-contribuir-a-la-generacion-de-una-cultura-cientifica-y-tecnologica\/#breadcrumb\"},\"inLanguage\":\"es-CL\",\"potentialAction\":[{\"@type\":\"ReadAction\",\"target\":[\"https:\/\/dev.explora.cl\/aricayparinacota\/la-pasion-de-contribuir-a-la-generacion-de-una-cultura-cientifica-y-tecnologica\/\"]}]},{\"@type\":\"ImageObject\",\"inLanguage\":\"es-CL\",\"@id\":\"https:\/\/dev.explora.cl\/aricayparinacota\/la-pasion-de-contribuir-a-la-generacion-de-una-cultura-cientifica-y-tecnologica\/#primaryimage\",\"url\":\"https:\/\/dev.explora.cl\/aricayparinacota\/wp-content\/uploads\/sites\/2\/2018\/06\/Miniatura-Directores.jpg\",\"contentUrl\":\"https:\/\/dev.explora.cl\/aricayparinacota\/wp-content\/uploads\/sites\/2\/2018\/06\/Miniatura-Directores.jpg\",\"width\":223,\"height\":147},{\"@type\":\"BreadcrumbList\",\"@id\":\"https:\/\/dev.explora.cl\/aricayparinacota\/la-pasion-de-contribuir-a-la-generacion-de-una-cultura-cientifica-y-tecnologica\/#breadcrumb\",\"itemListElement\":[{\"@type\":\"ListItem\",\"position\":1,\"name\":\"Portada\",\"item\":\"https:\/\/dev.explora.cl\/aricayparinacota\/\"},{\"@type\":\"ListItem\",\"position\":2,\"name\":\"La pasi\u00f3n de contribuir a la generaci\u00f3n de una cultura cient\u00edfica y tecnol\u00f3gica\"}]},{\"@type\":\"WebSite\",\"@id\":\"https:\/\/dev.explora.cl\/aricayparinacota\/#website\",\"url\":\"https:\/\/dev.explora.cl\/aricayparinacota\/\",\"name\":\"Arica y Parinacota\",\"description\":\"Otro sitio m\u00e1s de dev.explora.cl\",\"publisher\":{\"@id\":\"https:\/\/dev.explora.cl\/aricayparinacota\/#organization\"},\"potentialAction\":[{\"@type\":\"SearchAction\",\"target\":{\"@type\":\"EntryPoint\",\"urlTemplate\":\"https:\/\/dev.explora.cl\/aricayparinacota\/?s={search_term_string}\"},\"query-input\":{\"@type\":\"PropertyValueSpecification\",\"valueRequired\":true,\"valueName\":\"search_term_string\"}}],\"inLanguage\":\"es-CL\"},{\"@type\":\"Organization\",\"@id\":\"https:\/\/dev.explora.cl\/aricayparinacota\/#organization\",\"name\":\"Arica y Parinacota\",\"url\":\"https:\/\/dev.explora.cl\/aricayparinacota\/\",\"logo\":{\"@type\":\"ImageObject\",\"inLanguage\":\"es-CL\",\"@id\":\"https:\/\/dev.explora.cl\/aricayparinacota\/#\/schema\/logo\/image\/\",\"url\":\"https:\/\/dev.explora.cl\/aricayparinacota\/wp-content\/uploads\/sites\/2\/2020\/08\/cropped-nuevosa-logos-11.png\",\"contentUrl\":\"https:\/\/dev.explora.cl\/aricayparinacota\/wp-content\/uploads\/sites\/2\/2020\/08\/cropped-nuevosa-logos-11.png\",\"width\":812,\"height\":937,\"caption\":\"Arica y Parinacota\"},\"image\":{\"@id\":\"https:\/\/dev.explora.cl\/aricayparinacota\/#\/schema\/logo\/image\/\"}},{\"@type\":\"Person\",\"@id\":\"https:\/\/dev.explora.cl\/aricayparinacota\/#\/schema\/person\/cb8349c13ea2d324080adf8480d7ba5d\",\"name\":\"webman\",\"image\":{\"@type\":\"ImageObject\",\"inLanguage\":\"es-CL\",\"@id\":\"https:\/\/dev.explora.cl\/aricayparinacota\/#\/schema\/person\/image\/\",\"url\":\"https:\/\/secure.gravatar.com\/avatar\/eeff3c82f2c02f7177d13663b7e6f890e9a6a0647ce9bb29cae02dcb094c7312?s=96&d=mm&r=g\",\"contentUrl\":\"https:\/\/secure.gravatar.com\/avatar\/eeff3c82f2c02f7177d13663b7e6f890e9a6a0647ce9bb29cae02dcb094c7312?s=96&d=mm&r=g\",\"caption\":\"webman\"},\"url\":\"https:\/\/dev.explora.cl\/aricayparinacota\/author\/webman\/\"}]}<\/script>\n<!-- \/ Yoast SEO plugin. -->","yoast_head_json":{"title":"La pasi\u00f3n de contribuir a la generaci\u00f3n de una cultura cient\u00edfica y tecnol\u00f3gica - Arica y Parinacota","robots":{"index":"index","follow":"follow","max-snippet":"max-snippet:-1","max-image-preview":"max-image-preview:large","max-video-preview":"max-video-preview:-1"},"canonical":"https:\/\/dev.explora.cl\/aricayparinacota\/la-pasion-de-contribuir-a-la-generacion-de-una-cultura-cientifica-y-tecnologica\/","og_locale":"es_ES","og_type":"article","og_title":"La pasi\u00f3n de contribuir a la generaci\u00f3n de una cultura cient\u00edfica y tecnol\u00f3gica - Arica y Parinacota","og_description":"Directora de Explora CONICYT de Arica y Parinacota &nbsp; Ante 1.440 profesores, convocados por la Asociaci\u00f3n de Directores de Colegios de Arica, expuso la directora del Proyecto Asociativo Regional Explora CONICYT de Arica y Parinacota, el tema por el que ella y el equipo EXPLORA, trabajan en la construcci\u00f3n de los pilares de la ciencia [&hellip;]","og_url":"https:\/\/dev.explora.cl\/aricayparinacota\/la-pasion-de-contribuir-a-la-generacion-de-una-cultura-cientifica-y-tecnologica\/","og_site_name":"Arica y Parinacota","article_published_time":"2017-08-21T00:00:00+00:00","article_modified_time":"2019-05-09T21:05:47+00:00","og_image":[{"width":223,"height":147,"url":"https:\/\/dev.explora.cl\/aricayparinacota\/wp-content\/uploads\/sites\/2\/2018\/06\/Miniatura-Directores.jpg","type":"image\/jpeg"}],"author":"webman","twitter_card":"summary_large_image","twitter_misc":{"Escrito por":"webman","Tiempo estimado de lectura":"3 minutos"},"schema":{"@context":"https:\/\/schema.org","@graph":[{"@type":"Article","@id":"https:\/\/dev.explora.cl\/aricayparinacota\/la-pasion-de-contribuir-a-la-generacion-de-una-cultura-cientifica-y-tecnologica\/#article","isPartOf":{"@id":"https:\/\/dev.explora.cl\/aricayparinacota\/la-pasion-de-contribuir-a-la-generacion-de-una-cultura-cientifica-y-tecnologica\/"},"author":{"name":"webman","@id":"https:\/\/dev.explora.cl\/aricayparinacota\/#\/schema\/person\/cb8349c13ea2d324080adf8480d7ba5d"},"headline":"La pasi\u00f3n de contribuir a la generaci\u00f3n de una cultura cient\u00edfica y tecnol\u00f3gica","datePublished":"2017-08-21T00:00:00+00:00","dateModified":"2019-05-09T21:05:47+00:00","mainEntityOfPage":{"@id":"https:\/\/dev.explora.cl\/aricayparinacota\/la-pasion-de-contribuir-a-la-generacion-de-una-cultura-cientifica-y-tecnologica\/"},"wordCount":680,"commentCount":0,"publisher":{"@id":"https:\/\/dev.explora.cl\/aricayparinacota\/#organization"},"image":{"@id":"https:\/\/dev.explora.cl\/aricayparinacota\/la-pasion-de-contribuir-a-la-generacion-de-una-cultura-cientifica-y-tecnologica\/#primaryimage"},"thumbnailUrl":"https:\/\/dev.explora.cl\/aricayparinacota\/wp-content\/uploads\/sites\/2\/2018\/06\/Miniatura-Directores.jpg","articleSection":["Noticias"],"inLanguage":"es-CL","potentialAction":[{"@type":"CommentAction","name":"Comment","target":["https:\/\/dev.explora.cl\/aricayparinacota\/la-pasion-de-contribuir-a-la-generacion-de-una-cultura-cientifica-y-tecnologica\/#respond"]}]},{"@type":"WebPage","@id":"https:\/\/dev.explora.cl\/aricayparinacota\/la-pasion-de-contribuir-a-la-generacion-de-una-cultura-cientifica-y-tecnologica\/","url":"https:\/\/dev.explora.cl\/aricayparinacota\/la-pasion-de-contribuir-a-la-generacion-de-una-cultura-cientifica-y-tecnologica\/","name":"La pasi\u00f3n de contribuir a la generaci\u00f3n de una cultura cient\u00edfica y tecnol\u00f3gica - Arica y Parinacota","isPartOf":{"@id":"https:\/\/dev.explora.cl\/aricayparinacota\/#website"},"primaryImageOfPage":{"@id":"https:\/\/dev.explora.cl\/aricayparinacota\/la-pasion-de-contribuir-a-la-generacion-de-una-cultura-cientifica-y-tecnologica\/#primaryimage"},"image":{"@id":"https:\/\/dev.explora.cl\/aricayparinacota\/la-pasion-de-contribuir-a-la-generacion-de-una-cultura-cientifica-y-tecnologica\/#primaryimage"},"thumbnailUrl":"https:\/\/dev.explora.cl\/aricayparinacota\/wp-content\/uploads\/sites\/2\/2018\/06\/Miniatura-Directores.jpg","datePublished":"2017-08-21T00:00:00+00:00","dateModified":"2019-05-09T21:05:47+00:00","breadcrumb":{"@id":"https:\/\/dev.explora.cl\/aricayparinacota\/la-pasion-de-contribuir-a-la-generacion-de-una-cultura-cientifica-y-tecnologica\/#breadcrumb"},"inLanguage":"es-CL","potentialAction":[{"@type":"ReadAction","target":["https:\/\/dev.explora.cl\/aricayparinacota\/la-pasion-de-contribuir-a-la-generacion-de-una-cultura-cientifica-y-tecnologica\/"]}]},{"@type":"ImageObject","inLanguage":"es-CL","@id":"https:\/\/dev.explora.cl\/aricayparinacota\/la-pasion-de-contribuir-a-la-generacion-de-una-cultura-cientifica-y-tecnologica\/#primaryimage","url":"https:\/\/dev.explora.cl\/aricayparinacota\/wp-content\/uploads\/sites\/2\/2018\/06\/Miniatura-Directores.jpg","contentUrl":"https:\/\/dev.explora.cl\/aricayparinacota\/wp-content\/uploads\/sites\/2\/2018\/06\/Miniatura-Directores.jpg","width":223,"height":147},{"@type":"BreadcrumbList","@id":"https:\/\/dev.explora.cl\/aricayparinacota\/la-pasion-de-contribuir-a-la-generacion-de-una-cultura-cientifica-y-tecnologica\/#breadcrumb","itemListElement":[{"@type":"ListItem","position":1,"name":"Portada","item":"https:\/\/dev.explora.cl\/aricayparinacota\/"},{"@type":"ListItem","position":2,"name":"La pasi\u00f3n de contribuir a la generaci\u00f3n de una cultura cient\u00edfica y tecnol\u00f3gica"}]},{"@type":"WebSite","@id":"https:\/\/dev.explora.cl\/aricayparinacota\/#website","url":"https:\/\/dev.explora.cl\/aricayparinacota\/","name":"Arica y Parinacota","description":"Otro sitio m\u00e1s de dev.explora.cl","publisher":{"@id":"https:\/\/dev.explora.cl\/aricayparinacota\/#organization"},"potentialAction":[{"@type":"SearchAction","target":{"@type":"EntryPoint","urlTemplate":"https:\/\/dev.explora.cl\/aricayparinacota\/?s={search_term_string}"},"query-input":{"@type":"PropertyValueSpecification","valueRequired":true,"valueName":"search_term_string"}}],"inLanguage":"es-CL"},{"@type":"Organization","@id":"https:\/\/dev.explora.cl\/aricayparinacota\/#organization","name":"Arica y Parinacota","url":"https:\/\/dev.explora.cl\/aricayparinacota\/","logo":{"@type":"ImageObject","inLanguage":"es-CL","@id":"https:\/\/dev.explora.cl\/aricayparinacota\/#\/schema\/logo\/image\/","url":"https:\/\/dev.explora.cl\/aricayparinacota\/wp-content\/uploads\/sites\/2\/2020\/08\/cropped-nuevosa-logos-11.png","contentUrl":"https:\/\/dev.explora.cl\/aricayparinacota\/wp-content\/uploads\/sites\/2\/2020\/08\/cropped-nuevosa-logos-11.png","width":812,"height":937,"caption":"Arica y Parinacota"},"image":{"@id":"https:\/\/dev.explora.cl\/aricayparinacota\/#\/schema\/logo\/image\/"}},{"@type":"Person","@id":"https:\/\/dev.explora.cl\/aricayparinacota\/#\/schema\/person\/cb8349c13ea2d324080adf8480d7ba5d","name":"webman","image":{"@type":"ImageObject","inLanguage":"es-CL","@id":"https:\/\/dev.explora.cl\/aricayparinacota\/#\/schema\/person\/image\/","url":"https:\/\/secure.gravatar.com\/avatar\/eeff3c82f2c02f7177d13663b7e6f890e9a6a0647ce9bb29cae02dcb094c7312?s=96&d=mm&r=g","contentUrl":"https:\/\/secure.gravatar.com\/avatar\/eeff3c82f2c02f7177d13663b7e6f890e9a6a0647ce9bb29cae02dcb094c7312?s=96&d=mm&r=g","caption":"webman"},"url":"https:\/\/dev.explora.cl\/aricayparinacota\/author\/webman\/"}]}},"_links":{"self":[{"href":"https:\/\/dev.explora.cl\/aricayparinacota\/wp-json\/wp\/v2\/posts\/32309","targetHints":{"allow":["GET"]}}],"collection":[{"href":"https:\/\/dev.explora.cl\/aricayparinacota\/wp-json\/wp\/v2\/posts"}],"about":[{"href":"https:\/\/dev.explora.cl\/aricayparinacota\/wp-json\/wp\/v2\/types\/post"}],"author":[{"embeddable":true,"href":"https:\/\/dev.explora.cl\/aricayparinacota\/wp-json\/wp\/v2\/users\/2"}],"replies":[{"embeddable":true,"href":"https:\/\/dev.explora.cl\/aricayparinacota\/wp-json\/wp\/v2\/comments?post=32309"}],"version-history":[{"count":1,"href":"https:\/\/dev.explora.cl\/aricayparinacota\/wp-json\/wp\/v2\/posts\/32309\/revisions"}],"predecessor-version":[{"id":32857,"href":"https:\/\/dev.explora.cl\/aricayparinacota\/wp-json\/wp\/v2\/posts\/32309\/revisions\/32857"}],"wp:featuredmedia":[{"embeddable":true,"href":"https:\/\/dev.explora.cl\/aricayparinacota\/wp-json\/wp\/v2\/media\/32256"}],"wp:attachment":[{"href":"https:\/\/dev.explora.cl\/aricayparinacota\/wp-json\/wp\/v2\/media?parent=32309"}],"wp:term":[{"taxonomy":"category","embeddable":true,"href":"https:\/\/dev.explora.cl\/aricayparinacota\/wp-json\/wp\/v2\/categories?post=32309"},{"taxonomy":"post_tag","embeddable":true,"href":"https:\/\/dev.explora.cl\/aricayparinacota\/wp-json\/wp\/v2\/tags?post=32309"}],"curies":[{"name":"wp","href":"https:\/\/api.w.org\/{rel}","templated":true}]}}