{"id":32300,"date":"2017-08-04T00:00:00","date_gmt":"2017-08-04T00:00:00","guid":{"rendered":"https:\/\/dev.explora.cl\/aricayparinacota\/blog\/2017\/08\/04\/el-oceano-de-chile-en-entretenido-album-2\/"},"modified":"2019-05-09T21:06:11","modified_gmt":"2019-05-09T21:06:11","slug":"el-oceano-de-chile-en-entretenido-album-2","status":"publish","type":"post","link":"https:\/\/dev.explora.cl\/aricayparinacota\/el-oceano-de-chile-en-entretenido-album-2\/","title":{"rendered":"El oc\u00e9ano de Chile en entretenido \u00e1lbum"},"content":{"rendered":"<p>&nbsp;<\/p>\n<p><em>Desarrollado por el Programa Explora de CONICYT para ser distribuido en establecimientos educacionales, la publicaci\u00f3n cuenta con 32 p\u00e1ginas, 45 l\u00e1minas coleccionables y ocho actividades pr\u00e1cticas para trabajar en el aula, incluyendo videos y orientaciones pedag\u00f3gicas de apoyo. El \u00e1lbum Explora se lanzar\u00e1 el d\u00eda viernes 4 de agosto a las 15:30 horas en la sala de eventos de FACSOJUR en la Universidad de Tarapac\u00e1 campus Saucache.<\/em><\/p>\n<p><strong><em>&nbsp;<\/em><\/strong><\/p>\n<p>Desde Arica parte el \u00e9pico viaje emprendido por un ping\u00fcino de Humboldt y sus amigos por las costas de Chile, una traves\u00eda en la cual ir\u00e1n conociendo fen\u00f3menos y especies caracter\u00edsticas de nuestro mar. Es parte de la aventura que invita a vivir el <strong>\u00e1lbum \u201cUn gran viaje por el oc\u00e9ano\u201d<\/strong>, iniciativa de CONICYT, a trav\u00e9s de su Programa Explora, que busca promover el inter\u00e9s por la ciencia en estudiantes de educaci\u00f3n b\u00e1sica.<\/p>\n<p>Dise\u00f1ado como parte del Tema del A\u00f1o Explora 2017, que con el lema \u201cSum\u00e9rgete en un nuevo mundo\u201d destaca la importancia del oc\u00e9ano,&nbsp; la publicaci\u00f3n cuenta con <strong>32 p\u00e1ginas y 45 l\u00e1minas coleccionables<\/strong> que permiten conocer especies que habitan nuestras costas, como pel\u00edcanos, congrios, toninas y la langosta de Juan Fern\u00e1ndez. Los contenidos incluyen ocho actividades pr\u00e1cticas para trabajar en el aula, las que cuentan con videos y orientaciones pedag\u00f3gicas.<\/p>\n<p>\u201cUn Gran Viaje por el Oc\u00e9ano\u201d representa una valiosa <strong>herramienta de apoyo para los profesores<\/strong>, ya que ha sido elaborado en sinton\u00eda con el curr\u00edculum de estudios. \u201cEsto es parte de las nuevas estrategias que estamos promoviendo para el aprendizaje de la ciencia y la tecnolog\u00eda en Chile, con iniciativas que motivan a los alumnos y las alumnas a involucrarse de manera directa y participativa con las ciencias, a trav\u00e9s de actividades pr\u00e1cticas y entretenidas, como las que propone el \u00e1lbum\u201d, se\u00f1al\u00f3 Natalia Mackenzie, directora del Programa Explora.<\/p>\n<p>Para la directora del Proyecto Asociativo Regional Explora CONICYT Arica y Parinacota, Dra. M\u00f3nica Navarrete, \u201ceste \u00e1lbum es una maravillosa herramienta educativa, que acerca el oc\u00e9ano a los estudiantes de Arica y Parinacota en forma l\u00fadica, ya que existe un viaje desde nuestra regi\u00f3n al sur de personajes muy bien estructurados\u201d. Indic\u00f3 que desde este proyecto cada vez m\u00e1s se generan herramientas al servicio de los j\u00f3venes de la regi\u00f3n, a quienes se deben en trabajo y creatividad los integrantes del equipo de profesionales de Explora.<\/p>\n<p>El \u00e1lbum <strong>incluye material en PDF para la implementaci\u00f3n de los ejercicios pr\u00e1cticos<\/strong>, se\u00f1alando nivel sugerido, objetivos, nivel de aprendizaje, din\u00e1mica, y una breve explicaci\u00f3n del fen\u00f3meno o propiedad descrita. Adem\u00e1s, la publicaci\u00f3n cuenta con un <strong>sitio web<\/strong> donde es posible consultar videos tutoriales para las actividades propuestas y una <strong>plataforma<\/strong> para recibir las solicitudes de docentes interesados en trabajar con el \u00e1lbum.<\/p>\n<p>Un total de 150.000 ejemplares y 1.600.000 sobres se encuentran disponibles a lo largo de Chile para ser distribuidos en establecimientos educacionales, priorizando la entrega en escuelas p\u00fablicas. Los estudiantes que completen el \u00e1lbum deber\u00e1n entregar el cup\u00f3n a su profesor, quien los har\u00e1 llegar al PAR (Proyecto Asociativo Regional) Explora correspondiente, asegurando haber realizado, al menos, cuatro de las din\u00e1micas propuestas.<\/p>\n<p>El plazo para coleccionar las l\u00e1minas y desarrollar las actividades se extender\u00e1 desde agosto hasta noviembre. El premio consiste en una excursi\u00f3n a alg\u00fan punto de inter\u00e9s cient\u00edfico, la que ser\u00e1 organizada y gestionada por el PAR Explora de CONICYT. Se premiar\u00e1 a un seleccionado por provincia y <strong>los ganadores ser\u00e1n dados a conocer en el mes de diciembre<\/strong>. M\u00e1s informaci\u00f3n en <a href=\"http:\/\/www.albumdev.explora.cl\"><strong>www.albumdev.explora.cl<\/strong><\/a>.<\/p>\n<p>&nbsp;<\/p>\n<p><img loading=\"lazy\" decoding=\"async\" class=\" size-full wp-image-27002\" src=\"https:\/\/dev.explora.cl\/wp-content\/uploads\/2017\/08\/Collage_Album.jpg\" alt=\"Collage Album\" width=\"901\" height=\"301\" \/><\/p>\n<p>&nbsp;<\/p>\n<p>&nbsp;<\/p>\n","protected":false},"excerpt":{"rendered":"<p>&nbsp; Desarrollado por el Programa Explora de CONICYT para ser distribuido en establecimientos educacionales, la publicaci\u00f3n cuenta con 32 p\u00e1ginas, 45 l\u00e1minas coleccionables y ocho actividades pr\u00e1cticas para trabajar en el aula, incluyendo videos y orientaciones pedag\u00f3gicas de apoyo. El \u00e1lbum Explora se lanzar\u00e1 el d\u00eda viernes 4 de agosto a las 15:30 horas en [&hellip;]<\/p>\n","protected":false},"author":2,"featured_media":32301,"comment_status":"open","ping_status":"open","sticky":false,"template":"","format":"standard","meta":{"_acf_changed":false,"_exactmetrics_skip_tracking":false,"_exactmetrics_sitenote_active":false,"_exactmetrics_sitenote_note":"","_exactmetrics_sitenote_category":0,"footnotes":"","_links_to":"","_links_to_target":""},"categories":[4],"tags":[],"class_list":["post-32300","post","type-post","status-publish","format-standard","has-post-thumbnail","hentry","category-noticias"],"acf":[],"yoast_head":"<!-- This site is optimized with the Yoast SEO plugin v26.7 - https:\/\/yoast.com\/wordpress\/plugins\/seo\/ -->\n<title>El oc\u00e9ano de Chile en entretenido \u00e1lbum - Arica y Parinacota<\/title>\n<meta name=\"robots\" content=\"index, follow, max-snippet:-1, max-image-preview:large, max-video-preview:-1\" \/>\n<link rel=\"canonical\" href=\"https:\/\/dev.explora.cl\/aricayparinacota\/el-oceano-de-chile-en-entretenido-album-2\/\" class=\"yoast-seo-meta-tag\" \/>\n<meta property=\"og:locale\" content=\"es_ES\" class=\"yoast-seo-meta-tag\" \/>\n<meta property=\"og:type\" content=\"article\" class=\"yoast-seo-meta-tag\" \/>\n<meta property=\"og:title\" content=\"El oc\u00e9ano de Chile en entretenido \u00e1lbum - Arica y Parinacota\" class=\"yoast-seo-meta-tag\" \/>\n<meta property=\"og:description\" content=\"&nbsp; Desarrollado por el Programa Explora de CONICYT para ser distribuido en establecimientos educacionales, la publicaci\u00f3n cuenta con 32 p\u00e1ginas, 45 l\u00e1minas coleccionables y ocho actividades pr\u00e1cticas para trabajar en el aula, incluyendo videos y orientaciones pedag\u00f3gicas de apoyo. El \u00e1lbum Explora se lanzar\u00e1 el d\u00eda viernes 4 de agosto a las 15:30 horas en [&hellip;]\" class=\"yoast-seo-meta-tag\" \/>\n<meta property=\"og:url\" content=\"https:\/\/dev.explora.cl\/aricayparinacota\/el-oceano-de-chile-en-entretenido-album-2\/\" class=\"yoast-seo-meta-tag\" \/>\n<meta property=\"og:site_name\" content=\"Arica y Parinacota\" class=\"yoast-seo-meta-tag\" \/>\n<meta property=\"article:published_time\" content=\"2017-08-04T00:00:00+00:00\" class=\"yoast-seo-meta-tag\" \/>\n<meta property=\"article:modified_time\" content=\"2019-05-09T21:06:11+00:00\" class=\"yoast-seo-meta-tag\" \/>\n<meta property=\"og:image\" content=\"https:\/\/dev.explora.cl\/aricayparinacota\/wp-content\/uploads\/sites\/2\/2018\/06\/Miniatura_Album_Oceanos.jpg\" class=\"yoast-seo-meta-tag\" \/>\n\t<meta property=\"og:image:width\" content=\"223\" class=\"yoast-seo-meta-tag\" \/>\n\t<meta property=\"og:image:height\" content=\"147\" class=\"yoast-seo-meta-tag\" \/>\n\t<meta property=\"og:image:type\" content=\"image\/jpeg\" class=\"yoast-seo-meta-tag\" \/>\n<meta name=\"author\" content=\"webman\" class=\"yoast-seo-meta-tag\" \/>\n<meta name=\"twitter:card\" content=\"summary_large_image\" class=\"yoast-seo-meta-tag\" \/>\n<meta name=\"twitter:label1\" content=\"Escrito por\" class=\"yoast-seo-meta-tag\" \/>\n\t<meta name=\"twitter:data1\" content=\"webman\" class=\"yoast-seo-meta-tag\" \/>\n\t<meta name=\"twitter:label2\" content=\"Tiempo estimado de lectura\" class=\"yoast-seo-meta-tag\" \/>\n\t<meta name=\"twitter:data2\" content=\"3 minutos\" class=\"yoast-seo-meta-tag\" \/>\n<script type=\"application\/ld+json\" class=\"yoast-schema-graph\">{\"@context\":\"https:\/\/schema.org\",\"@graph\":[{\"@type\":\"Article\",\"@id\":\"https:\/\/dev.explora.cl\/aricayparinacota\/el-oceano-de-chile-en-entretenido-album-2\/#article\",\"isPartOf\":{\"@id\":\"https:\/\/dev.explora.cl\/aricayparinacota\/el-oceano-de-chile-en-entretenido-album-2\/\"},\"author\":{\"name\":\"webman\",\"@id\":\"https:\/\/dev.explora.cl\/aricayparinacota\/#\/schema\/person\/cb8349c13ea2d324080adf8480d7ba5d\"},\"headline\":\"El oc\u00e9ano de Chile en entretenido \u00e1lbum\",\"datePublished\":\"2017-08-04T00:00:00+00:00\",\"dateModified\":\"2019-05-09T21:06:11+00:00\",\"mainEntityOfPage\":{\"@id\":\"https:\/\/dev.explora.cl\/aricayparinacota\/el-oceano-de-chile-en-entretenido-album-2\/\"},\"wordCount\":641,\"commentCount\":0,\"publisher\":{\"@id\":\"https:\/\/dev.explora.cl\/aricayparinacota\/#organization\"},\"image\":{\"@id\":\"https:\/\/dev.explora.cl\/aricayparinacota\/el-oceano-de-chile-en-entretenido-album-2\/#primaryimage\"},\"thumbnailUrl\":\"https:\/\/dev.explora.cl\/aricayparinacota\/wp-content\/uploads\/sites\/2\/2018\/06\/Miniatura_Album_Oceanos.jpg\",\"articleSection\":[\"Noticias\"],\"inLanguage\":\"es-CL\",\"potentialAction\":[{\"@type\":\"CommentAction\",\"name\":\"Comment\",\"target\":[\"https:\/\/dev.explora.cl\/aricayparinacota\/el-oceano-de-chile-en-entretenido-album-2\/#respond\"]}]},{\"@type\":\"WebPage\",\"@id\":\"https:\/\/dev.explora.cl\/aricayparinacota\/el-oceano-de-chile-en-entretenido-album-2\/\",\"url\":\"https:\/\/dev.explora.cl\/aricayparinacota\/el-oceano-de-chile-en-entretenido-album-2\/\",\"name\":\"El oc\u00e9ano de Chile en entretenido \u00e1lbum - Arica y Parinacota\",\"isPartOf\":{\"@id\":\"https:\/\/dev.explora.cl\/aricayparinacota\/#website\"},\"primaryImageOfPage\":{\"@id\":\"https:\/\/dev.explora.cl\/aricayparinacota\/el-oceano-de-chile-en-entretenido-album-2\/#primaryimage\"},\"image\":{\"@id\":\"https:\/\/dev.explora.cl\/aricayparinacota\/el-oceano-de-chile-en-entretenido-album-2\/#primaryimage\"},\"thumbnailUrl\":\"https:\/\/dev.explora.cl\/aricayparinacota\/wp-content\/uploads\/sites\/2\/2018\/06\/Miniatura_Album_Oceanos.jpg\",\"datePublished\":\"2017-08-04T00:00:00+00:00\",\"dateModified\":\"2019-05-09T21:06:11+00:00\",\"breadcrumb\":{\"@id\":\"https:\/\/dev.explora.cl\/aricayparinacota\/el-oceano-de-chile-en-entretenido-album-2\/#breadcrumb\"},\"inLanguage\":\"es-CL\",\"potentialAction\":[{\"@type\":\"ReadAction\",\"target\":[\"https:\/\/dev.explora.cl\/aricayparinacota\/el-oceano-de-chile-en-entretenido-album-2\/\"]}]},{\"@type\":\"ImageObject\",\"inLanguage\":\"es-CL\",\"@id\":\"https:\/\/dev.explora.cl\/aricayparinacota\/el-oceano-de-chile-en-entretenido-album-2\/#primaryimage\",\"url\":\"https:\/\/dev.explora.cl\/aricayparinacota\/wp-content\/uploads\/sites\/2\/2018\/06\/Miniatura_Album_Oceanos.jpg\",\"contentUrl\":\"https:\/\/dev.explora.cl\/aricayparinacota\/wp-content\/uploads\/sites\/2\/2018\/06\/Miniatura_Album_Oceanos.jpg\",\"width\":223,\"height\":147},{\"@type\":\"BreadcrumbList\",\"@id\":\"https:\/\/dev.explora.cl\/aricayparinacota\/el-oceano-de-chile-en-entretenido-album-2\/#breadcrumb\",\"itemListElement\":[{\"@type\":\"ListItem\",\"position\":1,\"name\":\"Portada\",\"item\":\"https:\/\/dev.explora.cl\/aricayparinacota\/\"},{\"@type\":\"ListItem\",\"position\":2,\"name\":\"El oc\u00e9ano de Chile en entretenido \u00e1lbum\"}]},{\"@type\":\"WebSite\",\"@id\":\"https:\/\/dev.explora.cl\/aricayparinacota\/#website\",\"url\":\"https:\/\/dev.explora.cl\/aricayparinacota\/\",\"name\":\"Arica y Parinacota\",\"description\":\"Otro sitio m\u00e1s de dev.explora.cl\",\"publisher\":{\"@id\":\"https:\/\/dev.explora.cl\/aricayparinacota\/#organization\"},\"potentialAction\":[{\"@type\":\"SearchAction\",\"target\":{\"@type\":\"EntryPoint\",\"urlTemplate\":\"https:\/\/dev.explora.cl\/aricayparinacota\/?s={search_term_string}\"},\"query-input\":{\"@type\":\"PropertyValueSpecification\",\"valueRequired\":true,\"valueName\":\"search_term_string\"}}],\"inLanguage\":\"es-CL\"},{\"@type\":\"Organization\",\"@id\":\"https:\/\/dev.explora.cl\/aricayparinacota\/#organization\",\"name\":\"Arica y Parinacota\",\"url\":\"https:\/\/dev.explora.cl\/aricayparinacota\/\",\"logo\":{\"@type\":\"ImageObject\",\"inLanguage\":\"es-CL\",\"@id\":\"https:\/\/dev.explora.cl\/aricayparinacota\/#\/schema\/logo\/image\/\",\"url\":\"https:\/\/dev.explora.cl\/aricayparinacota\/wp-content\/uploads\/sites\/2\/2020\/08\/cropped-nuevosa-logos-11.png\",\"contentUrl\":\"https:\/\/dev.explora.cl\/aricayparinacota\/wp-content\/uploads\/sites\/2\/2020\/08\/cropped-nuevosa-logos-11.png\",\"width\":812,\"height\":937,\"caption\":\"Arica y Parinacota\"},\"image\":{\"@id\":\"https:\/\/dev.explora.cl\/aricayparinacota\/#\/schema\/logo\/image\/\"}},{\"@type\":\"Person\",\"@id\":\"https:\/\/dev.explora.cl\/aricayparinacota\/#\/schema\/person\/cb8349c13ea2d324080adf8480d7ba5d\",\"name\":\"webman\",\"image\":{\"@type\":\"ImageObject\",\"inLanguage\":\"es-CL\",\"@id\":\"https:\/\/dev.explora.cl\/aricayparinacota\/#\/schema\/person\/image\/\",\"url\":\"https:\/\/secure.gravatar.com\/avatar\/eeff3c82f2c02f7177d13663b7e6f890e9a6a0647ce9bb29cae02dcb094c7312?s=96&d=mm&r=g\",\"contentUrl\":\"https:\/\/secure.gravatar.com\/avatar\/eeff3c82f2c02f7177d13663b7e6f890e9a6a0647ce9bb29cae02dcb094c7312?s=96&d=mm&r=g\",\"caption\":\"webman\"},\"url\":\"https:\/\/dev.explora.cl\/aricayparinacota\/author\/webman\/\"}]}<\/script>\n<!-- \/ Yoast SEO plugin. -->","yoast_head_json":{"title":"El oc\u00e9ano de Chile en entretenido \u00e1lbum - Arica y Parinacota","robots":{"index":"index","follow":"follow","max-snippet":"max-snippet:-1","max-image-preview":"max-image-preview:large","max-video-preview":"max-video-preview:-1"},"canonical":"https:\/\/dev.explora.cl\/aricayparinacota\/el-oceano-de-chile-en-entretenido-album-2\/","og_locale":"es_ES","og_type":"article","og_title":"El oc\u00e9ano de Chile en entretenido \u00e1lbum - Arica y Parinacota","og_description":"&nbsp; Desarrollado por el Programa Explora de CONICYT para ser distribuido en establecimientos educacionales, la publicaci\u00f3n cuenta con 32 p\u00e1ginas, 45 l\u00e1minas coleccionables y ocho actividades pr\u00e1cticas para trabajar en el aula, incluyendo videos y orientaciones pedag\u00f3gicas de apoyo. El \u00e1lbum Explora se lanzar\u00e1 el d\u00eda viernes 4 de agosto a las 15:30 horas en [&hellip;]","og_url":"https:\/\/dev.explora.cl\/aricayparinacota\/el-oceano-de-chile-en-entretenido-album-2\/","og_site_name":"Arica y Parinacota","article_published_time":"2017-08-04T00:00:00+00:00","article_modified_time":"2019-05-09T21:06:11+00:00","og_image":[{"width":223,"height":147,"url":"https:\/\/dev.explora.cl\/aricayparinacota\/wp-content\/uploads\/sites\/2\/2018\/06\/Miniatura_Album_Oceanos.jpg","type":"image\/jpeg"}],"author":"webman","twitter_card":"summary_large_image","twitter_misc":{"Escrito por":"webman","Tiempo estimado de lectura":"3 minutos"},"schema":{"@context":"https:\/\/schema.org","@graph":[{"@type":"Article","@id":"https:\/\/dev.explora.cl\/aricayparinacota\/el-oceano-de-chile-en-entretenido-album-2\/#article","isPartOf":{"@id":"https:\/\/dev.explora.cl\/aricayparinacota\/el-oceano-de-chile-en-entretenido-album-2\/"},"author":{"name":"webman","@id":"https:\/\/dev.explora.cl\/aricayparinacota\/#\/schema\/person\/cb8349c13ea2d324080adf8480d7ba5d"},"headline":"El oc\u00e9ano de Chile en entretenido \u00e1lbum","datePublished":"2017-08-04T00:00:00+00:00","dateModified":"2019-05-09T21:06:11+00:00","mainEntityOfPage":{"@id":"https:\/\/dev.explora.cl\/aricayparinacota\/el-oceano-de-chile-en-entretenido-album-2\/"},"wordCount":641,"commentCount":0,"publisher":{"@id":"https:\/\/dev.explora.cl\/aricayparinacota\/#organization"},"image":{"@id":"https:\/\/dev.explora.cl\/aricayparinacota\/el-oceano-de-chile-en-entretenido-album-2\/#primaryimage"},"thumbnailUrl":"https:\/\/dev.explora.cl\/aricayparinacota\/wp-content\/uploads\/sites\/2\/2018\/06\/Miniatura_Album_Oceanos.jpg","articleSection":["Noticias"],"inLanguage":"es-CL","potentialAction":[{"@type":"CommentAction","name":"Comment","target":["https:\/\/dev.explora.cl\/aricayparinacota\/el-oceano-de-chile-en-entretenido-album-2\/#respond"]}]},{"@type":"WebPage","@id":"https:\/\/dev.explora.cl\/aricayparinacota\/el-oceano-de-chile-en-entretenido-album-2\/","url":"https:\/\/dev.explora.cl\/aricayparinacota\/el-oceano-de-chile-en-entretenido-album-2\/","name":"El oc\u00e9ano de Chile en entretenido \u00e1lbum - Arica y Parinacota","isPartOf":{"@id":"https:\/\/dev.explora.cl\/aricayparinacota\/#website"},"primaryImageOfPage":{"@id":"https:\/\/dev.explora.cl\/aricayparinacota\/el-oceano-de-chile-en-entretenido-album-2\/#primaryimage"},"image":{"@id":"https:\/\/dev.explora.cl\/aricayparinacota\/el-oceano-de-chile-en-entretenido-album-2\/#primaryimage"},"thumbnailUrl":"https:\/\/dev.explora.cl\/aricayparinacota\/wp-content\/uploads\/sites\/2\/2018\/06\/Miniatura_Album_Oceanos.jpg","datePublished":"2017-08-04T00:00:00+00:00","dateModified":"2019-05-09T21:06:11+00:00","breadcrumb":{"@id":"https:\/\/dev.explora.cl\/aricayparinacota\/el-oceano-de-chile-en-entretenido-album-2\/#breadcrumb"},"inLanguage":"es-CL","potentialAction":[{"@type":"ReadAction","target":["https:\/\/dev.explora.cl\/aricayparinacota\/el-oceano-de-chile-en-entretenido-album-2\/"]}]},{"@type":"ImageObject","inLanguage":"es-CL","@id":"https:\/\/dev.explora.cl\/aricayparinacota\/el-oceano-de-chile-en-entretenido-album-2\/#primaryimage","url":"https:\/\/dev.explora.cl\/aricayparinacota\/wp-content\/uploads\/sites\/2\/2018\/06\/Miniatura_Album_Oceanos.jpg","contentUrl":"https:\/\/dev.explora.cl\/aricayparinacota\/wp-content\/uploads\/sites\/2\/2018\/06\/Miniatura_Album_Oceanos.jpg","width":223,"height":147},{"@type":"BreadcrumbList","@id":"https:\/\/dev.explora.cl\/aricayparinacota\/el-oceano-de-chile-en-entretenido-album-2\/#breadcrumb","itemListElement":[{"@type":"ListItem","position":1,"name":"Portada","item":"https:\/\/dev.explora.cl\/aricayparinacota\/"},{"@type":"ListItem","position":2,"name":"El oc\u00e9ano de Chile en entretenido \u00e1lbum"}]},{"@type":"WebSite","@id":"https:\/\/dev.explora.cl\/aricayparinacota\/#website","url":"https:\/\/dev.explora.cl\/aricayparinacota\/","name":"Arica y Parinacota","description":"Otro sitio m\u00e1s de dev.explora.cl","publisher":{"@id":"https:\/\/dev.explora.cl\/aricayparinacota\/#organization"},"potentialAction":[{"@type":"SearchAction","target":{"@type":"EntryPoint","urlTemplate":"https:\/\/dev.explora.cl\/aricayparinacota\/?s={search_term_string}"},"query-input":{"@type":"PropertyValueSpecification","valueRequired":true,"valueName":"search_term_string"}}],"inLanguage":"es-CL"},{"@type":"Organization","@id":"https:\/\/dev.explora.cl\/aricayparinacota\/#organization","name":"Arica y Parinacota","url":"https:\/\/dev.explora.cl\/aricayparinacota\/","logo":{"@type":"ImageObject","inLanguage":"es-CL","@id":"https:\/\/dev.explora.cl\/aricayparinacota\/#\/schema\/logo\/image\/","url":"https:\/\/dev.explora.cl\/aricayparinacota\/wp-content\/uploads\/sites\/2\/2020\/08\/cropped-nuevosa-logos-11.png","contentUrl":"https:\/\/dev.explora.cl\/aricayparinacota\/wp-content\/uploads\/sites\/2\/2020\/08\/cropped-nuevosa-logos-11.png","width":812,"height":937,"caption":"Arica y Parinacota"},"image":{"@id":"https:\/\/dev.explora.cl\/aricayparinacota\/#\/schema\/logo\/image\/"}},{"@type":"Person","@id":"https:\/\/dev.explora.cl\/aricayparinacota\/#\/schema\/person\/cb8349c13ea2d324080adf8480d7ba5d","name":"webman","image":{"@type":"ImageObject","inLanguage":"es-CL","@id":"https:\/\/dev.explora.cl\/aricayparinacota\/#\/schema\/person\/image\/","url":"https:\/\/secure.gravatar.com\/avatar\/eeff3c82f2c02f7177d13663b7e6f890e9a6a0647ce9bb29cae02dcb094c7312?s=96&d=mm&r=g","contentUrl":"https:\/\/secure.gravatar.com\/avatar\/eeff3c82f2c02f7177d13663b7e6f890e9a6a0647ce9bb29cae02dcb094c7312?s=96&d=mm&r=g","caption":"webman"},"url":"https:\/\/dev.explora.cl\/aricayparinacota\/author\/webman\/"}]}},"_links":{"self":[{"href":"https:\/\/dev.explora.cl\/aricayparinacota\/wp-json\/wp\/v2\/posts\/32300","targetHints":{"allow":["GET"]}}],"collection":[{"href":"https:\/\/dev.explora.cl\/aricayparinacota\/wp-json\/wp\/v2\/posts"}],"about":[{"href":"https:\/\/dev.explora.cl\/aricayparinacota\/wp-json\/wp\/v2\/types\/post"}],"author":[{"embeddable":true,"href":"https:\/\/dev.explora.cl\/aricayparinacota\/wp-json\/wp\/v2\/users\/2"}],"replies":[{"embeddable":true,"href":"https:\/\/dev.explora.cl\/aricayparinacota\/wp-json\/wp\/v2\/comments?post=32300"}],"version-history":[{"count":1,"href":"https:\/\/dev.explora.cl\/aricayparinacota\/wp-json\/wp\/v2\/posts\/32300\/revisions"}],"predecessor-version":[{"id":32860,"href":"https:\/\/dev.explora.cl\/aricayparinacota\/wp-json\/wp\/v2\/posts\/32300\/revisions\/32860"}],"wp:featuredmedia":[{"embeddable":true,"href":"https:\/\/dev.explora.cl\/aricayparinacota\/wp-json\/wp\/v2\/media\/32301"}],"wp:attachment":[{"href":"https:\/\/dev.explora.cl\/aricayparinacota\/wp-json\/wp\/v2\/media?parent=32300"}],"wp:term":[{"taxonomy":"category","embeddable":true,"href":"https:\/\/dev.explora.cl\/aricayparinacota\/wp-json\/wp\/v2\/categories?post=32300"},{"taxonomy":"post_tag","embeddable":true,"href":"https:\/\/dev.explora.cl\/aricayparinacota\/wp-json\/wp\/v2\/tags?post=32300"}],"curies":[{"name":"wp","href":"https:\/\/api.w.org\/{rel}","templated":true}]}}