{"id":32292,"date":"2017-07-21T00:00:00","date_gmt":"2017-07-21T00:00:00","guid":{"rendered":"https:\/\/dev.explora.cl\/aricayparinacota\/blog\/2017\/07\/21\/los-mundos-complementarios-de-francisco-rothhammer\/"},"modified":"2019-05-09T21:06:42","modified_gmt":"2019-05-09T21:06:42","slug":"los-mundos-complementarios-de-francisco-rothhammer","status":"publish","type":"post","link":"https:\/\/dev.explora.cl\/aricayparinacota\/los-mundos-complementarios-de-francisco-rothhammer\/","title":{"rendered":"Entrevista: Los mundos complementarios de Francisco Rothhammer"},"content":{"rendered":"<p>&nbsp;<strong><em>\u2022&nbsp;&nbsp;&nbsp; Francisco Rothhammer, Premio Nacional de Ciencias Naturales 2016, de profesi\u00f3n odont\u00f3logo y doctor en ciencias, se ha dedicado a investigar la gen\u00e9tica humana y movilidad de las poblaciones. Este acad\u00e9mico de la Universidad de Tarapac\u00e1, que no usa redes sociales, y se opuso a que le hicieran la m\u00e1s m\u00ednima propaganda para obtener el premio, es un cient\u00edfico enamorado de la vida y su profesi\u00f3n.<\/em><\/strong><\/p>\n<p><strong><em>&nbsp;<\/em><\/strong><br \/><strong><em>\u2022&nbsp;&nbsp;&nbsp; Su investigaci\u00f3n inspir\u00f3 el Campamento Cient\u00edfico para estudiantes \u201cTras las huellas de la humanidad\u201d, responsabilidad del Proyecto Explora de CONICYT, de Arica y Parinacota de la Universidad de Tarapac\u00e1.<\/em><\/strong><\/p>\n<p><img loading=\"lazy\" decoding=\"async\" class=\" alignright size-full wp-image-26701\" src=\"https:\/\/dev.explora.cl\/wp-content\/uploads\/2017\/07\/DSC_4291.JPG\" alt=\"\" width=\"529\" height=\"352\" style=\"float: right\" \/>Sus pupilas azules inundan todo. Me cita a las 10 de la ma\u00f1ana en su oficina de un segundo piso, donde se encuentran los laboratorios del Instituto de Alta Investigaci\u00f3n de la Universidad de Tarapac\u00e1 en Arica. Su voz suave traduce los recuerdos de su vida en Santiago, donde naci\u00f3, y la historia desde su inicio se convierte en un argumento digno de novelar.<\/p>\n<p>-Dime Francisco no m\u00e1s, sugiere el Premio Nacional de Ciencias Naturales 2016, una eminencia en el estudio del genoma humano. Confieso que es imposible tutear a un cient\u00edfico de estas caracter\u00edsticas, por muchas razones, una de ellas es que son escasos los investigadores de su envergadura, que abren un espacio para relacionarse sin verticalismos.<\/p>\n<p>Francisco Rothhammer naci\u00f3 en Santiago y su ni\u00f1ez y juventud estuvo inmersa en el mundo de sus padres, pues ten\u00eda colegio, estadio y teatro alem\u00e1n. Viv\u00eda en una isla, alejado de la realidad nacional, ya que su familia estaba m\u00e1s interesada en lo que acontec\u00eda en Europa que en Chile, y \u00e9l siendo ni\u00f1o lo percib\u00eda.<\/p>\n<p>-Mi primer contacto efectivo con la realidad nacional fue cuando ingres\u00e9 a la universidad, porque mis compa\u00f1eros de curso hab\u00edan tenido una experiencia radicalmente distinta a la m\u00eda. Se produjo una especie de contraste, al que atribuyo mi inter\u00e9s especial por las etnias originarias y la geograf\u00eda chilena.<\/p>\n<p>Aunque su mam\u00e1 quer\u00eda que se casara con la hija del agregado cultural de la Embajada de Alemania, no result\u00f3. Coincidentemente, sus dos ex se\u00f1oras son descendientes de espa\u00f1oles, con las que tuvo cuatro hijos, dos y dos.<\/p>\n<p>Trabaja de lunes a viernes en el laboratorio, y el fin de semana camina por la playa, por la costanera o disfruta su parcela en el kil\u00f3metro uno y medio del valle de Azapa en Arica. Todos los d\u00edas desayuna un jugo de naranja con zanahoria; pan negro holand\u00e9s y frutas, normalmente papayas. Le encanta la cocina y sale poco a cenar con amistades, porque se confiesa un poco demof\u00f3bico.<\/p>\n<p>Es acad\u00e9mico de la Universidad de Tarapac\u00e1 y profesor honorario de la Universidad de Chile. En su apretada agenda anual, rechaza normalmente dos a tres viajes por el mundo.<\/p>\n<p>-He viajado tanto en mi vida, que ya no s\u00e9 ad\u00f3nde ir, s\u00f3lo me falta China e India. Hoy tengo ganas de hacer otro viaje, pero estoy dudando entre volver a Alemania por un tiempo, pues tengo amigos y tambi\u00e9n v\u00ednculos con la Universidad de Heidelberg; o al norte de Per\u00fa, donde hay lugares muy interesantes que est\u00e1n vinculados con mi trabajo cient\u00edfico.<\/p>\n<p><strong>PRIVILEGIOS DEL HIJO \u00daNICO<\/strong><\/p>\n<p><strong>\u00bfCu\u00e1les son las ra\u00edces de un estudioso del genoma humano como usted? \u00bfDe d\u00f3nde vienen sus apellidos Rothhammer Engel?<\/strong><br \/>-Mi abuelo materno era representante para Am\u00e9rica del Sur de la empresa alemana Mannesmann. \u00c9l envi\u00f3 a mi abuela a Alemania para que nacieran all\u00e1 sus hijas, pues quer\u00eda que se nacionalizaran. La familia de mi mam\u00e1 viene de Bremen, del norte; sin embargo, los Rothhammer son del sur. Es una familia muy antigua con ra\u00edces en el Siglo XIV, uno de mis antepasados tiene un t\u00edtulo nobiliario von Rothhammer.<\/p>\n<p>Su pap\u00e1 tuvo que pelear en la Primera Guerra Mundial, en el frente ruso, a los 17 a\u00f1os. Eso lo marc\u00f3 para toda la vida. Sobrevivi\u00f3 a la guerra, se fue a Alemania y luego a Chile. En la casa del abuelo de Francisco, ubicada en un barrio elegante de esa \u00e9poca, hab\u00eda fiestas todos los s\u00e1bado con orquesta, ah\u00ed se presentaban socialmente los j\u00f3venes, en una de esas fiestas su padre conoci\u00f3 a su madre.<\/p>\n<p><strong>Cuando piensa en su casa y su familia, \u00bfqu\u00e9 recuerda de esos d\u00edas de ni\u00f1o?<\/strong><br \/>-Yo fui hijo \u00fanico, mi mam\u00e1, Tona Engel, era una bailarina de ballet bastante famosa en su tiempo y ten\u00eda una escuela de danza cl\u00e1sica con la que se presentaba en el Teatro Municipal. Recuerdo que ten\u00eda muchos juguetes, que cuidaba bastante y no me gustaba que llegaran amigos porque me los echaban a perder. Cuando uno es hijo \u00fanico como que se educa un poco ego\u00edsta, es verdad eso, siento que tuve muchos privilegios.<\/p>\n<p><strong>\u00bfFue un ni\u00f1o feliz?<\/strong><br \/>-Tener muchos beneficios no implica ser feliz. No era tan feliz. Mi pap\u00e1 ten\u00eda un edificio en la calle Mac Iver con su consulta en el primer piso y mi mam\u00e1 su sala de baile, y viv\u00edamos en el segundo piso, yo viv\u00eda solo ah\u00ed\u2026 ten\u00eda algunos amigos del barrio con los que nos junt\u00e1bamos a jugar en la plaza Santa Luc\u00eda, pero ninguno de mis compa\u00f1eros del Colegio Alem\u00e1n viv\u00eda en el centro, todos eran de Providencia o Las Condes.<\/p>\n<p>La soledad de Francisco se fue acompa\u00f1ando de visitas al Museo de Historia, actual Archivo Nacional, especialmente en la secci\u00f3n de antropolog\u00eda y arqueolog\u00eda que quedaba en el subterr\u00e1neo. Con las estufas en el invierno este lugar era tan acogedor que \u00e9l pasaba mucho tiempo ah\u00ed, encantado con las lecturas sobre las poblaciones originarias chilenas, sobre todo las del sur.<\/p>\n<p><strong>TRAYECTORIA DE UN ALEM\u00c1N NACIDO EN CHILE<\/strong><\/p>\n<p style=\"text-align: justify\"><strong><img loading=\"lazy\" decoding=\"async\" class=\" alignleft size-full wp-image-26702\" src=\"https:\/\/dev.explora.cl\/wp-content\/uploads\/2017\/07\/DSC_4325-copia.jpg\" alt=\"\" width=\"371\" height=\"247\" style=\"float: left\" \/>Respecto a Chile y Alemania, siente el coraz\u00f3n dividido?<\/strong><br \/>-No puedo negarlo\u2026cuando viv\u00ed en Alemania me sent\u00eda muy bien, yo hablo s\u00faper bien alem\u00e1n, incluso lo aprend\u00ed antes que el castellano. <br \/>En un principio este tema me confund\u00eda porque cuando estaba en Chile quer\u00eda irme a Alemania y cuando estaba en Alemania quer\u00eda volver, entonces me preguntaba \u00bfqu\u00e9 es lo que soy?, \u00bfsoy chileno o alem\u00e1n?, despu\u00e9s llegu\u00e9 a la conclusi\u00f3n que soy las dos cosas no m\u00e1s, soy chileno alem\u00e1n y punto, en Alemania existe un t\u00e9rmino: un alem\u00e1n nacido en el extranjero.<\/p>\n<p><strong>\u00bfC\u00f3mo se vincula con la odontolog\u00eda?<\/strong><br \/>-Estudi\u00e9 odontolog\u00eda en la Universidad de Chile porque mi padre era odont\u00f3logo, fue la \u00fanica raz\u00f3n. Desde el primer a\u00f1o estaba m\u00e1s interesado en la investigaci\u00f3n b\u00e1sica, que en el ejercicio de la profesi\u00f3n; al segundo a\u00f1o de la carrera me nombraron como alumno ayudante de la c\u00e1tedra de biolog\u00eda general. En esa \u00e9poca no exist\u00eda ninguna Facultad de Ciencias para ser cient\u00edfico. Me fui un a\u00f1o a Alemania a trabajar como dentista a una cl\u00ednica en Bremen, especializ\u00e1ndome en cirug\u00eda maxilofacial, que era una cuesti\u00f3n bastante cruenta y no me gust\u00f3. Sent\u00eda que me interesaba m\u00e1s hacer investigaci\u00f3n cient\u00edfica.<\/p>\n<p>Volvi\u00f3 de Alemania y trabaj\u00f3 en la consulta de su pap\u00e1, despu\u00e9s en la Facultad de Medicina como ayudante, luego durante la reforma universitaria pas\u00f3 a ser profesor.<\/p>\n<p><strong>\u00bfC\u00f3mo continu\u00f3 su trayectoria profesional?<\/strong><br \/>-Trabaj\u00e9 en la Facultad de Medicina, me form\u00e9 en gen\u00e9tica con dos profesores muy importantes, los dos premios nacionales, uno se dedicaba a la inmunolog\u00eda y el otro a la gen\u00e9tica de poblaciones. Fue una \u00e9poca en que descubr\u00ed que lo que realmente me interesaba era conocer al ser humano del punto de vista antropol\u00f3gico. Opt\u00e9 a una beca del Ministerio de Salud en E<br \/>\nstados Unidos y me fui a la Universidad de Michigan, al Departamento de Gen\u00e9tica Humana, y ah\u00ed estuve casi tres a\u00f1os, luego en la Universidad de Texas. Conoc\u00ed todo Estados Unidos y volv\u00ed a Chile cuando estaba abierta la Facultad de Ciencias y comenzaban a ofrecerse los primeros doctorados con menci\u00f3n en gen\u00e9tica y me doctor\u00e9 por la Universidad de Chile.<\/p>\n<p>Ah\u00ed definitivamente me encamin\u00e9 por el lado de la investigaci\u00f3n cient\u00edfica de la gen\u00e9tica de poblaciones humanas. Volv\u00ed a Texas como profesor visitante y despu\u00e9s trabaj\u00e9 en la Facultad de Medicina, fui director del Departamento de Gen\u00e9tica durante varios periodos y obtuve varias becas en fundaciones. Tambi\u00e9n fui profesor visitante en la Universidad de Hamburgo en Alemania y de muchas universidades latinoamericanas.<\/p>\n<p><strong>EL CIENT\u00cdFICO ENAMORADO<\/strong><\/p>\n<p><strong>Dentro de esa vor\u00e1gine de estudios y trabajo \u00bfqued\u00f3 tiempo para el amor?<\/strong><br \/>-Yo ten\u00eda mucho \u00e9xito con el sexo opuesto. Cuando lleg\u00f3 el momento de irme a Estados Unidos estaba pololeando con una ni\u00f1a con la que nos entend\u00edamos muy bien y decidimos casarnos. Con Mar\u00eda Olga, de padre espa\u00f1ol y madre italiana-francesa, tuvimos dos hijos. Realmente el matrimonio no es algo que me calzara muy bien, nunca lo entend\u00ed de otra forma que no fuera una especie de lazo que me ataba a un compromiso. El nexo emocional, con los papeles, a veces, dicen que se pierde un poco.<\/p>\n<p>En la Facultad de Medicina, despu\u00e9s que volv\u00ed de Estados Unidos, form\u00e9 un grupo de trabajo en gen\u00e9tica humana, pues quer\u00eda estructurarlo mejor que lo que ya exist\u00eda. Contrat\u00e9 a una ni\u00f1a que era tecn\u00f3loga m\u00e9dica\u2026<\/p>\n<p>A medida que recuerda este episodio, Francisco Rothhammer cambia la voz, de suave a m\u00e1s grave y asume que se complica hablar del tema, pero le se\u00f1alo que es interesante saber c\u00f3mo un cient\u00edfico compatibiliza el amor con su laboratorio, y nuevamente y con energ\u00eda sorprende con su respuesta.<\/p>\n<p>-Los cient\u00edficos somos muy apasionados, tremendamente\u2026<\/p>\n<p><strong>\u00bfUsted se separ\u00f3?<\/strong><br \/>-Finalmente s\u00ed. Contrat\u00e9 a esta tecn\u00f3loga m\u00e9dica y me enamor\u00e9 e inici\u00e9 una relaci\u00f3n que dur\u00f3 m\u00e1s de 20 a\u00f1os, tuvimos dos hijos, pero tuvimos problemas porque ella trabajaba conmigo en la Facultad de Medicina.<\/p>\n<p><strong>Dicen que uno no debe trabajar con la familia\u2026<\/strong><br \/>-S\u00ed, definitivamente no es bueno, yo era marido de ella, el jefe directo y adem\u00e1s el tutor en el mag\u00edster. Se sinti\u00f3, creo que invadida, adem\u00e1s en esa \u00e9poca yo era bastante autoritativo, como era hijo \u00fanico, hab\u00eda sido regaloneado toda la vida\u2026 junta todo eso y es como obvio lo que pas\u00f3. Ah\u00ed nos separamos.<\/p>\n<p><strong>En este momento, \u00bfest\u00e1 en pareja?<\/strong><br \/>-Tengo una pareja con la que me vine a Arica hace 10 a\u00f1os, cuando me contrat\u00f3 la Universidad de Tarapac\u00e1.<\/p>\n<p><strong>O sea, como se dice en el Facebook, usted est\u00e1 en una relaci\u00f3n?<\/strong><br \/>-S\u00ed, estoy en una relaci\u00f3n. La verdad de las cosas es que toma en cuenta todo lo que te he hablado, tengo ciertas dificultades para asumir una relaci\u00f3n amorosa con una mujer para toda la vida, como por ejemplo, mi pap\u00e1 fue as\u00ed, se cas\u00f3 con mi mam\u00e1 y vivieron juntos toda una vida.<\/p>\n<p><strong>\u00bfDespu\u00e9s de haber sido hijo \u00fanico, qu\u00e9 significa tener una familia numerosa?<\/strong><br \/>-Fue muy emocionante para m\u00ed cuando la Presidenta de la Rep\u00fablica me entreg\u00f3 el Diploma del Premio Nacional y estaba todo el famili\u00f3n. Yo dije en un peque\u00f1o discurso despu\u00e9s de haber recibido el premio: aqu\u00ed hay tres generaciones de Rothhammer presentes en el patio de Los Naranjos de la Moneda, todos mis hijos y nietos y una de mis ex se\u00f1oras.<\/p>\n<p>Esta reuni\u00f3n del premio fue como la postal familiar m\u00e1s bonita que he tenido el \u00faltimo tiempo. El haber logrado unificar a mi familia y juntarnos todos y vernos, es lo mejor que puedo vivir.<\/p>\n<p><strong>TEMAS DE ESTUDIO<\/strong><\/p>\n<p><strong>Su inter\u00e9s por los pueblos originarios, tiene que ver con vivir en su mundo alem\u00e1n, sin acceso al mundo de la mayor\u00eda?<\/strong><br \/>-Creo que es importante ese mundo de la secci\u00f3n de antropolog\u00eda y arqueolog\u00eda del museo, donde me sent\u00eda muy c\u00f3modo, no s\u00e9 por qu\u00e9, quiz\u00e1s porque contrastaba radicalmente con lo que viv\u00eda en mi casa. Mi mam\u00e1 y su ambiente especial con las bailarinas; mi pap\u00e1 con sus pacientes. Despu\u00e9s tuve un profesor en el Colegio Alem\u00e1n, que nos ense\u00f1aba arte precolombino y filmaba pel\u00edculas en el Cuzco y en lugares importantes para el desarrollo cultural americano y andino, y luego las mostraba en el colegio, y a todos nos encantaban. Fueron justamente las cosas que yo conect\u00e9 despu\u00e9s.<\/p>\n<p><strong>Hay varias vertientes estudiadas y relacionadas por usted, el tema cient\u00edfico, arqueol\u00f3gico, antropol\u00f3gico\u2026 <\/strong><br \/>&#8211; Y sicol\u00f3gico tambi\u00e9n. Cuando volv\u00ed a Estados Unidos la segunda vez me dio una crisis de soledad y depresi\u00f3n, dej\u00e9 ese trabajo de profesor visitante y poco menos me arranqu\u00e9 de Texas. Me sent\u00ed mal incluso f\u00edsicamente, entr\u00e9 a terapia de grupo de orientaci\u00f3n sicoanal\u00edtica y trabaj\u00e9 con un sicoanalista top de Chile por alrededor de 36 a\u00f1os.<\/p>\n<p><strong>\u00bfQu\u00e9 trabajo realiz\u00f3?<\/strong><br \/>-Exploraci\u00f3n de uno mismo. Era una terapia de orientaci\u00f3n sicoanal\u00edtica que hac\u00edamos con un grupo. Trabajar en sicoan\u00e1lisis ha sido tremendamente \u00fatil para entender muchas cosas en la vida, para juntar a toda mi familia, que inicialmente estaba dispersa; tambi\u00e9n para mi trabajo cient\u00edfico, porque es ir a lo profundo, entender qu\u00e9 es el inconsciente.<\/p>\n<p><strong>PREMIO INESPERADO<\/strong><\/p>\n<p><strong><img loading=\"lazy\" decoding=\"async\" class=\" alignright size-full wp-image-26703\" src=\"https:\/\/dev.explora.cl\/wp-content\/uploads\/2017\/07\/Entrega-del-Diploma-del-Premio-nacional-de-parte-de-la-Presidenta-de-la-Repblica-Michelle-Bachelet.jpg\" alt=\"\" width=\"293\" height=\"354\" style=\"float: right\" \/>Por ah\u00ed le\u00ed que nunca se postul\u00f3 al premio que le dieron, \u00bfsab\u00eda que estaba nominado?<\/strong><br \/>-S\u00ed, porque uno tiene que presentar su curr\u00edculum por la universidad en que trabaja, a todos se los pidieron con una carta oficial de la instituci\u00f3n, la Universidad de Tarapac\u00e1 decidi\u00f3 presentar mi curr\u00edculum para el premio nacional.<\/p>\n<p style=\"text-align: left\"><strong>\u00bfNo hizo campa\u00f1a?<\/strong><br \/>-\u00a1Ninguna! Yo me opuse radicalmente a eso, porque va en contra de mi forma de ser\u2026 les dije que no, incluso me enoj\u00e9\u2026 estoy en contra de la far\u00e1ndula\u2026 soy enemigo de ese tipo de cosas, tuve que pelear con algunas personas que quer\u00edan promoverme, \u00a1Por Dios qu\u00e9 tontera!<\/p>\n<p style=\"text-align: left\"><strong>Si no le hubieran dado el premio \u00bfqu\u00e9 le habr\u00eda pasado?<\/strong><br \/>-Nada, estar\u00eda sentado en la misma silla, dici\u00e9ndote las mismas cosas que estoy diciendo ahora.<\/p>\n<p><strong>Y \u00bfqu\u00e9 pas\u00f3 cuando le avisaron?<\/strong><br \/>-Fue una sorpresa y me alegr\u00e9. Resulta que la Ministra de Educaci\u00f3n es una persona muy simp\u00e1tica y cordial. Nos encontramos varias veces en la ceremonia en La Moneda, incluso conversamos mucho y tambi\u00e9n aprovech\u00e9 de conversar con la Presidenta de la Rep\u00fablica, porque nos toc\u00f3 sentarnos al lado. Primera vez que hablaba con ellas. Con la Presidenta intercambiamos algunas ideas sobre el Colegio Alem\u00e1n y la formaci\u00f3n que tuvo ella en Alemania y en la Facultad de Medicina, me pareci\u00f3 desde el punto de vista humano una persona muy sencilla y c\u00e1lida. Fueron cosas muy emotivas.<\/p>\n<p>No creas que el premio ha cambiado mi vida, para nada, yo dir\u00eda que muy poco, salvo la ceremonia en Arica donde me nombraran Hijo Ilustre. Tambi\u00e9n el rector de la Universidad de Tarapac\u00e1 me hizo un homenaje y en Santiago en la Universidad de Chile tambi\u00e9n, hab\u00eda como 15 compa\u00f1eros de curso presentes. En la Facultad de Medicina me nombraron profesor honorario y lo \u00faltimo que me impresion\u00f3 m\u00e1s fue que el rector de la Universidad de Chile, a quien conozco hace muchos a\u00f1os, me invit\u00f3 a almorzar a la rector\u00eda y me entreg\u00f3 la medalla rectoral.<\/p>\n<p><strong>\u00bfCu\u00e1les son sus sue\u00f1os a corto o largo plazo?<\/strong><br \/>-Poder seguir trabajando<br \/>\n aqu\u00ed un tiempo m\u00e1s\u2026 por el momento mi horizonte est\u00e1 ubicado a tres o cuatro a\u00f1os y ah\u00ed voy a decidir qu\u00e9 hago, hay varias alternativas, puedo dedicarme a pintar o a hacer fotograf\u00edas.<\/p>\n<p><strong>MOVILIDAD Y ABURRIMIENTO<\/strong><\/p>\n<p><strong>La movilidad de las poblaciones tiene que ver con el aburrimiento?<\/strong><br \/>-El aburrimiento es uno de los problemas grandes de la humanidad, la gente se latea de la monoton\u00eda, estamos hechos para cambiar de actividad. Los jubilados piensan en la vida que tendr\u00e1n sin ir a trabajar y resulta que despu\u00e9s se encuentran en la casa sin tener nada que hacer, y se aburren\u2026 necesitas hacer cosas distintas como para no sentir esta sensaci\u00f3n de aburrimiento.<\/p>\n<p><strong>ESTUDIOS GEN\u00c9TICOS<\/strong><\/p>\n<p><strong>Ser genetista y hacer la microevaluaci\u00f3n de las poblaciones americanas, qu\u00e9 utilidad tiene?<\/strong><br \/>-Hay dos cosas, una es la utilidad personal y otra es la utilidad p\u00fablica. Esto es fundamental para entender cu\u00e1les son los patrones de morbilidad. Hay muchas enfermedades cr\u00f3nicas, infartos, diabetes, obesidad; lo que se llama el s\u00edndrome metab\u00f3lico y que son todas enfermedades que est\u00e1n relacionadas y tienen que ver con algunos genes que est\u00e1n presentes en las poblaciones, por eso comparar, por ejemplo, los pueblos mapuches con los aymaras, nos puede ense\u00f1ar mucho.<\/p>\n<p><strong>\u00bfCu\u00e1nto tiempo toma el estudio gen\u00e9tico?<\/strong><br \/>-El hacer ciencia es un proceso continuo, m\u00e1s bien cuantitativo, uno se hace preguntas sobre el entorno y de ah\u00ed surgen ciertas respuestas, que generan nuevas preguntas y as\u00ed sucesivamente. Incluso en este proceso de iniciar el estudio de un tema, a veces se encuentran respuestas para temas absolutamente diferentes.<\/p>\n<p><strong>\u00bfQu\u00e9 le parece que su investigaci\u00f3n sea el tema central de un campamento cient\u00edfico para estudiantes, desarrollado por Explora Conicyt de la Universidad de Tarapac\u00e1?<\/strong><br \/>-La verdad yo encantado de colaborar, pero dudo un poco si lo que yo pueda aportar va a ser de utilidad para los ni\u00f1os, he tenido algunas experiencias en los colegios de Arica con un muy buen resultado. Existe la posibilidad que mi presencia ah\u00ed sirva para algo, aun cuando no s\u00e9 cuan \u00fatil pueda ser.<\/p>\n<p><strong>GATOS VIRTUALES<\/strong><\/p>\n<p><strong>\u00bfQu\u00e9 redes sociales tiene?<\/strong><br \/>-Cero, no me interesa, el celular lo tengo casi siempre apagado, yo me conecto por correo, por internet, es mi forma de comunicarme y contesto el tel\u00e9fono de la oficina.<\/p>\n<p><strong>\u00bfC\u00f3mo nos ha afectado la vida tener redes sociales?<\/strong><br \/>-Por qu\u00e9 exponerse a todo esto, para qu\u00e9, si te quieres candidatear para ser presidente de la rep\u00fablica, diputado, senador o concejal \u00fasalo o si crees que te vas a sacar el premio nacional de ciencias usando el Facebook y el Twitter ya; pero como yo no tengo ning\u00fan inter\u00e9s de ser ninguna de esas cosas, para lo que me interesa que es tener contacto cient\u00edfico s\u00f3lido, importante, a nivel internacional, uso el correo. La gente que quiere trabajar conmigo me viene a ver aqu\u00ed\u2026 los invito a un restaurante en Arica y lo pasamos genial.<\/p>\n<p><strong>\u00bfSer\u00e1 parte de la soledad del ser humano estar exhibi\u00e9ndose tanto?<\/strong><br \/>-Tambi\u00e9n el aburrimiento. Si es lo mismo que tener un gato, hay un estudio que indica que la gente vive m\u00e1s a\u00f1os porque se siente acompa\u00f1ada y ah\u00ed hay compa\u00f1\u00eda virtual. Sienten que tienen no s\u00e9 cu\u00e1ntos amigos en el Facebook, lo cual es una estupidez, pues no los tienen.<\/p>\n<p>Una ex polola m\u00eda, que vive en Alemania, supo toda la historia del Premio Nacional, tiene las fotos m\u00edas y me escribi\u00f3 y me pareci\u00f3 sorprendente. Yo no necesito Facebook para existir.<\/p>\n<p><strong>\u00bfAlguien lo ha entrevistado sobre estos temas?<\/strong><br \/>-No y me parece interesante hablar sobre la vida, son temas que comparto con mis amigos y con mis colaboradores.<\/p>\n<p><strong>Ahora est\u00e1 dispuesto a compartirlo con m\u00e1s gente?<\/strong><br \/>Y d\u00f3nde me van a comentar del tema? No creo que vengan a la oficina, ojal\u00e1 que no.<\/p>\n<p>&nbsp;<\/p>\n<p><img loading=\"lazy\" decoding=\"async\" src=\"https:\/\/youtu.be\/r7noYFda9ok\" alt=\"\" width=\"400\" height=\"400\" \/><\/p>\n<p class=\"alert-message alert-notice\"><span style=\"font-size: 14pt\"><strong>V\u00eddeo del Cient\u00edfico -&gt; <a href=\"https:\/\/youtu.be\/r7noYFda9ok\">VER<\/a><\/strong><\/span><\/p>\n<p>&nbsp;<\/p>\n<p>Por: Ada Ang\u00e9lica Rivas<br \/>Fotograf\u00edas: Pablo Siau<\/p>\n","protected":false},"excerpt":{"rendered":"<p>&nbsp;\u2022&nbsp;&nbsp;&nbsp; Francisco Rothhammer, Premio Nacional de Ciencias Naturales 2016, de profesi\u00f3n odont\u00f3logo y doctor en ciencias, se ha dedicado a investigar la gen\u00e9tica humana y movilidad de las poblaciones. Este acad\u00e9mico de la Universidad de Tarapac\u00e1, que no usa redes sociales, y se opuso a que le hicieran la m\u00e1s m\u00ednima propaganda para obtener el [&hellip;]<\/p>\n","protected":false},"author":2,"featured_media":32293,"comment_status":"open","ping_status":"open","sticky":false,"template":"","format":"standard","meta":{"_acf_changed":false,"_exactmetrics_skip_tracking":false,"_exactmetrics_sitenote_active":false,"_exactmetrics_sitenote_note":"","_exactmetrics_sitenote_category":0,"footnotes":"","_links_to":"","_links_to_target":""},"categories":[4],"tags":[],"class_list":["post-32292","post","type-post","status-publish","format-standard","has-post-thumbnail","hentry","category-noticias"],"acf":[],"yoast_head":"<!-- This site is optimized with the Yoast SEO plugin v26.7 - https:\/\/yoast.com\/wordpress\/plugins\/seo\/ -->\n<title>Entrevista: Los mundos complementarios de Francisco Rothhammer - Arica y Parinacota<\/title>\n<meta name=\"robots\" content=\"index, follow, max-snippet:-1, max-image-preview:large, max-video-preview:-1\" \/>\n<link rel=\"canonical\" href=\"https:\/\/dev.explora.cl\/aricayparinacota\/los-mundos-complementarios-de-francisco-rothhammer\/\" class=\"yoast-seo-meta-tag\" \/>\n<meta property=\"og:locale\" content=\"es_ES\" class=\"yoast-seo-meta-tag\" \/>\n<meta property=\"og:type\" content=\"article\" class=\"yoast-seo-meta-tag\" \/>\n<meta property=\"og:title\" content=\"Entrevista: Los mundos complementarios de Francisco Rothhammer - Arica y Parinacota\" class=\"yoast-seo-meta-tag\" \/>\n<meta property=\"og:description\" content=\"&nbsp;\u2022&nbsp;&nbsp;&nbsp; Francisco Rothhammer, Premio Nacional de Ciencias Naturales 2016, de profesi\u00f3n odont\u00f3logo y doctor en ciencias, se ha dedicado a investigar la gen\u00e9tica humana y movilidad de las poblaciones. Este acad\u00e9mico de la Universidad de Tarapac\u00e1, que no usa redes sociales, y se opuso a que le hicieran la m\u00e1s m\u00ednima propaganda para obtener el [&hellip;]\" class=\"yoast-seo-meta-tag\" \/>\n<meta property=\"og:url\" content=\"https:\/\/dev.explora.cl\/aricayparinacota\/los-mundos-complementarios-de-francisco-rothhammer\/\" class=\"yoast-seo-meta-tag\" \/>\n<meta property=\"og:site_name\" content=\"Arica y Parinacota\" class=\"yoast-seo-meta-tag\" \/>\n<meta property=\"article:published_time\" content=\"2017-07-21T00:00:00+00:00\" class=\"yoast-seo-meta-tag\" \/>\n<meta property=\"article:modified_time\" content=\"2019-05-09T21:06:42+00:00\" class=\"yoast-seo-meta-tag\" \/>\n<meta property=\"og:image\" content=\"https:\/\/dev.explora.cl\/aricayparinacota\/wp-content\/uploads\/sites\/2\/2018\/06\/DSC_4348.jpg\" class=\"yoast-seo-meta-tag\" \/>\n\t<meta property=\"og:image:width\" content=\"800\" class=\"yoast-seo-meta-tag\" \/>\n\t<meta property=\"og:image:height\" content=\"533\" class=\"yoast-seo-meta-tag\" \/>\n\t<meta property=\"og:image:type\" content=\"image\/jpeg\" class=\"yoast-seo-meta-tag\" \/>\n<meta name=\"author\" content=\"webman\" class=\"yoast-seo-meta-tag\" \/>\n<meta name=\"twitter:card\" content=\"summary_large_image\" class=\"yoast-seo-meta-tag\" \/>\n<meta name=\"twitter:label1\" content=\"Escrito por\" class=\"yoast-seo-meta-tag\" \/>\n\t<meta name=\"twitter:data1\" content=\"webman\" class=\"yoast-seo-meta-tag\" \/>\n\t<meta name=\"twitter:label2\" content=\"Tiempo estimado de lectura\" class=\"yoast-seo-meta-tag\" \/>\n\t<meta name=\"twitter:data2\" content=\"17 minutos\" class=\"yoast-seo-meta-tag\" \/>\n<script type=\"application\/ld+json\" class=\"yoast-schema-graph\">{\"@context\":\"https:\/\/schema.org\",\"@graph\":[{\"@type\":\"Article\",\"@id\":\"https:\/\/dev.explora.cl\/aricayparinacota\/los-mundos-complementarios-de-francisco-rothhammer\/#article\",\"isPartOf\":{\"@id\":\"https:\/\/dev.explora.cl\/aricayparinacota\/los-mundos-complementarios-de-francisco-rothhammer\/\"},\"author\":{\"name\":\"webman\",\"@id\":\"https:\/\/dev.explora.cl\/aricayparinacota\/#\/schema\/person\/cb8349c13ea2d324080adf8480d7ba5d\"},\"headline\":\"Entrevista: Los mundos complementarios de Francisco Rothhammer\",\"datePublished\":\"2017-07-21T00:00:00+00:00\",\"dateModified\":\"2019-05-09T21:06:42+00:00\",\"mainEntityOfPage\":{\"@id\":\"https:\/\/dev.explora.cl\/aricayparinacota\/los-mundos-complementarios-de-francisco-rothhammer\/\"},\"wordCount\":3373,\"commentCount\":0,\"publisher\":{\"@id\":\"https:\/\/dev.explora.cl\/aricayparinacota\/#organization\"},\"image\":{\"@id\":\"https:\/\/dev.explora.cl\/aricayparinacota\/los-mundos-complementarios-de-francisco-rothhammer\/#primaryimage\"},\"thumbnailUrl\":\"https:\/\/dev.explora.cl\/aricayparinacota\/wp-content\/uploads\/sites\/2\/2018\/06\/DSC_4348.jpg\",\"articleSection\":[\"Noticias\"],\"inLanguage\":\"es-CL\",\"potentialAction\":[{\"@type\":\"CommentAction\",\"name\":\"Comment\",\"target\":[\"https:\/\/dev.explora.cl\/aricayparinacota\/los-mundos-complementarios-de-francisco-rothhammer\/#respond\"]}]},{\"@type\":\"WebPage\",\"@id\":\"https:\/\/dev.explora.cl\/aricayparinacota\/los-mundos-complementarios-de-francisco-rothhammer\/\",\"url\":\"https:\/\/dev.explora.cl\/aricayparinacota\/los-mundos-complementarios-de-francisco-rothhammer\/\",\"name\":\"Entrevista: Los mundos complementarios de Francisco Rothhammer - Arica y Parinacota\",\"isPartOf\":{\"@id\":\"https:\/\/dev.explora.cl\/aricayparinacota\/#website\"},\"primaryImageOfPage\":{\"@id\":\"https:\/\/dev.explora.cl\/aricayparinacota\/los-mundos-complementarios-de-francisco-rothhammer\/#primaryimage\"},\"image\":{\"@id\":\"https:\/\/dev.explora.cl\/aricayparinacota\/los-mundos-complementarios-de-francisco-rothhammer\/#primaryimage\"},\"thumbnailUrl\":\"https:\/\/dev.explora.cl\/aricayparinacota\/wp-content\/uploads\/sites\/2\/2018\/06\/DSC_4348.jpg\",\"datePublished\":\"2017-07-21T00:00:00+00:00\",\"dateModified\":\"2019-05-09T21:06:42+00:00\",\"breadcrumb\":{\"@id\":\"https:\/\/dev.explora.cl\/aricayparinacota\/los-mundos-complementarios-de-francisco-rothhammer\/#breadcrumb\"},\"inLanguage\":\"es-CL\",\"potentialAction\":[{\"@type\":\"ReadAction\",\"target\":[\"https:\/\/dev.explora.cl\/aricayparinacota\/los-mundos-complementarios-de-francisco-rothhammer\/\"]}]},{\"@type\":\"ImageObject\",\"inLanguage\":\"es-CL\",\"@id\":\"https:\/\/dev.explora.cl\/aricayparinacota\/los-mundos-complementarios-de-francisco-rothhammer\/#primaryimage\",\"url\":\"https:\/\/dev.explora.cl\/aricayparinacota\/wp-content\/uploads\/sites\/2\/2018\/06\/DSC_4348.jpg\",\"contentUrl\":\"https:\/\/dev.explora.cl\/aricayparinacota\/wp-content\/uploads\/sites\/2\/2018\/06\/DSC_4348.jpg\",\"width\":800,\"height\":533},{\"@type\":\"BreadcrumbList\",\"@id\":\"https:\/\/dev.explora.cl\/aricayparinacota\/los-mundos-complementarios-de-francisco-rothhammer\/#breadcrumb\",\"itemListElement\":[{\"@type\":\"ListItem\",\"position\":1,\"name\":\"Portada\",\"item\":\"https:\/\/dev.explora.cl\/aricayparinacota\/\"},{\"@type\":\"ListItem\",\"position\":2,\"name\":\"Entrevista: Los mundos complementarios de Francisco Rothhammer\"}]},{\"@type\":\"WebSite\",\"@id\":\"https:\/\/dev.explora.cl\/aricayparinacota\/#website\",\"url\":\"https:\/\/dev.explora.cl\/aricayparinacota\/\",\"name\":\"Arica y Parinacota\",\"description\":\"Otro sitio m\u00e1s de dev.explora.cl\",\"publisher\":{\"@id\":\"https:\/\/dev.explora.cl\/aricayparinacota\/#organization\"},\"potentialAction\":[{\"@type\":\"SearchAction\",\"target\":{\"@type\":\"EntryPoint\",\"urlTemplate\":\"https:\/\/dev.explora.cl\/aricayparinacota\/?s={search_term_string}\"},\"query-input\":{\"@type\":\"PropertyValueSpecification\",\"valueRequired\":true,\"valueName\":\"search_term_string\"}}],\"inLanguage\":\"es-CL\"},{\"@type\":\"Organization\",\"@id\":\"https:\/\/dev.explora.cl\/aricayparinacota\/#organization\",\"name\":\"Arica y Parinacota\",\"url\":\"https:\/\/dev.explora.cl\/aricayparinacota\/\",\"logo\":{\"@type\":\"ImageObject\",\"inLanguage\":\"es-CL\",\"@id\":\"https:\/\/dev.explora.cl\/aricayparinacota\/#\/schema\/logo\/image\/\",\"url\":\"https:\/\/dev.explora.cl\/aricayparinacota\/wp-content\/uploads\/sites\/2\/2020\/08\/cropped-nuevosa-logos-11.png\",\"contentUrl\":\"https:\/\/dev.explora.cl\/aricayparinacota\/wp-content\/uploads\/sites\/2\/2020\/08\/cropped-nuevosa-logos-11.png\",\"width\":812,\"height\":937,\"caption\":\"Arica y Parinacota\"},\"image\":{\"@id\":\"https:\/\/dev.explora.cl\/aricayparinacota\/#\/schema\/logo\/image\/\"}},{\"@type\":\"Person\",\"@id\":\"https:\/\/dev.explora.cl\/aricayparinacota\/#\/schema\/person\/cb8349c13ea2d324080adf8480d7ba5d\",\"name\":\"webman\",\"image\":{\"@type\":\"ImageObject\",\"inLanguage\":\"es-CL\",\"@id\":\"https:\/\/dev.explora.cl\/aricayparinacota\/#\/schema\/person\/image\/\",\"url\":\"https:\/\/secure.gravatar.com\/avatar\/eeff3c82f2c02f7177d13663b7e6f890e9a6a0647ce9bb29cae02dcb094c7312?s=96&d=mm&r=g\",\"contentUrl\":\"https:\/\/secure.gravatar.com\/avatar\/eeff3c82f2c02f7177d13663b7e6f890e9a6a0647ce9bb29cae02dcb094c7312?s=96&d=mm&r=g\",\"caption\":\"webman\"},\"url\":\"https:\/\/dev.explora.cl\/aricayparinacota\/author\/webman\/\"}]}<\/script>\n<!-- \/ Yoast SEO plugin. -->","yoast_head_json":{"title":"Entrevista: Los mundos complementarios de Francisco Rothhammer - Arica y Parinacota","robots":{"index":"index","follow":"follow","max-snippet":"max-snippet:-1","max-image-preview":"max-image-preview:large","max-video-preview":"max-video-preview:-1"},"canonical":"https:\/\/dev.explora.cl\/aricayparinacota\/los-mundos-complementarios-de-francisco-rothhammer\/","og_locale":"es_ES","og_type":"article","og_title":"Entrevista: Los mundos complementarios de Francisco Rothhammer - Arica y Parinacota","og_description":"&nbsp;\u2022&nbsp;&nbsp;&nbsp; Francisco Rothhammer, Premio Nacional de Ciencias Naturales 2016, de profesi\u00f3n odont\u00f3logo y doctor en ciencias, se ha dedicado a investigar la gen\u00e9tica humana y movilidad de las poblaciones. Este acad\u00e9mico de la Universidad de Tarapac\u00e1, que no usa redes sociales, y se opuso a que le hicieran la m\u00e1s m\u00ednima propaganda para obtener el [&hellip;]","og_url":"https:\/\/dev.explora.cl\/aricayparinacota\/los-mundos-complementarios-de-francisco-rothhammer\/","og_site_name":"Arica y Parinacota","article_published_time":"2017-07-21T00:00:00+00:00","article_modified_time":"2019-05-09T21:06:42+00:00","og_image":[{"width":800,"height":533,"url":"https:\/\/dev.explora.cl\/aricayparinacota\/wp-content\/uploads\/sites\/2\/2018\/06\/DSC_4348.jpg","type":"image\/jpeg"}],"author":"webman","twitter_card":"summary_large_image","twitter_misc":{"Escrito por":"webman","Tiempo estimado de lectura":"17 minutos"},"schema":{"@context":"https:\/\/schema.org","@graph":[{"@type":"Article","@id":"https:\/\/dev.explora.cl\/aricayparinacota\/los-mundos-complementarios-de-francisco-rothhammer\/#article","isPartOf":{"@id":"https:\/\/dev.explora.cl\/aricayparinacota\/los-mundos-complementarios-de-francisco-rothhammer\/"},"author":{"name":"webman","@id":"https:\/\/dev.explora.cl\/aricayparinacota\/#\/schema\/person\/cb8349c13ea2d324080adf8480d7ba5d"},"headline":"Entrevista: Los mundos complementarios de Francisco Rothhammer","datePublished":"2017-07-21T00:00:00+00:00","dateModified":"2019-05-09T21:06:42+00:00","mainEntityOfPage":{"@id":"https:\/\/dev.explora.cl\/aricayparinacota\/los-mundos-complementarios-de-francisco-rothhammer\/"},"wordCount":3373,"commentCount":0,"publisher":{"@id":"https:\/\/dev.explora.cl\/aricayparinacota\/#organization"},"image":{"@id":"https:\/\/dev.explora.cl\/aricayparinacota\/los-mundos-complementarios-de-francisco-rothhammer\/#primaryimage"},"thumbnailUrl":"https:\/\/dev.explora.cl\/aricayparinacota\/wp-content\/uploads\/sites\/2\/2018\/06\/DSC_4348.jpg","articleSection":["Noticias"],"inLanguage":"es-CL","potentialAction":[{"@type":"CommentAction","name":"Comment","target":["https:\/\/dev.explora.cl\/aricayparinacota\/los-mundos-complementarios-de-francisco-rothhammer\/#respond"]}]},{"@type":"WebPage","@id":"https:\/\/dev.explora.cl\/aricayparinacota\/los-mundos-complementarios-de-francisco-rothhammer\/","url":"https:\/\/dev.explora.cl\/aricayparinacota\/los-mundos-complementarios-de-francisco-rothhammer\/","name":"Entrevista: Los mundos complementarios de Francisco Rothhammer - Arica y Parinacota","isPartOf":{"@id":"https:\/\/dev.explora.cl\/aricayparinacota\/#website"},"primaryImageOfPage":{"@id":"https:\/\/dev.explora.cl\/aricayparinacota\/los-mundos-complementarios-de-francisco-rothhammer\/#primaryimage"},"image":{"@id":"https:\/\/dev.explora.cl\/aricayparinacota\/los-mundos-complementarios-de-francisco-rothhammer\/#primaryimage"},"thumbnailUrl":"https:\/\/dev.explora.cl\/aricayparinacota\/wp-content\/uploads\/sites\/2\/2018\/06\/DSC_4348.jpg","datePublished":"2017-07-21T00:00:00+00:00","dateModified":"2019-05-09T21:06:42+00:00","breadcrumb":{"@id":"https:\/\/dev.explora.cl\/aricayparinacota\/los-mundos-complementarios-de-francisco-rothhammer\/#breadcrumb"},"inLanguage":"es-CL","potentialAction":[{"@type":"ReadAction","target":["https:\/\/dev.explora.cl\/aricayparinacota\/los-mundos-complementarios-de-francisco-rothhammer\/"]}]},{"@type":"ImageObject","inLanguage":"es-CL","@id":"https:\/\/dev.explora.cl\/aricayparinacota\/los-mundos-complementarios-de-francisco-rothhammer\/#primaryimage","url":"https:\/\/dev.explora.cl\/aricayparinacota\/wp-content\/uploads\/sites\/2\/2018\/06\/DSC_4348.jpg","contentUrl":"https:\/\/dev.explora.cl\/aricayparinacota\/wp-content\/uploads\/sites\/2\/2018\/06\/DSC_4348.jpg","width":800,"height":533},{"@type":"BreadcrumbList","@id":"https:\/\/dev.explora.cl\/aricayparinacota\/los-mundos-complementarios-de-francisco-rothhammer\/#breadcrumb","itemListElement":[{"@type":"ListItem","position":1,"name":"Portada","item":"https:\/\/dev.explora.cl\/aricayparinacota\/"},{"@type":"ListItem","position":2,"name":"Entrevista: Los mundos complementarios de Francisco Rothhammer"}]},{"@type":"WebSite","@id":"https:\/\/dev.explora.cl\/aricayparinacota\/#website","url":"https:\/\/dev.explora.cl\/aricayparinacota\/","name":"Arica y Parinacota","description":"Otro sitio m\u00e1s de dev.explora.cl","publisher":{"@id":"https:\/\/dev.explora.cl\/aricayparinacota\/#organization"},"potentialAction":[{"@type":"SearchAction","target":{"@type":"EntryPoint","urlTemplate":"https:\/\/dev.explora.cl\/aricayparinacota\/?s={search_term_string}"},"query-input":{"@type":"PropertyValueSpecification","valueRequired":true,"valueName":"search_term_string"}}],"inLanguage":"es-CL"},{"@type":"Organization","@id":"https:\/\/dev.explora.cl\/aricayparinacota\/#organization","name":"Arica y Parinacota","url":"https:\/\/dev.explora.cl\/aricayparinacota\/","logo":{"@type":"ImageObject","inLanguage":"es-CL","@id":"https:\/\/dev.explora.cl\/aricayparinacota\/#\/schema\/logo\/image\/","url":"https:\/\/dev.explora.cl\/aricayparinacota\/wp-content\/uploads\/sites\/2\/2020\/08\/cropped-nuevosa-logos-11.png","contentUrl":"https:\/\/dev.explora.cl\/aricayparinacota\/wp-content\/uploads\/sites\/2\/2020\/08\/cropped-nuevosa-logos-11.png","width":812,"height":937,"caption":"Arica y Parinacota"},"image":{"@id":"https:\/\/dev.explora.cl\/aricayparinacota\/#\/schema\/logo\/image\/"}},{"@type":"Person","@id":"https:\/\/dev.explora.cl\/aricayparinacota\/#\/schema\/person\/cb8349c13ea2d324080adf8480d7ba5d","name":"webman","image":{"@type":"ImageObject","inLanguage":"es-CL","@id":"https:\/\/dev.explora.cl\/aricayparinacota\/#\/schema\/person\/image\/","url":"https:\/\/secure.gravatar.com\/avatar\/eeff3c82f2c02f7177d13663b7e6f890e9a6a0647ce9bb29cae02dcb094c7312?s=96&d=mm&r=g","contentUrl":"https:\/\/secure.gravatar.com\/avatar\/eeff3c82f2c02f7177d13663b7e6f890e9a6a0647ce9bb29cae02dcb094c7312?s=96&d=mm&r=g","caption":"webman"},"url":"https:\/\/dev.explora.cl\/aricayparinacota\/author\/webman\/"}]}},"_links":{"self":[{"href":"https:\/\/dev.explora.cl\/aricayparinacota\/wp-json\/wp\/v2\/posts\/32292","targetHints":{"allow":["GET"]}}],"collection":[{"href":"https:\/\/dev.explora.cl\/aricayparinacota\/wp-json\/wp\/v2\/posts"}],"about":[{"href":"https:\/\/dev.explora.cl\/aricayparinacota\/wp-json\/wp\/v2\/types\/post"}],"author":[{"embeddable":true,"href":"https:\/\/dev.explora.cl\/aricayparinacota\/wp-json\/wp\/v2\/users\/2"}],"replies":[{"embeddable":true,"href":"https:\/\/dev.explora.cl\/aricayparinacota\/wp-json\/wp\/v2\/comments?post=32292"}],"version-history":[{"count":1,"href":"https:\/\/dev.explora.cl\/aricayparinacota\/wp-json\/wp\/v2\/posts\/32292\/revisions"}],"predecessor-version":[{"id":32863,"href":"https:\/\/dev.explora.cl\/aricayparinacota\/wp-json\/wp\/v2\/posts\/32292\/revisions\/32863"}],"wp:featuredmedia":[{"embeddable":true,"href":"https:\/\/dev.explora.cl\/aricayparinacota\/wp-json\/wp\/v2\/media\/32293"}],"wp:attachment":[{"href":"https:\/\/dev.explora.cl\/aricayparinacota\/wp-json\/wp\/v2\/media?parent=32292"}],"wp:term":[{"taxonomy":"category","embeddable":true,"href":"https:\/\/dev.explora.cl\/aricayparinacota\/wp-json\/wp\/v2\/categories?post=32292"},{"taxonomy":"post_tag","embeddable":true,"href":"https:\/\/dev.explora.cl\/aricayparinacota\/wp-json\/wp\/v2\/tags?post=32292"}],"curies":[{"name":"wp","href":"https:\/\/api.w.org\/{rel}","templated":true}]}}