{"id":32286,"date":"2017-06-29T00:00:00","date_gmt":"2017-06-29T00:00:00","guid":{"rendered":"https:\/\/dev.explora.cl\/aricayparinacota\/blog\/2017\/06\/29\/cuando-la-ciencia-puede-hablar-a-traves-del-teatro\/"},"modified":"2019-05-09T21:07:13","modified_gmt":"2019-05-09T21:07:13","slug":"cuando-la-ciencia-puede-hablar-a-traves-del-teatro","status":"publish","type":"post","link":"https:\/\/dev.explora.cl\/aricayparinacota\/cuando-la-ciencia-puede-hablar-a-traves-del-teatro\/","title":{"rendered":"Cuando la ciencia puede hablar a trav\u00e9s del teatro"},"content":{"rendered":"<p><b style=\"color: #000000;font-family: Calibri, Helvetica, sans-serif;font-size: 16px;text-align: justify\"><span style=\"font-size: 12pt;line-height: 18.4px;font-family: Arial, sans-serif\">Festival Escolar de Teatro y Ciencia<\/span><\/b><\/p>\n<ul style=\"color: #000000;font-family: Calibri, Helvetica, sans-serif;font-size: 16px;margin-bottom: 0px;margin-top: 0px\">\n<li style=\"margin-left: 15px\">Una completa jornada de formaci\u00f3n teatral, cient\u00edfica e hist\u00f3rica se realiz\u00f3 en la Universidad de Tarapac\u00e1, con el fin de contribuir en la preparaci\u00f3n actoral de profesores y j\u00f3venes de Arica, seleccionados para el Festival Escolar de Teatro y Ciencia, organizado por el \u00e1rea de Valoraci\u00f3n del Proyecto Explora de Conicyt.<\/li>\n<\/ul>\n<p class=\"MsoNormal\" style=\"margin: 0px;color: #000000;font-family: Calibri, Helvetica, sans-serif;font-size: 16px;text-align: justify\"><span style=\"font-size: 12pt;line-height: 18.4px;font-family: Arial, sans-serif\">\u00a0<\/span><\/p>\n<p class=\"MsoNormal\" style=\"margin: 0px;color: #000000;font-family: Calibri, Helvetica, sans-serif;font-size: 16px;text-align: justify\"><span style=\"font-size: 12pt;line-height: 18.4px;font-family: Arial, sans-serif\">-\u00bfAlguien quiere hacer una pregunta? Bast\u00f3 que se enunciara algo tan simple, como abrir la posibilidad de aclarar dudas, para que las manos se fueran levantando, y las inquietudes resolvi\u00e9ndose. Es \u00e9sta la escena de una clase ideal y fue lo que ocurri\u00f3 en la II jornada de los Talleres de Formaci\u00f3n Docente del I Festival Escolar de Teatro y Ciencia, organizado por el Proyecto Asociativo Regional Explora de Conicyt, ejecutado por la Universidad de Tarapac\u00e1.<\/span><\/p>\n<p class=\"MsoNormal\" style=\"margin: 0px;color: #000000;font-family: Calibri, Helvetica, sans-serif;font-size: 16px;text-align: justify\"><span style=\"font-size: 12pt;line-height: 18.4px;font-family: Arial, sans-serif\">\u00a0<\/span><\/p>\n<p class=\"MsoNormal\" style=\"margin: 0px;color: #000000;font-family: Calibri, Helvetica, sans-serif;font-size: 16px;text-align: justify\"><span style=\"font-size: 12pt;line-height: 18.4px;font-family: Arial, sans-serif\">Fue una ma\u00f1ana plena de energ\u00eda, compartida por los 63 alumnos participantes de establecimientos municipales, subvencionados y particulares, en este encuentro realizado en el campus Saucache de la Universidad. El primer tema tratado fue el programa de conservaci\u00f3n de tortugas marinas, asumido por Tortumar y comentado por Carla Pizarro, quien se refiri\u00f3 a su h\u00e1bitat, biolog\u00eda, amenazas y los simp\u00e1ticos nombres con que han bautizado a estos reptiles, que viven hasta cien a\u00f1os.<\/span><\/p>\n<p class=\"MsoNormal\" style=\"margin: 0px;color: #000000;font-family: Calibri, Helvetica, sans-serif;font-size: 16px;text-align: justify\"><span style=\"font-size: 12pt;line-height: 18.4px;font-family: Arial, sans-serif\">\u00a0<\/span><\/p>\n<p class=\"MsoNormal\" style=\"margin: 0px;color: #000000;font-family: Calibri, Helvetica, sans-serif;font-size: 16px;text-align: justify\"><span style=\"font-size: 12pt;line-height: 18.4px;font-family: Arial, sans-serif\">Luego, correspondi\u00f3 conocer historias de la costa de la Regi\u00f3n de Arica y Parinacota, a cargo de la historiadora Patricia Ar\u00e9valo. Nadie qued\u00f3 indiferente ante el ritual realizado en la isla El Alacr\u00e1n donde participaban las \u201cllallaguas\u201d, mujeres desnudas, junto a los \u201cuturunku\u201d o pumas moteados. La historiadora se refiri\u00f3 tambi\u00e9n a varios aspectos del oc\u00e9ano como fuente de inspiraci\u00f3n y a la convivencia de algunas especies en este gigante azul.<\/span><\/p>\n<p class=\"MsoNormal\" style=\"margin: 0px;color: #000000;font-family: Calibri, Helvetica, sans-serif;font-size: 16px;text-align: justify\"><span style=\"font-size: 12pt;line-height: 18.4px;font-family: Arial, sans-serif\">\u00a0<\/span><\/p>\n<p class=\"MsoNormal\" style=\"margin: 0px;color: #000000;font-family: Calibri, Helvetica, sans-serif;font-size: 16px;text-align: justify\"><span style=\"font-size: 12pt;line-height: 18.4px;font-family: Arial, sans-serif\">Y como esta jornada de teatro no pod\u00eda estar exenta del tema cient\u00edfico, el turno del doctor en ciencias, Diego Salazar, consisti\u00f3 en compartir la mirada cient\u00edfica respecto a esta actividad en la que participan alumnos del Liceo Art\u00edstico Juan No\u00e9 Crevani, Colegio San Jorge, Ford College y Liceo Bicentenario Jovina Naranjo Fern\u00e1ndez.<\/span><\/p>\n<p class=\"MsoNormal\" style=\"margin: 0px;color: #000000;font-family: Calibri, Helvetica, sans-serif;font-size: 16px;text-align: justify\"><span style=\"font-size: 12pt;line-height: 18.4px;font-family: Arial, sans-serif\">\u00a0<\/span><\/p>\n<p class=\"MsoNormal\" style=\"margin: 0px;color: #000000;font-family: Calibri, Helvetica, sans-serif;font-size: 16px;text-align: justify\"><span style=\"font-size: 12pt;line-height: 18.4px;font-family: Arial, sans-serif\">Michele Trillat, actriz y asesora teatral de este festival, fue quien termin\u00f3 activando el grupo de estudiantes que participaron junto a sus profesores y directores de las obras relacionadas con el oc\u00e9ano, tema del a\u00f1o de Explora Conicyt. Se realizaron varios ejercicios de dramaturgia teatral para el trabajo de las obras, que competir\u00e1n en octubre pr\u00f3ximo en este evento, el m\u00e1s importante de su g\u00e9nero en este proyecto.<\/span><\/p>\n<p class=\"MsoNormal\" style=\"margin: 0px;color: #000000;font-family: Calibri, Helvetica, sans-serif;font-size: 16px;text-align: justify\"><span style=\"font-size: 12pt;line-height: 18.4px;font-family: Arial, sans-serif\">\u00a0<\/span><\/p>\n<p class=\"MsoNormal\" style=\"margin: 0px;color: #000000;font-family: Calibri, Helvetica, sans-serif;font-size: 16px;text-align: justify\"><span style=\"font-size: 12pt;line-height: 18.4px;font-family: Arial, sans-serif\">Claudio Fuentes, responsable del desarrollo de esta actividad, manifest\u00f3 que se trata de \u201ccontribuir a la incorporaci\u00f3n y apropiaci\u00f3n de actitudes, habilidades y conocimientos que faciliten el acceso a los beneficios de la ciencia y la tecnolog\u00eda por parte de la comunidad escolar\u201d y que adem\u00e1s de esta jornada, quedan ensayos y asesor\u00edas, antes de la presentaci\u00f3n final de las obras, fijada para el 19 de octubre.<\/span><\/p>\n<p class=\"MsoNormal\" style=\"margin: 0px;color: #000000;font-family: Calibri, Helvetica, sans-serif;font-size: 16px;text-align: justify\"><span style=\"font-size: 12pt;line-height: 18.4px;font-family: Arial, sans-serif\">\u00a0<\/span><\/p>\n<p class=\"MsoNormal\" style=\"margin: 0px;color: #000000;font-family: Calibri, Helvetica, sans-serif;font-size: 16px;text-align: justify\"><span style=\"font-size: 12pt;line-height: 18.4px;font-family: Arial, sans-serif\">SUPERANDO EXPECTATIVAS<\/span><\/p>\n<p class=\"MsoNormal\" style=\"margin: 0px;color: #000000;font-family: Calibri, Helvetica, sans-serif;font-size: 16px;text-align: justify\"><span style=\"font-size: 12pt;line-height: 18.4px;font-family: Arial, sans-serif\">\u00a0<\/span><\/p>\n<p class=\"MsoNormal\" style=\"margin: 0px;color: #000000;font-family: Calibri, Helvetica, sans-serif;font-size: 16px;text-align: justify\"><b><span style=\"font-size: 12pt;line-height: 18.4px;font-family: Arial, sans-serif\">Baldramina Mu\u00f1oz<\/span><\/b><span style=\"font-size: 12pt;line-height: 18.4px;font-family: Arial, sans-serif\">, profesora Colegio San Jos\u00e9: \u201cS\u00faper entretenido y enriquecedor en t\u00e9rminos del conocimiento, porque acerca el aprendizaje y la ciencia de modo l\u00fadico. Esta experiencia no creo que la puedan encontrar en un aula de clases normales, sino en este tipo de eventos, que nos hace m\u00e1s cercanos\u201d.<\/span><\/p>\n<p class=\"MsoNormal\" style=\"margin: 0px;color: #000000;font-family: Calibri, Helvetica, sans-serif;font-size: 16px;text-align: justify\"><b><span style=\"font-size: 12pt;line-height: 18.4px;font-family: Arial, sans-serif\">Tom\u00e1s \u00c1lvarez<\/span><\/b><span style=\"font-size: 12pt;line-height: 18.4px;font-family: Arial, sans-serif\">, Colegio Ford College: \u201cAl venir aqu\u00ed esperaba un encuentro entre gente de teatro, pero no una presentaci\u00f3n dando temas e introducci\u00f3n a lo que ser\u00eda una experiencia teatral; en realidad esto era mucho m\u00e1s a<br \/>\nlto que mi expectativa\u201d.<\/span><\/p>\n<p class=\"MsoNormal\" style=\"margin: 0px;color: #000000;font-family: Calibri, Helvetica, sans-serif;font-size: 16px;text-align: justify\"><b><span style=\"font-size: 12pt;line-height: 18.4px;font-family: Arial, sans-serif\">Diego Rojas<\/span><\/b><span style=\"font-size: 12pt;line-height: 18.4px;font-family: Arial, sans-serif\">, Liceo Art\u00edstico Juan \u00a0No\u00e9 Crevani: \u201cMe pareci\u00f3 bien y me gust\u00f3 el ejemplo de la tortuga y el delf\u00edn, eso me inspir\u00f3 mucho\u201d.<\/span><\/p>\n<p class=\"MsoNormal\" style=\"margin: 0px;color: #000000;font-family: Calibri, Helvetica, sans-serif;font-size: 16px;text-align: justify\"><b><span style=\"font-size: 12pt;line-height: 18.4px;font-family: Arial, sans-serif\">Catalina Acevedo<\/span><\/b><span style=\"font-size: 12pt;line-height: 18.4px;font-family: Arial, sans-serif\">, Colegio Ford College: \u201cEstuvo muy interesante porque nos ayuda a hacer la obra, adem\u00e1s nos inspira y tener conciencia con las cosas que hacemos en el medio ambiente y el da\u00f1o que causamos al oc\u00e9ano\u201d.<\/span><\/p>\n<p class=\"MsoNormal\" style=\"margin: 0px;color: #000000;font-family: Calibri, Helvetica, sans-serif;font-size: 16px;text-align: justify\"><b><span style=\"font-size: 12pt;line-height: 18.4px;font-family: Arial, sans-serif\">Guadalupe Navas<\/span><\/b><span style=\"font-size: 12pt;line-height: 18.4px;font-family: Arial, sans-serif\">, Colegio San Jorge: \u201cMe gust\u00f3 que nos dieran hartos temas interesantes e historias bonitas para armar la obra, y fue entretenido; me gust\u00f3 cuando hablaron el tema de los oc\u00e9anos porque de ah\u00ed se puede inspirar para la obra\u201d.<\/span><\/p>\n<p class=\"MsoNormal\" style=\"margin: 0px;color: #000000;font-family: Calibri, Helvetica, sans-serif;font-size: 16px;text-align: justify\"><b><span style=\"font-size: 12pt;line-height: 18.4px;font-family: Arial, sans-serif\">Josefa Tello<\/span><\/b><span style=\"font-size: 12pt;line-height: 18.4px;font-family: Arial, sans-serif\">, Colegio Ford College: \u201cPudimos aprender bastante y tener datos de temas que no manej\u00e1bamos, me gusta mucho la ciencia e historia, y nos sirvi\u00f3 para afinar detalles de nuestro gui\u00f3n que ya estamos desarrollando\u201d.<\/span><\/p>\n<p class=\"MsoNormal\" style=\"margin: 0px;color: #000000;font-family: Calibri, Helvetica, sans-serif;font-size: 16px;text-align: justify\">\u00a0<\/p>\n<p class=\"MsoNormal\" style=\"margin: 0px;color: #000000;font-family: Calibri, Helvetica, sans-serif;font-size: 16px;text-align: justify\"><span style=\"font-size: 12pt;line-height: 18.4px;font-family: Arial, sans-serif\"><img loading=\"lazy\" decoding=\"async\" class=\" size-full wp-image-26292\" src=\"https:\/\/dev.explora.cl\/wp-content\/uploads\/2017\/06\/Collage-FETyC.jpg\" alt=\"\" width=\"900\" height=\"400\" \/><\/span><\/p>\n<p class=\"MsoNormal\" style=\"margin: 0px;color: #000000;font-family: Calibri, Helvetica, sans-serif;font-size: 16px;text-align: justify\">\u00a0<\/p>\n<p>\u00a0<\/p>\n<p style=\"margin-top: 0px;margin-bottom: 0px;color: #000000;font-family: Calibri, Helvetica, sans-serif;font-size: 16px\">\u00a0<\/p>\n","protected":false},"excerpt":{"rendered":"<p>Festival Escolar de Teatro y Ciencia Una completa jornada de formaci\u00f3n teatral, cient\u00edfica e hist\u00f3rica se realiz\u00f3 en la Universidad de Tarapac\u00e1, con el fin de contribuir en la preparaci\u00f3n actoral de profesores y j\u00f3venes de Arica, seleccionados para el Festival Escolar de Teatro y Ciencia, organizado por el \u00e1rea de Valoraci\u00f3n del Proyecto Explora [&hellip;]<\/p>\n","protected":false},"author":2,"featured_media":32287,"comment_status":"open","ping_status":"open","sticky":false,"template":"","format":"standard","meta":{"_acf_changed":false,"_exactmetrics_skip_tracking":false,"_exactmetrics_sitenote_active":false,"_exactmetrics_sitenote_note":"","_exactmetrics_sitenote_category":0,"footnotes":"","_links_to":"","_links_to_target":""},"categories":[4],"tags":[],"class_list":["post-32286","post","type-post","status-publish","format-standard","has-post-thumbnail","hentry","category-noticias"],"acf":[],"yoast_head":"<!-- This site is optimized with the Yoast SEO plugin v26.7 - https:\/\/yoast.com\/wordpress\/plugins\/seo\/ -->\n<title>Cuando la ciencia puede hablar a trav\u00e9s del teatro - Arica y Parinacota<\/title>\n<meta name=\"robots\" content=\"index, follow, max-snippet:-1, max-image-preview:large, max-video-preview:-1\" \/>\n<link rel=\"canonical\" href=\"https:\/\/dev.explora.cl\/aricayparinacota\/cuando-la-ciencia-puede-hablar-a-traves-del-teatro\/\" class=\"yoast-seo-meta-tag\" \/>\n<meta property=\"og:locale\" content=\"es_ES\" class=\"yoast-seo-meta-tag\" \/>\n<meta property=\"og:type\" content=\"article\" class=\"yoast-seo-meta-tag\" \/>\n<meta property=\"og:title\" content=\"Cuando la ciencia puede hablar a trav\u00e9s del teatro - Arica y Parinacota\" class=\"yoast-seo-meta-tag\" \/>\n<meta property=\"og:description\" content=\"Festival Escolar de Teatro y Ciencia Una completa jornada de formaci\u00f3n teatral, cient\u00edfica e hist\u00f3rica se realiz\u00f3 en la Universidad de Tarapac\u00e1, con el fin de contribuir en la preparaci\u00f3n actoral de profesores y j\u00f3venes de Arica, seleccionados para el Festival Escolar de Teatro y Ciencia, organizado por el \u00e1rea de Valoraci\u00f3n del Proyecto Explora [&hellip;]\" class=\"yoast-seo-meta-tag\" \/>\n<meta property=\"og:url\" content=\"https:\/\/dev.explora.cl\/aricayparinacota\/cuando-la-ciencia-puede-hablar-a-traves-del-teatro\/\" class=\"yoast-seo-meta-tag\" \/>\n<meta property=\"og:site_name\" content=\"Arica y Parinacota\" class=\"yoast-seo-meta-tag\" \/>\n<meta property=\"article:published_time\" content=\"2017-06-29T00:00:00+00:00\" class=\"yoast-seo-meta-tag\" \/>\n<meta property=\"article:modified_time\" content=\"2019-05-09T21:07:13+00:00\" class=\"yoast-seo-meta-tag\" \/>\n<meta property=\"og:image\" content=\"https:\/\/dev.explora.cl\/aricayparinacota\/wp-content\/uploads\/sites\/2\/2018\/06\/Miniatura-FETyC.jpg\" class=\"yoast-seo-meta-tag\" \/>\n\t<meta property=\"og:image:width\" content=\"223\" class=\"yoast-seo-meta-tag\" \/>\n\t<meta property=\"og:image:height\" content=\"147\" class=\"yoast-seo-meta-tag\" \/>\n\t<meta property=\"og:image:type\" content=\"image\/jpeg\" class=\"yoast-seo-meta-tag\" \/>\n<meta name=\"author\" content=\"webman\" class=\"yoast-seo-meta-tag\" \/>\n<meta name=\"twitter:card\" content=\"summary_large_image\" class=\"yoast-seo-meta-tag\" \/>\n<meta name=\"twitter:label1\" content=\"Escrito por\" class=\"yoast-seo-meta-tag\" \/>\n\t<meta name=\"twitter:data1\" content=\"webman\" class=\"yoast-seo-meta-tag\" \/>\n\t<meta name=\"twitter:label2\" content=\"Tiempo estimado de lectura\" class=\"yoast-seo-meta-tag\" \/>\n\t<meta name=\"twitter:data2\" content=\"4 minutos\" class=\"yoast-seo-meta-tag\" \/>\n<script type=\"application\/ld+json\" class=\"yoast-schema-graph\">{\"@context\":\"https:\/\/schema.org\",\"@graph\":[{\"@type\":\"Article\",\"@id\":\"https:\/\/dev.explora.cl\/aricayparinacota\/cuando-la-ciencia-puede-hablar-a-traves-del-teatro\/#article\",\"isPartOf\":{\"@id\":\"https:\/\/dev.explora.cl\/aricayparinacota\/cuando-la-ciencia-puede-hablar-a-traves-del-teatro\/\"},\"author\":{\"name\":\"webman\",\"@id\":\"https:\/\/dev.explora.cl\/aricayparinacota\/#\/schema\/person\/cb8349c13ea2d324080adf8480d7ba5d\"},\"headline\":\"Cuando la ciencia puede hablar a trav\u00e9s del teatro\",\"datePublished\":\"2017-06-29T00:00:00+00:00\",\"dateModified\":\"2019-05-09T21:07:13+00:00\",\"mainEntityOfPage\":{\"@id\":\"https:\/\/dev.explora.cl\/aricayparinacota\/cuando-la-ciencia-puede-hablar-a-traves-del-teatro\/\"},\"wordCount\":761,\"commentCount\":0,\"publisher\":{\"@id\":\"https:\/\/dev.explora.cl\/aricayparinacota\/#organization\"},\"image\":{\"@id\":\"https:\/\/dev.explora.cl\/aricayparinacota\/cuando-la-ciencia-puede-hablar-a-traves-del-teatro\/#primaryimage\"},\"thumbnailUrl\":\"https:\/\/dev.explora.cl\/aricayparinacota\/wp-content\/uploads\/sites\/2\/2018\/06\/Miniatura-FETyC.jpg\",\"articleSection\":[\"Noticias\"],\"inLanguage\":\"es-CL\",\"potentialAction\":[{\"@type\":\"CommentAction\",\"name\":\"Comment\",\"target\":[\"https:\/\/dev.explora.cl\/aricayparinacota\/cuando-la-ciencia-puede-hablar-a-traves-del-teatro\/#respond\"]}]},{\"@type\":\"WebPage\",\"@id\":\"https:\/\/dev.explora.cl\/aricayparinacota\/cuando-la-ciencia-puede-hablar-a-traves-del-teatro\/\",\"url\":\"https:\/\/dev.explora.cl\/aricayparinacota\/cuando-la-ciencia-puede-hablar-a-traves-del-teatro\/\",\"name\":\"Cuando la ciencia puede hablar a trav\u00e9s del teatro - Arica y Parinacota\",\"isPartOf\":{\"@id\":\"https:\/\/dev.explora.cl\/aricayparinacota\/#website\"},\"primaryImageOfPage\":{\"@id\":\"https:\/\/dev.explora.cl\/aricayparinacota\/cuando-la-ciencia-puede-hablar-a-traves-del-teatro\/#primaryimage\"},\"image\":{\"@id\":\"https:\/\/dev.explora.cl\/aricayparinacota\/cuando-la-ciencia-puede-hablar-a-traves-del-teatro\/#primaryimage\"},\"thumbnailUrl\":\"https:\/\/dev.explora.cl\/aricayparinacota\/wp-content\/uploads\/sites\/2\/2018\/06\/Miniatura-FETyC.jpg\",\"datePublished\":\"2017-06-29T00:00:00+00:00\",\"dateModified\":\"2019-05-09T21:07:13+00:00\",\"breadcrumb\":{\"@id\":\"https:\/\/dev.explora.cl\/aricayparinacota\/cuando-la-ciencia-puede-hablar-a-traves-del-teatro\/#breadcrumb\"},\"inLanguage\":\"es-CL\",\"potentialAction\":[{\"@type\":\"ReadAction\",\"target\":[\"https:\/\/dev.explora.cl\/aricayparinacota\/cuando-la-ciencia-puede-hablar-a-traves-del-teatro\/\"]}]},{\"@type\":\"ImageObject\",\"inLanguage\":\"es-CL\",\"@id\":\"https:\/\/dev.explora.cl\/aricayparinacota\/cuando-la-ciencia-puede-hablar-a-traves-del-teatro\/#primaryimage\",\"url\":\"https:\/\/dev.explora.cl\/aricayparinacota\/wp-content\/uploads\/sites\/2\/2018\/06\/Miniatura-FETyC.jpg\",\"contentUrl\":\"https:\/\/dev.explora.cl\/aricayparinacota\/wp-content\/uploads\/sites\/2\/2018\/06\/Miniatura-FETyC.jpg\",\"width\":223,\"height\":147},{\"@type\":\"BreadcrumbList\",\"@id\":\"https:\/\/dev.explora.cl\/aricayparinacota\/cuando-la-ciencia-puede-hablar-a-traves-del-teatro\/#breadcrumb\",\"itemListElement\":[{\"@type\":\"ListItem\",\"position\":1,\"name\":\"Portada\",\"item\":\"https:\/\/dev.explora.cl\/aricayparinacota\/\"},{\"@type\":\"ListItem\",\"position\":2,\"name\":\"Cuando la ciencia puede hablar a trav\u00e9s del teatro\"}]},{\"@type\":\"WebSite\",\"@id\":\"https:\/\/dev.explora.cl\/aricayparinacota\/#website\",\"url\":\"https:\/\/dev.explora.cl\/aricayparinacota\/\",\"name\":\"Arica y Parinacota\",\"description\":\"Otro sitio m\u00e1s de dev.explora.cl\",\"publisher\":{\"@id\":\"https:\/\/dev.explora.cl\/aricayparinacota\/#organization\"},\"potentialAction\":[{\"@type\":\"SearchAction\",\"target\":{\"@type\":\"EntryPoint\",\"urlTemplate\":\"https:\/\/dev.explora.cl\/aricayparinacota\/?s={search_term_string}\"},\"query-input\":{\"@type\":\"PropertyValueSpecification\",\"valueRequired\":true,\"valueName\":\"search_term_string\"}}],\"inLanguage\":\"es-CL\"},{\"@type\":\"Organization\",\"@id\":\"https:\/\/dev.explora.cl\/aricayparinacota\/#organization\",\"name\":\"Arica y Parinacota\",\"url\":\"https:\/\/dev.explora.cl\/aricayparinacota\/\",\"logo\":{\"@type\":\"ImageObject\",\"inLanguage\":\"es-CL\",\"@id\":\"https:\/\/dev.explora.cl\/aricayparinacota\/#\/schema\/logo\/image\/\",\"url\":\"https:\/\/dev.explora.cl\/aricayparinacota\/wp-content\/uploads\/sites\/2\/2020\/08\/cropped-nuevosa-logos-11.png\",\"contentUrl\":\"https:\/\/dev.explora.cl\/aricayparinacota\/wp-content\/uploads\/sites\/2\/2020\/08\/cropped-nuevosa-logos-11.png\",\"width\":812,\"height\":937,\"caption\":\"Arica y Parinacota\"},\"image\":{\"@id\":\"https:\/\/dev.explora.cl\/aricayparinacota\/#\/schema\/logo\/image\/\"}},{\"@type\":\"Person\",\"@id\":\"https:\/\/dev.explora.cl\/aricayparinacota\/#\/schema\/person\/cb8349c13ea2d324080adf8480d7ba5d\",\"name\":\"webman\",\"image\":{\"@type\":\"ImageObject\",\"inLanguage\":\"es-CL\",\"@id\":\"https:\/\/dev.explora.cl\/aricayparinacota\/#\/schema\/person\/image\/\",\"url\":\"https:\/\/secure.gravatar.com\/avatar\/eeff3c82f2c02f7177d13663b7e6f890e9a6a0647ce9bb29cae02dcb094c7312?s=96&d=mm&r=g\",\"contentUrl\":\"https:\/\/secure.gravatar.com\/avatar\/eeff3c82f2c02f7177d13663b7e6f890e9a6a0647ce9bb29cae02dcb094c7312?s=96&d=mm&r=g\",\"caption\":\"webman\"},\"url\":\"https:\/\/dev.explora.cl\/aricayparinacota\/author\/webman\/\"}]}<\/script>\n<!-- \/ Yoast SEO plugin. -->","yoast_head_json":{"title":"Cuando la ciencia puede hablar a trav\u00e9s del teatro - Arica y Parinacota","robots":{"index":"index","follow":"follow","max-snippet":"max-snippet:-1","max-image-preview":"max-image-preview:large","max-video-preview":"max-video-preview:-1"},"canonical":"https:\/\/dev.explora.cl\/aricayparinacota\/cuando-la-ciencia-puede-hablar-a-traves-del-teatro\/","og_locale":"es_ES","og_type":"article","og_title":"Cuando la ciencia puede hablar a trav\u00e9s del teatro - Arica y Parinacota","og_description":"Festival Escolar de Teatro y Ciencia Una completa jornada de formaci\u00f3n teatral, cient\u00edfica e hist\u00f3rica se realiz\u00f3 en la Universidad de Tarapac\u00e1, con el fin de contribuir en la preparaci\u00f3n actoral de profesores y j\u00f3venes de Arica, seleccionados para el Festival Escolar de Teatro y Ciencia, organizado por el \u00e1rea de Valoraci\u00f3n del Proyecto Explora [&hellip;]","og_url":"https:\/\/dev.explora.cl\/aricayparinacota\/cuando-la-ciencia-puede-hablar-a-traves-del-teatro\/","og_site_name":"Arica y Parinacota","article_published_time":"2017-06-29T00:00:00+00:00","article_modified_time":"2019-05-09T21:07:13+00:00","og_image":[{"width":223,"height":147,"url":"https:\/\/dev.explora.cl\/aricayparinacota\/wp-content\/uploads\/sites\/2\/2018\/06\/Miniatura-FETyC.jpg","type":"image\/jpeg"}],"author":"webman","twitter_card":"summary_large_image","twitter_misc":{"Escrito por":"webman","Tiempo estimado de lectura":"4 minutos"},"schema":{"@context":"https:\/\/schema.org","@graph":[{"@type":"Article","@id":"https:\/\/dev.explora.cl\/aricayparinacota\/cuando-la-ciencia-puede-hablar-a-traves-del-teatro\/#article","isPartOf":{"@id":"https:\/\/dev.explora.cl\/aricayparinacota\/cuando-la-ciencia-puede-hablar-a-traves-del-teatro\/"},"author":{"name":"webman","@id":"https:\/\/dev.explora.cl\/aricayparinacota\/#\/schema\/person\/cb8349c13ea2d324080adf8480d7ba5d"},"headline":"Cuando la ciencia puede hablar a trav\u00e9s del teatro","datePublished":"2017-06-29T00:00:00+00:00","dateModified":"2019-05-09T21:07:13+00:00","mainEntityOfPage":{"@id":"https:\/\/dev.explora.cl\/aricayparinacota\/cuando-la-ciencia-puede-hablar-a-traves-del-teatro\/"},"wordCount":761,"commentCount":0,"publisher":{"@id":"https:\/\/dev.explora.cl\/aricayparinacota\/#organization"},"image":{"@id":"https:\/\/dev.explora.cl\/aricayparinacota\/cuando-la-ciencia-puede-hablar-a-traves-del-teatro\/#primaryimage"},"thumbnailUrl":"https:\/\/dev.explora.cl\/aricayparinacota\/wp-content\/uploads\/sites\/2\/2018\/06\/Miniatura-FETyC.jpg","articleSection":["Noticias"],"inLanguage":"es-CL","potentialAction":[{"@type":"CommentAction","name":"Comment","target":["https:\/\/dev.explora.cl\/aricayparinacota\/cuando-la-ciencia-puede-hablar-a-traves-del-teatro\/#respond"]}]},{"@type":"WebPage","@id":"https:\/\/dev.explora.cl\/aricayparinacota\/cuando-la-ciencia-puede-hablar-a-traves-del-teatro\/","url":"https:\/\/dev.explora.cl\/aricayparinacota\/cuando-la-ciencia-puede-hablar-a-traves-del-teatro\/","name":"Cuando la ciencia puede hablar a trav\u00e9s del teatro - Arica y Parinacota","isPartOf":{"@id":"https:\/\/dev.explora.cl\/aricayparinacota\/#website"},"primaryImageOfPage":{"@id":"https:\/\/dev.explora.cl\/aricayparinacota\/cuando-la-ciencia-puede-hablar-a-traves-del-teatro\/#primaryimage"},"image":{"@id":"https:\/\/dev.explora.cl\/aricayparinacota\/cuando-la-ciencia-puede-hablar-a-traves-del-teatro\/#primaryimage"},"thumbnailUrl":"https:\/\/dev.explora.cl\/aricayparinacota\/wp-content\/uploads\/sites\/2\/2018\/06\/Miniatura-FETyC.jpg","datePublished":"2017-06-29T00:00:00+00:00","dateModified":"2019-05-09T21:07:13+00:00","breadcrumb":{"@id":"https:\/\/dev.explora.cl\/aricayparinacota\/cuando-la-ciencia-puede-hablar-a-traves-del-teatro\/#breadcrumb"},"inLanguage":"es-CL","potentialAction":[{"@type":"ReadAction","target":["https:\/\/dev.explora.cl\/aricayparinacota\/cuando-la-ciencia-puede-hablar-a-traves-del-teatro\/"]}]},{"@type":"ImageObject","inLanguage":"es-CL","@id":"https:\/\/dev.explora.cl\/aricayparinacota\/cuando-la-ciencia-puede-hablar-a-traves-del-teatro\/#primaryimage","url":"https:\/\/dev.explora.cl\/aricayparinacota\/wp-content\/uploads\/sites\/2\/2018\/06\/Miniatura-FETyC.jpg","contentUrl":"https:\/\/dev.explora.cl\/aricayparinacota\/wp-content\/uploads\/sites\/2\/2018\/06\/Miniatura-FETyC.jpg","width":223,"height":147},{"@type":"BreadcrumbList","@id":"https:\/\/dev.explora.cl\/aricayparinacota\/cuando-la-ciencia-puede-hablar-a-traves-del-teatro\/#breadcrumb","itemListElement":[{"@type":"ListItem","position":1,"name":"Portada","item":"https:\/\/dev.explora.cl\/aricayparinacota\/"},{"@type":"ListItem","position":2,"name":"Cuando la ciencia puede hablar a trav\u00e9s del teatro"}]},{"@type":"WebSite","@id":"https:\/\/dev.explora.cl\/aricayparinacota\/#website","url":"https:\/\/dev.explora.cl\/aricayparinacota\/","name":"Arica y Parinacota","description":"Otro sitio m\u00e1s de dev.explora.cl","publisher":{"@id":"https:\/\/dev.explora.cl\/aricayparinacota\/#organization"},"potentialAction":[{"@type":"SearchAction","target":{"@type":"EntryPoint","urlTemplate":"https:\/\/dev.explora.cl\/aricayparinacota\/?s={search_term_string}"},"query-input":{"@type":"PropertyValueSpecification","valueRequired":true,"valueName":"search_term_string"}}],"inLanguage":"es-CL"},{"@type":"Organization","@id":"https:\/\/dev.explora.cl\/aricayparinacota\/#organization","name":"Arica y Parinacota","url":"https:\/\/dev.explora.cl\/aricayparinacota\/","logo":{"@type":"ImageObject","inLanguage":"es-CL","@id":"https:\/\/dev.explora.cl\/aricayparinacota\/#\/schema\/logo\/image\/","url":"https:\/\/dev.explora.cl\/aricayparinacota\/wp-content\/uploads\/sites\/2\/2020\/08\/cropped-nuevosa-logos-11.png","contentUrl":"https:\/\/dev.explora.cl\/aricayparinacota\/wp-content\/uploads\/sites\/2\/2020\/08\/cropped-nuevosa-logos-11.png","width":812,"height":937,"caption":"Arica y Parinacota"},"image":{"@id":"https:\/\/dev.explora.cl\/aricayparinacota\/#\/schema\/logo\/image\/"}},{"@type":"Person","@id":"https:\/\/dev.explora.cl\/aricayparinacota\/#\/schema\/person\/cb8349c13ea2d324080adf8480d7ba5d","name":"webman","image":{"@type":"ImageObject","inLanguage":"es-CL","@id":"https:\/\/dev.explora.cl\/aricayparinacota\/#\/schema\/person\/image\/","url":"https:\/\/secure.gravatar.com\/avatar\/eeff3c82f2c02f7177d13663b7e6f890e9a6a0647ce9bb29cae02dcb094c7312?s=96&d=mm&r=g","contentUrl":"https:\/\/secure.gravatar.com\/avatar\/eeff3c82f2c02f7177d13663b7e6f890e9a6a0647ce9bb29cae02dcb094c7312?s=96&d=mm&r=g","caption":"webman"},"url":"https:\/\/dev.explora.cl\/aricayparinacota\/author\/webman\/"}]}},"_links":{"self":[{"href":"https:\/\/dev.explora.cl\/aricayparinacota\/wp-json\/wp\/v2\/posts\/32286","targetHints":{"allow":["GET"]}}],"collection":[{"href":"https:\/\/dev.explora.cl\/aricayparinacota\/wp-json\/wp\/v2\/posts"}],"about":[{"href":"https:\/\/dev.explora.cl\/aricayparinacota\/wp-json\/wp\/v2\/types\/post"}],"author":[{"embeddable":true,"href":"https:\/\/dev.explora.cl\/aricayparinacota\/wp-json\/wp\/v2\/users\/2"}],"replies":[{"embeddable":true,"href":"https:\/\/dev.explora.cl\/aricayparinacota\/wp-json\/wp\/v2\/comments?post=32286"}],"version-history":[{"count":1,"href":"https:\/\/dev.explora.cl\/aricayparinacota\/wp-json\/wp\/v2\/posts\/32286\/revisions"}],"predecessor-version":[{"id":32866,"href":"https:\/\/dev.explora.cl\/aricayparinacota\/wp-json\/wp\/v2\/posts\/32286\/revisions\/32866"}],"wp:featuredmedia":[{"embeddable":true,"href":"https:\/\/dev.explora.cl\/aricayparinacota\/wp-json\/wp\/v2\/media\/32287"}],"wp:attachment":[{"href":"https:\/\/dev.explora.cl\/aricayparinacota\/wp-json\/wp\/v2\/media?parent=32286"}],"wp:term":[{"taxonomy":"category","embeddable":true,"href":"https:\/\/dev.explora.cl\/aricayparinacota\/wp-json\/wp\/v2\/categories?post=32286"},{"taxonomy":"post_tag","embeddable":true,"href":"https:\/\/dev.explora.cl\/aricayparinacota\/wp-json\/wp\/v2\/tags?post=32286"}],"curies":[{"name":"wp","href":"https:\/\/api.w.org\/{rel}","templated":true}]}}